{"id":150657,"date":"2021-06-17T19:12:50","date_gmt":"2021-06-17T22:12:50","guid":{"rendered":"https:\/\/diariotextual.com\/inicio\/?p=150657"},"modified":"2021-06-18T08:33:59","modified_gmt":"2021-06-18T11:33:59","slug":"la-pampa-habilito-a-los-cines-desde-el-19-de-junio","status":"publish","type":"post","link":"https:\/\/diariotextual.com\/inicio\/index.php\/2021\/06\/17\/la-pampa-habilito-a-los-cines-desde-el-19-de-junio\/","title":{"rendered":"La Pampa habilit\u00f3 a los cines desde el 19 de junio"},"content":{"rendered":"\n<p>El gobierno de La Pampa inform\u00f3 que, a partir del s\u00e1bado 19 de junio, los cines de la provincia volver\u00e1n a abrir sus puertas al p\u00fablico. <\/p>\n\n\n\n<p>Esta semana, Naci\u00f3n hab\u00eda autorizado a las provincias a reabrir cines, teatros y templos religiosos en zonas declaradas de alerta epidemiol\u00f3gica. Ahora La Pampa habilit\u00f3, en base a ese ok, a los cines. Pero no dijo a\u00fan nada de los teatros e iglesias.<\/p>\n\n\n\n<p>Las actividades en salas de cine podr\u00e1n realizarse de lunes a domingos, de 14 a 23, con una tolerancia de 30 minutos para el desalojo de la sala y un aforo m\u00e1ximo permitido del 30%. La apertura de estos espacios se basa, fundamentalmente, en el resguardo de las actividades econ\u00f3micas que se han visto perjudicadas por causa de la pandemia de Covid-19.<\/p>\n\n\n\n<p>En tanto, tampoco hay novedades por los gimnasios: La Pampa pidi\u00f3 autorizaci\u00f3n a Naci\u00f3n, que todav\u00eda no contest\u00f3.<\/p>\n\n\n\n<p><br><\/p>\n\n\n\n<p><\/p>\n","protected":false},"excerpt":{"rendered":"<p>El gobierno de La Pampa inform\u00f3 que, a partir del s\u00e1bado 19 de junio, los cines de la provincia volver\u00e1n a abrir sus puertas al p\u00fablico. Esta semana, Naci\u00f3n hab\u00eda&hellip;<\/p>\n","protected":false},"author":3,"featured_media":150667,"comment_status":"closed","ping_status":"open","sticky":false,"template":"","format":"standard","meta":{"_acf_changed":false,"footnotes":""},"categories":[10,12],"tags":[4793],"class_list":["post-150657","post","type-post","status-publish","format-standard","has-post-thumbnail","hentry","category-portada-2","category-sociedad","tag-cines"],"acf":[],"yoast_head":"<!-- This site is optimized with the Yoast SEO plugin v27.5 - https:\/\/yoast.com\/product\/yoast-seo-wordpress\/ -->\n<title>La Pampa habilit\u00f3 a los cines desde el 19 de junio - Diario Textual<\/title>\n<meta name=\"robots\" content=\"index, follow, max-snippet:-1, max-image-preview:large, max-video-preview:-1\" \/>\n<link rel=\"canonical\" href=\"https:\/\/diariotextual.com\/inicio\/index.php\/2021\/06\/17\/la-pampa-habilito-a-los-cines-desde-el-19-de-junio\/\" \/>\n<meta property=\"og:locale\" content=\"es_ES\" \/>\n<meta property=\"og:type\" content=\"article\" \/>\n<meta property=\"og:title\" content=\"La Pampa habilit\u00f3 a los cines desde el 19 de junio - Diario Textual\" \/>\n<meta property=\"og:description\" content=\"El gobierno de La Pampa inform\u00f3 que, a partir del s\u00e1bado 19 de junio, los cines de la provincia volver\u00e1n a abrir sus puertas al p\u00fablico. Esta semana, Naci\u00f3n hab\u00eda&hellip;\" \/>\n<meta property=\"og:url\" content=\"https:\/\/diariotextual.com\/inicio\/index.php\/2021\/06\/17\/la-pampa-habilito-a-los-cines-desde-el-19-de-junio\/\" \/>\n<meta property=\"og:site_name\" content=\"Diario Textual\" \/>\n<meta property=\"article:publisher\" content=\"https:\/\/www.facebook.com\/eltextual\" \/>\n<meta property=\"article:published_time\" content=\"2021-06-17T22:12:50+00:00\" \/>\n<meta property=\"article:modified_time\" content=\"2021-06-18T11:33:59+00:00\" \/>\n<meta property=\"og:image\" content=\"https:\/\/diariotextual.com\/inicio\/wp-content\/uploads\/2021\/06\/cinesantarosa748302434.jpg\" \/>\n\t<meta property=\"og:image:width\" content=\"739\" \/>\n\t<meta property=\"og:image:height\" content=\"466\" \/>\n\t<meta property=\"og:image:type\" content=\"image\/jpeg\" \/>\n<meta name=\"author\" content=\"Diario1 Diario1\" \/>\n<meta name=\"twitter:card\" content=\"summary_large_image\" \/>\n<meta name=\"twitter:creator\" content=\"@eltextual\" \/>\n<meta name=\"twitter:site\" content=\"@eltextual\" \/>\n<meta name=\"twitter:label1\" content=\"Escrito por\" \/>\n\t<meta name=\"twitter:data1\" content=\"Diario1 Diario1\" \/>\n\t<meta name=\"twitter:label2\" content=\"Tiempo de lectura\" \/>\n\t<meta name=\"twitter:data2\" content=\"1 minuto\" \/>\n<script type=\"application\/ld+json\" class=\"yoast-schema-graph\">{\"@context\":\"https:\\\/\\\/schema.org\",\"@graph\":[{\"@type\":\"Article\",\"@id\":\"https:\\\/\\\/diariotextual.com\\\/inicio\\\/index.php\\\/2021\\\/06\\\/17\\\/la-pampa-habilito-a-los-cines-desde-el-19-de-junio\\\/#article\",\"isPartOf\":{\"@id\":\"https:\\\/\\\/diariotextual.com\\\/inicio\\\/index.php\\\/2021\\\/06\\\/17\\\/la-pampa-habilito-a-los-cines-desde-el-19-de-junio\\\/\"},\"author\":{\"name\":\"Diario1 Diario1\",\"@id\":\"https:\\\/\\\/diariotextual.com\\\/inicio\\\/#\\\/schema\\\/person\\\/418fc4093c33e86ed41562db3508f958\"},\"headline\":\"La Pampa habilit\u00f3 a los cines desde el 19 de junio\",\"datePublished\":\"2021-06-17T22:12:50+00:00\",\"dateModified\":\"2021-06-18T11:33:59+00:00\",\"mainEntityOfPage\":{\"@id\":\"https:\\\/\\\/diariotextual.com\\\/inicio\\\/index.php\\\/2021\\\/06\\\/17\\\/la-pampa-habilito-a-los-cines-desde-el-19-de-junio\\\/\"},\"wordCount\":167,\"publisher\":{\"@id\":\"https:\\\/\\\/diariotextual.com\\\/inicio\\\/#organization\"},\"image\":{\"@id\":\"https:\\\/\\\/diariotextual.com\\\/inicio\\\/index.php\\\/2021\\\/06\\\/17\\\/la-pampa-habilito-a-los-cines-desde-el-19-de-junio\\\/#primaryimage\"},\"thumbnailUrl\":\"https:\\\/\\\/diariotextual.com\\\/inicio\\\/wp-content\\\/uploads\\\/2021\\\/06\\\/cinesantarosa748302434.jpg\",\"keywords\":[\"cines\"],\"articleSection\":[\"A - PORTADA2\",\"SOCIEDAD\"],\"inLanguage\":\"es\"},{\"@type\":\"WebPage\",\"@id\":\"https:\\\/\\\/diariotextual.com\\\/inicio\\\/index.php\\\/2021\\\/06\\\/17\\\/la-pampa-habilito-a-los-cines-desde-el-19-de-junio\\\/\",\"url\":\"https:\\\/\\\/diariotextual.com\\\/inicio\\\/index.php\\\/2021\\\/06\\\/17\\\/la-pampa-habilito-a-los-cines-desde-el-19-de-junio\\\/\",\"name\":\"La Pampa habilit\u00f3 a los cines desde el 19 de junio - Diario Textual\",\"isPartOf\":{\"@id\":\"https:\\\/\\\/diariotextual.com\\\/inicio\\\/#website\"},\"primaryImageOfPage\":{\"@id\":\"https:\\\/\\\/diariotextual.com\\\/inicio\\\/index.php\\\/2021\\\/06\\\/17\\\/la-pampa-habilito-a-los-cines-desde-el-19-de-junio\\\/#primaryimage\"},\"image\":{\"@id\":\"https:\\\/\\\/diariotextual.com\\\/inicio\\\/index.php\\\/2021\\\/06\\\/17\\\/la-pampa-habilito-a-los-cines-desde-el-19-de-junio\\\/#primaryimage\"},\"thumbnailUrl\":\"https:\\\/\\\/diariotextual.com\\\/inicio\\\/wp-content\\\/uploads\\\/2021\\\/06\\\/cinesantarosa748302434.jpg\",\"datePublished\":\"2021-06-17T22:12:50+00:00\",\"dateModified\":\"2021-06-18T11:33:59+00:00\",\"breadcrumb\":{\"@id\":\"https:\\\/\\\/diariotextual.com\\\/inicio\\\/index.php\\\/2021\\\/06\\\/17\\\/la-pampa-habilito-a-los-cines-desde-el-19-de-junio\\\/#breadcrumb\"},\"inLanguage\":\"es\",\"potentialAction\":[{\"@type\":\"ReadAction\",\"target\":[\"https:\\\/\\\/diariotextual.com\\\/inicio\\\/index.php\\\/2021\\\/06\\\/17\\\/la-pampa-habilito-a-los-cines-desde-el-19-de-junio\\\/\"]}]},{\"@type\":\"ImageObject\",\"inLanguage\":\"es\",\"@id\":\"https:\\\/\\\/diariotextual.com\\\/inicio\\\/index.php\\\/2021\\\/06\\\/17\\\/la-pampa-habilito-a-los-cines-desde-el-19-de-junio\\\/#primaryimage\",\"url\":\"https:\\\/\\\/diariotextual.com\\\/inicio\\\/wp-content\\\/uploads\\\/2021\\\/06\\\/cinesantarosa748302434.jpg\",\"contentUrl\":\"https:\\\/\\\/diariotextual.com\\\/inicio\\\/wp-content\\\/uploads\\\/2021\\\/06\\\/cinesantarosa748302434.jpg\",\"width\":739,\"height\":466},{\"@type\":\"BreadcrumbList\",\"@id\":\"https:\\\/\\\/diariotextual.com\\\/inicio\\\/index.php\\\/2021\\\/06\\\/17\\\/la-pampa-habilito-a-los-cines-desde-el-19-de-junio\\\/#breadcrumb\",\"itemListElement\":[{\"@type\":\"ListItem\",\"position\":1,\"name\":\"Portada\",\"item\":\"https:\\\/\\\/diariotextual.com\\\/inicio\\\/\"},{\"@type\":\"ListItem\",\"position\":2,\"name\":\"La Pampa habilit\u00f3 a los cines desde el 19 de junio\"}]},{\"@type\":\"WebSite\",\"@id\":\"https:\\\/\\\/diariotextual.com\\\/inicio\\\/#website\",\"url\":\"https:\\\/\\\/diariotextual.com\\\/inicio\\\/\",\"name\":\"Diario Textual\",\"description\":\"\",\"publisher\":{\"@id\":\"https:\\\/\\\/diariotextual.com\\\/inicio\\\/#organization\"},\"potentialAction\":[{\"@type\":\"SearchAction\",\"target\":{\"@type\":\"EntryPoint\",\"urlTemplate\":\"https:\\\/\\\/diariotextual.com\\\/inicio\\\/?s={search_term_string}\"},\"query-input\":{\"@type\":\"PropertyValueSpecification\",\"valueRequired\":true,\"valueName\":\"search_term_string\"}}],\"inLanguage\":\"es\"},{\"@type\":\"Organization\",\"@id\":\"https:\\\/\\\/diariotextual.com\\\/inicio\\\/#organization\",\"name\":\"Diario Textual\",\"url\":\"https:\\\/\\\/diariotextual.com\\\/inicio\\\/\",\"logo\":{\"@type\":\"ImageObject\",\"inLanguage\":\"es\",\"@id\":\"https:\\\/\\\/diariotextual.com\\\/inicio\\\/#\\\/schema\\\/logo\\\/image\\\/\",\"url\":\"https:\\\/\\\/diariotextual.com\\\/inicio\\\/wp-content\\\/uploads\\\/2023\\\/05\\\/logotextual1.jpg\",\"contentUrl\":\"https:\\\/\\\/diariotextual.com\\\/inicio\\\/wp-content\\\/uploads\\\/2023\\\/05\\\/logotextual1.jpg\",\"width\":516,\"height\":76,\"caption\":\"Diario Textual\"},\"image\":{\"@id\":\"https:\\\/\\\/diariotextual.com\\\/inicio\\\/#\\\/schema\\\/logo\\\/image\\\/\"},\"sameAs\":[\"https:\\\/\\\/www.facebook.com\\\/eltextual\",\"https:\\\/\\\/x.com\\\/eltextual\",\"http:\\\/\\\/www.instagram.com\\\/eltextual\"]},{\"@type\":\"Person\",\"@id\":\"https:\\\/\\\/diariotextual.com\\\/inicio\\\/#\\\/schema\\\/person\\\/418fc4093c33e86ed41562db3508f958\",\"name\":\"Diario1 Diario1\",\"image\":{\"@type\":\"ImageObject\",\"inLanguage\":\"es\",\"@id\":\"https:\\\/\\\/secure.gravatar.com\\\/avatar\\\/9167d280179c85bc18be67aa7eda765854300033af4896dd779b608640f2ef7a?s=96&d=mm&r=g\",\"url\":\"https:\\\/\\\/secure.gravatar.com\\\/avatar\\\/9167d280179c85bc18be67aa7eda765854300033af4896dd779b608640f2ef7a?s=96&d=mm&r=g\",\"contentUrl\":\"https:\\\/\\\/secure.gravatar.com\\\/avatar\\\/9167d280179c85bc18be67aa7eda765854300033af4896dd779b608640f2ef7a?s=96&d=mm&r=g\",\"caption\":\"Diario1 Diario1\"},\"url\":\"https:\\\/\\\/diariotextual.com\\\/inicio\\\/index.php\\\/author\\\/diario1\\\/\"}]}<\/script>\n<!-- \/ Yoast SEO plugin. -->","yoast_head_json":{"title":"La Pampa habilit\u00f3 a los cines desde el 19 de junio - Diario Textual","robots":{"index":"index","follow":"follow","max-snippet":"max-snippet:-1","max-image-preview":"max-image-preview:large","max-video-preview":"max-video-preview:-1"},"canonical":"https:\/\/diariotextual.com\/inicio\/index.php\/2021\/06\/17\/la-pampa-habilito-a-los-cines-desde-el-19-de-junio\/","og_locale":"es_ES","og_type":"article","og_title":"La Pampa habilit\u00f3 a los cines desde el 19 de junio - Diario Textual","og_description":"El gobierno de La Pampa inform\u00f3 que, a partir del s\u00e1bado 19 de junio, los cines de la provincia volver\u00e1n a abrir sus puertas al p\u00fablico. Esta semana, Naci\u00f3n hab\u00eda&hellip;","og_url":"https:\/\/diariotextual.com\/inicio\/index.php\/2021\/06\/17\/la-pampa-habilito-a-los-cines-desde-el-19-de-junio\/","og_site_name":"Diario Textual","article_publisher":"https:\/\/www.facebook.com\/eltextual","article_published_time":"2021-06-17T22:12:50+00:00","article_modified_time":"2021-06-18T11:33:59+00:00","og_image":[{"width":739,"height":466,"url":"https:\/\/diariotextual.com\/inicio\/wp-content\/uploads\/2021\/06\/cinesantarosa748302434.jpg","type":"image\/jpeg"}],"author":"Diario1 Diario1","twitter_card":"summary_large_image","twitter_creator":"@eltextual","twitter_site":"@eltextual","twitter_misc":{"Escrito por":"Diario1 Diario1","Tiempo de lectura":"1 minuto"},"schema":{"@context":"https:\/\/schema.org","@graph":[{"@type":"Article","@id":"https:\/\/diariotextual.com\/inicio\/index.php\/2021\/06\/17\/la-pampa-habilito-a-los-cines-desde-el-19-de-junio\/#article","isPartOf":{"@id":"https:\/\/diariotextual.com\/inicio\/index.php\/2021\/06\/17\/la-pampa-habilito-a-los-cines-desde-el-19-de-junio\/"},"author":{"name":"Diario1 Diario1","@id":"https:\/\/diariotextual.com\/inicio\/#\/schema\/person\/418fc4093c33e86ed41562db3508f958"},"headline":"La Pampa habilit\u00f3 a los cines desde el 19 de junio","datePublished":"2021-06-17T22:12:50+00:00","dateModified":"2021-06-18T11:33:59+00:00","mainEntityOfPage":{"@id":"https:\/\/diariotextual.com\/inicio\/index.php\/2021\/06\/17\/la-pampa-habilito-a-los-cines-desde-el-19-de-junio\/"},"wordCount":167,"publisher":{"@id":"https:\/\/diariotextual.com\/inicio\/#organization"},"image":{"@id":"https:\/\/diariotextual.com\/inicio\/index.php\/2021\/06\/17\/la-pampa-habilito-a-los-cines-desde-el-19-de-junio\/#primaryimage"},"thumbnailUrl":"https:\/\/diariotextual.com\/inicio\/wp-content\/uploads\/2021\/06\/cinesantarosa748302434.jpg","keywords":["cines"],"articleSection":["A - PORTADA2","SOCIEDAD"],"inLanguage":"es"},{"@type":"WebPage","@id":"https:\/\/diariotextual.com\/inicio\/index.php\/2021\/06\/17\/la-pampa-habilito-a-los-cines-desde-el-19-de-junio\/","url":"https:\/\/diariotextual.com\/inicio\/index.php\/2021\/06\/17\/la-pampa-habilito-a-los-cines-desde-el-19-de-junio\/","name":"La Pampa habilit\u00f3 a los cines desde el 19 de junio - Diario Textual","isPartOf":{"@id":"https:\/\/diariotextual.com\/inicio\/#website"},"primaryImageOfPage":{"@id":"https:\/\/diariotextual.com\/inicio\/index.php\/2021\/06\/17\/la-pampa-habilito-a-los-cines-desde-el-19-de-junio\/#primaryimage"},"image":{"@id":"https:\/\/diariotextual.com\/inicio\/index.php\/2021\/06\/17\/la-pampa-habilito-a-los-cines-desde-el-19-de-junio\/#primaryimage"},"thumbnailUrl":"https:\/\/diariotextual.com\/inicio\/wp-content\/uploads\/2021\/06\/cinesantarosa748302434.jpg","datePublished":"2021-06-17T22:12:50+00:00","dateModified":"2021-06-18T11:33:59+00:00","breadcrumb":{"@id":"https:\/\/diariotextual.com\/inicio\/index.php\/2021\/06\/17\/la-pampa-habilito-a-los-cines-desde-el-19-de-junio\/#breadcrumb"},"inLanguage":"es","potentialAction":[{"@type":"ReadAction","target":["https:\/\/diariotextual.com\/inicio\/index.php\/2021\/06\/17\/la-pampa-habilito-a-los-cines-desde-el-19-de-junio\/"]}]},{"@type":"ImageObject","inLanguage":"es","@id":"https:\/\/diariotextual.com\/inicio\/index.php\/2021\/06\/17\/la-pampa-habilito-a-los-cines-desde-el-19-de-junio\/#primaryimage","url":"https:\/\/diariotextual.com\/inicio\/wp-content\/uploads\/2021\/06\/cinesantarosa748302434.jpg","contentUrl":"https:\/\/diariotextual.com\/inicio\/wp-content\/uploads\/2021\/06\/cinesantarosa748302434.jpg","width":739,"height":466},{"@type":"BreadcrumbList","@id":"https:\/\/diariotextual.com\/inicio\/index.php\/2021\/06\/17\/la-pampa-habilito-a-los-cines-desde-el-19-de-junio\/#breadcrumb","itemListElement":[{"@type":"ListItem","position":1,"name":"Portada","item":"https:\/\/diariotextual.com\/inicio\/"},{"@type":"ListItem","position":2,"name":"La Pampa habilit\u00f3 a los cines desde el 19 de junio"}]},{"@type":"WebSite","@id":"https:\/\/diariotextual.com\/inicio\/#website","url":"https:\/\/diariotextual.com\/inicio\/","name":"Diario Textual","description":"","publisher":{"@id":"https:\/\/diariotextual.com\/inicio\/#organization"},"potentialAction":[{"@type":"SearchAction","target":{"@type":"EntryPoint","urlTemplate":"https:\/\/diariotextual.com\/inicio\/?s={search_term_string}"},"query-input":{"@type":"PropertyValueSpecification","valueRequired":true,"valueName":"search_term_string"}}],"inLanguage":"es"},{"@type":"Organization","@id":"https:\/\/diariotextual.com\/inicio\/#organization","name":"Diario Textual","url":"https:\/\/diariotextual.com\/inicio\/","logo":{"@type":"ImageObject","inLanguage":"es","@id":"https:\/\/diariotextual.com\/inicio\/#\/schema\/logo\/image\/","url":"https:\/\/diariotextual.com\/inicio\/wp-content\/uploads\/2023\/05\/logotextual1.jpg","contentUrl":"https:\/\/diariotextual.com\/inicio\/wp-content\/uploads\/2023\/05\/logotextual1.jpg","width":516,"height":76,"caption":"Diario Textual"},"image":{"@id":"https:\/\/diariotextual.com\/inicio\/#\/schema\/logo\/image\/"},"sameAs":["https:\/\/www.facebook.com\/eltextual","https:\/\/x.com\/eltextual","http:\/\/www.instagram.com\/eltextual"]},{"@type":"Person","@id":"https:\/\/diariotextual.com\/inicio\/#\/schema\/person\/418fc4093c33e86ed41562db3508f958","name":"Diario1 Diario1","image":{"@type":"ImageObject","inLanguage":"es","@id":"https:\/\/secure.gravatar.com\/avatar\/9167d280179c85bc18be67aa7eda765854300033af4896dd779b608640f2ef7a?s=96&d=mm&r=g","url":"https:\/\/secure.gravatar.com\/avatar\/9167d280179c85bc18be67aa7eda765854300033af4896dd779b608640f2ef7a?s=96&d=mm&r=g","contentUrl":"https:\/\/secure.gravatar.com\/avatar\/9167d280179c85bc18be67aa7eda765854300033af4896dd779b608640f2ef7a?s=96&d=mm&r=g","caption":"Diario1 Diario1"},"url":"https:\/\/diariotextual.com\/inicio\/index.php\/author\/diario1\/"}]}},"_links":{"self":[{"href":"https:\/\/diariotextual.com\/inicio\/index.php\/wp-json\/wp\/v2\/posts\/150657","targetHints":{"allow":["GET"]}}],"collection":[{"href":"https:\/\/diariotextual.com\/inicio\/index.php\/wp-json\/wp\/v2\/posts"}],"about":[{"href":"https:\/\/diariotextual.com\/inicio\/index.php\/wp-json\/wp\/v2\/types\/post"}],"author":[{"embeddable":true,"href":"https:\/\/diariotextual.com\/inicio\/index.php\/wp-json\/wp\/v2\/users\/3"}],"replies":[{"embeddable":true,"href":"https:\/\/diariotextual.com\/inicio\/index.php\/wp-json\/wp\/v2\/comments?post=150657"}],"version-history":[{"count":5,"href":"https:\/\/diariotextual.com\/inicio\/index.php\/wp-json\/wp\/v2\/posts\/150657\/revisions"}],"predecessor-version":[{"id":150664,"href":"https:\/\/diariotextual.com\/inicio\/index.php\/wp-json\/wp\/v2\/posts\/150657\/revisions\/150664"}],"wp:featuredmedia":[{"embeddable":true,"href":"https:\/\/diariotextual.com\/inicio\/index.php\/wp-json\/wp\/v2\/media\/150667"}],"wp:attachment":[{"href":"https:\/\/diariotextual.com\/inicio\/index.php\/wp-json\/wp\/v2\/media?parent=150657"}],"wp:term":[{"taxonomy":"category","embeddable":true,"href":"https:\/\/diariotextual.com\/inicio\/index.php\/wp-json\/wp\/v2\/categories?post=150657"},{"taxonomy":"post_tag","embeddable":true,"href":"https:\/\/diariotextual.com\/inicio\/index.php\/wp-json\/wp\/v2\/tags?post=150657"}],"curies":[{"name":"wp","href":"https:\/\/api.w.org\/{rel}","templated":true}]}}