{"id":150728,"date":"2021-06-18T14:06:45","date_gmt":"2021-06-18T17:06:45","guid":{"rendered":"https:\/\/diariotextual.com\/inicio\/?p=150728"},"modified":"2021-06-18T16:53:02","modified_gmt":"2021-06-18T19:53:02","slug":"la-pampa-ya-dio-la-primera-dosis-al-90-de-los-docentes-activos-frente-a-estudiantes","status":"publish","type":"post","link":"https:\/\/diariotextual.com\/inicio\/index.php\/2021\/06\/18\/la-pampa-ya-dio-la-primera-dosis-al-90-de-los-docentes-activos-frente-a-estudiantes\/","title":{"rendered":"Covid: La Pampa ya dio la primera dosis al 90% de los docentes activos frente a estudiantes"},"content":{"rendered":"\n<p>El Ministerio de Educaci\u00f3n de La Pampa, en una nueva reuni\u00f3n virtual de la Comisi\u00f3n Mixta de Salud y Seguridad en el Trabajo (COMISSET), inform\u00f3 que<strong> hasta ayer el 90,1% de los\/as docentes activos frente a estudiantes en todos los niveles y modalidades y el 93,9% del personal no docente ya fueron vacunados\/as con la primera dosis del coronavirus<\/strong>. Esa cifra ya subi\u00f3 con las aplicaciones de este viernes.<\/p>\n\n\n\n<p>Educaci\u00f3n actualiz\u00f3 datos estad\u00edsticos sobre el Ciclo Lectivo 2021 en escenarios presenciales, no presenciales y combinados.<\/p>\n\n\n\n<p>En ese marco, brind\u00f3 informaci\u00f3n sobre el trabajo que est\u00e1n realizando las instituciones de nivel y modalidad en funci\u00f3n del retorno focalizado a la presencialidad a partir del 22 de junio. Adem\u00e1s, resalt\u00f3 la necesidad de reducir la mayor circulaci\u00f3n posible al interior de las localidades y entre las mismas.<\/p>\n\n\n\n<p>La Direcci\u00f3n de Evaluaci\u00f3n e Innovaci\u00f3n Educativa confirm\u00f3 que, a las 0 horas del 17 de junio. el 90,1% de los\/as docentes activos frente a estudiantes en todos los niveles y modalidades y el 93,9% del personal no docente, ya fueron vacunados\/as.<\/p>\n\n\n\n<p>Funcionarios y funcionarias del Ministerio de Educaci\u00f3n Provincial relataron el modo en que las escuelas se est\u00e1n organizando para el regreso presencial a las aulas en las localidades que, dada la situaci\u00f3n epidemiol\u00f3gica particular, es posible ese retorno.<\/p>\n\n\n\n<p>Las direcciones de niveles y modalidades y la Subsecretar\u00eda de Educaci\u00f3n T\u00e9cnico Profesional argumentaron que los establecimientos escolares retomar\u00e1n los planes institucionales aprobados oportunamente para el regreso a las aulas, continuar\u00e1n las burbujas de trabajo para dar cumplimiento a cada una de las medidas de salud y seguridad establecidas en los Protocolos y reducir la circulaci\u00f3n en las localidades, y se habilitar\u00e1n asesor\u00edas y\/o instancias de acercamiento con estudiantes y familias en pos de fortalecer el v\u00ednculo pedag\u00f3gico.<\/p>\n\n\n\n<p>Siempre seg\u00fan datos oficiales, <strong>la primera dosis -hasta ayer- fueron recibidas por 8739 trabajadores de la Educaci\u00f3n. La segunda dosis, en tanto, por 2792.<\/strong><\/p>\n\n\n\n<p>En tanto, la agrupaci\u00f3n Docentes en Lucha sali\u00f3 a reclamar, como ya lo hizo el gremio de Utelpa, que todos los docentes frente a alumnos est\u00e9n inmunizados.<\/p>\n\n\n\n<p><br>Docentes en Lucha, por lo pronto, fij\u00f3 posici\u00f3n para que reci\u00e9n vuelvan a las aulas los y las docentes que tengan las dos dosis. \u201cEl discurso del gobierno provincial, difundido en muchos medios locales, se apoya en una definici\u00f3n falsa al suponer que aquella persona que tiene una sola dosis ya tiene su vacunaci\u00f3n completa. La vacunaci\u00f3n contra el Covid consta de recibir las dos dosis de alguna vacuna, por eso fueron dise\u00f1adas cient\u00edficamente con dos dosis, aunque parezca una obviedad tener que decirlo\u201d, dijo en un comunicado de prensa. \u201cAdem\u00e1s, deber\u00eda considerarse la cantidad de d\u00edas necesarios que deben pasar, despu\u00e9s de recibir la segunda dosis, para que la efectividad de cada vacuna sea superior. A menos que la intenci\u00f3n sea no tener en cuenta este tipo de recomendaciones y definiciones cient\u00edficas\u201d.<\/p>\n\n\n\n<p><\/p>\n","protected":false},"excerpt":{"rendered":"<p>El Ministerio de Educaci\u00f3n de La Pampa, en una nueva reuni\u00f3n virtual de la Comisi\u00f3n Mixta de Salud y Seguridad en el Trabajo (COMISSET), inform\u00f3 que hasta ayer el 90,1%&hellip;<\/p>\n","protected":false},"author":3,"featured_media":150730,"comment_status":"closed","ping_status":"open","sticky":false,"template":"","format":"standard","meta":{"_acf_changed":false,"footnotes":""},"categories":[10,12],"tags":[],"class_list":["post-150728","post","type-post","status-publish","format-standard","has-post-thumbnail","hentry","category-portada-2","category-sociedad"],"acf":[],"yoast_head":"<!-- This site is optimized with the Yoast SEO plugin v27.5 - https:\/\/yoast.com\/product\/yoast-seo-wordpress\/ -->\n<title>Covid: La Pampa ya dio la primera dosis al 90% de los docentes activos frente a estudiantes - Diario Textual<\/title>\n<meta name=\"robots\" content=\"index, follow, max-snippet:-1, max-image-preview:large, max-video-preview:-1\" \/>\n<link rel=\"canonical\" href=\"https:\/\/diariotextual.com\/inicio\/index.php\/2021\/06\/18\/la-pampa-ya-dio-la-primera-dosis-al-90-de-los-docentes-activos-frente-a-estudiantes\/\" \/>\n<meta property=\"og:locale\" content=\"es_ES\" \/>\n<meta property=\"og:type\" content=\"article\" \/>\n<meta property=\"og:title\" content=\"Covid: La Pampa ya dio la primera dosis al 90% de los docentes activos frente a estudiantes - Diario Textual\" \/>\n<meta property=\"og:description\" content=\"El Ministerio de Educaci\u00f3n de La Pampa, en una nueva reuni\u00f3n virtual de la Comisi\u00f3n Mixta de Salud y Seguridad en el Trabajo (COMISSET), inform\u00f3 que hasta ayer el 90,1%&hellip;\" \/>\n<meta property=\"og:url\" content=\"https:\/\/diariotextual.com\/inicio\/index.php\/2021\/06\/18\/la-pampa-ya-dio-la-primera-dosis-al-90-de-los-docentes-activos-frente-a-estudiantes\/\" \/>\n<meta property=\"og:site_name\" content=\"Diario Textual\" \/>\n<meta property=\"article:publisher\" content=\"https:\/\/www.facebook.com\/eltextual\" \/>\n<meta property=\"article:published_time\" content=\"2021-06-18T17:06:45+00:00\" \/>\n<meta property=\"article:modified_time\" content=\"2021-06-18T19:53:02+00:00\" \/>\n<meta property=\"og:image\" content=\"https:\/\/diariotextual.com\/inicio\/wp-content\/uploads\/2021\/06\/clasesvueltaaclasescoronaviruspampa2020-107.jpg\" \/>\n\t<meta property=\"og:image:width\" content=\"900\" \/>\n\t<meta property=\"og:image:height\" content=\"507\" \/>\n\t<meta property=\"og:image:type\" content=\"image\/jpeg\" \/>\n<meta name=\"author\" content=\"Diario1 Diario1\" \/>\n<meta name=\"twitter:card\" content=\"summary_large_image\" \/>\n<meta name=\"twitter:creator\" content=\"@eltextual\" \/>\n<meta name=\"twitter:site\" content=\"@eltextual\" \/>\n<meta name=\"twitter:label1\" content=\"Escrito por\" \/>\n\t<meta name=\"twitter:data1\" content=\"Diario1 Diario1\" \/>\n\t<meta name=\"twitter:label2\" content=\"Tiempo de lectura\" \/>\n\t<meta name=\"twitter:data2\" content=\"3 minutos\" \/>\n<script type=\"application\/ld+json\" class=\"yoast-schema-graph\">{\"@context\":\"https:\\\/\\\/schema.org\",\"@graph\":[{\"@type\":\"Article\",\"@id\":\"https:\\\/\\\/diariotextual.com\\\/inicio\\\/index.php\\\/2021\\\/06\\\/18\\\/la-pampa-ya-dio-la-primera-dosis-al-90-de-los-docentes-activos-frente-a-estudiantes\\\/#article\",\"isPartOf\":{\"@id\":\"https:\\\/\\\/diariotextual.com\\\/inicio\\\/index.php\\\/2021\\\/06\\\/18\\\/la-pampa-ya-dio-la-primera-dosis-al-90-de-los-docentes-activos-frente-a-estudiantes\\\/\"},\"author\":{\"name\":\"Diario1 Diario1\",\"@id\":\"https:\\\/\\\/diariotextual.com\\\/inicio\\\/#\\\/schema\\\/person\\\/418fc4093c33e86ed41562db3508f958\"},\"headline\":\"Covid: La Pampa ya dio la primera dosis al 90% de los docentes activos frente a estudiantes\",\"datePublished\":\"2021-06-18T17:06:45+00:00\",\"dateModified\":\"2021-06-18T19:53:02+00:00\",\"mainEntityOfPage\":{\"@id\":\"https:\\\/\\\/diariotextual.com\\\/inicio\\\/index.php\\\/2021\\\/06\\\/18\\\/la-pampa-ya-dio-la-primera-dosis-al-90-de-los-docentes-activos-frente-a-estudiantes\\\/\"},\"wordCount\":532,\"publisher\":{\"@id\":\"https:\\\/\\\/diariotextual.com\\\/inicio\\\/#organization\"},\"image\":{\"@id\":\"https:\\\/\\\/diariotextual.com\\\/inicio\\\/index.php\\\/2021\\\/06\\\/18\\\/la-pampa-ya-dio-la-primera-dosis-al-90-de-los-docentes-activos-frente-a-estudiantes\\\/#primaryimage\"},\"thumbnailUrl\":\"https:\\\/\\\/diariotextual.com\\\/inicio\\\/wp-content\\\/uploads\\\/2021\\\/06\\\/clasesvueltaaclasescoronaviruspampa2020-107.jpg\",\"articleSection\":[\"A - PORTADA2\",\"SOCIEDAD\"],\"inLanguage\":\"es\"},{\"@type\":\"WebPage\",\"@id\":\"https:\\\/\\\/diariotextual.com\\\/inicio\\\/index.php\\\/2021\\\/06\\\/18\\\/la-pampa-ya-dio-la-primera-dosis-al-90-de-los-docentes-activos-frente-a-estudiantes\\\/\",\"url\":\"https:\\\/\\\/diariotextual.com\\\/inicio\\\/index.php\\\/2021\\\/06\\\/18\\\/la-pampa-ya-dio-la-primera-dosis-al-90-de-los-docentes-activos-frente-a-estudiantes\\\/\",\"name\":\"Covid: La Pampa ya dio la primera dosis al 90% de los docentes activos frente a estudiantes - Diario Textual\",\"isPartOf\":{\"@id\":\"https:\\\/\\\/diariotextual.com\\\/inicio\\\/#website\"},\"primaryImageOfPage\":{\"@id\":\"https:\\\/\\\/diariotextual.com\\\/inicio\\\/index.php\\\/2021\\\/06\\\/18\\\/la-pampa-ya-dio-la-primera-dosis-al-90-de-los-docentes-activos-frente-a-estudiantes\\\/#primaryimage\"},\"image\":{\"@id\":\"https:\\\/\\\/diariotextual.com\\\/inicio\\\/index.php\\\/2021\\\/06\\\/18\\\/la-pampa-ya-dio-la-primera-dosis-al-90-de-los-docentes-activos-frente-a-estudiantes\\\/#primaryimage\"},\"thumbnailUrl\":\"https:\\\/\\\/diariotextual.com\\\/inicio\\\/wp-content\\\/uploads\\\/2021\\\/06\\\/clasesvueltaaclasescoronaviruspampa2020-107.jpg\",\"datePublished\":\"2021-06-18T17:06:45+00:00\",\"dateModified\":\"2021-06-18T19:53:02+00:00\",\"breadcrumb\":{\"@id\":\"https:\\\/\\\/diariotextual.com\\\/inicio\\\/index.php\\\/2021\\\/06\\\/18\\\/la-pampa-ya-dio-la-primera-dosis-al-90-de-los-docentes-activos-frente-a-estudiantes\\\/#breadcrumb\"},\"inLanguage\":\"es\",\"potentialAction\":[{\"@type\":\"ReadAction\",\"target\":[\"https:\\\/\\\/diariotextual.com\\\/inicio\\\/index.php\\\/2021\\\/06\\\/18\\\/la-pampa-ya-dio-la-primera-dosis-al-90-de-los-docentes-activos-frente-a-estudiantes\\\/\"]}]},{\"@type\":\"ImageObject\",\"inLanguage\":\"es\",\"@id\":\"https:\\\/\\\/diariotextual.com\\\/inicio\\\/index.php\\\/2021\\\/06\\\/18\\\/la-pampa-ya-dio-la-primera-dosis-al-90-de-los-docentes-activos-frente-a-estudiantes\\\/#primaryimage\",\"url\":\"https:\\\/\\\/diariotextual.com\\\/inicio\\\/wp-content\\\/uploads\\\/2021\\\/06\\\/clasesvueltaaclasescoronaviruspampa2020-107.jpg\",\"contentUrl\":\"https:\\\/\\\/diariotextual.com\\\/inicio\\\/wp-content\\\/uploads\\\/2021\\\/06\\\/clasesvueltaaclasescoronaviruspampa2020-107.jpg\",\"width\":900,\"height\":507},{\"@type\":\"BreadcrumbList\",\"@id\":\"https:\\\/\\\/diariotextual.com\\\/inicio\\\/index.php\\\/2021\\\/06\\\/18\\\/la-pampa-ya-dio-la-primera-dosis-al-90-de-los-docentes-activos-frente-a-estudiantes\\\/#breadcrumb\",\"itemListElement\":[{\"@type\":\"ListItem\",\"position\":1,\"name\":\"Portada\",\"item\":\"https:\\\/\\\/diariotextual.com\\\/inicio\\\/\"},{\"@type\":\"ListItem\",\"position\":2,\"name\":\"Covid: La Pampa ya dio la primera dosis al 90% de los docentes activos frente a estudiantes\"}]},{\"@type\":\"WebSite\",\"@id\":\"https:\\\/\\\/diariotextual.com\\\/inicio\\\/#website\",\"url\":\"https:\\\/\\\/diariotextual.com\\\/inicio\\\/\",\"name\":\"Diario Textual\",\"description\":\"\",\"publisher\":{\"@id\":\"https:\\\/\\\/diariotextual.com\\\/inicio\\\/#organization\"},\"potentialAction\":[{\"@type\":\"SearchAction\",\"target\":{\"@type\":\"EntryPoint\",\"urlTemplate\":\"https:\\\/\\\/diariotextual.com\\\/inicio\\\/?s={search_term_string}\"},\"query-input\":{\"@type\":\"PropertyValueSpecification\",\"valueRequired\":true,\"valueName\":\"search_term_string\"}}],\"inLanguage\":\"es\"},{\"@type\":\"Organization\",\"@id\":\"https:\\\/\\\/diariotextual.com\\\/inicio\\\/#organization\",\"name\":\"Diario Textual\",\"url\":\"https:\\\/\\\/diariotextual.com\\\/inicio\\\/\",\"logo\":{\"@type\":\"ImageObject\",\"inLanguage\":\"es\",\"@id\":\"https:\\\/\\\/diariotextual.com\\\/inicio\\\/#\\\/schema\\\/logo\\\/image\\\/\",\"url\":\"https:\\\/\\\/diariotextual.com\\\/inicio\\\/wp-content\\\/uploads\\\/2023\\\/05\\\/logotextual1.jpg\",\"contentUrl\":\"https:\\\/\\\/diariotextual.com\\\/inicio\\\/wp-content\\\/uploads\\\/2023\\\/05\\\/logotextual1.jpg\",\"width\":516,\"height\":76,\"caption\":\"Diario Textual\"},\"image\":{\"@id\":\"https:\\\/\\\/diariotextual.com\\\/inicio\\\/#\\\/schema\\\/logo\\\/image\\\/\"},\"sameAs\":[\"https:\\\/\\\/www.facebook.com\\\/eltextual\",\"https:\\\/\\\/x.com\\\/eltextual\",\"http:\\\/\\\/www.instagram.com\\\/eltextual\"]},{\"@type\":\"Person\",\"@id\":\"https:\\\/\\\/diariotextual.com\\\/inicio\\\/#\\\/schema\\\/person\\\/418fc4093c33e86ed41562db3508f958\",\"name\":\"Diario1 Diario1\",\"image\":{\"@type\":\"ImageObject\",\"inLanguage\":\"es\",\"@id\":\"https:\\\/\\\/secure.gravatar.com\\\/avatar\\\/9167d280179c85bc18be67aa7eda765854300033af4896dd779b608640f2ef7a?s=96&d=mm&r=g\",\"url\":\"https:\\\/\\\/secure.gravatar.com\\\/avatar\\\/9167d280179c85bc18be67aa7eda765854300033af4896dd779b608640f2ef7a?s=96&d=mm&r=g\",\"contentUrl\":\"https:\\\/\\\/secure.gravatar.com\\\/avatar\\\/9167d280179c85bc18be67aa7eda765854300033af4896dd779b608640f2ef7a?s=96&d=mm&r=g\",\"caption\":\"Diario1 Diario1\"},\"url\":\"https:\\\/\\\/diariotextual.com\\\/inicio\\\/index.php\\\/author\\\/diario1\\\/\"}]}<\/script>\n<!-- \/ Yoast SEO plugin. -->","yoast_head_json":{"title":"Covid: La Pampa ya dio la primera dosis al 90% de los docentes activos frente a estudiantes - Diario Textual","robots":{"index":"index","follow":"follow","max-snippet":"max-snippet:-1","max-image-preview":"max-image-preview:large","max-video-preview":"max-video-preview:-1"},"canonical":"https:\/\/diariotextual.com\/inicio\/index.php\/2021\/06\/18\/la-pampa-ya-dio-la-primera-dosis-al-90-de-los-docentes-activos-frente-a-estudiantes\/","og_locale":"es_ES","og_type":"article","og_title":"Covid: La Pampa ya dio la primera dosis al 90% de los docentes activos frente a estudiantes - Diario Textual","og_description":"El Ministerio de Educaci\u00f3n de La Pampa, en una nueva reuni\u00f3n virtual de la Comisi\u00f3n Mixta de Salud y Seguridad en el Trabajo (COMISSET), inform\u00f3 que hasta ayer el 90,1%&hellip;","og_url":"https:\/\/diariotextual.com\/inicio\/index.php\/2021\/06\/18\/la-pampa-ya-dio-la-primera-dosis-al-90-de-los-docentes-activos-frente-a-estudiantes\/","og_site_name":"Diario Textual","article_publisher":"https:\/\/www.facebook.com\/eltextual","article_published_time":"2021-06-18T17:06:45+00:00","article_modified_time":"2021-06-18T19:53:02+00:00","og_image":[{"width":900,"height":507,"url":"https:\/\/diariotextual.com\/inicio\/wp-content\/uploads\/2021\/06\/clasesvueltaaclasescoronaviruspampa2020-107.jpg","type":"image\/jpeg"}],"author":"Diario1 Diario1","twitter_card":"summary_large_image","twitter_creator":"@eltextual","twitter_site":"@eltextual","twitter_misc":{"Escrito por":"Diario1 Diario1","Tiempo de lectura":"3 minutos"},"schema":{"@context":"https:\/\/schema.org","@graph":[{"@type":"Article","@id":"https:\/\/diariotextual.com\/inicio\/index.php\/2021\/06\/18\/la-pampa-ya-dio-la-primera-dosis-al-90-de-los-docentes-activos-frente-a-estudiantes\/#article","isPartOf":{"@id":"https:\/\/diariotextual.com\/inicio\/index.php\/2021\/06\/18\/la-pampa-ya-dio-la-primera-dosis-al-90-de-los-docentes-activos-frente-a-estudiantes\/"},"author":{"name":"Diario1 Diario1","@id":"https:\/\/diariotextual.com\/inicio\/#\/schema\/person\/418fc4093c33e86ed41562db3508f958"},"headline":"Covid: La Pampa ya dio la primera dosis al 90% de los docentes activos frente a estudiantes","datePublished":"2021-06-18T17:06:45+00:00","dateModified":"2021-06-18T19:53:02+00:00","mainEntityOfPage":{"@id":"https:\/\/diariotextual.com\/inicio\/index.php\/2021\/06\/18\/la-pampa-ya-dio-la-primera-dosis-al-90-de-los-docentes-activos-frente-a-estudiantes\/"},"wordCount":532,"publisher":{"@id":"https:\/\/diariotextual.com\/inicio\/#organization"},"image":{"@id":"https:\/\/diariotextual.com\/inicio\/index.php\/2021\/06\/18\/la-pampa-ya-dio-la-primera-dosis-al-90-de-los-docentes-activos-frente-a-estudiantes\/#primaryimage"},"thumbnailUrl":"https:\/\/diariotextual.com\/inicio\/wp-content\/uploads\/2021\/06\/clasesvueltaaclasescoronaviruspampa2020-107.jpg","articleSection":["A - PORTADA2","SOCIEDAD"],"inLanguage":"es"},{"@type":"WebPage","@id":"https:\/\/diariotextual.com\/inicio\/index.php\/2021\/06\/18\/la-pampa-ya-dio-la-primera-dosis-al-90-de-los-docentes-activos-frente-a-estudiantes\/","url":"https:\/\/diariotextual.com\/inicio\/index.php\/2021\/06\/18\/la-pampa-ya-dio-la-primera-dosis-al-90-de-los-docentes-activos-frente-a-estudiantes\/","name":"Covid: La Pampa ya dio la primera dosis al 90% de los docentes activos frente a estudiantes - Diario Textual","isPartOf":{"@id":"https:\/\/diariotextual.com\/inicio\/#website"},"primaryImageOfPage":{"@id":"https:\/\/diariotextual.com\/inicio\/index.php\/2021\/06\/18\/la-pampa-ya-dio-la-primera-dosis-al-90-de-los-docentes-activos-frente-a-estudiantes\/#primaryimage"},"image":{"@id":"https:\/\/diariotextual.com\/inicio\/index.php\/2021\/06\/18\/la-pampa-ya-dio-la-primera-dosis-al-90-de-los-docentes-activos-frente-a-estudiantes\/#primaryimage"},"thumbnailUrl":"https:\/\/diariotextual.com\/inicio\/wp-content\/uploads\/2021\/06\/clasesvueltaaclasescoronaviruspampa2020-107.jpg","datePublished":"2021-06-18T17:06:45+00:00","dateModified":"2021-06-18T19:53:02+00:00","breadcrumb":{"@id":"https:\/\/diariotextual.com\/inicio\/index.php\/2021\/06\/18\/la-pampa-ya-dio-la-primera-dosis-al-90-de-los-docentes-activos-frente-a-estudiantes\/#breadcrumb"},"inLanguage":"es","potentialAction":[{"@type":"ReadAction","target":["https:\/\/diariotextual.com\/inicio\/index.php\/2021\/06\/18\/la-pampa-ya-dio-la-primera-dosis-al-90-de-los-docentes-activos-frente-a-estudiantes\/"]}]},{"@type":"ImageObject","inLanguage":"es","@id":"https:\/\/diariotextual.com\/inicio\/index.php\/2021\/06\/18\/la-pampa-ya-dio-la-primera-dosis-al-90-de-los-docentes-activos-frente-a-estudiantes\/#primaryimage","url":"https:\/\/diariotextual.com\/inicio\/wp-content\/uploads\/2021\/06\/clasesvueltaaclasescoronaviruspampa2020-107.jpg","contentUrl":"https:\/\/diariotextual.com\/inicio\/wp-content\/uploads\/2021\/06\/clasesvueltaaclasescoronaviruspampa2020-107.jpg","width":900,"height":507},{"@type":"BreadcrumbList","@id":"https:\/\/diariotextual.com\/inicio\/index.php\/2021\/06\/18\/la-pampa-ya-dio-la-primera-dosis-al-90-de-los-docentes-activos-frente-a-estudiantes\/#breadcrumb","itemListElement":[{"@type":"ListItem","position":1,"name":"Portada","item":"https:\/\/diariotextual.com\/inicio\/"},{"@type":"ListItem","position":2,"name":"Covid: La Pampa ya dio la primera dosis al 90% de los docentes activos frente a estudiantes"}]},{"@type":"WebSite","@id":"https:\/\/diariotextual.com\/inicio\/#website","url":"https:\/\/diariotextual.com\/inicio\/","name":"Diario Textual","description":"","publisher":{"@id":"https:\/\/diariotextual.com\/inicio\/#organization"},"potentialAction":[{"@type":"SearchAction","target":{"@type":"EntryPoint","urlTemplate":"https:\/\/diariotextual.com\/inicio\/?s={search_term_string}"},"query-input":{"@type":"PropertyValueSpecification","valueRequired":true,"valueName":"search_term_string"}}],"inLanguage":"es"},{"@type":"Organization","@id":"https:\/\/diariotextual.com\/inicio\/#organization","name":"Diario Textual","url":"https:\/\/diariotextual.com\/inicio\/","logo":{"@type":"ImageObject","inLanguage":"es","@id":"https:\/\/diariotextual.com\/inicio\/#\/schema\/logo\/image\/","url":"https:\/\/diariotextual.com\/inicio\/wp-content\/uploads\/2023\/05\/logotextual1.jpg","contentUrl":"https:\/\/diariotextual.com\/inicio\/wp-content\/uploads\/2023\/05\/logotextual1.jpg","width":516,"height":76,"caption":"Diario Textual"},"image":{"@id":"https:\/\/diariotextual.com\/inicio\/#\/schema\/logo\/image\/"},"sameAs":["https:\/\/www.facebook.com\/eltextual","https:\/\/x.com\/eltextual","http:\/\/www.instagram.com\/eltextual"]},{"@type":"Person","@id":"https:\/\/diariotextual.com\/inicio\/#\/schema\/person\/418fc4093c33e86ed41562db3508f958","name":"Diario1 Diario1","image":{"@type":"ImageObject","inLanguage":"es","@id":"https:\/\/secure.gravatar.com\/avatar\/9167d280179c85bc18be67aa7eda765854300033af4896dd779b608640f2ef7a?s=96&d=mm&r=g","url":"https:\/\/secure.gravatar.com\/avatar\/9167d280179c85bc18be67aa7eda765854300033af4896dd779b608640f2ef7a?s=96&d=mm&r=g","contentUrl":"https:\/\/secure.gravatar.com\/avatar\/9167d280179c85bc18be67aa7eda765854300033af4896dd779b608640f2ef7a?s=96&d=mm&r=g","caption":"Diario1 Diario1"},"url":"https:\/\/diariotextual.com\/inicio\/index.php\/author\/diario1\/"}]}},"_links":{"self":[{"href":"https:\/\/diariotextual.com\/inicio\/index.php\/wp-json\/wp\/v2\/posts\/150728","targetHints":{"allow":["GET"]}}],"collection":[{"href":"https:\/\/diariotextual.com\/inicio\/index.php\/wp-json\/wp\/v2\/posts"}],"about":[{"href":"https:\/\/diariotextual.com\/inicio\/index.php\/wp-json\/wp\/v2\/types\/post"}],"author":[{"embeddable":true,"href":"https:\/\/diariotextual.com\/inicio\/index.php\/wp-json\/wp\/v2\/users\/3"}],"replies":[{"embeddable":true,"href":"https:\/\/diariotextual.com\/inicio\/index.php\/wp-json\/wp\/v2\/comments?post=150728"}],"version-history":[{"count":7,"href":"https:\/\/diariotextual.com\/inicio\/index.php\/wp-json\/wp\/v2\/posts\/150728\/revisions"}],"predecessor-version":[{"id":150741,"href":"https:\/\/diariotextual.com\/inicio\/index.php\/wp-json\/wp\/v2\/posts\/150728\/revisions\/150741"}],"wp:featuredmedia":[{"embeddable":true,"href":"https:\/\/diariotextual.com\/inicio\/index.php\/wp-json\/wp\/v2\/media\/150730"}],"wp:attachment":[{"href":"https:\/\/diariotextual.com\/inicio\/index.php\/wp-json\/wp\/v2\/media?parent=150728"}],"wp:term":[{"taxonomy":"category","embeddable":true,"href":"https:\/\/diariotextual.com\/inicio\/index.php\/wp-json\/wp\/v2\/categories?post=150728"},{"taxonomy":"post_tag","embeddable":true,"href":"https:\/\/diariotextual.com\/inicio\/index.php\/wp-json\/wp\/v2\/tags?post=150728"}],"curies":[{"name":"wp","href":"https:\/\/api.w.org\/{rel}","templated":true}]}}