{"id":150962,"date":"2021-06-20T10:59:00","date_gmt":"2021-06-20T13:59:00","guid":{"rendered":"https:\/\/diariotextual.com\/inicio\/?p=150962"},"modified":"2021-06-20T10:59:01","modified_gmt":"2021-06-20T13:59:01","slug":"reforma-al-sistema-de-salud-hay-que-hacer-una-integracion-para-hacer-mas-eficiente-los-recursos","status":"publish","type":"post","link":"https:\/\/diariotextual.com\/inicio\/index.php\/2021\/06\/20\/reforma-al-sistema-de-salud-hay-que-hacer-una-integracion-para-hacer-mas-eficiente-los-recursos\/","title":{"rendered":"Reforma al sistema de salud: \u201cHay que hacer una integraci\u00f3n para hacer m\u00e1s eficiente los recursos\u201d"},"content":{"rendered":"\n<p>El subsecretario del <strong>Centro Empleados de Comercio<\/strong> de Santa Rosa, <strong>Rodrigo Genoni<\/strong>, dijo que est\u00e1 \u201cde acuerdo en hacer una integraci\u00f3n del <strong>sistema de salud <\/strong>para hacer m\u00e1s eficiente los recursos\u201d, pero consider\u00f3 que avanzar ahora en una <strong>reforma del sistema sanitario<\/strong> es \u201cinviable\u201d porque \u201clas prepagas tienen poder dentro del sistema pol\u00edtico y los sindicatos no van a querer que los auditen\u201d.<\/p>\n\n\n\n<p>Genoni habl\u00f3 en <strong>Radio Textual (LU 33)<\/strong> del proyecto de reforma del sistema de salud argentino que impulsan desde el oficialismo y que fue planteado por la vicepresidenta, Cristina Fern\u00e1ndez.<\/p>\n\n\n\n<p>\u201cEn primer lugar nadie est\u00e1 hablando de estatizaci\u00f3n (del sistema de salud). Ya en los 90 se hizo una reforma que gener\u00f3 una desigualdad muy amplia entre las personas de bajos recursos y altos recursos. Estatizar es una cosa y otra cosa es la integraci\u00f3n del sistema p\u00fablico-privado, como sucede en Alemania. Lo que pasa en Argentina es que la integraci\u00f3n no funciona\u201d, reflexion\u00f3.<\/p>\n\n\n\n<p>\u201cAc\u00e1 hay que ver si hay voluntad pol\u00edtica de hacer una reforma y despu\u00e9s capacidad. Comparto que hay que hacer una integraci\u00f3n para hacer m\u00e1s eficiente los recursos. Eso no implica menos recursos, sino mejor eficiencia. Tanto en Canad\u00e1 como en Alemania el gasto en salud p\u00fablica ronda en el PBI lo mismo que invierte Argentina. La diferencia es que ac\u00e1 es ineficiente porque no hay equidad a la hora de la prestaci\u00f3n\u201d, explic\u00f3 el dirigente.<\/p>\n\n\n\n<p>\u201cPuntualiz\u00f3 que en el sistema de obras sociales hay desigualdad e ineficiencia\u201d y sostuvo que una de las claves para un mejor funcionamiento del sistema es que la Superintendencia de Seguros de Salud, que es quien controla el sistema, sea independiente. <\/p>\n\n\n\n<p>\u201cEl superintendente deber\u00eda ser elegido por el Congreso. Estamos acostumbrados a poner gente que tiene que ver con la pol\u00edtica, pero no tiene capacidad\u201d, sostuvo.<\/p>\n\n\n\n<p>\u201cCreo que este proyecto de reforma es inviable porque las prepagas tienen poder dentro del sistema pol\u00edtico y los sindicatos no van a querer que los auditen. De todos modos, es bueno que se inicie al menos la discusi\u00f3n\u201d, cerr\u00f3.<\/p>\n","protected":false},"excerpt":{"rendered":"<p>El subsecretario del Centro Empleados de Comercio de Santa Rosa, Rodrigo Genoni, dijo que est\u00e1 \u201cde acuerdo en hacer una integraci\u00f3n del sistema de salud para hacer m\u00e1s eficiente los&hellip;<\/p>\n","protected":false},"author":7,"featured_media":103207,"comment_status":"closed","ping_status":"open","sticky":false,"template":"","format":"standard","meta":{"_acf_changed":false,"footnotes":""},"categories":[4,12],"tags":[5664],"class_list":["post-150962","post","type-post","status-publish","format-standard","has-post-thumbnail","hentry","category-destacadas","category-sociedad","tag-reforma-sistema-de-salud"],"acf":[],"yoast_head":"<!-- This site is optimized with the Yoast SEO plugin v27.5 - https:\/\/yoast.com\/product\/yoast-seo-wordpress\/ -->\n<title>Reforma al sistema de salud: \u201cHay que hacer una integraci\u00f3n para hacer m\u00e1s eficiente los recursos\u201d - Diario Textual<\/title>\n<meta name=\"robots\" content=\"index, follow, max-snippet:-1, max-image-preview:large, max-video-preview:-1\" \/>\n<link rel=\"canonical\" href=\"https:\/\/diariotextual.com\/inicio\/index.php\/2021\/06\/20\/reforma-al-sistema-de-salud-hay-que-hacer-una-integracion-para-hacer-mas-eficiente-los-recursos\/\" \/>\n<meta property=\"og:locale\" content=\"es_ES\" \/>\n<meta property=\"og:type\" content=\"article\" \/>\n<meta property=\"og:title\" content=\"Reforma al sistema de salud: \u201cHay que hacer una integraci\u00f3n para hacer m\u00e1s eficiente los recursos\u201d - Diario Textual\" \/>\n<meta property=\"og:description\" content=\"El subsecretario del Centro Empleados de Comercio de Santa Rosa, Rodrigo Genoni, dijo que est\u00e1 \u201cde acuerdo en hacer una integraci\u00f3n del sistema de salud para hacer m\u00e1s eficiente los&hellip;\" \/>\n<meta property=\"og:url\" content=\"https:\/\/diariotextual.com\/inicio\/index.php\/2021\/06\/20\/reforma-al-sistema-de-salud-hay-que-hacer-una-integracion-para-hacer-mas-eficiente-los-recursos\/\" \/>\n<meta property=\"og:site_name\" content=\"Diario Textual\" \/>\n<meta property=\"article:publisher\" content=\"https:\/\/www.facebook.com\/eltextual\" \/>\n<meta property=\"article:published_time\" content=\"2021-06-20T13:59:00+00:00\" \/>\n<meta property=\"article:modified_time\" content=\"2021-06-20T13:59:01+00:00\" \/>\n<meta property=\"og:image\" content=\"https:\/\/diariotextual.com\/inicio\/wp-content\/uploads\/2020\/07\/genonirodrigo2020-1.jpg\" \/>\n\t<meta property=\"og:image:width\" content=\"1858\" \/>\n\t<meta property=\"og:image:height\" content=\"1129\" \/>\n\t<meta property=\"og:image:type\" content=\"image\/jpeg\" \/>\n<meta name=\"author\" content=\"diario5\" \/>\n<meta name=\"twitter:card\" content=\"summary_large_image\" \/>\n<meta name=\"twitter:creator\" content=\"@eltextual\" \/>\n<meta name=\"twitter:site\" content=\"@eltextual\" \/>\n<meta name=\"twitter:label1\" content=\"Escrito por\" \/>\n\t<meta name=\"twitter:data1\" content=\"diario5\" \/>\n\t<meta name=\"twitter:label2\" content=\"Tiempo de lectura\" \/>\n\t<meta name=\"twitter:data2\" content=\"2 minutos\" \/>\n<script type=\"application\/ld+json\" class=\"yoast-schema-graph\">{\"@context\":\"https:\\\/\\\/schema.org\",\"@graph\":[{\"@type\":\"Article\",\"@id\":\"https:\\\/\\\/diariotextual.com\\\/inicio\\\/index.php\\\/2021\\\/06\\\/20\\\/reforma-al-sistema-de-salud-hay-que-hacer-una-integracion-para-hacer-mas-eficiente-los-recursos\\\/#article\",\"isPartOf\":{\"@id\":\"https:\\\/\\\/diariotextual.com\\\/inicio\\\/index.php\\\/2021\\\/06\\\/20\\\/reforma-al-sistema-de-salud-hay-que-hacer-una-integracion-para-hacer-mas-eficiente-los-recursos\\\/\"},\"author\":{\"name\":\"diario5\",\"@id\":\"https:\\\/\\\/diariotextual.com\\\/inicio\\\/#\\\/schema\\\/person\\\/c7834961ad8b29b1d9cdbf4571299067\"},\"headline\":\"Reforma al sistema de salud: \u201cHay que hacer una integraci\u00f3n para hacer m\u00e1s eficiente los recursos\u201d\",\"datePublished\":\"2021-06-20T13:59:00+00:00\",\"dateModified\":\"2021-06-20T13:59:01+00:00\",\"mainEntityOfPage\":{\"@id\":\"https:\\\/\\\/diariotextual.com\\\/inicio\\\/index.php\\\/2021\\\/06\\\/20\\\/reforma-al-sistema-de-salud-hay-que-hacer-una-integracion-para-hacer-mas-eficiente-los-recursos\\\/\"},\"wordCount\":373,\"publisher\":{\"@id\":\"https:\\\/\\\/diariotextual.com\\\/inicio\\\/#organization\"},\"image\":{\"@id\":\"https:\\\/\\\/diariotextual.com\\\/inicio\\\/index.php\\\/2021\\\/06\\\/20\\\/reforma-al-sistema-de-salud-hay-que-hacer-una-integracion-para-hacer-mas-eficiente-los-recursos\\\/#primaryimage\"},\"thumbnailUrl\":\"https:\\\/\\\/diariotextual.com\\\/inicio\\\/wp-content\\\/uploads\\\/2020\\\/07\\\/genonirodrigo2020-1.jpg\",\"keywords\":[\"reforma sistema de salud\"],\"articleSection\":[\"A - DESTACADAS (mod 16)\",\"SOCIEDAD\"],\"inLanguage\":\"es\"},{\"@type\":\"WebPage\",\"@id\":\"https:\\\/\\\/diariotextual.com\\\/inicio\\\/index.php\\\/2021\\\/06\\\/20\\\/reforma-al-sistema-de-salud-hay-que-hacer-una-integracion-para-hacer-mas-eficiente-los-recursos\\\/\",\"url\":\"https:\\\/\\\/diariotextual.com\\\/inicio\\\/index.php\\\/2021\\\/06\\\/20\\\/reforma-al-sistema-de-salud-hay-que-hacer-una-integracion-para-hacer-mas-eficiente-los-recursos\\\/\",\"name\":\"Reforma al sistema de salud: \u201cHay que hacer una integraci\u00f3n para hacer m\u00e1s eficiente los recursos\u201d - Diario Textual\",\"isPartOf\":{\"@id\":\"https:\\\/\\\/diariotextual.com\\\/inicio\\\/#website\"},\"primaryImageOfPage\":{\"@id\":\"https:\\\/\\\/diariotextual.com\\\/inicio\\\/index.php\\\/2021\\\/06\\\/20\\\/reforma-al-sistema-de-salud-hay-que-hacer-una-integracion-para-hacer-mas-eficiente-los-recursos\\\/#primaryimage\"},\"image\":{\"@id\":\"https:\\\/\\\/diariotextual.com\\\/inicio\\\/index.php\\\/2021\\\/06\\\/20\\\/reforma-al-sistema-de-salud-hay-que-hacer-una-integracion-para-hacer-mas-eficiente-los-recursos\\\/#primaryimage\"},\"thumbnailUrl\":\"https:\\\/\\\/diariotextual.com\\\/inicio\\\/wp-content\\\/uploads\\\/2020\\\/07\\\/genonirodrigo2020-1.jpg\",\"datePublished\":\"2021-06-20T13:59:00+00:00\",\"dateModified\":\"2021-06-20T13:59:01+00:00\",\"breadcrumb\":{\"@id\":\"https:\\\/\\\/diariotextual.com\\\/inicio\\\/index.php\\\/2021\\\/06\\\/20\\\/reforma-al-sistema-de-salud-hay-que-hacer-una-integracion-para-hacer-mas-eficiente-los-recursos\\\/#breadcrumb\"},\"inLanguage\":\"es\",\"potentialAction\":[{\"@type\":\"ReadAction\",\"target\":[\"https:\\\/\\\/diariotextual.com\\\/inicio\\\/index.php\\\/2021\\\/06\\\/20\\\/reforma-al-sistema-de-salud-hay-que-hacer-una-integracion-para-hacer-mas-eficiente-los-recursos\\\/\"]}]},{\"@type\":\"ImageObject\",\"inLanguage\":\"es\",\"@id\":\"https:\\\/\\\/diariotextual.com\\\/inicio\\\/index.php\\\/2021\\\/06\\\/20\\\/reforma-al-sistema-de-salud-hay-que-hacer-una-integracion-para-hacer-mas-eficiente-los-recursos\\\/#primaryimage\",\"url\":\"https:\\\/\\\/diariotextual.com\\\/inicio\\\/wp-content\\\/uploads\\\/2020\\\/07\\\/genonirodrigo2020-1.jpg\",\"contentUrl\":\"https:\\\/\\\/diariotextual.com\\\/inicio\\\/wp-content\\\/uploads\\\/2020\\\/07\\\/genonirodrigo2020-1.jpg\",\"width\":1858,\"height\":1129},{\"@type\":\"BreadcrumbList\",\"@id\":\"https:\\\/\\\/diariotextual.com\\\/inicio\\\/index.php\\\/2021\\\/06\\\/20\\\/reforma-al-sistema-de-salud-hay-que-hacer-una-integracion-para-hacer-mas-eficiente-los-recursos\\\/#breadcrumb\",\"itemListElement\":[{\"@type\":\"ListItem\",\"position\":1,\"name\":\"Portada\",\"item\":\"https:\\\/\\\/diariotextual.com\\\/inicio\\\/\"},{\"@type\":\"ListItem\",\"position\":2,\"name\":\"Reforma al sistema de salud: \u201cHay que hacer una integraci\u00f3n para hacer m\u00e1s eficiente los recursos\u201d\"}]},{\"@type\":\"WebSite\",\"@id\":\"https:\\\/\\\/diariotextual.com\\\/inicio\\\/#website\",\"url\":\"https:\\\/\\\/diariotextual.com\\\/inicio\\\/\",\"name\":\"Diario Textual\",\"description\":\"\",\"publisher\":{\"@id\":\"https:\\\/\\\/diariotextual.com\\\/inicio\\\/#organization\"},\"potentialAction\":[{\"@type\":\"SearchAction\",\"target\":{\"@type\":\"EntryPoint\",\"urlTemplate\":\"https:\\\/\\\/diariotextual.com\\\/inicio\\\/?s={search_term_string}\"},\"query-input\":{\"@type\":\"PropertyValueSpecification\",\"valueRequired\":true,\"valueName\":\"search_term_string\"}}],\"inLanguage\":\"es\"},{\"@type\":\"Organization\",\"@id\":\"https:\\\/\\\/diariotextual.com\\\/inicio\\\/#organization\",\"name\":\"Diario Textual\",\"url\":\"https:\\\/\\\/diariotextual.com\\\/inicio\\\/\",\"logo\":{\"@type\":\"ImageObject\",\"inLanguage\":\"es\",\"@id\":\"https:\\\/\\\/diariotextual.com\\\/inicio\\\/#\\\/schema\\\/logo\\\/image\\\/\",\"url\":\"https:\\\/\\\/diariotextual.com\\\/inicio\\\/wp-content\\\/uploads\\\/2023\\\/05\\\/logotextual1.jpg\",\"contentUrl\":\"https:\\\/\\\/diariotextual.com\\\/inicio\\\/wp-content\\\/uploads\\\/2023\\\/05\\\/logotextual1.jpg\",\"width\":516,\"height\":76,\"caption\":\"Diario Textual\"},\"image\":{\"@id\":\"https:\\\/\\\/diariotextual.com\\\/inicio\\\/#\\\/schema\\\/logo\\\/image\\\/\"},\"sameAs\":[\"https:\\\/\\\/www.facebook.com\\\/eltextual\",\"https:\\\/\\\/x.com\\\/eltextual\",\"http:\\\/\\\/www.instagram.com\\\/eltextual\"]},{\"@type\":\"Person\",\"@id\":\"https:\\\/\\\/diariotextual.com\\\/inicio\\\/#\\\/schema\\\/person\\\/c7834961ad8b29b1d9cdbf4571299067\",\"name\":\"diario5\",\"image\":{\"@type\":\"ImageObject\",\"inLanguage\":\"es\",\"@id\":\"https:\\\/\\\/secure.gravatar.com\\\/avatar\\\/948c893b847ca6df68216ead81b63f363408ec9b0f600fefc0641ce78613b111?s=96&d=mm&r=g\",\"url\":\"https:\\\/\\\/secure.gravatar.com\\\/avatar\\\/948c893b847ca6df68216ead81b63f363408ec9b0f600fefc0641ce78613b111?s=96&d=mm&r=g\",\"contentUrl\":\"https:\\\/\\\/secure.gravatar.com\\\/avatar\\\/948c893b847ca6df68216ead81b63f363408ec9b0f600fefc0641ce78613b111?s=96&d=mm&r=g\",\"caption\":\"diario5\"},\"url\":\"https:\\\/\\\/diariotextual.com\\\/inicio\\\/index.php\\\/author\\\/diario5\\\/\"}]}<\/script>\n<!-- \/ Yoast SEO plugin. -->","yoast_head_json":{"title":"Reforma al sistema de salud: \u201cHay que hacer una integraci\u00f3n para hacer m\u00e1s eficiente los recursos\u201d - Diario Textual","robots":{"index":"index","follow":"follow","max-snippet":"max-snippet:-1","max-image-preview":"max-image-preview:large","max-video-preview":"max-video-preview:-1"},"canonical":"https:\/\/diariotextual.com\/inicio\/index.php\/2021\/06\/20\/reforma-al-sistema-de-salud-hay-que-hacer-una-integracion-para-hacer-mas-eficiente-los-recursos\/","og_locale":"es_ES","og_type":"article","og_title":"Reforma al sistema de salud: \u201cHay que hacer una integraci\u00f3n para hacer m\u00e1s eficiente los recursos\u201d - Diario Textual","og_description":"El subsecretario del Centro Empleados de Comercio de Santa Rosa, Rodrigo Genoni, dijo que est\u00e1 \u201cde acuerdo en hacer una integraci\u00f3n del sistema de salud para hacer m\u00e1s eficiente los&hellip;","og_url":"https:\/\/diariotextual.com\/inicio\/index.php\/2021\/06\/20\/reforma-al-sistema-de-salud-hay-que-hacer-una-integracion-para-hacer-mas-eficiente-los-recursos\/","og_site_name":"Diario Textual","article_publisher":"https:\/\/www.facebook.com\/eltextual","article_published_time":"2021-06-20T13:59:00+00:00","article_modified_time":"2021-06-20T13:59:01+00:00","og_image":[{"width":1858,"height":1129,"url":"https:\/\/diariotextual.com\/inicio\/wp-content\/uploads\/2020\/07\/genonirodrigo2020-1.jpg","type":"image\/jpeg"}],"author":"diario5","twitter_card":"summary_large_image","twitter_creator":"@eltextual","twitter_site":"@eltextual","twitter_misc":{"Escrito por":"diario5","Tiempo de lectura":"2 minutos"},"schema":{"@context":"https:\/\/schema.org","@graph":[{"@type":"Article","@id":"https:\/\/diariotextual.com\/inicio\/index.php\/2021\/06\/20\/reforma-al-sistema-de-salud-hay-que-hacer-una-integracion-para-hacer-mas-eficiente-los-recursos\/#article","isPartOf":{"@id":"https:\/\/diariotextual.com\/inicio\/index.php\/2021\/06\/20\/reforma-al-sistema-de-salud-hay-que-hacer-una-integracion-para-hacer-mas-eficiente-los-recursos\/"},"author":{"name":"diario5","@id":"https:\/\/diariotextual.com\/inicio\/#\/schema\/person\/c7834961ad8b29b1d9cdbf4571299067"},"headline":"Reforma al sistema de salud: \u201cHay que hacer una integraci\u00f3n para hacer m\u00e1s eficiente los recursos\u201d","datePublished":"2021-06-20T13:59:00+00:00","dateModified":"2021-06-20T13:59:01+00:00","mainEntityOfPage":{"@id":"https:\/\/diariotextual.com\/inicio\/index.php\/2021\/06\/20\/reforma-al-sistema-de-salud-hay-que-hacer-una-integracion-para-hacer-mas-eficiente-los-recursos\/"},"wordCount":373,"publisher":{"@id":"https:\/\/diariotextual.com\/inicio\/#organization"},"image":{"@id":"https:\/\/diariotextual.com\/inicio\/index.php\/2021\/06\/20\/reforma-al-sistema-de-salud-hay-que-hacer-una-integracion-para-hacer-mas-eficiente-los-recursos\/#primaryimage"},"thumbnailUrl":"https:\/\/diariotextual.com\/inicio\/wp-content\/uploads\/2020\/07\/genonirodrigo2020-1.jpg","keywords":["reforma sistema de salud"],"articleSection":["A - DESTACADAS (mod 16)","SOCIEDAD"],"inLanguage":"es"},{"@type":"WebPage","@id":"https:\/\/diariotextual.com\/inicio\/index.php\/2021\/06\/20\/reforma-al-sistema-de-salud-hay-que-hacer-una-integracion-para-hacer-mas-eficiente-los-recursos\/","url":"https:\/\/diariotextual.com\/inicio\/index.php\/2021\/06\/20\/reforma-al-sistema-de-salud-hay-que-hacer-una-integracion-para-hacer-mas-eficiente-los-recursos\/","name":"Reforma al sistema de salud: \u201cHay que hacer una integraci\u00f3n para hacer m\u00e1s eficiente los recursos\u201d - Diario Textual","isPartOf":{"@id":"https:\/\/diariotextual.com\/inicio\/#website"},"primaryImageOfPage":{"@id":"https:\/\/diariotextual.com\/inicio\/index.php\/2021\/06\/20\/reforma-al-sistema-de-salud-hay-que-hacer-una-integracion-para-hacer-mas-eficiente-los-recursos\/#primaryimage"},"image":{"@id":"https:\/\/diariotextual.com\/inicio\/index.php\/2021\/06\/20\/reforma-al-sistema-de-salud-hay-que-hacer-una-integracion-para-hacer-mas-eficiente-los-recursos\/#primaryimage"},"thumbnailUrl":"https:\/\/diariotextual.com\/inicio\/wp-content\/uploads\/2020\/07\/genonirodrigo2020-1.jpg","datePublished":"2021-06-20T13:59:00+00:00","dateModified":"2021-06-20T13:59:01+00:00","breadcrumb":{"@id":"https:\/\/diariotextual.com\/inicio\/index.php\/2021\/06\/20\/reforma-al-sistema-de-salud-hay-que-hacer-una-integracion-para-hacer-mas-eficiente-los-recursos\/#breadcrumb"},"inLanguage":"es","potentialAction":[{"@type":"ReadAction","target":["https:\/\/diariotextual.com\/inicio\/index.php\/2021\/06\/20\/reforma-al-sistema-de-salud-hay-que-hacer-una-integracion-para-hacer-mas-eficiente-los-recursos\/"]}]},{"@type":"ImageObject","inLanguage":"es","@id":"https:\/\/diariotextual.com\/inicio\/index.php\/2021\/06\/20\/reforma-al-sistema-de-salud-hay-que-hacer-una-integracion-para-hacer-mas-eficiente-los-recursos\/#primaryimage","url":"https:\/\/diariotextual.com\/inicio\/wp-content\/uploads\/2020\/07\/genonirodrigo2020-1.jpg","contentUrl":"https:\/\/diariotextual.com\/inicio\/wp-content\/uploads\/2020\/07\/genonirodrigo2020-1.jpg","width":1858,"height":1129},{"@type":"BreadcrumbList","@id":"https:\/\/diariotextual.com\/inicio\/index.php\/2021\/06\/20\/reforma-al-sistema-de-salud-hay-que-hacer-una-integracion-para-hacer-mas-eficiente-los-recursos\/#breadcrumb","itemListElement":[{"@type":"ListItem","position":1,"name":"Portada","item":"https:\/\/diariotextual.com\/inicio\/"},{"@type":"ListItem","position":2,"name":"Reforma al sistema de salud: \u201cHay que hacer una integraci\u00f3n para hacer m\u00e1s eficiente los recursos\u201d"}]},{"@type":"WebSite","@id":"https:\/\/diariotextual.com\/inicio\/#website","url":"https:\/\/diariotextual.com\/inicio\/","name":"Diario Textual","description":"","publisher":{"@id":"https:\/\/diariotextual.com\/inicio\/#organization"},"potentialAction":[{"@type":"SearchAction","target":{"@type":"EntryPoint","urlTemplate":"https:\/\/diariotextual.com\/inicio\/?s={search_term_string}"},"query-input":{"@type":"PropertyValueSpecification","valueRequired":true,"valueName":"search_term_string"}}],"inLanguage":"es"},{"@type":"Organization","@id":"https:\/\/diariotextual.com\/inicio\/#organization","name":"Diario Textual","url":"https:\/\/diariotextual.com\/inicio\/","logo":{"@type":"ImageObject","inLanguage":"es","@id":"https:\/\/diariotextual.com\/inicio\/#\/schema\/logo\/image\/","url":"https:\/\/diariotextual.com\/inicio\/wp-content\/uploads\/2023\/05\/logotextual1.jpg","contentUrl":"https:\/\/diariotextual.com\/inicio\/wp-content\/uploads\/2023\/05\/logotextual1.jpg","width":516,"height":76,"caption":"Diario Textual"},"image":{"@id":"https:\/\/diariotextual.com\/inicio\/#\/schema\/logo\/image\/"},"sameAs":["https:\/\/www.facebook.com\/eltextual","https:\/\/x.com\/eltextual","http:\/\/www.instagram.com\/eltextual"]},{"@type":"Person","@id":"https:\/\/diariotextual.com\/inicio\/#\/schema\/person\/c7834961ad8b29b1d9cdbf4571299067","name":"diario5","image":{"@type":"ImageObject","inLanguage":"es","@id":"https:\/\/secure.gravatar.com\/avatar\/948c893b847ca6df68216ead81b63f363408ec9b0f600fefc0641ce78613b111?s=96&d=mm&r=g","url":"https:\/\/secure.gravatar.com\/avatar\/948c893b847ca6df68216ead81b63f363408ec9b0f600fefc0641ce78613b111?s=96&d=mm&r=g","contentUrl":"https:\/\/secure.gravatar.com\/avatar\/948c893b847ca6df68216ead81b63f363408ec9b0f600fefc0641ce78613b111?s=96&d=mm&r=g","caption":"diario5"},"url":"https:\/\/diariotextual.com\/inicio\/index.php\/author\/diario5\/"}]}},"_links":{"self":[{"href":"https:\/\/diariotextual.com\/inicio\/index.php\/wp-json\/wp\/v2\/posts\/150962","targetHints":{"allow":["GET"]}}],"collection":[{"href":"https:\/\/diariotextual.com\/inicio\/index.php\/wp-json\/wp\/v2\/posts"}],"about":[{"href":"https:\/\/diariotextual.com\/inicio\/index.php\/wp-json\/wp\/v2\/types\/post"}],"author":[{"embeddable":true,"href":"https:\/\/diariotextual.com\/inicio\/index.php\/wp-json\/wp\/v2\/users\/7"}],"replies":[{"embeddable":true,"href":"https:\/\/diariotextual.com\/inicio\/index.php\/wp-json\/wp\/v2\/comments?post=150962"}],"version-history":[{"count":1,"href":"https:\/\/diariotextual.com\/inicio\/index.php\/wp-json\/wp\/v2\/posts\/150962\/revisions"}],"predecessor-version":[{"id":150963,"href":"https:\/\/diariotextual.com\/inicio\/index.php\/wp-json\/wp\/v2\/posts\/150962\/revisions\/150963"}],"wp:featuredmedia":[{"embeddable":true,"href":"https:\/\/diariotextual.com\/inicio\/index.php\/wp-json\/wp\/v2\/media\/103207"}],"wp:attachment":[{"href":"https:\/\/diariotextual.com\/inicio\/index.php\/wp-json\/wp\/v2\/media?parent=150962"}],"wp:term":[{"taxonomy":"category","embeddable":true,"href":"https:\/\/diariotextual.com\/inicio\/index.php\/wp-json\/wp\/v2\/categories?post=150962"},{"taxonomy":"post_tag","embeddable":true,"href":"https:\/\/diariotextual.com\/inicio\/index.php\/wp-json\/wp\/v2\/tags?post=150962"}],"curies":[{"name":"wp","href":"https:\/\/api.w.org\/{rel}","templated":true}]}}