{"id":150977,"date":"2021-06-20T19:37:15","date_gmt":"2021-06-20T22:37:15","guid":{"rendered":"https:\/\/diariotextual.com\/inicio\/?p=150977"},"modified":"2021-06-20T19:37:31","modified_gmt":"2021-06-20T22:37:31","slug":"el-38-de-quienes-ingresan-al-pais-no-cumple-la-cuarentena-obligatoria","status":"publish","type":"post","link":"https:\/\/diariotextual.com\/inicio\/index.php\/2021\/06\/20\/el-38-de-quienes-ingresan-al-pais-no-cumple-la-cuarentena-obligatoria\/","title":{"rendered":"El 38% de quienes ingresan al pa\u00eds no cumple la cuarentena obligatoria"},"content":{"rendered":"\n<p>La Direcci\u00f3n Nacional de Migraciones (DNM) detect\u00f3 que el <strong>38% de las personas que ingresan a la Argentina no cumple con la cuarentena obligatoria<\/strong>, inform\u00f3 hoy el Ministerio del Interior.<br><br>El dato fue confirmado tras poner en marcha la semana pasada un refuerzo en los controles de aislamiento para colaborar con las provincias y evitar la propagaci\u00f3n de las variantes m\u00e1s infecciosas y que a\u00fan no tienen circulaci\u00f3n en Argentina.<br><br>Por ello, <strong>la DNM realiz\u00f3 esta semana 747 inspecciones de domicilios declarados en ocho provincias <\/strong>y la Ciudad de Buenos Aires (CABA) para constatar el cumplimiento del aislamiento.<br><br>En los operativos <strong>detectaron 287 incumplimientos,<\/strong> lo que representa m\u00e1s del 38%.<br><br>Los controles se desarrollaron, adem\u00e1s de en CABA, en Buenos Aires, Santa Fe, Chubut, Mendoza, La Rioja, Corrientes, Jujuy y Salta.<br><br>La titular de la DNM, Florencia Carignano, sostuvo que \u201cel ingreso de nuevas variantes m\u00e1s contagiosas y virulentas pueden poner en jaque la apertura de actividades\u201d, conseguida \u201ccon mucho sacrificio y volver a tensionar el sistema de salud\u201d, por lo que inst\u00f3 a \u201ccuidar el esfuerzo que est\u00e1 realizando la gente\u201d.<br><br>\u201cNo puede ser que algunos no entiendan todo lo que se pone en juego; necesitamos retrasar lo m\u00e1s posible el ingreso de estas variantes para seguir avanzando con la vacunaci\u00f3n y alejarnos de invierno que, de por s\u00ed, suele tener a ra\u00edz de las enfermedades estacionales un aumento de cuadros respiratorios complejos\u201d, enfatiz\u00f3.<br><br>La funcionaria rese\u00f1\u00f3 que<strong> \u201clas personas que vuelve del exterior deben realizar obligatoriamente una semana de aislamiento y volver a testarse al t\u00e9rmino de ese tiempo\u201d<\/strong> y aclar\u00f3 que \u201cno es una recomendaci\u00f3n antojadiza; tiene que ver con lo que fija la autoridad sanitaria y no hacerlo constituye un atentado a la salud p\u00fablica\u201d.<br><br>Seg\u00fan el Decreto 260 y la Disposici\u00f3n 2252\/20, todas las personas que vuelvan del exterior tienen la obligaci\u00f3n de presentar un PCR negativo para poder abordar su vuelo de regreso y adem\u00e1s deben realizarse otro test al llegar a territorio argentino.<br><br>Si el resultado de este \u00faltimo examen es positivo, tienen la obligaci\u00f3n de alojarse en un hotel sanitario dispuesto especialmente hasta que se determine qu\u00e9 variante de la Covid-19 es la que presenta el contagiado.<br><br>Si se trata de alguna de las variantes que ya tienen circulaci\u00f3n comunitaria en el pa\u00eds, la persona puede terminar de realizar la cuarentena en su domicilio, pero<strong> si es alguna de las nuevas variantes, debe quedarse en el hotel hasta recibir el alta m\u00e9dica y sanitaria.<\/strong><br><br><strong>Este tipo de controles se implementaron en todo el mundo <\/strong>con el objetivo de evitar la propagaci\u00f3n de las variantes m\u00e1s infecciosas como la Delta -identificada originariamente en la India- o la sudafricana, que todav\u00eda no circulan en nuestro pa\u00eds, se\u00f1alaron desde el organismo.<br><br>Otra medida establecida por la autoridad sanitaria es el aislamiento obligatorio de una semana y un PCR al finalizar el aislamiento, sin importar el resultado de los test, ya que puede pasar que una persona tenga una carga viral baja al momento del testeo y la enfermedad se le manifieste unos d\u00edas despu\u00e9s.<br><br>El cumplimiento de esta cuarentena est\u00e1 a cargo de cada jurisdicci\u00f3n, y para eso la DNM dispuso un tablero online en tiempo real con las personas que ingresan al pa\u00eds y los domicilios que declaran para realizar la cuarentena.<br><br>Esta informaci\u00f3n se encuentra a disposici\u00f3n de cada provincia y la Ciudad de Buenos Aires para efectivizar dichos controles.<\/p>\n","protected":false},"excerpt":{"rendered":"<p>La Direcci\u00f3n Nacional de Migraciones (DNM) detect\u00f3 que el 38% de las personas que ingresan a la Argentina no cumple con la cuarentena obligatoria, inform\u00f3 hoy el Ministerio del Interior.&hellip;<\/p>\n","protected":false},"author":4,"featured_media":137569,"comment_status":"closed","ping_status":"open","sticky":false,"template":"","format":"standard","meta":{"_acf_changed":false,"footnotes":""},"categories":[4,12],"tags":[],"class_list":["post-150977","post","type-post","status-publish","format-standard","has-post-thumbnail","hentry","category-destacadas","category-sociedad"],"acf":[],"yoast_head":"<!-- This site is optimized with the Yoast SEO plugin v27.5 - https:\/\/yoast.com\/product\/yoast-seo-wordpress\/ -->\n<title>El 38% de quienes ingresan al pa\u00eds no cumple la cuarentena obligatoria - Diario Textual<\/title>\n<meta name=\"robots\" content=\"index, follow, max-snippet:-1, max-image-preview:large, max-video-preview:-1\" \/>\n<link rel=\"canonical\" href=\"https:\/\/diariotextual.com\/inicio\/index.php\/2021\/06\/20\/el-38-de-quienes-ingresan-al-pais-no-cumple-la-cuarentena-obligatoria\/\" \/>\n<meta property=\"og:locale\" content=\"es_ES\" \/>\n<meta property=\"og:type\" content=\"article\" \/>\n<meta property=\"og:title\" content=\"El 38% de quienes ingresan al pa\u00eds no cumple la cuarentena obligatoria - Diario Textual\" \/>\n<meta property=\"og:description\" content=\"La Direcci\u00f3n Nacional de Migraciones (DNM) detect\u00f3 que el 38% de las personas que ingresan a la Argentina no cumple con la cuarentena obligatoria, inform\u00f3 hoy el Ministerio del Interior.&hellip;\" \/>\n<meta property=\"og:url\" content=\"https:\/\/diariotextual.com\/inicio\/index.php\/2021\/06\/20\/el-38-de-quienes-ingresan-al-pais-no-cumple-la-cuarentena-obligatoria\/\" \/>\n<meta property=\"og:site_name\" content=\"Diario Textual\" \/>\n<meta property=\"article:publisher\" content=\"https:\/\/www.facebook.com\/eltextual\" \/>\n<meta property=\"article:published_time\" content=\"2021-06-20T22:37:15+00:00\" \/>\n<meta property=\"article:modified_time\" content=\"2021-06-20T22:37:31+00:00\" \/>\n<meta property=\"og:image\" content=\"https:\/\/diariotextual.com\/inicio\/wp-content\/uploads\/2021\/03\/aeropuertocoronavirus0001.jpg\" \/>\n\t<meta property=\"og:image:width\" content=\"1004\" \/>\n\t<meta property=\"og:image:height\" content=\"565\" \/>\n\t<meta property=\"og:image:type\" content=\"image\/jpeg\" \/>\n<meta name=\"author\" content=\"diario2\" \/>\n<meta name=\"twitter:card\" content=\"summary_large_image\" \/>\n<meta name=\"twitter:creator\" content=\"@eltextual\" \/>\n<meta name=\"twitter:site\" content=\"@eltextual\" \/>\n<meta name=\"twitter:label1\" content=\"Escrito por\" \/>\n\t<meta name=\"twitter:data1\" content=\"diario2\" \/>\n\t<meta name=\"twitter:label2\" content=\"Tiempo de lectura\" \/>\n\t<meta name=\"twitter:data2\" content=\"3 minutos\" \/>\n<script type=\"application\/ld+json\" class=\"yoast-schema-graph\">{\"@context\":\"https:\\\/\\\/schema.org\",\"@graph\":[{\"@type\":\"Article\",\"@id\":\"https:\\\/\\\/diariotextual.com\\\/inicio\\\/index.php\\\/2021\\\/06\\\/20\\\/el-38-de-quienes-ingresan-al-pais-no-cumple-la-cuarentena-obligatoria\\\/#article\",\"isPartOf\":{\"@id\":\"https:\\\/\\\/diariotextual.com\\\/inicio\\\/index.php\\\/2021\\\/06\\\/20\\\/el-38-de-quienes-ingresan-al-pais-no-cumple-la-cuarentena-obligatoria\\\/\"},\"author\":{\"name\":\"diario2\",\"@id\":\"https:\\\/\\\/diariotextual.com\\\/inicio\\\/#\\\/schema\\\/person\\\/694f60677f23c4a530867a98f22b3768\"},\"headline\":\"El 38% de quienes ingresan al pa\u00eds no cumple la cuarentena obligatoria\",\"datePublished\":\"2021-06-20T22:37:15+00:00\",\"dateModified\":\"2021-06-20T22:37:31+00:00\",\"mainEntityOfPage\":{\"@id\":\"https:\\\/\\\/diariotextual.com\\\/inicio\\\/index.php\\\/2021\\\/06\\\/20\\\/el-38-de-quienes-ingresan-al-pais-no-cumple-la-cuarentena-obligatoria\\\/\"},\"wordCount\":606,\"publisher\":{\"@id\":\"https:\\\/\\\/diariotextual.com\\\/inicio\\\/#organization\"},\"image\":{\"@id\":\"https:\\\/\\\/diariotextual.com\\\/inicio\\\/index.php\\\/2021\\\/06\\\/20\\\/el-38-de-quienes-ingresan-al-pais-no-cumple-la-cuarentena-obligatoria\\\/#primaryimage\"},\"thumbnailUrl\":\"https:\\\/\\\/diariotextual.com\\\/inicio\\\/wp-content\\\/uploads\\\/2021\\\/03\\\/aeropuertocoronavirus0001.jpg\",\"articleSection\":[\"A - DESTACADAS (mod 16)\",\"SOCIEDAD\"],\"inLanguage\":\"es\"},{\"@type\":\"WebPage\",\"@id\":\"https:\\\/\\\/diariotextual.com\\\/inicio\\\/index.php\\\/2021\\\/06\\\/20\\\/el-38-de-quienes-ingresan-al-pais-no-cumple-la-cuarentena-obligatoria\\\/\",\"url\":\"https:\\\/\\\/diariotextual.com\\\/inicio\\\/index.php\\\/2021\\\/06\\\/20\\\/el-38-de-quienes-ingresan-al-pais-no-cumple-la-cuarentena-obligatoria\\\/\",\"name\":\"El 38% de quienes ingresan al pa\u00eds no cumple la cuarentena obligatoria - Diario Textual\",\"isPartOf\":{\"@id\":\"https:\\\/\\\/diariotextual.com\\\/inicio\\\/#website\"},\"primaryImageOfPage\":{\"@id\":\"https:\\\/\\\/diariotextual.com\\\/inicio\\\/index.php\\\/2021\\\/06\\\/20\\\/el-38-de-quienes-ingresan-al-pais-no-cumple-la-cuarentena-obligatoria\\\/#primaryimage\"},\"image\":{\"@id\":\"https:\\\/\\\/diariotextual.com\\\/inicio\\\/index.php\\\/2021\\\/06\\\/20\\\/el-38-de-quienes-ingresan-al-pais-no-cumple-la-cuarentena-obligatoria\\\/#primaryimage\"},\"thumbnailUrl\":\"https:\\\/\\\/diariotextual.com\\\/inicio\\\/wp-content\\\/uploads\\\/2021\\\/03\\\/aeropuertocoronavirus0001.jpg\",\"datePublished\":\"2021-06-20T22:37:15+00:00\",\"dateModified\":\"2021-06-20T22:37:31+00:00\",\"breadcrumb\":{\"@id\":\"https:\\\/\\\/diariotextual.com\\\/inicio\\\/index.php\\\/2021\\\/06\\\/20\\\/el-38-de-quienes-ingresan-al-pais-no-cumple-la-cuarentena-obligatoria\\\/#breadcrumb\"},\"inLanguage\":\"es\",\"potentialAction\":[{\"@type\":\"ReadAction\",\"target\":[\"https:\\\/\\\/diariotextual.com\\\/inicio\\\/index.php\\\/2021\\\/06\\\/20\\\/el-38-de-quienes-ingresan-al-pais-no-cumple-la-cuarentena-obligatoria\\\/\"]}]},{\"@type\":\"ImageObject\",\"inLanguage\":\"es\",\"@id\":\"https:\\\/\\\/diariotextual.com\\\/inicio\\\/index.php\\\/2021\\\/06\\\/20\\\/el-38-de-quienes-ingresan-al-pais-no-cumple-la-cuarentena-obligatoria\\\/#primaryimage\",\"url\":\"https:\\\/\\\/diariotextual.com\\\/inicio\\\/wp-content\\\/uploads\\\/2021\\\/03\\\/aeropuertocoronavirus0001.jpg\",\"contentUrl\":\"https:\\\/\\\/diariotextual.com\\\/inicio\\\/wp-content\\\/uploads\\\/2021\\\/03\\\/aeropuertocoronavirus0001.jpg\",\"width\":1004,\"height\":565},{\"@type\":\"BreadcrumbList\",\"@id\":\"https:\\\/\\\/diariotextual.com\\\/inicio\\\/index.php\\\/2021\\\/06\\\/20\\\/el-38-de-quienes-ingresan-al-pais-no-cumple-la-cuarentena-obligatoria\\\/#breadcrumb\",\"itemListElement\":[{\"@type\":\"ListItem\",\"position\":1,\"name\":\"Portada\",\"item\":\"https:\\\/\\\/diariotextual.com\\\/inicio\\\/\"},{\"@type\":\"ListItem\",\"position\":2,\"name\":\"El 38% de quienes ingresan al pa\u00eds no cumple la cuarentena obligatoria\"}]},{\"@type\":\"WebSite\",\"@id\":\"https:\\\/\\\/diariotextual.com\\\/inicio\\\/#website\",\"url\":\"https:\\\/\\\/diariotextual.com\\\/inicio\\\/\",\"name\":\"Diario Textual\",\"description\":\"\",\"publisher\":{\"@id\":\"https:\\\/\\\/diariotextual.com\\\/inicio\\\/#organization\"},\"potentialAction\":[{\"@type\":\"SearchAction\",\"target\":{\"@type\":\"EntryPoint\",\"urlTemplate\":\"https:\\\/\\\/diariotextual.com\\\/inicio\\\/?s={search_term_string}\"},\"query-input\":{\"@type\":\"PropertyValueSpecification\",\"valueRequired\":true,\"valueName\":\"search_term_string\"}}],\"inLanguage\":\"es\"},{\"@type\":\"Organization\",\"@id\":\"https:\\\/\\\/diariotextual.com\\\/inicio\\\/#organization\",\"name\":\"Diario Textual\",\"url\":\"https:\\\/\\\/diariotextual.com\\\/inicio\\\/\",\"logo\":{\"@type\":\"ImageObject\",\"inLanguage\":\"es\",\"@id\":\"https:\\\/\\\/diariotextual.com\\\/inicio\\\/#\\\/schema\\\/logo\\\/image\\\/\",\"url\":\"https:\\\/\\\/diariotextual.com\\\/inicio\\\/wp-content\\\/uploads\\\/2023\\\/05\\\/logotextual1.jpg\",\"contentUrl\":\"https:\\\/\\\/diariotextual.com\\\/inicio\\\/wp-content\\\/uploads\\\/2023\\\/05\\\/logotextual1.jpg\",\"width\":516,\"height\":76,\"caption\":\"Diario Textual\"},\"image\":{\"@id\":\"https:\\\/\\\/diariotextual.com\\\/inicio\\\/#\\\/schema\\\/logo\\\/image\\\/\"},\"sameAs\":[\"https:\\\/\\\/www.facebook.com\\\/eltextual\",\"https:\\\/\\\/x.com\\\/eltextual\",\"http:\\\/\\\/www.instagram.com\\\/eltextual\"]},{\"@type\":\"Person\",\"@id\":\"https:\\\/\\\/diariotextual.com\\\/inicio\\\/#\\\/schema\\\/person\\\/694f60677f23c4a530867a98f22b3768\",\"name\":\"diario2\",\"image\":{\"@type\":\"ImageObject\",\"inLanguage\":\"es\",\"@id\":\"https:\\\/\\\/secure.gravatar.com\\\/avatar\\\/5a2567495ba16b852fcd8f1ed006a2e24fcace936018ed8237e95f488ad6e0a7?s=96&d=mm&r=g\",\"url\":\"https:\\\/\\\/secure.gravatar.com\\\/avatar\\\/5a2567495ba16b852fcd8f1ed006a2e24fcace936018ed8237e95f488ad6e0a7?s=96&d=mm&r=g\",\"contentUrl\":\"https:\\\/\\\/secure.gravatar.com\\\/avatar\\\/5a2567495ba16b852fcd8f1ed006a2e24fcace936018ed8237e95f488ad6e0a7?s=96&d=mm&r=g\",\"caption\":\"diario2\"},\"url\":\"https:\\\/\\\/diariotextual.com\\\/inicio\\\/index.php\\\/author\\\/diario2\\\/\"}]}<\/script>\n<!-- \/ Yoast SEO plugin. -->","yoast_head_json":{"title":"El 38% de quienes ingresan al pa\u00eds no cumple la cuarentena obligatoria - Diario Textual","robots":{"index":"index","follow":"follow","max-snippet":"max-snippet:-1","max-image-preview":"max-image-preview:large","max-video-preview":"max-video-preview:-1"},"canonical":"https:\/\/diariotextual.com\/inicio\/index.php\/2021\/06\/20\/el-38-de-quienes-ingresan-al-pais-no-cumple-la-cuarentena-obligatoria\/","og_locale":"es_ES","og_type":"article","og_title":"El 38% de quienes ingresan al pa\u00eds no cumple la cuarentena obligatoria - Diario Textual","og_description":"La Direcci\u00f3n Nacional de Migraciones (DNM) detect\u00f3 que el 38% de las personas que ingresan a la Argentina no cumple con la cuarentena obligatoria, inform\u00f3 hoy el Ministerio del Interior.&hellip;","og_url":"https:\/\/diariotextual.com\/inicio\/index.php\/2021\/06\/20\/el-38-de-quienes-ingresan-al-pais-no-cumple-la-cuarentena-obligatoria\/","og_site_name":"Diario Textual","article_publisher":"https:\/\/www.facebook.com\/eltextual","article_published_time":"2021-06-20T22:37:15+00:00","article_modified_time":"2021-06-20T22:37:31+00:00","og_image":[{"width":1004,"height":565,"url":"https:\/\/diariotextual.com\/inicio\/wp-content\/uploads\/2021\/03\/aeropuertocoronavirus0001.jpg","type":"image\/jpeg"}],"author":"diario2","twitter_card":"summary_large_image","twitter_creator":"@eltextual","twitter_site":"@eltextual","twitter_misc":{"Escrito por":"diario2","Tiempo de lectura":"3 minutos"},"schema":{"@context":"https:\/\/schema.org","@graph":[{"@type":"Article","@id":"https:\/\/diariotextual.com\/inicio\/index.php\/2021\/06\/20\/el-38-de-quienes-ingresan-al-pais-no-cumple-la-cuarentena-obligatoria\/#article","isPartOf":{"@id":"https:\/\/diariotextual.com\/inicio\/index.php\/2021\/06\/20\/el-38-de-quienes-ingresan-al-pais-no-cumple-la-cuarentena-obligatoria\/"},"author":{"name":"diario2","@id":"https:\/\/diariotextual.com\/inicio\/#\/schema\/person\/694f60677f23c4a530867a98f22b3768"},"headline":"El 38% de quienes ingresan al pa\u00eds no cumple la cuarentena obligatoria","datePublished":"2021-06-20T22:37:15+00:00","dateModified":"2021-06-20T22:37:31+00:00","mainEntityOfPage":{"@id":"https:\/\/diariotextual.com\/inicio\/index.php\/2021\/06\/20\/el-38-de-quienes-ingresan-al-pais-no-cumple-la-cuarentena-obligatoria\/"},"wordCount":606,"publisher":{"@id":"https:\/\/diariotextual.com\/inicio\/#organization"},"image":{"@id":"https:\/\/diariotextual.com\/inicio\/index.php\/2021\/06\/20\/el-38-de-quienes-ingresan-al-pais-no-cumple-la-cuarentena-obligatoria\/#primaryimage"},"thumbnailUrl":"https:\/\/diariotextual.com\/inicio\/wp-content\/uploads\/2021\/03\/aeropuertocoronavirus0001.jpg","articleSection":["A - DESTACADAS (mod 16)","SOCIEDAD"],"inLanguage":"es"},{"@type":"WebPage","@id":"https:\/\/diariotextual.com\/inicio\/index.php\/2021\/06\/20\/el-38-de-quienes-ingresan-al-pais-no-cumple-la-cuarentena-obligatoria\/","url":"https:\/\/diariotextual.com\/inicio\/index.php\/2021\/06\/20\/el-38-de-quienes-ingresan-al-pais-no-cumple-la-cuarentena-obligatoria\/","name":"El 38% de quienes ingresan al pa\u00eds no cumple la cuarentena obligatoria - Diario Textual","isPartOf":{"@id":"https:\/\/diariotextual.com\/inicio\/#website"},"primaryImageOfPage":{"@id":"https:\/\/diariotextual.com\/inicio\/index.php\/2021\/06\/20\/el-38-de-quienes-ingresan-al-pais-no-cumple-la-cuarentena-obligatoria\/#primaryimage"},"image":{"@id":"https:\/\/diariotextual.com\/inicio\/index.php\/2021\/06\/20\/el-38-de-quienes-ingresan-al-pais-no-cumple-la-cuarentena-obligatoria\/#primaryimage"},"thumbnailUrl":"https:\/\/diariotextual.com\/inicio\/wp-content\/uploads\/2021\/03\/aeropuertocoronavirus0001.jpg","datePublished":"2021-06-20T22:37:15+00:00","dateModified":"2021-06-20T22:37:31+00:00","breadcrumb":{"@id":"https:\/\/diariotextual.com\/inicio\/index.php\/2021\/06\/20\/el-38-de-quienes-ingresan-al-pais-no-cumple-la-cuarentena-obligatoria\/#breadcrumb"},"inLanguage":"es","potentialAction":[{"@type":"ReadAction","target":["https:\/\/diariotextual.com\/inicio\/index.php\/2021\/06\/20\/el-38-de-quienes-ingresan-al-pais-no-cumple-la-cuarentena-obligatoria\/"]}]},{"@type":"ImageObject","inLanguage":"es","@id":"https:\/\/diariotextual.com\/inicio\/index.php\/2021\/06\/20\/el-38-de-quienes-ingresan-al-pais-no-cumple-la-cuarentena-obligatoria\/#primaryimage","url":"https:\/\/diariotextual.com\/inicio\/wp-content\/uploads\/2021\/03\/aeropuertocoronavirus0001.jpg","contentUrl":"https:\/\/diariotextual.com\/inicio\/wp-content\/uploads\/2021\/03\/aeropuertocoronavirus0001.jpg","width":1004,"height":565},{"@type":"BreadcrumbList","@id":"https:\/\/diariotextual.com\/inicio\/index.php\/2021\/06\/20\/el-38-de-quienes-ingresan-al-pais-no-cumple-la-cuarentena-obligatoria\/#breadcrumb","itemListElement":[{"@type":"ListItem","position":1,"name":"Portada","item":"https:\/\/diariotextual.com\/inicio\/"},{"@type":"ListItem","position":2,"name":"El 38% de quienes ingresan al pa\u00eds no cumple la cuarentena obligatoria"}]},{"@type":"WebSite","@id":"https:\/\/diariotextual.com\/inicio\/#website","url":"https:\/\/diariotextual.com\/inicio\/","name":"Diario Textual","description":"","publisher":{"@id":"https:\/\/diariotextual.com\/inicio\/#organization"},"potentialAction":[{"@type":"SearchAction","target":{"@type":"EntryPoint","urlTemplate":"https:\/\/diariotextual.com\/inicio\/?s={search_term_string}"},"query-input":{"@type":"PropertyValueSpecification","valueRequired":true,"valueName":"search_term_string"}}],"inLanguage":"es"},{"@type":"Organization","@id":"https:\/\/diariotextual.com\/inicio\/#organization","name":"Diario Textual","url":"https:\/\/diariotextual.com\/inicio\/","logo":{"@type":"ImageObject","inLanguage":"es","@id":"https:\/\/diariotextual.com\/inicio\/#\/schema\/logo\/image\/","url":"https:\/\/diariotextual.com\/inicio\/wp-content\/uploads\/2023\/05\/logotextual1.jpg","contentUrl":"https:\/\/diariotextual.com\/inicio\/wp-content\/uploads\/2023\/05\/logotextual1.jpg","width":516,"height":76,"caption":"Diario Textual"},"image":{"@id":"https:\/\/diariotextual.com\/inicio\/#\/schema\/logo\/image\/"},"sameAs":["https:\/\/www.facebook.com\/eltextual","https:\/\/x.com\/eltextual","http:\/\/www.instagram.com\/eltextual"]},{"@type":"Person","@id":"https:\/\/diariotextual.com\/inicio\/#\/schema\/person\/694f60677f23c4a530867a98f22b3768","name":"diario2","image":{"@type":"ImageObject","inLanguage":"es","@id":"https:\/\/secure.gravatar.com\/avatar\/5a2567495ba16b852fcd8f1ed006a2e24fcace936018ed8237e95f488ad6e0a7?s=96&d=mm&r=g","url":"https:\/\/secure.gravatar.com\/avatar\/5a2567495ba16b852fcd8f1ed006a2e24fcace936018ed8237e95f488ad6e0a7?s=96&d=mm&r=g","contentUrl":"https:\/\/secure.gravatar.com\/avatar\/5a2567495ba16b852fcd8f1ed006a2e24fcace936018ed8237e95f488ad6e0a7?s=96&d=mm&r=g","caption":"diario2"},"url":"https:\/\/diariotextual.com\/inicio\/index.php\/author\/diario2\/"}]}},"_links":{"self":[{"href":"https:\/\/diariotextual.com\/inicio\/index.php\/wp-json\/wp\/v2\/posts\/150977","targetHints":{"allow":["GET"]}}],"collection":[{"href":"https:\/\/diariotextual.com\/inicio\/index.php\/wp-json\/wp\/v2\/posts"}],"about":[{"href":"https:\/\/diariotextual.com\/inicio\/index.php\/wp-json\/wp\/v2\/types\/post"}],"author":[{"embeddable":true,"href":"https:\/\/diariotextual.com\/inicio\/index.php\/wp-json\/wp\/v2\/users\/4"}],"replies":[{"embeddable":true,"href":"https:\/\/diariotextual.com\/inicio\/index.php\/wp-json\/wp\/v2\/comments?post=150977"}],"version-history":[{"count":1,"href":"https:\/\/diariotextual.com\/inicio\/index.php\/wp-json\/wp\/v2\/posts\/150977\/revisions"}],"predecessor-version":[{"id":150978,"href":"https:\/\/diariotextual.com\/inicio\/index.php\/wp-json\/wp\/v2\/posts\/150977\/revisions\/150978"}],"wp:featuredmedia":[{"embeddable":true,"href":"https:\/\/diariotextual.com\/inicio\/index.php\/wp-json\/wp\/v2\/media\/137569"}],"wp:attachment":[{"href":"https:\/\/diariotextual.com\/inicio\/index.php\/wp-json\/wp\/v2\/media?parent=150977"}],"wp:term":[{"taxonomy":"category","embeddable":true,"href":"https:\/\/diariotextual.com\/inicio\/index.php\/wp-json\/wp\/v2\/categories?post=150977"},{"taxonomy":"post_tag","embeddable":true,"href":"https:\/\/diariotextual.com\/inicio\/index.php\/wp-json\/wp\/v2\/tags?post=150977"}],"curies":[{"name":"wp","href":"https:\/\/api.w.org\/{rel}","templated":true}]}}