{"id":151217,"date":"2021-06-22T21:18:11","date_gmt":"2021-06-23T00:18:11","guid":{"rendered":"https:\/\/diariotextual.com\/inicio\/?p=151217"},"modified":"2021-06-22T21:18:12","modified_gmt":"2021-06-23T00:18:12","slug":"teatro-piden-por-la-apertura-de-las-salas-en-la-pampa","status":"publish","type":"post","link":"https:\/\/diariotextual.com\/inicio\/index.php\/2021\/06\/22\/teatro-piden-por-la-apertura-de-las-salas-en-la-pampa\/","title":{"rendered":"Teatro: piden por la apertura de las salas en La Pampa"},"content":{"rendered":"\n<p>Trabajadores y trabajadoras del teatro pampeano le piden al gobierno provincial poder reiniciar la actividad y sostienen que hay un \u201cdesconocimiento\u201d de su trabajo.<\/p>\n\n\n\n<p>\u201cEstamos bastante frustrados. La sensaci\u00f3n es de impotencia en funci\u00f3n de que nuestra actividad viene trabada desde el inicio de la pandemia\u201d, explic\u00f3 Paula Garc\u00eda, secretaria de la Asociaci\u00f3n de Trabajadores del Teatro Pampeano (ATTP).<\/p>\n\n\n\n<p>El gobierno de La Pampa habilit\u00f3 esta semana los cines con una capacidad del 30 por ciento y, pese a que Naci\u00f3n tambi\u00e9n hab\u00eda autorizado a las provincias a reabrir teatros y templos religiosos, eso no ocurri\u00f3 en la provincia.<\/p>\n\n\n\n<p>\u201cCuando se aprueba el decreto nacional nos esperanzamos much\u00edsimo porque era algo que ven\u00edamos esperando y al enterarnos de que el Gobierno provincial no lo autoriz\u00f3 sentimos que hay un desconocimiento de nuestro trabajo\u201d, plante\u00f3 en declaraciones al canal CPEtv.<\/p>\n\n\n\n<p>\u201cNosotros consideramos que estamos en emergencia. Y vemos que hay una imposibilidad de que pueda entenderse que lo que hacemos es nuestro ingreso. Hay mucha gente que est\u00e1 sin trabajar y hay salas y centros culturales que corren riesgo de que no poder volver despu\u00e9s de la pandemia\u201d, asegur\u00f3 la actriz.<\/p>\n\n\n\n<figure class=\"wp-block-image size-large is-resized\"><img fetchpriority=\"high\" decoding=\"async\" src=\"https:\/\/diariotextual.com\/inicio\/wp-content\/uploads\/2021\/06\/teatroemergencia33-1013x1024.jpg\" alt=\"\" class=\"wp-image-151218\" width=\"309\" height=\"312\" srcset=\"https:\/\/diariotextual.com\/inicio\/wp-content\/uploads\/2021\/06\/teatroemergencia33-1013x1024.jpg 1013w, https:\/\/diariotextual.com\/inicio\/wp-content\/uploads\/2021\/06\/teatroemergencia33-297x300.jpg 297w, https:\/\/diariotextual.com\/inicio\/wp-content\/uploads\/2021\/06\/teatroemergencia33-150x150.jpg 150w, https:\/\/diariotextual.com\/inicio\/wp-content\/uploads\/2021\/06\/teatroemergencia33-768x777.jpg 768w, https:\/\/diariotextual.com\/inicio\/wp-content\/uploads\/2021\/06\/teatroemergencia33-585x592.jpg 585w, https:\/\/diariotextual.com\/inicio\/wp-content\/uploads\/2021\/06\/teatroemergencia33.jpg 1080w\" sizes=\"(max-width: 309px) 100vw, 309px\" \/><\/figure>\n\n\n\n<p><\/p>\n\n\n\n<p><em>Foto de archivo <\/em><\/p>\n","protected":false},"excerpt":{"rendered":"<p>Trabajadores y trabajadoras del teatro pampeano le piden al gobierno provincial poder reiniciar la actividad y sostienen que hay un \u201cdesconocimiento\u201d de su trabajo. \u201cEstamos bastante frustrados. La sensaci\u00f3n es&hellip;<\/p>\n","protected":false},"author":4,"featured_media":22103,"comment_status":"closed","ping_status":"open","sticky":false,"template":"","format":"standard","meta":{"_acf_changed":false,"footnotes":""},"categories":[1,2],"tags":[],"class_list":["post-151217","post","type-post","status-publish","format-standard","has-post-thumbnail","hentry","category-es-noticia","category-cultura"],"acf":[],"yoast_head":"<!-- This site is optimized with the Yoast SEO plugin v27.5 - https:\/\/yoast.com\/product\/yoast-seo-wordpress\/ -->\n<title>Teatro: piden por la apertura de las salas en La Pampa - Diario Textual<\/title>\n<meta name=\"robots\" content=\"index, follow, max-snippet:-1, max-image-preview:large, max-video-preview:-1\" \/>\n<link rel=\"canonical\" href=\"https:\/\/diariotextual.com\/inicio\/index.php\/2021\/06\/22\/teatro-piden-por-la-apertura-de-las-salas-en-la-pampa\/\" \/>\n<meta property=\"og:locale\" content=\"es_ES\" \/>\n<meta property=\"og:type\" content=\"article\" \/>\n<meta property=\"og:title\" content=\"Teatro: piden por la apertura de las salas en La Pampa - Diario Textual\" \/>\n<meta property=\"og:description\" content=\"Trabajadores y trabajadoras del teatro pampeano le piden al gobierno provincial poder reiniciar la actividad y sostienen que hay un \u201cdesconocimiento\u201d de su trabajo. \u201cEstamos bastante frustrados. La sensaci\u00f3n es&hellip;\" \/>\n<meta property=\"og:url\" content=\"https:\/\/diariotextual.com\/inicio\/index.php\/2021\/06\/22\/teatro-piden-por-la-apertura-de-las-salas-en-la-pampa\/\" \/>\n<meta property=\"og:site_name\" content=\"Diario Textual\" \/>\n<meta property=\"article:publisher\" content=\"https:\/\/www.facebook.com\/eltextual\" \/>\n<meta property=\"article:published_time\" content=\"2021-06-23T00:18:11+00:00\" \/>\n<meta property=\"article:modified_time\" content=\"2021-06-23T00:18:12+00:00\" \/>\n<meta property=\"og:image\" content=\"https:\/\/diariotextual.com\/inicio\/wp-content\/uploads\/2018\/10\/teatropamepano933.jpg\" \/>\n\t<meta property=\"og:image:width\" content=\"800\" \/>\n\t<meta property=\"og:image:height\" content=\"475\" \/>\n\t<meta property=\"og:image:type\" content=\"image\/jpeg\" \/>\n<meta name=\"author\" content=\"diario2\" \/>\n<meta name=\"twitter:card\" content=\"summary_large_image\" \/>\n<meta name=\"twitter:creator\" content=\"@eltextual\" \/>\n<meta name=\"twitter:site\" content=\"@eltextual\" \/>\n<meta name=\"twitter:label1\" content=\"Escrito por\" \/>\n\t<meta name=\"twitter:data1\" content=\"diario2\" \/>\n\t<meta name=\"twitter:label2\" content=\"Tiempo de lectura\" \/>\n\t<meta name=\"twitter:data2\" content=\"2 minutos\" \/>\n<script type=\"application\/ld+json\" class=\"yoast-schema-graph\">{\"@context\":\"https:\\\/\\\/schema.org\",\"@graph\":[{\"@type\":\"Article\",\"@id\":\"https:\\\/\\\/diariotextual.com\\\/inicio\\\/index.php\\\/2021\\\/06\\\/22\\\/teatro-piden-por-la-apertura-de-las-salas-en-la-pampa\\\/#article\",\"isPartOf\":{\"@id\":\"https:\\\/\\\/diariotextual.com\\\/inicio\\\/index.php\\\/2021\\\/06\\\/22\\\/teatro-piden-por-la-apertura-de-las-salas-en-la-pampa\\\/\"},\"author\":{\"name\":\"diario2\",\"@id\":\"https:\\\/\\\/diariotextual.com\\\/inicio\\\/#\\\/schema\\\/person\\\/694f60677f23c4a530867a98f22b3768\"},\"headline\":\"Teatro: piden por la apertura de las salas en La Pampa\",\"datePublished\":\"2021-06-23T00:18:11+00:00\",\"dateModified\":\"2021-06-23T00:18:12+00:00\",\"mainEntityOfPage\":{\"@id\":\"https:\\\/\\\/diariotextual.com\\\/inicio\\\/index.php\\\/2021\\\/06\\\/22\\\/teatro-piden-por-la-apertura-de-las-salas-en-la-pampa\\\/\"},\"wordCount\":213,\"publisher\":{\"@id\":\"https:\\\/\\\/diariotextual.com\\\/inicio\\\/#organization\"},\"image\":{\"@id\":\"https:\\\/\\\/diariotextual.com\\\/inicio\\\/index.php\\\/2021\\\/06\\\/22\\\/teatro-piden-por-la-apertura-de-las-salas-en-la-pampa\\\/#primaryimage\"},\"thumbnailUrl\":\"https:\\\/\\\/diariotextual.com\\\/inicio\\\/wp-content\\\/uploads\\\/2018\\\/10\\\/teatropamepano933.jpg\",\"articleSection\":[\"A - ES NOTICIA (van abajo)\",\"CULTURA\"],\"inLanguage\":\"es\"},{\"@type\":\"WebPage\",\"@id\":\"https:\\\/\\\/diariotextual.com\\\/inicio\\\/index.php\\\/2021\\\/06\\\/22\\\/teatro-piden-por-la-apertura-de-las-salas-en-la-pampa\\\/\",\"url\":\"https:\\\/\\\/diariotextual.com\\\/inicio\\\/index.php\\\/2021\\\/06\\\/22\\\/teatro-piden-por-la-apertura-de-las-salas-en-la-pampa\\\/\",\"name\":\"Teatro: piden por la apertura de las salas en La Pampa - Diario Textual\",\"isPartOf\":{\"@id\":\"https:\\\/\\\/diariotextual.com\\\/inicio\\\/#website\"},\"primaryImageOfPage\":{\"@id\":\"https:\\\/\\\/diariotextual.com\\\/inicio\\\/index.php\\\/2021\\\/06\\\/22\\\/teatro-piden-por-la-apertura-de-las-salas-en-la-pampa\\\/#primaryimage\"},\"image\":{\"@id\":\"https:\\\/\\\/diariotextual.com\\\/inicio\\\/index.php\\\/2021\\\/06\\\/22\\\/teatro-piden-por-la-apertura-de-las-salas-en-la-pampa\\\/#primaryimage\"},\"thumbnailUrl\":\"https:\\\/\\\/diariotextual.com\\\/inicio\\\/wp-content\\\/uploads\\\/2018\\\/10\\\/teatropamepano933.jpg\",\"datePublished\":\"2021-06-23T00:18:11+00:00\",\"dateModified\":\"2021-06-23T00:18:12+00:00\",\"breadcrumb\":{\"@id\":\"https:\\\/\\\/diariotextual.com\\\/inicio\\\/index.php\\\/2021\\\/06\\\/22\\\/teatro-piden-por-la-apertura-de-las-salas-en-la-pampa\\\/#breadcrumb\"},\"inLanguage\":\"es\",\"potentialAction\":[{\"@type\":\"ReadAction\",\"target\":[\"https:\\\/\\\/diariotextual.com\\\/inicio\\\/index.php\\\/2021\\\/06\\\/22\\\/teatro-piden-por-la-apertura-de-las-salas-en-la-pampa\\\/\"]}]},{\"@type\":\"ImageObject\",\"inLanguage\":\"es\",\"@id\":\"https:\\\/\\\/diariotextual.com\\\/inicio\\\/index.php\\\/2021\\\/06\\\/22\\\/teatro-piden-por-la-apertura-de-las-salas-en-la-pampa\\\/#primaryimage\",\"url\":\"https:\\\/\\\/diariotextual.com\\\/inicio\\\/wp-content\\\/uploads\\\/2018\\\/10\\\/teatropamepano933.jpg\",\"contentUrl\":\"https:\\\/\\\/diariotextual.com\\\/inicio\\\/wp-content\\\/uploads\\\/2018\\\/10\\\/teatropamepano933.jpg\",\"width\":800,\"height\":475},{\"@type\":\"BreadcrumbList\",\"@id\":\"https:\\\/\\\/diariotextual.com\\\/inicio\\\/index.php\\\/2021\\\/06\\\/22\\\/teatro-piden-por-la-apertura-de-las-salas-en-la-pampa\\\/#breadcrumb\",\"itemListElement\":[{\"@type\":\"ListItem\",\"position\":1,\"name\":\"Portada\",\"item\":\"https:\\\/\\\/diariotextual.com\\\/inicio\\\/\"},{\"@type\":\"ListItem\",\"position\":2,\"name\":\"Teatro: piden por la apertura de las salas en La Pampa\"}]},{\"@type\":\"WebSite\",\"@id\":\"https:\\\/\\\/diariotextual.com\\\/inicio\\\/#website\",\"url\":\"https:\\\/\\\/diariotextual.com\\\/inicio\\\/\",\"name\":\"Diario Textual\",\"description\":\"\",\"publisher\":{\"@id\":\"https:\\\/\\\/diariotextual.com\\\/inicio\\\/#organization\"},\"potentialAction\":[{\"@type\":\"SearchAction\",\"target\":{\"@type\":\"EntryPoint\",\"urlTemplate\":\"https:\\\/\\\/diariotextual.com\\\/inicio\\\/?s={search_term_string}\"},\"query-input\":{\"@type\":\"PropertyValueSpecification\",\"valueRequired\":true,\"valueName\":\"search_term_string\"}}],\"inLanguage\":\"es\"},{\"@type\":\"Organization\",\"@id\":\"https:\\\/\\\/diariotextual.com\\\/inicio\\\/#organization\",\"name\":\"Diario Textual\",\"url\":\"https:\\\/\\\/diariotextual.com\\\/inicio\\\/\",\"logo\":{\"@type\":\"ImageObject\",\"inLanguage\":\"es\",\"@id\":\"https:\\\/\\\/diariotextual.com\\\/inicio\\\/#\\\/schema\\\/logo\\\/image\\\/\",\"url\":\"https:\\\/\\\/diariotextual.com\\\/inicio\\\/wp-content\\\/uploads\\\/2023\\\/05\\\/logotextual1.jpg\",\"contentUrl\":\"https:\\\/\\\/diariotextual.com\\\/inicio\\\/wp-content\\\/uploads\\\/2023\\\/05\\\/logotextual1.jpg\",\"width\":516,\"height\":76,\"caption\":\"Diario Textual\"},\"image\":{\"@id\":\"https:\\\/\\\/diariotextual.com\\\/inicio\\\/#\\\/schema\\\/logo\\\/image\\\/\"},\"sameAs\":[\"https:\\\/\\\/www.facebook.com\\\/eltextual\",\"https:\\\/\\\/x.com\\\/eltextual\",\"http:\\\/\\\/www.instagram.com\\\/eltextual\"]},{\"@type\":\"Person\",\"@id\":\"https:\\\/\\\/diariotextual.com\\\/inicio\\\/#\\\/schema\\\/person\\\/694f60677f23c4a530867a98f22b3768\",\"name\":\"diario2\",\"image\":{\"@type\":\"ImageObject\",\"inLanguage\":\"es\",\"@id\":\"https:\\\/\\\/secure.gravatar.com\\\/avatar\\\/5a2567495ba16b852fcd8f1ed006a2e24fcace936018ed8237e95f488ad6e0a7?s=96&d=mm&r=g\",\"url\":\"https:\\\/\\\/secure.gravatar.com\\\/avatar\\\/5a2567495ba16b852fcd8f1ed006a2e24fcace936018ed8237e95f488ad6e0a7?s=96&d=mm&r=g\",\"contentUrl\":\"https:\\\/\\\/secure.gravatar.com\\\/avatar\\\/5a2567495ba16b852fcd8f1ed006a2e24fcace936018ed8237e95f488ad6e0a7?s=96&d=mm&r=g\",\"caption\":\"diario2\"},\"url\":\"https:\\\/\\\/diariotextual.com\\\/inicio\\\/index.php\\\/author\\\/diario2\\\/\"}]}<\/script>\n<!-- \/ Yoast SEO plugin. -->","yoast_head_json":{"title":"Teatro: piden por la apertura de las salas en La Pampa - Diario Textual","robots":{"index":"index","follow":"follow","max-snippet":"max-snippet:-1","max-image-preview":"max-image-preview:large","max-video-preview":"max-video-preview:-1"},"canonical":"https:\/\/diariotextual.com\/inicio\/index.php\/2021\/06\/22\/teatro-piden-por-la-apertura-de-las-salas-en-la-pampa\/","og_locale":"es_ES","og_type":"article","og_title":"Teatro: piden por la apertura de las salas en La Pampa - Diario Textual","og_description":"Trabajadores y trabajadoras del teatro pampeano le piden al gobierno provincial poder reiniciar la actividad y sostienen que hay un \u201cdesconocimiento\u201d de su trabajo. \u201cEstamos bastante frustrados. La sensaci\u00f3n es&hellip;","og_url":"https:\/\/diariotextual.com\/inicio\/index.php\/2021\/06\/22\/teatro-piden-por-la-apertura-de-las-salas-en-la-pampa\/","og_site_name":"Diario Textual","article_publisher":"https:\/\/www.facebook.com\/eltextual","article_published_time":"2021-06-23T00:18:11+00:00","article_modified_time":"2021-06-23T00:18:12+00:00","og_image":[{"width":800,"height":475,"url":"https:\/\/diariotextual.com\/inicio\/wp-content\/uploads\/2018\/10\/teatropamepano933.jpg","type":"image\/jpeg"}],"author":"diario2","twitter_card":"summary_large_image","twitter_creator":"@eltextual","twitter_site":"@eltextual","twitter_misc":{"Escrito por":"diario2","Tiempo de lectura":"2 minutos"},"schema":{"@context":"https:\/\/schema.org","@graph":[{"@type":"Article","@id":"https:\/\/diariotextual.com\/inicio\/index.php\/2021\/06\/22\/teatro-piden-por-la-apertura-de-las-salas-en-la-pampa\/#article","isPartOf":{"@id":"https:\/\/diariotextual.com\/inicio\/index.php\/2021\/06\/22\/teatro-piden-por-la-apertura-de-las-salas-en-la-pampa\/"},"author":{"name":"diario2","@id":"https:\/\/diariotextual.com\/inicio\/#\/schema\/person\/694f60677f23c4a530867a98f22b3768"},"headline":"Teatro: piden por la apertura de las salas en La Pampa","datePublished":"2021-06-23T00:18:11+00:00","dateModified":"2021-06-23T00:18:12+00:00","mainEntityOfPage":{"@id":"https:\/\/diariotextual.com\/inicio\/index.php\/2021\/06\/22\/teatro-piden-por-la-apertura-de-las-salas-en-la-pampa\/"},"wordCount":213,"publisher":{"@id":"https:\/\/diariotextual.com\/inicio\/#organization"},"image":{"@id":"https:\/\/diariotextual.com\/inicio\/index.php\/2021\/06\/22\/teatro-piden-por-la-apertura-de-las-salas-en-la-pampa\/#primaryimage"},"thumbnailUrl":"https:\/\/diariotextual.com\/inicio\/wp-content\/uploads\/2018\/10\/teatropamepano933.jpg","articleSection":["A - ES NOTICIA (van abajo)","CULTURA"],"inLanguage":"es"},{"@type":"WebPage","@id":"https:\/\/diariotextual.com\/inicio\/index.php\/2021\/06\/22\/teatro-piden-por-la-apertura-de-las-salas-en-la-pampa\/","url":"https:\/\/diariotextual.com\/inicio\/index.php\/2021\/06\/22\/teatro-piden-por-la-apertura-de-las-salas-en-la-pampa\/","name":"Teatro: piden por la apertura de las salas en La Pampa - Diario Textual","isPartOf":{"@id":"https:\/\/diariotextual.com\/inicio\/#website"},"primaryImageOfPage":{"@id":"https:\/\/diariotextual.com\/inicio\/index.php\/2021\/06\/22\/teatro-piden-por-la-apertura-de-las-salas-en-la-pampa\/#primaryimage"},"image":{"@id":"https:\/\/diariotextual.com\/inicio\/index.php\/2021\/06\/22\/teatro-piden-por-la-apertura-de-las-salas-en-la-pampa\/#primaryimage"},"thumbnailUrl":"https:\/\/diariotextual.com\/inicio\/wp-content\/uploads\/2018\/10\/teatropamepano933.jpg","datePublished":"2021-06-23T00:18:11+00:00","dateModified":"2021-06-23T00:18:12+00:00","breadcrumb":{"@id":"https:\/\/diariotextual.com\/inicio\/index.php\/2021\/06\/22\/teatro-piden-por-la-apertura-de-las-salas-en-la-pampa\/#breadcrumb"},"inLanguage":"es","potentialAction":[{"@type":"ReadAction","target":["https:\/\/diariotextual.com\/inicio\/index.php\/2021\/06\/22\/teatro-piden-por-la-apertura-de-las-salas-en-la-pampa\/"]}]},{"@type":"ImageObject","inLanguage":"es","@id":"https:\/\/diariotextual.com\/inicio\/index.php\/2021\/06\/22\/teatro-piden-por-la-apertura-de-las-salas-en-la-pampa\/#primaryimage","url":"https:\/\/diariotextual.com\/inicio\/wp-content\/uploads\/2018\/10\/teatropamepano933.jpg","contentUrl":"https:\/\/diariotextual.com\/inicio\/wp-content\/uploads\/2018\/10\/teatropamepano933.jpg","width":800,"height":475},{"@type":"BreadcrumbList","@id":"https:\/\/diariotextual.com\/inicio\/index.php\/2021\/06\/22\/teatro-piden-por-la-apertura-de-las-salas-en-la-pampa\/#breadcrumb","itemListElement":[{"@type":"ListItem","position":1,"name":"Portada","item":"https:\/\/diariotextual.com\/inicio\/"},{"@type":"ListItem","position":2,"name":"Teatro: piden por la apertura de las salas en La Pampa"}]},{"@type":"WebSite","@id":"https:\/\/diariotextual.com\/inicio\/#website","url":"https:\/\/diariotextual.com\/inicio\/","name":"Diario Textual","description":"","publisher":{"@id":"https:\/\/diariotextual.com\/inicio\/#organization"},"potentialAction":[{"@type":"SearchAction","target":{"@type":"EntryPoint","urlTemplate":"https:\/\/diariotextual.com\/inicio\/?s={search_term_string}"},"query-input":{"@type":"PropertyValueSpecification","valueRequired":true,"valueName":"search_term_string"}}],"inLanguage":"es"},{"@type":"Organization","@id":"https:\/\/diariotextual.com\/inicio\/#organization","name":"Diario Textual","url":"https:\/\/diariotextual.com\/inicio\/","logo":{"@type":"ImageObject","inLanguage":"es","@id":"https:\/\/diariotextual.com\/inicio\/#\/schema\/logo\/image\/","url":"https:\/\/diariotextual.com\/inicio\/wp-content\/uploads\/2023\/05\/logotextual1.jpg","contentUrl":"https:\/\/diariotextual.com\/inicio\/wp-content\/uploads\/2023\/05\/logotextual1.jpg","width":516,"height":76,"caption":"Diario Textual"},"image":{"@id":"https:\/\/diariotextual.com\/inicio\/#\/schema\/logo\/image\/"},"sameAs":["https:\/\/www.facebook.com\/eltextual","https:\/\/x.com\/eltextual","http:\/\/www.instagram.com\/eltextual"]},{"@type":"Person","@id":"https:\/\/diariotextual.com\/inicio\/#\/schema\/person\/694f60677f23c4a530867a98f22b3768","name":"diario2","image":{"@type":"ImageObject","inLanguage":"es","@id":"https:\/\/secure.gravatar.com\/avatar\/5a2567495ba16b852fcd8f1ed006a2e24fcace936018ed8237e95f488ad6e0a7?s=96&d=mm&r=g","url":"https:\/\/secure.gravatar.com\/avatar\/5a2567495ba16b852fcd8f1ed006a2e24fcace936018ed8237e95f488ad6e0a7?s=96&d=mm&r=g","contentUrl":"https:\/\/secure.gravatar.com\/avatar\/5a2567495ba16b852fcd8f1ed006a2e24fcace936018ed8237e95f488ad6e0a7?s=96&d=mm&r=g","caption":"diario2"},"url":"https:\/\/diariotextual.com\/inicio\/index.php\/author\/diario2\/"}]}},"_links":{"self":[{"href":"https:\/\/diariotextual.com\/inicio\/index.php\/wp-json\/wp\/v2\/posts\/151217","targetHints":{"allow":["GET"]}}],"collection":[{"href":"https:\/\/diariotextual.com\/inicio\/index.php\/wp-json\/wp\/v2\/posts"}],"about":[{"href":"https:\/\/diariotextual.com\/inicio\/index.php\/wp-json\/wp\/v2\/types\/post"}],"author":[{"embeddable":true,"href":"https:\/\/diariotextual.com\/inicio\/index.php\/wp-json\/wp\/v2\/users\/4"}],"replies":[{"embeddable":true,"href":"https:\/\/diariotextual.com\/inicio\/index.php\/wp-json\/wp\/v2\/comments?post=151217"}],"version-history":[{"count":1,"href":"https:\/\/diariotextual.com\/inicio\/index.php\/wp-json\/wp\/v2\/posts\/151217\/revisions"}],"predecessor-version":[{"id":151219,"href":"https:\/\/diariotextual.com\/inicio\/index.php\/wp-json\/wp\/v2\/posts\/151217\/revisions\/151219"}],"wp:featuredmedia":[{"embeddable":true,"href":"https:\/\/diariotextual.com\/inicio\/index.php\/wp-json\/wp\/v2\/media\/22103"}],"wp:attachment":[{"href":"https:\/\/diariotextual.com\/inicio\/index.php\/wp-json\/wp\/v2\/media?parent=151217"}],"wp:term":[{"taxonomy":"category","embeddable":true,"href":"https:\/\/diariotextual.com\/inicio\/index.php\/wp-json\/wp\/v2\/categories?post=151217"},{"taxonomy":"post_tag","embeddable":true,"href":"https:\/\/diariotextual.com\/inicio\/index.php\/wp-json\/wp\/v2\/tags?post=151217"}],"curies":[{"name":"wp","href":"https:\/\/api.w.org\/{rel}","templated":true}]}}