{"id":151316,"date":"2021-06-23T13:42:16","date_gmt":"2021-06-23T16:42:16","guid":{"rendered":"https:\/\/diariotextual.com\/inicio\/?p=151316"},"modified":"2021-06-23T18:14:18","modified_gmt":"2021-06-23T21:14:18","slug":"vizzotti-admitio-que-se-esta-estudiando-la-posibilidad-de-combinar-las-dosis-de-vacunas","status":"publish","type":"post","link":"https:\/\/diariotextual.com\/inicio\/index.php\/2021\/06\/23\/vizzotti-admitio-que-se-esta-estudiando-la-posibilidad-de-combinar-las-dosis-de-vacunas\/","title":{"rendered":"Vizzotti admiti\u00f3 que se est\u00e1 estudiando la posibilidad de combinar las dosis de vacunas"},"content":{"rendered":"\n<p>La ministra de Salud, Carla Vizzotti, reconoci\u00f3 que la <strong>Comisi\u00f3n Nacional de Inmunizaciones \u201cest\u00e1 estudiando la posibilidad de intercambiar plataformas\u201d para combinar vacunas contra el coronavirus de diferentes laboratorios<\/strong>. Esto se debe a las dificultades de conseguir la segunda dosis de la Sputnik V.<\/p>\n\n\n\n<p>El <strong>pr\u00f3ximo mi\u00e9rcoles se reunir\u00e1 la Comisi\u00f3n de Inmunizaciones<\/strong> con una agenda que tiene como prioridad analizar las diferentes posibilidades de intercambio de vacunas, aunque la ministra aclar\u00f3 que \u201cno hay un tiempo estimado para definirlo\u201d sino que \u201cantes debe haber un consenso t\u00e9cnico\u201d.<\/p>\n\n\n\n<p>Agreg\u00f3 que lo que se intenta es que \u201chaya mayor evidencia sobre la<strong> combinaci\u00f3n de distintas plataformas de vacunas\u201d y afirm\u00f3 que Canad\u00e1 lo est\u00e1 haciendo y varios pa\u00edses de Europa.<\/strong><\/p>\n\n\n\n<p>Dej\u00f3 claro que <strong>no quiere decir que est\u00e9 hoy en los planes del Gobierno hacerlo: \u201cPrimero hay que reunir m\u00e1s evidencia <\/strong>y tener un consenso cient\u00edfico y charlar con todas las jurisdicciones\u201d.<\/p>\n\n\n\n<p>La combinaci\u00f3n de vacunas comenz\u00f3 a mencionarse desde el \u00e1mbito epidemiol\u00f3gico a partir de la demora en la llegada al pa\u00eds del segundo componente de la vacuna rusa Sputnik V.<\/p>\n\n\n\n<figure class=\"wp-block-embed is-type-wp-embed is-provider-diario-textual wp-block-embed-diario-textual\"><div class=\"wp-block-embed__wrapper\">\n<blockquote class=\"wp-embedded-content\" data-secret=\"P3HmIODwiw\"><a href=\"https:\/\/diariotextual.com\/inicio\/index.php\/2021\/06\/23\/rusia-confirma-que-la-prioridad-para-la-dosis-dos-de-la-sputnik-es-su-poblacion\/\">Rusia confirma que la &#8220;prioridad&#8221; para la dosis dos de la Sputnik es su poblaci\u00f3n<\/a><\/blockquote><iframe class=\"wp-embedded-content\" sandbox=\"allow-scripts\" security=\"restricted\" style=\"position: absolute; clip: rect(1px, 1px, 1px, 1px);\" title=\"\u00abRusia confirma que la &#8220;prioridad&#8221; para la dosis dos de la Sputnik es su poblaci\u00f3n\u00bb \u2014 Diario Textual\" src=\"https:\/\/diariotextual.com\/inicio\/index.php\/2021\/06\/23\/rusia-confirma-que-la-prioridad-para-la-dosis-dos-de-la-sputnik-es-su-poblacion\/embed\/#?secret=P3HmIODwiw\" data-secret=\"P3HmIODwiw\" width=\"600\" height=\"338\" frameborder=\"0\" marginwidth=\"0\" marginheight=\"0\" scrolling=\"no\"><\/iframe>\n<\/div><\/figure>\n\n\n\n<p>Al respecto, Vizzotti advirti\u00f3 que la combinaci\u00f3n de vacunas \u201cno necesariamente\u00bb tiene que ser debido a la \u201cdificultad en el acceso\u201d a un segundo componente, sino que tambi\u00e9n <strong>puede ser una alternativa \u201cpara ampliar y clarificar la campa\u00f1a de vacunaci\u00f3n\u201d.<\/strong><\/p>\n\n\n\n<p>\u201cEl intercambio de plataforma puede simplificar esto\u201d, complet\u00f3 la ministra de Salud respecto a que esta posibilidad se utilice para ampliar la campa\u00f1a de vacunaci\u00f3n.<\/p>\n\n\n\n<p>Con respecto a estudios en este sentido, la funcionaria record\u00f3: \u201c<strong>Argentina ha sido impulsora de un estudio que se est\u00e1 terminando entre Gamaleya y AstraZeneca por el intercambio de las plataformas<\/strong>\u201d.<\/p>\n\n\n\n<p>Adem\u00e1s, la funcionaria nacional remarc\u00f3 que el Gobierno \u201cest\u00e1 en los \u00faltimos tramos de las negociaciones con Pfizer\u201d para adquirir las vacunas contra el coronavirus de ese laboratorio estadounidense y dijo que tambi\u00e9n \u201cse est\u00e1n haciendo las gestiones para un convenio bilateral con Janssen y Moderna\u201d.<\/p>\n\n\n\n<p>Tambi\u00e9n precis\u00f3 que, a trav\u00e9s de la embajada de Estados Unidos, el Gobierno mantiene \u201cdi\u00e1logo con la administraci\u00f3n estadounidense\u201d y se est\u00e1 \u201cavanzando en los tr\u00e1mites que hay que hacer para recibir las donaciones\u201d que ha anunciado que realizar\u00e1 la administraci\u00f3n de Joe Biden.<\/p>\n\n\n\n<p>Estas vacunas se sumar\u00edan a las que viene adquiriendo el Gobierno nacional con el objetivo de avanzar en el Plan de Vacunaci\u00f3n Estrat\u00e9gica que lleva adelante desde diciembre en todo el pa\u00eds para evitar la propagaci\u00f3n del coronavirus.<\/p>\n\n\n\n<p>Por otra parte, consultada sobre la presencia en el pa\u00eds de variantes del Covid-19, <strong>Vizzotti dijo que Argentina \u201cno tiene circulaci\u00f3n predominante de la variante Delta\u201d, aunque advirti\u00f3 que la situaci\u00f3n es \u201cmuy din\u00e1mica\u201d<\/strong> y que se deben \u201cmantener los cuidados\u201d.<\/p>\n\n\n\n<p>Entre esos cuidados, <strong>incluy\u00f3 \u201cno alentar el turismo al extranjero\u201d, controlar que se cumplan las cuarentenas obligatorias de siete d\u00edas para quienes regresen al pa\u00eds luego de haber estado en el exterior<\/strong>, a los que tambi\u00e9n pidi\u00f3 \u00abresponsabilidad individual\u00bb para cumplir con esas reglas.<\/p>\n\n\n\n<p>Y acerca de la posibilidad de que se deba incluir un tercer refuerzo en el esquema de vacunaci\u00f3n debido a las variantes del virus, Vizzotti explic\u00f3: \u201cSiempre se supo que los virus respiratorios tienen mutaciones y no se sabe bien cu\u00e1l es el per\u00edodo de inmunizaci\u00f3n\u201d que brinda la vacuna.<\/p>\n\n\n\n<p>&nbsp;\u201cLas vacunas para este tipo de virus no son como las del sarampi\u00f3n, que con dos refuerzos duran para toda la vida\u00bb; complet\u00f3 y reiter\u00f3: \u201cSiempre se supo que se iban a necesitar refuerzos y que iban a tener que adaptarse a posibles mutaciones\u201d.<\/p>\n\n\n\n<p>Con respecto a una hipot\u00e9tica fecha en la que se acabe la pandemia, Vizzotti fue contundente: \u201cTenemos que saber que esto no termina en septiembre ni en la Argentina ni en ning\u00fan lugar del mundo\u201d.<\/p>\n","protected":false},"excerpt":{"rendered":"<p>La ministra de Salud, Carla Vizzotti, reconoci\u00f3 que la Comisi\u00f3n Nacional de Inmunizaciones \u201cest\u00e1 estudiando la posibilidad de intercambiar plataformas\u201d para combinar vacunas contra el coronavirus de diferentes laboratorios. Esto&hellip;<\/p>\n","protected":false},"author":5,"featured_media":141340,"comment_status":"closed","ping_status":"open","sticky":false,"template":"","format":"standard","meta":{"_acf_changed":false,"footnotes":""},"categories":[10,12],"tags":[2662,5036],"class_list":["post-151316","post","type-post","status-publish","format-standard","has-post-thumbnail","hentry","category-portada-2","category-sociedad","tag-coronavirus","tag-vizzotti"],"acf":[],"yoast_head":"<!-- This site is optimized with the Yoast SEO plugin v27.5 - https:\/\/yoast.com\/product\/yoast-seo-wordpress\/ -->\n<title>Vizzotti admiti\u00f3 que se est\u00e1 estudiando la posibilidad de combinar las dosis de vacunas - Diario Textual<\/title>\n<meta name=\"robots\" content=\"index, follow, max-snippet:-1, max-image-preview:large, max-video-preview:-1\" \/>\n<link rel=\"canonical\" href=\"https:\/\/diariotextual.com\/inicio\/index.php\/2021\/06\/23\/vizzotti-admitio-que-se-esta-estudiando-la-posibilidad-de-combinar-las-dosis-de-vacunas\/\" \/>\n<meta property=\"og:locale\" content=\"es_ES\" \/>\n<meta property=\"og:type\" content=\"article\" \/>\n<meta property=\"og:title\" content=\"Vizzotti admiti\u00f3 que se est\u00e1 estudiando la posibilidad de combinar las dosis de vacunas - Diario Textual\" \/>\n<meta property=\"og:description\" content=\"La ministra de Salud, Carla Vizzotti, reconoci\u00f3 que la Comisi\u00f3n Nacional de Inmunizaciones \u201cest\u00e1 estudiando la posibilidad de intercambiar plataformas\u201d para combinar vacunas contra el coronavirus de diferentes laboratorios. Esto&hellip;\" \/>\n<meta property=\"og:url\" content=\"https:\/\/diariotextual.com\/inicio\/index.php\/2021\/06\/23\/vizzotti-admitio-que-se-esta-estudiando-la-posibilidad-de-combinar-las-dosis-de-vacunas\/\" \/>\n<meta property=\"og:site_name\" content=\"Diario Textual\" \/>\n<meta property=\"article:publisher\" content=\"https:\/\/www.facebook.com\/eltextual\" \/>\n<meta property=\"article:published_time\" content=\"2021-06-23T16:42:16+00:00\" \/>\n<meta property=\"article:modified_time\" content=\"2021-06-23T21:14:18+00:00\" \/>\n<meta property=\"og:image\" content=\"https:\/\/diariotextual.com\/inicio\/wp-content\/uploads\/2021\/04\/vizzotticarlatelam2021-3.jpg\" \/>\n\t<meta property=\"og:image:width\" content=\"900\" \/>\n\t<meta property=\"og:image:height\" content=\"506\" \/>\n\t<meta property=\"og:image:type\" content=\"image\/jpeg\" \/>\n<meta name=\"author\" content=\"diario3\" \/>\n<meta name=\"twitter:card\" content=\"summary_large_image\" \/>\n<meta name=\"twitter:creator\" content=\"@eltextual\" \/>\n<meta name=\"twitter:site\" content=\"@eltextual\" \/>\n<meta name=\"twitter:label1\" content=\"Escrito por\" \/>\n\t<meta name=\"twitter:data1\" content=\"diario3\" \/>\n\t<meta name=\"twitter:label2\" content=\"Tiempo de lectura\" \/>\n\t<meta name=\"twitter:data2\" content=\"3 minutos\" \/>\n<script type=\"application\/ld+json\" class=\"yoast-schema-graph\">{\"@context\":\"https:\\\/\\\/schema.org\",\"@graph\":[{\"@type\":\"Article\",\"@id\":\"https:\\\/\\\/diariotextual.com\\\/inicio\\\/index.php\\\/2021\\\/06\\\/23\\\/vizzotti-admitio-que-se-esta-estudiando-la-posibilidad-de-combinar-las-dosis-de-vacunas\\\/#article\",\"isPartOf\":{\"@id\":\"https:\\\/\\\/diariotextual.com\\\/inicio\\\/index.php\\\/2021\\\/06\\\/23\\\/vizzotti-admitio-que-se-esta-estudiando-la-posibilidad-de-combinar-las-dosis-de-vacunas\\\/\"},\"author\":{\"name\":\"diario3\",\"@id\":\"https:\\\/\\\/diariotextual.com\\\/inicio\\\/#\\\/schema\\\/person\\\/a1b6f563e0ee944c60f98119389a4d9f\"},\"headline\":\"Vizzotti admiti\u00f3 que se est\u00e1 estudiando la posibilidad de combinar las dosis de vacunas\",\"datePublished\":\"2021-06-23T16:42:16+00:00\",\"dateModified\":\"2021-06-23T21:14:18+00:00\",\"mainEntityOfPage\":{\"@id\":\"https:\\\/\\\/diariotextual.com\\\/inicio\\\/index.php\\\/2021\\\/06\\\/23\\\/vizzotti-admitio-que-se-esta-estudiando-la-posibilidad-de-combinar-las-dosis-de-vacunas\\\/\"},\"wordCount\":687,\"publisher\":{\"@id\":\"https:\\\/\\\/diariotextual.com\\\/inicio\\\/#organization\"},\"image\":{\"@id\":\"https:\\\/\\\/diariotextual.com\\\/inicio\\\/index.php\\\/2021\\\/06\\\/23\\\/vizzotti-admitio-que-se-esta-estudiando-la-posibilidad-de-combinar-las-dosis-de-vacunas\\\/#primaryimage\"},\"thumbnailUrl\":\"https:\\\/\\\/diariotextual.com\\\/inicio\\\/wp-content\\\/uploads\\\/2021\\\/04\\\/vizzotticarlatelam2021-3.jpg\",\"keywords\":[\"coronavirus\",\"vizzotti\"],\"articleSection\":[\"A - PORTADA2\",\"SOCIEDAD\"],\"inLanguage\":\"es\"},{\"@type\":\"WebPage\",\"@id\":\"https:\\\/\\\/diariotextual.com\\\/inicio\\\/index.php\\\/2021\\\/06\\\/23\\\/vizzotti-admitio-que-se-esta-estudiando-la-posibilidad-de-combinar-las-dosis-de-vacunas\\\/\",\"url\":\"https:\\\/\\\/diariotextual.com\\\/inicio\\\/index.php\\\/2021\\\/06\\\/23\\\/vizzotti-admitio-que-se-esta-estudiando-la-posibilidad-de-combinar-las-dosis-de-vacunas\\\/\",\"name\":\"Vizzotti admiti\u00f3 que se est\u00e1 estudiando la posibilidad de combinar las dosis de vacunas - Diario Textual\",\"isPartOf\":{\"@id\":\"https:\\\/\\\/diariotextual.com\\\/inicio\\\/#website\"},\"primaryImageOfPage\":{\"@id\":\"https:\\\/\\\/diariotextual.com\\\/inicio\\\/index.php\\\/2021\\\/06\\\/23\\\/vizzotti-admitio-que-se-esta-estudiando-la-posibilidad-de-combinar-las-dosis-de-vacunas\\\/#primaryimage\"},\"image\":{\"@id\":\"https:\\\/\\\/diariotextual.com\\\/inicio\\\/index.php\\\/2021\\\/06\\\/23\\\/vizzotti-admitio-que-se-esta-estudiando-la-posibilidad-de-combinar-las-dosis-de-vacunas\\\/#primaryimage\"},\"thumbnailUrl\":\"https:\\\/\\\/diariotextual.com\\\/inicio\\\/wp-content\\\/uploads\\\/2021\\\/04\\\/vizzotticarlatelam2021-3.jpg\",\"datePublished\":\"2021-06-23T16:42:16+00:00\",\"dateModified\":\"2021-06-23T21:14:18+00:00\",\"breadcrumb\":{\"@id\":\"https:\\\/\\\/diariotextual.com\\\/inicio\\\/index.php\\\/2021\\\/06\\\/23\\\/vizzotti-admitio-que-se-esta-estudiando-la-posibilidad-de-combinar-las-dosis-de-vacunas\\\/#breadcrumb\"},\"inLanguage\":\"es\",\"potentialAction\":[{\"@type\":\"ReadAction\",\"target\":[\"https:\\\/\\\/diariotextual.com\\\/inicio\\\/index.php\\\/2021\\\/06\\\/23\\\/vizzotti-admitio-que-se-esta-estudiando-la-posibilidad-de-combinar-las-dosis-de-vacunas\\\/\"]}]},{\"@type\":\"ImageObject\",\"inLanguage\":\"es\",\"@id\":\"https:\\\/\\\/diariotextual.com\\\/inicio\\\/index.php\\\/2021\\\/06\\\/23\\\/vizzotti-admitio-que-se-esta-estudiando-la-posibilidad-de-combinar-las-dosis-de-vacunas\\\/#primaryimage\",\"url\":\"https:\\\/\\\/diariotextual.com\\\/inicio\\\/wp-content\\\/uploads\\\/2021\\\/04\\\/vizzotticarlatelam2021-3.jpg\",\"contentUrl\":\"https:\\\/\\\/diariotextual.com\\\/inicio\\\/wp-content\\\/uploads\\\/2021\\\/04\\\/vizzotticarlatelam2021-3.jpg\",\"width\":900,\"height\":506},{\"@type\":\"BreadcrumbList\",\"@id\":\"https:\\\/\\\/diariotextual.com\\\/inicio\\\/index.php\\\/2021\\\/06\\\/23\\\/vizzotti-admitio-que-se-esta-estudiando-la-posibilidad-de-combinar-las-dosis-de-vacunas\\\/#breadcrumb\",\"itemListElement\":[{\"@type\":\"ListItem\",\"position\":1,\"name\":\"Portada\",\"item\":\"https:\\\/\\\/diariotextual.com\\\/inicio\\\/\"},{\"@type\":\"ListItem\",\"position\":2,\"name\":\"Vizzotti admiti\u00f3 que se est\u00e1 estudiando la posibilidad de combinar las dosis de vacunas\"}]},{\"@type\":\"WebSite\",\"@id\":\"https:\\\/\\\/diariotextual.com\\\/inicio\\\/#website\",\"url\":\"https:\\\/\\\/diariotextual.com\\\/inicio\\\/\",\"name\":\"Diario Textual\",\"description\":\"\",\"publisher\":{\"@id\":\"https:\\\/\\\/diariotextual.com\\\/inicio\\\/#organization\"},\"potentialAction\":[{\"@type\":\"SearchAction\",\"target\":{\"@type\":\"EntryPoint\",\"urlTemplate\":\"https:\\\/\\\/diariotextual.com\\\/inicio\\\/?s={search_term_string}\"},\"query-input\":{\"@type\":\"PropertyValueSpecification\",\"valueRequired\":true,\"valueName\":\"search_term_string\"}}],\"inLanguage\":\"es\"},{\"@type\":\"Organization\",\"@id\":\"https:\\\/\\\/diariotextual.com\\\/inicio\\\/#organization\",\"name\":\"Diario Textual\",\"url\":\"https:\\\/\\\/diariotextual.com\\\/inicio\\\/\",\"logo\":{\"@type\":\"ImageObject\",\"inLanguage\":\"es\",\"@id\":\"https:\\\/\\\/diariotextual.com\\\/inicio\\\/#\\\/schema\\\/logo\\\/image\\\/\",\"url\":\"https:\\\/\\\/diariotextual.com\\\/inicio\\\/wp-content\\\/uploads\\\/2023\\\/05\\\/logotextual1.jpg\",\"contentUrl\":\"https:\\\/\\\/diariotextual.com\\\/inicio\\\/wp-content\\\/uploads\\\/2023\\\/05\\\/logotextual1.jpg\",\"width\":516,\"height\":76,\"caption\":\"Diario Textual\"},\"image\":{\"@id\":\"https:\\\/\\\/diariotextual.com\\\/inicio\\\/#\\\/schema\\\/logo\\\/image\\\/\"},\"sameAs\":[\"https:\\\/\\\/www.facebook.com\\\/eltextual\",\"https:\\\/\\\/x.com\\\/eltextual\",\"http:\\\/\\\/www.instagram.com\\\/eltextual\"]},{\"@type\":\"Person\",\"@id\":\"https:\\\/\\\/diariotextual.com\\\/inicio\\\/#\\\/schema\\\/person\\\/a1b6f563e0ee944c60f98119389a4d9f\",\"name\":\"diario3\",\"image\":{\"@type\":\"ImageObject\",\"inLanguage\":\"es\",\"@id\":\"https:\\\/\\\/secure.gravatar.com\\\/avatar\\\/5e7ee62c82fc04d9dd79d746a390d93c69c43223e5faeeb3ea9461ef752bfc5d?s=96&d=mm&r=g\",\"url\":\"https:\\\/\\\/secure.gravatar.com\\\/avatar\\\/5e7ee62c82fc04d9dd79d746a390d93c69c43223e5faeeb3ea9461ef752bfc5d?s=96&d=mm&r=g\",\"contentUrl\":\"https:\\\/\\\/secure.gravatar.com\\\/avatar\\\/5e7ee62c82fc04d9dd79d746a390d93c69c43223e5faeeb3ea9461ef752bfc5d?s=96&d=mm&r=g\",\"caption\":\"diario3\"},\"url\":\"https:\\\/\\\/diariotextual.com\\\/inicio\\\/index.php\\\/author\\\/diario3\\\/\"}]}<\/script>\n<!-- \/ Yoast SEO plugin. -->","yoast_head_json":{"title":"Vizzotti admiti\u00f3 que se est\u00e1 estudiando la posibilidad de combinar las dosis de vacunas - Diario Textual","robots":{"index":"index","follow":"follow","max-snippet":"max-snippet:-1","max-image-preview":"max-image-preview:large","max-video-preview":"max-video-preview:-1"},"canonical":"https:\/\/diariotextual.com\/inicio\/index.php\/2021\/06\/23\/vizzotti-admitio-que-se-esta-estudiando-la-posibilidad-de-combinar-las-dosis-de-vacunas\/","og_locale":"es_ES","og_type":"article","og_title":"Vizzotti admiti\u00f3 que se est\u00e1 estudiando la posibilidad de combinar las dosis de vacunas - Diario Textual","og_description":"La ministra de Salud, Carla Vizzotti, reconoci\u00f3 que la Comisi\u00f3n Nacional de Inmunizaciones \u201cest\u00e1 estudiando la posibilidad de intercambiar plataformas\u201d para combinar vacunas contra el coronavirus de diferentes laboratorios. Esto&hellip;","og_url":"https:\/\/diariotextual.com\/inicio\/index.php\/2021\/06\/23\/vizzotti-admitio-que-se-esta-estudiando-la-posibilidad-de-combinar-las-dosis-de-vacunas\/","og_site_name":"Diario Textual","article_publisher":"https:\/\/www.facebook.com\/eltextual","article_published_time":"2021-06-23T16:42:16+00:00","article_modified_time":"2021-06-23T21:14:18+00:00","og_image":[{"width":900,"height":506,"url":"https:\/\/diariotextual.com\/inicio\/wp-content\/uploads\/2021\/04\/vizzotticarlatelam2021-3.jpg","type":"image\/jpeg"}],"author":"diario3","twitter_card":"summary_large_image","twitter_creator":"@eltextual","twitter_site":"@eltextual","twitter_misc":{"Escrito por":"diario3","Tiempo de lectura":"3 minutos"},"schema":{"@context":"https:\/\/schema.org","@graph":[{"@type":"Article","@id":"https:\/\/diariotextual.com\/inicio\/index.php\/2021\/06\/23\/vizzotti-admitio-que-se-esta-estudiando-la-posibilidad-de-combinar-las-dosis-de-vacunas\/#article","isPartOf":{"@id":"https:\/\/diariotextual.com\/inicio\/index.php\/2021\/06\/23\/vizzotti-admitio-que-se-esta-estudiando-la-posibilidad-de-combinar-las-dosis-de-vacunas\/"},"author":{"name":"diario3","@id":"https:\/\/diariotextual.com\/inicio\/#\/schema\/person\/a1b6f563e0ee944c60f98119389a4d9f"},"headline":"Vizzotti admiti\u00f3 que se est\u00e1 estudiando la posibilidad de combinar las dosis de vacunas","datePublished":"2021-06-23T16:42:16+00:00","dateModified":"2021-06-23T21:14:18+00:00","mainEntityOfPage":{"@id":"https:\/\/diariotextual.com\/inicio\/index.php\/2021\/06\/23\/vizzotti-admitio-que-se-esta-estudiando-la-posibilidad-de-combinar-las-dosis-de-vacunas\/"},"wordCount":687,"publisher":{"@id":"https:\/\/diariotextual.com\/inicio\/#organization"},"image":{"@id":"https:\/\/diariotextual.com\/inicio\/index.php\/2021\/06\/23\/vizzotti-admitio-que-se-esta-estudiando-la-posibilidad-de-combinar-las-dosis-de-vacunas\/#primaryimage"},"thumbnailUrl":"https:\/\/diariotextual.com\/inicio\/wp-content\/uploads\/2021\/04\/vizzotticarlatelam2021-3.jpg","keywords":["coronavirus","vizzotti"],"articleSection":["A - PORTADA2","SOCIEDAD"],"inLanguage":"es"},{"@type":"WebPage","@id":"https:\/\/diariotextual.com\/inicio\/index.php\/2021\/06\/23\/vizzotti-admitio-que-se-esta-estudiando-la-posibilidad-de-combinar-las-dosis-de-vacunas\/","url":"https:\/\/diariotextual.com\/inicio\/index.php\/2021\/06\/23\/vizzotti-admitio-que-se-esta-estudiando-la-posibilidad-de-combinar-las-dosis-de-vacunas\/","name":"Vizzotti admiti\u00f3 que se est\u00e1 estudiando la posibilidad de combinar las dosis de vacunas - Diario Textual","isPartOf":{"@id":"https:\/\/diariotextual.com\/inicio\/#website"},"primaryImageOfPage":{"@id":"https:\/\/diariotextual.com\/inicio\/index.php\/2021\/06\/23\/vizzotti-admitio-que-se-esta-estudiando-la-posibilidad-de-combinar-las-dosis-de-vacunas\/#primaryimage"},"image":{"@id":"https:\/\/diariotextual.com\/inicio\/index.php\/2021\/06\/23\/vizzotti-admitio-que-se-esta-estudiando-la-posibilidad-de-combinar-las-dosis-de-vacunas\/#primaryimage"},"thumbnailUrl":"https:\/\/diariotextual.com\/inicio\/wp-content\/uploads\/2021\/04\/vizzotticarlatelam2021-3.jpg","datePublished":"2021-06-23T16:42:16+00:00","dateModified":"2021-06-23T21:14:18+00:00","breadcrumb":{"@id":"https:\/\/diariotextual.com\/inicio\/index.php\/2021\/06\/23\/vizzotti-admitio-que-se-esta-estudiando-la-posibilidad-de-combinar-las-dosis-de-vacunas\/#breadcrumb"},"inLanguage":"es","potentialAction":[{"@type":"ReadAction","target":["https:\/\/diariotextual.com\/inicio\/index.php\/2021\/06\/23\/vizzotti-admitio-que-se-esta-estudiando-la-posibilidad-de-combinar-las-dosis-de-vacunas\/"]}]},{"@type":"ImageObject","inLanguage":"es","@id":"https:\/\/diariotextual.com\/inicio\/index.php\/2021\/06\/23\/vizzotti-admitio-que-se-esta-estudiando-la-posibilidad-de-combinar-las-dosis-de-vacunas\/#primaryimage","url":"https:\/\/diariotextual.com\/inicio\/wp-content\/uploads\/2021\/04\/vizzotticarlatelam2021-3.jpg","contentUrl":"https:\/\/diariotextual.com\/inicio\/wp-content\/uploads\/2021\/04\/vizzotticarlatelam2021-3.jpg","width":900,"height":506},{"@type":"BreadcrumbList","@id":"https:\/\/diariotextual.com\/inicio\/index.php\/2021\/06\/23\/vizzotti-admitio-que-se-esta-estudiando-la-posibilidad-de-combinar-las-dosis-de-vacunas\/#breadcrumb","itemListElement":[{"@type":"ListItem","position":1,"name":"Portada","item":"https:\/\/diariotextual.com\/inicio\/"},{"@type":"ListItem","position":2,"name":"Vizzotti admiti\u00f3 que se est\u00e1 estudiando la posibilidad de combinar las dosis de vacunas"}]},{"@type":"WebSite","@id":"https:\/\/diariotextual.com\/inicio\/#website","url":"https:\/\/diariotextual.com\/inicio\/","name":"Diario Textual","description":"","publisher":{"@id":"https:\/\/diariotextual.com\/inicio\/#organization"},"potentialAction":[{"@type":"SearchAction","target":{"@type":"EntryPoint","urlTemplate":"https:\/\/diariotextual.com\/inicio\/?s={search_term_string}"},"query-input":{"@type":"PropertyValueSpecification","valueRequired":true,"valueName":"search_term_string"}}],"inLanguage":"es"},{"@type":"Organization","@id":"https:\/\/diariotextual.com\/inicio\/#organization","name":"Diario Textual","url":"https:\/\/diariotextual.com\/inicio\/","logo":{"@type":"ImageObject","inLanguage":"es","@id":"https:\/\/diariotextual.com\/inicio\/#\/schema\/logo\/image\/","url":"https:\/\/diariotextual.com\/inicio\/wp-content\/uploads\/2023\/05\/logotextual1.jpg","contentUrl":"https:\/\/diariotextual.com\/inicio\/wp-content\/uploads\/2023\/05\/logotextual1.jpg","width":516,"height":76,"caption":"Diario Textual"},"image":{"@id":"https:\/\/diariotextual.com\/inicio\/#\/schema\/logo\/image\/"},"sameAs":["https:\/\/www.facebook.com\/eltextual","https:\/\/x.com\/eltextual","http:\/\/www.instagram.com\/eltextual"]},{"@type":"Person","@id":"https:\/\/diariotextual.com\/inicio\/#\/schema\/person\/a1b6f563e0ee944c60f98119389a4d9f","name":"diario3","image":{"@type":"ImageObject","inLanguage":"es","@id":"https:\/\/secure.gravatar.com\/avatar\/5e7ee62c82fc04d9dd79d746a390d93c69c43223e5faeeb3ea9461ef752bfc5d?s=96&d=mm&r=g","url":"https:\/\/secure.gravatar.com\/avatar\/5e7ee62c82fc04d9dd79d746a390d93c69c43223e5faeeb3ea9461ef752bfc5d?s=96&d=mm&r=g","contentUrl":"https:\/\/secure.gravatar.com\/avatar\/5e7ee62c82fc04d9dd79d746a390d93c69c43223e5faeeb3ea9461ef752bfc5d?s=96&d=mm&r=g","caption":"diario3"},"url":"https:\/\/diariotextual.com\/inicio\/index.php\/author\/diario3\/"}]}},"_links":{"self":[{"href":"https:\/\/diariotextual.com\/inicio\/index.php\/wp-json\/wp\/v2\/posts\/151316","targetHints":{"allow":["GET"]}}],"collection":[{"href":"https:\/\/diariotextual.com\/inicio\/index.php\/wp-json\/wp\/v2\/posts"}],"about":[{"href":"https:\/\/diariotextual.com\/inicio\/index.php\/wp-json\/wp\/v2\/types\/post"}],"author":[{"embeddable":true,"href":"https:\/\/diariotextual.com\/inicio\/index.php\/wp-json\/wp\/v2\/users\/5"}],"replies":[{"embeddable":true,"href":"https:\/\/diariotextual.com\/inicio\/index.php\/wp-json\/wp\/v2\/comments?post=151316"}],"version-history":[{"count":1,"href":"https:\/\/diariotextual.com\/inicio\/index.php\/wp-json\/wp\/v2\/posts\/151316\/revisions"}],"predecessor-version":[{"id":151317,"href":"https:\/\/diariotextual.com\/inicio\/index.php\/wp-json\/wp\/v2\/posts\/151316\/revisions\/151317"}],"wp:featuredmedia":[{"embeddable":true,"href":"https:\/\/diariotextual.com\/inicio\/index.php\/wp-json\/wp\/v2\/media\/141340"}],"wp:attachment":[{"href":"https:\/\/diariotextual.com\/inicio\/index.php\/wp-json\/wp\/v2\/media?parent=151316"}],"wp:term":[{"taxonomy":"category","embeddable":true,"href":"https:\/\/diariotextual.com\/inicio\/index.php\/wp-json\/wp\/v2\/categories?post=151316"},{"taxonomy":"post_tag","embeddable":true,"href":"https:\/\/diariotextual.com\/inicio\/index.php\/wp-json\/wp\/v2\/tags?post=151316"}],"curies":[{"name":"wp","href":"https:\/\/api.w.org\/{rel}","templated":true}]}}