{"id":151331,"date":"2021-06-23T16:11:14","date_gmt":"2021-06-23T19:11:14","guid":{"rendered":"https:\/\/diariotextual.com\/inicio\/?p=151331"},"modified":"2021-06-24T07:43:20","modified_gmt":"2021-06-24T10:43:20","slug":"vuelven-las-clases-presenciales-en-primero-y-segundo-grado-de-santa-rosa-pico-y-otras-localidades","status":"publish","type":"post","link":"https:\/\/diariotextual.com\/inicio\/index.php\/2021\/06\/23\/vuelven-las-clases-presenciales-en-primero-y-segundo-grado-de-santa-rosa-pico-y-otras-localidades\/","title":{"rendered":"Vuelven las clases presenciales en primero y segundo grado de Santa Rosa, Pico y otras localidades"},"content":{"rendered":"\n<p>El Ministerio de Educaci\u00f3n de La Pampa comunic\u00f3 que a partir del lunes 28 de junio y hasta el 8 de julio inclusive, volver\u00e1n las clases presenciales a m\u00e1s localidades: se adoptar\u00e1 la forma de escolarizaci\u00f3n combinada de manera focalizada en instituciones educativas ubicadas en Santa Rosa, Anguil, Toay, General Pico, Agustoni, Dorila, Tel\u00e9n, Victorica, Eduardo Castex, Trenel, Realic\u00f3, Intendente Alvear, 25 de Mayo y Catril\u00f3.<\/p>\n\n\n\n<p>De todas maneras, la presencialidad ser\u00e1 acotada a algunos grados. En estos\/as departamentos y localidades, se regresa a la presencialidad combinada en salas de 5 a\u00f1os y salas multiedad de 4 y 5 a\u00f1os de Educaci\u00f3n Inicial, 1\u00b0 y 2\u00b0 grado de Educaci\u00f3n Primaria. Tambi\u00e9n incluye a espacios curriculares del campo de las Pr\u00e1cticas Profesionalizantes de las Tecnicaturas pertenecientes a la modalidad Educaci\u00f3n T\u00e9cnico Profesional de nivel Secundario y tutor\u00edas con apoyos focalizados a los\/as estudiantes de nivel Secundario, modalidad Educaci\u00f3n Permanente de J\u00f3venes y Adultos y nivel Superior (\u00e9stas \u00faltimas en caso de ser necesario). Adem\u00e1s, menciona a los Programas de Apoyo Focalizado (P.A.F) en las instituciones y servicios educativos de los Niveles Inicial, Primario y Secundario de la Provincia (en caso de ser necesario), y a los cursos de Formaci\u00f3n Profesional 2020 que deben obtener sus certificaciones en el corriente ciclo lectivo (\u00e9stos \u00faltimos en todo el territorio provincial).<\/p>\n\n\n\n<p>En tanto, en el resto de las localidades, donde se reinici\u00f3 esta semana la presencialidad, se contin\u00faa con la forma de escolarizaci\u00f3n combinada: se alternan tiempos de trabajo de todos\/as los y las estudiantes con asistencia a clases presenciales y con actividades educativas en situaciones de no presencialidad mediadas por diferentes instrumentos y soportes.<\/p>\n\n\n\n<p><\/p>\n","protected":false},"excerpt":{"rendered":"<p>El Ministerio de Educaci\u00f3n de La Pampa comunic\u00f3 que a partir del lunes 28 de junio y hasta el 8 de julio inclusive, volver\u00e1n las clases presenciales a m\u00e1s localidades:&hellip;<\/p>\n","protected":false},"author":3,"featured_media":151332,"comment_status":"closed","ping_status":"open","sticky":false,"template":"","format":"standard","meta":{"_acf_changed":false,"footnotes":""},"categories":[10,12],"tags":[991],"class_list":["post-151331","post","type-post","status-publish","format-standard","has-post-thumbnail","hentry","category-portada-2","category-sociedad","tag-clases"],"acf":[],"yoast_head":"<!-- This site is optimized with the Yoast SEO plugin v27.5 - https:\/\/yoast.com\/product\/yoast-seo-wordpress\/ -->\n<title>Vuelven las clases presenciales en primero y segundo grado de Santa Rosa, Pico y otras localidades - Diario Textual<\/title>\n<meta name=\"robots\" content=\"index, follow, max-snippet:-1, max-image-preview:large, max-video-preview:-1\" \/>\n<link rel=\"canonical\" href=\"https:\/\/diariotextual.com\/inicio\/index.php\/2021\/06\/23\/vuelven-las-clases-presenciales-en-primero-y-segundo-grado-de-santa-rosa-pico-y-otras-localidades\/\" \/>\n<meta property=\"og:locale\" content=\"es_ES\" \/>\n<meta property=\"og:type\" content=\"article\" \/>\n<meta property=\"og:title\" content=\"Vuelven las clases presenciales en primero y segundo grado de Santa Rosa, Pico y otras localidades - Diario Textual\" \/>\n<meta property=\"og:description\" content=\"El Ministerio de Educaci\u00f3n de La Pampa comunic\u00f3 que a partir del lunes 28 de junio y hasta el 8 de julio inclusive, volver\u00e1n las clases presenciales a m\u00e1s localidades:&hellip;\" \/>\n<meta property=\"og:url\" content=\"https:\/\/diariotextual.com\/inicio\/index.php\/2021\/06\/23\/vuelven-las-clases-presenciales-en-primero-y-segundo-grado-de-santa-rosa-pico-y-otras-localidades\/\" \/>\n<meta property=\"og:site_name\" content=\"Diario Textual\" \/>\n<meta property=\"article:publisher\" content=\"https:\/\/www.facebook.com\/eltextual\" \/>\n<meta property=\"article:published_time\" content=\"2021-06-23T19:11:14+00:00\" \/>\n<meta property=\"article:modified_time\" content=\"2021-06-24T10:43:20+00:00\" \/>\n<meta property=\"og:image\" content=\"https:\/\/diariotextual.com\/inicio\/wp-content\/uploads\/2021\/06\/clasesaulasalumnosescuelascoronavirusprevencion2021-12.jpg\" \/>\n\t<meta property=\"og:image:width\" content=\"900\" \/>\n\t<meta property=\"og:image:height\" content=\"507\" \/>\n\t<meta property=\"og:image:type\" content=\"image\/jpeg\" \/>\n<meta name=\"author\" content=\"Diario1 Diario1\" \/>\n<meta name=\"twitter:card\" content=\"summary_large_image\" \/>\n<meta name=\"twitter:creator\" content=\"@eltextual\" \/>\n<meta name=\"twitter:site\" content=\"@eltextual\" \/>\n<meta name=\"twitter:label1\" content=\"Escrito por\" \/>\n\t<meta name=\"twitter:data1\" content=\"Diario1 Diario1\" \/>\n\t<meta name=\"twitter:label2\" content=\"Tiempo de lectura\" \/>\n\t<meta name=\"twitter:data2\" content=\"2 minutos\" \/>\n<script type=\"application\/ld+json\" class=\"yoast-schema-graph\">{\"@context\":\"https:\\\/\\\/schema.org\",\"@graph\":[{\"@type\":\"Article\",\"@id\":\"https:\\\/\\\/diariotextual.com\\\/inicio\\\/index.php\\\/2021\\\/06\\\/23\\\/vuelven-las-clases-presenciales-en-primero-y-segundo-grado-de-santa-rosa-pico-y-otras-localidades\\\/#article\",\"isPartOf\":{\"@id\":\"https:\\\/\\\/diariotextual.com\\\/inicio\\\/index.php\\\/2021\\\/06\\\/23\\\/vuelven-las-clases-presenciales-en-primero-y-segundo-grado-de-santa-rosa-pico-y-otras-localidades\\\/\"},\"author\":{\"name\":\"Diario1 Diario1\",\"@id\":\"https:\\\/\\\/diariotextual.com\\\/inicio\\\/#\\\/schema\\\/person\\\/418fc4093c33e86ed41562db3508f958\"},\"headline\":\"Vuelven las clases presenciales en primero y segundo grado de Santa Rosa, Pico y otras localidades\",\"datePublished\":\"2021-06-23T19:11:14+00:00\",\"dateModified\":\"2021-06-24T10:43:20+00:00\",\"mainEntityOfPage\":{\"@id\":\"https:\\\/\\\/diariotextual.com\\\/inicio\\\/index.php\\\/2021\\\/06\\\/23\\\/vuelven-las-clases-presenciales-en-primero-y-segundo-grado-de-santa-rosa-pico-y-otras-localidades\\\/\"},\"wordCount\":303,\"publisher\":{\"@id\":\"https:\\\/\\\/diariotextual.com\\\/inicio\\\/#organization\"},\"image\":{\"@id\":\"https:\\\/\\\/diariotextual.com\\\/inicio\\\/index.php\\\/2021\\\/06\\\/23\\\/vuelven-las-clases-presenciales-en-primero-y-segundo-grado-de-santa-rosa-pico-y-otras-localidades\\\/#primaryimage\"},\"thumbnailUrl\":\"https:\\\/\\\/diariotextual.com\\\/inicio\\\/wp-content\\\/uploads\\\/2021\\\/06\\\/clasesaulasalumnosescuelascoronavirusprevencion2021-12.jpg\",\"keywords\":[\"clases\"],\"articleSection\":[\"A - PORTADA2\",\"SOCIEDAD\"],\"inLanguage\":\"es\"},{\"@type\":\"WebPage\",\"@id\":\"https:\\\/\\\/diariotextual.com\\\/inicio\\\/index.php\\\/2021\\\/06\\\/23\\\/vuelven-las-clases-presenciales-en-primero-y-segundo-grado-de-santa-rosa-pico-y-otras-localidades\\\/\",\"url\":\"https:\\\/\\\/diariotextual.com\\\/inicio\\\/index.php\\\/2021\\\/06\\\/23\\\/vuelven-las-clases-presenciales-en-primero-y-segundo-grado-de-santa-rosa-pico-y-otras-localidades\\\/\",\"name\":\"Vuelven las clases presenciales en primero y segundo grado de Santa Rosa, Pico y otras localidades - Diario Textual\",\"isPartOf\":{\"@id\":\"https:\\\/\\\/diariotextual.com\\\/inicio\\\/#website\"},\"primaryImageOfPage\":{\"@id\":\"https:\\\/\\\/diariotextual.com\\\/inicio\\\/index.php\\\/2021\\\/06\\\/23\\\/vuelven-las-clases-presenciales-en-primero-y-segundo-grado-de-santa-rosa-pico-y-otras-localidades\\\/#primaryimage\"},\"image\":{\"@id\":\"https:\\\/\\\/diariotextual.com\\\/inicio\\\/index.php\\\/2021\\\/06\\\/23\\\/vuelven-las-clases-presenciales-en-primero-y-segundo-grado-de-santa-rosa-pico-y-otras-localidades\\\/#primaryimage\"},\"thumbnailUrl\":\"https:\\\/\\\/diariotextual.com\\\/inicio\\\/wp-content\\\/uploads\\\/2021\\\/06\\\/clasesaulasalumnosescuelascoronavirusprevencion2021-12.jpg\",\"datePublished\":\"2021-06-23T19:11:14+00:00\",\"dateModified\":\"2021-06-24T10:43:20+00:00\",\"breadcrumb\":{\"@id\":\"https:\\\/\\\/diariotextual.com\\\/inicio\\\/index.php\\\/2021\\\/06\\\/23\\\/vuelven-las-clases-presenciales-en-primero-y-segundo-grado-de-santa-rosa-pico-y-otras-localidades\\\/#breadcrumb\"},\"inLanguage\":\"es\",\"potentialAction\":[{\"@type\":\"ReadAction\",\"target\":[\"https:\\\/\\\/diariotextual.com\\\/inicio\\\/index.php\\\/2021\\\/06\\\/23\\\/vuelven-las-clases-presenciales-en-primero-y-segundo-grado-de-santa-rosa-pico-y-otras-localidades\\\/\"]}]},{\"@type\":\"ImageObject\",\"inLanguage\":\"es\",\"@id\":\"https:\\\/\\\/diariotextual.com\\\/inicio\\\/index.php\\\/2021\\\/06\\\/23\\\/vuelven-las-clases-presenciales-en-primero-y-segundo-grado-de-santa-rosa-pico-y-otras-localidades\\\/#primaryimage\",\"url\":\"https:\\\/\\\/diariotextual.com\\\/inicio\\\/wp-content\\\/uploads\\\/2021\\\/06\\\/clasesaulasalumnosescuelascoronavirusprevencion2021-12.jpg\",\"contentUrl\":\"https:\\\/\\\/diariotextual.com\\\/inicio\\\/wp-content\\\/uploads\\\/2021\\\/06\\\/clasesaulasalumnosescuelascoronavirusprevencion2021-12.jpg\",\"width\":900,\"height\":507},{\"@type\":\"BreadcrumbList\",\"@id\":\"https:\\\/\\\/diariotextual.com\\\/inicio\\\/index.php\\\/2021\\\/06\\\/23\\\/vuelven-las-clases-presenciales-en-primero-y-segundo-grado-de-santa-rosa-pico-y-otras-localidades\\\/#breadcrumb\",\"itemListElement\":[{\"@type\":\"ListItem\",\"position\":1,\"name\":\"Portada\",\"item\":\"https:\\\/\\\/diariotextual.com\\\/inicio\\\/\"},{\"@type\":\"ListItem\",\"position\":2,\"name\":\"Vuelven las clases presenciales en primero y segundo grado de Santa Rosa, Pico y otras localidades\"}]},{\"@type\":\"WebSite\",\"@id\":\"https:\\\/\\\/diariotextual.com\\\/inicio\\\/#website\",\"url\":\"https:\\\/\\\/diariotextual.com\\\/inicio\\\/\",\"name\":\"Diario Textual\",\"description\":\"\",\"publisher\":{\"@id\":\"https:\\\/\\\/diariotextual.com\\\/inicio\\\/#organization\"},\"potentialAction\":[{\"@type\":\"SearchAction\",\"target\":{\"@type\":\"EntryPoint\",\"urlTemplate\":\"https:\\\/\\\/diariotextual.com\\\/inicio\\\/?s={search_term_string}\"},\"query-input\":{\"@type\":\"PropertyValueSpecification\",\"valueRequired\":true,\"valueName\":\"search_term_string\"}}],\"inLanguage\":\"es\"},{\"@type\":\"Organization\",\"@id\":\"https:\\\/\\\/diariotextual.com\\\/inicio\\\/#organization\",\"name\":\"Diario Textual\",\"url\":\"https:\\\/\\\/diariotextual.com\\\/inicio\\\/\",\"logo\":{\"@type\":\"ImageObject\",\"inLanguage\":\"es\",\"@id\":\"https:\\\/\\\/diariotextual.com\\\/inicio\\\/#\\\/schema\\\/logo\\\/image\\\/\",\"url\":\"https:\\\/\\\/diariotextual.com\\\/inicio\\\/wp-content\\\/uploads\\\/2023\\\/05\\\/logotextual1.jpg\",\"contentUrl\":\"https:\\\/\\\/diariotextual.com\\\/inicio\\\/wp-content\\\/uploads\\\/2023\\\/05\\\/logotextual1.jpg\",\"width\":516,\"height\":76,\"caption\":\"Diario Textual\"},\"image\":{\"@id\":\"https:\\\/\\\/diariotextual.com\\\/inicio\\\/#\\\/schema\\\/logo\\\/image\\\/\"},\"sameAs\":[\"https:\\\/\\\/www.facebook.com\\\/eltextual\",\"https:\\\/\\\/x.com\\\/eltextual\",\"http:\\\/\\\/www.instagram.com\\\/eltextual\"]},{\"@type\":\"Person\",\"@id\":\"https:\\\/\\\/diariotextual.com\\\/inicio\\\/#\\\/schema\\\/person\\\/418fc4093c33e86ed41562db3508f958\",\"name\":\"Diario1 Diario1\",\"image\":{\"@type\":\"ImageObject\",\"inLanguage\":\"es\",\"@id\":\"https:\\\/\\\/secure.gravatar.com\\\/avatar\\\/9167d280179c85bc18be67aa7eda765854300033af4896dd779b608640f2ef7a?s=96&d=mm&r=g\",\"url\":\"https:\\\/\\\/secure.gravatar.com\\\/avatar\\\/9167d280179c85bc18be67aa7eda765854300033af4896dd779b608640f2ef7a?s=96&d=mm&r=g\",\"contentUrl\":\"https:\\\/\\\/secure.gravatar.com\\\/avatar\\\/9167d280179c85bc18be67aa7eda765854300033af4896dd779b608640f2ef7a?s=96&d=mm&r=g\",\"caption\":\"Diario1 Diario1\"},\"url\":\"https:\\\/\\\/diariotextual.com\\\/inicio\\\/index.php\\\/author\\\/diario1\\\/\"}]}<\/script>\n<!-- \/ Yoast SEO plugin. -->","yoast_head_json":{"title":"Vuelven las clases presenciales en primero y segundo grado de Santa Rosa, Pico y otras localidades - Diario Textual","robots":{"index":"index","follow":"follow","max-snippet":"max-snippet:-1","max-image-preview":"max-image-preview:large","max-video-preview":"max-video-preview:-1"},"canonical":"https:\/\/diariotextual.com\/inicio\/index.php\/2021\/06\/23\/vuelven-las-clases-presenciales-en-primero-y-segundo-grado-de-santa-rosa-pico-y-otras-localidades\/","og_locale":"es_ES","og_type":"article","og_title":"Vuelven las clases presenciales en primero y segundo grado de Santa Rosa, Pico y otras localidades - Diario Textual","og_description":"El Ministerio de Educaci\u00f3n de La Pampa comunic\u00f3 que a partir del lunes 28 de junio y hasta el 8 de julio inclusive, volver\u00e1n las clases presenciales a m\u00e1s localidades:&hellip;","og_url":"https:\/\/diariotextual.com\/inicio\/index.php\/2021\/06\/23\/vuelven-las-clases-presenciales-en-primero-y-segundo-grado-de-santa-rosa-pico-y-otras-localidades\/","og_site_name":"Diario Textual","article_publisher":"https:\/\/www.facebook.com\/eltextual","article_published_time":"2021-06-23T19:11:14+00:00","article_modified_time":"2021-06-24T10:43:20+00:00","og_image":[{"width":900,"height":507,"url":"https:\/\/diariotextual.com\/inicio\/wp-content\/uploads\/2021\/06\/clasesaulasalumnosescuelascoronavirusprevencion2021-12.jpg","type":"image\/jpeg"}],"author":"Diario1 Diario1","twitter_card":"summary_large_image","twitter_creator":"@eltextual","twitter_site":"@eltextual","twitter_misc":{"Escrito por":"Diario1 Diario1","Tiempo de lectura":"2 minutos"},"schema":{"@context":"https:\/\/schema.org","@graph":[{"@type":"Article","@id":"https:\/\/diariotextual.com\/inicio\/index.php\/2021\/06\/23\/vuelven-las-clases-presenciales-en-primero-y-segundo-grado-de-santa-rosa-pico-y-otras-localidades\/#article","isPartOf":{"@id":"https:\/\/diariotextual.com\/inicio\/index.php\/2021\/06\/23\/vuelven-las-clases-presenciales-en-primero-y-segundo-grado-de-santa-rosa-pico-y-otras-localidades\/"},"author":{"name":"Diario1 Diario1","@id":"https:\/\/diariotextual.com\/inicio\/#\/schema\/person\/418fc4093c33e86ed41562db3508f958"},"headline":"Vuelven las clases presenciales en primero y segundo grado de Santa Rosa, Pico y otras localidades","datePublished":"2021-06-23T19:11:14+00:00","dateModified":"2021-06-24T10:43:20+00:00","mainEntityOfPage":{"@id":"https:\/\/diariotextual.com\/inicio\/index.php\/2021\/06\/23\/vuelven-las-clases-presenciales-en-primero-y-segundo-grado-de-santa-rosa-pico-y-otras-localidades\/"},"wordCount":303,"publisher":{"@id":"https:\/\/diariotextual.com\/inicio\/#organization"},"image":{"@id":"https:\/\/diariotextual.com\/inicio\/index.php\/2021\/06\/23\/vuelven-las-clases-presenciales-en-primero-y-segundo-grado-de-santa-rosa-pico-y-otras-localidades\/#primaryimage"},"thumbnailUrl":"https:\/\/diariotextual.com\/inicio\/wp-content\/uploads\/2021\/06\/clasesaulasalumnosescuelascoronavirusprevencion2021-12.jpg","keywords":["clases"],"articleSection":["A - PORTADA2","SOCIEDAD"],"inLanguage":"es"},{"@type":"WebPage","@id":"https:\/\/diariotextual.com\/inicio\/index.php\/2021\/06\/23\/vuelven-las-clases-presenciales-en-primero-y-segundo-grado-de-santa-rosa-pico-y-otras-localidades\/","url":"https:\/\/diariotextual.com\/inicio\/index.php\/2021\/06\/23\/vuelven-las-clases-presenciales-en-primero-y-segundo-grado-de-santa-rosa-pico-y-otras-localidades\/","name":"Vuelven las clases presenciales en primero y segundo grado de Santa Rosa, Pico y otras localidades - Diario Textual","isPartOf":{"@id":"https:\/\/diariotextual.com\/inicio\/#website"},"primaryImageOfPage":{"@id":"https:\/\/diariotextual.com\/inicio\/index.php\/2021\/06\/23\/vuelven-las-clases-presenciales-en-primero-y-segundo-grado-de-santa-rosa-pico-y-otras-localidades\/#primaryimage"},"image":{"@id":"https:\/\/diariotextual.com\/inicio\/index.php\/2021\/06\/23\/vuelven-las-clases-presenciales-en-primero-y-segundo-grado-de-santa-rosa-pico-y-otras-localidades\/#primaryimage"},"thumbnailUrl":"https:\/\/diariotextual.com\/inicio\/wp-content\/uploads\/2021\/06\/clasesaulasalumnosescuelascoronavirusprevencion2021-12.jpg","datePublished":"2021-06-23T19:11:14+00:00","dateModified":"2021-06-24T10:43:20+00:00","breadcrumb":{"@id":"https:\/\/diariotextual.com\/inicio\/index.php\/2021\/06\/23\/vuelven-las-clases-presenciales-en-primero-y-segundo-grado-de-santa-rosa-pico-y-otras-localidades\/#breadcrumb"},"inLanguage":"es","potentialAction":[{"@type":"ReadAction","target":["https:\/\/diariotextual.com\/inicio\/index.php\/2021\/06\/23\/vuelven-las-clases-presenciales-en-primero-y-segundo-grado-de-santa-rosa-pico-y-otras-localidades\/"]}]},{"@type":"ImageObject","inLanguage":"es","@id":"https:\/\/diariotextual.com\/inicio\/index.php\/2021\/06\/23\/vuelven-las-clases-presenciales-en-primero-y-segundo-grado-de-santa-rosa-pico-y-otras-localidades\/#primaryimage","url":"https:\/\/diariotextual.com\/inicio\/wp-content\/uploads\/2021\/06\/clasesaulasalumnosescuelascoronavirusprevencion2021-12.jpg","contentUrl":"https:\/\/diariotextual.com\/inicio\/wp-content\/uploads\/2021\/06\/clasesaulasalumnosescuelascoronavirusprevencion2021-12.jpg","width":900,"height":507},{"@type":"BreadcrumbList","@id":"https:\/\/diariotextual.com\/inicio\/index.php\/2021\/06\/23\/vuelven-las-clases-presenciales-en-primero-y-segundo-grado-de-santa-rosa-pico-y-otras-localidades\/#breadcrumb","itemListElement":[{"@type":"ListItem","position":1,"name":"Portada","item":"https:\/\/diariotextual.com\/inicio\/"},{"@type":"ListItem","position":2,"name":"Vuelven las clases presenciales en primero y segundo grado de Santa Rosa, Pico y otras localidades"}]},{"@type":"WebSite","@id":"https:\/\/diariotextual.com\/inicio\/#website","url":"https:\/\/diariotextual.com\/inicio\/","name":"Diario Textual","description":"","publisher":{"@id":"https:\/\/diariotextual.com\/inicio\/#organization"},"potentialAction":[{"@type":"SearchAction","target":{"@type":"EntryPoint","urlTemplate":"https:\/\/diariotextual.com\/inicio\/?s={search_term_string}"},"query-input":{"@type":"PropertyValueSpecification","valueRequired":true,"valueName":"search_term_string"}}],"inLanguage":"es"},{"@type":"Organization","@id":"https:\/\/diariotextual.com\/inicio\/#organization","name":"Diario Textual","url":"https:\/\/diariotextual.com\/inicio\/","logo":{"@type":"ImageObject","inLanguage":"es","@id":"https:\/\/diariotextual.com\/inicio\/#\/schema\/logo\/image\/","url":"https:\/\/diariotextual.com\/inicio\/wp-content\/uploads\/2023\/05\/logotextual1.jpg","contentUrl":"https:\/\/diariotextual.com\/inicio\/wp-content\/uploads\/2023\/05\/logotextual1.jpg","width":516,"height":76,"caption":"Diario Textual"},"image":{"@id":"https:\/\/diariotextual.com\/inicio\/#\/schema\/logo\/image\/"},"sameAs":["https:\/\/www.facebook.com\/eltextual","https:\/\/x.com\/eltextual","http:\/\/www.instagram.com\/eltextual"]},{"@type":"Person","@id":"https:\/\/diariotextual.com\/inicio\/#\/schema\/person\/418fc4093c33e86ed41562db3508f958","name":"Diario1 Diario1","image":{"@type":"ImageObject","inLanguage":"es","@id":"https:\/\/secure.gravatar.com\/avatar\/9167d280179c85bc18be67aa7eda765854300033af4896dd779b608640f2ef7a?s=96&d=mm&r=g","url":"https:\/\/secure.gravatar.com\/avatar\/9167d280179c85bc18be67aa7eda765854300033af4896dd779b608640f2ef7a?s=96&d=mm&r=g","contentUrl":"https:\/\/secure.gravatar.com\/avatar\/9167d280179c85bc18be67aa7eda765854300033af4896dd779b608640f2ef7a?s=96&d=mm&r=g","caption":"Diario1 Diario1"},"url":"https:\/\/diariotextual.com\/inicio\/index.php\/author\/diario1\/"}]}},"_links":{"self":[{"href":"https:\/\/diariotextual.com\/inicio\/index.php\/wp-json\/wp\/v2\/posts\/151331","targetHints":{"allow":["GET"]}}],"collection":[{"href":"https:\/\/diariotextual.com\/inicio\/index.php\/wp-json\/wp\/v2\/posts"}],"about":[{"href":"https:\/\/diariotextual.com\/inicio\/index.php\/wp-json\/wp\/v2\/types\/post"}],"author":[{"embeddable":true,"href":"https:\/\/diariotextual.com\/inicio\/index.php\/wp-json\/wp\/v2\/users\/3"}],"replies":[{"embeddable":true,"href":"https:\/\/diariotextual.com\/inicio\/index.php\/wp-json\/wp\/v2\/comments?post=151331"}],"version-history":[{"count":2,"href":"https:\/\/diariotextual.com\/inicio\/index.php\/wp-json\/wp\/v2\/posts\/151331\/revisions"}],"predecessor-version":[{"id":151335,"href":"https:\/\/diariotextual.com\/inicio\/index.php\/wp-json\/wp\/v2\/posts\/151331\/revisions\/151335"}],"wp:featuredmedia":[{"embeddable":true,"href":"https:\/\/diariotextual.com\/inicio\/index.php\/wp-json\/wp\/v2\/media\/151332"}],"wp:attachment":[{"href":"https:\/\/diariotextual.com\/inicio\/index.php\/wp-json\/wp\/v2\/media?parent=151331"}],"wp:term":[{"taxonomy":"category","embeddable":true,"href":"https:\/\/diariotextual.com\/inicio\/index.php\/wp-json\/wp\/v2\/categories?post=151331"},{"taxonomy":"post_tag","embeddable":true,"href":"https:\/\/diariotextual.com\/inicio\/index.php\/wp-json\/wp\/v2\/tags?post=151331"}],"curies":[{"name":"wp","href":"https:\/\/api.w.org\/{rel}","templated":true}]}}