{"id":151602,"date":"2021-06-25T11:18:59","date_gmt":"2021-06-25T14:18:59","guid":{"rendered":"https:\/\/diariotextual.com\/inicio\/?p=151602"},"modified":"2021-06-25T19:21:39","modified_gmt":"2021-06-25T22:21:39","slug":"la-vuelta-a-clases-es-focalizada-como-lo-venimos-pidiendo","status":"publish","type":"post","link":"https:\/\/diariotextual.com\/inicio\/index.php\/2021\/06\/25\/la-vuelta-a-clases-es-focalizada-como-lo-venimos-pidiendo\/","title":{"rendered":"\u201cLa vuelta a clases es focalizada, como lo venimos pidiendo\u201d"},"content":{"rendered":"\n<p>Lilia L\u00f3pez, secretaria general de la Uni\u00f3n de Trabajadores de la Educaci\u00f3n de La Pampa (Utelpa), manifest\u00f3 <strong>su acuerdo con la modalidad de regreso a clases en la provincia, bajo la modalidad focalizada<\/strong>, y que fue una idea planteada desde hace tiempo por el gremio docente.<\/p>\n\n\n\n<p>El<strong> lunes pasado, en casi 70 localidades de La Pampa, ya hab\u00edan regresado a las aulas los alumnos<\/strong> y desde e<strong>ste lunes 28 se regresa a la presencialidad combinada en salas de 5 a\u00f1os y salas multiedad de 4 y 5 a\u00f1os de Educaci\u00f3n Inicial, 1\u00b0 y 2\u00b0 grado de Educaci\u00f3n Primaria<\/strong>, en escuelas de Santa Rosa, Anguil, Toay, General Pico, Agustoni, Dorila, Tel\u00e9n, Victorica, Eduardo Castex, Trenel, Realic\u00f3, Intendente Alvear, 25 de Mayo y Catril\u00f3. \u00a0<\/p>\n\n\n\n<figure class=\"wp-block-embed is-type-wp-embed is-provider-diario-textual wp-block-embed-diario-textual\"><div class=\"wp-block-embed__wrapper\">\n<blockquote class=\"wp-embedded-content\" data-secret=\"UX4d5XuY40\"><a href=\"https:\/\/diariotextual.com\/inicio\/index.php\/2021\/06\/23\/vuelven-las-clases-presenciales-en-primero-y-segundo-grado-de-santa-rosa-pico-y-otras-localidades\/\">Vuelven las clases presenciales en primero y segundo grado de Santa Rosa, Pico y otras localidades<\/a><\/blockquote><iframe class=\"wp-embedded-content\" sandbox=\"allow-scripts\" security=\"restricted\" style=\"position: absolute; clip: rect(1px, 1px, 1px, 1px);\" title=\"\u00abVuelven las clases presenciales en primero y segundo grado de Santa Rosa, Pico y otras localidades\u00bb \u2014 Diario Textual\" src=\"https:\/\/diariotextual.com\/inicio\/index.php\/2021\/06\/23\/vuelven-las-clases-presenciales-en-primero-y-segundo-grado-de-santa-rosa-pico-y-otras-localidades\/embed\/#?secret=UX4d5XuY40\" data-secret=\"UX4d5XuY40\" width=\"600\" height=\"338\" frameborder=\"0\" marginwidth=\"0\" marginheight=\"0\" scrolling=\"no\"><\/iframe>\n<\/div><\/figure>\n\n\n\n<p>\u201cLa vuelta es focalizada como venimos pidi\u00e9ndolo desde hace tiempo. De todos modos, la<strong> Comisi\u00f3n Mixta de Seguridad y Salud en el Trabajo analizar\u00e1 el d\u00eda a d\u00eda y estaremos atentos a si se incrementan los casos<\/strong>\u201d, dijo L\u00f3pez a Diario Textual.<\/p>\n\n\n\n<p>La dirigente gremial asegur\u00f3 que <strong>en el nivel Secundario volver\u00e1n los estudiantes que lo necesiten bajo la figura de tutor\u00edas con apoyos focalizados<\/strong>, adem\u00e1s de que se incluy\u00f3 los que asisten con la modalidad Educaci\u00f3n Permanente de J\u00f3venes y Adultos y nivel Superior.<\/p>\n\n\n\n<figure class=\"wp-block-embed is-type-wp-embed is-provider-diario-textual wp-block-embed-diario-textual\"><div class=\"wp-block-embed__wrapper\">\n<blockquote class=\"wp-embedded-content\" data-secret=\"0tPnqGUzhY\"><a href=\"https:\/\/diariotextual.com\/inicio\/index.php\/2021\/06\/22\/vuelven-a-las-clases-presenciales-a-unos-70-pueblos-de-la-pampa\/\">Volvieron las clases presenciales a unos 70 pueblos de La Pampa<\/a><\/blockquote><iframe class=\"wp-embedded-content\" sandbox=\"allow-scripts\" security=\"restricted\" style=\"position: absolute; clip: rect(1px, 1px, 1px, 1px);\" title=\"\u00abVolvieron las clases presenciales a unos 70 pueblos de La Pampa\u00bb \u2014 Diario Textual\" src=\"https:\/\/diariotextual.com\/inicio\/index.php\/2021\/06\/22\/vuelven-a-las-clases-presenciales-a-unos-70-pueblos-de-la-pampa\/embed\/#?secret=0tPnqGUzhY\" data-secret=\"0tPnqGUzhY\" width=\"600\" height=\"338\" frameborder=\"0\" marginwidth=\"0\" marginheight=\"0\" scrolling=\"no\"><\/iframe>\n<\/div><\/figure>\n\n\n\n<p>L\u00f3pez tambi\u00e9n destac\u00f3 que <strong>el 95 por ciento de los docentes activos frente a clases ya est\u00e1 vacunado<\/strong> con una dosis: \u201cS\u00f3lo queda un 5% que no han recibido la vacuna porque est\u00e1n contagiados o han estado con coronavirus y todav\u00eda no se han podido vacunar\u201d.<\/p>\n\n\n\n<p>\u201cSe avanz\u00f3 progresivamente con la vacuna y eso hay que destacarlo\u201d, reconoci\u00f3 la dirigente de Utelpa, quien afirm\u00f3 que ya <strong>hay un n\u00famero importante de docentes que tienen las dos dosis aplicadas.<\/strong><\/p>\n\n\n\n<p>Y concluy\u00f3: \u201cLa verdad que <strong>la situaci\u00f3n sigue siendo cr\u00edtica<\/strong> en muchas partes y <strong>no podemos planificar a futuro\u201d<\/strong>.<\/p>\n","protected":false},"excerpt":{"rendered":"<p>Lilia L\u00f3pez, secretaria general de la Uni\u00f3n de Trabajadores de la Educaci\u00f3n de La Pampa (Utelpa), manifest\u00f3 su acuerdo con la modalidad de regreso a clases en la provincia, bajo&hellip;<\/p>\n","protected":false},"author":5,"featured_media":50368,"comment_status":"closed","ping_status":"open","sticky":false,"template":"","format":"standard","meta":{"_acf_changed":false,"footnotes":""},"categories":[10,12],"tags":[5697,980,59],"class_list":["post-151602","post","type-post","status-publish","format-standard","has-post-thumbnail","hentry","category-portada-2","category-sociedad","tag-clases-focalizadas","tag-educacion","tag-utelpa"],"acf":[],"yoast_head":"<!-- This site is optimized with the Yoast SEO plugin v27.5 - https:\/\/yoast.com\/product\/yoast-seo-wordpress\/ -->\n<title>\u201cLa vuelta a clases es focalizada, como lo venimos pidiendo\u201d - Diario Textual<\/title>\n<meta name=\"robots\" content=\"index, follow, max-snippet:-1, max-image-preview:large, max-video-preview:-1\" \/>\n<link rel=\"canonical\" href=\"https:\/\/diariotextual.com\/inicio\/index.php\/2021\/06\/25\/la-vuelta-a-clases-es-focalizada-como-lo-venimos-pidiendo\/\" \/>\n<meta property=\"og:locale\" content=\"es_ES\" \/>\n<meta property=\"og:type\" content=\"article\" \/>\n<meta property=\"og:title\" content=\"\u201cLa vuelta a clases es focalizada, como lo venimos pidiendo\u201d - Diario Textual\" \/>\n<meta property=\"og:description\" content=\"Lilia L\u00f3pez, secretaria general de la Uni\u00f3n de Trabajadores de la Educaci\u00f3n de La Pampa (Utelpa), manifest\u00f3 su acuerdo con la modalidad de regreso a clases en la provincia, bajo&hellip;\" \/>\n<meta property=\"og:url\" content=\"https:\/\/diariotextual.com\/inicio\/index.php\/2021\/06\/25\/la-vuelta-a-clases-es-focalizada-como-lo-venimos-pidiendo\/\" \/>\n<meta property=\"og:site_name\" content=\"Diario Textual\" \/>\n<meta property=\"article:publisher\" content=\"https:\/\/www.facebook.com\/eltextual\" \/>\n<meta property=\"article:published_time\" content=\"2021-06-25T14:18:59+00:00\" \/>\n<meta property=\"article:modified_time\" content=\"2021-06-25T22:21:39+00:00\" \/>\n<meta property=\"og:image\" content=\"https:\/\/diariotextual.com\/inicio\/wp-content\/uploads\/2019\/05\/lopezliliaparonacional2019312.jpg\" \/>\n\t<meta property=\"og:image:width\" content=\"788\" \/>\n\t<meta property=\"og:image:height\" content=\"447\" \/>\n\t<meta property=\"og:image:type\" content=\"image\/jpeg\" \/>\n<meta name=\"author\" content=\"diario3\" \/>\n<meta name=\"twitter:card\" content=\"summary_large_image\" \/>\n<meta name=\"twitter:creator\" content=\"@eltextual\" \/>\n<meta name=\"twitter:site\" content=\"@eltextual\" \/>\n<meta name=\"twitter:label1\" content=\"Escrito por\" \/>\n\t<meta name=\"twitter:data1\" content=\"diario3\" \/>\n\t<meta name=\"twitter:label2\" content=\"Tiempo de lectura\" \/>\n\t<meta name=\"twitter:data2\" content=\"2 minutos\" \/>\n<script type=\"application\/ld+json\" class=\"yoast-schema-graph\">{\"@context\":\"https:\\\/\\\/schema.org\",\"@graph\":[{\"@type\":\"Article\",\"@id\":\"https:\\\/\\\/diariotextual.com\\\/inicio\\\/index.php\\\/2021\\\/06\\\/25\\\/la-vuelta-a-clases-es-focalizada-como-lo-venimos-pidiendo\\\/#article\",\"isPartOf\":{\"@id\":\"https:\\\/\\\/diariotextual.com\\\/inicio\\\/index.php\\\/2021\\\/06\\\/25\\\/la-vuelta-a-clases-es-focalizada-como-lo-venimos-pidiendo\\\/\"},\"author\":{\"name\":\"diario3\",\"@id\":\"https:\\\/\\\/diariotextual.com\\\/inicio\\\/#\\\/schema\\\/person\\\/a1b6f563e0ee944c60f98119389a4d9f\"},\"headline\":\"\u201cLa vuelta a clases es focalizada, como lo venimos pidiendo\u201d\",\"datePublished\":\"2021-06-25T14:18:59+00:00\",\"dateModified\":\"2021-06-25T22:21:39+00:00\",\"mainEntityOfPage\":{\"@id\":\"https:\\\/\\\/diariotextual.com\\\/inicio\\\/index.php\\\/2021\\\/06\\\/25\\\/la-vuelta-a-clases-es-focalizada-como-lo-venimos-pidiendo\\\/\"},\"wordCount\":346,\"publisher\":{\"@id\":\"https:\\\/\\\/diariotextual.com\\\/inicio\\\/#organization\"},\"image\":{\"@id\":\"https:\\\/\\\/diariotextual.com\\\/inicio\\\/index.php\\\/2021\\\/06\\\/25\\\/la-vuelta-a-clases-es-focalizada-como-lo-venimos-pidiendo\\\/#primaryimage\"},\"thumbnailUrl\":\"https:\\\/\\\/diariotextual.com\\\/inicio\\\/wp-content\\\/uploads\\\/2019\\\/05\\\/lopezliliaparonacional2019312.jpg\",\"keywords\":[\"clases focalizadas\",\"educaci\u00f3n\",\"utelpa\"],\"articleSection\":[\"A - PORTADA2\",\"SOCIEDAD\"],\"inLanguage\":\"es\"},{\"@type\":\"WebPage\",\"@id\":\"https:\\\/\\\/diariotextual.com\\\/inicio\\\/index.php\\\/2021\\\/06\\\/25\\\/la-vuelta-a-clases-es-focalizada-como-lo-venimos-pidiendo\\\/\",\"url\":\"https:\\\/\\\/diariotextual.com\\\/inicio\\\/index.php\\\/2021\\\/06\\\/25\\\/la-vuelta-a-clases-es-focalizada-como-lo-venimos-pidiendo\\\/\",\"name\":\"\u201cLa vuelta a clases es focalizada, como lo venimos pidiendo\u201d - Diario Textual\",\"isPartOf\":{\"@id\":\"https:\\\/\\\/diariotextual.com\\\/inicio\\\/#website\"},\"primaryImageOfPage\":{\"@id\":\"https:\\\/\\\/diariotextual.com\\\/inicio\\\/index.php\\\/2021\\\/06\\\/25\\\/la-vuelta-a-clases-es-focalizada-como-lo-venimos-pidiendo\\\/#primaryimage\"},\"image\":{\"@id\":\"https:\\\/\\\/diariotextual.com\\\/inicio\\\/index.php\\\/2021\\\/06\\\/25\\\/la-vuelta-a-clases-es-focalizada-como-lo-venimos-pidiendo\\\/#primaryimage\"},\"thumbnailUrl\":\"https:\\\/\\\/diariotextual.com\\\/inicio\\\/wp-content\\\/uploads\\\/2019\\\/05\\\/lopezliliaparonacional2019312.jpg\",\"datePublished\":\"2021-06-25T14:18:59+00:00\",\"dateModified\":\"2021-06-25T22:21:39+00:00\",\"breadcrumb\":{\"@id\":\"https:\\\/\\\/diariotextual.com\\\/inicio\\\/index.php\\\/2021\\\/06\\\/25\\\/la-vuelta-a-clases-es-focalizada-como-lo-venimos-pidiendo\\\/#breadcrumb\"},\"inLanguage\":\"es\",\"potentialAction\":[{\"@type\":\"ReadAction\",\"target\":[\"https:\\\/\\\/diariotextual.com\\\/inicio\\\/index.php\\\/2021\\\/06\\\/25\\\/la-vuelta-a-clases-es-focalizada-como-lo-venimos-pidiendo\\\/\"]}]},{\"@type\":\"ImageObject\",\"inLanguage\":\"es\",\"@id\":\"https:\\\/\\\/diariotextual.com\\\/inicio\\\/index.php\\\/2021\\\/06\\\/25\\\/la-vuelta-a-clases-es-focalizada-como-lo-venimos-pidiendo\\\/#primaryimage\",\"url\":\"https:\\\/\\\/diariotextual.com\\\/inicio\\\/wp-content\\\/uploads\\\/2019\\\/05\\\/lopezliliaparonacional2019312.jpg\",\"contentUrl\":\"https:\\\/\\\/diariotextual.com\\\/inicio\\\/wp-content\\\/uploads\\\/2019\\\/05\\\/lopezliliaparonacional2019312.jpg\",\"width\":788,\"height\":447},{\"@type\":\"BreadcrumbList\",\"@id\":\"https:\\\/\\\/diariotextual.com\\\/inicio\\\/index.php\\\/2021\\\/06\\\/25\\\/la-vuelta-a-clases-es-focalizada-como-lo-venimos-pidiendo\\\/#breadcrumb\",\"itemListElement\":[{\"@type\":\"ListItem\",\"position\":1,\"name\":\"Portada\",\"item\":\"https:\\\/\\\/diariotextual.com\\\/inicio\\\/\"},{\"@type\":\"ListItem\",\"position\":2,\"name\":\"\u201cLa vuelta a clases es focalizada, como lo venimos pidiendo\u201d\"}]},{\"@type\":\"WebSite\",\"@id\":\"https:\\\/\\\/diariotextual.com\\\/inicio\\\/#website\",\"url\":\"https:\\\/\\\/diariotextual.com\\\/inicio\\\/\",\"name\":\"Diario Textual\",\"description\":\"\",\"publisher\":{\"@id\":\"https:\\\/\\\/diariotextual.com\\\/inicio\\\/#organization\"},\"potentialAction\":[{\"@type\":\"SearchAction\",\"target\":{\"@type\":\"EntryPoint\",\"urlTemplate\":\"https:\\\/\\\/diariotextual.com\\\/inicio\\\/?s={search_term_string}\"},\"query-input\":{\"@type\":\"PropertyValueSpecification\",\"valueRequired\":true,\"valueName\":\"search_term_string\"}}],\"inLanguage\":\"es\"},{\"@type\":\"Organization\",\"@id\":\"https:\\\/\\\/diariotextual.com\\\/inicio\\\/#organization\",\"name\":\"Diario Textual\",\"url\":\"https:\\\/\\\/diariotextual.com\\\/inicio\\\/\",\"logo\":{\"@type\":\"ImageObject\",\"inLanguage\":\"es\",\"@id\":\"https:\\\/\\\/diariotextual.com\\\/inicio\\\/#\\\/schema\\\/logo\\\/image\\\/\",\"url\":\"https:\\\/\\\/diariotextual.com\\\/inicio\\\/wp-content\\\/uploads\\\/2023\\\/05\\\/logotextual1.jpg\",\"contentUrl\":\"https:\\\/\\\/diariotextual.com\\\/inicio\\\/wp-content\\\/uploads\\\/2023\\\/05\\\/logotextual1.jpg\",\"width\":516,\"height\":76,\"caption\":\"Diario Textual\"},\"image\":{\"@id\":\"https:\\\/\\\/diariotextual.com\\\/inicio\\\/#\\\/schema\\\/logo\\\/image\\\/\"},\"sameAs\":[\"https:\\\/\\\/www.facebook.com\\\/eltextual\",\"https:\\\/\\\/x.com\\\/eltextual\",\"http:\\\/\\\/www.instagram.com\\\/eltextual\"]},{\"@type\":\"Person\",\"@id\":\"https:\\\/\\\/diariotextual.com\\\/inicio\\\/#\\\/schema\\\/person\\\/a1b6f563e0ee944c60f98119389a4d9f\",\"name\":\"diario3\",\"image\":{\"@type\":\"ImageObject\",\"inLanguage\":\"es\",\"@id\":\"https:\\\/\\\/secure.gravatar.com\\\/avatar\\\/5e7ee62c82fc04d9dd79d746a390d93c69c43223e5faeeb3ea9461ef752bfc5d?s=96&d=mm&r=g\",\"url\":\"https:\\\/\\\/secure.gravatar.com\\\/avatar\\\/5e7ee62c82fc04d9dd79d746a390d93c69c43223e5faeeb3ea9461ef752bfc5d?s=96&d=mm&r=g\",\"contentUrl\":\"https:\\\/\\\/secure.gravatar.com\\\/avatar\\\/5e7ee62c82fc04d9dd79d746a390d93c69c43223e5faeeb3ea9461ef752bfc5d?s=96&d=mm&r=g\",\"caption\":\"diario3\"},\"url\":\"https:\\\/\\\/diariotextual.com\\\/inicio\\\/index.php\\\/author\\\/diario3\\\/\"}]}<\/script>\n<!-- \/ Yoast SEO plugin. -->","yoast_head_json":{"title":"\u201cLa vuelta a clases es focalizada, como lo venimos pidiendo\u201d - Diario Textual","robots":{"index":"index","follow":"follow","max-snippet":"max-snippet:-1","max-image-preview":"max-image-preview:large","max-video-preview":"max-video-preview:-1"},"canonical":"https:\/\/diariotextual.com\/inicio\/index.php\/2021\/06\/25\/la-vuelta-a-clases-es-focalizada-como-lo-venimos-pidiendo\/","og_locale":"es_ES","og_type":"article","og_title":"\u201cLa vuelta a clases es focalizada, como lo venimos pidiendo\u201d - Diario Textual","og_description":"Lilia L\u00f3pez, secretaria general de la Uni\u00f3n de Trabajadores de la Educaci\u00f3n de La Pampa (Utelpa), manifest\u00f3 su acuerdo con la modalidad de regreso a clases en la provincia, bajo&hellip;","og_url":"https:\/\/diariotextual.com\/inicio\/index.php\/2021\/06\/25\/la-vuelta-a-clases-es-focalizada-como-lo-venimos-pidiendo\/","og_site_name":"Diario Textual","article_publisher":"https:\/\/www.facebook.com\/eltextual","article_published_time":"2021-06-25T14:18:59+00:00","article_modified_time":"2021-06-25T22:21:39+00:00","og_image":[{"width":788,"height":447,"url":"https:\/\/diariotextual.com\/inicio\/wp-content\/uploads\/2019\/05\/lopezliliaparonacional2019312.jpg","type":"image\/jpeg"}],"author":"diario3","twitter_card":"summary_large_image","twitter_creator":"@eltextual","twitter_site":"@eltextual","twitter_misc":{"Escrito por":"diario3","Tiempo de lectura":"2 minutos"},"schema":{"@context":"https:\/\/schema.org","@graph":[{"@type":"Article","@id":"https:\/\/diariotextual.com\/inicio\/index.php\/2021\/06\/25\/la-vuelta-a-clases-es-focalizada-como-lo-venimos-pidiendo\/#article","isPartOf":{"@id":"https:\/\/diariotextual.com\/inicio\/index.php\/2021\/06\/25\/la-vuelta-a-clases-es-focalizada-como-lo-venimos-pidiendo\/"},"author":{"name":"diario3","@id":"https:\/\/diariotextual.com\/inicio\/#\/schema\/person\/a1b6f563e0ee944c60f98119389a4d9f"},"headline":"\u201cLa vuelta a clases es focalizada, como lo venimos pidiendo\u201d","datePublished":"2021-06-25T14:18:59+00:00","dateModified":"2021-06-25T22:21:39+00:00","mainEntityOfPage":{"@id":"https:\/\/diariotextual.com\/inicio\/index.php\/2021\/06\/25\/la-vuelta-a-clases-es-focalizada-como-lo-venimos-pidiendo\/"},"wordCount":346,"publisher":{"@id":"https:\/\/diariotextual.com\/inicio\/#organization"},"image":{"@id":"https:\/\/diariotextual.com\/inicio\/index.php\/2021\/06\/25\/la-vuelta-a-clases-es-focalizada-como-lo-venimos-pidiendo\/#primaryimage"},"thumbnailUrl":"https:\/\/diariotextual.com\/inicio\/wp-content\/uploads\/2019\/05\/lopezliliaparonacional2019312.jpg","keywords":["clases focalizadas","educaci\u00f3n","utelpa"],"articleSection":["A - PORTADA2","SOCIEDAD"],"inLanguage":"es"},{"@type":"WebPage","@id":"https:\/\/diariotextual.com\/inicio\/index.php\/2021\/06\/25\/la-vuelta-a-clases-es-focalizada-como-lo-venimos-pidiendo\/","url":"https:\/\/diariotextual.com\/inicio\/index.php\/2021\/06\/25\/la-vuelta-a-clases-es-focalizada-como-lo-venimos-pidiendo\/","name":"\u201cLa vuelta a clases es focalizada, como lo venimos pidiendo\u201d - Diario Textual","isPartOf":{"@id":"https:\/\/diariotextual.com\/inicio\/#website"},"primaryImageOfPage":{"@id":"https:\/\/diariotextual.com\/inicio\/index.php\/2021\/06\/25\/la-vuelta-a-clases-es-focalizada-como-lo-venimos-pidiendo\/#primaryimage"},"image":{"@id":"https:\/\/diariotextual.com\/inicio\/index.php\/2021\/06\/25\/la-vuelta-a-clases-es-focalizada-como-lo-venimos-pidiendo\/#primaryimage"},"thumbnailUrl":"https:\/\/diariotextual.com\/inicio\/wp-content\/uploads\/2019\/05\/lopezliliaparonacional2019312.jpg","datePublished":"2021-06-25T14:18:59+00:00","dateModified":"2021-06-25T22:21:39+00:00","breadcrumb":{"@id":"https:\/\/diariotextual.com\/inicio\/index.php\/2021\/06\/25\/la-vuelta-a-clases-es-focalizada-como-lo-venimos-pidiendo\/#breadcrumb"},"inLanguage":"es","potentialAction":[{"@type":"ReadAction","target":["https:\/\/diariotextual.com\/inicio\/index.php\/2021\/06\/25\/la-vuelta-a-clases-es-focalizada-como-lo-venimos-pidiendo\/"]}]},{"@type":"ImageObject","inLanguage":"es","@id":"https:\/\/diariotextual.com\/inicio\/index.php\/2021\/06\/25\/la-vuelta-a-clases-es-focalizada-como-lo-venimos-pidiendo\/#primaryimage","url":"https:\/\/diariotextual.com\/inicio\/wp-content\/uploads\/2019\/05\/lopezliliaparonacional2019312.jpg","contentUrl":"https:\/\/diariotextual.com\/inicio\/wp-content\/uploads\/2019\/05\/lopezliliaparonacional2019312.jpg","width":788,"height":447},{"@type":"BreadcrumbList","@id":"https:\/\/diariotextual.com\/inicio\/index.php\/2021\/06\/25\/la-vuelta-a-clases-es-focalizada-como-lo-venimos-pidiendo\/#breadcrumb","itemListElement":[{"@type":"ListItem","position":1,"name":"Portada","item":"https:\/\/diariotextual.com\/inicio\/"},{"@type":"ListItem","position":2,"name":"\u201cLa vuelta a clases es focalizada, como lo venimos pidiendo\u201d"}]},{"@type":"WebSite","@id":"https:\/\/diariotextual.com\/inicio\/#website","url":"https:\/\/diariotextual.com\/inicio\/","name":"Diario Textual","description":"","publisher":{"@id":"https:\/\/diariotextual.com\/inicio\/#organization"},"potentialAction":[{"@type":"SearchAction","target":{"@type":"EntryPoint","urlTemplate":"https:\/\/diariotextual.com\/inicio\/?s={search_term_string}"},"query-input":{"@type":"PropertyValueSpecification","valueRequired":true,"valueName":"search_term_string"}}],"inLanguage":"es"},{"@type":"Organization","@id":"https:\/\/diariotextual.com\/inicio\/#organization","name":"Diario Textual","url":"https:\/\/diariotextual.com\/inicio\/","logo":{"@type":"ImageObject","inLanguage":"es","@id":"https:\/\/diariotextual.com\/inicio\/#\/schema\/logo\/image\/","url":"https:\/\/diariotextual.com\/inicio\/wp-content\/uploads\/2023\/05\/logotextual1.jpg","contentUrl":"https:\/\/diariotextual.com\/inicio\/wp-content\/uploads\/2023\/05\/logotextual1.jpg","width":516,"height":76,"caption":"Diario Textual"},"image":{"@id":"https:\/\/diariotextual.com\/inicio\/#\/schema\/logo\/image\/"},"sameAs":["https:\/\/www.facebook.com\/eltextual","https:\/\/x.com\/eltextual","http:\/\/www.instagram.com\/eltextual"]},{"@type":"Person","@id":"https:\/\/diariotextual.com\/inicio\/#\/schema\/person\/a1b6f563e0ee944c60f98119389a4d9f","name":"diario3","image":{"@type":"ImageObject","inLanguage":"es","@id":"https:\/\/secure.gravatar.com\/avatar\/5e7ee62c82fc04d9dd79d746a390d93c69c43223e5faeeb3ea9461ef752bfc5d?s=96&d=mm&r=g","url":"https:\/\/secure.gravatar.com\/avatar\/5e7ee62c82fc04d9dd79d746a390d93c69c43223e5faeeb3ea9461ef752bfc5d?s=96&d=mm&r=g","contentUrl":"https:\/\/secure.gravatar.com\/avatar\/5e7ee62c82fc04d9dd79d746a390d93c69c43223e5faeeb3ea9461ef752bfc5d?s=96&d=mm&r=g","caption":"diario3"},"url":"https:\/\/diariotextual.com\/inicio\/index.php\/author\/diario3\/"}]}},"_links":{"self":[{"href":"https:\/\/diariotextual.com\/inicio\/index.php\/wp-json\/wp\/v2\/posts\/151602","targetHints":{"allow":["GET"]}}],"collection":[{"href":"https:\/\/diariotextual.com\/inicio\/index.php\/wp-json\/wp\/v2\/posts"}],"about":[{"href":"https:\/\/diariotextual.com\/inicio\/index.php\/wp-json\/wp\/v2\/types\/post"}],"author":[{"embeddable":true,"href":"https:\/\/diariotextual.com\/inicio\/index.php\/wp-json\/wp\/v2\/users\/5"}],"replies":[{"embeddable":true,"href":"https:\/\/diariotextual.com\/inicio\/index.php\/wp-json\/wp\/v2\/comments?post=151602"}],"version-history":[{"count":1,"href":"https:\/\/diariotextual.com\/inicio\/index.php\/wp-json\/wp\/v2\/posts\/151602\/revisions"}],"predecessor-version":[{"id":151606,"href":"https:\/\/diariotextual.com\/inicio\/index.php\/wp-json\/wp\/v2\/posts\/151602\/revisions\/151606"}],"wp:featuredmedia":[{"embeddable":true,"href":"https:\/\/diariotextual.com\/inicio\/index.php\/wp-json\/wp\/v2\/media\/50368"}],"wp:attachment":[{"href":"https:\/\/diariotextual.com\/inicio\/index.php\/wp-json\/wp\/v2\/media?parent=151602"}],"wp:term":[{"taxonomy":"category","embeddable":true,"href":"https:\/\/diariotextual.com\/inicio\/index.php\/wp-json\/wp\/v2\/categories?post=151602"},{"taxonomy":"post_tag","embeddable":true,"href":"https:\/\/diariotextual.com\/inicio\/index.php\/wp-json\/wp\/v2\/tags?post=151602"}],"curies":[{"name":"wp","href":"https:\/\/api.w.org\/{rel}","templated":true}]}}