{"id":151794,"date":"2021-06-27T10:42:38","date_gmt":"2021-06-27T13:42:38","guid":{"rendered":"https:\/\/diariotextual.com\/inicio\/?p=151794"},"modified":"2021-06-27T18:24:36","modified_gmt":"2021-06-27T21:24:36","slug":"juntadas-clandestinas-en-casas-y-campos-de-santa-rosa-y-la-zona-170-notificados","status":"publish","type":"post","link":"https:\/\/diariotextual.com\/inicio\/index.php\/2021\/06\/27\/juntadas-clandestinas-en-casas-y-campos-de-santa-rosa-y-la-zona-170-notificados\/","title":{"rendered":"Juntadas clandestinas en casas y campos de  Santa Rosa y la zona: 170 notificados"},"content":{"rendered":"\n<p>La Polic\u00eda de Santa Rosa y la zona intervino y desbarat\u00f3 un total de cuatro juntadas clandestinas en casas, chacras y campos de la zona. En total, hicieron 170 causas por infracci\u00f3n a los art\u00edculos 205 y 239.<\/p>\n\n\n\n<p>Seg\u00fan comunicaron desde la Polic\u00eda a Diario Textual, cerca de las 2 de la madrugada concurrieron a un campo de la ruta 12 -a unos 25 kil\u00f3metros al noroeste de Santa Rosa-. All\u00ed detectaron una juntada clandestina de unas 25 personas. \u201cAlgunos corrieron y se internaron en el campo. Finalmente se notificaron a 17 personas y secuestraron tres veh\u00edculos, equipos de m\u00fasica y bebidas alcoh\u00f3licas\u201d, contaron los informantes.<\/p>\n\n\n\n<figure class=\"wp-block-image size-large\"><img fetchpriority=\"high\" decoding=\"async\" width=\"1024\" height=\"679\" src=\"https:\/\/diariotextual.com\/inicio\/wp-content\/uploads\/2021\/06\/juntadasilegalessantarosajunio20-2-1024x679.jpeg\" alt=\"\" class=\"wp-image-151806\" srcset=\"https:\/\/diariotextual.com\/inicio\/wp-content\/uploads\/2021\/06\/juntadasilegalessantarosajunio20-2-1024x679.jpeg 1024w, https:\/\/diariotextual.com\/inicio\/wp-content\/uploads\/2021\/06\/juntadasilegalessantarosajunio20-2-300x199.jpeg 300w, https:\/\/diariotextual.com\/inicio\/wp-content\/uploads\/2021\/06\/juntadasilegalessantarosajunio20-2-768x509.jpeg 768w, https:\/\/diariotextual.com\/inicio\/wp-content\/uploads\/2021\/06\/juntadasilegalessantarosajunio20-2-1170x775.jpeg 1170w, https:\/\/diariotextual.com\/inicio\/wp-content\/uploads\/2021\/06\/juntadasilegalessantarosajunio20-2-780x516.jpeg 780w, https:\/\/diariotextual.com\/inicio\/wp-content\/uploads\/2021\/06\/juntadasilegalessantarosajunio20-2-585x388.jpeg 585w, https:\/\/diariotextual.com\/inicio\/wp-content\/uploads\/2021\/06\/juntadasilegalessantarosajunio20-2-263x175.jpeg 263w, https:\/\/diariotextual.com\/inicio\/wp-content\/uploads\/2021\/06\/juntadasilegalessantarosajunio20-2.jpeg 1251w\" sizes=\"(max-width: 1024px) 100vw, 1024px\" \/><\/figure>\n\n\n\n<p>A su vez, a las 2.30 horas, en una casa de la esquina de Realic\u00f3 y Utrac\u00e1n, detectaron otra juntada. Notificaron a 15 personas.<\/p>\n\n\n\n<p>Por su parte, a las 3.30 horas se detect\u00f3 en Mendoza al 1100 una juntada de unas 25 personas.<\/p>\n\n\n\n<p>En tanto, a las 4.25 detectaron una fiesta en una chacra ubicada a unos 5 kil\u00f3metros de Chachirulo.<\/p>\n\n\n\n<p>En el camino hacia el lugar, la Polic\u00eda encontr\u00f3 a un auto Celta que hab\u00eda volcado. \u201cHab\u00eda dos j\u00f3venes, sin lesiones. Manifestaron venir de un campo, donde hab\u00eda una juntada. La Polic\u00eda continu\u00f3 hacia el lugar, pero sin encontrar el establecimiento rural donde se hab\u00eda registrado la fiesta. Al regresar, m\u00e1s j\u00f3venes estaban auxiliando al auto. Con m\u00e1s datos, los polic\u00edas volvieron y localizaron al campo. Cuando llegaron, se hab\u00eda incendiado un galp\u00f3n con fuegos artificiales\u201d, dijeron. Por este hecho, intervinieron los bomberos.<\/p>\n\n\n\n<figure class=\"wp-block-image size-large\"><img decoding=\"async\" width=\"917\" height=\"520\" src=\"https:\/\/diariotextual.com\/inicio\/wp-content\/uploads\/2021\/06\/juntadasilegalcachirulojunio2021-2.jpeg\" alt=\"\" class=\"wp-image-151803\" srcset=\"https:\/\/diariotextual.com\/inicio\/wp-content\/uploads\/2021\/06\/juntadasilegalcachirulojunio2021-2.jpeg 917w, https:\/\/diariotextual.com\/inicio\/wp-content\/uploads\/2021\/06\/juntadasilegalcachirulojunio2021-2-300x170.jpeg 300w, https:\/\/diariotextual.com\/inicio\/wp-content\/uploads\/2021\/06\/juntadasilegalcachirulojunio2021-2-768x436.jpeg 768w, https:\/\/diariotextual.com\/inicio\/wp-content\/uploads\/2021\/06\/juntadasilegalcachirulojunio2021-2-585x332.jpeg 585w\" sizes=\"(max-width: 917px) 100vw, 917px\" \/><\/figure>\n\n\n\n<p>Paralelamente, en este establecimiento rural notificaron a 14 personas.<\/p>\n","protected":false},"excerpt":{"rendered":"<p>La Polic\u00eda de Santa Rosa y la zona intervino y desbarat\u00f3 un total de cuatro juntadas clandestinas en casas, chacras y campos de la zona. En total, hicieron 170 causas&hellip;<\/p>\n","protected":false},"author":3,"featured_media":151797,"comment_status":"closed","ping_status":"open","sticky":false,"template":"","format":"standard","meta":{"_acf_changed":false,"footnotes":""},"categories":[10,12],"tags":[],"class_list":["post-151794","post","type-post","status-publish","format-standard","has-post-thumbnail","hentry","category-portada-2","category-sociedad"],"acf":[],"yoast_head":"<!-- This site is optimized with the Yoast SEO plugin v27.5 - https:\/\/yoast.com\/product\/yoast-seo-wordpress\/ -->\n<title>Juntadas clandestinas en casas y campos de Santa Rosa y la zona: 170 notificados - Diario Textual<\/title>\n<meta name=\"robots\" content=\"index, follow, max-snippet:-1, max-image-preview:large, max-video-preview:-1\" \/>\n<link rel=\"canonical\" href=\"https:\/\/diariotextual.com\/inicio\/index.php\/2021\/06\/27\/juntadas-clandestinas-en-casas-y-campos-de-santa-rosa-y-la-zona-170-notificados\/\" \/>\n<meta property=\"og:locale\" content=\"es_ES\" \/>\n<meta property=\"og:type\" content=\"article\" \/>\n<meta property=\"og:title\" content=\"Juntadas clandestinas en casas y campos de Santa Rosa y la zona: 170 notificados - Diario Textual\" \/>\n<meta property=\"og:description\" content=\"La Polic\u00eda de Santa Rosa y la zona intervino y desbarat\u00f3 un total de cuatro juntadas clandestinas en casas, chacras y campos de la zona. En total, hicieron 170 causas&hellip;\" \/>\n<meta property=\"og:url\" content=\"https:\/\/diariotextual.com\/inicio\/index.php\/2021\/06\/27\/juntadas-clandestinas-en-casas-y-campos-de-santa-rosa-y-la-zona-170-notificados\/\" \/>\n<meta property=\"og:site_name\" content=\"Diario Textual\" \/>\n<meta property=\"article:publisher\" content=\"https:\/\/www.facebook.com\/eltextual\" \/>\n<meta property=\"article:published_time\" content=\"2021-06-27T13:42:38+00:00\" \/>\n<meta property=\"article:modified_time\" content=\"2021-06-27T21:24:36+00:00\" \/>\n<meta property=\"og:image\" content=\"https:\/\/diariotextual.com\/inicio\/wp-content\/uploads\/2021\/06\/juntadasilegalessantarosajunio2021-1.jpeg\" \/>\n\t<meta property=\"og:image:width\" content=\"978\" \/>\n\t<meta property=\"og:image:height\" content=\"521\" \/>\n\t<meta property=\"og:image:type\" content=\"image\/jpeg\" \/>\n<meta name=\"author\" content=\"Diario1 Diario1\" \/>\n<meta name=\"twitter:card\" content=\"summary_large_image\" \/>\n<meta name=\"twitter:creator\" content=\"@eltextual\" \/>\n<meta name=\"twitter:site\" content=\"@eltextual\" \/>\n<meta name=\"twitter:label1\" content=\"Escrito por\" \/>\n\t<meta name=\"twitter:data1\" content=\"Diario1 Diario1\" \/>\n\t<meta name=\"twitter:label2\" content=\"Tiempo de lectura\" \/>\n\t<meta name=\"twitter:data2\" content=\"2 minutos\" \/>\n<script type=\"application\/ld+json\" class=\"yoast-schema-graph\">{\"@context\":\"https:\\\/\\\/schema.org\",\"@graph\":[{\"@type\":\"Article\",\"@id\":\"https:\\\/\\\/diariotextual.com\\\/inicio\\\/index.php\\\/2021\\\/06\\\/27\\\/juntadas-clandestinas-en-casas-y-campos-de-santa-rosa-y-la-zona-170-notificados\\\/#article\",\"isPartOf\":{\"@id\":\"https:\\\/\\\/diariotextual.com\\\/inicio\\\/index.php\\\/2021\\\/06\\\/27\\\/juntadas-clandestinas-en-casas-y-campos-de-santa-rosa-y-la-zona-170-notificados\\\/\"},\"author\":{\"name\":\"Diario1 Diario1\",\"@id\":\"https:\\\/\\\/diariotextual.com\\\/inicio\\\/#\\\/schema\\\/person\\\/418fc4093c33e86ed41562db3508f958\"},\"headline\":\"Juntadas clandestinas en casas y campos de Santa Rosa y la zona: 170 notificados\",\"datePublished\":\"2021-06-27T13:42:38+00:00\",\"dateModified\":\"2021-06-27T21:24:36+00:00\",\"mainEntityOfPage\":{\"@id\":\"https:\\\/\\\/diariotextual.com\\\/inicio\\\/index.php\\\/2021\\\/06\\\/27\\\/juntadas-clandestinas-en-casas-y-campos-de-santa-rosa-y-la-zona-170-notificados\\\/\"},\"wordCount\":280,\"publisher\":{\"@id\":\"https:\\\/\\\/diariotextual.com\\\/inicio\\\/#organization\"},\"image\":{\"@id\":\"https:\\\/\\\/diariotextual.com\\\/inicio\\\/index.php\\\/2021\\\/06\\\/27\\\/juntadas-clandestinas-en-casas-y-campos-de-santa-rosa-y-la-zona-170-notificados\\\/#primaryimage\"},\"thumbnailUrl\":\"https:\\\/\\\/diariotextual.com\\\/inicio\\\/wp-content\\\/uploads\\\/2021\\\/06\\\/juntadasilegalessantarosajunio2021-1.jpeg\",\"articleSection\":[\"A - PORTADA2\",\"SOCIEDAD\"],\"inLanguage\":\"es\"},{\"@type\":\"WebPage\",\"@id\":\"https:\\\/\\\/diariotextual.com\\\/inicio\\\/index.php\\\/2021\\\/06\\\/27\\\/juntadas-clandestinas-en-casas-y-campos-de-santa-rosa-y-la-zona-170-notificados\\\/\",\"url\":\"https:\\\/\\\/diariotextual.com\\\/inicio\\\/index.php\\\/2021\\\/06\\\/27\\\/juntadas-clandestinas-en-casas-y-campos-de-santa-rosa-y-la-zona-170-notificados\\\/\",\"name\":\"Juntadas clandestinas en casas y campos de Santa Rosa y la zona: 170 notificados - Diario Textual\",\"isPartOf\":{\"@id\":\"https:\\\/\\\/diariotextual.com\\\/inicio\\\/#website\"},\"primaryImageOfPage\":{\"@id\":\"https:\\\/\\\/diariotextual.com\\\/inicio\\\/index.php\\\/2021\\\/06\\\/27\\\/juntadas-clandestinas-en-casas-y-campos-de-santa-rosa-y-la-zona-170-notificados\\\/#primaryimage\"},\"image\":{\"@id\":\"https:\\\/\\\/diariotextual.com\\\/inicio\\\/index.php\\\/2021\\\/06\\\/27\\\/juntadas-clandestinas-en-casas-y-campos-de-santa-rosa-y-la-zona-170-notificados\\\/#primaryimage\"},\"thumbnailUrl\":\"https:\\\/\\\/diariotextual.com\\\/inicio\\\/wp-content\\\/uploads\\\/2021\\\/06\\\/juntadasilegalessantarosajunio2021-1.jpeg\",\"datePublished\":\"2021-06-27T13:42:38+00:00\",\"dateModified\":\"2021-06-27T21:24:36+00:00\",\"breadcrumb\":{\"@id\":\"https:\\\/\\\/diariotextual.com\\\/inicio\\\/index.php\\\/2021\\\/06\\\/27\\\/juntadas-clandestinas-en-casas-y-campos-de-santa-rosa-y-la-zona-170-notificados\\\/#breadcrumb\"},\"inLanguage\":\"es\",\"potentialAction\":[{\"@type\":\"ReadAction\",\"target\":[\"https:\\\/\\\/diariotextual.com\\\/inicio\\\/index.php\\\/2021\\\/06\\\/27\\\/juntadas-clandestinas-en-casas-y-campos-de-santa-rosa-y-la-zona-170-notificados\\\/\"]}]},{\"@type\":\"ImageObject\",\"inLanguage\":\"es\",\"@id\":\"https:\\\/\\\/diariotextual.com\\\/inicio\\\/index.php\\\/2021\\\/06\\\/27\\\/juntadas-clandestinas-en-casas-y-campos-de-santa-rosa-y-la-zona-170-notificados\\\/#primaryimage\",\"url\":\"https:\\\/\\\/diariotextual.com\\\/inicio\\\/wp-content\\\/uploads\\\/2021\\\/06\\\/juntadasilegalessantarosajunio2021-1.jpeg\",\"contentUrl\":\"https:\\\/\\\/diariotextual.com\\\/inicio\\\/wp-content\\\/uploads\\\/2021\\\/06\\\/juntadasilegalessantarosajunio2021-1.jpeg\",\"width\":978,\"height\":521},{\"@type\":\"BreadcrumbList\",\"@id\":\"https:\\\/\\\/diariotextual.com\\\/inicio\\\/index.php\\\/2021\\\/06\\\/27\\\/juntadas-clandestinas-en-casas-y-campos-de-santa-rosa-y-la-zona-170-notificados\\\/#breadcrumb\",\"itemListElement\":[{\"@type\":\"ListItem\",\"position\":1,\"name\":\"Portada\",\"item\":\"https:\\\/\\\/diariotextual.com\\\/inicio\\\/\"},{\"@type\":\"ListItem\",\"position\":2,\"name\":\"Juntadas clandestinas en casas y campos de Santa Rosa y la zona: 170 notificados\"}]},{\"@type\":\"WebSite\",\"@id\":\"https:\\\/\\\/diariotextual.com\\\/inicio\\\/#website\",\"url\":\"https:\\\/\\\/diariotextual.com\\\/inicio\\\/\",\"name\":\"Diario Textual\",\"description\":\"\",\"publisher\":{\"@id\":\"https:\\\/\\\/diariotextual.com\\\/inicio\\\/#organization\"},\"potentialAction\":[{\"@type\":\"SearchAction\",\"target\":{\"@type\":\"EntryPoint\",\"urlTemplate\":\"https:\\\/\\\/diariotextual.com\\\/inicio\\\/?s={search_term_string}\"},\"query-input\":{\"@type\":\"PropertyValueSpecification\",\"valueRequired\":true,\"valueName\":\"search_term_string\"}}],\"inLanguage\":\"es\"},{\"@type\":\"Organization\",\"@id\":\"https:\\\/\\\/diariotextual.com\\\/inicio\\\/#organization\",\"name\":\"Diario Textual\",\"url\":\"https:\\\/\\\/diariotextual.com\\\/inicio\\\/\",\"logo\":{\"@type\":\"ImageObject\",\"inLanguage\":\"es\",\"@id\":\"https:\\\/\\\/diariotextual.com\\\/inicio\\\/#\\\/schema\\\/logo\\\/image\\\/\",\"url\":\"https:\\\/\\\/diariotextual.com\\\/inicio\\\/wp-content\\\/uploads\\\/2023\\\/05\\\/logotextual1.jpg\",\"contentUrl\":\"https:\\\/\\\/diariotextual.com\\\/inicio\\\/wp-content\\\/uploads\\\/2023\\\/05\\\/logotextual1.jpg\",\"width\":516,\"height\":76,\"caption\":\"Diario Textual\"},\"image\":{\"@id\":\"https:\\\/\\\/diariotextual.com\\\/inicio\\\/#\\\/schema\\\/logo\\\/image\\\/\"},\"sameAs\":[\"https:\\\/\\\/www.facebook.com\\\/eltextual\",\"https:\\\/\\\/x.com\\\/eltextual\",\"http:\\\/\\\/www.instagram.com\\\/eltextual\"]},{\"@type\":\"Person\",\"@id\":\"https:\\\/\\\/diariotextual.com\\\/inicio\\\/#\\\/schema\\\/person\\\/418fc4093c33e86ed41562db3508f958\",\"name\":\"Diario1 Diario1\",\"image\":{\"@type\":\"ImageObject\",\"inLanguage\":\"es\",\"@id\":\"https:\\\/\\\/secure.gravatar.com\\\/avatar\\\/9167d280179c85bc18be67aa7eda765854300033af4896dd779b608640f2ef7a?s=96&d=mm&r=g\",\"url\":\"https:\\\/\\\/secure.gravatar.com\\\/avatar\\\/9167d280179c85bc18be67aa7eda765854300033af4896dd779b608640f2ef7a?s=96&d=mm&r=g\",\"contentUrl\":\"https:\\\/\\\/secure.gravatar.com\\\/avatar\\\/9167d280179c85bc18be67aa7eda765854300033af4896dd779b608640f2ef7a?s=96&d=mm&r=g\",\"caption\":\"Diario1 Diario1\"},\"url\":\"https:\\\/\\\/diariotextual.com\\\/inicio\\\/index.php\\\/author\\\/diario1\\\/\"}]}<\/script>\n<!-- \/ Yoast SEO plugin. -->","yoast_head_json":{"title":"Juntadas clandestinas en casas y campos de Santa Rosa y la zona: 170 notificados - Diario Textual","robots":{"index":"index","follow":"follow","max-snippet":"max-snippet:-1","max-image-preview":"max-image-preview:large","max-video-preview":"max-video-preview:-1"},"canonical":"https:\/\/diariotextual.com\/inicio\/index.php\/2021\/06\/27\/juntadas-clandestinas-en-casas-y-campos-de-santa-rosa-y-la-zona-170-notificados\/","og_locale":"es_ES","og_type":"article","og_title":"Juntadas clandestinas en casas y campos de Santa Rosa y la zona: 170 notificados - Diario Textual","og_description":"La Polic\u00eda de Santa Rosa y la zona intervino y desbarat\u00f3 un total de cuatro juntadas clandestinas en casas, chacras y campos de la zona. En total, hicieron 170 causas&hellip;","og_url":"https:\/\/diariotextual.com\/inicio\/index.php\/2021\/06\/27\/juntadas-clandestinas-en-casas-y-campos-de-santa-rosa-y-la-zona-170-notificados\/","og_site_name":"Diario Textual","article_publisher":"https:\/\/www.facebook.com\/eltextual","article_published_time":"2021-06-27T13:42:38+00:00","article_modified_time":"2021-06-27T21:24:36+00:00","og_image":[{"width":978,"height":521,"url":"https:\/\/diariotextual.com\/inicio\/wp-content\/uploads\/2021\/06\/juntadasilegalessantarosajunio2021-1.jpeg","type":"image\/jpeg"}],"author":"Diario1 Diario1","twitter_card":"summary_large_image","twitter_creator":"@eltextual","twitter_site":"@eltextual","twitter_misc":{"Escrito por":"Diario1 Diario1","Tiempo de lectura":"2 minutos"},"schema":{"@context":"https:\/\/schema.org","@graph":[{"@type":"Article","@id":"https:\/\/diariotextual.com\/inicio\/index.php\/2021\/06\/27\/juntadas-clandestinas-en-casas-y-campos-de-santa-rosa-y-la-zona-170-notificados\/#article","isPartOf":{"@id":"https:\/\/diariotextual.com\/inicio\/index.php\/2021\/06\/27\/juntadas-clandestinas-en-casas-y-campos-de-santa-rosa-y-la-zona-170-notificados\/"},"author":{"name":"Diario1 Diario1","@id":"https:\/\/diariotextual.com\/inicio\/#\/schema\/person\/418fc4093c33e86ed41562db3508f958"},"headline":"Juntadas clandestinas en casas y campos de Santa Rosa y la zona: 170 notificados","datePublished":"2021-06-27T13:42:38+00:00","dateModified":"2021-06-27T21:24:36+00:00","mainEntityOfPage":{"@id":"https:\/\/diariotextual.com\/inicio\/index.php\/2021\/06\/27\/juntadas-clandestinas-en-casas-y-campos-de-santa-rosa-y-la-zona-170-notificados\/"},"wordCount":280,"publisher":{"@id":"https:\/\/diariotextual.com\/inicio\/#organization"},"image":{"@id":"https:\/\/diariotextual.com\/inicio\/index.php\/2021\/06\/27\/juntadas-clandestinas-en-casas-y-campos-de-santa-rosa-y-la-zona-170-notificados\/#primaryimage"},"thumbnailUrl":"https:\/\/diariotextual.com\/inicio\/wp-content\/uploads\/2021\/06\/juntadasilegalessantarosajunio2021-1.jpeg","articleSection":["A - PORTADA2","SOCIEDAD"],"inLanguage":"es"},{"@type":"WebPage","@id":"https:\/\/diariotextual.com\/inicio\/index.php\/2021\/06\/27\/juntadas-clandestinas-en-casas-y-campos-de-santa-rosa-y-la-zona-170-notificados\/","url":"https:\/\/diariotextual.com\/inicio\/index.php\/2021\/06\/27\/juntadas-clandestinas-en-casas-y-campos-de-santa-rosa-y-la-zona-170-notificados\/","name":"Juntadas clandestinas en casas y campos de Santa Rosa y la zona: 170 notificados - Diario Textual","isPartOf":{"@id":"https:\/\/diariotextual.com\/inicio\/#website"},"primaryImageOfPage":{"@id":"https:\/\/diariotextual.com\/inicio\/index.php\/2021\/06\/27\/juntadas-clandestinas-en-casas-y-campos-de-santa-rosa-y-la-zona-170-notificados\/#primaryimage"},"image":{"@id":"https:\/\/diariotextual.com\/inicio\/index.php\/2021\/06\/27\/juntadas-clandestinas-en-casas-y-campos-de-santa-rosa-y-la-zona-170-notificados\/#primaryimage"},"thumbnailUrl":"https:\/\/diariotextual.com\/inicio\/wp-content\/uploads\/2021\/06\/juntadasilegalessantarosajunio2021-1.jpeg","datePublished":"2021-06-27T13:42:38+00:00","dateModified":"2021-06-27T21:24:36+00:00","breadcrumb":{"@id":"https:\/\/diariotextual.com\/inicio\/index.php\/2021\/06\/27\/juntadas-clandestinas-en-casas-y-campos-de-santa-rosa-y-la-zona-170-notificados\/#breadcrumb"},"inLanguage":"es","potentialAction":[{"@type":"ReadAction","target":["https:\/\/diariotextual.com\/inicio\/index.php\/2021\/06\/27\/juntadas-clandestinas-en-casas-y-campos-de-santa-rosa-y-la-zona-170-notificados\/"]}]},{"@type":"ImageObject","inLanguage":"es","@id":"https:\/\/diariotextual.com\/inicio\/index.php\/2021\/06\/27\/juntadas-clandestinas-en-casas-y-campos-de-santa-rosa-y-la-zona-170-notificados\/#primaryimage","url":"https:\/\/diariotextual.com\/inicio\/wp-content\/uploads\/2021\/06\/juntadasilegalessantarosajunio2021-1.jpeg","contentUrl":"https:\/\/diariotextual.com\/inicio\/wp-content\/uploads\/2021\/06\/juntadasilegalessantarosajunio2021-1.jpeg","width":978,"height":521},{"@type":"BreadcrumbList","@id":"https:\/\/diariotextual.com\/inicio\/index.php\/2021\/06\/27\/juntadas-clandestinas-en-casas-y-campos-de-santa-rosa-y-la-zona-170-notificados\/#breadcrumb","itemListElement":[{"@type":"ListItem","position":1,"name":"Portada","item":"https:\/\/diariotextual.com\/inicio\/"},{"@type":"ListItem","position":2,"name":"Juntadas clandestinas en casas y campos de Santa Rosa y la zona: 170 notificados"}]},{"@type":"WebSite","@id":"https:\/\/diariotextual.com\/inicio\/#website","url":"https:\/\/diariotextual.com\/inicio\/","name":"Diario Textual","description":"","publisher":{"@id":"https:\/\/diariotextual.com\/inicio\/#organization"},"potentialAction":[{"@type":"SearchAction","target":{"@type":"EntryPoint","urlTemplate":"https:\/\/diariotextual.com\/inicio\/?s={search_term_string}"},"query-input":{"@type":"PropertyValueSpecification","valueRequired":true,"valueName":"search_term_string"}}],"inLanguage":"es"},{"@type":"Organization","@id":"https:\/\/diariotextual.com\/inicio\/#organization","name":"Diario Textual","url":"https:\/\/diariotextual.com\/inicio\/","logo":{"@type":"ImageObject","inLanguage":"es","@id":"https:\/\/diariotextual.com\/inicio\/#\/schema\/logo\/image\/","url":"https:\/\/diariotextual.com\/inicio\/wp-content\/uploads\/2023\/05\/logotextual1.jpg","contentUrl":"https:\/\/diariotextual.com\/inicio\/wp-content\/uploads\/2023\/05\/logotextual1.jpg","width":516,"height":76,"caption":"Diario Textual"},"image":{"@id":"https:\/\/diariotextual.com\/inicio\/#\/schema\/logo\/image\/"},"sameAs":["https:\/\/www.facebook.com\/eltextual","https:\/\/x.com\/eltextual","http:\/\/www.instagram.com\/eltextual"]},{"@type":"Person","@id":"https:\/\/diariotextual.com\/inicio\/#\/schema\/person\/418fc4093c33e86ed41562db3508f958","name":"Diario1 Diario1","image":{"@type":"ImageObject","inLanguage":"es","@id":"https:\/\/secure.gravatar.com\/avatar\/9167d280179c85bc18be67aa7eda765854300033af4896dd779b608640f2ef7a?s=96&d=mm&r=g","url":"https:\/\/secure.gravatar.com\/avatar\/9167d280179c85bc18be67aa7eda765854300033af4896dd779b608640f2ef7a?s=96&d=mm&r=g","contentUrl":"https:\/\/secure.gravatar.com\/avatar\/9167d280179c85bc18be67aa7eda765854300033af4896dd779b608640f2ef7a?s=96&d=mm&r=g","caption":"Diario1 Diario1"},"url":"https:\/\/diariotextual.com\/inicio\/index.php\/author\/diario1\/"}]}},"_links":{"self":[{"href":"https:\/\/diariotextual.com\/inicio\/index.php\/wp-json\/wp\/v2\/posts\/151794","targetHints":{"allow":["GET"]}}],"collection":[{"href":"https:\/\/diariotextual.com\/inicio\/index.php\/wp-json\/wp\/v2\/posts"}],"about":[{"href":"https:\/\/diariotextual.com\/inicio\/index.php\/wp-json\/wp\/v2\/types\/post"}],"author":[{"embeddable":true,"href":"https:\/\/diariotextual.com\/inicio\/index.php\/wp-json\/wp\/v2\/users\/3"}],"replies":[{"embeddable":true,"href":"https:\/\/diariotextual.com\/inicio\/index.php\/wp-json\/wp\/v2\/comments?post=151794"}],"version-history":[{"count":4,"href":"https:\/\/diariotextual.com\/inicio\/index.php\/wp-json\/wp\/v2\/posts\/151794\/revisions"}],"predecessor-version":[{"id":151807,"href":"https:\/\/diariotextual.com\/inicio\/index.php\/wp-json\/wp\/v2\/posts\/151794\/revisions\/151807"}],"wp:featuredmedia":[{"embeddable":true,"href":"https:\/\/diariotextual.com\/inicio\/index.php\/wp-json\/wp\/v2\/media\/151797"}],"wp:attachment":[{"href":"https:\/\/diariotextual.com\/inicio\/index.php\/wp-json\/wp\/v2\/media?parent=151794"}],"wp:term":[{"taxonomy":"category","embeddable":true,"href":"https:\/\/diariotextual.com\/inicio\/index.php\/wp-json\/wp\/v2\/categories?post=151794"},{"taxonomy":"post_tag","embeddable":true,"href":"https:\/\/diariotextual.com\/inicio\/index.php\/wp-json\/wp\/v2\/tags?post=151794"}],"curies":[{"name":"wp","href":"https:\/\/api.w.org\/{rel}","templated":true}]}}