{"id":151873,"date":"2021-06-28T11:12:00","date_gmt":"2021-06-28T14:12:00","guid":{"rendered":"https:\/\/diariotextual.com\/inicio\/?p=151873"},"modified":"2021-06-28T11:23:21","modified_gmt":"2021-06-28T14:23:21","slug":"santa-rosa-abre-este-lunes-el-registro-de-usuarios-y-cultivadores-de-cannabis-medicinal","status":"publish","type":"post","link":"https:\/\/diariotextual.com\/inicio\/index.php\/2021\/06\/28\/santa-rosa-abre-este-lunes-el-registro-de-usuarios-y-cultivadores-de-cannabis-medicinal\/","title":{"rendered":"Santa Rosa abri\u00f3 este lunes el registro de usuarios y cultivadores de cannabis medicinal"},"content":{"rendered":"\n<p>El municipio de Santa Rosa abri\u00f3 este lunes el registro para personas usuarias y cultivadoras de cannabis medicinal, algo que reclamaba la comunidad cann\u00e1bica pampeana. <\/p>\n\n\n\n<p><strong>Rodrigo Catalano,<\/strong> integrante de la Asociaci\u00f3n Civil de Cannabis Medicinal de la provincia La Pampa (CANNAPam), celebr\u00f3&nbsp;la novedad y agradeci\u00f3 a todos los que hicieron posible el registro. <strong>\u201cTras a\u00f1os de lucha finalmente nos escucharon, d\u00eda de alegr\u00eda inmensa, se puede seguir creyendo. Ma\u00f1ana 28 de junio se abre el Registro para personas Usuarias y Cultivadoras de Cannabis Medicinal, de Santa Rosa Municipio. Agradecemos a todas las personas que hicieron esto posible\u201d,<\/strong> escribi\u00f3.<\/p>\n\n\n\n<p>El llamado Registro Voluntario de Personas Usuarias y\/o Cultivadores de Cannabis Medicinal y sus Derivados fue aprobado, por ordenanza, en septiembre de 2020. Este lunes se pondr\u00e1 en marcha.<\/p>\n\n\n\n<p>Seg\u00fan se inform\u00f3 en su momento, los datos que se brinden ser\u00e1n confidenciales. Podr\u00e1n inscribirse los habitantes de Santa Rosa, para hacerlo deber\u00e1n declarar la patolog\u00eda que tratan con cannabis, adem\u00e1s de presentar una certificaci\u00f3n m\u00e9dica. Tambi\u00e9n deber\u00e1n declarar las particularidades de su cultivo.<\/p>\n\n\n\n<p>En la ordenanza se estableci\u00f3 que, a la par del registro, se debe crear el Consejo Consultivo de Cannabis Medicinal. Se trata de un grupo interdisciplinario conformado por usuarios y familiares de cannabis medicinal, profesionales vinculados a la tem\u00e1tica, miembros del Poder Legislativo y Ejecutivo, universidades y miembros de ONG\u2019s.<\/p>\n\n\n\n<p>No s\u00f3lo se pronunciar\u00e1 sobre las habilitaciones de cultivos, sino tambi\u00e9n sobre el desarrollo de programas de formaci\u00f3n e informaci\u00f3n en el marco del municipio.<\/p>\n","protected":false},"excerpt":{"rendered":"<p>El municipio de Santa Rosa abri\u00f3 este lunes el registro para personas usuarias y cultivadoras de cannabis medicinal, algo que reclamaba la comunidad cann\u00e1bica pampeana. Rodrigo Catalano, integrante de la&hellip;<\/p>\n","protected":false},"author":4,"featured_media":151940,"comment_status":"closed","ping_status":"open","sticky":false,"template":"","format":"standard","meta":{"_acf_changed":false,"footnotes":""},"categories":[10,12],"tags":[315,504],"class_list":["post-151873","post","type-post","status-publish","format-standard","has-post-thumbnail","hentry","category-portada-2","category-sociedad","tag-cannabis","tag-cannabis-medicinal"],"acf":[],"yoast_head":"<!-- This site is optimized with the Yoast SEO plugin v27.5 - https:\/\/yoast.com\/product\/yoast-seo-wordpress\/ -->\n<title>Santa Rosa abri\u00f3 este lunes el registro de usuarios y cultivadores de cannabis medicinal - Diario Textual<\/title>\n<meta name=\"robots\" content=\"index, follow, max-snippet:-1, max-image-preview:large, max-video-preview:-1\" \/>\n<link rel=\"canonical\" href=\"https:\/\/diariotextual.com\/inicio\/index.php\/2021\/06\/28\/santa-rosa-abre-este-lunes-el-registro-de-usuarios-y-cultivadores-de-cannabis-medicinal\/\" \/>\n<meta property=\"og:locale\" content=\"es_ES\" \/>\n<meta property=\"og:type\" content=\"article\" \/>\n<meta property=\"og:title\" content=\"Santa Rosa abri\u00f3 este lunes el registro de usuarios y cultivadores de cannabis medicinal - Diario Textual\" \/>\n<meta property=\"og:description\" content=\"El municipio de Santa Rosa abri\u00f3 este lunes el registro para personas usuarias y cultivadoras de cannabis medicinal, algo que reclamaba la comunidad cann\u00e1bica pampeana. Rodrigo Catalano, integrante de la&hellip;\" \/>\n<meta property=\"og:url\" content=\"https:\/\/diariotextual.com\/inicio\/index.php\/2021\/06\/28\/santa-rosa-abre-este-lunes-el-registro-de-usuarios-y-cultivadores-de-cannabis-medicinal\/\" \/>\n<meta property=\"og:site_name\" content=\"Diario Textual\" \/>\n<meta property=\"article:publisher\" content=\"https:\/\/www.facebook.com\/eltextual\" \/>\n<meta property=\"article:published_time\" content=\"2021-06-28T14:12:00+00:00\" \/>\n<meta property=\"article:modified_time\" content=\"2021-06-28T14:23:21+00:00\" \/>\n<meta property=\"og:image\" content=\"https:\/\/diariotextual.com\/inicio\/wp-content\/uploads\/2021\/06\/cannabisregistroapertura.jpg\" \/>\n\t<meta property=\"og:image:width\" content=\"873\" \/>\n\t<meta property=\"og:image:height\" content=\"445\" \/>\n\t<meta property=\"og:image:type\" content=\"image\/jpeg\" \/>\n<meta name=\"author\" content=\"diario2\" \/>\n<meta name=\"twitter:card\" content=\"summary_large_image\" \/>\n<meta name=\"twitter:creator\" content=\"@eltextual\" \/>\n<meta name=\"twitter:site\" content=\"@eltextual\" \/>\n<meta name=\"twitter:label1\" content=\"Escrito por\" \/>\n\t<meta name=\"twitter:data1\" content=\"diario2\" \/>\n\t<meta name=\"twitter:label2\" content=\"Tiempo de lectura\" \/>\n\t<meta name=\"twitter:data2\" content=\"2 minutos\" \/>\n<script type=\"application\/ld+json\" class=\"yoast-schema-graph\">{\"@context\":\"https:\\\/\\\/schema.org\",\"@graph\":[{\"@type\":\"Article\",\"@id\":\"https:\\\/\\\/diariotextual.com\\\/inicio\\\/index.php\\\/2021\\\/06\\\/28\\\/santa-rosa-abre-este-lunes-el-registro-de-usuarios-y-cultivadores-de-cannabis-medicinal\\\/#article\",\"isPartOf\":{\"@id\":\"https:\\\/\\\/diariotextual.com\\\/inicio\\\/index.php\\\/2021\\\/06\\\/28\\\/santa-rosa-abre-este-lunes-el-registro-de-usuarios-y-cultivadores-de-cannabis-medicinal\\\/\"},\"author\":{\"name\":\"diario2\",\"@id\":\"https:\\\/\\\/diariotextual.com\\\/inicio\\\/#\\\/schema\\\/person\\\/694f60677f23c4a530867a98f22b3768\"},\"headline\":\"Santa Rosa abri\u00f3 este lunes el registro de usuarios y cultivadores de cannabis medicinal\",\"datePublished\":\"2021-06-28T14:12:00+00:00\",\"dateModified\":\"2021-06-28T14:23:21+00:00\",\"mainEntityOfPage\":{\"@id\":\"https:\\\/\\\/diariotextual.com\\\/inicio\\\/index.php\\\/2021\\\/06\\\/28\\\/santa-rosa-abre-este-lunes-el-registro-de-usuarios-y-cultivadores-de-cannabis-medicinal\\\/\"},\"wordCount\":283,\"publisher\":{\"@id\":\"https:\\\/\\\/diariotextual.com\\\/inicio\\\/#organization\"},\"image\":{\"@id\":\"https:\\\/\\\/diariotextual.com\\\/inicio\\\/index.php\\\/2021\\\/06\\\/28\\\/santa-rosa-abre-este-lunes-el-registro-de-usuarios-y-cultivadores-de-cannabis-medicinal\\\/#primaryimage\"},\"thumbnailUrl\":\"https:\\\/\\\/diariotextual.com\\\/inicio\\\/wp-content\\\/uploads\\\/2021\\\/06\\\/cannabisregistroapertura.jpg\",\"keywords\":[\"cannabis\",\"cannabis medicinal\"],\"articleSection\":[\"A - PORTADA2\",\"SOCIEDAD\"],\"inLanguage\":\"es\"},{\"@type\":\"WebPage\",\"@id\":\"https:\\\/\\\/diariotextual.com\\\/inicio\\\/index.php\\\/2021\\\/06\\\/28\\\/santa-rosa-abre-este-lunes-el-registro-de-usuarios-y-cultivadores-de-cannabis-medicinal\\\/\",\"url\":\"https:\\\/\\\/diariotextual.com\\\/inicio\\\/index.php\\\/2021\\\/06\\\/28\\\/santa-rosa-abre-este-lunes-el-registro-de-usuarios-y-cultivadores-de-cannabis-medicinal\\\/\",\"name\":\"Santa Rosa abri\u00f3 este lunes el registro de usuarios y cultivadores de cannabis medicinal - Diario Textual\",\"isPartOf\":{\"@id\":\"https:\\\/\\\/diariotextual.com\\\/inicio\\\/#website\"},\"primaryImageOfPage\":{\"@id\":\"https:\\\/\\\/diariotextual.com\\\/inicio\\\/index.php\\\/2021\\\/06\\\/28\\\/santa-rosa-abre-este-lunes-el-registro-de-usuarios-y-cultivadores-de-cannabis-medicinal\\\/#primaryimage\"},\"image\":{\"@id\":\"https:\\\/\\\/diariotextual.com\\\/inicio\\\/index.php\\\/2021\\\/06\\\/28\\\/santa-rosa-abre-este-lunes-el-registro-de-usuarios-y-cultivadores-de-cannabis-medicinal\\\/#primaryimage\"},\"thumbnailUrl\":\"https:\\\/\\\/diariotextual.com\\\/inicio\\\/wp-content\\\/uploads\\\/2021\\\/06\\\/cannabisregistroapertura.jpg\",\"datePublished\":\"2021-06-28T14:12:00+00:00\",\"dateModified\":\"2021-06-28T14:23:21+00:00\",\"breadcrumb\":{\"@id\":\"https:\\\/\\\/diariotextual.com\\\/inicio\\\/index.php\\\/2021\\\/06\\\/28\\\/santa-rosa-abre-este-lunes-el-registro-de-usuarios-y-cultivadores-de-cannabis-medicinal\\\/#breadcrumb\"},\"inLanguage\":\"es\",\"potentialAction\":[{\"@type\":\"ReadAction\",\"target\":[\"https:\\\/\\\/diariotextual.com\\\/inicio\\\/index.php\\\/2021\\\/06\\\/28\\\/santa-rosa-abre-este-lunes-el-registro-de-usuarios-y-cultivadores-de-cannabis-medicinal\\\/\"]}]},{\"@type\":\"ImageObject\",\"inLanguage\":\"es\",\"@id\":\"https:\\\/\\\/diariotextual.com\\\/inicio\\\/index.php\\\/2021\\\/06\\\/28\\\/santa-rosa-abre-este-lunes-el-registro-de-usuarios-y-cultivadores-de-cannabis-medicinal\\\/#primaryimage\",\"url\":\"https:\\\/\\\/diariotextual.com\\\/inicio\\\/wp-content\\\/uploads\\\/2021\\\/06\\\/cannabisregistroapertura.jpg\",\"contentUrl\":\"https:\\\/\\\/diariotextual.com\\\/inicio\\\/wp-content\\\/uploads\\\/2021\\\/06\\\/cannabisregistroapertura.jpg\",\"width\":873,\"height\":445},{\"@type\":\"BreadcrumbList\",\"@id\":\"https:\\\/\\\/diariotextual.com\\\/inicio\\\/index.php\\\/2021\\\/06\\\/28\\\/santa-rosa-abre-este-lunes-el-registro-de-usuarios-y-cultivadores-de-cannabis-medicinal\\\/#breadcrumb\",\"itemListElement\":[{\"@type\":\"ListItem\",\"position\":1,\"name\":\"Portada\",\"item\":\"https:\\\/\\\/diariotextual.com\\\/inicio\\\/\"},{\"@type\":\"ListItem\",\"position\":2,\"name\":\"Santa Rosa abri\u00f3 este lunes el registro de usuarios y cultivadores de cannabis medicinal\"}]},{\"@type\":\"WebSite\",\"@id\":\"https:\\\/\\\/diariotextual.com\\\/inicio\\\/#website\",\"url\":\"https:\\\/\\\/diariotextual.com\\\/inicio\\\/\",\"name\":\"Diario Textual\",\"description\":\"\",\"publisher\":{\"@id\":\"https:\\\/\\\/diariotextual.com\\\/inicio\\\/#organization\"},\"potentialAction\":[{\"@type\":\"SearchAction\",\"target\":{\"@type\":\"EntryPoint\",\"urlTemplate\":\"https:\\\/\\\/diariotextual.com\\\/inicio\\\/?s={search_term_string}\"},\"query-input\":{\"@type\":\"PropertyValueSpecification\",\"valueRequired\":true,\"valueName\":\"search_term_string\"}}],\"inLanguage\":\"es\"},{\"@type\":\"Organization\",\"@id\":\"https:\\\/\\\/diariotextual.com\\\/inicio\\\/#organization\",\"name\":\"Diario Textual\",\"url\":\"https:\\\/\\\/diariotextual.com\\\/inicio\\\/\",\"logo\":{\"@type\":\"ImageObject\",\"inLanguage\":\"es\",\"@id\":\"https:\\\/\\\/diariotextual.com\\\/inicio\\\/#\\\/schema\\\/logo\\\/image\\\/\",\"url\":\"https:\\\/\\\/diariotextual.com\\\/inicio\\\/wp-content\\\/uploads\\\/2023\\\/05\\\/logotextual1.jpg\",\"contentUrl\":\"https:\\\/\\\/diariotextual.com\\\/inicio\\\/wp-content\\\/uploads\\\/2023\\\/05\\\/logotextual1.jpg\",\"width\":516,\"height\":76,\"caption\":\"Diario Textual\"},\"image\":{\"@id\":\"https:\\\/\\\/diariotextual.com\\\/inicio\\\/#\\\/schema\\\/logo\\\/image\\\/\"},\"sameAs\":[\"https:\\\/\\\/www.facebook.com\\\/eltextual\",\"https:\\\/\\\/x.com\\\/eltextual\",\"http:\\\/\\\/www.instagram.com\\\/eltextual\"]},{\"@type\":\"Person\",\"@id\":\"https:\\\/\\\/diariotextual.com\\\/inicio\\\/#\\\/schema\\\/person\\\/694f60677f23c4a530867a98f22b3768\",\"name\":\"diario2\",\"image\":{\"@type\":\"ImageObject\",\"inLanguage\":\"es\",\"@id\":\"https:\\\/\\\/secure.gravatar.com\\\/avatar\\\/5a2567495ba16b852fcd8f1ed006a2e24fcace936018ed8237e95f488ad6e0a7?s=96&d=mm&r=g\",\"url\":\"https:\\\/\\\/secure.gravatar.com\\\/avatar\\\/5a2567495ba16b852fcd8f1ed006a2e24fcace936018ed8237e95f488ad6e0a7?s=96&d=mm&r=g\",\"contentUrl\":\"https:\\\/\\\/secure.gravatar.com\\\/avatar\\\/5a2567495ba16b852fcd8f1ed006a2e24fcace936018ed8237e95f488ad6e0a7?s=96&d=mm&r=g\",\"caption\":\"diario2\"},\"url\":\"https:\\\/\\\/diariotextual.com\\\/inicio\\\/index.php\\\/author\\\/diario2\\\/\"}]}<\/script>\n<!-- \/ Yoast SEO plugin. -->","yoast_head_json":{"title":"Santa Rosa abri\u00f3 este lunes el registro de usuarios y cultivadores de cannabis medicinal - Diario Textual","robots":{"index":"index","follow":"follow","max-snippet":"max-snippet:-1","max-image-preview":"max-image-preview:large","max-video-preview":"max-video-preview:-1"},"canonical":"https:\/\/diariotextual.com\/inicio\/index.php\/2021\/06\/28\/santa-rosa-abre-este-lunes-el-registro-de-usuarios-y-cultivadores-de-cannabis-medicinal\/","og_locale":"es_ES","og_type":"article","og_title":"Santa Rosa abri\u00f3 este lunes el registro de usuarios y cultivadores de cannabis medicinal - Diario Textual","og_description":"El municipio de Santa Rosa abri\u00f3 este lunes el registro para personas usuarias y cultivadoras de cannabis medicinal, algo que reclamaba la comunidad cann\u00e1bica pampeana. Rodrigo Catalano, integrante de la&hellip;","og_url":"https:\/\/diariotextual.com\/inicio\/index.php\/2021\/06\/28\/santa-rosa-abre-este-lunes-el-registro-de-usuarios-y-cultivadores-de-cannabis-medicinal\/","og_site_name":"Diario Textual","article_publisher":"https:\/\/www.facebook.com\/eltextual","article_published_time":"2021-06-28T14:12:00+00:00","article_modified_time":"2021-06-28T14:23:21+00:00","og_image":[{"width":873,"height":445,"url":"https:\/\/diariotextual.com\/inicio\/wp-content\/uploads\/2021\/06\/cannabisregistroapertura.jpg","type":"image\/jpeg"}],"author":"diario2","twitter_card":"summary_large_image","twitter_creator":"@eltextual","twitter_site":"@eltextual","twitter_misc":{"Escrito por":"diario2","Tiempo de lectura":"2 minutos"},"schema":{"@context":"https:\/\/schema.org","@graph":[{"@type":"Article","@id":"https:\/\/diariotextual.com\/inicio\/index.php\/2021\/06\/28\/santa-rosa-abre-este-lunes-el-registro-de-usuarios-y-cultivadores-de-cannabis-medicinal\/#article","isPartOf":{"@id":"https:\/\/diariotextual.com\/inicio\/index.php\/2021\/06\/28\/santa-rosa-abre-este-lunes-el-registro-de-usuarios-y-cultivadores-de-cannabis-medicinal\/"},"author":{"name":"diario2","@id":"https:\/\/diariotextual.com\/inicio\/#\/schema\/person\/694f60677f23c4a530867a98f22b3768"},"headline":"Santa Rosa abri\u00f3 este lunes el registro de usuarios y cultivadores de cannabis medicinal","datePublished":"2021-06-28T14:12:00+00:00","dateModified":"2021-06-28T14:23:21+00:00","mainEntityOfPage":{"@id":"https:\/\/diariotextual.com\/inicio\/index.php\/2021\/06\/28\/santa-rosa-abre-este-lunes-el-registro-de-usuarios-y-cultivadores-de-cannabis-medicinal\/"},"wordCount":283,"publisher":{"@id":"https:\/\/diariotextual.com\/inicio\/#organization"},"image":{"@id":"https:\/\/diariotextual.com\/inicio\/index.php\/2021\/06\/28\/santa-rosa-abre-este-lunes-el-registro-de-usuarios-y-cultivadores-de-cannabis-medicinal\/#primaryimage"},"thumbnailUrl":"https:\/\/diariotextual.com\/inicio\/wp-content\/uploads\/2021\/06\/cannabisregistroapertura.jpg","keywords":["cannabis","cannabis medicinal"],"articleSection":["A - PORTADA2","SOCIEDAD"],"inLanguage":"es"},{"@type":"WebPage","@id":"https:\/\/diariotextual.com\/inicio\/index.php\/2021\/06\/28\/santa-rosa-abre-este-lunes-el-registro-de-usuarios-y-cultivadores-de-cannabis-medicinal\/","url":"https:\/\/diariotextual.com\/inicio\/index.php\/2021\/06\/28\/santa-rosa-abre-este-lunes-el-registro-de-usuarios-y-cultivadores-de-cannabis-medicinal\/","name":"Santa Rosa abri\u00f3 este lunes el registro de usuarios y cultivadores de cannabis medicinal - Diario Textual","isPartOf":{"@id":"https:\/\/diariotextual.com\/inicio\/#website"},"primaryImageOfPage":{"@id":"https:\/\/diariotextual.com\/inicio\/index.php\/2021\/06\/28\/santa-rosa-abre-este-lunes-el-registro-de-usuarios-y-cultivadores-de-cannabis-medicinal\/#primaryimage"},"image":{"@id":"https:\/\/diariotextual.com\/inicio\/index.php\/2021\/06\/28\/santa-rosa-abre-este-lunes-el-registro-de-usuarios-y-cultivadores-de-cannabis-medicinal\/#primaryimage"},"thumbnailUrl":"https:\/\/diariotextual.com\/inicio\/wp-content\/uploads\/2021\/06\/cannabisregistroapertura.jpg","datePublished":"2021-06-28T14:12:00+00:00","dateModified":"2021-06-28T14:23:21+00:00","breadcrumb":{"@id":"https:\/\/diariotextual.com\/inicio\/index.php\/2021\/06\/28\/santa-rosa-abre-este-lunes-el-registro-de-usuarios-y-cultivadores-de-cannabis-medicinal\/#breadcrumb"},"inLanguage":"es","potentialAction":[{"@type":"ReadAction","target":["https:\/\/diariotextual.com\/inicio\/index.php\/2021\/06\/28\/santa-rosa-abre-este-lunes-el-registro-de-usuarios-y-cultivadores-de-cannabis-medicinal\/"]}]},{"@type":"ImageObject","inLanguage":"es","@id":"https:\/\/diariotextual.com\/inicio\/index.php\/2021\/06\/28\/santa-rosa-abre-este-lunes-el-registro-de-usuarios-y-cultivadores-de-cannabis-medicinal\/#primaryimage","url":"https:\/\/diariotextual.com\/inicio\/wp-content\/uploads\/2021\/06\/cannabisregistroapertura.jpg","contentUrl":"https:\/\/diariotextual.com\/inicio\/wp-content\/uploads\/2021\/06\/cannabisregistroapertura.jpg","width":873,"height":445},{"@type":"BreadcrumbList","@id":"https:\/\/diariotextual.com\/inicio\/index.php\/2021\/06\/28\/santa-rosa-abre-este-lunes-el-registro-de-usuarios-y-cultivadores-de-cannabis-medicinal\/#breadcrumb","itemListElement":[{"@type":"ListItem","position":1,"name":"Portada","item":"https:\/\/diariotextual.com\/inicio\/"},{"@type":"ListItem","position":2,"name":"Santa Rosa abri\u00f3 este lunes el registro de usuarios y cultivadores de cannabis medicinal"}]},{"@type":"WebSite","@id":"https:\/\/diariotextual.com\/inicio\/#website","url":"https:\/\/diariotextual.com\/inicio\/","name":"Diario Textual","description":"","publisher":{"@id":"https:\/\/diariotextual.com\/inicio\/#organization"},"potentialAction":[{"@type":"SearchAction","target":{"@type":"EntryPoint","urlTemplate":"https:\/\/diariotextual.com\/inicio\/?s={search_term_string}"},"query-input":{"@type":"PropertyValueSpecification","valueRequired":true,"valueName":"search_term_string"}}],"inLanguage":"es"},{"@type":"Organization","@id":"https:\/\/diariotextual.com\/inicio\/#organization","name":"Diario Textual","url":"https:\/\/diariotextual.com\/inicio\/","logo":{"@type":"ImageObject","inLanguage":"es","@id":"https:\/\/diariotextual.com\/inicio\/#\/schema\/logo\/image\/","url":"https:\/\/diariotextual.com\/inicio\/wp-content\/uploads\/2023\/05\/logotextual1.jpg","contentUrl":"https:\/\/diariotextual.com\/inicio\/wp-content\/uploads\/2023\/05\/logotextual1.jpg","width":516,"height":76,"caption":"Diario Textual"},"image":{"@id":"https:\/\/diariotextual.com\/inicio\/#\/schema\/logo\/image\/"},"sameAs":["https:\/\/www.facebook.com\/eltextual","https:\/\/x.com\/eltextual","http:\/\/www.instagram.com\/eltextual"]},{"@type":"Person","@id":"https:\/\/diariotextual.com\/inicio\/#\/schema\/person\/694f60677f23c4a530867a98f22b3768","name":"diario2","image":{"@type":"ImageObject","inLanguage":"es","@id":"https:\/\/secure.gravatar.com\/avatar\/5a2567495ba16b852fcd8f1ed006a2e24fcace936018ed8237e95f488ad6e0a7?s=96&d=mm&r=g","url":"https:\/\/secure.gravatar.com\/avatar\/5a2567495ba16b852fcd8f1ed006a2e24fcace936018ed8237e95f488ad6e0a7?s=96&d=mm&r=g","contentUrl":"https:\/\/secure.gravatar.com\/avatar\/5a2567495ba16b852fcd8f1ed006a2e24fcace936018ed8237e95f488ad6e0a7?s=96&d=mm&r=g","caption":"diario2"},"url":"https:\/\/diariotextual.com\/inicio\/index.php\/author\/diario2\/"}]}},"_links":{"self":[{"href":"https:\/\/diariotextual.com\/inicio\/index.php\/wp-json\/wp\/v2\/posts\/151873","targetHints":{"allow":["GET"]}}],"collection":[{"href":"https:\/\/diariotextual.com\/inicio\/index.php\/wp-json\/wp\/v2\/posts"}],"about":[{"href":"https:\/\/diariotextual.com\/inicio\/index.php\/wp-json\/wp\/v2\/types\/post"}],"author":[{"embeddable":true,"href":"https:\/\/diariotextual.com\/inicio\/index.php\/wp-json\/wp\/v2\/users\/4"}],"replies":[{"embeddable":true,"href":"https:\/\/diariotextual.com\/inicio\/index.php\/wp-json\/wp\/v2\/comments?post=151873"}],"version-history":[{"count":4,"href":"https:\/\/diariotextual.com\/inicio\/index.php\/wp-json\/wp\/v2\/posts\/151873\/revisions"}],"predecessor-version":[{"id":151938,"href":"https:\/\/diariotextual.com\/inicio\/index.php\/wp-json\/wp\/v2\/posts\/151873\/revisions\/151938"}],"wp:featuredmedia":[{"embeddable":true,"href":"https:\/\/diariotextual.com\/inicio\/index.php\/wp-json\/wp\/v2\/media\/151940"}],"wp:attachment":[{"href":"https:\/\/diariotextual.com\/inicio\/index.php\/wp-json\/wp\/v2\/media?parent=151873"}],"wp:term":[{"taxonomy":"category","embeddable":true,"href":"https:\/\/diariotextual.com\/inicio\/index.php\/wp-json\/wp\/v2\/categories?post=151873"},{"taxonomy":"post_tag","embeddable":true,"href":"https:\/\/diariotextual.com\/inicio\/index.php\/wp-json\/wp\/v2\/tags?post=151873"}],"curies":[{"name":"wp","href":"https:\/\/api.w.org\/{rel}","templated":true}]}}