{"id":151978,"date":"2021-06-28T14:48:30","date_gmt":"2021-06-28T17:48:30","guid":{"rendered":"https:\/\/diariotextual.com\/inicio\/?p=151978"},"modified":"2021-06-29T08:26:05","modified_gmt":"2021-06-29T11:26:05","slug":"chau-ferroexpreso-nacion-decidio-no-extender-la-concesion-del-tren-que-atraviesa-la-pampa","status":"publish","type":"post","link":"https:\/\/diariotextual.com\/inicio\/index.php\/2021\/06\/28\/chau-ferroexpreso-nacion-decidio-no-extender-la-concesion-del-tren-que-atraviesa-la-pampa\/","title":{"rendered":"Naci\u00f3n decidi\u00f3 no extender la concesi\u00f3n a Ferroexpreso, con los trenes de carga que atraviesan La Pampa"},"content":{"rendered":"\n<p>El Gobierno rechaz\u00f3 la extensi\u00f3n de la concesi\u00f3n de ramales ferroviarios de carga que estaban operados por tres empresas privadas. La decisi\u00f3n pesa sobre los servicios que estaban en manos de las empresas Ferroexpreso Pampeano -que tiene las l\u00edneas de La Pampa- Nuevo Central Argentino y Ferrosur Roca, y establece que ser\u00e1n operados por el Estado aunque abre la puerta para un esquema mixto p\u00fablico-privado en el futuro.<\/p>\n\n\n\n<p>El rechazo se oficializ\u00f3 esta ma\u00f1ana a trav\u00e9s de la resoluci\u00f3n 211 de 2021 publicada en el Bolet\u00edn Oficial. La Comisi\u00f3n Especial de Renegociaci\u00f3n de Contratos hab\u00eda recomendado el 14 de marzo pasado el rechazo a los pedidos de extensi\u00f3n de las concesiones que las tres empresas hab\u00edan presentado.<\/p>\n\n\n\n<p><br>Las concesiones otorgadas en la d\u00e9cada del 90 venc\u00edan en los meses pr\u00f3ximos.<strong> La de Ferroexpreso Pampeano ten\u00eda fecha de caducidad en octubre de este a\u00f1o<\/strong>, la de Nuevo Central Argentino en diciembre del a\u00f1o que viene y la de Ferrosur en marzo de 2022.<\/p>\n\n\n\n<p><strong>Ferroexpreso Pampeano est\u00e1 a cargo de las l\u00edneas de ferrocarriles que atraviesan toda nuestra provincia<\/strong>. Pero, <strong>en rigor, la firma solo tiene operativa en forma casi diaria una l\u00ednea troncal, para carga: la que ingresa desde la ciudad santafesina de Rosario por Realic\u00f3, sigue hacia Pico y, pasando Catril\u00f3, contin\u00faa hasta el puerto bonaerense de Ingeniero White, en proximidades de Bah\u00eda Blanca.<\/strong><\/p>\n\n\n\n<figure class=\"wp-block-image size-large\"><img fetchpriority=\"high\" decoding=\"async\" width=\"720\" height=\"476\" src=\"https:\/\/diariotextual.com\/inicio\/wp-content\/uploads\/2021\/06\/trenferroexpreso01.jpg\" alt=\"\" class=\"wp-image-151981\" srcset=\"https:\/\/diariotextual.com\/inicio\/wp-content\/uploads\/2021\/06\/trenferroexpreso01.jpg 720w, https:\/\/diariotextual.com\/inicio\/wp-content\/uploads\/2021\/06\/trenferroexpreso01-300x198.jpg 300w, https:\/\/diariotextual.com\/inicio\/wp-content\/uploads\/2021\/06\/trenferroexpreso01-585x387.jpg 585w, https:\/\/diariotextual.com\/inicio\/wp-content\/uploads\/2021\/06\/trenferroexpreso01-263x175.jpg 263w\" sizes=\"(max-width: 720px) 100vw, 720px\" \/><\/figure>\n\n\n\n<p>En el dictamen citado en la resoluci\u00f3n publicada hoy, la comisi\u00f3n concluy\u00f3 que \u201clas concesiones ferroviarias de cargas arrojan, al cabo de casi 30 a\u00f1os, un balance negativo en t\u00e9rminos de estado de la infraestructura (velocidad y ramales perdidos), y que esa situaci\u00f3n no puede ser corregida, ni siquiera atenuada, en el marco del esquema de concesionamiento integral y de fragmentaci\u00f3n de la Red Ferroviaria Nacional en compartimentos estancos\u201d.<\/p>\n\n\n\n<p>Tambi\u00e9n que \u201cla experiencia recogida a trav\u00e9s del desempe\u00f1o de Trenes Argentinos Cargas S.A. indicar\u00eda que el desarrollo del sistema ferroviario en la Argentina y el incremento de su participaci\u00f3n en la matriz modal dependen de una concepci\u00f3n y una administraci\u00f3n integral de dicha red, y que el papel de los actores privados debe circunscribirse a la operaci\u00f3n de las cargas que consigan, cuesti\u00f3n en la que su colaboraci\u00f3n con el sistema resulta \u00fatil y saludable, en atenci\u00f3n a su experticia en la gesti\u00f3n comercial\u201d.<\/p>\n\n\n\n<p>Ferroexpreso Pampeano es controlada por Sociedad Comercial del Plata, Nuevo Central Argentino por Aceitera General Deheza y Ferrosur Roca por un consorcio formado por la unidad de Loma Negra, Cofesur, el Estado Nacional y el personal de la compa\u00f1\u00eda, con mayor\u00eda de las primeras dos sociedades.<\/p>\n\n\n\n<p>La resoluci\u00f3n que lleva la firma del ministro de Transporte,<strong>&nbsp;Alexis Guerrera<\/strong>, establece as\u00ed que la operaci\u00f3n del corredor Rosario \u2013 Bah\u00eda Blanca (integrado por los tramos Rosario-Puerto Belgrano y Huinca Renanc\u00f3-Ingeniero White), de las l\u00edneas Mitre (con exclusi\u00f3n de los trechos entre Retiro y Tigre, Bartolom\u00e9 Mitre, Z\u00e1rate, Victoria y Capilla del Se\u00f1or) y Roca (excepto entre Altamirano y Miramar y el servicio urbano) pasar\u00e1n a manos del Estado.<\/p>\n\n\n\n<p>La empresa Belgrano Cargas y Log\u00edstica se har\u00e1 cargo de la operaci\u00f3n \u201ccon car\u00e1cter precario y podr\u00e1 ser revocada en cualquier momento\u201d indica la Resoluci\u00f3n al tiempo que se realizar\u00e1 un inventario de los bienes que componen las concesiones afectadas por la medida. En tanto, la Administraci\u00f3n de Infraestructuras Ferroviarias Sociedad del Estado (ADIF) quedar\u00e1 a cargo de la gesti\u00f3n de los sistemas de control de la circulaci\u00f3n de trenes y el mantenimiento de la infraestructura y que podr\u00e1 acordar con Belgrano Cargas el traspaso de estas tareas.<\/p>\n\n\n\n<p>El texto deja la puerta abierta para que las empresas concesionarias puedan seguir operando bajo un \u201csistema abierto\u201d que permitir\u00eda, incluso, la entrada de nuevos jugadores. Aunque todav\u00eda falta definir qu\u00e9 material quedar\u00e1 en manos de los privados para brindar servicios.<\/p>\n\n\n\n<p><\/p>\n","protected":false},"excerpt":{"rendered":"<p>El Gobierno rechaz\u00f3 la extensi\u00f3n de la concesi\u00f3n de ramales ferroviarios de carga que estaban operados por tres empresas privadas. La decisi\u00f3n pesa sobre los servicios que estaban en manos&hellip;<\/p>\n","protected":false},"author":3,"featured_media":107367,"comment_status":"closed","ping_status":"open","sticky":false,"template":"","format":"standard","meta":{"_acf_changed":false,"footnotes":""},"categories":[1,8],"tags":[5711,1532],"class_list":["post-151978","post","type-post","status-publish","format-standard","has-post-thumbnail","hentry","category-es-noticia","category-politica","tag-ferroexpreso","tag-tren"],"acf":[],"yoast_head":"<!-- This site is optimized with the Yoast SEO plugin v27.5 - https:\/\/yoast.com\/product\/yoast-seo-wordpress\/ -->\n<title>Naci\u00f3n decidi\u00f3 no extender la concesi\u00f3n a Ferroexpreso, con los trenes de carga que atraviesan La Pampa - Diario Textual<\/title>\n<meta name=\"robots\" content=\"index, follow, max-snippet:-1, max-image-preview:large, max-video-preview:-1\" \/>\n<link rel=\"canonical\" href=\"https:\/\/diariotextual.com\/inicio\/index.php\/2021\/06\/28\/chau-ferroexpreso-nacion-decidio-no-extender-la-concesion-del-tren-que-atraviesa-la-pampa\/\" \/>\n<meta property=\"og:locale\" content=\"es_ES\" \/>\n<meta property=\"og:type\" content=\"article\" \/>\n<meta property=\"og:title\" content=\"Naci\u00f3n decidi\u00f3 no extender la concesi\u00f3n a Ferroexpreso, con los trenes de carga que atraviesan La Pampa - Diario Textual\" \/>\n<meta property=\"og:description\" content=\"El Gobierno rechaz\u00f3 la extensi\u00f3n de la concesi\u00f3n de ramales ferroviarios de carga que estaban operados por tres empresas privadas. La decisi\u00f3n pesa sobre los servicios que estaban en manos&hellip;\" \/>\n<meta property=\"og:url\" content=\"https:\/\/diariotextual.com\/inicio\/index.php\/2021\/06\/28\/chau-ferroexpreso-nacion-decidio-no-extender-la-concesion-del-tren-que-atraviesa-la-pampa\/\" \/>\n<meta property=\"og:site_name\" content=\"Diario Textual\" \/>\n<meta property=\"article:publisher\" content=\"https:\/\/www.facebook.com\/eltextual\" \/>\n<meta property=\"article:published_time\" content=\"2021-06-28T17:48:30+00:00\" \/>\n<meta property=\"article:modified_time\" content=\"2021-06-29T11:26:05+00:00\" \/>\n<meta property=\"og:image\" content=\"https:\/\/diariotextual.com\/inicio\/wp-content\/uploads\/2020\/08\/trenviasferrocarriltextual9999.jpg\" \/>\n\t<meta property=\"og:image:width\" content=\"1175\" \/>\n\t<meta property=\"og:image:height\" content=\"768\" \/>\n\t<meta property=\"og:image:type\" content=\"image\/jpeg\" \/>\n<meta name=\"author\" content=\"Diario1 Diario1\" \/>\n<meta name=\"twitter:card\" content=\"summary_large_image\" \/>\n<meta name=\"twitter:creator\" content=\"@eltextual\" \/>\n<meta name=\"twitter:site\" content=\"@eltextual\" \/>\n<meta name=\"twitter:label1\" content=\"Escrito por\" \/>\n\t<meta name=\"twitter:data1\" content=\"Diario1 Diario1\" \/>\n\t<meta name=\"twitter:label2\" content=\"Tiempo de lectura\" \/>\n\t<meta name=\"twitter:data2\" content=\"3 minutos\" \/>\n<script type=\"application\/ld+json\" class=\"yoast-schema-graph\">{\"@context\":\"https:\\\/\\\/schema.org\",\"@graph\":[{\"@type\":\"Article\",\"@id\":\"https:\\\/\\\/diariotextual.com\\\/inicio\\\/index.php\\\/2021\\\/06\\\/28\\\/chau-ferroexpreso-nacion-decidio-no-extender-la-concesion-del-tren-que-atraviesa-la-pampa\\\/#article\",\"isPartOf\":{\"@id\":\"https:\\\/\\\/diariotextual.com\\\/inicio\\\/index.php\\\/2021\\\/06\\\/28\\\/chau-ferroexpreso-nacion-decidio-no-extender-la-concesion-del-tren-que-atraviesa-la-pampa\\\/\"},\"author\":{\"name\":\"Diario1 Diario1\",\"@id\":\"https:\\\/\\\/diariotextual.com\\\/inicio\\\/#\\\/schema\\\/person\\\/418fc4093c33e86ed41562db3508f958\"},\"headline\":\"Naci\u00f3n decidi\u00f3 no extender la concesi\u00f3n a Ferroexpreso, con los trenes de carga que atraviesan La Pampa\",\"datePublished\":\"2021-06-28T17:48:30+00:00\",\"dateModified\":\"2021-06-29T11:26:05+00:00\",\"mainEntityOfPage\":{\"@id\":\"https:\\\/\\\/diariotextual.com\\\/inicio\\\/index.php\\\/2021\\\/06\\\/28\\\/chau-ferroexpreso-nacion-decidio-no-extender-la-concesion-del-tren-que-atraviesa-la-pampa\\\/\"},\"wordCount\":700,\"publisher\":{\"@id\":\"https:\\\/\\\/diariotextual.com\\\/inicio\\\/#organization\"},\"image\":{\"@id\":\"https:\\\/\\\/diariotextual.com\\\/inicio\\\/index.php\\\/2021\\\/06\\\/28\\\/chau-ferroexpreso-nacion-decidio-no-extender-la-concesion-del-tren-que-atraviesa-la-pampa\\\/#primaryimage\"},\"thumbnailUrl\":\"https:\\\/\\\/diariotextual.com\\\/inicio\\\/wp-content\\\/uploads\\\/2020\\\/08\\\/trenviasferrocarriltextual9999.jpg\",\"keywords\":[\"ferroexpreso\",\"tren\"],\"articleSection\":[\"A - ES NOTICIA (van abajo)\",\"POLITICA\"],\"inLanguage\":\"es\"},{\"@type\":\"WebPage\",\"@id\":\"https:\\\/\\\/diariotextual.com\\\/inicio\\\/index.php\\\/2021\\\/06\\\/28\\\/chau-ferroexpreso-nacion-decidio-no-extender-la-concesion-del-tren-que-atraviesa-la-pampa\\\/\",\"url\":\"https:\\\/\\\/diariotextual.com\\\/inicio\\\/index.php\\\/2021\\\/06\\\/28\\\/chau-ferroexpreso-nacion-decidio-no-extender-la-concesion-del-tren-que-atraviesa-la-pampa\\\/\",\"name\":\"Naci\u00f3n decidi\u00f3 no extender la concesi\u00f3n a Ferroexpreso, con los trenes de carga que atraviesan La Pampa - Diario Textual\",\"isPartOf\":{\"@id\":\"https:\\\/\\\/diariotextual.com\\\/inicio\\\/#website\"},\"primaryImageOfPage\":{\"@id\":\"https:\\\/\\\/diariotextual.com\\\/inicio\\\/index.php\\\/2021\\\/06\\\/28\\\/chau-ferroexpreso-nacion-decidio-no-extender-la-concesion-del-tren-que-atraviesa-la-pampa\\\/#primaryimage\"},\"image\":{\"@id\":\"https:\\\/\\\/diariotextual.com\\\/inicio\\\/index.php\\\/2021\\\/06\\\/28\\\/chau-ferroexpreso-nacion-decidio-no-extender-la-concesion-del-tren-que-atraviesa-la-pampa\\\/#primaryimage\"},\"thumbnailUrl\":\"https:\\\/\\\/diariotextual.com\\\/inicio\\\/wp-content\\\/uploads\\\/2020\\\/08\\\/trenviasferrocarriltextual9999.jpg\",\"datePublished\":\"2021-06-28T17:48:30+00:00\",\"dateModified\":\"2021-06-29T11:26:05+00:00\",\"breadcrumb\":{\"@id\":\"https:\\\/\\\/diariotextual.com\\\/inicio\\\/index.php\\\/2021\\\/06\\\/28\\\/chau-ferroexpreso-nacion-decidio-no-extender-la-concesion-del-tren-que-atraviesa-la-pampa\\\/#breadcrumb\"},\"inLanguage\":\"es\",\"potentialAction\":[{\"@type\":\"ReadAction\",\"target\":[\"https:\\\/\\\/diariotextual.com\\\/inicio\\\/index.php\\\/2021\\\/06\\\/28\\\/chau-ferroexpreso-nacion-decidio-no-extender-la-concesion-del-tren-que-atraviesa-la-pampa\\\/\"]}]},{\"@type\":\"ImageObject\",\"inLanguage\":\"es\",\"@id\":\"https:\\\/\\\/diariotextual.com\\\/inicio\\\/index.php\\\/2021\\\/06\\\/28\\\/chau-ferroexpreso-nacion-decidio-no-extender-la-concesion-del-tren-que-atraviesa-la-pampa\\\/#primaryimage\",\"url\":\"https:\\\/\\\/diariotextual.com\\\/inicio\\\/wp-content\\\/uploads\\\/2020\\\/08\\\/trenviasferrocarriltextual9999.jpg\",\"contentUrl\":\"https:\\\/\\\/diariotextual.com\\\/inicio\\\/wp-content\\\/uploads\\\/2020\\\/08\\\/trenviasferrocarriltextual9999.jpg\",\"width\":1175,\"height\":768},{\"@type\":\"BreadcrumbList\",\"@id\":\"https:\\\/\\\/diariotextual.com\\\/inicio\\\/index.php\\\/2021\\\/06\\\/28\\\/chau-ferroexpreso-nacion-decidio-no-extender-la-concesion-del-tren-que-atraviesa-la-pampa\\\/#breadcrumb\",\"itemListElement\":[{\"@type\":\"ListItem\",\"position\":1,\"name\":\"Portada\",\"item\":\"https:\\\/\\\/diariotextual.com\\\/inicio\\\/\"},{\"@type\":\"ListItem\",\"position\":2,\"name\":\"Naci\u00f3n decidi\u00f3 no extender la concesi\u00f3n a Ferroexpreso, con los trenes de carga que atraviesan La Pampa\"}]},{\"@type\":\"WebSite\",\"@id\":\"https:\\\/\\\/diariotextual.com\\\/inicio\\\/#website\",\"url\":\"https:\\\/\\\/diariotextual.com\\\/inicio\\\/\",\"name\":\"Diario Textual\",\"description\":\"\",\"publisher\":{\"@id\":\"https:\\\/\\\/diariotextual.com\\\/inicio\\\/#organization\"},\"potentialAction\":[{\"@type\":\"SearchAction\",\"target\":{\"@type\":\"EntryPoint\",\"urlTemplate\":\"https:\\\/\\\/diariotextual.com\\\/inicio\\\/?s={search_term_string}\"},\"query-input\":{\"@type\":\"PropertyValueSpecification\",\"valueRequired\":true,\"valueName\":\"search_term_string\"}}],\"inLanguage\":\"es\"},{\"@type\":\"Organization\",\"@id\":\"https:\\\/\\\/diariotextual.com\\\/inicio\\\/#organization\",\"name\":\"Diario Textual\",\"url\":\"https:\\\/\\\/diariotextual.com\\\/inicio\\\/\",\"logo\":{\"@type\":\"ImageObject\",\"inLanguage\":\"es\",\"@id\":\"https:\\\/\\\/diariotextual.com\\\/inicio\\\/#\\\/schema\\\/logo\\\/image\\\/\",\"url\":\"https:\\\/\\\/diariotextual.com\\\/inicio\\\/wp-content\\\/uploads\\\/2023\\\/05\\\/logotextual1.jpg\",\"contentUrl\":\"https:\\\/\\\/diariotextual.com\\\/inicio\\\/wp-content\\\/uploads\\\/2023\\\/05\\\/logotextual1.jpg\",\"width\":516,\"height\":76,\"caption\":\"Diario Textual\"},\"image\":{\"@id\":\"https:\\\/\\\/diariotextual.com\\\/inicio\\\/#\\\/schema\\\/logo\\\/image\\\/\"},\"sameAs\":[\"https:\\\/\\\/www.facebook.com\\\/eltextual\",\"https:\\\/\\\/x.com\\\/eltextual\",\"http:\\\/\\\/www.instagram.com\\\/eltextual\"]},{\"@type\":\"Person\",\"@id\":\"https:\\\/\\\/diariotextual.com\\\/inicio\\\/#\\\/schema\\\/person\\\/418fc4093c33e86ed41562db3508f958\",\"name\":\"Diario1 Diario1\",\"image\":{\"@type\":\"ImageObject\",\"inLanguage\":\"es\",\"@id\":\"https:\\\/\\\/secure.gravatar.com\\\/avatar\\\/9167d280179c85bc18be67aa7eda765854300033af4896dd779b608640f2ef7a?s=96&d=mm&r=g\",\"url\":\"https:\\\/\\\/secure.gravatar.com\\\/avatar\\\/9167d280179c85bc18be67aa7eda765854300033af4896dd779b608640f2ef7a?s=96&d=mm&r=g\",\"contentUrl\":\"https:\\\/\\\/secure.gravatar.com\\\/avatar\\\/9167d280179c85bc18be67aa7eda765854300033af4896dd779b608640f2ef7a?s=96&d=mm&r=g\",\"caption\":\"Diario1 Diario1\"},\"url\":\"https:\\\/\\\/diariotextual.com\\\/inicio\\\/index.php\\\/author\\\/diario1\\\/\"}]}<\/script>\n<!-- \/ Yoast SEO plugin. -->","yoast_head_json":{"title":"Naci\u00f3n decidi\u00f3 no extender la concesi\u00f3n a Ferroexpreso, con los trenes de carga que atraviesan La Pampa - Diario Textual","robots":{"index":"index","follow":"follow","max-snippet":"max-snippet:-1","max-image-preview":"max-image-preview:large","max-video-preview":"max-video-preview:-1"},"canonical":"https:\/\/diariotextual.com\/inicio\/index.php\/2021\/06\/28\/chau-ferroexpreso-nacion-decidio-no-extender-la-concesion-del-tren-que-atraviesa-la-pampa\/","og_locale":"es_ES","og_type":"article","og_title":"Naci\u00f3n decidi\u00f3 no extender la concesi\u00f3n a Ferroexpreso, con los trenes de carga que atraviesan La Pampa - Diario Textual","og_description":"El Gobierno rechaz\u00f3 la extensi\u00f3n de la concesi\u00f3n de ramales ferroviarios de carga que estaban operados por tres empresas privadas. La decisi\u00f3n pesa sobre los servicios que estaban en manos&hellip;","og_url":"https:\/\/diariotextual.com\/inicio\/index.php\/2021\/06\/28\/chau-ferroexpreso-nacion-decidio-no-extender-la-concesion-del-tren-que-atraviesa-la-pampa\/","og_site_name":"Diario Textual","article_publisher":"https:\/\/www.facebook.com\/eltextual","article_published_time":"2021-06-28T17:48:30+00:00","article_modified_time":"2021-06-29T11:26:05+00:00","og_image":[{"width":1175,"height":768,"url":"https:\/\/diariotextual.com\/inicio\/wp-content\/uploads\/2020\/08\/trenviasferrocarriltextual9999.jpg","type":"image\/jpeg"}],"author":"Diario1 Diario1","twitter_card":"summary_large_image","twitter_creator":"@eltextual","twitter_site":"@eltextual","twitter_misc":{"Escrito por":"Diario1 Diario1","Tiempo de lectura":"3 minutos"},"schema":{"@context":"https:\/\/schema.org","@graph":[{"@type":"Article","@id":"https:\/\/diariotextual.com\/inicio\/index.php\/2021\/06\/28\/chau-ferroexpreso-nacion-decidio-no-extender-la-concesion-del-tren-que-atraviesa-la-pampa\/#article","isPartOf":{"@id":"https:\/\/diariotextual.com\/inicio\/index.php\/2021\/06\/28\/chau-ferroexpreso-nacion-decidio-no-extender-la-concesion-del-tren-que-atraviesa-la-pampa\/"},"author":{"name":"Diario1 Diario1","@id":"https:\/\/diariotextual.com\/inicio\/#\/schema\/person\/418fc4093c33e86ed41562db3508f958"},"headline":"Naci\u00f3n decidi\u00f3 no extender la concesi\u00f3n a Ferroexpreso, con los trenes de carga que atraviesan La Pampa","datePublished":"2021-06-28T17:48:30+00:00","dateModified":"2021-06-29T11:26:05+00:00","mainEntityOfPage":{"@id":"https:\/\/diariotextual.com\/inicio\/index.php\/2021\/06\/28\/chau-ferroexpreso-nacion-decidio-no-extender-la-concesion-del-tren-que-atraviesa-la-pampa\/"},"wordCount":700,"publisher":{"@id":"https:\/\/diariotextual.com\/inicio\/#organization"},"image":{"@id":"https:\/\/diariotextual.com\/inicio\/index.php\/2021\/06\/28\/chau-ferroexpreso-nacion-decidio-no-extender-la-concesion-del-tren-que-atraviesa-la-pampa\/#primaryimage"},"thumbnailUrl":"https:\/\/diariotextual.com\/inicio\/wp-content\/uploads\/2020\/08\/trenviasferrocarriltextual9999.jpg","keywords":["ferroexpreso","tren"],"articleSection":["A - ES NOTICIA (van abajo)","POLITICA"],"inLanguage":"es"},{"@type":"WebPage","@id":"https:\/\/diariotextual.com\/inicio\/index.php\/2021\/06\/28\/chau-ferroexpreso-nacion-decidio-no-extender-la-concesion-del-tren-que-atraviesa-la-pampa\/","url":"https:\/\/diariotextual.com\/inicio\/index.php\/2021\/06\/28\/chau-ferroexpreso-nacion-decidio-no-extender-la-concesion-del-tren-que-atraviesa-la-pampa\/","name":"Naci\u00f3n decidi\u00f3 no extender la concesi\u00f3n a Ferroexpreso, con los trenes de carga que atraviesan La Pampa - Diario Textual","isPartOf":{"@id":"https:\/\/diariotextual.com\/inicio\/#website"},"primaryImageOfPage":{"@id":"https:\/\/diariotextual.com\/inicio\/index.php\/2021\/06\/28\/chau-ferroexpreso-nacion-decidio-no-extender-la-concesion-del-tren-que-atraviesa-la-pampa\/#primaryimage"},"image":{"@id":"https:\/\/diariotextual.com\/inicio\/index.php\/2021\/06\/28\/chau-ferroexpreso-nacion-decidio-no-extender-la-concesion-del-tren-que-atraviesa-la-pampa\/#primaryimage"},"thumbnailUrl":"https:\/\/diariotextual.com\/inicio\/wp-content\/uploads\/2020\/08\/trenviasferrocarriltextual9999.jpg","datePublished":"2021-06-28T17:48:30+00:00","dateModified":"2021-06-29T11:26:05+00:00","breadcrumb":{"@id":"https:\/\/diariotextual.com\/inicio\/index.php\/2021\/06\/28\/chau-ferroexpreso-nacion-decidio-no-extender-la-concesion-del-tren-que-atraviesa-la-pampa\/#breadcrumb"},"inLanguage":"es","potentialAction":[{"@type":"ReadAction","target":["https:\/\/diariotextual.com\/inicio\/index.php\/2021\/06\/28\/chau-ferroexpreso-nacion-decidio-no-extender-la-concesion-del-tren-que-atraviesa-la-pampa\/"]}]},{"@type":"ImageObject","inLanguage":"es","@id":"https:\/\/diariotextual.com\/inicio\/index.php\/2021\/06\/28\/chau-ferroexpreso-nacion-decidio-no-extender-la-concesion-del-tren-que-atraviesa-la-pampa\/#primaryimage","url":"https:\/\/diariotextual.com\/inicio\/wp-content\/uploads\/2020\/08\/trenviasferrocarriltextual9999.jpg","contentUrl":"https:\/\/diariotextual.com\/inicio\/wp-content\/uploads\/2020\/08\/trenviasferrocarriltextual9999.jpg","width":1175,"height":768},{"@type":"BreadcrumbList","@id":"https:\/\/diariotextual.com\/inicio\/index.php\/2021\/06\/28\/chau-ferroexpreso-nacion-decidio-no-extender-la-concesion-del-tren-que-atraviesa-la-pampa\/#breadcrumb","itemListElement":[{"@type":"ListItem","position":1,"name":"Portada","item":"https:\/\/diariotextual.com\/inicio\/"},{"@type":"ListItem","position":2,"name":"Naci\u00f3n decidi\u00f3 no extender la concesi\u00f3n a Ferroexpreso, con los trenes de carga que atraviesan La Pampa"}]},{"@type":"WebSite","@id":"https:\/\/diariotextual.com\/inicio\/#website","url":"https:\/\/diariotextual.com\/inicio\/","name":"Diario Textual","description":"","publisher":{"@id":"https:\/\/diariotextual.com\/inicio\/#organization"},"potentialAction":[{"@type":"SearchAction","target":{"@type":"EntryPoint","urlTemplate":"https:\/\/diariotextual.com\/inicio\/?s={search_term_string}"},"query-input":{"@type":"PropertyValueSpecification","valueRequired":true,"valueName":"search_term_string"}}],"inLanguage":"es"},{"@type":"Organization","@id":"https:\/\/diariotextual.com\/inicio\/#organization","name":"Diario Textual","url":"https:\/\/diariotextual.com\/inicio\/","logo":{"@type":"ImageObject","inLanguage":"es","@id":"https:\/\/diariotextual.com\/inicio\/#\/schema\/logo\/image\/","url":"https:\/\/diariotextual.com\/inicio\/wp-content\/uploads\/2023\/05\/logotextual1.jpg","contentUrl":"https:\/\/diariotextual.com\/inicio\/wp-content\/uploads\/2023\/05\/logotextual1.jpg","width":516,"height":76,"caption":"Diario Textual"},"image":{"@id":"https:\/\/diariotextual.com\/inicio\/#\/schema\/logo\/image\/"},"sameAs":["https:\/\/www.facebook.com\/eltextual","https:\/\/x.com\/eltextual","http:\/\/www.instagram.com\/eltextual"]},{"@type":"Person","@id":"https:\/\/diariotextual.com\/inicio\/#\/schema\/person\/418fc4093c33e86ed41562db3508f958","name":"Diario1 Diario1","image":{"@type":"ImageObject","inLanguage":"es","@id":"https:\/\/secure.gravatar.com\/avatar\/9167d280179c85bc18be67aa7eda765854300033af4896dd779b608640f2ef7a?s=96&d=mm&r=g","url":"https:\/\/secure.gravatar.com\/avatar\/9167d280179c85bc18be67aa7eda765854300033af4896dd779b608640f2ef7a?s=96&d=mm&r=g","contentUrl":"https:\/\/secure.gravatar.com\/avatar\/9167d280179c85bc18be67aa7eda765854300033af4896dd779b608640f2ef7a?s=96&d=mm&r=g","caption":"Diario1 Diario1"},"url":"https:\/\/diariotextual.com\/inicio\/index.php\/author\/diario1\/"}]}},"_links":{"self":[{"href":"https:\/\/diariotextual.com\/inicio\/index.php\/wp-json\/wp\/v2\/posts\/151978","targetHints":{"allow":["GET"]}}],"collection":[{"href":"https:\/\/diariotextual.com\/inicio\/index.php\/wp-json\/wp\/v2\/posts"}],"about":[{"href":"https:\/\/diariotextual.com\/inicio\/index.php\/wp-json\/wp\/v2\/types\/post"}],"author":[{"embeddable":true,"href":"https:\/\/diariotextual.com\/inicio\/index.php\/wp-json\/wp\/v2\/users\/3"}],"replies":[{"embeddable":true,"href":"https:\/\/diariotextual.com\/inicio\/index.php\/wp-json\/wp\/v2\/comments?post=151978"}],"version-history":[{"count":12,"href":"https:\/\/diariotextual.com\/inicio\/index.php\/wp-json\/wp\/v2\/posts\/151978\/revisions"}],"predecessor-version":[{"id":151996,"href":"https:\/\/diariotextual.com\/inicio\/index.php\/wp-json\/wp\/v2\/posts\/151978\/revisions\/151996"}],"wp:featuredmedia":[{"embeddable":true,"href":"https:\/\/diariotextual.com\/inicio\/index.php\/wp-json\/wp\/v2\/media\/107367"}],"wp:attachment":[{"href":"https:\/\/diariotextual.com\/inicio\/index.php\/wp-json\/wp\/v2\/media?parent=151978"}],"wp:term":[{"taxonomy":"category","embeddable":true,"href":"https:\/\/diariotextual.com\/inicio\/index.php\/wp-json\/wp\/v2\/categories?post=151978"},{"taxonomy":"post_tag","embeddable":true,"href":"https:\/\/diariotextual.com\/inicio\/index.php\/wp-json\/wp\/v2\/tags?post=151978"}],"curies":[{"name":"wp","href":"https:\/\/api.w.org\/{rel}","templated":true}]}}