{"id":152013,"date":"2021-06-28T20:04:18","date_gmt":"2021-06-28T23:04:18","guid":{"rendered":"https:\/\/diariotextual.com\/inicio\/?p=152013"},"modified":"2021-06-29T10:53:45","modified_gmt":"2021-06-29T13:53:45","slug":"ziliotto-con-los-ruralistas-se-mostro-preocupado-por-el-cierre-de-las-exportaciones-de-la-carne","status":"publish","type":"post","link":"https:\/\/diariotextual.com\/inicio\/index.php\/2021\/06\/28\/ziliotto-con-los-ruralistas-se-mostro-preocupado-por-el-cierre-de-las-exportaciones-de-la-carne\/","title":{"rendered":"Ziliotto, con los ruralistas, se mostr\u00f3 preocupado por el cierre de las exportaciones de la carne"},"content":{"rendered":"\n<p>El gobernador<strong> Sergio Ziliotto<\/strong> y representantes de sectores del campo pampeano se reunieron y decidieron reactivar la <strong>Mesa Agropecuaria<\/strong>. Seg\u00fan contaron, <strong>ser\u00e1 el \u00e1mbito institucional,\u00a0de di\u00e1logo abierto y permanente, entre el Gobierno provincial y el sector.<\/strong><\/p>\n\n\n\n<p>\u201cNos dijo que el cierre de las exportaciones de la carne le preocupa mucho. Porque afecta a la econom\u00eda y a la producci\u00f3n pampeana\u201d, cont\u00f3 <strong>Ariel Toselli<\/strong>, representante de la Federaci\u00f3n Agraria Argentina (FAA), a<strong> Diario Textual<\/strong>.<\/p>\n\n\n\n<p>Hace unos d\u00edas, el mandatario hab\u00eda salido a respaldar p\u00fablicamente la medida de la Casa Rosada: dijo que era necesaria para ordenar los precios internos de la carne.<\/p>\n\n\n\n<p>Por lo pronto, el encuentro de hoy se extendi\u00f3 por poco m\u00e1s de dos horas y media. <strong>Posibilit\u00f3 que los miembros de la Comisi\u00f3n de Enlace Rural y los integrantes del Poder Ejecutivo dialogaran principalmente sobre las restricciones a las importaciones, la reglamentaci\u00f3n fitosanitaria, los caminos vecinales y la seguridad rural, entre otros temas.<\/strong><\/p>\n\n\n\n<p>\u201cEsta fue una reuni\u00f3n importante para empezar a dialogar y tratar de buscar soluciones. <strong>Fue una reuni\u00f3n positiva y a partir de ahora tenemos que empezar a tratar temas espec\u00edficos<\/strong>\u201d, cont\u00f3 el federado.<\/p>\n\n\n\n<p><strong>-\u00bfSe habl\u00f3 de los cambios del Plan Ganadero de La Pampa?<\/strong><\/p>\n\n\n\n<p>-Se habl\u00f3 del Plan Ganadero y de los \u00edtems que faltan para que sea un plan m\u00e1s integral. Es algo que se va a discutir en la Mesa Agropecuaria.<\/p>\n\n\n\n<p><strong>-\u00bfQu\u00e9 dijo el gobernador sobre el cierre parcial de las exportaciones de algunos cortes de carne?<\/strong><\/p>\n\n\n\n<p>-Se lo vio preocupado. Es que pega directamente a La Pampa.<\/p>\n\n\n\n<p>El encuentro tuvo lugar en la tarde de hoy en el Sal\u00f3n de Acuerdos de Casa de Gobierno.&nbsp; Por el sector agropecuario provincial estuvieron Jorge Arocena, Mart\u00edn Navarro y Marcelo Rodr\u00edguez por la Confederaci\u00f3n de Asociaciones Rurales de Buenos Aires y La Pampa (CARBAP); Adolfo S\u00e1nchez y Ariel Toselli por Federaci\u00f3n Agraria;&nbsp; Franco Romano, por Coninagro; y Mariano L\u00f3pez Alduc\u00edn por la Sociedad Rural Argentina.<\/p>\n\n\n\n<p>Junto al mandatario pampeano estuvieron la ministra de la Producci\u00f3n, Fernanda Gonz\u00e1lez; el titular de la cartera de Conectividad, Antonio Curcciarello; el ministro de Seguridad, Horacio Esteban Di N\u00e1poli; el subsecretario de Asuntos Agrarios, Ricardo Baraldi; el director de Ganader\u00eda, Marcelo Lluch; el director de Recursos Naturales, Carlos Bonemmez\u00f3n; la directora de Agricultura, Natalia Ovando; el director de Comercializaci\u00f3n y Competitividad, Nicol\u00f3 Cavallaro y el ingeniero jefe de Vialidad Provincial, Santiago Chaer.<\/p>\n\n\n\n<p><\/p>\n","protected":false},"excerpt":{"rendered":"<p>El gobernador Sergio Ziliotto y representantes de sectores del campo pampeano se reunieron y decidieron reactivar la Mesa Agropecuaria. Seg\u00fan contaron, ser\u00e1 el \u00e1mbito institucional,\u00a0de di\u00e1logo abierto y permanente, entre&hellip;<\/p>\n","protected":false},"author":3,"featured_media":152037,"comment_status":"closed","ping_status":"open","sticky":false,"template":"","format":"standard","meta":{"_acf_changed":false,"footnotes":""},"categories":[10,20],"tags":[5712,127,424],"class_list":["post-152013","post","type-post","status-publish","format-standard","has-post-thumbnail","hentry","category-portada-2","category-campo","tag-agropecuaria","tag-campo","tag-ziliotto"],"acf":[],"yoast_head":"<!-- This site is optimized with the Yoast SEO plugin v27.5 - https:\/\/yoast.com\/product\/yoast-seo-wordpress\/ -->\n<title>Ziliotto, con los ruralistas, se mostr\u00f3 preocupado por el cierre de las exportaciones de la carne - Diario Textual<\/title>\n<meta name=\"robots\" content=\"index, follow, max-snippet:-1, max-image-preview:large, max-video-preview:-1\" \/>\n<link rel=\"canonical\" href=\"https:\/\/diariotextual.com\/inicio\/index.php\/2021\/06\/28\/ziliotto-con-los-ruralistas-se-mostro-preocupado-por-el-cierre-de-las-exportaciones-de-la-carne\/\" \/>\n<meta property=\"og:locale\" content=\"es_ES\" \/>\n<meta property=\"og:type\" content=\"article\" \/>\n<meta property=\"og:title\" content=\"Ziliotto, con los ruralistas, se mostr\u00f3 preocupado por el cierre de las exportaciones de la carne - Diario Textual\" \/>\n<meta property=\"og:description\" content=\"El gobernador Sergio Ziliotto y representantes de sectores del campo pampeano se reunieron y decidieron reactivar la Mesa Agropecuaria. Seg\u00fan contaron, ser\u00e1 el \u00e1mbito institucional,\u00a0de di\u00e1logo abierto y permanente, entre&hellip;\" \/>\n<meta property=\"og:url\" content=\"https:\/\/diariotextual.com\/inicio\/index.php\/2021\/06\/28\/ziliotto-con-los-ruralistas-se-mostro-preocupado-por-el-cierre-de-las-exportaciones-de-la-carne\/\" \/>\n<meta property=\"og:site_name\" content=\"Diario Textual\" \/>\n<meta property=\"article:publisher\" content=\"https:\/\/www.facebook.com\/eltextual\" \/>\n<meta property=\"article:published_time\" content=\"2021-06-28T23:04:18+00:00\" \/>\n<meta property=\"article:modified_time\" content=\"2021-06-29T13:53:45+00:00\" \/>\n<meta property=\"og:image\" content=\"https:\/\/diariotextual.com\/inicio\/wp-content\/uploads\/2021\/06\/ziliottosergiomesaagropecuariafernandagonzalezcampo2021-2.jpg\" \/>\n\t<meta property=\"og:image:width\" content=\"911\" \/>\n\t<meta property=\"og:image:height\" content=\"593\" \/>\n\t<meta property=\"og:image:type\" content=\"image\/jpeg\" \/>\n<meta name=\"author\" content=\"Diario1 Diario1\" \/>\n<meta name=\"twitter:card\" content=\"summary_large_image\" \/>\n<meta name=\"twitter:creator\" content=\"@eltextual\" \/>\n<meta name=\"twitter:site\" content=\"@eltextual\" \/>\n<meta name=\"twitter:label1\" content=\"Escrito por\" \/>\n\t<meta name=\"twitter:data1\" content=\"Diario1 Diario1\" \/>\n\t<meta name=\"twitter:label2\" content=\"Tiempo de lectura\" \/>\n\t<meta name=\"twitter:data2\" content=\"2 minutos\" \/>\n<script type=\"application\/ld+json\" class=\"yoast-schema-graph\">{\"@context\":\"https:\\\/\\\/schema.org\",\"@graph\":[{\"@type\":\"Article\",\"@id\":\"https:\\\/\\\/diariotextual.com\\\/inicio\\\/index.php\\\/2021\\\/06\\\/28\\\/ziliotto-con-los-ruralistas-se-mostro-preocupado-por-el-cierre-de-las-exportaciones-de-la-carne\\\/#article\",\"isPartOf\":{\"@id\":\"https:\\\/\\\/diariotextual.com\\\/inicio\\\/index.php\\\/2021\\\/06\\\/28\\\/ziliotto-con-los-ruralistas-se-mostro-preocupado-por-el-cierre-de-las-exportaciones-de-la-carne\\\/\"},\"author\":{\"name\":\"Diario1 Diario1\",\"@id\":\"https:\\\/\\\/diariotextual.com\\\/inicio\\\/#\\\/schema\\\/person\\\/418fc4093c33e86ed41562db3508f958\"},\"headline\":\"Ziliotto, con los ruralistas, se mostr\u00f3 preocupado por el cierre de las exportaciones de la carne\",\"datePublished\":\"2021-06-28T23:04:18+00:00\",\"dateModified\":\"2021-06-29T13:53:45+00:00\",\"mainEntityOfPage\":{\"@id\":\"https:\\\/\\\/diariotextual.com\\\/inicio\\\/index.php\\\/2021\\\/06\\\/28\\\/ziliotto-con-los-ruralistas-se-mostro-preocupado-por-el-cierre-de-las-exportaciones-de-la-carne\\\/\"},\"wordCount\":442,\"publisher\":{\"@id\":\"https:\\\/\\\/diariotextual.com\\\/inicio\\\/#organization\"},\"image\":{\"@id\":\"https:\\\/\\\/diariotextual.com\\\/inicio\\\/index.php\\\/2021\\\/06\\\/28\\\/ziliotto-con-los-ruralistas-se-mostro-preocupado-por-el-cierre-de-las-exportaciones-de-la-carne\\\/#primaryimage\"},\"thumbnailUrl\":\"https:\\\/\\\/diariotextual.com\\\/inicio\\\/wp-content\\\/uploads\\\/2021\\\/06\\\/ziliottosergiomesaagropecuariafernandagonzalezcampo2021-2.jpg\",\"keywords\":[\"agropecuaria\",\"campo\",\"ziliotto\"],\"articleSection\":[\"A - PORTADA2\",\"CAMPO\"],\"inLanguage\":\"es\"},{\"@type\":\"WebPage\",\"@id\":\"https:\\\/\\\/diariotextual.com\\\/inicio\\\/index.php\\\/2021\\\/06\\\/28\\\/ziliotto-con-los-ruralistas-se-mostro-preocupado-por-el-cierre-de-las-exportaciones-de-la-carne\\\/\",\"url\":\"https:\\\/\\\/diariotextual.com\\\/inicio\\\/index.php\\\/2021\\\/06\\\/28\\\/ziliotto-con-los-ruralistas-se-mostro-preocupado-por-el-cierre-de-las-exportaciones-de-la-carne\\\/\",\"name\":\"Ziliotto, con los ruralistas, se mostr\u00f3 preocupado por el cierre de las exportaciones de la carne - Diario Textual\",\"isPartOf\":{\"@id\":\"https:\\\/\\\/diariotextual.com\\\/inicio\\\/#website\"},\"primaryImageOfPage\":{\"@id\":\"https:\\\/\\\/diariotextual.com\\\/inicio\\\/index.php\\\/2021\\\/06\\\/28\\\/ziliotto-con-los-ruralistas-se-mostro-preocupado-por-el-cierre-de-las-exportaciones-de-la-carne\\\/#primaryimage\"},\"image\":{\"@id\":\"https:\\\/\\\/diariotextual.com\\\/inicio\\\/index.php\\\/2021\\\/06\\\/28\\\/ziliotto-con-los-ruralistas-se-mostro-preocupado-por-el-cierre-de-las-exportaciones-de-la-carne\\\/#primaryimage\"},\"thumbnailUrl\":\"https:\\\/\\\/diariotextual.com\\\/inicio\\\/wp-content\\\/uploads\\\/2021\\\/06\\\/ziliottosergiomesaagropecuariafernandagonzalezcampo2021-2.jpg\",\"datePublished\":\"2021-06-28T23:04:18+00:00\",\"dateModified\":\"2021-06-29T13:53:45+00:00\",\"breadcrumb\":{\"@id\":\"https:\\\/\\\/diariotextual.com\\\/inicio\\\/index.php\\\/2021\\\/06\\\/28\\\/ziliotto-con-los-ruralistas-se-mostro-preocupado-por-el-cierre-de-las-exportaciones-de-la-carne\\\/#breadcrumb\"},\"inLanguage\":\"es\",\"potentialAction\":[{\"@type\":\"ReadAction\",\"target\":[\"https:\\\/\\\/diariotextual.com\\\/inicio\\\/index.php\\\/2021\\\/06\\\/28\\\/ziliotto-con-los-ruralistas-se-mostro-preocupado-por-el-cierre-de-las-exportaciones-de-la-carne\\\/\"]}]},{\"@type\":\"ImageObject\",\"inLanguage\":\"es\",\"@id\":\"https:\\\/\\\/diariotextual.com\\\/inicio\\\/index.php\\\/2021\\\/06\\\/28\\\/ziliotto-con-los-ruralistas-se-mostro-preocupado-por-el-cierre-de-las-exportaciones-de-la-carne\\\/#primaryimage\",\"url\":\"https:\\\/\\\/diariotextual.com\\\/inicio\\\/wp-content\\\/uploads\\\/2021\\\/06\\\/ziliottosergiomesaagropecuariafernandagonzalezcampo2021-2.jpg\",\"contentUrl\":\"https:\\\/\\\/diariotextual.com\\\/inicio\\\/wp-content\\\/uploads\\\/2021\\\/06\\\/ziliottosergiomesaagropecuariafernandagonzalezcampo2021-2.jpg\",\"width\":911,\"height\":593},{\"@type\":\"BreadcrumbList\",\"@id\":\"https:\\\/\\\/diariotextual.com\\\/inicio\\\/index.php\\\/2021\\\/06\\\/28\\\/ziliotto-con-los-ruralistas-se-mostro-preocupado-por-el-cierre-de-las-exportaciones-de-la-carne\\\/#breadcrumb\",\"itemListElement\":[{\"@type\":\"ListItem\",\"position\":1,\"name\":\"Portada\",\"item\":\"https:\\\/\\\/diariotextual.com\\\/inicio\\\/\"},{\"@type\":\"ListItem\",\"position\":2,\"name\":\"Ziliotto, con los ruralistas, se mostr\u00f3 preocupado por el cierre de las exportaciones de la carne\"}]},{\"@type\":\"WebSite\",\"@id\":\"https:\\\/\\\/diariotextual.com\\\/inicio\\\/#website\",\"url\":\"https:\\\/\\\/diariotextual.com\\\/inicio\\\/\",\"name\":\"Diario Textual\",\"description\":\"\",\"publisher\":{\"@id\":\"https:\\\/\\\/diariotextual.com\\\/inicio\\\/#organization\"},\"potentialAction\":[{\"@type\":\"SearchAction\",\"target\":{\"@type\":\"EntryPoint\",\"urlTemplate\":\"https:\\\/\\\/diariotextual.com\\\/inicio\\\/?s={search_term_string}\"},\"query-input\":{\"@type\":\"PropertyValueSpecification\",\"valueRequired\":true,\"valueName\":\"search_term_string\"}}],\"inLanguage\":\"es\"},{\"@type\":\"Organization\",\"@id\":\"https:\\\/\\\/diariotextual.com\\\/inicio\\\/#organization\",\"name\":\"Diario Textual\",\"url\":\"https:\\\/\\\/diariotextual.com\\\/inicio\\\/\",\"logo\":{\"@type\":\"ImageObject\",\"inLanguage\":\"es\",\"@id\":\"https:\\\/\\\/diariotextual.com\\\/inicio\\\/#\\\/schema\\\/logo\\\/image\\\/\",\"url\":\"https:\\\/\\\/diariotextual.com\\\/inicio\\\/wp-content\\\/uploads\\\/2023\\\/05\\\/logotextual1.jpg\",\"contentUrl\":\"https:\\\/\\\/diariotextual.com\\\/inicio\\\/wp-content\\\/uploads\\\/2023\\\/05\\\/logotextual1.jpg\",\"width\":516,\"height\":76,\"caption\":\"Diario Textual\"},\"image\":{\"@id\":\"https:\\\/\\\/diariotextual.com\\\/inicio\\\/#\\\/schema\\\/logo\\\/image\\\/\"},\"sameAs\":[\"https:\\\/\\\/www.facebook.com\\\/eltextual\",\"https:\\\/\\\/x.com\\\/eltextual\",\"http:\\\/\\\/www.instagram.com\\\/eltextual\"]},{\"@type\":\"Person\",\"@id\":\"https:\\\/\\\/diariotextual.com\\\/inicio\\\/#\\\/schema\\\/person\\\/418fc4093c33e86ed41562db3508f958\",\"name\":\"Diario1 Diario1\",\"image\":{\"@type\":\"ImageObject\",\"inLanguage\":\"es\",\"@id\":\"https:\\\/\\\/secure.gravatar.com\\\/avatar\\\/9167d280179c85bc18be67aa7eda765854300033af4896dd779b608640f2ef7a?s=96&d=mm&r=g\",\"url\":\"https:\\\/\\\/secure.gravatar.com\\\/avatar\\\/9167d280179c85bc18be67aa7eda765854300033af4896dd779b608640f2ef7a?s=96&d=mm&r=g\",\"contentUrl\":\"https:\\\/\\\/secure.gravatar.com\\\/avatar\\\/9167d280179c85bc18be67aa7eda765854300033af4896dd779b608640f2ef7a?s=96&d=mm&r=g\",\"caption\":\"Diario1 Diario1\"},\"url\":\"https:\\\/\\\/diariotextual.com\\\/inicio\\\/index.php\\\/author\\\/diario1\\\/\"}]}<\/script>\n<!-- \/ Yoast SEO plugin. -->","yoast_head_json":{"title":"Ziliotto, con los ruralistas, se mostr\u00f3 preocupado por el cierre de las exportaciones de la carne - Diario Textual","robots":{"index":"index","follow":"follow","max-snippet":"max-snippet:-1","max-image-preview":"max-image-preview:large","max-video-preview":"max-video-preview:-1"},"canonical":"https:\/\/diariotextual.com\/inicio\/index.php\/2021\/06\/28\/ziliotto-con-los-ruralistas-se-mostro-preocupado-por-el-cierre-de-las-exportaciones-de-la-carne\/","og_locale":"es_ES","og_type":"article","og_title":"Ziliotto, con los ruralistas, se mostr\u00f3 preocupado por el cierre de las exportaciones de la carne - Diario Textual","og_description":"El gobernador Sergio Ziliotto y representantes de sectores del campo pampeano se reunieron y decidieron reactivar la Mesa Agropecuaria. Seg\u00fan contaron, ser\u00e1 el \u00e1mbito institucional,\u00a0de di\u00e1logo abierto y permanente, entre&hellip;","og_url":"https:\/\/diariotextual.com\/inicio\/index.php\/2021\/06\/28\/ziliotto-con-los-ruralistas-se-mostro-preocupado-por-el-cierre-de-las-exportaciones-de-la-carne\/","og_site_name":"Diario Textual","article_publisher":"https:\/\/www.facebook.com\/eltextual","article_published_time":"2021-06-28T23:04:18+00:00","article_modified_time":"2021-06-29T13:53:45+00:00","og_image":[{"width":911,"height":593,"url":"https:\/\/diariotextual.com\/inicio\/wp-content\/uploads\/2021\/06\/ziliottosergiomesaagropecuariafernandagonzalezcampo2021-2.jpg","type":"image\/jpeg"}],"author":"Diario1 Diario1","twitter_card":"summary_large_image","twitter_creator":"@eltextual","twitter_site":"@eltextual","twitter_misc":{"Escrito por":"Diario1 Diario1","Tiempo de lectura":"2 minutos"},"schema":{"@context":"https:\/\/schema.org","@graph":[{"@type":"Article","@id":"https:\/\/diariotextual.com\/inicio\/index.php\/2021\/06\/28\/ziliotto-con-los-ruralistas-se-mostro-preocupado-por-el-cierre-de-las-exportaciones-de-la-carne\/#article","isPartOf":{"@id":"https:\/\/diariotextual.com\/inicio\/index.php\/2021\/06\/28\/ziliotto-con-los-ruralistas-se-mostro-preocupado-por-el-cierre-de-las-exportaciones-de-la-carne\/"},"author":{"name":"Diario1 Diario1","@id":"https:\/\/diariotextual.com\/inicio\/#\/schema\/person\/418fc4093c33e86ed41562db3508f958"},"headline":"Ziliotto, con los ruralistas, se mostr\u00f3 preocupado por el cierre de las exportaciones de la carne","datePublished":"2021-06-28T23:04:18+00:00","dateModified":"2021-06-29T13:53:45+00:00","mainEntityOfPage":{"@id":"https:\/\/diariotextual.com\/inicio\/index.php\/2021\/06\/28\/ziliotto-con-los-ruralistas-se-mostro-preocupado-por-el-cierre-de-las-exportaciones-de-la-carne\/"},"wordCount":442,"publisher":{"@id":"https:\/\/diariotextual.com\/inicio\/#organization"},"image":{"@id":"https:\/\/diariotextual.com\/inicio\/index.php\/2021\/06\/28\/ziliotto-con-los-ruralistas-se-mostro-preocupado-por-el-cierre-de-las-exportaciones-de-la-carne\/#primaryimage"},"thumbnailUrl":"https:\/\/diariotextual.com\/inicio\/wp-content\/uploads\/2021\/06\/ziliottosergiomesaagropecuariafernandagonzalezcampo2021-2.jpg","keywords":["agropecuaria","campo","ziliotto"],"articleSection":["A - PORTADA2","CAMPO"],"inLanguage":"es"},{"@type":"WebPage","@id":"https:\/\/diariotextual.com\/inicio\/index.php\/2021\/06\/28\/ziliotto-con-los-ruralistas-se-mostro-preocupado-por-el-cierre-de-las-exportaciones-de-la-carne\/","url":"https:\/\/diariotextual.com\/inicio\/index.php\/2021\/06\/28\/ziliotto-con-los-ruralistas-se-mostro-preocupado-por-el-cierre-de-las-exportaciones-de-la-carne\/","name":"Ziliotto, con los ruralistas, se mostr\u00f3 preocupado por el cierre de las exportaciones de la carne - Diario Textual","isPartOf":{"@id":"https:\/\/diariotextual.com\/inicio\/#website"},"primaryImageOfPage":{"@id":"https:\/\/diariotextual.com\/inicio\/index.php\/2021\/06\/28\/ziliotto-con-los-ruralistas-se-mostro-preocupado-por-el-cierre-de-las-exportaciones-de-la-carne\/#primaryimage"},"image":{"@id":"https:\/\/diariotextual.com\/inicio\/index.php\/2021\/06\/28\/ziliotto-con-los-ruralistas-se-mostro-preocupado-por-el-cierre-de-las-exportaciones-de-la-carne\/#primaryimage"},"thumbnailUrl":"https:\/\/diariotextual.com\/inicio\/wp-content\/uploads\/2021\/06\/ziliottosergiomesaagropecuariafernandagonzalezcampo2021-2.jpg","datePublished":"2021-06-28T23:04:18+00:00","dateModified":"2021-06-29T13:53:45+00:00","breadcrumb":{"@id":"https:\/\/diariotextual.com\/inicio\/index.php\/2021\/06\/28\/ziliotto-con-los-ruralistas-se-mostro-preocupado-por-el-cierre-de-las-exportaciones-de-la-carne\/#breadcrumb"},"inLanguage":"es","potentialAction":[{"@type":"ReadAction","target":["https:\/\/diariotextual.com\/inicio\/index.php\/2021\/06\/28\/ziliotto-con-los-ruralistas-se-mostro-preocupado-por-el-cierre-de-las-exportaciones-de-la-carne\/"]}]},{"@type":"ImageObject","inLanguage":"es","@id":"https:\/\/diariotextual.com\/inicio\/index.php\/2021\/06\/28\/ziliotto-con-los-ruralistas-se-mostro-preocupado-por-el-cierre-de-las-exportaciones-de-la-carne\/#primaryimage","url":"https:\/\/diariotextual.com\/inicio\/wp-content\/uploads\/2021\/06\/ziliottosergiomesaagropecuariafernandagonzalezcampo2021-2.jpg","contentUrl":"https:\/\/diariotextual.com\/inicio\/wp-content\/uploads\/2021\/06\/ziliottosergiomesaagropecuariafernandagonzalezcampo2021-2.jpg","width":911,"height":593},{"@type":"BreadcrumbList","@id":"https:\/\/diariotextual.com\/inicio\/index.php\/2021\/06\/28\/ziliotto-con-los-ruralistas-se-mostro-preocupado-por-el-cierre-de-las-exportaciones-de-la-carne\/#breadcrumb","itemListElement":[{"@type":"ListItem","position":1,"name":"Portada","item":"https:\/\/diariotextual.com\/inicio\/"},{"@type":"ListItem","position":2,"name":"Ziliotto, con los ruralistas, se mostr\u00f3 preocupado por el cierre de las exportaciones de la carne"}]},{"@type":"WebSite","@id":"https:\/\/diariotextual.com\/inicio\/#website","url":"https:\/\/diariotextual.com\/inicio\/","name":"Diario Textual","description":"","publisher":{"@id":"https:\/\/diariotextual.com\/inicio\/#organization"},"potentialAction":[{"@type":"SearchAction","target":{"@type":"EntryPoint","urlTemplate":"https:\/\/diariotextual.com\/inicio\/?s={search_term_string}"},"query-input":{"@type":"PropertyValueSpecification","valueRequired":true,"valueName":"search_term_string"}}],"inLanguage":"es"},{"@type":"Organization","@id":"https:\/\/diariotextual.com\/inicio\/#organization","name":"Diario Textual","url":"https:\/\/diariotextual.com\/inicio\/","logo":{"@type":"ImageObject","inLanguage":"es","@id":"https:\/\/diariotextual.com\/inicio\/#\/schema\/logo\/image\/","url":"https:\/\/diariotextual.com\/inicio\/wp-content\/uploads\/2023\/05\/logotextual1.jpg","contentUrl":"https:\/\/diariotextual.com\/inicio\/wp-content\/uploads\/2023\/05\/logotextual1.jpg","width":516,"height":76,"caption":"Diario Textual"},"image":{"@id":"https:\/\/diariotextual.com\/inicio\/#\/schema\/logo\/image\/"},"sameAs":["https:\/\/www.facebook.com\/eltextual","https:\/\/x.com\/eltextual","http:\/\/www.instagram.com\/eltextual"]},{"@type":"Person","@id":"https:\/\/diariotextual.com\/inicio\/#\/schema\/person\/418fc4093c33e86ed41562db3508f958","name":"Diario1 Diario1","image":{"@type":"ImageObject","inLanguage":"es","@id":"https:\/\/secure.gravatar.com\/avatar\/9167d280179c85bc18be67aa7eda765854300033af4896dd779b608640f2ef7a?s=96&d=mm&r=g","url":"https:\/\/secure.gravatar.com\/avatar\/9167d280179c85bc18be67aa7eda765854300033af4896dd779b608640f2ef7a?s=96&d=mm&r=g","contentUrl":"https:\/\/secure.gravatar.com\/avatar\/9167d280179c85bc18be67aa7eda765854300033af4896dd779b608640f2ef7a?s=96&d=mm&r=g","caption":"Diario1 Diario1"},"url":"https:\/\/diariotextual.com\/inicio\/index.php\/author\/diario1\/"}]}},"_links":{"self":[{"href":"https:\/\/diariotextual.com\/inicio\/index.php\/wp-json\/wp\/v2\/posts\/152013","targetHints":{"allow":["GET"]}}],"collection":[{"href":"https:\/\/diariotextual.com\/inicio\/index.php\/wp-json\/wp\/v2\/posts"}],"about":[{"href":"https:\/\/diariotextual.com\/inicio\/index.php\/wp-json\/wp\/v2\/types\/post"}],"author":[{"embeddable":true,"href":"https:\/\/diariotextual.com\/inicio\/index.php\/wp-json\/wp\/v2\/users\/3"}],"replies":[{"embeddable":true,"href":"https:\/\/diariotextual.com\/inicio\/index.php\/wp-json\/wp\/v2\/comments?post=152013"}],"version-history":[{"count":11,"href":"https:\/\/diariotextual.com\/inicio\/index.php\/wp-json\/wp\/v2\/posts\/152013\/revisions"}],"predecessor-version":[{"id":152038,"href":"https:\/\/diariotextual.com\/inicio\/index.php\/wp-json\/wp\/v2\/posts\/152013\/revisions\/152038"}],"wp:featuredmedia":[{"embeddable":true,"href":"https:\/\/diariotextual.com\/inicio\/index.php\/wp-json\/wp\/v2\/media\/152037"}],"wp:attachment":[{"href":"https:\/\/diariotextual.com\/inicio\/index.php\/wp-json\/wp\/v2\/media?parent=152013"}],"wp:term":[{"taxonomy":"category","embeddable":true,"href":"https:\/\/diariotextual.com\/inicio\/index.php\/wp-json\/wp\/v2\/categories?post=152013"},{"taxonomy":"post_tag","embeddable":true,"href":"https:\/\/diariotextual.com\/inicio\/index.php\/wp-json\/wp\/v2\/tags?post=152013"}],"curies":[{"name":"wp","href":"https:\/\/api.w.org\/{rel}","templated":true}]}}