{"id":152080,"date":"2021-06-29T11:03:50","date_gmt":"2021-06-29T14:03:50","guid":{"rendered":"https:\/\/diariotextual.com\/inicio\/?p=152080"},"modified":"2021-06-29T19:48:40","modified_gmt":"2021-06-29T22:48:40","slug":"ferroviarios-apoyan-que-el-estado-retome-control-de-ramales-de-carga-siempre-y-cuando-no-se-toquen-las-condiciones-laborales","status":"publish","type":"post","link":"https:\/\/diariotextual.com\/inicio\/index.php\/2021\/06\/29\/ferroviarios-apoyan-que-el-estado-retome-control-de-ramales-de-carga-siempre-y-cuando-no-se-toquen-las-condiciones-laborales\/","title":{"rendered":"Ferroviarios apoyan que el Estado retome control de ramales de carga \u201csiempre y cuando no se toquen las condiciones laborales\u201d"},"content":{"rendered":"\n<p>El secretario administrativo de la <strong>Uni\u00f3n Ferroviaria seccional General Pico<\/strong> y delegado de los trabajadores de <strong>Ferroexpreso Pampeano<\/strong>, Javier Thomsen, dijo a <strong>Diario Textual<\/strong> que el gremio apoyar\u00e1 la decisi\u00f3n del Estado nacional de retomar el control de los ramales ferroviarios de carga <strong>\u201csiempre y cuando no toquen las condiciones laborales de los operarios, ya sea antig\u00fcedad como salario\u201d<\/strong>. Aclar\u00f3 que lo que se anunci\u00f3 <strong>\u201cno es una estatizaci\u00f3n total del sistema como antes de los a\u00f1os 90\u201d.<\/strong><\/p>\n\n\n\n<figure class=\"wp-block-embed is-type-wp-embed is-provider-diario-textual wp-block-embed-diario-textual\"><div class=\"wp-block-embed__wrapper\">\n<blockquote class=\"wp-embedded-content\" data-secret=\"DafEaZRzNj\"><a href=\"https:\/\/diariotextual.com\/inicio\/index.php\/2021\/06\/28\/chau-ferroexpreso-nacion-decidio-no-extender-la-concesion-del-tren-que-atraviesa-la-pampa\/\">Naci\u00f3n decidi\u00f3 no extender la concesi\u00f3n a Ferroexpreso, con los trenes de carga que atraviesan La Pampa<\/a><\/blockquote><iframe class=\"wp-embedded-content\" sandbox=\"allow-scripts\" security=\"restricted\" style=\"position: absolute; clip: rect(1px, 1px, 1px, 1px);\" title=\"\u00abNaci\u00f3n decidi\u00f3 no extender la concesi\u00f3n a Ferroexpreso, con los trenes de carga que atraviesan La Pampa\u00bb \u2014 Diario Textual\" src=\"https:\/\/diariotextual.com\/inicio\/index.php\/2021\/06\/28\/chau-ferroexpreso-nacion-decidio-no-extender-la-concesion-del-tren-que-atraviesa-la-pampa\/embed\/#?secret=DafEaZRzNj\" data-secret=\"DafEaZRzNj\" width=\"600\" height=\"338\" frameborder=\"0\" marginwidth=\"0\" marginheight=\"0\" scrolling=\"no\"><\/iframe>\n<\/div><\/figure>\n\n\n\n<p>Ayer, tal como inform\u00f3 Diario Textual, Naci\u00f3n rechaz\u00f3 la extensi\u00f3n de la concesi\u00f3n de ramales ferroviarios de carga que estaban operados por tres empresas privadas. La decisi\u00f3n pes\u00f3 sobre los servicios que estaban en manos de las empresas Ferroexpreso Pampeano -que tiene las l\u00edneas de La Pampa- Nuevo Central Argentino y Ferrosur Roca, y establece que ser\u00e1n operados por el Estado aunque abre la puerta para un esquema mixto p\u00fablico-privado en el futuro.<\/p>\n\n\n\n<p><strong>\u201cNosotros apoyamos la medida siempre y cuando no nos toquen la gente. Despu\u00e9s, si quieren seguir privado o estatal o mixto como en este caso, no tenemos ning\u00fan reparo\u201c<\/strong>, dijo Thomsen.<\/p>\n\n\n\n<p><strong>\u201cQueremos que el personal quede con la misma antig\u00fcedad y salario. Despu\u00e9s, las reglas de juego las impone el Gobierno. En principio, no habr\u00eda problemas, veremos de ahora en m\u00e1s c\u00f3mo va a avanzando todo\u201c<\/strong>, dijo el delegado de los trabajadores de Ferroexpreso Pampeano.<\/p>\n\n\n\n<p>\u201cEsta decisi\u00f3n -aclar\u00f3 Thomsen- no nos tom\u00f3 por sorpresa. Lo que sali\u00f3 ahora es la resoluci\u00f3n del ministro de Transporte diciendo lo que ya conoc\u00edamos: que no se le iba a renovar la concesi\u00f3n a Ferroexpreso Pampeano y a otras dos concesionarias. Pero lo que se va a hacer no es una estatizaci\u00f3n total del sistema, como era antes de los 90\u201c.<\/p>\n\n\n\n<p>El dirigente gremial explic\u00f3 que en marzo de 2015, en la gesti\u00f3n de Florencio Randazzo como ministro de Transporte, sali\u00f3 la ley 27.132 en la cual Argentina volvi\u00f3 al sistema de ferrocarriles argentinos que permite un sistema abierto. Esto se utiliza mucho en Estados Unidos, Canad\u00e1 y parte de Europa y consiste en que el Estado tiene el control de las v\u00edas y cobra un canon. <\/p>\n\n\n\n<p>\u201cDesde 2016 funciona una comisi\u00f3n de estudio de privatizaciones, que ahora rechaz\u00f3 la pr\u00f3rroga de las concesiones por falta de inversiones. Eso es lo que sucedi\u00f3. Pero, insisto, esto no implica volver a como era antes de los a\u00f1os 90\u201c, cerr\u00f3 Thomsen.<\/p>\n","protected":false},"excerpt":{"rendered":"<p>El secretario administrativo de la Uni\u00f3n Ferroviaria seccional General Pico y delegado de los trabajadores de Ferroexpreso Pampeano, Javier Thomsen, dijo a Diario Textual que el gremio apoyar\u00e1 la decisi\u00f3n&hellip;<\/p>\n","protected":false},"author":7,"featured_media":151981,"comment_status":"closed","ping_status":"open","sticky":false,"template":"","format":"standard","meta":{"_acf_changed":false,"footnotes":""},"categories":[10,12],"tags":[5716,5711,5717],"class_list":["post-152080","post","type-post","status-publish","format-standard","has-post-thumbnail","hentry","category-portada-2","category-sociedad","tag-concesiones","tag-ferroexpreso","tag-ramales-de-carga"],"acf":[],"yoast_head":"<!-- This site is optimized with the Yoast SEO plugin v27.5 - https:\/\/yoast.com\/product\/yoast-seo-wordpress\/ -->\n<title>Ferroviarios apoyan que el Estado retome control de ramales de carga \u201csiempre y cuando no se toquen las condiciones laborales\u201d - Diario Textual<\/title>\n<meta name=\"robots\" content=\"index, follow, max-snippet:-1, max-image-preview:large, max-video-preview:-1\" \/>\n<link rel=\"canonical\" href=\"https:\/\/diariotextual.com\/inicio\/index.php\/2021\/06\/29\/ferroviarios-apoyan-que-el-estado-retome-control-de-ramales-de-carga-siempre-y-cuando-no-se-toquen-las-condiciones-laborales\/\" \/>\n<meta property=\"og:locale\" content=\"es_ES\" \/>\n<meta property=\"og:type\" content=\"article\" \/>\n<meta property=\"og:title\" content=\"Ferroviarios apoyan que el Estado retome control de ramales de carga \u201csiempre y cuando no se toquen las condiciones laborales\u201d - Diario Textual\" \/>\n<meta property=\"og:description\" content=\"El secretario administrativo de la Uni\u00f3n Ferroviaria seccional General Pico y delegado de los trabajadores de Ferroexpreso Pampeano, Javier Thomsen, dijo a Diario Textual que el gremio apoyar\u00e1 la decisi\u00f3n&hellip;\" \/>\n<meta property=\"og:url\" content=\"https:\/\/diariotextual.com\/inicio\/index.php\/2021\/06\/29\/ferroviarios-apoyan-que-el-estado-retome-control-de-ramales-de-carga-siempre-y-cuando-no-se-toquen-las-condiciones-laborales\/\" \/>\n<meta property=\"og:site_name\" content=\"Diario Textual\" \/>\n<meta property=\"article:publisher\" content=\"https:\/\/www.facebook.com\/eltextual\" \/>\n<meta property=\"article:published_time\" content=\"2021-06-29T14:03:50+00:00\" \/>\n<meta property=\"article:modified_time\" content=\"2021-06-29T22:48:40+00:00\" \/>\n<meta property=\"og:image\" content=\"https:\/\/diariotextual.com\/inicio\/wp-content\/uploads\/2021\/06\/trenferroexpreso01.jpg\" \/>\n\t<meta property=\"og:image:width\" content=\"720\" \/>\n\t<meta property=\"og:image:height\" content=\"476\" \/>\n\t<meta property=\"og:image:type\" content=\"image\/jpeg\" \/>\n<meta name=\"author\" content=\"diario5\" \/>\n<meta name=\"twitter:card\" content=\"summary_large_image\" \/>\n<meta name=\"twitter:creator\" content=\"@eltextual\" \/>\n<meta name=\"twitter:site\" content=\"@eltextual\" \/>\n<meta name=\"twitter:label1\" content=\"Escrito por\" \/>\n\t<meta name=\"twitter:data1\" content=\"diario5\" \/>\n\t<meta name=\"twitter:label2\" content=\"Tiempo de lectura\" \/>\n\t<meta name=\"twitter:data2\" content=\"2 minutos\" \/>\n<script type=\"application\/ld+json\" class=\"yoast-schema-graph\">{\"@context\":\"https:\\\/\\\/schema.org\",\"@graph\":[{\"@type\":\"Article\",\"@id\":\"https:\\\/\\\/diariotextual.com\\\/inicio\\\/index.php\\\/2021\\\/06\\\/29\\\/ferroviarios-apoyan-que-el-estado-retome-control-de-ramales-de-carga-siempre-y-cuando-no-se-toquen-las-condiciones-laborales\\\/#article\",\"isPartOf\":{\"@id\":\"https:\\\/\\\/diariotextual.com\\\/inicio\\\/index.php\\\/2021\\\/06\\\/29\\\/ferroviarios-apoyan-que-el-estado-retome-control-de-ramales-de-carga-siempre-y-cuando-no-se-toquen-las-condiciones-laborales\\\/\"},\"author\":{\"name\":\"diario5\",\"@id\":\"https:\\\/\\\/diariotextual.com\\\/inicio\\\/#\\\/schema\\\/person\\\/c7834961ad8b29b1d9cdbf4571299067\"},\"headline\":\"Ferroviarios apoyan que el Estado retome control de ramales de carga \u201csiempre y cuando no se toquen las condiciones laborales\u201d\",\"datePublished\":\"2021-06-29T14:03:50+00:00\",\"dateModified\":\"2021-06-29T22:48:40+00:00\",\"mainEntityOfPage\":{\"@id\":\"https:\\\/\\\/diariotextual.com\\\/inicio\\\/index.php\\\/2021\\\/06\\\/29\\\/ferroviarios-apoyan-que-el-estado-retome-control-de-ramales-de-carga-siempre-y-cuando-no-se-toquen-las-condiciones-laborales\\\/\"},\"wordCount\":446,\"publisher\":{\"@id\":\"https:\\\/\\\/diariotextual.com\\\/inicio\\\/#organization\"},\"image\":{\"@id\":\"https:\\\/\\\/diariotextual.com\\\/inicio\\\/index.php\\\/2021\\\/06\\\/29\\\/ferroviarios-apoyan-que-el-estado-retome-control-de-ramales-de-carga-siempre-y-cuando-no-se-toquen-las-condiciones-laborales\\\/#primaryimage\"},\"thumbnailUrl\":\"https:\\\/\\\/diariotextual.com\\\/inicio\\\/wp-content\\\/uploads\\\/2021\\\/06\\\/trenferroexpreso01.jpg\",\"keywords\":[\"concesiones\",\"ferroexpreso\",\"ramales de carga\"],\"articleSection\":[\"A - PORTADA2\",\"SOCIEDAD\"],\"inLanguage\":\"es\"},{\"@type\":\"WebPage\",\"@id\":\"https:\\\/\\\/diariotextual.com\\\/inicio\\\/index.php\\\/2021\\\/06\\\/29\\\/ferroviarios-apoyan-que-el-estado-retome-control-de-ramales-de-carga-siempre-y-cuando-no-se-toquen-las-condiciones-laborales\\\/\",\"url\":\"https:\\\/\\\/diariotextual.com\\\/inicio\\\/index.php\\\/2021\\\/06\\\/29\\\/ferroviarios-apoyan-que-el-estado-retome-control-de-ramales-de-carga-siempre-y-cuando-no-se-toquen-las-condiciones-laborales\\\/\",\"name\":\"Ferroviarios apoyan que el Estado retome control de ramales de carga \u201csiempre y cuando no se toquen las condiciones laborales\u201d - Diario Textual\",\"isPartOf\":{\"@id\":\"https:\\\/\\\/diariotextual.com\\\/inicio\\\/#website\"},\"primaryImageOfPage\":{\"@id\":\"https:\\\/\\\/diariotextual.com\\\/inicio\\\/index.php\\\/2021\\\/06\\\/29\\\/ferroviarios-apoyan-que-el-estado-retome-control-de-ramales-de-carga-siempre-y-cuando-no-se-toquen-las-condiciones-laborales\\\/#primaryimage\"},\"image\":{\"@id\":\"https:\\\/\\\/diariotextual.com\\\/inicio\\\/index.php\\\/2021\\\/06\\\/29\\\/ferroviarios-apoyan-que-el-estado-retome-control-de-ramales-de-carga-siempre-y-cuando-no-se-toquen-las-condiciones-laborales\\\/#primaryimage\"},\"thumbnailUrl\":\"https:\\\/\\\/diariotextual.com\\\/inicio\\\/wp-content\\\/uploads\\\/2021\\\/06\\\/trenferroexpreso01.jpg\",\"datePublished\":\"2021-06-29T14:03:50+00:00\",\"dateModified\":\"2021-06-29T22:48:40+00:00\",\"breadcrumb\":{\"@id\":\"https:\\\/\\\/diariotextual.com\\\/inicio\\\/index.php\\\/2021\\\/06\\\/29\\\/ferroviarios-apoyan-que-el-estado-retome-control-de-ramales-de-carga-siempre-y-cuando-no-se-toquen-las-condiciones-laborales\\\/#breadcrumb\"},\"inLanguage\":\"es\",\"potentialAction\":[{\"@type\":\"ReadAction\",\"target\":[\"https:\\\/\\\/diariotextual.com\\\/inicio\\\/index.php\\\/2021\\\/06\\\/29\\\/ferroviarios-apoyan-que-el-estado-retome-control-de-ramales-de-carga-siempre-y-cuando-no-se-toquen-las-condiciones-laborales\\\/\"]}]},{\"@type\":\"ImageObject\",\"inLanguage\":\"es\",\"@id\":\"https:\\\/\\\/diariotextual.com\\\/inicio\\\/index.php\\\/2021\\\/06\\\/29\\\/ferroviarios-apoyan-que-el-estado-retome-control-de-ramales-de-carga-siempre-y-cuando-no-se-toquen-las-condiciones-laborales\\\/#primaryimage\",\"url\":\"https:\\\/\\\/diariotextual.com\\\/inicio\\\/wp-content\\\/uploads\\\/2021\\\/06\\\/trenferroexpreso01.jpg\",\"contentUrl\":\"https:\\\/\\\/diariotextual.com\\\/inicio\\\/wp-content\\\/uploads\\\/2021\\\/06\\\/trenferroexpreso01.jpg\",\"width\":720,\"height\":476},{\"@type\":\"BreadcrumbList\",\"@id\":\"https:\\\/\\\/diariotextual.com\\\/inicio\\\/index.php\\\/2021\\\/06\\\/29\\\/ferroviarios-apoyan-que-el-estado-retome-control-de-ramales-de-carga-siempre-y-cuando-no-se-toquen-las-condiciones-laborales\\\/#breadcrumb\",\"itemListElement\":[{\"@type\":\"ListItem\",\"position\":1,\"name\":\"Portada\",\"item\":\"https:\\\/\\\/diariotextual.com\\\/inicio\\\/\"},{\"@type\":\"ListItem\",\"position\":2,\"name\":\"Ferroviarios apoyan que el Estado retome control de ramales de carga \u201csiempre y cuando no se toquen las condiciones laborales\u201d\"}]},{\"@type\":\"WebSite\",\"@id\":\"https:\\\/\\\/diariotextual.com\\\/inicio\\\/#website\",\"url\":\"https:\\\/\\\/diariotextual.com\\\/inicio\\\/\",\"name\":\"Diario Textual\",\"description\":\"\",\"publisher\":{\"@id\":\"https:\\\/\\\/diariotextual.com\\\/inicio\\\/#organization\"},\"potentialAction\":[{\"@type\":\"SearchAction\",\"target\":{\"@type\":\"EntryPoint\",\"urlTemplate\":\"https:\\\/\\\/diariotextual.com\\\/inicio\\\/?s={search_term_string}\"},\"query-input\":{\"@type\":\"PropertyValueSpecification\",\"valueRequired\":true,\"valueName\":\"search_term_string\"}}],\"inLanguage\":\"es\"},{\"@type\":\"Organization\",\"@id\":\"https:\\\/\\\/diariotextual.com\\\/inicio\\\/#organization\",\"name\":\"Diario Textual\",\"url\":\"https:\\\/\\\/diariotextual.com\\\/inicio\\\/\",\"logo\":{\"@type\":\"ImageObject\",\"inLanguage\":\"es\",\"@id\":\"https:\\\/\\\/diariotextual.com\\\/inicio\\\/#\\\/schema\\\/logo\\\/image\\\/\",\"url\":\"https:\\\/\\\/diariotextual.com\\\/inicio\\\/wp-content\\\/uploads\\\/2023\\\/05\\\/logotextual1.jpg\",\"contentUrl\":\"https:\\\/\\\/diariotextual.com\\\/inicio\\\/wp-content\\\/uploads\\\/2023\\\/05\\\/logotextual1.jpg\",\"width\":516,\"height\":76,\"caption\":\"Diario Textual\"},\"image\":{\"@id\":\"https:\\\/\\\/diariotextual.com\\\/inicio\\\/#\\\/schema\\\/logo\\\/image\\\/\"},\"sameAs\":[\"https:\\\/\\\/www.facebook.com\\\/eltextual\",\"https:\\\/\\\/x.com\\\/eltextual\",\"http:\\\/\\\/www.instagram.com\\\/eltextual\"]},{\"@type\":\"Person\",\"@id\":\"https:\\\/\\\/diariotextual.com\\\/inicio\\\/#\\\/schema\\\/person\\\/c7834961ad8b29b1d9cdbf4571299067\",\"name\":\"diario5\",\"image\":{\"@type\":\"ImageObject\",\"inLanguage\":\"es\",\"@id\":\"https:\\\/\\\/secure.gravatar.com\\\/avatar\\\/948c893b847ca6df68216ead81b63f363408ec9b0f600fefc0641ce78613b111?s=96&d=mm&r=g\",\"url\":\"https:\\\/\\\/secure.gravatar.com\\\/avatar\\\/948c893b847ca6df68216ead81b63f363408ec9b0f600fefc0641ce78613b111?s=96&d=mm&r=g\",\"contentUrl\":\"https:\\\/\\\/secure.gravatar.com\\\/avatar\\\/948c893b847ca6df68216ead81b63f363408ec9b0f600fefc0641ce78613b111?s=96&d=mm&r=g\",\"caption\":\"diario5\"},\"url\":\"https:\\\/\\\/diariotextual.com\\\/inicio\\\/index.php\\\/author\\\/diario5\\\/\"}]}<\/script>\n<!-- \/ Yoast SEO plugin. -->","yoast_head_json":{"title":"Ferroviarios apoyan que el Estado retome control de ramales de carga \u201csiempre y cuando no se toquen las condiciones laborales\u201d - Diario Textual","robots":{"index":"index","follow":"follow","max-snippet":"max-snippet:-1","max-image-preview":"max-image-preview:large","max-video-preview":"max-video-preview:-1"},"canonical":"https:\/\/diariotextual.com\/inicio\/index.php\/2021\/06\/29\/ferroviarios-apoyan-que-el-estado-retome-control-de-ramales-de-carga-siempre-y-cuando-no-se-toquen-las-condiciones-laborales\/","og_locale":"es_ES","og_type":"article","og_title":"Ferroviarios apoyan que el Estado retome control de ramales de carga \u201csiempre y cuando no se toquen las condiciones laborales\u201d - Diario Textual","og_description":"El secretario administrativo de la Uni\u00f3n Ferroviaria seccional General Pico y delegado de los trabajadores de Ferroexpreso Pampeano, Javier Thomsen, dijo a Diario Textual que el gremio apoyar\u00e1 la decisi\u00f3n&hellip;","og_url":"https:\/\/diariotextual.com\/inicio\/index.php\/2021\/06\/29\/ferroviarios-apoyan-que-el-estado-retome-control-de-ramales-de-carga-siempre-y-cuando-no-se-toquen-las-condiciones-laborales\/","og_site_name":"Diario Textual","article_publisher":"https:\/\/www.facebook.com\/eltextual","article_published_time":"2021-06-29T14:03:50+00:00","article_modified_time":"2021-06-29T22:48:40+00:00","og_image":[{"width":720,"height":476,"url":"https:\/\/diariotextual.com\/inicio\/wp-content\/uploads\/2021\/06\/trenferroexpreso01.jpg","type":"image\/jpeg"}],"author":"diario5","twitter_card":"summary_large_image","twitter_creator":"@eltextual","twitter_site":"@eltextual","twitter_misc":{"Escrito por":"diario5","Tiempo de lectura":"2 minutos"},"schema":{"@context":"https:\/\/schema.org","@graph":[{"@type":"Article","@id":"https:\/\/diariotextual.com\/inicio\/index.php\/2021\/06\/29\/ferroviarios-apoyan-que-el-estado-retome-control-de-ramales-de-carga-siempre-y-cuando-no-se-toquen-las-condiciones-laborales\/#article","isPartOf":{"@id":"https:\/\/diariotextual.com\/inicio\/index.php\/2021\/06\/29\/ferroviarios-apoyan-que-el-estado-retome-control-de-ramales-de-carga-siempre-y-cuando-no-se-toquen-las-condiciones-laborales\/"},"author":{"name":"diario5","@id":"https:\/\/diariotextual.com\/inicio\/#\/schema\/person\/c7834961ad8b29b1d9cdbf4571299067"},"headline":"Ferroviarios apoyan que el Estado retome control de ramales de carga \u201csiempre y cuando no se toquen las condiciones laborales\u201d","datePublished":"2021-06-29T14:03:50+00:00","dateModified":"2021-06-29T22:48:40+00:00","mainEntityOfPage":{"@id":"https:\/\/diariotextual.com\/inicio\/index.php\/2021\/06\/29\/ferroviarios-apoyan-que-el-estado-retome-control-de-ramales-de-carga-siempre-y-cuando-no-se-toquen-las-condiciones-laborales\/"},"wordCount":446,"publisher":{"@id":"https:\/\/diariotextual.com\/inicio\/#organization"},"image":{"@id":"https:\/\/diariotextual.com\/inicio\/index.php\/2021\/06\/29\/ferroviarios-apoyan-que-el-estado-retome-control-de-ramales-de-carga-siempre-y-cuando-no-se-toquen-las-condiciones-laborales\/#primaryimage"},"thumbnailUrl":"https:\/\/diariotextual.com\/inicio\/wp-content\/uploads\/2021\/06\/trenferroexpreso01.jpg","keywords":["concesiones","ferroexpreso","ramales de carga"],"articleSection":["A - PORTADA2","SOCIEDAD"],"inLanguage":"es"},{"@type":"WebPage","@id":"https:\/\/diariotextual.com\/inicio\/index.php\/2021\/06\/29\/ferroviarios-apoyan-que-el-estado-retome-control-de-ramales-de-carga-siempre-y-cuando-no-se-toquen-las-condiciones-laborales\/","url":"https:\/\/diariotextual.com\/inicio\/index.php\/2021\/06\/29\/ferroviarios-apoyan-que-el-estado-retome-control-de-ramales-de-carga-siempre-y-cuando-no-se-toquen-las-condiciones-laborales\/","name":"Ferroviarios apoyan que el Estado retome control de ramales de carga \u201csiempre y cuando no se toquen las condiciones laborales\u201d - Diario Textual","isPartOf":{"@id":"https:\/\/diariotextual.com\/inicio\/#website"},"primaryImageOfPage":{"@id":"https:\/\/diariotextual.com\/inicio\/index.php\/2021\/06\/29\/ferroviarios-apoyan-que-el-estado-retome-control-de-ramales-de-carga-siempre-y-cuando-no-se-toquen-las-condiciones-laborales\/#primaryimage"},"image":{"@id":"https:\/\/diariotextual.com\/inicio\/index.php\/2021\/06\/29\/ferroviarios-apoyan-que-el-estado-retome-control-de-ramales-de-carga-siempre-y-cuando-no-se-toquen-las-condiciones-laborales\/#primaryimage"},"thumbnailUrl":"https:\/\/diariotextual.com\/inicio\/wp-content\/uploads\/2021\/06\/trenferroexpreso01.jpg","datePublished":"2021-06-29T14:03:50+00:00","dateModified":"2021-06-29T22:48:40+00:00","breadcrumb":{"@id":"https:\/\/diariotextual.com\/inicio\/index.php\/2021\/06\/29\/ferroviarios-apoyan-que-el-estado-retome-control-de-ramales-de-carga-siempre-y-cuando-no-se-toquen-las-condiciones-laborales\/#breadcrumb"},"inLanguage":"es","potentialAction":[{"@type":"ReadAction","target":["https:\/\/diariotextual.com\/inicio\/index.php\/2021\/06\/29\/ferroviarios-apoyan-que-el-estado-retome-control-de-ramales-de-carga-siempre-y-cuando-no-se-toquen-las-condiciones-laborales\/"]}]},{"@type":"ImageObject","inLanguage":"es","@id":"https:\/\/diariotextual.com\/inicio\/index.php\/2021\/06\/29\/ferroviarios-apoyan-que-el-estado-retome-control-de-ramales-de-carga-siempre-y-cuando-no-se-toquen-las-condiciones-laborales\/#primaryimage","url":"https:\/\/diariotextual.com\/inicio\/wp-content\/uploads\/2021\/06\/trenferroexpreso01.jpg","contentUrl":"https:\/\/diariotextual.com\/inicio\/wp-content\/uploads\/2021\/06\/trenferroexpreso01.jpg","width":720,"height":476},{"@type":"BreadcrumbList","@id":"https:\/\/diariotextual.com\/inicio\/index.php\/2021\/06\/29\/ferroviarios-apoyan-que-el-estado-retome-control-de-ramales-de-carga-siempre-y-cuando-no-se-toquen-las-condiciones-laborales\/#breadcrumb","itemListElement":[{"@type":"ListItem","position":1,"name":"Portada","item":"https:\/\/diariotextual.com\/inicio\/"},{"@type":"ListItem","position":2,"name":"Ferroviarios apoyan que el Estado retome control de ramales de carga \u201csiempre y cuando no se toquen las condiciones laborales\u201d"}]},{"@type":"WebSite","@id":"https:\/\/diariotextual.com\/inicio\/#website","url":"https:\/\/diariotextual.com\/inicio\/","name":"Diario Textual","description":"","publisher":{"@id":"https:\/\/diariotextual.com\/inicio\/#organization"},"potentialAction":[{"@type":"SearchAction","target":{"@type":"EntryPoint","urlTemplate":"https:\/\/diariotextual.com\/inicio\/?s={search_term_string}"},"query-input":{"@type":"PropertyValueSpecification","valueRequired":true,"valueName":"search_term_string"}}],"inLanguage":"es"},{"@type":"Organization","@id":"https:\/\/diariotextual.com\/inicio\/#organization","name":"Diario Textual","url":"https:\/\/diariotextual.com\/inicio\/","logo":{"@type":"ImageObject","inLanguage":"es","@id":"https:\/\/diariotextual.com\/inicio\/#\/schema\/logo\/image\/","url":"https:\/\/diariotextual.com\/inicio\/wp-content\/uploads\/2023\/05\/logotextual1.jpg","contentUrl":"https:\/\/diariotextual.com\/inicio\/wp-content\/uploads\/2023\/05\/logotextual1.jpg","width":516,"height":76,"caption":"Diario Textual"},"image":{"@id":"https:\/\/diariotextual.com\/inicio\/#\/schema\/logo\/image\/"},"sameAs":["https:\/\/www.facebook.com\/eltextual","https:\/\/x.com\/eltextual","http:\/\/www.instagram.com\/eltextual"]},{"@type":"Person","@id":"https:\/\/diariotextual.com\/inicio\/#\/schema\/person\/c7834961ad8b29b1d9cdbf4571299067","name":"diario5","image":{"@type":"ImageObject","inLanguage":"es","@id":"https:\/\/secure.gravatar.com\/avatar\/948c893b847ca6df68216ead81b63f363408ec9b0f600fefc0641ce78613b111?s=96&d=mm&r=g","url":"https:\/\/secure.gravatar.com\/avatar\/948c893b847ca6df68216ead81b63f363408ec9b0f600fefc0641ce78613b111?s=96&d=mm&r=g","contentUrl":"https:\/\/secure.gravatar.com\/avatar\/948c893b847ca6df68216ead81b63f363408ec9b0f600fefc0641ce78613b111?s=96&d=mm&r=g","caption":"diario5"},"url":"https:\/\/diariotextual.com\/inicio\/index.php\/author\/diario5\/"}]}},"_links":{"self":[{"href":"https:\/\/diariotextual.com\/inicio\/index.php\/wp-json\/wp\/v2\/posts\/152080","targetHints":{"allow":["GET"]}}],"collection":[{"href":"https:\/\/diariotextual.com\/inicio\/index.php\/wp-json\/wp\/v2\/posts"}],"about":[{"href":"https:\/\/diariotextual.com\/inicio\/index.php\/wp-json\/wp\/v2\/types\/post"}],"author":[{"embeddable":true,"href":"https:\/\/diariotextual.com\/inicio\/index.php\/wp-json\/wp\/v2\/users\/7"}],"replies":[{"embeddable":true,"href":"https:\/\/diariotextual.com\/inicio\/index.php\/wp-json\/wp\/v2\/comments?post=152080"}],"version-history":[{"count":1,"href":"https:\/\/diariotextual.com\/inicio\/index.php\/wp-json\/wp\/v2\/posts\/152080\/revisions"}],"predecessor-version":[{"id":152085,"href":"https:\/\/diariotextual.com\/inicio\/index.php\/wp-json\/wp\/v2\/posts\/152080\/revisions\/152085"}],"wp:featuredmedia":[{"embeddable":true,"href":"https:\/\/diariotextual.com\/inicio\/index.php\/wp-json\/wp\/v2\/media\/151981"}],"wp:attachment":[{"href":"https:\/\/diariotextual.com\/inicio\/index.php\/wp-json\/wp\/v2\/media?parent=152080"}],"wp:term":[{"taxonomy":"category","embeddable":true,"href":"https:\/\/diariotextual.com\/inicio\/index.php\/wp-json\/wp\/v2\/categories?post=152080"},{"taxonomy":"post_tag","embeddable":true,"href":"https:\/\/diariotextual.com\/inicio\/index.php\/wp-json\/wp\/v2\/tags?post=152080"}],"curies":[{"name":"wp","href":"https:\/\/api.w.org\/{rel}","templated":true}]}}