{"id":152312,"date":"2021-07-01T09:06:17","date_gmt":"2021-07-01T12:06:17","guid":{"rendered":"https:\/\/diariotextual.com\/inicio\/?p=152312"},"modified":"2021-07-01T10:45:03","modified_gmt":"2021-07-01T13:45:03","slug":"jxc-pampeano-negocian-los-presidentes-de-ucr-y-propuesta-federal","status":"publish","type":"post","link":"https:\/\/diariotextual.com\/inicio\/index.php\/2021\/07\/01\/jxc-pampeano-negocian-los-presidentes-de-ucr-y-propuesta-federal\/","title":{"rendered":"JxC pampeano: negocian la UCR y Propuesta Federal"},"content":{"rendered":"\n<p>El lunes comenzar\u00e1n las reuniones para conformar el<strong> frente Juntos por el Cambio en La Pampa.<\/strong> Por la UCR, entre otros, estar\u00e1n su presidente <strong>Julio \u201cTito\u201d Pech\u00edn<\/strong> y por Propuesta Federal los presidentes de cada partido <strong>Enrique Juan<\/strong> (PRO), <strong>Leonardo Anan\u00eda<\/strong> (MID) y <strong>Jos\u00e9 V\u00e1zquez<\/strong> (Mofepa).<br><\/p>\n\n\n\n<p>El encuentro servir\u00e1 para<strong> abrir las negociaciones de la alianza opositora al PJ en La Pampa<\/strong>. <strong>Desde el PRO se hab\u00eda conformado una mesa para abordar las conversaciones pero que por ahora, por diferencias internas, no termin\u00f3 de cerrarse.<\/strong><br><\/p>\n\n\n\n<p>La presidenta del PRO nacional, Patricia Bullrich, envi\u00f3 hace unos 10 d\u00edas una resoluci\u00f3n en la que informaba que deb\u00eda conformarse una mesa con dos representantes de cada sector interno que hoy tiene el PRO (uno alineado al Consejo partidario que preside Juan y otro con la Asamblea encabezada por Oscar Logioio) y dos representantes nacionales que sirvan como \u201cveedores\u201d. Sin embargo, seg\u00fan dijeron fuentes partidarias a Diario Textual<strong>, desde la asamblea se negaron a constituir la mesa y no designaron representantes. Desde el Consejo se nombr\u00f3 a Juan y a Jorge Audisio de General Pico y se sumar\u00edan Ramiro Masjoan y Marcelo Weschler.<\/strong><br><\/p>\n\n\n\n<p>Weschler tuvo un encuentro con ambos sectores hace un mes, por separado, para analizar la disputa interna del PRO pampeano y tratar de arribar a una soluci\u00f3n. En tanto Masjoan estuvo hace quince d\u00edas en La Pampa con la misma misi\u00f3n. Finalmente, al no ponerse de acuerdo, <strong>se defini\u00f3 desde el PRO nacional la mesa en la que participen representantes de ambos sectores para sentarse a negociar con la UCR.<\/strong><\/p>\n\n\n\n<p><\/p>\n","protected":false},"excerpt":{"rendered":"<p>El lunes comenzar\u00e1n las reuniones para conformar el frente Juntos por el Cambio en La Pampa. Por la UCR, entre otros, estar\u00e1n su presidente Julio \u201cTito\u201d Pech\u00edn y por Propuesta&hellip;<\/p>\n","protected":false},"author":3,"featured_media":148792,"comment_status":"closed","ping_status":"open","sticky":false,"template":"","format":"standard","meta":{"_acf_changed":false,"footnotes":""},"categories":[10,8],"tags":[332],"class_list":["post-152312","post","type-post","status-publish","format-standard","has-post-thumbnail","hentry","category-portada-2","category-politica","tag-cambiemos"],"acf":[],"yoast_head":"<!-- This site is optimized with the Yoast SEO plugin v27.5 - https:\/\/yoast.com\/product\/yoast-seo-wordpress\/ -->\n<title>JxC pampeano: negocian la UCR y Propuesta Federal - Diario Textual<\/title>\n<meta name=\"robots\" content=\"index, follow, max-snippet:-1, max-image-preview:large, max-video-preview:-1\" \/>\n<link rel=\"canonical\" href=\"https:\/\/diariotextual.com\/inicio\/index.php\/2021\/07\/01\/jxc-pampeano-negocian-los-presidentes-de-ucr-y-propuesta-federal\/\" \/>\n<meta property=\"og:locale\" content=\"es_ES\" \/>\n<meta property=\"og:type\" content=\"article\" \/>\n<meta property=\"og:title\" content=\"JxC pampeano: negocian la UCR y Propuesta Federal - Diario Textual\" \/>\n<meta property=\"og:description\" content=\"El lunes comenzar\u00e1n las reuniones para conformar el frente Juntos por el Cambio en La Pampa. Por la UCR, entre otros, estar\u00e1n su presidente Julio \u201cTito\u201d Pech\u00edn y por Propuesta&hellip;\" \/>\n<meta property=\"og:url\" content=\"https:\/\/diariotextual.com\/inicio\/index.php\/2021\/07\/01\/jxc-pampeano-negocian-los-presidentes-de-ucr-y-propuesta-federal\/\" \/>\n<meta property=\"og:site_name\" content=\"Diario Textual\" \/>\n<meta property=\"article:publisher\" content=\"https:\/\/www.facebook.com\/eltextual\" \/>\n<meta property=\"article:published_time\" content=\"2021-07-01T12:06:17+00:00\" \/>\n<meta property=\"article:modified_time\" content=\"2021-07-01T13:45:03+00:00\" \/>\n<meta property=\"og:image\" content=\"https:\/\/diariotextual.com\/inicio\/wp-content\/uploads\/2021\/06\/juntosporelcambio1.jpg\" \/>\n\t<meta property=\"og:image:width\" content=\"688\" \/>\n\t<meta property=\"og:image:height\" content=\"387\" \/>\n\t<meta property=\"og:image:type\" content=\"image\/jpeg\" \/>\n<meta name=\"author\" content=\"Diario1 Diario1\" \/>\n<meta name=\"twitter:card\" content=\"summary_large_image\" \/>\n<meta name=\"twitter:creator\" content=\"@eltextual\" \/>\n<meta name=\"twitter:site\" content=\"@eltextual\" \/>\n<meta name=\"twitter:label1\" content=\"Escrito por\" \/>\n\t<meta name=\"twitter:data1\" content=\"Diario1 Diario1\" \/>\n\t<meta name=\"twitter:label2\" content=\"Tiempo de lectura\" \/>\n\t<meta name=\"twitter:data2\" content=\"2 minutos\" \/>\n<script type=\"application\/ld+json\" class=\"yoast-schema-graph\">{\"@context\":\"https:\\\/\\\/schema.org\",\"@graph\":[{\"@type\":\"Article\",\"@id\":\"https:\\\/\\\/diariotextual.com\\\/inicio\\\/index.php\\\/2021\\\/07\\\/01\\\/jxc-pampeano-negocian-los-presidentes-de-ucr-y-propuesta-federal\\\/#article\",\"isPartOf\":{\"@id\":\"https:\\\/\\\/diariotextual.com\\\/inicio\\\/index.php\\\/2021\\\/07\\\/01\\\/jxc-pampeano-negocian-los-presidentes-de-ucr-y-propuesta-federal\\\/\"},\"author\":{\"name\":\"Diario1 Diario1\",\"@id\":\"https:\\\/\\\/diariotextual.com\\\/inicio\\\/#\\\/schema\\\/person\\\/418fc4093c33e86ed41562db3508f958\"},\"headline\":\"JxC pampeano: negocian la UCR y Propuesta Federal\",\"datePublished\":\"2021-07-01T12:06:17+00:00\",\"dateModified\":\"2021-07-01T13:45:03+00:00\",\"mainEntityOfPage\":{\"@id\":\"https:\\\/\\\/diariotextual.com\\\/inicio\\\/index.php\\\/2021\\\/07\\\/01\\\/jxc-pampeano-negocian-los-presidentes-de-ucr-y-propuesta-federal\\\/\"},\"wordCount\":280,\"publisher\":{\"@id\":\"https:\\\/\\\/diariotextual.com\\\/inicio\\\/#organization\"},\"image\":{\"@id\":\"https:\\\/\\\/diariotextual.com\\\/inicio\\\/index.php\\\/2021\\\/07\\\/01\\\/jxc-pampeano-negocian-los-presidentes-de-ucr-y-propuesta-federal\\\/#primaryimage\"},\"thumbnailUrl\":\"https:\\\/\\\/diariotextual.com\\\/inicio\\\/wp-content\\\/uploads\\\/2021\\\/06\\\/juntosporelcambio1.jpg\",\"keywords\":[\"cambiemos\"],\"articleSection\":[\"A - PORTADA2\",\"POLITICA\"],\"inLanguage\":\"es\"},{\"@type\":\"WebPage\",\"@id\":\"https:\\\/\\\/diariotextual.com\\\/inicio\\\/index.php\\\/2021\\\/07\\\/01\\\/jxc-pampeano-negocian-los-presidentes-de-ucr-y-propuesta-federal\\\/\",\"url\":\"https:\\\/\\\/diariotextual.com\\\/inicio\\\/index.php\\\/2021\\\/07\\\/01\\\/jxc-pampeano-negocian-los-presidentes-de-ucr-y-propuesta-federal\\\/\",\"name\":\"JxC pampeano: negocian la UCR y Propuesta Federal - Diario Textual\",\"isPartOf\":{\"@id\":\"https:\\\/\\\/diariotextual.com\\\/inicio\\\/#website\"},\"primaryImageOfPage\":{\"@id\":\"https:\\\/\\\/diariotextual.com\\\/inicio\\\/index.php\\\/2021\\\/07\\\/01\\\/jxc-pampeano-negocian-los-presidentes-de-ucr-y-propuesta-federal\\\/#primaryimage\"},\"image\":{\"@id\":\"https:\\\/\\\/diariotextual.com\\\/inicio\\\/index.php\\\/2021\\\/07\\\/01\\\/jxc-pampeano-negocian-los-presidentes-de-ucr-y-propuesta-federal\\\/#primaryimage\"},\"thumbnailUrl\":\"https:\\\/\\\/diariotextual.com\\\/inicio\\\/wp-content\\\/uploads\\\/2021\\\/06\\\/juntosporelcambio1.jpg\",\"datePublished\":\"2021-07-01T12:06:17+00:00\",\"dateModified\":\"2021-07-01T13:45:03+00:00\",\"breadcrumb\":{\"@id\":\"https:\\\/\\\/diariotextual.com\\\/inicio\\\/index.php\\\/2021\\\/07\\\/01\\\/jxc-pampeano-negocian-los-presidentes-de-ucr-y-propuesta-federal\\\/#breadcrumb\"},\"inLanguage\":\"es\",\"potentialAction\":[{\"@type\":\"ReadAction\",\"target\":[\"https:\\\/\\\/diariotextual.com\\\/inicio\\\/index.php\\\/2021\\\/07\\\/01\\\/jxc-pampeano-negocian-los-presidentes-de-ucr-y-propuesta-federal\\\/\"]}]},{\"@type\":\"ImageObject\",\"inLanguage\":\"es\",\"@id\":\"https:\\\/\\\/diariotextual.com\\\/inicio\\\/index.php\\\/2021\\\/07\\\/01\\\/jxc-pampeano-negocian-los-presidentes-de-ucr-y-propuesta-federal\\\/#primaryimage\",\"url\":\"https:\\\/\\\/diariotextual.com\\\/inicio\\\/wp-content\\\/uploads\\\/2021\\\/06\\\/juntosporelcambio1.jpg\",\"contentUrl\":\"https:\\\/\\\/diariotextual.com\\\/inicio\\\/wp-content\\\/uploads\\\/2021\\\/06\\\/juntosporelcambio1.jpg\",\"width\":688,\"height\":387},{\"@type\":\"BreadcrumbList\",\"@id\":\"https:\\\/\\\/diariotextual.com\\\/inicio\\\/index.php\\\/2021\\\/07\\\/01\\\/jxc-pampeano-negocian-los-presidentes-de-ucr-y-propuesta-federal\\\/#breadcrumb\",\"itemListElement\":[{\"@type\":\"ListItem\",\"position\":1,\"name\":\"Portada\",\"item\":\"https:\\\/\\\/diariotextual.com\\\/inicio\\\/\"},{\"@type\":\"ListItem\",\"position\":2,\"name\":\"JxC pampeano: negocian la UCR y Propuesta Federal\"}]},{\"@type\":\"WebSite\",\"@id\":\"https:\\\/\\\/diariotextual.com\\\/inicio\\\/#website\",\"url\":\"https:\\\/\\\/diariotextual.com\\\/inicio\\\/\",\"name\":\"Diario Textual\",\"description\":\"\",\"publisher\":{\"@id\":\"https:\\\/\\\/diariotextual.com\\\/inicio\\\/#organization\"},\"potentialAction\":[{\"@type\":\"SearchAction\",\"target\":{\"@type\":\"EntryPoint\",\"urlTemplate\":\"https:\\\/\\\/diariotextual.com\\\/inicio\\\/?s={search_term_string}\"},\"query-input\":{\"@type\":\"PropertyValueSpecification\",\"valueRequired\":true,\"valueName\":\"search_term_string\"}}],\"inLanguage\":\"es\"},{\"@type\":\"Organization\",\"@id\":\"https:\\\/\\\/diariotextual.com\\\/inicio\\\/#organization\",\"name\":\"Diario Textual\",\"url\":\"https:\\\/\\\/diariotextual.com\\\/inicio\\\/\",\"logo\":{\"@type\":\"ImageObject\",\"inLanguage\":\"es\",\"@id\":\"https:\\\/\\\/diariotextual.com\\\/inicio\\\/#\\\/schema\\\/logo\\\/image\\\/\",\"url\":\"https:\\\/\\\/diariotextual.com\\\/inicio\\\/wp-content\\\/uploads\\\/2023\\\/05\\\/logotextual1.jpg\",\"contentUrl\":\"https:\\\/\\\/diariotextual.com\\\/inicio\\\/wp-content\\\/uploads\\\/2023\\\/05\\\/logotextual1.jpg\",\"width\":516,\"height\":76,\"caption\":\"Diario Textual\"},\"image\":{\"@id\":\"https:\\\/\\\/diariotextual.com\\\/inicio\\\/#\\\/schema\\\/logo\\\/image\\\/\"},\"sameAs\":[\"https:\\\/\\\/www.facebook.com\\\/eltextual\",\"https:\\\/\\\/x.com\\\/eltextual\",\"http:\\\/\\\/www.instagram.com\\\/eltextual\"]},{\"@type\":\"Person\",\"@id\":\"https:\\\/\\\/diariotextual.com\\\/inicio\\\/#\\\/schema\\\/person\\\/418fc4093c33e86ed41562db3508f958\",\"name\":\"Diario1 Diario1\",\"image\":{\"@type\":\"ImageObject\",\"inLanguage\":\"es\",\"@id\":\"https:\\\/\\\/secure.gravatar.com\\\/avatar\\\/9167d280179c85bc18be67aa7eda765854300033af4896dd779b608640f2ef7a?s=96&d=mm&r=g\",\"url\":\"https:\\\/\\\/secure.gravatar.com\\\/avatar\\\/9167d280179c85bc18be67aa7eda765854300033af4896dd779b608640f2ef7a?s=96&d=mm&r=g\",\"contentUrl\":\"https:\\\/\\\/secure.gravatar.com\\\/avatar\\\/9167d280179c85bc18be67aa7eda765854300033af4896dd779b608640f2ef7a?s=96&d=mm&r=g\",\"caption\":\"Diario1 Diario1\"},\"url\":\"https:\\\/\\\/diariotextual.com\\\/inicio\\\/index.php\\\/author\\\/diario1\\\/\"}]}<\/script>\n<!-- \/ Yoast SEO plugin. -->","yoast_head_json":{"title":"JxC pampeano: negocian la UCR y Propuesta Federal - Diario Textual","robots":{"index":"index","follow":"follow","max-snippet":"max-snippet:-1","max-image-preview":"max-image-preview:large","max-video-preview":"max-video-preview:-1"},"canonical":"https:\/\/diariotextual.com\/inicio\/index.php\/2021\/07\/01\/jxc-pampeano-negocian-los-presidentes-de-ucr-y-propuesta-federal\/","og_locale":"es_ES","og_type":"article","og_title":"JxC pampeano: negocian la UCR y Propuesta Federal - Diario Textual","og_description":"El lunes comenzar\u00e1n las reuniones para conformar el frente Juntos por el Cambio en La Pampa. Por la UCR, entre otros, estar\u00e1n su presidente Julio \u201cTito\u201d Pech\u00edn y por Propuesta&hellip;","og_url":"https:\/\/diariotextual.com\/inicio\/index.php\/2021\/07\/01\/jxc-pampeano-negocian-los-presidentes-de-ucr-y-propuesta-federal\/","og_site_name":"Diario Textual","article_publisher":"https:\/\/www.facebook.com\/eltextual","article_published_time":"2021-07-01T12:06:17+00:00","article_modified_time":"2021-07-01T13:45:03+00:00","og_image":[{"width":688,"height":387,"url":"https:\/\/diariotextual.com\/inicio\/wp-content\/uploads\/2021\/06\/juntosporelcambio1.jpg","type":"image\/jpeg"}],"author":"Diario1 Diario1","twitter_card":"summary_large_image","twitter_creator":"@eltextual","twitter_site":"@eltextual","twitter_misc":{"Escrito por":"Diario1 Diario1","Tiempo de lectura":"2 minutos"},"schema":{"@context":"https:\/\/schema.org","@graph":[{"@type":"Article","@id":"https:\/\/diariotextual.com\/inicio\/index.php\/2021\/07\/01\/jxc-pampeano-negocian-los-presidentes-de-ucr-y-propuesta-federal\/#article","isPartOf":{"@id":"https:\/\/diariotextual.com\/inicio\/index.php\/2021\/07\/01\/jxc-pampeano-negocian-los-presidentes-de-ucr-y-propuesta-federal\/"},"author":{"name":"Diario1 Diario1","@id":"https:\/\/diariotextual.com\/inicio\/#\/schema\/person\/418fc4093c33e86ed41562db3508f958"},"headline":"JxC pampeano: negocian la UCR y Propuesta Federal","datePublished":"2021-07-01T12:06:17+00:00","dateModified":"2021-07-01T13:45:03+00:00","mainEntityOfPage":{"@id":"https:\/\/diariotextual.com\/inicio\/index.php\/2021\/07\/01\/jxc-pampeano-negocian-los-presidentes-de-ucr-y-propuesta-federal\/"},"wordCount":280,"publisher":{"@id":"https:\/\/diariotextual.com\/inicio\/#organization"},"image":{"@id":"https:\/\/diariotextual.com\/inicio\/index.php\/2021\/07\/01\/jxc-pampeano-negocian-los-presidentes-de-ucr-y-propuesta-federal\/#primaryimage"},"thumbnailUrl":"https:\/\/diariotextual.com\/inicio\/wp-content\/uploads\/2021\/06\/juntosporelcambio1.jpg","keywords":["cambiemos"],"articleSection":["A - PORTADA2","POLITICA"],"inLanguage":"es"},{"@type":"WebPage","@id":"https:\/\/diariotextual.com\/inicio\/index.php\/2021\/07\/01\/jxc-pampeano-negocian-los-presidentes-de-ucr-y-propuesta-federal\/","url":"https:\/\/diariotextual.com\/inicio\/index.php\/2021\/07\/01\/jxc-pampeano-negocian-los-presidentes-de-ucr-y-propuesta-federal\/","name":"JxC pampeano: negocian la UCR y Propuesta Federal - Diario Textual","isPartOf":{"@id":"https:\/\/diariotextual.com\/inicio\/#website"},"primaryImageOfPage":{"@id":"https:\/\/diariotextual.com\/inicio\/index.php\/2021\/07\/01\/jxc-pampeano-negocian-los-presidentes-de-ucr-y-propuesta-federal\/#primaryimage"},"image":{"@id":"https:\/\/diariotextual.com\/inicio\/index.php\/2021\/07\/01\/jxc-pampeano-negocian-los-presidentes-de-ucr-y-propuesta-federal\/#primaryimage"},"thumbnailUrl":"https:\/\/diariotextual.com\/inicio\/wp-content\/uploads\/2021\/06\/juntosporelcambio1.jpg","datePublished":"2021-07-01T12:06:17+00:00","dateModified":"2021-07-01T13:45:03+00:00","breadcrumb":{"@id":"https:\/\/diariotextual.com\/inicio\/index.php\/2021\/07\/01\/jxc-pampeano-negocian-los-presidentes-de-ucr-y-propuesta-federal\/#breadcrumb"},"inLanguage":"es","potentialAction":[{"@type":"ReadAction","target":["https:\/\/diariotextual.com\/inicio\/index.php\/2021\/07\/01\/jxc-pampeano-negocian-los-presidentes-de-ucr-y-propuesta-federal\/"]}]},{"@type":"ImageObject","inLanguage":"es","@id":"https:\/\/diariotextual.com\/inicio\/index.php\/2021\/07\/01\/jxc-pampeano-negocian-los-presidentes-de-ucr-y-propuesta-federal\/#primaryimage","url":"https:\/\/diariotextual.com\/inicio\/wp-content\/uploads\/2021\/06\/juntosporelcambio1.jpg","contentUrl":"https:\/\/diariotextual.com\/inicio\/wp-content\/uploads\/2021\/06\/juntosporelcambio1.jpg","width":688,"height":387},{"@type":"BreadcrumbList","@id":"https:\/\/diariotextual.com\/inicio\/index.php\/2021\/07\/01\/jxc-pampeano-negocian-los-presidentes-de-ucr-y-propuesta-federal\/#breadcrumb","itemListElement":[{"@type":"ListItem","position":1,"name":"Portada","item":"https:\/\/diariotextual.com\/inicio\/"},{"@type":"ListItem","position":2,"name":"JxC pampeano: negocian la UCR y Propuesta Federal"}]},{"@type":"WebSite","@id":"https:\/\/diariotextual.com\/inicio\/#website","url":"https:\/\/diariotextual.com\/inicio\/","name":"Diario Textual","description":"","publisher":{"@id":"https:\/\/diariotextual.com\/inicio\/#organization"},"potentialAction":[{"@type":"SearchAction","target":{"@type":"EntryPoint","urlTemplate":"https:\/\/diariotextual.com\/inicio\/?s={search_term_string}"},"query-input":{"@type":"PropertyValueSpecification","valueRequired":true,"valueName":"search_term_string"}}],"inLanguage":"es"},{"@type":"Organization","@id":"https:\/\/diariotextual.com\/inicio\/#organization","name":"Diario Textual","url":"https:\/\/diariotextual.com\/inicio\/","logo":{"@type":"ImageObject","inLanguage":"es","@id":"https:\/\/diariotextual.com\/inicio\/#\/schema\/logo\/image\/","url":"https:\/\/diariotextual.com\/inicio\/wp-content\/uploads\/2023\/05\/logotextual1.jpg","contentUrl":"https:\/\/diariotextual.com\/inicio\/wp-content\/uploads\/2023\/05\/logotextual1.jpg","width":516,"height":76,"caption":"Diario Textual"},"image":{"@id":"https:\/\/diariotextual.com\/inicio\/#\/schema\/logo\/image\/"},"sameAs":["https:\/\/www.facebook.com\/eltextual","https:\/\/x.com\/eltextual","http:\/\/www.instagram.com\/eltextual"]},{"@type":"Person","@id":"https:\/\/diariotextual.com\/inicio\/#\/schema\/person\/418fc4093c33e86ed41562db3508f958","name":"Diario1 Diario1","image":{"@type":"ImageObject","inLanguage":"es","@id":"https:\/\/secure.gravatar.com\/avatar\/9167d280179c85bc18be67aa7eda765854300033af4896dd779b608640f2ef7a?s=96&d=mm&r=g","url":"https:\/\/secure.gravatar.com\/avatar\/9167d280179c85bc18be67aa7eda765854300033af4896dd779b608640f2ef7a?s=96&d=mm&r=g","contentUrl":"https:\/\/secure.gravatar.com\/avatar\/9167d280179c85bc18be67aa7eda765854300033af4896dd779b608640f2ef7a?s=96&d=mm&r=g","caption":"Diario1 Diario1"},"url":"https:\/\/diariotextual.com\/inicio\/index.php\/author\/diario1\/"}]}},"_links":{"self":[{"href":"https:\/\/diariotextual.com\/inicio\/index.php\/wp-json\/wp\/v2\/posts\/152312","targetHints":{"allow":["GET"]}}],"collection":[{"href":"https:\/\/diariotextual.com\/inicio\/index.php\/wp-json\/wp\/v2\/posts"}],"about":[{"href":"https:\/\/diariotextual.com\/inicio\/index.php\/wp-json\/wp\/v2\/types\/post"}],"author":[{"embeddable":true,"href":"https:\/\/diariotextual.com\/inicio\/index.php\/wp-json\/wp\/v2\/users\/3"}],"replies":[{"embeddable":true,"href":"https:\/\/diariotextual.com\/inicio\/index.php\/wp-json\/wp\/v2\/comments?post=152312"}],"version-history":[{"count":3,"href":"https:\/\/diariotextual.com\/inicio\/index.php\/wp-json\/wp\/v2\/posts\/152312\/revisions"}],"predecessor-version":[{"id":152318,"href":"https:\/\/diariotextual.com\/inicio\/index.php\/wp-json\/wp\/v2\/posts\/152312\/revisions\/152318"}],"wp:featuredmedia":[{"embeddable":true,"href":"https:\/\/diariotextual.com\/inicio\/index.php\/wp-json\/wp\/v2\/media\/148792"}],"wp:attachment":[{"href":"https:\/\/diariotextual.com\/inicio\/index.php\/wp-json\/wp\/v2\/media?parent=152312"}],"wp:term":[{"taxonomy":"category","embeddable":true,"href":"https:\/\/diariotextual.com\/inicio\/index.php\/wp-json\/wp\/v2\/categories?post=152312"},{"taxonomy":"post_tag","embeddable":true,"href":"https:\/\/diariotextual.com\/inicio\/index.php\/wp-json\/wp\/v2\/tags?post=152312"}],"curies":[{"name":"wp","href":"https:\/\/api.w.org\/{rel}","templated":true}]}}