{"id":152319,"date":"2021-07-01T09:29:02","date_gmt":"2021-07-01T12:29:02","guid":{"rendered":"https:\/\/diariotextual.com\/inicio\/?p=152319"},"modified":"2021-07-01T11:09:04","modified_gmt":"2021-07-01T14:09:04","slug":"oficial-este-viernes-abren-teatros-y-centros-culturales-en-la-pampa","status":"publish","type":"post","link":"https:\/\/diariotextual.com\/inicio\/index.php\/2021\/07\/01\/oficial-este-viernes-abren-teatros-y-centros-culturales-en-la-pampa\/","title":{"rendered":"Oficial: este viernes abren teatros y centros culturales en La Pampa"},"content":{"rendered":"\n<p>El Gobierno provincial dispuso, a trav\u00e9s de la Decisi\u00f3n Administrativa 607\/21, que<strong> a partir de este viernes puedan reabrir sus puertas las salas de teatro y los centros culturales en todo el territorio provincial.&nbsp;<\/strong><\/p>\n\n\n\n<p>Podr\u00e1n desarrollar actividades&nbsp;de lunes a domingo en la franja horaria m\u00e1xima de 7 a 23 horas, con una tolerancia de 30 minutos para el desalojo de sala y con un aforo m\u00e1ximo del 30 % de la capacidad habilitada.<br><\/p>\n\n\n\n<p>Seg\u00fan comunic\u00f3 el Gobierno, la fiscalizaci\u00f3n del cumplimiento de las normativas sanitarias que comprenden a las salas de teatro y los centros culturales, habilitadas en tal calidad por la respectiva autoridad municipal previamente al dictado del presente decreto, estar\u00e1n a cargo de las autoridades municipales, en coordinaci\u00f3n con las autoridades provinciales competentes.<\/p>\n\n\n\n<div style=\"height:100px\" aria-hidden=\"true\" class=\"wp-block-spacer\"><\/div>\n\n\n\n<p><strong>Protocolo para artistas<\/strong><br>El protocolo de funcionamiento para estas actividades prev\u00e9&nbsp;que los artistas que ofrezcan las funciones deber\u00e1n complementar una declaraci\u00f3n jurada de salud. Adem\u00e1s, se deber\u00e1 tomar la temperatura al ingreso a sala, higienizarse las manos con alcohol, limpiarse el calzado en las alfombras satirizantes dispuestas en los ingresos y deber\u00e1n permanecer con cubrebocas colocado hasta el inicio del show.<br><\/p>\n\n\n\n<p>En el escenario deber\u00e1n conservar una distancia m\u00ednima de dos metros, tanto en las pruebas de sonido o ensayos, como durante las funciones.<\/p>\n\n\n\n<div style=\"height:100px\" aria-hidden=\"true\" class=\"wp-block-spacer\"><\/div>\n\n\n\n<p><br><strong>Protocolo para &nbsp;espectadores<\/strong><br>Solo podr\u00e1n ingresar al evento las personas que acrediten poseer su ticket. Se los registrar\u00e1 e ingresar\u00e1n los datos al sistema de Trazabilidad Ciudadana. Deber\u00e1n utilizar alcohol en las manos y limpiar el calzado en las alfombras sanitizantes.<br><\/p>\n\n\n\n<p>Los encargados de sala los ubicar\u00e1n en los asientos asignados. No podr\u00e1n deambular por la sala y en todo momento deber\u00e1n utilizar cubreboca.<\/p>\n\n\n\n<div style=\"height:100px\" aria-hidden=\"true\" class=\"wp-block-spacer\"><\/div>\n\n\n\n<p><br><strong>&nbsp;Prorroga de las medidas vigentes<\/strong><br>Hasta el pr\u00f3ximo 15 de julio inclusive se prorrogan las habilitaciones y restricciones vigentes a la fecha.<br>La \u00fanica modificaci\u00f3n que se introdujo a la normativa vigente es la ampliaci\u00f3n de dos horas en el horario de atenci\u00f3n de los locales comerciales de venta de alimentos, excepto las grandes superficies.&nbsp; Estos establecimientos (ej. despensas y minimercados) podr\u00e1n permanecer abiertos entre las 7 y las 22 horas de lunes a domingo.<br>&nbsp;<\/p>\n","protected":false},"excerpt":{"rendered":"<p>El Gobierno provincial dispuso, a trav\u00e9s de la Decisi\u00f3n Administrativa 607\/21, que a partir de este viernes puedan reabrir sus puertas las salas de teatro y los centros culturales en&hellip;<\/p>\n","protected":false},"author":3,"featured_media":53046,"comment_status":"closed","ping_status":"open","sticky":false,"template":"","format":"standard","meta":{"_acf_changed":false,"footnotes":""},"categories":[10,2],"tags":[5731],"class_list":["post-152319","post","type-post","status-publish","format-standard","has-post-thumbnail","hentry","category-portada-2","category-cultura","tag-attp"],"acf":[],"yoast_head":"<!-- This site is optimized with the Yoast SEO plugin v27.5 - https:\/\/yoast.com\/product\/yoast-seo-wordpress\/ -->\n<title>Oficial: este viernes abren teatros y centros culturales en La Pampa - Diario Textual<\/title>\n<meta name=\"robots\" content=\"index, follow, max-snippet:-1, max-image-preview:large, max-video-preview:-1\" \/>\n<link rel=\"canonical\" href=\"https:\/\/diariotextual.com\/inicio\/index.php\/2021\/07\/01\/oficial-este-viernes-abren-teatros-y-centros-culturales-en-la-pampa\/\" \/>\n<meta property=\"og:locale\" content=\"es_ES\" \/>\n<meta property=\"og:type\" content=\"article\" \/>\n<meta property=\"og:title\" content=\"Oficial: este viernes abren teatros y centros culturales en La Pampa - Diario Textual\" \/>\n<meta property=\"og:description\" content=\"El Gobierno provincial dispuso, a trav\u00e9s de la Decisi\u00f3n Administrativa 607\/21, que a partir de este viernes puedan reabrir sus puertas las salas de teatro y los centros culturales en&hellip;\" \/>\n<meta property=\"og:url\" content=\"https:\/\/diariotextual.com\/inicio\/index.php\/2021\/07\/01\/oficial-este-viernes-abren-teatros-y-centros-culturales-en-la-pampa\/\" \/>\n<meta property=\"og:site_name\" content=\"Diario Textual\" \/>\n<meta property=\"article:publisher\" content=\"https:\/\/www.facebook.com\/eltextual\" \/>\n<meta property=\"article:published_time\" content=\"2021-07-01T12:29:02+00:00\" \/>\n<meta property=\"article:modified_time\" content=\"2021-07-01T14:09:04+00:00\" \/>\n<meta property=\"og:image\" content=\"https:\/\/diariotextual.com\/inicio\/wp-content\/uploads\/2019\/06\/obrasbrevesattp122.jpeg\" \/>\n\t<meta property=\"og:image:width\" content=\"765\" \/>\n\t<meta property=\"og:image:height\" content=\"427\" \/>\n\t<meta property=\"og:image:type\" content=\"image\/jpeg\" \/>\n<meta name=\"author\" content=\"Diario1 Diario1\" \/>\n<meta name=\"twitter:card\" content=\"summary_large_image\" \/>\n<meta name=\"twitter:creator\" content=\"@eltextual\" \/>\n<meta name=\"twitter:site\" content=\"@eltextual\" \/>\n<meta name=\"twitter:label1\" content=\"Escrito por\" \/>\n\t<meta name=\"twitter:data1\" content=\"Diario1 Diario1\" \/>\n\t<meta name=\"twitter:label2\" content=\"Tiempo de lectura\" \/>\n\t<meta name=\"twitter:data2\" content=\"2 minutos\" \/>\n<script type=\"application\/ld+json\" class=\"yoast-schema-graph\">{\"@context\":\"https:\\\/\\\/schema.org\",\"@graph\":[{\"@type\":\"Article\",\"@id\":\"https:\\\/\\\/diariotextual.com\\\/inicio\\\/index.php\\\/2021\\\/07\\\/01\\\/oficial-este-viernes-abren-teatros-y-centros-culturales-en-la-pampa\\\/#article\",\"isPartOf\":{\"@id\":\"https:\\\/\\\/diariotextual.com\\\/inicio\\\/index.php\\\/2021\\\/07\\\/01\\\/oficial-este-viernes-abren-teatros-y-centros-culturales-en-la-pampa\\\/\"},\"author\":{\"name\":\"Diario1 Diario1\",\"@id\":\"https:\\\/\\\/diariotextual.com\\\/inicio\\\/#\\\/schema\\\/person\\\/418fc4093c33e86ed41562db3508f958\"},\"headline\":\"Oficial: este viernes abren teatros y centros culturales en La Pampa\",\"datePublished\":\"2021-07-01T12:29:02+00:00\",\"dateModified\":\"2021-07-01T14:09:04+00:00\",\"mainEntityOfPage\":{\"@id\":\"https:\\\/\\\/diariotextual.com\\\/inicio\\\/index.php\\\/2021\\\/07\\\/01\\\/oficial-este-viernes-abren-teatros-y-centros-culturales-en-la-pampa\\\/\"},\"wordCount\":385,\"publisher\":{\"@id\":\"https:\\\/\\\/diariotextual.com\\\/inicio\\\/#organization\"},\"image\":{\"@id\":\"https:\\\/\\\/diariotextual.com\\\/inicio\\\/index.php\\\/2021\\\/07\\\/01\\\/oficial-este-viernes-abren-teatros-y-centros-culturales-en-la-pampa\\\/#primaryimage\"},\"thumbnailUrl\":\"https:\\\/\\\/diariotextual.com\\\/inicio\\\/wp-content\\\/uploads\\\/2019\\\/06\\\/obrasbrevesattp122.jpeg\",\"keywords\":[\"attp\"],\"articleSection\":[\"A - PORTADA2\",\"CULTURA\"],\"inLanguage\":\"es\"},{\"@type\":\"WebPage\",\"@id\":\"https:\\\/\\\/diariotextual.com\\\/inicio\\\/index.php\\\/2021\\\/07\\\/01\\\/oficial-este-viernes-abren-teatros-y-centros-culturales-en-la-pampa\\\/\",\"url\":\"https:\\\/\\\/diariotextual.com\\\/inicio\\\/index.php\\\/2021\\\/07\\\/01\\\/oficial-este-viernes-abren-teatros-y-centros-culturales-en-la-pampa\\\/\",\"name\":\"Oficial: este viernes abren teatros y centros culturales en La Pampa - Diario Textual\",\"isPartOf\":{\"@id\":\"https:\\\/\\\/diariotextual.com\\\/inicio\\\/#website\"},\"primaryImageOfPage\":{\"@id\":\"https:\\\/\\\/diariotextual.com\\\/inicio\\\/index.php\\\/2021\\\/07\\\/01\\\/oficial-este-viernes-abren-teatros-y-centros-culturales-en-la-pampa\\\/#primaryimage\"},\"image\":{\"@id\":\"https:\\\/\\\/diariotextual.com\\\/inicio\\\/index.php\\\/2021\\\/07\\\/01\\\/oficial-este-viernes-abren-teatros-y-centros-culturales-en-la-pampa\\\/#primaryimage\"},\"thumbnailUrl\":\"https:\\\/\\\/diariotextual.com\\\/inicio\\\/wp-content\\\/uploads\\\/2019\\\/06\\\/obrasbrevesattp122.jpeg\",\"datePublished\":\"2021-07-01T12:29:02+00:00\",\"dateModified\":\"2021-07-01T14:09:04+00:00\",\"breadcrumb\":{\"@id\":\"https:\\\/\\\/diariotextual.com\\\/inicio\\\/index.php\\\/2021\\\/07\\\/01\\\/oficial-este-viernes-abren-teatros-y-centros-culturales-en-la-pampa\\\/#breadcrumb\"},\"inLanguage\":\"es\",\"potentialAction\":[{\"@type\":\"ReadAction\",\"target\":[\"https:\\\/\\\/diariotextual.com\\\/inicio\\\/index.php\\\/2021\\\/07\\\/01\\\/oficial-este-viernes-abren-teatros-y-centros-culturales-en-la-pampa\\\/\"]}]},{\"@type\":\"ImageObject\",\"inLanguage\":\"es\",\"@id\":\"https:\\\/\\\/diariotextual.com\\\/inicio\\\/index.php\\\/2021\\\/07\\\/01\\\/oficial-este-viernes-abren-teatros-y-centros-culturales-en-la-pampa\\\/#primaryimage\",\"url\":\"https:\\\/\\\/diariotextual.com\\\/inicio\\\/wp-content\\\/uploads\\\/2019\\\/06\\\/obrasbrevesattp122.jpeg\",\"contentUrl\":\"https:\\\/\\\/diariotextual.com\\\/inicio\\\/wp-content\\\/uploads\\\/2019\\\/06\\\/obrasbrevesattp122.jpeg\",\"width\":765,\"height\":427},{\"@type\":\"BreadcrumbList\",\"@id\":\"https:\\\/\\\/diariotextual.com\\\/inicio\\\/index.php\\\/2021\\\/07\\\/01\\\/oficial-este-viernes-abren-teatros-y-centros-culturales-en-la-pampa\\\/#breadcrumb\",\"itemListElement\":[{\"@type\":\"ListItem\",\"position\":1,\"name\":\"Portada\",\"item\":\"https:\\\/\\\/diariotextual.com\\\/inicio\\\/\"},{\"@type\":\"ListItem\",\"position\":2,\"name\":\"Oficial: este viernes abren teatros y centros culturales en La Pampa\"}]},{\"@type\":\"WebSite\",\"@id\":\"https:\\\/\\\/diariotextual.com\\\/inicio\\\/#website\",\"url\":\"https:\\\/\\\/diariotextual.com\\\/inicio\\\/\",\"name\":\"Diario Textual\",\"description\":\"\",\"publisher\":{\"@id\":\"https:\\\/\\\/diariotextual.com\\\/inicio\\\/#organization\"},\"potentialAction\":[{\"@type\":\"SearchAction\",\"target\":{\"@type\":\"EntryPoint\",\"urlTemplate\":\"https:\\\/\\\/diariotextual.com\\\/inicio\\\/?s={search_term_string}\"},\"query-input\":{\"@type\":\"PropertyValueSpecification\",\"valueRequired\":true,\"valueName\":\"search_term_string\"}}],\"inLanguage\":\"es\"},{\"@type\":\"Organization\",\"@id\":\"https:\\\/\\\/diariotextual.com\\\/inicio\\\/#organization\",\"name\":\"Diario Textual\",\"url\":\"https:\\\/\\\/diariotextual.com\\\/inicio\\\/\",\"logo\":{\"@type\":\"ImageObject\",\"inLanguage\":\"es\",\"@id\":\"https:\\\/\\\/diariotextual.com\\\/inicio\\\/#\\\/schema\\\/logo\\\/image\\\/\",\"url\":\"https:\\\/\\\/diariotextual.com\\\/inicio\\\/wp-content\\\/uploads\\\/2023\\\/05\\\/logotextual1.jpg\",\"contentUrl\":\"https:\\\/\\\/diariotextual.com\\\/inicio\\\/wp-content\\\/uploads\\\/2023\\\/05\\\/logotextual1.jpg\",\"width\":516,\"height\":76,\"caption\":\"Diario Textual\"},\"image\":{\"@id\":\"https:\\\/\\\/diariotextual.com\\\/inicio\\\/#\\\/schema\\\/logo\\\/image\\\/\"},\"sameAs\":[\"https:\\\/\\\/www.facebook.com\\\/eltextual\",\"https:\\\/\\\/x.com\\\/eltextual\",\"http:\\\/\\\/www.instagram.com\\\/eltextual\"]},{\"@type\":\"Person\",\"@id\":\"https:\\\/\\\/diariotextual.com\\\/inicio\\\/#\\\/schema\\\/person\\\/418fc4093c33e86ed41562db3508f958\",\"name\":\"Diario1 Diario1\",\"image\":{\"@type\":\"ImageObject\",\"inLanguage\":\"es\",\"@id\":\"https:\\\/\\\/secure.gravatar.com\\\/avatar\\\/9167d280179c85bc18be67aa7eda765854300033af4896dd779b608640f2ef7a?s=96&d=mm&r=g\",\"url\":\"https:\\\/\\\/secure.gravatar.com\\\/avatar\\\/9167d280179c85bc18be67aa7eda765854300033af4896dd779b608640f2ef7a?s=96&d=mm&r=g\",\"contentUrl\":\"https:\\\/\\\/secure.gravatar.com\\\/avatar\\\/9167d280179c85bc18be67aa7eda765854300033af4896dd779b608640f2ef7a?s=96&d=mm&r=g\",\"caption\":\"Diario1 Diario1\"},\"url\":\"https:\\\/\\\/diariotextual.com\\\/inicio\\\/index.php\\\/author\\\/diario1\\\/\"}]}<\/script>\n<!-- \/ Yoast SEO plugin. -->","yoast_head_json":{"title":"Oficial: este viernes abren teatros y centros culturales en La Pampa - Diario Textual","robots":{"index":"index","follow":"follow","max-snippet":"max-snippet:-1","max-image-preview":"max-image-preview:large","max-video-preview":"max-video-preview:-1"},"canonical":"https:\/\/diariotextual.com\/inicio\/index.php\/2021\/07\/01\/oficial-este-viernes-abren-teatros-y-centros-culturales-en-la-pampa\/","og_locale":"es_ES","og_type":"article","og_title":"Oficial: este viernes abren teatros y centros culturales en La Pampa - Diario Textual","og_description":"El Gobierno provincial dispuso, a trav\u00e9s de la Decisi\u00f3n Administrativa 607\/21, que a partir de este viernes puedan reabrir sus puertas las salas de teatro y los centros culturales en&hellip;","og_url":"https:\/\/diariotextual.com\/inicio\/index.php\/2021\/07\/01\/oficial-este-viernes-abren-teatros-y-centros-culturales-en-la-pampa\/","og_site_name":"Diario Textual","article_publisher":"https:\/\/www.facebook.com\/eltextual","article_published_time":"2021-07-01T12:29:02+00:00","article_modified_time":"2021-07-01T14:09:04+00:00","og_image":[{"width":765,"height":427,"url":"https:\/\/diariotextual.com\/inicio\/wp-content\/uploads\/2019\/06\/obrasbrevesattp122.jpeg","type":"image\/jpeg"}],"author":"Diario1 Diario1","twitter_card":"summary_large_image","twitter_creator":"@eltextual","twitter_site":"@eltextual","twitter_misc":{"Escrito por":"Diario1 Diario1","Tiempo de lectura":"2 minutos"},"schema":{"@context":"https:\/\/schema.org","@graph":[{"@type":"Article","@id":"https:\/\/diariotextual.com\/inicio\/index.php\/2021\/07\/01\/oficial-este-viernes-abren-teatros-y-centros-culturales-en-la-pampa\/#article","isPartOf":{"@id":"https:\/\/diariotextual.com\/inicio\/index.php\/2021\/07\/01\/oficial-este-viernes-abren-teatros-y-centros-culturales-en-la-pampa\/"},"author":{"name":"Diario1 Diario1","@id":"https:\/\/diariotextual.com\/inicio\/#\/schema\/person\/418fc4093c33e86ed41562db3508f958"},"headline":"Oficial: este viernes abren teatros y centros culturales en La Pampa","datePublished":"2021-07-01T12:29:02+00:00","dateModified":"2021-07-01T14:09:04+00:00","mainEntityOfPage":{"@id":"https:\/\/diariotextual.com\/inicio\/index.php\/2021\/07\/01\/oficial-este-viernes-abren-teatros-y-centros-culturales-en-la-pampa\/"},"wordCount":385,"publisher":{"@id":"https:\/\/diariotextual.com\/inicio\/#organization"},"image":{"@id":"https:\/\/diariotextual.com\/inicio\/index.php\/2021\/07\/01\/oficial-este-viernes-abren-teatros-y-centros-culturales-en-la-pampa\/#primaryimage"},"thumbnailUrl":"https:\/\/diariotextual.com\/inicio\/wp-content\/uploads\/2019\/06\/obrasbrevesattp122.jpeg","keywords":["attp"],"articleSection":["A - PORTADA2","CULTURA"],"inLanguage":"es"},{"@type":"WebPage","@id":"https:\/\/diariotextual.com\/inicio\/index.php\/2021\/07\/01\/oficial-este-viernes-abren-teatros-y-centros-culturales-en-la-pampa\/","url":"https:\/\/diariotextual.com\/inicio\/index.php\/2021\/07\/01\/oficial-este-viernes-abren-teatros-y-centros-culturales-en-la-pampa\/","name":"Oficial: este viernes abren teatros y centros culturales en La Pampa - Diario Textual","isPartOf":{"@id":"https:\/\/diariotextual.com\/inicio\/#website"},"primaryImageOfPage":{"@id":"https:\/\/diariotextual.com\/inicio\/index.php\/2021\/07\/01\/oficial-este-viernes-abren-teatros-y-centros-culturales-en-la-pampa\/#primaryimage"},"image":{"@id":"https:\/\/diariotextual.com\/inicio\/index.php\/2021\/07\/01\/oficial-este-viernes-abren-teatros-y-centros-culturales-en-la-pampa\/#primaryimage"},"thumbnailUrl":"https:\/\/diariotextual.com\/inicio\/wp-content\/uploads\/2019\/06\/obrasbrevesattp122.jpeg","datePublished":"2021-07-01T12:29:02+00:00","dateModified":"2021-07-01T14:09:04+00:00","breadcrumb":{"@id":"https:\/\/diariotextual.com\/inicio\/index.php\/2021\/07\/01\/oficial-este-viernes-abren-teatros-y-centros-culturales-en-la-pampa\/#breadcrumb"},"inLanguage":"es","potentialAction":[{"@type":"ReadAction","target":["https:\/\/diariotextual.com\/inicio\/index.php\/2021\/07\/01\/oficial-este-viernes-abren-teatros-y-centros-culturales-en-la-pampa\/"]}]},{"@type":"ImageObject","inLanguage":"es","@id":"https:\/\/diariotextual.com\/inicio\/index.php\/2021\/07\/01\/oficial-este-viernes-abren-teatros-y-centros-culturales-en-la-pampa\/#primaryimage","url":"https:\/\/diariotextual.com\/inicio\/wp-content\/uploads\/2019\/06\/obrasbrevesattp122.jpeg","contentUrl":"https:\/\/diariotextual.com\/inicio\/wp-content\/uploads\/2019\/06\/obrasbrevesattp122.jpeg","width":765,"height":427},{"@type":"BreadcrumbList","@id":"https:\/\/diariotextual.com\/inicio\/index.php\/2021\/07\/01\/oficial-este-viernes-abren-teatros-y-centros-culturales-en-la-pampa\/#breadcrumb","itemListElement":[{"@type":"ListItem","position":1,"name":"Portada","item":"https:\/\/diariotextual.com\/inicio\/"},{"@type":"ListItem","position":2,"name":"Oficial: este viernes abren teatros y centros culturales en La Pampa"}]},{"@type":"WebSite","@id":"https:\/\/diariotextual.com\/inicio\/#website","url":"https:\/\/diariotextual.com\/inicio\/","name":"Diario Textual","description":"","publisher":{"@id":"https:\/\/diariotextual.com\/inicio\/#organization"},"potentialAction":[{"@type":"SearchAction","target":{"@type":"EntryPoint","urlTemplate":"https:\/\/diariotextual.com\/inicio\/?s={search_term_string}"},"query-input":{"@type":"PropertyValueSpecification","valueRequired":true,"valueName":"search_term_string"}}],"inLanguage":"es"},{"@type":"Organization","@id":"https:\/\/diariotextual.com\/inicio\/#organization","name":"Diario Textual","url":"https:\/\/diariotextual.com\/inicio\/","logo":{"@type":"ImageObject","inLanguage":"es","@id":"https:\/\/diariotextual.com\/inicio\/#\/schema\/logo\/image\/","url":"https:\/\/diariotextual.com\/inicio\/wp-content\/uploads\/2023\/05\/logotextual1.jpg","contentUrl":"https:\/\/diariotextual.com\/inicio\/wp-content\/uploads\/2023\/05\/logotextual1.jpg","width":516,"height":76,"caption":"Diario Textual"},"image":{"@id":"https:\/\/diariotextual.com\/inicio\/#\/schema\/logo\/image\/"},"sameAs":["https:\/\/www.facebook.com\/eltextual","https:\/\/x.com\/eltextual","http:\/\/www.instagram.com\/eltextual"]},{"@type":"Person","@id":"https:\/\/diariotextual.com\/inicio\/#\/schema\/person\/418fc4093c33e86ed41562db3508f958","name":"Diario1 Diario1","image":{"@type":"ImageObject","inLanguage":"es","@id":"https:\/\/secure.gravatar.com\/avatar\/9167d280179c85bc18be67aa7eda765854300033af4896dd779b608640f2ef7a?s=96&d=mm&r=g","url":"https:\/\/secure.gravatar.com\/avatar\/9167d280179c85bc18be67aa7eda765854300033af4896dd779b608640f2ef7a?s=96&d=mm&r=g","contentUrl":"https:\/\/secure.gravatar.com\/avatar\/9167d280179c85bc18be67aa7eda765854300033af4896dd779b608640f2ef7a?s=96&d=mm&r=g","caption":"Diario1 Diario1"},"url":"https:\/\/diariotextual.com\/inicio\/index.php\/author\/diario1\/"}]}},"_links":{"self":[{"href":"https:\/\/diariotextual.com\/inicio\/index.php\/wp-json\/wp\/v2\/posts\/152319","targetHints":{"allow":["GET"]}}],"collection":[{"href":"https:\/\/diariotextual.com\/inicio\/index.php\/wp-json\/wp\/v2\/posts"}],"about":[{"href":"https:\/\/diariotextual.com\/inicio\/index.php\/wp-json\/wp\/v2\/types\/post"}],"author":[{"embeddable":true,"href":"https:\/\/diariotextual.com\/inicio\/index.php\/wp-json\/wp\/v2\/users\/3"}],"replies":[{"embeddable":true,"href":"https:\/\/diariotextual.com\/inicio\/index.php\/wp-json\/wp\/v2\/comments?post=152319"}],"version-history":[{"count":7,"href":"https:\/\/diariotextual.com\/inicio\/index.php\/wp-json\/wp\/v2\/posts\/152319\/revisions"}],"predecessor-version":[{"id":152347,"href":"https:\/\/diariotextual.com\/inicio\/index.php\/wp-json\/wp\/v2\/posts\/152319\/revisions\/152347"}],"wp:featuredmedia":[{"embeddable":true,"href":"https:\/\/diariotextual.com\/inicio\/index.php\/wp-json\/wp\/v2\/media\/53046"}],"wp:attachment":[{"href":"https:\/\/diariotextual.com\/inicio\/index.php\/wp-json\/wp\/v2\/media?parent=152319"}],"wp:term":[{"taxonomy":"category","embeddable":true,"href":"https:\/\/diariotextual.com\/inicio\/index.php\/wp-json\/wp\/v2\/categories?post=152319"},{"taxonomy":"post_tag","embeddable":true,"href":"https:\/\/diariotextual.com\/inicio\/index.php\/wp-json\/wp\/v2\/tags?post=152319"}],"curies":[{"name":"wp","href":"https:\/\/api.w.org\/{rel}","templated":true}]}}