{"id":152393,"date":"2021-07-01T14:17:59","date_gmt":"2021-07-01T17:17:59","guid":{"rendered":"https:\/\/diariotextual.com\/inicio\/?p=152393"},"modified":"2021-07-01T14:18:01","modified_gmt":"2021-07-01T17:18:01","slug":"ziliotto-no-vamos-a-castigar-a-ninguna-sociedad-porque-no-haya-elegido-a-nuestros-candidatos","status":"publish","type":"post","link":"https:\/\/diariotextual.com\/inicio\/index.php\/2021\/07\/01\/ziliotto-no-vamos-a-castigar-a-ninguna-sociedad-porque-no-haya-elegido-a-nuestros-candidatos\/","title":{"rendered":"Ziliotto: \u201cNo vamos a castigar a ninguna sociedad porque no haya elegido a nuestros candidatos\u201d"},"content":{"rendered":"\n<p>El gobernador Sergio Ziliotto encabez\u00f3 este jueves la <strong>apertura de sobres de la licitaci\u00f3n para la obra de pavimentaci\u00f3n de 40 cuadras en Eduardo Castex<\/strong> y donde anunci\u00f3 que <strong>pr\u00f3ximamente se licitar\u00e1n 30 viviendas del programa nacional Casa Propia, que se sumar\u00e1n a las 20 que hoy est\u00e1n en ejecuci\u00f3n y a las 10 nuevas del programa Mi Casa.<\/strong><\/p>\n\n\n\n<p>\u201cEste <strong>a\u00f1o tenemos un volumen de obra p\u00fablica que supera los 10 mil millones de pesos<\/strong>, eso es inversi\u00f3n p\u00fablica, porque <strong>es dinero que queda en La Pampa, es trabajo pampeano y es mejor calidad de vida para todas y todos. <\/strong>En ese camino nos van a encontrar siempre\u201d, asegur\u00f3 el mandatario provincial.<\/p>\n\n\n\n<p>Ziliotto fue <strong>recibido por la intendenta M\u00f3nica Curuchet, quien agradeci\u00f3 su segunda visita a Eduardo Castex. \u201cSiempre trae buenas noticias,<\/strong> atendiendo a las necesidades que tenemos en la localidad, como lo son las casas y el asfalto\u201d, dijo la jefa comunal.<\/p>\n\n\n\n<p>\u201cComo lo dec\u00eda M\u00f3nica, es la segunda vez que estamos en Castex, la primera vez vinimos a licitar viviendas, hoy venimos a licitar la pavimentaci\u00f3n de 40 cuadras, pero en definitiva<strong> venimos nada m\u00e1s y nada menos que a cumplir con la palabra<\/strong>\u201d, agreg\u00f3 el gobernador.<\/p>\n\n\n\n<p>El gobernador record\u00f3 que en 2019, cuando dise\u00f1aban la campa\u00f1a electoral y buscaban plataformas de gobierno para presentar a la sociedad, junto al actual diputado Julio Gonz\u00e1lez y Marcelo Steinbauer, el candidato local del FreJuPa, se dise\u00f1\u00f3 una propuesta electoral con las obras que necesitaba Eduardo Castex. \u201c<strong>Todos saben que el candidato del Partido Justicialista no pudo llegar a la intendencia, pero s\u00ed lleg\u00f3 M\u00f3nica. Siempre hemos dicho que no vamos a castigar a ninguna sociedad porque no haya elegido al candidato local que propusimos<\/strong>\u201d, remarc\u00f3 Ziliotto.<\/p>\n\n\n\n<p>En este sentido, el mandatario pampeano mostr\u00f3 su satisfacci\u00f3n por recorrer la provincia en forma presencial. \u201c<strong>Las obras no se han detenido. Hist\u00f3ricamente tenemos un programa de obras p\u00fablicas muy fuerte en La Pampa, todos los gobiernos justicialistas que nos antecedieron tuvieron como premisa la inversi\u00f3n p\u00fablica<\/strong> para mejorar la infraestructura desde todo punto de vista: sanitario, educativo, econ\u00f3mico, deportivo; porque es calidad de vida y generaci\u00f3n de mano de obra\u201d, afirm\u00f3.<\/p>\n\n\n\n<p>\u201cLa <strong>obra p\u00fablica -continu\u00f3 el gobernador- es el sector que m\u00e1s dinamiza el empleo, en base a eso seguimos haciendo obras a pesar de la pandemia<\/strong>, que no nos permiti\u00f3 estar presentes en muchas licitaciones, pero igualmente en este a\u00f1o tenemos un volumen de obra p\u00fablica que supera los 10 mil millones de pesos\u201d.<\/p>\n\n\n\n<p>Y a\u00f1adi\u00f3: \u201cCuando <strong>pongamos en marcha las licitaciones de rutas provinciales financiadas por el Gobierno nacional estaremos superando los 15 millones de pesos. Eso es inversi\u00f3n p\u00fablica, es dinero que queda en La Pampa<\/strong>, es trabajo pampeano y es mejor calidad de vida para todos. En ese camino nos van a encontrar siempre, haya proceso electoral o no, es un compromiso que hemos asumido en la campa\u00f1a y es una\u00a0 convicci\u00f3n que tenemos: seguir invirtiendo los dineros p\u00fablicos, que nos han confiado las pampeanas y los pampeanos\u201d.<\/p>\n\n\n\n<p>Acompa\u00f1aron al gobernador en la visita a Castex, el ministro de Obras y Servicios P\u00fablicos, Juan Ram\u00f3n Garay; el secretario de Asuntos Municipales, Rogelio Schanton; y el presidente del directorio de Vialidad Provincial, Rodrigo Cadenas.<\/p>\n","protected":false},"excerpt":{"rendered":"<p>El gobernador Sergio Ziliotto encabez\u00f3 este jueves la apertura de sobres de la licitaci\u00f3n para la obra de pavimentaci\u00f3n de 40 cuadras en Eduardo Castex y donde anunci\u00f3 que pr\u00f3ximamente&hellip;<\/p>\n","protected":false},"author":5,"featured_media":152394,"comment_status":"closed","ping_status":"open","sticky":false,"template":"","format":"standard","meta":{"_acf_changed":false,"footnotes":""},"categories":[4,8],"tags":[646,424],"class_list":["post-152393","post","type-post","status-publish","format-standard","has-post-thumbnail","hentry","category-destacadas","category-politica","tag-castex","tag-ziliotto"],"acf":[],"yoast_head":"<!-- This site is optimized with the Yoast SEO plugin v27.5 - https:\/\/yoast.com\/product\/yoast-seo-wordpress\/ -->\n<title>Ziliotto: \u201cNo vamos a castigar a ninguna sociedad porque no haya elegido a nuestros candidatos\u201d - Diario Textual<\/title>\n<meta name=\"robots\" content=\"index, follow, max-snippet:-1, max-image-preview:large, max-video-preview:-1\" \/>\n<link rel=\"canonical\" href=\"https:\/\/diariotextual.com\/inicio\/index.php\/2021\/07\/01\/ziliotto-no-vamos-a-castigar-a-ninguna-sociedad-porque-no-haya-elegido-a-nuestros-candidatos\/\" \/>\n<meta property=\"og:locale\" content=\"es_ES\" \/>\n<meta property=\"og:type\" content=\"article\" \/>\n<meta property=\"og:title\" content=\"Ziliotto: \u201cNo vamos a castigar a ninguna sociedad porque no haya elegido a nuestros candidatos\u201d - Diario Textual\" \/>\n<meta property=\"og:description\" content=\"El gobernador Sergio Ziliotto encabez\u00f3 este jueves la apertura de sobres de la licitaci\u00f3n para la obra de pavimentaci\u00f3n de 40 cuadras en Eduardo Castex y donde anunci\u00f3 que pr\u00f3ximamente&hellip;\" \/>\n<meta property=\"og:url\" content=\"https:\/\/diariotextual.com\/inicio\/index.php\/2021\/07\/01\/ziliotto-no-vamos-a-castigar-a-ninguna-sociedad-porque-no-haya-elegido-a-nuestros-candidatos\/\" \/>\n<meta property=\"og:site_name\" content=\"Diario Textual\" \/>\n<meta property=\"article:publisher\" content=\"https:\/\/www.facebook.com\/eltextual\" \/>\n<meta property=\"article:published_time\" content=\"2021-07-01T17:17:59+00:00\" \/>\n<meta property=\"article:modified_time\" content=\"2021-07-01T17:18:01+00:00\" \/>\n<meta property=\"og:image\" content=\"https:\/\/diariotextual.com\/inicio\/wp-content\/uploads\/2021\/07\/ziliottocuruchet.jpg\" \/>\n\t<meta property=\"og:image:width\" content=\"700\" \/>\n\t<meta property=\"og:image:height\" content=\"419\" \/>\n\t<meta property=\"og:image:type\" content=\"image\/jpeg\" \/>\n<meta name=\"author\" content=\"diario3\" \/>\n<meta name=\"twitter:card\" content=\"summary_large_image\" \/>\n<meta name=\"twitter:creator\" content=\"@eltextual\" \/>\n<meta name=\"twitter:site\" content=\"@eltextual\" \/>\n<meta name=\"twitter:label1\" content=\"Escrito por\" \/>\n\t<meta name=\"twitter:data1\" content=\"diario3\" \/>\n\t<meta name=\"twitter:label2\" content=\"Tiempo de lectura\" \/>\n\t<meta name=\"twitter:data2\" content=\"3 minutos\" \/>\n<script type=\"application\/ld+json\" class=\"yoast-schema-graph\">{\"@context\":\"https:\\\/\\\/schema.org\",\"@graph\":[{\"@type\":\"Article\",\"@id\":\"https:\\\/\\\/diariotextual.com\\\/inicio\\\/index.php\\\/2021\\\/07\\\/01\\\/ziliotto-no-vamos-a-castigar-a-ninguna-sociedad-porque-no-haya-elegido-a-nuestros-candidatos\\\/#article\",\"isPartOf\":{\"@id\":\"https:\\\/\\\/diariotextual.com\\\/inicio\\\/index.php\\\/2021\\\/07\\\/01\\\/ziliotto-no-vamos-a-castigar-a-ninguna-sociedad-porque-no-haya-elegido-a-nuestros-candidatos\\\/\"},\"author\":{\"name\":\"diario3\",\"@id\":\"https:\\\/\\\/diariotextual.com\\\/inicio\\\/#\\\/schema\\\/person\\\/a1b6f563e0ee944c60f98119389a4d9f\"},\"headline\":\"Ziliotto: \u201cNo vamos a castigar a ninguna sociedad porque no haya elegido a nuestros candidatos\u201d\",\"datePublished\":\"2021-07-01T17:17:59+00:00\",\"dateModified\":\"2021-07-01T17:18:01+00:00\",\"mainEntityOfPage\":{\"@id\":\"https:\\\/\\\/diariotextual.com\\\/inicio\\\/index.php\\\/2021\\\/07\\\/01\\\/ziliotto-no-vamos-a-castigar-a-ninguna-sociedad-porque-no-haya-elegido-a-nuestros-candidatos\\\/\"},\"wordCount\":580,\"publisher\":{\"@id\":\"https:\\\/\\\/diariotextual.com\\\/inicio\\\/#organization\"},\"image\":{\"@id\":\"https:\\\/\\\/diariotextual.com\\\/inicio\\\/index.php\\\/2021\\\/07\\\/01\\\/ziliotto-no-vamos-a-castigar-a-ninguna-sociedad-porque-no-haya-elegido-a-nuestros-candidatos\\\/#primaryimage\"},\"thumbnailUrl\":\"https:\\\/\\\/diariotextual.com\\\/inicio\\\/wp-content\\\/uploads\\\/2021\\\/07\\\/ziliottocuruchet.jpg\",\"keywords\":[\"castex\",\"ziliotto\"],\"articleSection\":[\"A - DESTACADAS (mod 16)\",\"POLITICA\"],\"inLanguage\":\"es\"},{\"@type\":\"WebPage\",\"@id\":\"https:\\\/\\\/diariotextual.com\\\/inicio\\\/index.php\\\/2021\\\/07\\\/01\\\/ziliotto-no-vamos-a-castigar-a-ninguna-sociedad-porque-no-haya-elegido-a-nuestros-candidatos\\\/\",\"url\":\"https:\\\/\\\/diariotextual.com\\\/inicio\\\/index.php\\\/2021\\\/07\\\/01\\\/ziliotto-no-vamos-a-castigar-a-ninguna-sociedad-porque-no-haya-elegido-a-nuestros-candidatos\\\/\",\"name\":\"Ziliotto: \u201cNo vamos a castigar a ninguna sociedad porque no haya elegido a nuestros candidatos\u201d - Diario Textual\",\"isPartOf\":{\"@id\":\"https:\\\/\\\/diariotextual.com\\\/inicio\\\/#website\"},\"primaryImageOfPage\":{\"@id\":\"https:\\\/\\\/diariotextual.com\\\/inicio\\\/index.php\\\/2021\\\/07\\\/01\\\/ziliotto-no-vamos-a-castigar-a-ninguna-sociedad-porque-no-haya-elegido-a-nuestros-candidatos\\\/#primaryimage\"},\"image\":{\"@id\":\"https:\\\/\\\/diariotextual.com\\\/inicio\\\/index.php\\\/2021\\\/07\\\/01\\\/ziliotto-no-vamos-a-castigar-a-ninguna-sociedad-porque-no-haya-elegido-a-nuestros-candidatos\\\/#primaryimage\"},\"thumbnailUrl\":\"https:\\\/\\\/diariotextual.com\\\/inicio\\\/wp-content\\\/uploads\\\/2021\\\/07\\\/ziliottocuruchet.jpg\",\"datePublished\":\"2021-07-01T17:17:59+00:00\",\"dateModified\":\"2021-07-01T17:18:01+00:00\",\"breadcrumb\":{\"@id\":\"https:\\\/\\\/diariotextual.com\\\/inicio\\\/index.php\\\/2021\\\/07\\\/01\\\/ziliotto-no-vamos-a-castigar-a-ninguna-sociedad-porque-no-haya-elegido-a-nuestros-candidatos\\\/#breadcrumb\"},\"inLanguage\":\"es\",\"potentialAction\":[{\"@type\":\"ReadAction\",\"target\":[\"https:\\\/\\\/diariotextual.com\\\/inicio\\\/index.php\\\/2021\\\/07\\\/01\\\/ziliotto-no-vamos-a-castigar-a-ninguna-sociedad-porque-no-haya-elegido-a-nuestros-candidatos\\\/\"]}]},{\"@type\":\"ImageObject\",\"inLanguage\":\"es\",\"@id\":\"https:\\\/\\\/diariotextual.com\\\/inicio\\\/index.php\\\/2021\\\/07\\\/01\\\/ziliotto-no-vamos-a-castigar-a-ninguna-sociedad-porque-no-haya-elegido-a-nuestros-candidatos\\\/#primaryimage\",\"url\":\"https:\\\/\\\/diariotextual.com\\\/inicio\\\/wp-content\\\/uploads\\\/2021\\\/07\\\/ziliottocuruchet.jpg\",\"contentUrl\":\"https:\\\/\\\/diariotextual.com\\\/inicio\\\/wp-content\\\/uploads\\\/2021\\\/07\\\/ziliottocuruchet.jpg\",\"width\":700,\"height\":419},{\"@type\":\"BreadcrumbList\",\"@id\":\"https:\\\/\\\/diariotextual.com\\\/inicio\\\/index.php\\\/2021\\\/07\\\/01\\\/ziliotto-no-vamos-a-castigar-a-ninguna-sociedad-porque-no-haya-elegido-a-nuestros-candidatos\\\/#breadcrumb\",\"itemListElement\":[{\"@type\":\"ListItem\",\"position\":1,\"name\":\"Portada\",\"item\":\"https:\\\/\\\/diariotextual.com\\\/inicio\\\/\"},{\"@type\":\"ListItem\",\"position\":2,\"name\":\"Ziliotto: \u201cNo vamos a castigar a ninguna sociedad porque no haya elegido a nuestros candidatos\u201d\"}]},{\"@type\":\"WebSite\",\"@id\":\"https:\\\/\\\/diariotextual.com\\\/inicio\\\/#website\",\"url\":\"https:\\\/\\\/diariotextual.com\\\/inicio\\\/\",\"name\":\"Diario Textual\",\"description\":\"\",\"publisher\":{\"@id\":\"https:\\\/\\\/diariotextual.com\\\/inicio\\\/#organization\"},\"potentialAction\":[{\"@type\":\"SearchAction\",\"target\":{\"@type\":\"EntryPoint\",\"urlTemplate\":\"https:\\\/\\\/diariotextual.com\\\/inicio\\\/?s={search_term_string}\"},\"query-input\":{\"@type\":\"PropertyValueSpecification\",\"valueRequired\":true,\"valueName\":\"search_term_string\"}}],\"inLanguage\":\"es\"},{\"@type\":\"Organization\",\"@id\":\"https:\\\/\\\/diariotextual.com\\\/inicio\\\/#organization\",\"name\":\"Diario Textual\",\"url\":\"https:\\\/\\\/diariotextual.com\\\/inicio\\\/\",\"logo\":{\"@type\":\"ImageObject\",\"inLanguage\":\"es\",\"@id\":\"https:\\\/\\\/diariotextual.com\\\/inicio\\\/#\\\/schema\\\/logo\\\/image\\\/\",\"url\":\"https:\\\/\\\/diariotextual.com\\\/inicio\\\/wp-content\\\/uploads\\\/2023\\\/05\\\/logotextual1.jpg\",\"contentUrl\":\"https:\\\/\\\/diariotextual.com\\\/inicio\\\/wp-content\\\/uploads\\\/2023\\\/05\\\/logotextual1.jpg\",\"width\":516,\"height\":76,\"caption\":\"Diario Textual\"},\"image\":{\"@id\":\"https:\\\/\\\/diariotextual.com\\\/inicio\\\/#\\\/schema\\\/logo\\\/image\\\/\"},\"sameAs\":[\"https:\\\/\\\/www.facebook.com\\\/eltextual\",\"https:\\\/\\\/x.com\\\/eltextual\",\"http:\\\/\\\/www.instagram.com\\\/eltextual\"]},{\"@type\":\"Person\",\"@id\":\"https:\\\/\\\/diariotextual.com\\\/inicio\\\/#\\\/schema\\\/person\\\/a1b6f563e0ee944c60f98119389a4d9f\",\"name\":\"diario3\",\"image\":{\"@type\":\"ImageObject\",\"inLanguage\":\"es\",\"@id\":\"https:\\\/\\\/secure.gravatar.com\\\/avatar\\\/5e7ee62c82fc04d9dd79d746a390d93c69c43223e5faeeb3ea9461ef752bfc5d?s=96&d=mm&r=g\",\"url\":\"https:\\\/\\\/secure.gravatar.com\\\/avatar\\\/5e7ee62c82fc04d9dd79d746a390d93c69c43223e5faeeb3ea9461ef752bfc5d?s=96&d=mm&r=g\",\"contentUrl\":\"https:\\\/\\\/secure.gravatar.com\\\/avatar\\\/5e7ee62c82fc04d9dd79d746a390d93c69c43223e5faeeb3ea9461ef752bfc5d?s=96&d=mm&r=g\",\"caption\":\"diario3\"},\"url\":\"https:\\\/\\\/diariotextual.com\\\/inicio\\\/index.php\\\/author\\\/diario3\\\/\"}]}<\/script>\n<!-- \/ Yoast SEO plugin. -->","yoast_head_json":{"title":"Ziliotto: \u201cNo vamos a castigar a ninguna sociedad porque no haya elegido a nuestros candidatos\u201d - Diario Textual","robots":{"index":"index","follow":"follow","max-snippet":"max-snippet:-1","max-image-preview":"max-image-preview:large","max-video-preview":"max-video-preview:-1"},"canonical":"https:\/\/diariotextual.com\/inicio\/index.php\/2021\/07\/01\/ziliotto-no-vamos-a-castigar-a-ninguna-sociedad-porque-no-haya-elegido-a-nuestros-candidatos\/","og_locale":"es_ES","og_type":"article","og_title":"Ziliotto: \u201cNo vamos a castigar a ninguna sociedad porque no haya elegido a nuestros candidatos\u201d - Diario Textual","og_description":"El gobernador Sergio Ziliotto encabez\u00f3 este jueves la apertura de sobres de la licitaci\u00f3n para la obra de pavimentaci\u00f3n de 40 cuadras en Eduardo Castex y donde anunci\u00f3 que pr\u00f3ximamente&hellip;","og_url":"https:\/\/diariotextual.com\/inicio\/index.php\/2021\/07\/01\/ziliotto-no-vamos-a-castigar-a-ninguna-sociedad-porque-no-haya-elegido-a-nuestros-candidatos\/","og_site_name":"Diario Textual","article_publisher":"https:\/\/www.facebook.com\/eltextual","article_published_time":"2021-07-01T17:17:59+00:00","article_modified_time":"2021-07-01T17:18:01+00:00","og_image":[{"width":700,"height":419,"url":"https:\/\/diariotextual.com\/inicio\/wp-content\/uploads\/2021\/07\/ziliottocuruchet.jpg","type":"image\/jpeg"}],"author":"diario3","twitter_card":"summary_large_image","twitter_creator":"@eltextual","twitter_site":"@eltextual","twitter_misc":{"Escrito por":"diario3","Tiempo de lectura":"3 minutos"},"schema":{"@context":"https:\/\/schema.org","@graph":[{"@type":"Article","@id":"https:\/\/diariotextual.com\/inicio\/index.php\/2021\/07\/01\/ziliotto-no-vamos-a-castigar-a-ninguna-sociedad-porque-no-haya-elegido-a-nuestros-candidatos\/#article","isPartOf":{"@id":"https:\/\/diariotextual.com\/inicio\/index.php\/2021\/07\/01\/ziliotto-no-vamos-a-castigar-a-ninguna-sociedad-porque-no-haya-elegido-a-nuestros-candidatos\/"},"author":{"name":"diario3","@id":"https:\/\/diariotextual.com\/inicio\/#\/schema\/person\/a1b6f563e0ee944c60f98119389a4d9f"},"headline":"Ziliotto: \u201cNo vamos a castigar a ninguna sociedad porque no haya elegido a nuestros candidatos\u201d","datePublished":"2021-07-01T17:17:59+00:00","dateModified":"2021-07-01T17:18:01+00:00","mainEntityOfPage":{"@id":"https:\/\/diariotextual.com\/inicio\/index.php\/2021\/07\/01\/ziliotto-no-vamos-a-castigar-a-ninguna-sociedad-porque-no-haya-elegido-a-nuestros-candidatos\/"},"wordCount":580,"publisher":{"@id":"https:\/\/diariotextual.com\/inicio\/#organization"},"image":{"@id":"https:\/\/diariotextual.com\/inicio\/index.php\/2021\/07\/01\/ziliotto-no-vamos-a-castigar-a-ninguna-sociedad-porque-no-haya-elegido-a-nuestros-candidatos\/#primaryimage"},"thumbnailUrl":"https:\/\/diariotextual.com\/inicio\/wp-content\/uploads\/2021\/07\/ziliottocuruchet.jpg","keywords":["castex","ziliotto"],"articleSection":["A - DESTACADAS (mod 16)","POLITICA"],"inLanguage":"es"},{"@type":"WebPage","@id":"https:\/\/diariotextual.com\/inicio\/index.php\/2021\/07\/01\/ziliotto-no-vamos-a-castigar-a-ninguna-sociedad-porque-no-haya-elegido-a-nuestros-candidatos\/","url":"https:\/\/diariotextual.com\/inicio\/index.php\/2021\/07\/01\/ziliotto-no-vamos-a-castigar-a-ninguna-sociedad-porque-no-haya-elegido-a-nuestros-candidatos\/","name":"Ziliotto: \u201cNo vamos a castigar a ninguna sociedad porque no haya elegido a nuestros candidatos\u201d - Diario Textual","isPartOf":{"@id":"https:\/\/diariotextual.com\/inicio\/#website"},"primaryImageOfPage":{"@id":"https:\/\/diariotextual.com\/inicio\/index.php\/2021\/07\/01\/ziliotto-no-vamos-a-castigar-a-ninguna-sociedad-porque-no-haya-elegido-a-nuestros-candidatos\/#primaryimage"},"image":{"@id":"https:\/\/diariotextual.com\/inicio\/index.php\/2021\/07\/01\/ziliotto-no-vamos-a-castigar-a-ninguna-sociedad-porque-no-haya-elegido-a-nuestros-candidatos\/#primaryimage"},"thumbnailUrl":"https:\/\/diariotextual.com\/inicio\/wp-content\/uploads\/2021\/07\/ziliottocuruchet.jpg","datePublished":"2021-07-01T17:17:59+00:00","dateModified":"2021-07-01T17:18:01+00:00","breadcrumb":{"@id":"https:\/\/diariotextual.com\/inicio\/index.php\/2021\/07\/01\/ziliotto-no-vamos-a-castigar-a-ninguna-sociedad-porque-no-haya-elegido-a-nuestros-candidatos\/#breadcrumb"},"inLanguage":"es","potentialAction":[{"@type":"ReadAction","target":["https:\/\/diariotextual.com\/inicio\/index.php\/2021\/07\/01\/ziliotto-no-vamos-a-castigar-a-ninguna-sociedad-porque-no-haya-elegido-a-nuestros-candidatos\/"]}]},{"@type":"ImageObject","inLanguage":"es","@id":"https:\/\/diariotextual.com\/inicio\/index.php\/2021\/07\/01\/ziliotto-no-vamos-a-castigar-a-ninguna-sociedad-porque-no-haya-elegido-a-nuestros-candidatos\/#primaryimage","url":"https:\/\/diariotextual.com\/inicio\/wp-content\/uploads\/2021\/07\/ziliottocuruchet.jpg","contentUrl":"https:\/\/diariotextual.com\/inicio\/wp-content\/uploads\/2021\/07\/ziliottocuruchet.jpg","width":700,"height":419},{"@type":"BreadcrumbList","@id":"https:\/\/diariotextual.com\/inicio\/index.php\/2021\/07\/01\/ziliotto-no-vamos-a-castigar-a-ninguna-sociedad-porque-no-haya-elegido-a-nuestros-candidatos\/#breadcrumb","itemListElement":[{"@type":"ListItem","position":1,"name":"Portada","item":"https:\/\/diariotextual.com\/inicio\/"},{"@type":"ListItem","position":2,"name":"Ziliotto: \u201cNo vamos a castigar a ninguna sociedad porque no haya elegido a nuestros candidatos\u201d"}]},{"@type":"WebSite","@id":"https:\/\/diariotextual.com\/inicio\/#website","url":"https:\/\/diariotextual.com\/inicio\/","name":"Diario Textual","description":"","publisher":{"@id":"https:\/\/diariotextual.com\/inicio\/#organization"},"potentialAction":[{"@type":"SearchAction","target":{"@type":"EntryPoint","urlTemplate":"https:\/\/diariotextual.com\/inicio\/?s={search_term_string}"},"query-input":{"@type":"PropertyValueSpecification","valueRequired":true,"valueName":"search_term_string"}}],"inLanguage":"es"},{"@type":"Organization","@id":"https:\/\/diariotextual.com\/inicio\/#organization","name":"Diario Textual","url":"https:\/\/diariotextual.com\/inicio\/","logo":{"@type":"ImageObject","inLanguage":"es","@id":"https:\/\/diariotextual.com\/inicio\/#\/schema\/logo\/image\/","url":"https:\/\/diariotextual.com\/inicio\/wp-content\/uploads\/2023\/05\/logotextual1.jpg","contentUrl":"https:\/\/diariotextual.com\/inicio\/wp-content\/uploads\/2023\/05\/logotextual1.jpg","width":516,"height":76,"caption":"Diario Textual"},"image":{"@id":"https:\/\/diariotextual.com\/inicio\/#\/schema\/logo\/image\/"},"sameAs":["https:\/\/www.facebook.com\/eltextual","https:\/\/x.com\/eltextual","http:\/\/www.instagram.com\/eltextual"]},{"@type":"Person","@id":"https:\/\/diariotextual.com\/inicio\/#\/schema\/person\/a1b6f563e0ee944c60f98119389a4d9f","name":"diario3","image":{"@type":"ImageObject","inLanguage":"es","@id":"https:\/\/secure.gravatar.com\/avatar\/5e7ee62c82fc04d9dd79d746a390d93c69c43223e5faeeb3ea9461ef752bfc5d?s=96&d=mm&r=g","url":"https:\/\/secure.gravatar.com\/avatar\/5e7ee62c82fc04d9dd79d746a390d93c69c43223e5faeeb3ea9461ef752bfc5d?s=96&d=mm&r=g","contentUrl":"https:\/\/secure.gravatar.com\/avatar\/5e7ee62c82fc04d9dd79d746a390d93c69c43223e5faeeb3ea9461ef752bfc5d?s=96&d=mm&r=g","caption":"diario3"},"url":"https:\/\/diariotextual.com\/inicio\/index.php\/author\/diario3\/"}]}},"_links":{"self":[{"href":"https:\/\/diariotextual.com\/inicio\/index.php\/wp-json\/wp\/v2\/posts\/152393","targetHints":{"allow":["GET"]}}],"collection":[{"href":"https:\/\/diariotextual.com\/inicio\/index.php\/wp-json\/wp\/v2\/posts"}],"about":[{"href":"https:\/\/diariotextual.com\/inicio\/index.php\/wp-json\/wp\/v2\/types\/post"}],"author":[{"embeddable":true,"href":"https:\/\/diariotextual.com\/inicio\/index.php\/wp-json\/wp\/v2\/users\/5"}],"replies":[{"embeddable":true,"href":"https:\/\/diariotextual.com\/inicio\/index.php\/wp-json\/wp\/v2\/comments?post=152393"}],"version-history":[{"count":1,"href":"https:\/\/diariotextual.com\/inicio\/index.php\/wp-json\/wp\/v2\/posts\/152393\/revisions"}],"predecessor-version":[{"id":152395,"href":"https:\/\/diariotextual.com\/inicio\/index.php\/wp-json\/wp\/v2\/posts\/152393\/revisions\/152395"}],"wp:featuredmedia":[{"embeddable":true,"href":"https:\/\/diariotextual.com\/inicio\/index.php\/wp-json\/wp\/v2\/media\/152394"}],"wp:attachment":[{"href":"https:\/\/diariotextual.com\/inicio\/index.php\/wp-json\/wp\/v2\/media?parent=152393"}],"wp:term":[{"taxonomy":"category","embeddable":true,"href":"https:\/\/diariotextual.com\/inicio\/index.php\/wp-json\/wp\/v2\/categories?post=152393"},{"taxonomy":"post_tag","embeddable":true,"href":"https:\/\/diariotextual.com\/inicio\/index.php\/wp-json\/wp\/v2\/tags?post=152393"}],"curies":[{"name":"wp","href":"https:\/\/api.w.org\/{rel}","templated":true}]}}