{"id":152526,"date":"2021-07-02T18:16:36","date_gmt":"2021-07-02T21:16:36","guid":{"rendered":"https:\/\/diariotextual.com\/inicio\/?p=152526"},"modified":"2021-07-03T09:51:48","modified_gmt":"2021-07-03T12:51:48","slug":"alberto-fernandez-firmo-un-dnu-para-adquirir-vacunas-de-pfizer-moderna-y-janssen","status":"publish","type":"post","link":"https:\/\/diariotextual.com\/inicio\/index.php\/2021\/07\/02\/alberto-fernandez-firmo-un-dnu-para-adquirir-vacunas-de-pfizer-moderna-y-janssen\/","title":{"rendered":"Alberto firm\u00f3 un DNU para traer la Pfizer y comprar dosis pedi\u00e1tricas"},"content":{"rendered":"\n<p>El Gobierno nacional anunci\u00f3 hoy una modificaci\u00f3n clave a la ley de vacunas -v\u00eda decreto de necesidad y urgencia- para destrabar los cortocircuitos legales que impiden cerrar un acuerdo con el laboratorio norteamericano Pfizer desde el a\u00f1o pasado. De esta manera, <strong>se podr\u00e1n adquirir dosis pedi\u00e1tricas y se ampliar\u00e1 as\u00ed el espectro de unidades disponibles para la inmunizaci\u00f3n de la poblaci\u00f3n en general.<\/strong><\/p>\n\n\n\n<p>Vilma Ibarra, quien acompa\u00f1\u00f3 al presidente en el proceso de elaboraci\u00f3n del DNU, y la asesora Carla Vizzotti encabezaron una conferencia de prensa para dar detalles de c\u00f3mo se adecuar\u00e1 la ley argentina a lo que piden los laboratorios de Estados Unidos ya que este tema fue la principal traba para que llegaran dosis, ya sea a trav\u00e9s de la compra o de la donaci\u00f3n que anunci\u00f3 Joe Biden.<\/p>\n\n\n\n<p>La secretaria de Legal y T\u00e9cnica precis\u00f3 cuatro puntos clave que contendr\u00e1 el DNU y que har\u00e1n posible que la Argentina pueda adquirir m\u00e1s vacunas.<\/p>\n\n\n\n<p><strong>El primero es la creaci\u00f3n de un fondo de reparaci\u00f3n Covid-19 que ser\u00e1 utilizado para pagar indemnizaciones si es que una persona es da\u00f1ada por la aplicaci\u00f3n de la vacuna.<\/strong> \u201cHay un fondo que responde y si no lo hace es el Estado el que se hace cargo de eso. Este fondo se crea para vacunas Covid, existe en COVAX y en muchos pa\u00edses\u201d, dijo Ibarra.<\/p>\n\n\n\n<p><strong>El segundo punto, inform\u00f3 la funcionaria, es que \u201cse suprime la negligencia como supuesta responsabilidad para quienes tienen a su cargo el desarrollo, provisi\u00f3n y suministro\u00bb de vacunas. <\/strong>Esto es clave ya que la ausencia de la palabra \u201cnegligencia\u201d era lo que ped\u00eda Pfizer para firmar un contrato con la Argentina. \u201cTeniendo en cuenta que esto es un supuesto de responsabilidad que se est\u00e1 eliminando, en los contratos a firmar se va a establecer el modo en que el Estado recibe conforme o no las vacunas que se adquieren\u201d, dijo.<\/p>\n\n\n\n<p><strong>El tercero es que en la ley de vacunas aprobada por el Congreso se reemplazan los t\u00e9rminos \u201cmaniobras fraudulentas y conductas maliciosas\u201d por \u201cconductas dolosas\u201d, <\/strong>que es el t\u00e9rmino que aparece en el C\u00f3digo Civil y Comercial. \u201cAchica el problema a cualquier conducta dolosa y deben responder los proveedores\u201d, aclar\u00f3 Ibarra.<\/p>\n\n\n\n<p><strong>El \u00faltimo punto al que hizo referencia fue a la inmunidad de los bienes del Estado y se replicar\u00e1 la ley de reestructuraci\u00f3n de la deuda, que protege estos activos. <\/strong>\u201cVamos a eximir de inmunidad a las regal\u00edas exclusivamente que percibe el Estado Federal y los bienes privados del Estado, que no estaban previstos en ninguna de las normas que han dictado por el Congreso para la reestructuraci\u00f3n de la deuda\u201d, dijo.<\/p>\n\n\n\n<p>\u201cTodos los bienes soberanos que est\u00e1n establecidos en la ley de reestructuraci\u00f3n de la deuda que estableci\u00f3 el Congreso deben permanecer soberanos porque hacen a la soberan\u00eda de la Naci\u00f3n\u201d, complet\u00f3 Ibarra.<\/p>\n","protected":false},"excerpt":{"rendered":"<p>El Gobierno nacional anunci\u00f3 hoy una modificaci\u00f3n clave a la ley de vacunas -v\u00eda decreto de necesidad y urgencia- para destrabar los cortocircuitos legales que impiden cerrar un acuerdo con&hellip;<\/p>\n","protected":false},"author":3,"featured_media":152477,"comment_status":"closed","ping_status":"open","sticky":false,"template":"","format":"standard","meta":{"_acf_changed":false,"footnotes":""},"categories":[10,12],"tags":[2899],"class_list":["post-152526","post","type-post","status-publish","format-standard","has-post-thumbnail","hentry","category-portada-2","category-sociedad","tag-covid"],"acf":[],"yoast_head":"<!-- This site is optimized with the Yoast SEO plugin v27.5 - https:\/\/yoast.com\/product\/yoast-seo-wordpress\/ -->\n<title>Alberto firm\u00f3 un DNU para traer la Pfizer y comprar dosis pedi\u00e1tricas - Diario Textual<\/title>\n<meta name=\"robots\" content=\"index, follow, max-snippet:-1, max-image-preview:large, max-video-preview:-1\" \/>\n<link rel=\"canonical\" href=\"https:\/\/diariotextual.com\/inicio\/index.php\/2021\/07\/02\/alberto-fernandez-firmo-un-dnu-para-adquirir-vacunas-de-pfizer-moderna-y-janssen\/\" \/>\n<meta property=\"og:locale\" content=\"es_ES\" \/>\n<meta property=\"og:type\" content=\"article\" \/>\n<meta property=\"og:title\" content=\"Alberto firm\u00f3 un DNU para traer la Pfizer y comprar dosis pedi\u00e1tricas - Diario Textual\" \/>\n<meta property=\"og:description\" content=\"El Gobierno nacional anunci\u00f3 hoy una modificaci\u00f3n clave a la ley de vacunas -v\u00eda decreto de necesidad y urgencia- para destrabar los cortocircuitos legales que impiden cerrar un acuerdo con&hellip;\" \/>\n<meta property=\"og:url\" content=\"https:\/\/diariotextual.com\/inicio\/index.php\/2021\/07\/02\/alberto-fernandez-firmo-un-dnu-para-adquirir-vacunas-de-pfizer-moderna-y-janssen\/\" \/>\n<meta property=\"og:site_name\" content=\"Diario Textual\" \/>\n<meta property=\"article:publisher\" content=\"https:\/\/www.facebook.com\/eltextual\" \/>\n<meta property=\"article:published_time\" content=\"2021-07-02T21:16:36+00:00\" \/>\n<meta property=\"article:modified_time\" content=\"2021-07-03T12:51:48+00:00\" \/>\n<meta property=\"og:image\" content=\"https:\/\/diariotextual.com\/inicio\/wp-content\/uploads\/2021\/07\/fernandezalbertotelam2021-10.jpg\" \/>\n\t<meta property=\"og:image:width\" content=\"940\" \/>\n\t<meta property=\"og:image:height\" content=\"529\" \/>\n\t<meta property=\"og:image:type\" content=\"image\/jpeg\" \/>\n<meta name=\"author\" content=\"Diario1 Diario1\" \/>\n<meta name=\"twitter:card\" content=\"summary_large_image\" \/>\n<meta name=\"twitter:creator\" content=\"@eltextual\" \/>\n<meta name=\"twitter:site\" content=\"@eltextual\" \/>\n<meta name=\"twitter:label1\" content=\"Escrito por\" \/>\n\t<meta name=\"twitter:data1\" content=\"Diario1 Diario1\" \/>\n\t<meta name=\"twitter:label2\" content=\"Tiempo de lectura\" \/>\n\t<meta name=\"twitter:data2\" content=\"3 minutos\" \/>\n<script type=\"application\/ld+json\" class=\"yoast-schema-graph\">{\"@context\":\"https:\\\/\\\/schema.org\",\"@graph\":[{\"@type\":\"Article\",\"@id\":\"https:\\\/\\\/diariotextual.com\\\/inicio\\\/index.php\\\/2021\\\/07\\\/02\\\/alberto-fernandez-firmo-un-dnu-para-adquirir-vacunas-de-pfizer-moderna-y-janssen\\\/#article\",\"isPartOf\":{\"@id\":\"https:\\\/\\\/diariotextual.com\\\/inicio\\\/index.php\\\/2021\\\/07\\\/02\\\/alberto-fernandez-firmo-un-dnu-para-adquirir-vacunas-de-pfizer-moderna-y-janssen\\\/\"},\"author\":{\"name\":\"Diario1 Diario1\",\"@id\":\"https:\\\/\\\/diariotextual.com\\\/inicio\\\/#\\\/schema\\\/person\\\/418fc4093c33e86ed41562db3508f958\"},\"headline\":\"Alberto firm\u00f3 un DNU para traer la Pfizer y comprar dosis pedi\u00e1tricas\",\"datePublished\":\"2021-07-02T21:16:36+00:00\",\"dateModified\":\"2021-07-03T12:51:48+00:00\",\"mainEntityOfPage\":{\"@id\":\"https:\\\/\\\/diariotextual.com\\\/inicio\\\/index.php\\\/2021\\\/07\\\/02\\\/alberto-fernandez-firmo-un-dnu-para-adquirir-vacunas-de-pfizer-moderna-y-janssen\\\/\"},\"wordCount\":512,\"publisher\":{\"@id\":\"https:\\\/\\\/diariotextual.com\\\/inicio\\\/#organization\"},\"image\":{\"@id\":\"https:\\\/\\\/diariotextual.com\\\/inicio\\\/index.php\\\/2021\\\/07\\\/02\\\/alberto-fernandez-firmo-un-dnu-para-adquirir-vacunas-de-pfizer-moderna-y-janssen\\\/#primaryimage\"},\"thumbnailUrl\":\"https:\\\/\\\/diariotextual.com\\\/inicio\\\/wp-content\\\/uploads\\\/2021\\\/07\\\/fernandezalbertotelam2021-10.jpg\",\"keywords\":[\"covid\"],\"articleSection\":[\"A - PORTADA2\",\"SOCIEDAD\"],\"inLanguage\":\"es\"},{\"@type\":\"WebPage\",\"@id\":\"https:\\\/\\\/diariotextual.com\\\/inicio\\\/index.php\\\/2021\\\/07\\\/02\\\/alberto-fernandez-firmo-un-dnu-para-adquirir-vacunas-de-pfizer-moderna-y-janssen\\\/\",\"url\":\"https:\\\/\\\/diariotextual.com\\\/inicio\\\/index.php\\\/2021\\\/07\\\/02\\\/alberto-fernandez-firmo-un-dnu-para-adquirir-vacunas-de-pfizer-moderna-y-janssen\\\/\",\"name\":\"Alberto firm\u00f3 un DNU para traer la Pfizer y comprar dosis pedi\u00e1tricas - Diario Textual\",\"isPartOf\":{\"@id\":\"https:\\\/\\\/diariotextual.com\\\/inicio\\\/#website\"},\"primaryImageOfPage\":{\"@id\":\"https:\\\/\\\/diariotextual.com\\\/inicio\\\/index.php\\\/2021\\\/07\\\/02\\\/alberto-fernandez-firmo-un-dnu-para-adquirir-vacunas-de-pfizer-moderna-y-janssen\\\/#primaryimage\"},\"image\":{\"@id\":\"https:\\\/\\\/diariotextual.com\\\/inicio\\\/index.php\\\/2021\\\/07\\\/02\\\/alberto-fernandez-firmo-un-dnu-para-adquirir-vacunas-de-pfizer-moderna-y-janssen\\\/#primaryimage\"},\"thumbnailUrl\":\"https:\\\/\\\/diariotextual.com\\\/inicio\\\/wp-content\\\/uploads\\\/2021\\\/07\\\/fernandezalbertotelam2021-10.jpg\",\"datePublished\":\"2021-07-02T21:16:36+00:00\",\"dateModified\":\"2021-07-03T12:51:48+00:00\",\"breadcrumb\":{\"@id\":\"https:\\\/\\\/diariotextual.com\\\/inicio\\\/index.php\\\/2021\\\/07\\\/02\\\/alberto-fernandez-firmo-un-dnu-para-adquirir-vacunas-de-pfizer-moderna-y-janssen\\\/#breadcrumb\"},\"inLanguage\":\"es\",\"potentialAction\":[{\"@type\":\"ReadAction\",\"target\":[\"https:\\\/\\\/diariotextual.com\\\/inicio\\\/index.php\\\/2021\\\/07\\\/02\\\/alberto-fernandez-firmo-un-dnu-para-adquirir-vacunas-de-pfizer-moderna-y-janssen\\\/\"]}]},{\"@type\":\"ImageObject\",\"inLanguage\":\"es\",\"@id\":\"https:\\\/\\\/diariotextual.com\\\/inicio\\\/index.php\\\/2021\\\/07\\\/02\\\/alberto-fernandez-firmo-un-dnu-para-adquirir-vacunas-de-pfizer-moderna-y-janssen\\\/#primaryimage\",\"url\":\"https:\\\/\\\/diariotextual.com\\\/inicio\\\/wp-content\\\/uploads\\\/2021\\\/07\\\/fernandezalbertotelam2021-10.jpg\",\"contentUrl\":\"https:\\\/\\\/diariotextual.com\\\/inicio\\\/wp-content\\\/uploads\\\/2021\\\/07\\\/fernandezalbertotelam2021-10.jpg\",\"width\":940,\"height\":529},{\"@type\":\"BreadcrumbList\",\"@id\":\"https:\\\/\\\/diariotextual.com\\\/inicio\\\/index.php\\\/2021\\\/07\\\/02\\\/alberto-fernandez-firmo-un-dnu-para-adquirir-vacunas-de-pfizer-moderna-y-janssen\\\/#breadcrumb\",\"itemListElement\":[{\"@type\":\"ListItem\",\"position\":1,\"name\":\"Portada\",\"item\":\"https:\\\/\\\/diariotextual.com\\\/inicio\\\/\"},{\"@type\":\"ListItem\",\"position\":2,\"name\":\"Alberto firm\u00f3 un DNU para traer la Pfizer y comprar dosis pedi\u00e1tricas\"}]},{\"@type\":\"WebSite\",\"@id\":\"https:\\\/\\\/diariotextual.com\\\/inicio\\\/#website\",\"url\":\"https:\\\/\\\/diariotextual.com\\\/inicio\\\/\",\"name\":\"Diario Textual\",\"description\":\"\",\"publisher\":{\"@id\":\"https:\\\/\\\/diariotextual.com\\\/inicio\\\/#organization\"},\"potentialAction\":[{\"@type\":\"SearchAction\",\"target\":{\"@type\":\"EntryPoint\",\"urlTemplate\":\"https:\\\/\\\/diariotextual.com\\\/inicio\\\/?s={search_term_string}\"},\"query-input\":{\"@type\":\"PropertyValueSpecification\",\"valueRequired\":true,\"valueName\":\"search_term_string\"}}],\"inLanguage\":\"es\"},{\"@type\":\"Organization\",\"@id\":\"https:\\\/\\\/diariotextual.com\\\/inicio\\\/#organization\",\"name\":\"Diario Textual\",\"url\":\"https:\\\/\\\/diariotextual.com\\\/inicio\\\/\",\"logo\":{\"@type\":\"ImageObject\",\"inLanguage\":\"es\",\"@id\":\"https:\\\/\\\/diariotextual.com\\\/inicio\\\/#\\\/schema\\\/logo\\\/image\\\/\",\"url\":\"https:\\\/\\\/diariotextual.com\\\/inicio\\\/wp-content\\\/uploads\\\/2023\\\/05\\\/logotextual1.jpg\",\"contentUrl\":\"https:\\\/\\\/diariotextual.com\\\/inicio\\\/wp-content\\\/uploads\\\/2023\\\/05\\\/logotextual1.jpg\",\"width\":516,\"height\":76,\"caption\":\"Diario Textual\"},\"image\":{\"@id\":\"https:\\\/\\\/diariotextual.com\\\/inicio\\\/#\\\/schema\\\/logo\\\/image\\\/\"},\"sameAs\":[\"https:\\\/\\\/www.facebook.com\\\/eltextual\",\"https:\\\/\\\/x.com\\\/eltextual\",\"http:\\\/\\\/www.instagram.com\\\/eltextual\"]},{\"@type\":\"Person\",\"@id\":\"https:\\\/\\\/diariotextual.com\\\/inicio\\\/#\\\/schema\\\/person\\\/418fc4093c33e86ed41562db3508f958\",\"name\":\"Diario1 Diario1\",\"image\":{\"@type\":\"ImageObject\",\"inLanguage\":\"es\",\"@id\":\"https:\\\/\\\/secure.gravatar.com\\\/avatar\\\/9167d280179c85bc18be67aa7eda765854300033af4896dd779b608640f2ef7a?s=96&d=mm&r=g\",\"url\":\"https:\\\/\\\/secure.gravatar.com\\\/avatar\\\/9167d280179c85bc18be67aa7eda765854300033af4896dd779b608640f2ef7a?s=96&d=mm&r=g\",\"contentUrl\":\"https:\\\/\\\/secure.gravatar.com\\\/avatar\\\/9167d280179c85bc18be67aa7eda765854300033af4896dd779b608640f2ef7a?s=96&d=mm&r=g\",\"caption\":\"Diario1 Diario1\"},\"url\":\"https:\\\/\\\/diariotextual.com\\\/inicio\\\/index.php\\\/author\\\/diario1\\\/\"}]}<\/script>\n<!-- \/ Yoast SEO plugin. -->","yoast_head_json":{"title":"Alberto firm\u00f3 un DNU para traer la Pfizer y comprar dosis pedi\u00e1tricas - Diario Textual","robots":{"index":"index","follow":"follow","max-snippet":"max-snippet:-1","max-image-preview":"max-image-preview:large","max-video-preview":"max-video-preview:-1"},"canonical":"https:\/\/diariotextual.com\/inicio\/index.php\/2021\/07\/02\/alberto-fernandez-firmo-un-dnu-para-adquirir-vacunas-de-pfizer-moderna-y-janssen\/","og_locale":"es_ES","og_type":"article","og_title":"Alberto firm\u00f3 un DNU para traer la Pfizer y comprar dosis pedi\u00e1tricas - Diario Textual","og_description":"El Gobierno nacional anunci\u00f3 hoy una modificaci\u00f3n clave a la ley de vacunas -v\u00eda decreto de necesidad y urgencia- para destrabar los cortocircuitos legales que impiden cerrar un acuerdo con&hellip;","og_url":"https:\/\/diariotextual.com\/inicio\/index.php\/2021\/07\/02\/alberto-fernandez-firmo-un-dnu-para-adquirir-vacunas-de-pfizer-moderna-y-janssen\/","og_site_name":"Diario Textual","article_publisher":"https:\/\/www.facebook.com\/eltextual","article_published_time":"2021-07-02T21:16:36+00:00","article_modified_time":"2021-07-03T12:51:48+00:00","og_image":[{"width":940,"height":529,"url":"https:\/\/diariotextual.com\/inicio\/wp-content\/uploads\/2021\/07\/fernandezalbertotelam2021-10.jpg","type":"image\/jpeg"}],"author":"Diario1 Diario1","twitter_card":"summary_large_image","twitter_creator":"@eltextual","twitter_site":"@eltextual","twitter_misc":{"Escrito por":"Diario1 Diario1","Tiempo de lectura":"3 minutos"},"schema":{"@context":"https:\/\/schema.org","@graph":[{"@type":"Article","@id":"https:\/\/diariotextual.com\/inicio\/index.php\/2021\/07\/02\/alberto-fernandez-firmo-un-dnu-para-adquirir-vacunas-de-pfizer-moderna-y-janssen\/#article","isPartOf":{"@id":"https:\/\/diariotextual.com\/inicio\/index.php\/2021\/07\/02\/alberto-fernandez-firmo-un-dnu-para-adquirir-vacunas-de-pfizer-moderna-y-janssen\/"},"author":{"name":"Diario1 Diario1","@id":"https:\/\/diariotextual.com\/inicio\/#\/schema\/person\/418fc4093c33e86ed41562db3508f958"},"headline":"Alberto firm\u00f3 un DNU para traer la Pfizer y comprar dosis pedi\u00e1tricas","datePublished":"2021-07-02T21:16:36+00:00","dateModified":"2021-07-03T12:51:48+00:00","mainEntityOfPage":{"@id":"https:\/\/diariotextual.com\/inicio\/index.php\/2021\/07\/02\/alberto-fernandez-firmo-un-dnu-para-adquirir-vacunas-de-pfizer-moderna-y-janssen\/"},"wordCount":512,"publisher":{"@id":"https:\/\/diariotextual.com\/inicio\/#organization"},"image":{"@id":"https:\/\/diariotextual.com\/inicio\/index.php\/2021\/07\/02\/alberto-fernandez-firmo-un-dnu-para-adquirir-vacunas-de-pfizer-moderna-y-janssen\/#primaryimage"},"thumbnailUrl":"https:\/\/diariotextual.com\/inicio\/wp-content\/uploads\/2021\/07\/fernandezalbertotelam2021-10.jpg","keywords":["covid"],"articleSection":["A - PORTADA2","SOCIEDAD"],"inLanguage":"es"},{"@type":"WebPage","@id":"https:\/\/diariotextual.com\/inicio\/index.php\/2021\/07\/02\/alberto-fernandez-firmo-un-dnu-para-adquirir-vacunas-de-pfizer-moderna-y-janssen\/","url":"https:\/\/diariotextual.com\/inicio\/index.php\/2021\/07\/02\/alberto-fernandez-firmo-un-dnu-para-adquirir-vacunas-de-pfizer-moderna-y-janssen\/","name":"Alberto firm\u00f3 un DNU para traer la Pfizer y comprar dosis pedi\u00e1tricas - Diario Textual","isPartOf":{"@id":"https:\/\/diariotextual.com\/inicio\/#website"},"primaryImageOfPage":{"@id":"https:\/\/diariotextual.com\/inicio\/index.php\/2021\/07\/02\/alberto-fernandez-firmo-un-dnu-para-adquirir-vacunas-de-pfizer-moderna-y-janssen\/#primaryimage"},"image":{"@id":"https:\/\/diariotextual.com\/inicio\/index.php\/2021\/07\/02\/alberto-fernandez-firmo-un-dnu-para-adquirir-vacunas-de-pfizer-moderna-y-janssen\/#primaryimage"},"thumbnailUrl":"https:\/\/diariotextual.com\/inicio\/wp-content\/uploads\/2021\/07\/fernandezalbertotelam2021-10.jpg","datePublished":"2021-07-02T21:16:36+00:00","dateModified":"2021-07-03T12:51:48+00:00","breadcrumb":{"@id":"https:\/\/diariotextual.com\/inicio\/index.php\/2021\/07\/02\/alberto-fernandez-firmo-un-dnu-para-adquirir-vacunas-de-pfizer-moderna-y-janssen\/#breadcrumb"},"inLanguage":"es","potentialAction":[{"@type":"ReadAction","target":["https:\/\/diariotextual.com\/inicio\/index.php\/2021\/07\/02\/alberto-fernandez-firmo-un-dnu-para-adquirir-vacunas-de-pfizer-moderna-y-janssen\/"]}]},{"@type":"ImageObject","inLanguage":"es","@id":"https:\/\/diariotextual.com\/inicio\/index.php\/2021\/07\/02\/alberto-fernandez-firmo-un-dnu-para-adquirir-vacunas-de-pfizer-moderna-y-janssen\/#primaryimage","url":"https:\/\/diariotextual.com\/inicio\/wp-content\/uploads\/2021\/07\/fernandezalbertotelam2021-10.jpg","contentUrl":"https:\/\/diariotextual.com\/inicio\/wp-content\/uploads\/2021\/07\/fernandezalbertotelam2021-10.jpg","width":940,"height":529},{"@type":"BreadcrumbList","@id":"https:\/\/diariotextual.com\/inicio\/index.php\/2021\/07\/02\/alberto-fernandez-firmo-un-dnu-para-adquirir-vacunas-de-pfizer-moderna-y-janssen\/#breadcrumb","itemListElement":[{"@type":"ListItem","position":1,"name":"Portada","item":"https:\/\/diariotextual.com\/inicio\/"},{"@type":"ListItem","position":2,"name":"Alberto firm\u00f3 un DNU para traer la Pfizer y comprar dosis pedi\u00e1tricas"}]},{"@type":"WebSite","@id":"https:\/\/diariotextual.com\/inicio\/#website","url":"https:\/\/diariotextual.com\/inicio\/","name":"Diario Textual","description":"","publisher":{"@id":"https:\/\/diariotextual.com\/inicio\/#organization"},"potentialAction":[{"@type":"SearchAction","target":{"@type":"EntryPoint","urlTemplate":"https:\/\/diariotextual.com\/inicio\/?s={search_term_string}"},"query-input":{"@type":"PropertyValueSpecification","valueRequired":true,"valueName":"search_term_string"}}],"inLanguage":"es"},{"@type":"Organization","@id":"https:\/\/diariotextual.com\/inicio\/#organization","name":"Diario Textual","url":"https:\/\/diariotextual.com\/inicio\/","logo":{"@type":"ImageObject","inLanguage":"es","@id":"https:\/\/diariotextual.com\/inicio\/#\/schema\/logo\/image\/","url":"https:\/\/diariotextual.com\/inicio\/wp-content\/uploads\/2023\/05\/logotextual1.jpg","contentUrl":"https:\/\/diariotextual.com\/inicio\/wp-content\/uploads\/2023\/05\/logotextual1.jpg","width":516,"height":76,"caption":"Diario Textual"},"image":{"@id":"https:\/\/diariotextual.com\/inicio\/#\/schema\/logo\/image\/"},"sameAs":["https:\/\/www.facebook.com\/eltextual","https:\/\/x.com\/eltextual","http:\/\/www.instagram.com\/eltextual"]},{"@type":"Person","@id":"https:\/\/diariotextual.com\/inicio\/#\/schema\/person\/418fc4093c33e86ed41562db3508f958","name":"Diario1 Diario1","image":{"@type":"ImageObject","inLanguage":"es","@id":"https:\/\/secure.gravatar.com\/avatar\/9167d280179c85bc18be67aa7eda765854300033af4896dd779b608640f2ef7a?s=96&d=mm&r=g","url":"https:\/\/secure.gravatar.com\/avatar\/9167d280179c85bc18be67aa7eda765854300033af4896dd779b608640f2ef7a?s=96&d=mm&r=g","contentUrl":"https:\/\/secure.gravatar.com\/avatar\/9167d280179c85bc18be67aa7eda765854300033af4896dd779b608640f2ef7a?s=96&d=mm&r=g","caption":"Diario1 Diario1"},"url":"https:\/\/diariotextual.com\/inicio\/index.php\/author\/diario1\/"}]}},"_links":{"self":[{"href":"https:\/\/diariotextual.com\/inicio\/index.php\/wp-json\/wp\/v2\/posts\/152526","targetHints":{"allow":["GET"]}}],"collection":[{"href":"https:\/\/diariotextual.com\/inicio\/index.php\/wp-json\/wp\/v2\/posts"}],"about":[{"href":"https:\/\/diariotextual.com\/inicio\/index.php\/wp-json\/wp\/v2\/types\/post"}],"author":[{"embeddable":true,"href":"https:\/\/diariotextual.com\/inicio\/index.php\/wp-json\/wp\/v2\/users\/3"}],"replies":[{"embeddable":true,"href":"https:\/\/diariotextual.com\/inicio\/index.php\/wp-json\/wp\/v2\/comments?post=152526"}],"version-history":[{"count":8,"href":"https:\/\/diariotextual.com\/inicio\/index.php\/wp-json\/wp\/v2\/posts\/152526\/revisions"}],"predecessor-version":[{"id":152558,"href":"https:\/\/diariotextual.com\/inicio\/index.php\/wp-json\/wp\/v2\/posts\/152526\/revisions\/152558"}],"wp:featuredmedia":[{"embeddable":true,"href":"https:\/\/diariotextual.com\/inicio\/index.php\/wp-json\/wp\/v2\/media\/152477"}],"wp:attachment":[{"href":"https:\/\/diariotextual.com\/inicio\/index.php\/wp-json\/wp\/v2\/media?parent=152526"}],"wp:term":[{"taxonomy":"category","embeddable":true,"href":"https:\/\/diariotextual.com\/inicio\/index.php\/wp-json\/wp\/v2\/categories?post=152526"},{"taxonomy":"post_tag","embeddable":true,"href":"https:\/\/diariotextual.com\/inicio\/index.php\/wp-json\/wp\/v2\/tags?post=152526"}],"curies":[{"name":"wp","href":"https:\/\/api.w.org\/{rel}","templated":true}]}}