{"id":153360,"date":"2021-07-08T10:28:01","date_gmt":"2021-07-08T13:28:01","guid":{"rendered":"https:\/\/diariotextual.com\/inicio\/?p=153360"},"modified":"2021-07-08T10:55:01","modified_gmt":"2021-07-08T13:55:01","slug":"emprendedores-no-queremos-solo-vender-cortinas-queremos-ofrecer-soluciones","status":"publish","type":"post","link":"https:\/\/diariotextual.com\/inicio\/index.php\/2021\/07\/08\/emprendedores-no-queremos-solo-vender-cortinas-queremos-ofrecer-soluciones\/","title":{"rendered":"Emprendedores: \u201cNo queremos solo vender cortinas, queremos ofrecer soluciones\u201d"},"content":{"rendered":"\n<p><strong>Juan Carlos Weigel <\/strong>y <strong>Daniel Silva<\/strong> son amigos y socios. Hace siete a\u00f1os que se dedican al rubro de las cortinas y telas, en Santa Rosa y la zona.<\/p>\n\n\n\n<p>Son due\u00f1os de <strong><a href=\"http:\/\/www.stopsuncortinas.com.ar\/\" target=\"_blank\" rel=\"noreferrer noopener\">StopSun<\/a><\/strong>. \u201c<strong>Como objetivo principal nos propusimos ,desde el primer momento, no solamente vender un producto: no queremos solo vender cortinas, queremos ofrecer soluciones\u201d<\/strong>, cuenta Weigel. \u201cHace un tiempo vimos, con el uso de las aberturas de PVC y aluminio la necesidad de poder ofrecer una soluci\u00f3n r\u00e1pida, eficaz y sobre todo moderna, ya que estas reemplazar\u00edan las persianas y postigos, hab\u00eda que detener el sol al igual que el frio (t\u00e9rmicas y ac\u00fasticas). Fue ah\u00ed que nuestro negocio empez\u00f3 a rodar, cortinas roller blackout y sunscreen (es decir, las microperforadas)\u201d.<\/p>\n\n\n\n<p>\u201cFueron a\u00f1os de puro aprendizaje, de inversi\u00f3n y de mucha constancia. Poco a poco la gente empez\u00f3 a conocernos\u201d, dice, en tanto, Silva. \u201cComo siempre digo, la mejor publicidad es el boca en boca. De todas maneras, siempre apostamos al marketing digital, sabemos que, si no te ven, no exist\u00eds. Fue as\u00ed que fuimos sumando clientes y nuevas propuestas para ellos, empezamos a fabricar tambi\u00e9n mosquiteros en aluminio, la verdad una necesidad cada vez m\u00e1s notable en los hogares de todos los ciudadanos. La post venta es el eje troncal en este rubro, la gente necesita poder confiar, algo que hoy en d\u00eda cuesta much\u00edsimo\u201d.<\/p>\n\n\n\n<p>Weigel cuenta que, debido a la constante demanda y buena aceptaci\u00f3n por parte de la gente, decidieron poner su primer local al p\u00fablico en la calle Pasteur y Valerga. \u201cFue todo un desaf\u00edo y a la vez una alegr\u00eda enorme. Nac\u00eda f\u00edsicamente StopSun\u201d.<\/p>\n\n\n\n<p>\u201cLos a\u00f1os transcurrieron, con subidas y bajadas, pero siempre para adelante\u201d, relata. \u201cFuimos incorporando m\u00e1s tecnolog\u00eda, m\u00e1s variedad de cortinas y lo mejor de todo clientes satisfechos, que nos dejaban m\u00e1s que felices con sus agradecimientos y buena onda. Despu\u00e9s de todo, es lo que m\u00e1s valor tiene\u201d.<\/p>\n\n\n\n<p>Recientemente pegaron un salto m\u00e1s y se mudaron a un local m\u00e1s grande y c\u00f3modo, en <strong>Autonomista 1496 esquina circunvalaci\u00f3n Santiago Marzo<\/strong>, de Santa Rosa. \u201cQueremos que la gente venga, se sienta a gusto, que tenga mas espacio y sobre todo un lugar de f\u00e1cil acceso y llegada\u201d, dice Juan. \u201cSiempre decimos que la visita al local va a ser retribuida con otra visita, pero esta \u00faltima es la nuestra al domicilio para instalar esas cortinas que tanto deseaban\u201d.<\/p>\n\n\n\n<figure class=\"wp-block-gallery columns-2 is-cropped wp-block-gallery-1 is-layout-flex wp-block-gallery-is-layout-flex\"><ul class=\"blocks-gallery-grid\"><li class=\"blocks-gallery-item\"><figure><img fetchpriority=\"high\" decoding=\"async\" width=\"1024\" height=\"768\" src=\"https:\/\/diariotextual.com\/inicio\/wp-content\/uploads\/2021\/07\/stopsuncortinas2021-2-1024x768.jpeg\" alt=\"\" data-id=\"153362\" data-full-url=\"https:\/\/diariotextual.com\/inicio\/wp-content\/uploads\/2021\/07\/stopsuncortinas2021-2.jpeg\" data-link=\"https:\/\/diariotextual.com\/inicio\/?attachment_id=153362\" class=\"wp-image-153362\" srcset=\"https:\/\/diariotextual.com\/inicio\/wp-content\/uploads\/2021\/07\/stopsuncortinas2021-2-1024x768.jpeg 1024w, https:\/\/diariotextual.com\/inicio\/wp-content\/uploads\/2021\/07\/stopsuncortinas2021-2-300x225.jpeg 300w, https:\/\/diariotextual.com\/inicio\/wp-content\/uploads\/2021\/07\/stopsuncortinas2021-2-768x576.jpeg 768w, https:\/\/diariotextual.com\/inicio\/wp-content\/uploads\/2021\/07\/stopsuncortinas2021-2-585x439.jpeg 585w, https:\/\/diariotextual.com\/inicio\/wp-content\/uploads\/2021\/07\/stopsuncortinas2021-2.jpeg 1158w\" sizes=\"(max-width: 1024px) 100vw, 1024px\" \/><\/figure><\/li><li class=\"blocks-gallery-item\"><figure><img decoding=\"async\" width=\"1024\" height=\"768\" src=\"https:\/\/diariotextual.com\/inicio\/wp-content\/uploads\/2021\/07\/stopsuncortinas2021-3-1024x768.jpeg\" alt=\"\" data-id=\"153361\" data-full-url=\"https:\/\/diariotextual.com\/inicio\/wp-content\/uploads\/2021\/07\/stopsuncortinas2021-3.jpeg\" data-link=\"https:\/\/diariotextual.com\/inicio\/?attachment_id=153361\" class=\"wp-image-153361\" srcset=\"https:\/\/diariotextual.com\/inicio\/wp-content\/uploads\/2021\/07\/stopsuncortinas2021-3-1024x768.jpeg 1024w, https:\/\/diariotextual.com\/inicio\/wp-content\/uploads\/2021\/07\/stopsuncortinas2021-3-300x225.jpeg 300w, https:\/\/diariotextual.com\/inicio\/wp-content\/uploads\/2021\/07\/stopsuncortinas2021-3-768x576.jpeg 768w, https:\/\/diariotextual.com\/inicio\/wp-content\/uploads\/2021\/07\/stopsuncortinas2021-3-1170x878.jpeg 1170w, https:\/\/diariotextual.com\/inicio\/wp-content\/uploads\/2021\/07\/stopsuncortinas2021-3-585x439.jpeg 585w, https:\/\/diariotextual.com\/inicio\/wp-content\/uploads\/2021\/07\/stopsuncortinas2021-3.jpeg 1280w\" sizes=\"(max-width: 1024px) 100vw, 1024px\" \/><\/figure><\/li><\/ul><\/figure>\n","protected":false},"excerpt":{"rendered":"<p>Juan Carlos Weigel y Daniel Silva son amigos y socios. Hace siete a\u00f1os que se dedican al rubro de las cortinas y telas, en Santa Rosa y la zona. Son&hellip;<\/p>\n","protected":false},"author":3,"featured_media":153363,"comment_status":"closed","ping_status":"open","sticky":false,"template":"","format":"standard","meta":{"_acf_changed":false,"footnotes":""},"categories":[10,12],"tags":[],"class_list":["post-153360","post","type-post","status-publish","format-standard","has-post-thumbnail","hentry","category-portada-2","category-sociedad"],"acf":[],"yoast_head":"<!-- This site is optimized with the Yoast SEO plugin v27.5 - https:\/\/yoast.com\/product\/yoast-seo-wordpress\/ -->\n<title>Emprendedores: \u201cNo queremos solo vender cortinas, queremos ofrecer soluciones\u201d - Diario Textual<\/title>\n<meta name=\"robots\" content=\"index, follow, max-snippet:-1, max-image-preview:large, max-video-preview:-1\" \/>\n<link rel=\"canonical\" href=\"https:\/\/diariotextual.com\/inicio\/index.php\/2021\/07\/08\/emprendedores-no-queremos-solo-vender-cortinas-queremos-ofrecer-soluciones\/\" \/>\n<meta property=\"og:locale\" content=\"es_ES\" \/>\n<meta property=\"og:type\" content=\"article\" \/>\n<meta property=\"og:title\" content=\"Emprendedores: \u201cNo queremos solo vender cortinas, queremos ofrecer soluciones\u201d - Diario Textual\" \/>\n<meta property=\"og:description\" content=\"Juan Carlos Weigel y Daniel Silva son amigos y socios. Hace siete a\u00f1os que se dedican al rubro de las cortinas y telas, en Santa Rosa y la zona. Son&hellip;\" \/>\n<meta property=\"og:url\" content=\"https:\/\/diariotextual.com\/inicio\/index.php\/2021\/07\/08\/emprendedores-no-queremos-solo-vender-cortinas-queremos-ofrecer-soluciones\/\" \/>\n<meta property=\"og:site_name\" content=\"Diario Textual\" \/>\n<meta property=\"article:publisher\" content=\"https:\/\/www.facebook.com\/eltextual\" \/>\n<meta property=\"article:published_time\" content=\"2021-07-08T13:28:01+00:00\" \/>\n<meta property=\"article:modified_time\" content=\"2021-07-08T13:55:01+00:00\" \/>\n<meta property=\"og:image\" content=\"https:\/\/diariotextual.com\/inicio\/wp-content\/uploads\/2021\/07\/stopsuncortinas2021-1.jpeg\" \/>\n\t<meta property=\"og:image:width\" content=\"1280\" \/>\n\t<meta property=\"og:image:height\" content=\"955\" \/>\n\t<meta property=\"og:image:type\" content=\"image\/jpeg\" \/>\n<meta name=\"author\" content=\"Diario1 Diario1\" \/>\n<meta name=\"twitter:card\" content=\"summary_large_image\" \/>\n<meta name=\"twitter:creator\" content=\"@eltextual\" \/>\n<meta name=\"twitter:site\" content=\"@eltextual\" \/>\n<meta name=\"twitter:label1\" content=\"Escrito por\" \/>\n\t<meta name=\"twitter:data1\" content=\"Diario1 Diario1\" \/>\n\t<meta name=\"twitter:label2\" content=\"Tiempo de lectura\" \/>\n\t<meta name=\"twitter:data2\" content=\"3 minutos\" \/>\n<script type=\"application\/ld+json\" class=\"yoast-schema-graph\">{\"@context\":\"https:\\\/\\\/schema.org\",\"@graph\":[{\"@type\":\"Article\",\"@id\":\"https:\\\/\\\/diariotextual.com\\\/inicio\\\/index.php\\\/2021\\\/07\\\/08\\\/emprendedores-no-queremos-solo-vender-cortinas-queremos-ofrecer-soluciones\\\/#article\",\"isPartOf\":{\"@id\":\"https:\\\/\\\/diariotextual.com\\\/inicio\\\/index.php\\\/2021\\\/07\\\/08\\\/emprendedores-no-queremos-solo-vender-cortinas-queremos-ofrecer-soluciones\\\/\"},\"author\":{\"name\":\"Diario1 Diario1\",\"@id\":\"https:\\\/\\\/diariotextual.com\\\/inicio\\\/#\\\/schema\\\/person\\\/418fc4093c33e86ed41562db3508f958\"},\"headline\":\"Emprendedores: \u201cNo queremos solo vender cortinas, queremos ofrecer soluciones\u201d\",\"datePublished\":\"2021-07-08T13:28:01+00:00\",\"dateModified\":\"2021-07-08T13:55:01+00:00\",\"mainEntityOfPage\":{\"@id\":\"https:\\\/\\\/diariotextual.com\\\/inicio\\\/index.php\\\/2021\\\/07\\\/08\\\/emprendedores-no-queremos-solo-vender-cortinas-queremos-ofrecer-soluciones\\\/\"},\"wordCount\":438,\"publisher\":{\"@id\":\"https:\\\/\\\/diariotextual.com\\\/inicio\\\/#organization\"},\"image\":{\"@id\":\"https:\\\/\\\/diariotextual.com\\\/inicio\\\/index.php\\\/2021\\\/07\\\/08\\\/emprendedores-no-queremos-solo-vender-cortinas-queremos-ofrecer-soluciones\\\/#primaryimage\"},\"thumbnailUrl\":\"https:\\\/\\\/diariotextual.com\\\/inicio\\\/wp-content\\\/uploads\\\/2021\\\/07\\\/stopsuncortinas2021-1.jpeg\",\"articleSection\":[\"A - PORTADA2\",\"SOCIEDAD\"],\"inLanguage\":\"es\"},{\"@type\":\"WebPage\",\"@id\":\"https:\\\/\\\/diariotextual.com\\\/inicio\\\/index.php\\\/2021\\\/07\\\/08\\\/emprendedores-no-queremos-solo-vender-cortinas-queremos-ofrecer-soluciones\\\/\",\"url\":\"https:\\\/\\\/diariotextual.com\\\/inicio\\\/index.php\\\/2021\\\/07\\\/08\\\/emprendedores-no-queremos-solo-vender-cortinas-queremos-ofrecer-soluciones\\\/\",\"name\":\"Emprendedores: \u201cNo queremos solo vender cortinas, queremos ofrecer soluciones\u201d - Diario Textual\",\"isPartOf\":{\"@id\":\"https:\\\/\\\/diariotextual.com\\\/inicio\\\/#website\"},\"primaryImageOfPage\":{\"@id\":\"https:\\\/\\\/diariotextual.com\\\/inicio\\\/index.php\\\/2021\\\/07\\\/08\\\/emprendedores-no-queremos-solo-vender-cortinas-queremos-ofrecer-soluciones\\\/#primaryimage\"},\"image\":{\"@id\":\"https:\\\/\\\/diariotextual.com\\\/inicio\\\/index.php\\\/2021\\\/07\\\/08\\\/emprendedores-no-queremos-solo-vender-cortinas-queremos-ofrecer-soluciones\\\/#primaryimage\"},\"thumbnailUrl\":\"https:\\\/\\\/diariotextual.com\\\/inicio\\\/wp-content\\\/uploads\\\/2021\\\/07\\\/stopsuncortinas2021-1.jpeg\",\"datePublished\":\"2021-07-08T13:28:01+00:00\",\"dateModified\":\"2021-07-08T13:55:01+00:00\",\"breadcrumb\":{\"@id\":\"https:\\\/\\\/diariotextual.com\\\/inicio\\\/index.php\\\/2021\\\/07\\\/08\\\/emprendedores-no-queremos-solo-vender-cortinas-queremos-ofrecer-soluciones\\\/#breadcrumb\"},\"inLanguage\":\"es\",\"potentialAction\":[{\"@type\":\"ReadAction\",\"target\":[\"https:\\\/\\\/diariotextual.com\\\/inicio\\\/index.php\\\/2021\\\/07\\\/08\\\/emprendedores-no-queremos-solo-vender-cortinas-queremos-ofrecer-soluciones\\\/\"]}]},{\"@type\":\"ImageObject\",\"inLanguage\":\"es\",\"@id\":\"https:\\\/\\\/diariotextual.com\\\/inicio\\\/index.php\\\/2021\\\/07\\\/08\\\/emprendedores-no-queremos-solo-vender-cortinas-queremos-ofrecer-soluciones\\\/#primaryimage\",\"url\":\"https:\\\/\\\/diariotextual.com\\\/inicio\\\/wp-content\\\/uploads\\\/2021\\\/07\\\/stopsuncortinas2021-1.jpeg\",\"contentUrl\":\"https:\\\/\\\/diariotextual.com\\\/inicio\\\/wp-content\\\/uploads\\\/2021\\\/07\\\/stopsuncortinas2021-1.jpeg\",\"width\":1280,\"height\":955},{\"@type\":\"BreadcrumbList\",\"@id\":\"https:\\\/\\\/diariotextual.com\\\/inicio\\\/index.php\\\/2021\\\/07\\\/08\\\/emprendedores-no-queremos-solo-vender-cortinas-queremos-ofrecer-soluciones\\\/#breadcrumb\",\"itemListElement\":[{\"@type\":\"ListItem\",\"position\":1,\"name\":\"Portada\",\"item\":\"https:\\\/\\\/diariotextual.com\\\/inicio\\\/\"},{\"@type\":\"ListItem\",\"position\":2,\"name\":\"Emprendedores: \u201cNo queremos solo vender cortinas, queremos ofrecer soluciones\u201d\"}]},{\"@type\":\"WebSite\",\"@id\":\"https:\\\/\\\/diariotextual.com\\\/inicio\\\/#website\",\"url\":\"https:\\\/\\\/diariotextual.com\\\/inicio\\\/\",\"name\":\"Diario Textual\",\"description\":\"\",\"publisher\":{\"@id\":\"https:\\\/\\\/diariotextual.com\\\/inicio\\\/#organization\"},\"potentialAction\":[{\"@type\":\"SearchAction\",\"target\":{\"@type\":\"EntryPoint\",\"urlTemplate\":\"https:\\\/\\\/diariotextual.com\\\/inicio\\\/?s={search_term_string}\"},\"query-input\":{\"@type\":\"PropertyValueSpecification\",\"valueRequired\":true,\"valueName\":\"search_term_string\"}}],\"inLanguage\":\"es\"},{\"@type\":\"Organization\",\"@id\":\"https:\\\/\\\/diariotextual.com\\\/inicio\\\/#organization\",\"name\":\"Diario Textual\",\"url\":\"https:\\\/\\\/diariotextual.com\\\/inicio\\\/\",\"logo\":{\"@type\":\"ImageObject\",\"inLanguage\":\"es\",\"@id\":\"https:\\\/\\\/diariotextual.com\\\/inicio\\\/#\\\/schema\\\/logo\\\/image\\\/\",\"url\":\"https:\\\/\\\/diariotextual.com\\\/inicio\\\/wp-content\\\/uploads\\\/2023\\\/05\\\/logotextual1.jpg\",\"contentUrl\":\"https:\\\/\\\/diariotextual.com\\\/inicio\\\/wp-content\\\/uploads\\\/2023\\\/05\\\/logotextual1.jpg\",\"width\":516,\"height\":76,\"caption\":\"Diario Textual\"},\"image\":{\"@id\":\"https:\\\/\\\/diariotextual.com\\\/inicio\\\/#\\\/schema\\\/logo\\\/image\\\/\"},\"sameAs\":[\"https:\\\/\\\/www.facebook.com\\\/eltextual\",\"https:\\\/\\\/x.com\\\/eltextual\",\"http:\\\/\\\/www.instagram.com\\\/eltextual\"]},{\"@type\":\"Person\",\"@id\":\"https:\\\/\\\/diariotextual.com\\\/inicio\\\/#\\\/schema\\\/person\\\/418fc4093c33e86ed41562db3508f958\",\"name\":\"Diario1 Diario1\",\"image\":{\"@type\":\"ImageObject\",\"inLanguage\":\"es\",\"@id\":\"https:\\\/\\\/secure.gravatar.com\\\/avatar\\\/9167d280179c85bc18be67aa7eda765854300033af4896dd779b608640f2ef7a?s=96&d=mm&r=g\",\"url\":\"https:\\\/\\\/secure.gravatar.com\\\/avatar\\\/9167d280179c85bc18be67aa7eda765854300033af4896dd779b608640f2ef7a?s=96&d=mm&r=g\",\"contentUrl\":\"https:\\\/\\\/secure.gravatar.com\\\/avatar\\\/9167d280179c85bc18be67aa7eda765854300033af4896dd779b608640f2ef7a?s=96&d=mm&r=g\",\"caption\":\"Diario1 Diario1\"},\"url\":\"https:\\\/\\\/diariotextual.com\\\/inicio\\\/index.php\\\/author\\\/diario1\\\/\"}]}<\/script>\n<!-- \/ Yoast SEO plugin. -->","yoast_head_json":{"title":"Emprendedores: \u201cNo queremos solo vender cortinas, queremos ofrecer soluciones\u201d - Diario Textual","robots":{"index":"index","follow":"follow","max-snippet":"max-snippet:-1","max-image-preview":"max-image-preview:large","max-video-preview":"max-video-preview:-1"},"canonical":"https:\/\/diariotextual.com\/inicio\/index.php\/2021\/07\/08\/emprendedores-no-queremos-solo-vender-cortinas-queremos-ofrecer-soluciones\/","og_locale":"es_ES","og_type":"article","og_title":"Emprendedores: \u201cNo queremos solo vender cortinas, queremos ofrecer soluciones\u201d - Diario Textual","og_description":"Juan Carlos Weigel y Daniel Silva son amigos y socios. Hace siete a\u00f1os que se dedican al rubro de las cortinas y telas, en Santa Rosa y la zona. Son&hellip;","og_url":"https:\/\/diariotextual.com\/inicio\/index.php\/2021\/07\/08\/emprendedores-no-queremos-solo-vender-cortinas-queremos-ofrecer-soluciones\/","og_site_name":"Diario Textual","article_publisher":"https:\/\/www.facebook.com\/eltextual","article_published_time":"2021-07-08T13:28:01+00:00","article_modified_time":"2021-07-08T13:55:01+00:00","og_image":[{"width":1280,"height":955,"url":"https:\/\/diariotextual.com\/inicio\/wp-content\/uploads\/2021\/07\/stopsuncortinas2021-1.jpeg","type":"image\/jpeg"}],"author":"Diario1 Diario1","twitter_card":"summary_large_image","twitter_creator":"@eltextual","twitter_site":"@eltextual","twitter_misc":{"Escrito por":"Diario1 Diario1","Tiempo de lectura":"3 minutos"},"schema":{"@context":"https:\/\/schema.org","@graph":[{"@type":"Article","@id":"https:\/\/diariotextual.com\/inicio\/index.php\/2021\/07\/08\/emprendedores-no-queremos-solo-vender-cortinas-queremos-ofrecer-soluciones\/#article","isPartOf":{"@id":"https:\/\/diariotextual.com\/inicio\/index.php\/2021\/07\/08\/emprendedores-no-queremos-solo-vender-cortinas-queremos-ofrecer-soluciones\/"},"author":{"name":"Diario1 Diario1","@id":"https:\/\/diariotextual.com\/inicio\/#\/schema\/person\/418fc4093c33e86ed41562db3508f958"},"headline":"Emprendedores: \u201cNo queremos solo vender cortinas, queremos ofrecer soluciones\u201d","datePublished":"2021-07-08T13:28:01+00:00","dateModified":"2021-07-08T13:55:01+00:00","mainEntityOfPage":{"@id":"https:\/\/diariotextual.com\/inicio\/index.php\/2021\/07\/08\/emprendedores-no-queremos-solo-vender-cortinas-queremos-ofrecer-soluciones\/"},"wordCount":438,"publisher":{"@id":"https:\/\/diariotextual.com\/inicio\/#organization"},"image":{"@id":"https:\/\/diariotextual.com\/inicio\/index.php\/2021\/07\/08\/emprendedores-no-queremos-solo-vender-cortinas-queremos-ofrecer-soluciones\/#primaryimage"},"thumbnailUrl":"https:\/\/diariotextual.com\/inicio\/wp-content\/uploads\/2021\/07\/stopsuncortinas2021-1.jpeg","articleSection":["A - PORTADA2","SOCIEDAD"],"inLanguage":"es"},{"@type":"WebPage","@id":"https:\/\/diariotextual.com\/inicio\/index.php\/2021\/07\/08\/emprendedores-no-queremos-solo-vender-cortinas-queremos-ofrecer-soluciones\/","url":"https:\/\/diariotextual.com\/inicio\/index.php\/2021\/07\/08\/emprendedores-no-queremos-solo-vender-cortinas-queremos-ofrecer-soluciones\/","name":"Emprendedores: \u201cNo queremos solo vender cortinas, queremos ofrecer soluciones\u201d - Diario Textual","isPartOf":{"@id":"https:\/\/diariotextual.com\/inicio\/#website"},"primaryImageOfPage":{"@id":"https:\/\/diariotextual.com\/inicio\/index.php\/2021\/07\/08\/emprendedores-no-queremos-solo-vender-cortinas-queremos-ofrecer-soluciones\/#primaryimage"},"image":{"@id":"https:\/\/diariotextual.com\/inicio\/index.php\/2021\/07\/08\/emprendedores-no-queremos-solo-vender-cortinas-queremos-ofrecer-soluciones\/#primaryimage"},"thumbnailUrl":"https:\/\/diariotextual.com\/inicio\/wp-content\/uploads\/2021\/07\/stopsuncortinas2021-1.jpeg","datePublished":"2021-07-08T13:28:01+00:00","dateModified":"2021-07-08T13:55:01+00:00","breadcrumb":{"@id":"https:\/\/diariotextual.com\/inicio\/index.php\/2021\/07\/08\/emprendedores-no-queremos-solo-vender-cortinas-queremos-ofrecer-soluciones\/#breadcrumb"},"inLanguage":"es","potentialAction":[{"@type":"ReadAction","target":["https:\/\/diariotextual.com\/inicio\/index.php\/2021\/07\/08\/emprendedores-no-queremos-solo-vender-cortinas-queremos-ofrecer-soluciones\/"]}]},{"@type":"ImageObject","inLanguage":"es","@id":"https:\/\/diariotextual.com\/inicio\/index.php\/2021\/07\/08\/emprendedores-no-queremos-solo-vender-cortinas-queremos-ofrecer-soluciones\/#primaryimage","url":"https:\/\/diariotextual.com\/inicio\/wp-content\/uploads\/2021\/07\/stopsuncortinas2021-1.jpeg","contentUrl":"https:\/\/diariotextual.com\/inicio\/wp-content\/uploads\/2021\/07\/stopsuncortinas2021-1.jpeg","width":1280,"height":955},{"@type":"BreadcrumbList","@id":"https:\/\/diariotextual.com\/inicio\/index.php\/2021\/07\/08\/emprendedores-no-queremos-solo-vender-cortinas-queremos-ofrecer-soluciones\/#breadcrumb","itemListElement":[{"@type":"ListItem","position":1,"name":"Portada","item":"https:\/\/diariotextual.com\/inicio\/"},{"@type":"ListItem","position":2,"name":"Emprendedores: \u201cNo queremos solo vender cortinas, queremos ofrecer soluciones\u201d"}]},{"@type":"WebSite","@id":"https:\/\/diariotextual.com\/inicio\/#website","url":"https:\/\/diariotextual.com\/inicio\/","name":"Diario Textual","description":"","publisher":{"@id":"https:\/\/diariotextual.com\/inicio\/#organization"},"potentialAction":[{"@type":"SearchAction","target":{"@type":"EntryPoint","urlTemplate":"https:\/\/diariotextual.com\/inicio\/?s={search_term_string}"},"query-input":{"@type":"PropertyValueSpecification","valueRequired":true,"valueName":"search_term_string"}}],"inLanguage":"es"},{"@type":"Organization","@id":"https:\/\/diariotextual.com\/inicio\/#organization","name":"Diario Textual","url":"https:\/\/diariotextual.com\/inicio\/","logo":{"@type":"ImageObject","inLanguage":"es","@id":"https:\/\/diariotextual.com\/inicio\/#\/schema\/logo\/image\/","url":"https:\/\/diariotextual.com\/inicio\/wp-content\/uploads\/2023\/05\/logotextual1.jpg","contentUrl":"https:\/\/diariotextual.com\/inicio\/wp-content\/uploads\/2023\/05\/logotextual1.jpg","width":516,"height":76,"caption":"Diario Textual"},"image":{"@id":"https:\/\/diariotextual.com\/inicio\/#\/schema\/logo\/image\/"},"sameAs":["https:\/\/www.facebook.com\/eltextual","https:\/\/x.com\/eltextual","http:\/\/www.instagram.com\/eltextual"]},{"@type":"Person","@id":"https:\/\/diariotextual.com\/inicio\/#\/schema\/person\/418fc4093c33e86ed41562db3508f958","name":"Diario1 Diario1","image":{"@type":"ImageObject","inLanguage":"es","@id":"https:\/\/secure.gravatar.com\/avatar\/9167d280179c85bc18be67aa7eda765854300033af4896dd779b608640f2ef7a?s=96&d=mm&r=g","url":"https:\/\/secure.gravatar.com\/avatar\/9167d280179c85bc18be67aa7eda765854300033af4896dd779b608640f2ef7a?s=96&d=mm&r=g","contentUrl":"https:\/\/secure.gravatar.com\/avatar\/9167d280179c85bc18be67aa7eda765854300033af4896dd779b608640f2ef7a?s=96&d=mm&r=g","caption":"Diario1 Diario1"},"url":"https:\/\/diariotextual.com\/inicio\/index.php\/author\/diario1\/"}]}},"_links":{"self":[{"href":"https:\/\/diariotextual.com\/inicio\/index.php\/wp-json\/wp\/v2\/posts\/153360","targetHints":{"allow":["GET"]}}],"collection":[{"href":"https:\/\/diariotextual.com\/inicio\/index.php\/wp-json\/wp\/v2\/posts"}],"about":[{"href":"https:\/\/diariotextual.com\/inicio\/index.php\/wp-json\/wp\/v2\/types\/post"}],"author":[{"embeddable":true,"href":"https:\/\/diariotextual.com\/inicio\/index.php\/wp-json\/wp\/v2\/users\/3"}],"replies":[{"embeddable":true,"href":"https:\/\/diariotextual.com\/inicio\/index.php\/wp-json\/wp\/v2\/comments?post=153360"}],"version-history":[{"count":8,"href":"https:\/\/diariotextual.com\/inicio\/index.php\/wp-json\/wp\/v2\/posts\/153360\/revisions"}],"predecessor-version":[{"id":153373,"href":"https:\/\/diariotextual.com\/inicio\/index.php\/wp-json\/wp\/v2\/posts\/153360\/revisions\/153373"}],"wp:featuredmedia":[{"embeddable":true,"href":"https:\/\/diariotextual.com\/inicio\/index.php\/wp-json\/wp\/v2\/media\/153363"}],"wp:attachment":[{"href":"https:\/\/diariotextual.com\/inicio\/index.php\/wp-json\/wp\/v2\/media?parent=153360"}],"wp:term":[{"taxonomy":"category","embeddable":true,"href":"https:\/\/diariotextual.com\/inicio\/index.php\/wp-json\/wp\/v2\/categories?post=153360"},{"taxonomy":"post_tag","embeddable":true,"href":"https:\/\/diariotextual.com\/inicio\/index.php\/wp-json\/wp\/v2\/tags?post=153360"}],"curies":[{"name":"wp","href":"https:\/\/api.w.org\/{rel}","templated":true}]}}