{"id":153400,"date":"2021-07-08T17:32:14","date_gmt":"2021-07-08T20:32:14","guid":{"rendered":"https:\/\/diariotextual.com\/inicio\/?p=153400"},"modified":"2021-07-08T20:25:52","modified_gmt":"2021-07-08T23:25:52","slug":"ziliotto-y-marin-se-reunen-para-cerrar-la-lista-con-lichy","status":"publish","type":"post","link":"https:\/\/diariotextual.com\/inicio\/index.php\/2021\/07\/08\/ziliotto-y-marin-se-reunen-para-cerrar-la-lista-con-lichy\/","title":{"rendered":"Ziliotto y Mar\u00edn se re\u00fanen para cerrar la lista con \u201cLichy\u201d"},"content":{"rendered":"\n<p>En las pr\u00f3ximas horas se espera un encuentro entre <strong>Sergio Ziliotto<\/strong>, el gobernador y presidente del PJ, con el l\u00edder de la l\u00ednea Convergencia Peronista, <strong>Rub\u00e9n Mar\u00edn<\/strong>, para<strong> terminar de cerrar la lista de candidatos a senadores y diputados nacionales del Frente de Todos<\/strong>, pudo saber <strong>Diario Textual<\/strong>. La mayor\u00eda del marinismo pretende que la postulante sea <strong>Varinia Lis \u201cLichy\u201d Mar\u00edn<\/strong>. Es un nombre que, tal como adelant\u00f3 este portal, tiene luz verde de Ziliotto.<br><\/p>\n\n\n\n<p>Los principales sectores del peronismo tendr\u00e1n un casillero en los cuatro lugares expectables que se ponen en juego. Se descuenta que los otros dos quedar\u00e1n en manos de la oposici\u00f3n.<br><\/p>\n\n\n\n<p>Ayer,<strong> se oficializ\u00f3 el nombre por parte de la l\u00ednea vernista Plural para encabezar la lista de senadores nacionales: Daniel Pablo Bensus\u00e1n<\/strong>, ministro de Gobierno.<br><\/p>\n\n\n\n<p>Adem\u00e1s, <strong>este jueves La C\u00e1mpora confirm\u00f3 en sus redes sociales que lleva a Mar\u00eda Luz Alonso como segunda candidata a senadora<\/strong>. Actualmente es secretaria administrativa del Senado nacional, al lado de Cristina Fern\u00e1ndez.<br><\/p>\n\n\n\n<p>En tanto, <strong>el sector de Compromiso Peronista propone a Ariel Rauschenberger<\/strong>. Es exministro de Hacienda y actual diputado nacional. Va por la re.<br><\/p>\n\n\n\n<p>A su vez,<strong> solo falta que Convergencia ponga sobre la mesa a su candidata. <\/strong>La interna est\u00e1 dificultando un acuerdo, lo que <strong>inquieta a Ziliotto, <\/strong>que pretende cerrar r\u00e1pidamente una lista.<br><\/p>\n\n\n\n<p><strong>Es falso, como han publicado algunos medios, que \u201cLichy\u201d haya dicho que \u201cno\u201d<\/strong>, dijeron en Convergencia a Diario Textual. Pero todo queda supeditado a lo que definan Ziliotto y Mar\u00edn que, entre otros puntos, <strong>deben sopesar el perfil que pretenden y la falta de postulantes de Pico y la zona<\/strong>. \u201cLa reuni\u00f3n, creemos, no pasa de este viernes\u201d, contaron.<\/p>\n\n\n\n<p><\/p>\n","protected":false},"excerpt":{"rendered":"<p>En las pr\u00f3ximas horas se espera un encuentro entre Sergio Ziliotto, el gobernador y presidente del PJ, con el l\u00edder de la l\u00ednea Convergencia Peronista, Rub\u00e9n Mar\u00edn, para terminar de&hellip;<\/p>\n","protected":false},"author":3,"featured_media":153120,"comment_status":"closed","ping_status":"open","sticky":false,"template":"","format":"standard","meta":{"_acf_changed":false,"footnotes":""},"categories":[10,8],"tags":[5783],"class_list":["post-153400","post","type-post","status-publish","format-standard","has-post-thumbnail","hentry","category-portada-2","category-politica","tag-varinia"],"acf":[],"yoast_head":"<!-- This site is optimized with the Yoast SEO plugin v27.5 - https:\/\/yoast.com\/product\/yoast-seo-wordpress\/ -->\n<title>Ziliotto y Mar\u00edn se re\u00fanen para cerrar la lista con \u201cLichy\u201d - Diario Textual<\/title>\n<meta name=\"robots\" content=\"index, follow, max-snippet:-1, max-image-preview:large, max-video-preview:-1\" \/>\n<link rel=\"canonical\" href=\"https:\/\/diariotextual.com\/inicio\/index.php\/2021\/07\/08\/ziliotto-y-marin-se-reunen-para-cerrar-la-lista-con-lichy\/\" \/>\n<meta property=\"og:locale\" content=\"es_ES\" \/>\n<meta property=\"og:type\" content=\"article\" \/>\n<meta property=\"og:title\" content=\"Ziliotto y Mar\u00edn se re\u00fanen para cerrar la lista con \u201cLichy\u201d - Diario Textual\" \/>\n<meta property=\"og:description\" content=\"En las pr\u00f3ximas horas se espera un encuentro entre Sergio Ziliotto, el gobernador y presidente del PJ, con el l\u00edder de la l\u00ednea Convergencia Peronista, Rub\u00e9n Mar\u00edn, para terminar de&hellip;\" \/>\n<meta property=\"og:url\" content=\"https:\/\/diariotextual.com\/inicio\/index.php\/2021\/07\/08\/ziliotto-y-marin-se-reunen-para-cerrar-la-lista-con-lichy\/\" \/>\n<meta property=\"og:site_name\" content=\"Diario Textual\" \/>\n<meta property=\"article:publisher\" content=\"https:\/\/www.facebook.com\/eltextual\" \/>\n<meta property=\"article:published_time\" content=\"2021-07-08T20:32:14+00:00\" \/>\n<meta property=\"article:modified_time\" content=\"2021-07-08T23:25:52+00:00\" \/>\n<meta property=\"og:image\" content=\"https:\/\/diariotextual.com\/inicio\/wp-content\/uploads\/2021\/07\/marinvarinialislichy2021-1-scaled.jpg\" \/>\n\t<meta property=\"og:image:width\" content=\"2560\" \/>\n\t<meta property=\"og:image:height\" content=\"1595\" \/>\n\t<meta property=\"og:image:type\" content=\"image\/jpeg\" \/>\n<meta name=\"author\" content=\"Diario1 Diario1\" \/>\n<meta name=\"twitter:card\" content=\"summary_large_image\" \/>\n<meta name=\"twitter:creator\" content=\"@eltextual\" \/>\n<meta name=\"twitter:site\" content=\"@eltextual\" \/>\n<meta name=\"twitter:label1\" content=\"Escrito por\" \/>\n\t<meta name=\"twitter:data1\" content=\"Diario1 Diario1\" \/>\n\t<meta name=\"twitter:label2\" content=\"Tiempo de lectura\" \/>\n\t<meta name=\"twitter:data2\" content=\"2 minutos\" \/>\n<script type=\"application\/ld+json\" class=\"yoast-schema-graph\">{\"@context\":\"https:\\\/\\\/schema.org\",\"@graph\":[{\"@type\":\"Article\",\"@id\":\"https:\\\/\\\/diariotextual.com\\\/inicio\\\/index.php\\\/2021\\\/07\\\/08\\\/ziliotto-y-marin-se-reunen-para-cerrar-la-lista-con-lichy\\\/#article\",\"isPartOf\":{\"@id\":\"https:\\\/\\\/diariotextual.com\\\/inicio\\\/index.php\\\/2021\\\/07\\\/08\\\/ziliotto-y-marin-se-reunen-para-cerrar-la-lista-con-lichy\\\/\"},\"author\":{\"name\":\"Diario1 Diario1\",\"@id\":\"https:\\\/\\\/diariotextual.com\\\/inicio\\\/#\\\/schema\\\/person\\\/418fc4093c33e86ed41562db3508f958\"},\"headline\":\"Ziliotto y Mar\u00edn se re\u00fanen para cerrar la lista con \u201cLichy\u201d\",\"datePublished\":\"2021-07-08T20:32:14+00:00\",\"dateModified\":\"2021-07-08T23:25:52+00:00\",\"mainEntityOfPage\":{\"@id\":\"https:\\\/\\\/diariotextual.com\\\/inicio\\\/index.php\\\/2021\\\/07\\\/08\\\/ziliotto-y-marin-se-reunen-para-cerrar-la-lista-con-lichy\\\/\"},\"wordCount\":308,\"publisher\":{\"@id\":\"https:\\\/\\\/diariotextual.com\\\/inicio\\\/#organization\"},\"image\":{\"@id\":\"https:\\\/\\\/diariotextual.com\\\/inicio\\\/index.php\\\/2021\\\/07\\\/08\\\/ziliotto-y-marin-se-reunen-para-cerrar-la-lista-con-lichy\\\/#primaryimage\"},\"thumbnailUrl\":\"https:\\\/\\\/diariotextual.com\\\/inicio\\\/wp-content\\\/uploads\\\/2021\\\/07\\\/marinvarinialislichy2021-1-scaled.jpg\",\"keywords\":[\"varinia\"],\"articleSection\":[\"A - PORTADA2\",\"POLITICA\"],\"inLanguage\":\"es\"},{\"@type\":\"WebPage\",\"@id\":\"https:\\\/\\\/diariotextual.com\\\/inicio\\\/index.php\\\/2021\\\/07\\\/08\\\/ziliotto-y-marin-se-reunen-para-cerrar-la-lista-con-lichy\\\/\",\"url\":\"https:\\\/\\\/diariotextual.com\\\/inicio\\\/index.php\\\/2021\\\/07\\\/08\\\/ziliotto-y-marin-se-reunen-para-cerrar-la-lista-con-lichy\\\/\",\"name\":\"Ziliotto y Mar\u00edn se re\u00fanen para cerrar la lista con \u201cLichy\u201d - Diario Textual\",\"isPartOf\":{\"@id\":\"https:\\\/\\\/diariotextual.com\\\/inicio\\\/#website\"},\"primaryImageOfPage\":{\"@id\":\"https:\\\/\\\/diariotextual.com\\\/inicio\\\/index.php\\\/2021\\\/07\\\/08\\\/ziliotto-y-marin-se-reunen-para-cerrar-la-lista-con-lichy\\\/#primaryimage\"},\"image\":{\"@id\":\"https:\\\/\\\/diariotextual.com\\\/inicio\\\/index.php\\\/2021\\\/07\\\/08\\\/ziliotto-y-marin-se-reunen-para-cerrar-la-lista-con-lichy\\\/#primaryimage\"},\"thumbnailUrl\":\"https:\\\/\\\/diariotextual.com\\\/inicio\\\/wp-content\\\/uploads\\\/2021\\\/07\\\/marinvarinialislichy2021-1-scaled.jpg\",\"datePublished\":\"2021-07-08T20:32:14+00:00\",\"dateModified\":\"2021-07-08T23:25:52+00:00\",\"breadcrumb\":{\"@id\":\"https:\\\/\\\/diariotextual.com\\\/inicio\\\/index.php\\\/2021\\\/07\\\/08\\\/ziliotto-y-marin-se-reunen-para-cerrar-la-lista-con-lichy\\\/#breadcrumb\"},\"inLanguage\":\"es\",\"potentialAction\":[{\"@type\":\"ReadAction\",\"target\":[\"https:\\\/\\\/diariotextual.com\\\/inicio\\\/index.php\\\/2021\\\/07\\\/08\\\/ziliotto-y-marin-se-reunen-para-cerrar-la-lista-con-lichy\\\/\"]}]},{\"@type\":\"ImageObject\",\"inLanguage\":\"es\",\"@id\":\"https:\\\/\\\/diariotextual.com\\\/inicio\\\/index.php\\\/2021\\\/07\\\/08\\\/ziliotto-y-marin-se-reunen-para-cerrar-la-lista-con-lichy\\\/#primaryimage\",\"url\":\"https:\\\/\\\/diariotextual.com\\\/inicio\\\/wp-content\\\/uploads\\\/2021\\\/07\\\/marinvarinialislichy2021-1-scaled.jpg\",\"contentUrl\":\"https:\\\/\\\/diariotextual.com\\\/inicio\\\/wp-content\\\/uploads\\\/2021\\\/07\\\/marinvarinialislichy2021-1-scaled.jpg\",\"width\":2560,\"height\":1595},{\"@type\":\"BreadcrumbList\",\"@id\":\"https:\\\/\\\/diariotextual.com\\\/inicio\\\/index.php\\\/2021\\\/07\\\/08\\\/ziliotto-y-marin-se-reunen-para-cerrar-la-lista-con-lichy\\\/#breadcrumb\",\"itemListElement\":[{\"@type\":\"ListItem\",\"position\":1,\"name\":\"Portada\",\"item\":\"https:\\\/\\\/diariotextual.com\\\/inicio\\\/\"},{\"@type\":\"ListItem\",\"position\":2,\"name\":\"Ziliotto y Mar\u00edn se re\u00fanen para cerrar la lista con \u201cLichy\u201d\"}]},{\"@type\":\"WebSite\",\"@id\":\"https:\\\/\\\/diariotextual.com\\\/inicio\\\/#website\",\"url\":\"https:\\\/\\\/diariotextual.com\\\/inicio\\\/\",\"name\":\"Diario Textual\",\"description\":\"\",\"publisher\":{\"@id\":\"https:\\\/\\\/diariotextual.com\\\/inicio\\\/#organization\"},\"potentialAction\":[{\"@type\":\"SearchAction\",\"target\":{\"@type\":\"EntryPoint\",\"urlTemplate\":\"https:\\\/\\\/diariotextual.com\\\/inicio\\\/?s={search_term_string}\"},\"query-input\":{\"@type\":\"PropertyValueSpecification\",\"valueRequired\":true,\"valueName\":\"search_term_string\"}}],\"inLanguage\":\"es\"},{\"@type\":\"Organization\",\"@id\":\"https:\\\/\\\/diariotextual.com\\\/inicio\\\/#organization\",\"name\":\"Diario Textual\",\"url\":\"https:\\\/\\\/diariotextual.com\\\/inicio\\\/\",\"logo\":{\"@type\":\"ImageObject\",\"inLanguage\":\"es\",\"@id\":\"https:\\\/\\\/diariotextual.com\\\/inicio\\\/#\\\/schema\\\/logo\\\/image\\\/\",\"url\":\"https:\\\/\\\/diariotextual.com\\\/inicio\\\/wp-content\\\/uploads\\\/2023\\\/05\\\/logotextual1.jpg\",\"contentUrl\":\"https:\\\/\\\/diariotextual.com\\\/inicio\\\/wp-content\\\/uploads\\\/2023\\\/05\\\/logotextual1.jpg\",\"width\":516,\"height\":76,\"caption\":\"Diario Textual\"},\"image\":{\"@id\":\"https:\\\/\\\/diariotextual.com\\\/inicio\\\/#\\\/schema\\\/logo\\\/image\\\/\"},\"sameAs\":[\"https:\\\/\\\/www.facebook.com\\\/eltextual\",\"https:\\\/\\\/x.com\\\/eltextual\",\"http:\\\/\\\/www.instagram.com\\\/eltextual\"]},{\"@type\":\"Person\",\"@id\":\"https:\\\/\\\/diariotextual.com\\\/inicio\\\/#\\\/schema\\\/person\\\/418fc4093c33e86ed41562db3508f958\",\"name\":\"Diario1 Diario1\",\"image\":{\"@type\":\"ImageObject\",\"inLanguage\":\"es\",\"@id\":\"https:\\\/\\\/secure.gravatar.com\\\/avatar\\\/9167d280179c85bc18be67aa7eda765854300033af4896dd779b608640f2ef7a?s=96&d=mm&r=g\",\"url\":\"https:\\\/\\\/secure.gravatar.com\\\/avatar\\\/9167d280179c85bc18be67aa7eda765854300033af4896dd779b608640f2ef7a?s=96&d=mm&r=g\",\"contentUrl\":\"https:\\\/\\\/secure.gravatar.com\\\/avatar\\\/9167d280179c85bc18be67aa7eda765854300033af4896dd779b608640f2ef7a?s=96&d=mm&r=g\",\"caption\":\"Diario1 Diario1\"},\"url\":\"https:\\\/\\\/diariotextual.com\\\/inicio\\\/index.php\\\/author\\\/diario1\\\/\"}]}<\/script>\n<!-- \/ Yoast SEO plugin. -->","yoast_head_json":{"title":"Ziliotto y Mar\u00edn se re\u00fanen para cerrar la lista con \u201cLichy\u201d - Diario Textual","robots":{"index":"index","follow":"follow","max-snippet":"max-snippet:-1","max-image-preview":"max-image-preview:large","max-video-preview":"max-video-preview:-1"},"canonical":"https:\/\/diariotextual.com\/inicio\/index.php\/2021\/07\/08\/ziliotto-y-marin-se-reunen-para-cerrar-la-lista-con-lichy\/","og_locale":"es_ES","og_type":"article","og_title":"Ziliotto y Mar\u00edn se re\u00fanen para cerrar la lista con \u201cLichy\u201d - Diario Textual","og_description":"En las pr\u00f3ximas horas se espera un encuentro entre Sergio Ziliotto, el gobernador y presidente del PJ, con el l\u00edder de la l\u00ednea Convergencia Peronista, Rub\u00e9n Mar\u00edn, para terminar de&hellip;","og_url":"https:\/\/diariotextual.com\/inicio\/index.php\/2021\/07\/08\/ziliotto-y-marin-se-reunen-para-cerrar-la-lista-con-lichy\/","og_site_name":"Diario Textual","article_publisher":"https:\/\/www.facebook.com\/eltextual","article_published_time":"2021-07-08T20:32:14+00:00","article_modified_time":"2021-07-08T23:25:52+00:00","og_image":[{"width":2560,"height":1595,"url":"https:\/\/diariotextual.com\/inicio\/wp-content\/uploads\/2021\/07\/marinvarinialislichy2021-1-scaled.jpg","type":"image\/jpeg"}],"author":"Diario1 Diario1","twitter_card":"summary_large_image","twitter_creator":"@eltextual","twitter_site":"@eltextual","twitter_misc":{"Escrito por":"Diario1 Diario1","Tiempo de lectura":"2 minutos"},"schema":{"@context":"https:\/\/schema.org","@graph":[{"@type":"Article","@id":"https:\/\/diariotextual.com\/inicio\/index.php\/2021\/07\/08\/ziliotto-y-marin-se-reunen-para-cerrar-la-lista-con-lichy\/#article","isPartOf":{"@id":"https:\/\/diariotextual.com\/inicio\/index.php\/2021\/07\/08\/ziliotto-y-marin-se-reunen-para-cerrar-la-lista-con-lichy\/"},"author":{"name":"Diario1 Diario1","@id":"https:\/\/diariotextual.com\/inicio\/#\/schema\/person\/418fc4093c33e86ed41562db3508f958"},"headline":"Ziliotto y Mar\u00edn se re\u00fanen para cerrar la lista con \u201cLichy\u201d","datePublished":"2021-07-08T20:32:14+00:00","dateModified":"2021-07-08T23:25:52+00:00","mainEntityOfPage":{"@id":"https:\/\/diariotextual.com\/inicio\/index.php\/2021\/07\/08\/ziliotto-y-marin-se-reunen-para-cerrar-la-lista-con-lichy\/"},"wordCount":308,"publisher":{"@id":"https:\/\/diariotextual.com\/inicio\/#organization"},"image":{"@id":"https:\/\/diariotextual.com\/inicio\/index.php\/2021\/07\/08\/ziliotto-y-marin-se-reunen-para-cerrar-la-lista-con-lichy\/#primaryimage"},"thumbnailUrl":"https:\/\/diariotextual.com\/inicio\/wp-content\/uploads\/2021\/07\/marinvarinialislichy2021-1-scaled.jpg","keywords":["varinia"],"articleSection":["A - PORTADA2","POLITICA"],"inLanguage":"es"},{"@type":"WebPage","@id":"https:\/\/diariotextual.com\/inicio\/index.php\/2021\/07\/08\/ziliotto-y-marin-se-reunen-para-cerrar-la-lista-con-lichy\/","url":"https:\/\/diariotextual.com\/inicio\/index.php\/2021\/07\/08\/ziliotto-y-marin-se-reunen-para-cerrar-la-lista-con-lichy\/","name":"Ziliotto y Mar\u00edn se re\u00fanen para cerrar la lista con \u201cLichy\u201d - Diario Textual","isPartOf":{"@id":"https:\/\/diariotextual.com\/inicio\/#website"},"primaryImageOfPage":{"@id":"https:\/\/diariotextual.com\/inicio\/index.php\/2021\/07\/08\/ziliotto-y-marin-se-reunen-para-cerrar-la-lista-con-lichy\/#primaryimage"},"image":{"@id":"https:\/\/diariotextual.com\/inicio\/index.php\/2021\/07\/08\/ziliotto-y-marin-se-reunen-para-cerrar-la-lista-con-lichy\/#primaryimage"},"thumbnailUrl":"https:\/\/diariotextual.com\/inicio\/wp-content\/uploads\/2021\/07\/marinvarinialislichy2021-1-scaled.jpg","datePublished":"2021-07-08T20:32:14+00:00","dateModified":"2021-07-08T23:25:52+00:00","breadcrumb":{"@id":"https:\/\/diariotextual.com\/inicio\/index.php\/2021\/07\/08\/ziliotto-y-marin-se-reunen-para-cerrar-la-lista-con-lichy\/#breadcrumb"},"inLanguage":"es","potentialAction":[{"@type":"ReadAction","target":["https:\/\/diariotextual.com\/inicio\/index.php\/2021\/07\/08\/ziliotto-y-marin-se-reunen-para-cerrar-la-lista-con-lichy\/"]}]},{"@type":"ImageObject","inLanguage":"es","@id":"https:\/\/diariotextual.com\/inicio\/index.php\/2021\/07\/08\/ziliotto-y-marin-se-reunen-para-cerrar-la-lista-con-lichy\/#primaryimage","url":"https:\/\/diariotextual.com\/inicio\/wp-content\/uploads\/2021\/07\/marinvarinialislichy2021-1-scaled.jpg","contentUrl":"https:\/\/diariotextual.com\/inicio\/wp-content\/uploads\/2021\/07\/marinvarinialislichy2021-1-scaled.jpg","width":2560,"height":1595},{"@type":"BreadcrumbList","@id":"https:\/\/diariotextual.com\/inicio\/index.php\/2021\/07\/08\/ziliotto-y-marin-se-reunen-para-cerrar-la-lista-con-lichy\/#breadcrumb","itemListElement":[{"@type":"ListItem","position":1,"name":"Portada","item":"https:\/\/diariotextual.com\/inicio\/"},{"@type":"ListItem","position":2,"name":"Ziliotto y Mar\u00edn se re\u00fanen para cerrar la lista con \u201cLichy\u201d"}]},{"@type":"WebSite","@id":"https:\/\/diariotextual.com\/inicio\/#website","url":"https:\/\/diariotextual.com\/inicio\/","name":"Diario Textual","description":"","publisher":{"@id":"https:\/\/diariotextual.com\/inicio\/#organization"},"potentialAction":[{"@type":"SearchAction","target":{"@type":"EntryPoint","urlTemplate":"https:\/\/diariotextual.com\/inicio\/?s={search_term_string}"},"query-input":{"@type":"PropertyValueSpecification","valueRequired":true,"valueName":"search_term_string"}}],"inLanguage":"es"},{"@type":"Organization","@id":"https:\/\/diariotextual.com\/inicio\/#organization","name":"Diario Textual","url":"https:\/\/diariotextual.com\/inicio\/","logo":{"@type":"ImageObject","inLanguage":"es","@id":"https:\/\/diariotextual.com\/inicio\/#\/schema\/logo\/image\/","url":"https:\/\/diariotextual.com\/inicio\/wp-content\/uploads\/2023\/05\/logotextual1.jpg","contentUrl":"https:\/\/diariotextual.com\/inicio\/wp-content\/uploads\/2023\/05\/logotextual1.jpg","width":516,"height":76,"caption":"Diario Textual"},"image":{"@id":"https:\/\/diariotextual.com\/inicio\/#\/schema\/logo\/image\/"},"sameAs":["https:\/\/www.facebook.com\/eltextual","https:\/\/x.com\/eltextual","http:\/\/www.instagram.com\/eltextual"]},{"@type":"Person","@id":"https:\/\/diariotextual.com\/inicio\/#\/schema\/person\/418fc4093c33e86ed41562db3508f958","name":"Diario1 Diario1","image":{"@type":"ImageObject","inLanguage":"es","@id":"https:\/\/secure.gravatar.com\/avatar\/9167d280179c85bc18be67aa7eda765854300033af4896dd779b608640f2ef7a?s=96&d=mm&r=g","url":"https:\/\/secure.gravatar.com\/avatar\/9167d280179c85bc18be67aa7eda765854300033af4896dd779b608640f2ef7a?s=96&d=mm&r=g","contentUrl":"https:\/\/secure.gravatar.com\/avatar\/9167d280179c85bc18be67aa7eda765854300033af4896dd779b608640f2ef7a?s=96&d=mm&r=g","caption":"Diario1 Diario1"},"url":"https:\/\/diariotextual.com\/inicio\/index.php\/author\/diario1\/"}]}},"_links":{"self":[{"href":"https:\/\/diariotextual.com\/inicio\/index.php\/wp-json\/wp\/v2\/posts\/153400","targetHints":{"allow":["GET"]}}],"collection":[{"href":"https:\/\/diariotextual.com\/inicio\/index.php\/wp-json\/wp\/v2\/posts"}],"about":[{"href":"https:\/\/diariotextual.com\/inicio\/index.php\/wp-json\/wp\/v2\/types\/post"}],"author":[{"embeddable":true,"href":"https:\/\/diariotextual.com\/inicio\/index.php\/wp-json\/wp\/v2\/users\/3"}],"replies":[{"embeddable":true,"href":"https:\/\/diariotextual.com\/inicio\/index.php\/wp-json\/wp\/v2\/comments?post=153400"}],"version-history":[{"count":3,"href":"https:\/\/diariotextual.com\/inicio\/index.php\/wp-json\/wp\/v2\/posts\/153400\/revisions"}],"predecessor-version":[{"id":153403,"href":"https:\/\/diariotextual.com\/inicio\/index.php\/wp-json\/wp\/v2\/posts\/153400\/revisions\/153403"}],"wp:featuredmedia":[{"embeddable":true,"href":"https:\/\/diariotextual.com\/inicio\/index.php\/wp-json\/wp\/v2\/media\/153120"}],"wp:attachment":[{"href":"https:\/\/diariotextual.com\/inicio\/index.php\/wp-json\/wp\/v2\/media?parent=153400"}],"wp:term":[{"taxonomy":"category","embeddable":true,"href":"https:\/\/diariotextual.com\/inicio\/index.php\/wp-json\/wp\/v2\/categories?post=153400"},{"taxonomy":"post_tag","embeddable":true,"href":"https:\/\/diariotextual.com\/inicio\/index.php\/wp-json\/wp\/v2\/tags?post=153400"}],"curies":[{"name":"wp","href":"https:\/\/api.w.org\/{rel}","templated":true}]}}