{"id":153554,"date":"2021-07-10T18:44:00","date_gmt":"2021-07-10T21:44:00","guid":{"rendered":"https:\/\/diariotextual.com\/inicio\/?p=153554"},"modified":"2021-07-10T22:55:27","modified_gmt":"2021-07-11T01:55:27","slug":"covid-la-pampa-la-primera-provincia-en-alcanzar-el-50-de-vacunacion-con-una-dosis-de-toda-su-poblacion","status":"publish","type":"post","link":"https:\/\/diariotextual.com\/inicio\/index.php\/2021\/07\/10\/covid-la-pampa-la-primera-provincia-en-alcanzar-el-50-de-vacunacion-con-una-dosis-de-toda-su-poblacion\/","title":{"rendered":"Covid: La Pampa es la primera provincia en llegar con una dosis al 50% de toda su poblaci\u00f3n"},"content":{"rendered":"\n<p>La Pampa alcanz\u00f3 este s\u00e1bado<strong> un hito<\/strong> en su plan de vacunaci\u00f3n contra el coronavirus: ya<strong> logr\u00f3 vacunar con una dosis al 50 por ciento de toda su poblaci\u00f3n<\/strong>, que est\u00e1 estimada -porque no ha habido censo desde hace 11 a\u00f1os- en 358.400 personas.<br><\/p>\n\n\n\n<p>Seg\u00fan informaron fuentes sanitarias a Diario Textual, ya se aplicaron 180.139 primeras dosis, lo que significa el 50% de la poblaci\u00f3n. En tanto, con la segunda dosis se vacun\u00f3 a 52.424 personas.<\/p>\n\n\n\n<p>Hay otro dato: <strong>ya vacun\u00f3 contra el coronavirus al 62,08 por ciento <\/strong>de su poblaci\u00f3n total mayor de 18 a\u00f1os.<\/p>\n\n\n\n<p><strong>El personal de Salud est\u00e1 cerca de tener la cobertura completa con ambas dosis<\/strong>: hay un 100% con primera dosis (10.770 personas) y 83,39% (8.981) con la segunda.<\/p>\n\n\n\n<p>En&nbsp;<strong>Educaci\u00f3n<\/strong>, est\u00e1n cubiertas con una dosis el 58,48% (9.479 personas) y el 19,04% (3.086) con las dos. En la parte de&nbsp;<strong>Seguridad<\/strong>, tienen una dosis el 68,87% (3.130) y las dos el 5,28% (240).<\/p>\n\n\n\n<p><\/p>\n\n\n\n<p><\/p>\n","protected":false},"excerpt":{"rendered":"<p>La Pampa alcanz\u00f3 este s\u00e1bado un hito en su plan de vacunaci\u00f3n contra el coronavirus: ya logr\u00f3 vacunar con una dosis al 50 por ciento de toda su poblaci\u00f3n, que&hellip;<\/p>\n","protected":false},"author":3,"featured_media":132158,"comment_status":"closed","ping_status":"open","sticky":false,"template":"","format":"standard","meta":{"_acf_changed":false,"footnotes":""},"categories":[10,12],"tags":[1981],"class_list":["post-153554","post","type-post","status-publish","format-standard","has-post-thumbnail","hentry","category-portada-2","category-sociedad","tag-vacunas"],"acf":[],"yoast_head":"<!-- This site is optimized with the Yoast SEO plugin v27.5 - https:\/\/yoast.com\/product\/yoast-seo-wordpress\/ -->\n<title>Covid: La Pampa es la primera provincia en llegar con una dosis al 50% de toda su poblaci\u00f3n - Diario Textual<\/title>\n<meta name=\"robots\" content=\"index, follow, max-snippet:-1, max-image-preview:large, max-video-preview:-1\" \/>\n<link rel=\"canonical\" href=\"https:\/\/diariotextual.com\/inicio\/index.php\/2021\/07\/10\/covid-la-pampa-la-primera-provincia-en-alcanzar-el-50-de-vacunacion-con-una-dosis-de-toda-su-poblacion\/\" \/>\n<meta property=\"og:locale\" content=\"es_ES\" \/>\n<meta property=\"og:type\" content=\"article\" \/>\n<meta property=\"og:title\" content=\"Covid: La Pampa es la primera provincia en llegar con una dosis al 50% de toda su poblaci\u00f3n - Diario Textual\" \/>\n<meta property=\"og:description\" content=\"La Pampa alcanz\u00f3 este s\u00e1bado un hito en su plan de vacunaci\u00f3n contra el coronavirus: ya logr\u00f3 vacunar con una dosis al 50 por ciento de toda su poblaci\u00f3n, que&hellip;\" \/>\n<meta property=\"og:url\" content=\"https:\/\/diariotextual.com\/inicio\/index.php\/2021\/07\/10\/covid-la-pampa-la-primera-provincia-en-alcanzar-el-50-de-vacunacion-con-una-dosis-de-toda-su-poblacion\/\" \/>\n<meta property=\"og:site_name\" content=\"Diario Textual\" \/>\n<meta property=\"article:publisher\" content=\"https:\/\/www.facebook.com\/eltextual\" \/>\n<meta property=\"article:published_time\" content=\"2021-07-10T21:44:00+00:00\" \/>\n<meta property=\"article:modified_time\" content=\"2021-07-11T01:55:27+00:00\" \/>\n<meta property=\"og:image\" content=\"https:\/\/diariotextual.com\/inicio\/wp-content\/uploads\/2021\/01\/coronavirussputniklapampavacunacion2021-000007777.jpeg\" \/>\n\t<meta property=\"og:image:width\" content=\"1280\" \/>\n\t<meta property=\"og:image:height\" content=\"720\" \/>\n\t<meta property=\"og:image:type\" content=\"image\/jpeg\" \/>\n<meta name=\"author\" content=\"Diario1 Diario1\" \/>\n<meta name=\"twitter:card\" content=\"summary_large_image\" \/>\n<meta name=\"twitter:creator\" content=\"@eltextual\" \/>\n<meta name=\"twitter:site\" content=\"@eltextual\" \/>\n<meta name=\"twitter:label1\" content=\"Escrito por\" \/>\n\t<meta name=\"twitter:data1\" content=\"Diario1 Diario1\" \/>\n\t<meta name=\"twitter:label2\" content=\"Tiempo de lectura\" \/>\n\t<meta name=\"twitter:data2\" content=\"1 minuto\" \/>\n<script type=\"application\/ld+json\" class=\"yoast-schema-graph\">{\"@context\":\"https:\\\/\\\/schema.org\",\"@graph\":[{\"@type\":\"Article\",\"@id\":\"https:\\\/\\\/diariotextual.com\\\/inicio\\\/index.php\\\/2021\\\/07\\\/10\\\/covid-la-pampa-la-primera-provincia-en-alcanzar-el-50-de-vacunacion-con-una-dosis-de-toda-su-poblacion\\\/#article\",\"isPartOf\":{\"@id\":\"https:\\\/\\\/diariotextual.com\\\/inicio\\\/index.php\\\/2021\\\/07\\\/10\\\/covid-la-pampa-la-primera-provincia-en-alcanzar-el-50-de-vacunacion-con-una-dosis-de-toda-su-poblacion\\\/\"},\"author\":{\"name\":\"Diario1 Diario1\",\"@id\":\"https:\\\/\\\/diariotextual.com\\\/inicio\\\/#\\\/schema\\\/person\\\/418fc4093c33e86ed41562db3508f958\"},\"headline\":\"Covid: La Pampa es la primera provincia en llegar con una dosis al 50% de toda su poblaci\u00f3n\",\"datePublished\":\"2021-07-10T21:44:00+00:00\",\"dateModified\":\"2021-07-11T01:55:27+00:00\",\"mainEntityOfPage\":{\"@id\":\"https:\\\/\\\/diariotextual.com\\\/inicio\\\/index.php\\\/2021\\\/07\\\/10\\\/covid-la-pampa-la-primera-provincia-en-alcanzar-el-50-de-vacunacion-con-una-dosis-de-toda-su-poblacion\\\/\"},\"wordCount\":169,\"publisher\":{\"@id\":\"https:\\\/\\\/diariotextual.com\\\/inicio\\\/#organization\"},\"image\":{\"@id\":\"https:\\\/\\\/diariotextual.com\\\/inicio\\\/index.php\\\/2021\\\/07\\\/10\\\/covid-la-pampa-la-primera-provincia-en-alcanzar-el-50-de-vacunacion-con-una-dosis-de-toda-su-poblacion\\\/#primaryimage\"},\"thumbnailUrl\":\"https:\\\/\\\/diariotextual.com\\\/inicio\\\/wp-content\\\/uploads\\\/2021\\\/01\\\/coronavirussputniklapampavacunacion2021-000007777.jpeg\",\"keywords\":[\"vacunas\"],\"articleSection\":[\"A - PORTADA2\",\"SOCIEDAD\"],\"inLanguage\":\"es\"},{\"@type\":\"WebPage\",\"@id\":\"https:\\\/\\\/diariotextual.com\\\/inicio\\\/index.php\\\/2021\\\/07\\\/10\\\/covid-la-pampa-la-primera-provincia-en-alcanzar-el-50-de-vacunacion-con-una-dosis-de-toda-su-poblacion\\\/\",\"url\":\"https:\\\/\\\/diariotextual.com\\\/inicio\\\/index.php\\\/2021\\\/07\\\/10\\\/covid-la-pampa-la-primera-provincia-en-alcanzar-el-50-de-vacunacion-con-una-dosis-de-toda-su-poblacion\\\/\",\"name\":\"Covid: La Pampa es la primera provincia en llegar con una dosis al 50% de toda su poblaci\u00f3n - Diario Textual\",\"isPartOf\":{\"@id\":\"https:\\\/\\\/diariotextual.com\\\/inicio\\\/#website\"},\"primaryImageOfPage\":{\"@id\":\"https:\\\/\\\/diariotextual.com\\\/inicio\\\/index.php\\\/2021\\\/07\\\/10\\\/covid-la-pampa-la-primera-provincia-en-alcanzar-el-50-de-vacunacion-con-una-dosis-de-toda-su-poblacion\\\/#primaryimage\"},\"image\":{\"@id\":\"https:\\\/\\\/diariotextual.com\\\/inicio\\\/index.php\\\/2021\\\/07\\\/10\\\/covid-la-pampa-la-primera-provincia-en-alcanzar-el-50-de-vacunacion-con-una-dosis-de-toda-su-poblacion\\\/#primaryimage\"},\"thumbnailUrl\":\"https:\\\/\\\/diariotextual.com\\\/inicio\\\/wp-content\\\/uploads\\\/2021\\\/01\\\/coronavirussputniklapampavacunacion2021-000007777.jpeg\",\"datePublished\":\"2021-07-10T21:44:00+00:00\",\"dateModified\":\"2021-07-11T01:55:27+00:00\",\"breadcrumb\":{\"@id\":\"https:\\\/\\\/diariotextual.com\\\/inicio\\\/index.php\\\/2021\\\/07\\\/10\\\/covid-la-pampa-la-primera-provincia-en-alcanzar-el-50-de-vacunacion-con-una-dosis-de-toda-su-poblacion\\\/#breadcrumb\"},\"inLanguage\":\"es\",\"potentialAction\":[{\"@type\":\"ReadAction\",\"target\":[\"https:\\\/\\\/diariotextual.com\\\/inicio\\\/index.php\\\/2021\\\/07\\\/10\\\/covid-la-pampa-la-primera-provincia-en-alcanzar-el-50-de-vacunacion-con-una-dosis-de-toda-su-poblacion\\\/\"]}]},{\"@type\":\"ImageObject\",\"inLanguage\":\"es\",\"@id\":\"https:\\\/\\\/diariotextual.com\\\/inicio\\\/index.php\\\/2021\\\/07\\\/10\\\/covid-la-pampa-la-primera-provincia-en-alcanzar-el-50-de-vacunacion-con-una-dosis-de-toda-su-poblacion\\\/#primaryimage\",\"url\":\"https:\\\/\\\/diariotextual.com\\\/inicio\\\/wp-content\\\/uploads\\\/2021\\\/01\\\/coronavirussputniklapampavacunacion2021-000007777.jpeg\",\"contentUrl\":\"https:\\\/\\\/diariotextual.com\\\/inicio\\\/wp-content\\\/uploads\\\/2021\\\/01\\\/coronavirussputniklapampavacunacion2021-000007777.jpeg\",\"width\":1280,\"height\":720},{\"@type\":\"BreadcrumbList\",\"@id\":\"https:\\\/\\\/diariotextual.com\\\/inicio\\\/index.php\\\/2021\\\/07\\\/10\\\/covid-la-pampa-la-primera-provincia-en-alcanzar-el-50-de-vacunacion-con-una-dosis-de-toda-su-poblacion\\\/#breadcrumb\",\"itemListElement\":[{\"@type\":\"ListItem\",\"position\":1,\"name\":\"Portada\",\"item\":\"https:\\\/\\\/diariotextual.com\\\/inicio\\\/\"},{\"@type\":\"ListItem\",\"position\":2,\"name\":\"Covid: La Pampa es la primera provincia en llegar con una dosis al 50% de toda su poblaci\u00f3n\"}]},{\"@type\":\"WebSite\",\"@id\":\"https:\\\/\\\/diariotextual.com\\\/inicio\\\/#website\",\"url\":\"https:\\\/\\\/diariotextual.com\\\/inicio\\\/\",\"name\":\"Diario Textual\",\"description\":\"\",\"publisher\":{\"@id\":\"https:\\\/\\\/diariotextual.com\\\/inicio\\\/#organization\"},\"potentialAction\":[{\"@type\":\"SearchAction\",\"target\":{\"@type\":\"EntryPoint\",\"urlTemplate\":\"https:\\\/\\\/diariotextual.com\\\/inicio\\\/?s={search_term_string}\"},\"query-input\":{\"@type\":\"PropertyValueSpecification\",\"valueRequired\":true,\"valueName\":\"search_term_string\"}}],\"inLanguage\":\"es\"},{\"@type\":\"Organization\",\"@id\":\"https:\\\/\\\/diariotextual.com\\\/inicio\\\/#organization\",\"name\":\"Diario Textual\",\"url\":\"https:\\\/\\\/diariotextual.com\\\/inicio\\\/\",\"logo\":{\"@type\":\"ImageObject\",\"inLanguage\":\"es\",\"@id\":\"https:\\\/\\\/diariotextual.com\\\/inicio\\\/#\\\/schema\\\/logo\\\/image\\\/\",\"url\":\"https:\\\/\\\/diariotextual.com\\\/inicio\\\/wp-content\\\/uploads\\\/2023\\\/05\\\/logotextual1.jpg\",\"contentUrl\":\"https:\\\/\\\/diariotextual.com\\\/inicio\\\/wp-content\\\/uploads\\\/2023\\\/05\\\/logotextual1.jpg\",\"width\":516,\"height\":76,\"caption\":\"Diario Textual\"},\"image\":{\"@id\":\"https:\\\/\\\/diariotextual.com\\\/inicio\\\/#\\\/schema\\\/logo\\\/image\\\/\"},\"sameAs\":[\"https:\\\/\\\/www.facebook.com\\\/eltextual\",\"https:\\\/\\\/x.com\\\/eltextual\",\"http:\\\/\\\/www.instagram.com\\\/eltextual\"]},{\"@type\":\"Person\",\"@id\":\"https:\\\/\\\/diariotextual.com\\\/inicio\\\/#\\\/schema\\\/person\\\/418fc4093c33e86ed41562db3508f958\",\"name\":\"Diario1 Diario1\",\"image\":{\"@type\":\"ImageObject\",\"inLanguage\":\"es\",\"@id\":\"https:\\\/\\\/secure.gravatar.com\\\/avatar\\\/9167d280179c85bc18be67aa7eda765854300033af4896dd779b608640f2ef7a?s=96&d=mm&r=g\",\"url\":\"https:\\\/\\\/secure.gravatar.com\\\/avatar\\\/9167d280179c85bc18be67aa7eda765854300033af4896dd779b608640f2ef7a?s=96&d=mm&r=g\",\"contentUrl\":\"https:\\\/\\\/secure.gravatar.com\\\/avatar\\\/9167d280179c85bc18be67aa7eda765854300033af4896dd779b608640f2ef7a?s=96&d=mm&r=g\",\"caption\":\"Diario1 Diario1\"},\"url\":\"https:\\\/\\\/diariotextual.com\\\/inicio\\\/index.php\\\/author\\\/diario1\\\/\"}]}<\/script>\n<!-- \/ Yoast SEO plugin. -->","yoast_head_json":{"title":"Covid: La Pampa es la primera provincia en llegar con una dosis al 50% de toda su poblaci\u00f3n - Diario Textual","robots":{"index":"index","follow":"follow","max-snippet":"max-snippet:-1","max-image-preview":"max-image-preview:large","max-video-preview":"max-video-preview:-1"},"canonical":"https:\/\/diariotextual.com\/inicio\/index.php\/2021\/07\/10\/covid-la-pampa-la-primera-provincia-en-alcanzar-el-50-de-vacunacion-con-una-dosis-de-toda-su-poblacion\/","og_locale":"es_ES","og_type":"article","og_title":"Covid: La Pampa es la primera provincia en llegar con una dosis al 50% de toda su poblaci\u00f3n - Diario Textual","og_description":"La Pampa alcanz\u00f3 este s\u00e1bado un hito en su plan de vacunaci\u00f3n contra el coronavirus: ya logr\u00f3 vacunar con una dosis al 50 por ciento de toda su poblaci\u00f3n, que&hellip;","og_url":"https:\/\/diariotextual.com\/inicio\/index.php\/2021\/07\/10\/covid-la-pampa-la-primera-provincia-en-alcanzar-el-50-de-vacunacion-con-una-dosis-de-toda-su-poblacion\/","og_site_name":"Diario Textual","article_publisher":"https:\/\/www.facebook.com\/eltextual","article_published_time":"2021-07-10T21:44:00+00:00","article_modified_time":"2021-07-11T01:55:27+00:00","og_image":[{"width":1280,"height":720,"url":"https:\/\/diariotextual.com\/inicio\/wp-content\/uploads\/2021\/01\/coronavirussputniklapampavacunacion2021-000007777.jpeg","type":"image\/jpeg"}],"author":"Diario1 Diario1","twitter_card":"summary_large_image","twitter_creator":"@eltextual","twitter_site":"@eltextual","twitter_misc":{"Escrito por":"Diario1 Diario1","Tiempo de lectura":"1 minuto"},"schema":{"@context":"https:\/\/schema.org","@graph":[{"@type":"Article","@id":"https:\/\/diariotextual.com\/inicio\/index.php\/2021\/07\/10\/covid-la-pampa-la-primera-provincia-en-alcanzar-el-50-de-vacunacion-con-una-dosis-de-toda-su-poblacion\/#article","isPartOf":{"@id":"https:\/\/diariotextual.com\/inicio\/index.php\/2021\/07\/10\/covid-la-pampa-la-primera-provincia-en-alcanzar-el-50-de-vacunacion-con-una-dosis-de-toda-su-poblacion\/"},"author":{"name":"Diario1 Diario1","@id":"https:\/\/diariotextual.com\/inicio\/#\/schema\/person\/418fc4093c33e86ed41562db3508f958"},"headline":"Covid: La Pampa es la primera provincia en llegar con una dosis al 50% de toda su poblaci\u00f3n","datePublished":"2021-07-10T21:44:00+00:00","dateModified":"2021-07-11T01:55:27+00:00","mainEntityOfPage":{"@id":"https:\/\/diariotextual.com\/inicio\/index.php\/2021\/07\/10\/covid-la-pampa-la-primera-provincia-en-alcanzar-el-50-de-vacunacion-con-una-dosis-de-toda-su-poblacion\/"},"wordCount":169,"publisher":{"@id":"https:\/\/diariotextual.com\/inicio\/#organization"},"image":{"@id":"https:\/\/diariotextual.com\/inicio\/index.php\/2021\/07\/10\/covid-la-pampa-la-primera-provincia-en-alcanzar-el-50-de-vacunacion-con-una-dosis-de-toda-su-poblacion\/#primaryimage"},"thumbnailUrl":"https:\/\/diariotextual.com\/inicio\/wp-content\/uploads\/2021\/01\/coronavirussputniklapampavacunacion2021-000007777.jpeg","keywords":["vacunas"],"articleSection":["A - PORTADA2","SOCIEDAD"],"inLanguage":"es"},{"@type":"WebPage","@id":"https:\/\/diariotextual.com\/inicio\/index.php\/2021\/07\/10\/covid-la-pampa-la-primera-provincia-en-alcanzar-el-50-de-vacunacion-con-una-dosis-de-toda-su-poblacion\/","url":"https:\/\/diariotextual.com\/inicio\/index.php\/2021\/07\/10\/covid-la-pampa-la-primera-provincia-en-alcanzar-el-50-de-vacunacion-con-una-dosis-de-toda-su-poblacion\/","name":"Covid: La Pampa es la primera provincia en llegar con una dosis al 50% de toda su poblaci\u00f3n - Diario Textual","isPartOf":{"@id":"https:\/\/diariotextual.com\/inicio\/#website"},"primaryImageOfPage":{"@id":"https:\/\/diariotextual.com\/inicio\/index.php\/2021\/07\/10\/covid-la-pampa-la-primera-provincia-en-alcanzar-el-50-de-vacunacion-con-una-dosis-de-toda-su-poblacion\/#primaryimage"},"image":{"@id":"https:\/\/diariotextual.com\/inicio\/index.php\/2021\/07\/10\/covid-la-pampa-la-primera-provincia-en-alcanzar-el-50-de-vacunacion-con-una-dosis-de-toda-su-poblacion\/#primaryimage"},"thumbnailUrl":"https:\/\/diariotextual.com\/inicio\/wp-content\/uploads\/2021\/01\/coronavirussputniklapampavacunacion2021-000007777.jpeg","datePublished":"2021-07-10T21:44:00+00:00","dateModified":"2021-07-11T01:55:27+00:00","breadcrumb":{"@id":"https:\/\/diariotextual.com\/inicio\/index.php\/2021\/07\/10\/covid-la-pampa-la-primera-provincia-en-alcanzar-el-50-de-vacunacion-con-una-dosis-de-toda-su-poblacion\/#breadcrumb"},"inLanguage":"es","potentialAction":[{"@type":"ReadAction","target":["https:\/\/diariotextual.com\/inicio\/index.php\/2021\/07\/10\/covid-la-pampa-la-primera-provincia-en-alcanzar-el-50-de-vacunacion-con-una-dosis-de-toda-su-poblacion\/"]}]},{"@type":"ImageObject","inLanguage":"es","@id":"https:\/\/diariotextual.com\/inicio\/index.php\/2021\/07\/10\/covid-la-pampa-la-primera-provincia-en-alcanzar-el-50-de-vacunacion-con-una-dosis-de-toda-su-poblacion\/#primaryimage","url":"https:\/\/diariotextual.com\/inicio\/wp-content\/uploads\/2021\/01\/coronavirussputniklapampavacunacion2021-000007777.jpeg","contentUrl":"https:\/\/diariotextual.com\/inicio\/wp-content\/uploads\/2021\/01\/coronavirussputniklapampavacunacion2021-000007777.jpeg","width":1280,"height":720},{"@type":"BreadcrumbList","@id":"https:\/\/diariotextual.com\/inicio\/index.php\/2021\/07\/10\/covid-la-pampa-la-primera-provincia-en-alcanzar-el-50-de-vacunacion-con-una-dosis-de-toda-su-poblacion\/#breadcrumb","itemListElement":[{"@type":"ListItem","position":1,"name":"Portada","item":"https:\/\/diariotextual.com\/inicio\/"},{"@type":"ListItem","position":2,"name":"Covid: La Pampa es la primera provincia en llegar con una dosis al 50% de toda su poblaci\u00f3n"}]},{"@type":"WebSite","@id":"https:\/\/diariotextual.com\/inicio\/#website","url":"https:\/\/diariotextual.com\/inicio\/","name":"Diario Textual","description":"","publisher":{"@id":"https:\/\/diariotextual.com\/inicio\/#organization"},"potentialAction":[{"@type":"SearchAction","target":{"@type":"EntryPoint","urlTemplate":"https:\/\/diariotextual.com\/inicio\/?s={search_term_string}"},"query-input":{"@type":"PropertyValueSpecification","valueRequired":true,"valueName":"search_term_string"}}],"inLanguage":"es"},{"@type":"Organization","@id":"https:\/\/diariotextual.com\/inicio\/#organization","name":"Diario Textual","url":"https:\/\/diariotextual.com\/inicio\/","logo":{"@type":"ImageObject","inLanguage":"es","@id":"https:\/\/diariotextual.com\/inicio\/#\/schema\/logo\/image\/","url":"https:\/\/diariotextual.com\/inicio\/wp-content\/uploads\/2023\/05\/logotextual1.jpg","contentUrl":"https:\/\/diariotextual.com\/inicio\/wp-content\/uploads\/2023\/05\/logotextual1.jpg","width":516,"height":76,"caption":"Diario Textual"},"image":{"@id":"https:\/\/diariotextual.com\/inicio\/#\/schema\/logo\/image\/"},"sameAs":["https:\/\/www.facebook.com\/eltextual","https:\/\/x.com\/eltextual","http:\/\/www.instagram.com\/eltextual"]},{"@type":"Person","@id":"https:\/\/diariotextual.com\/inicio\/#\/schema\/person\/418fc4093c33e86ed41562db3508f958","name":"Diario1 Diario1","image":{"@type":"ImageObject","inLanguage":"es","@id":"https:\/\/secure.gravatar.com\/avatar\/9167d280179c85bc18be67aa7eda765854300033af4896dd779b608640f2ef7a?s=96&d=mm&r=g","url":"https:\/\/secure.gravatar.com\/avatar\/9167d280179c85bc18be67aa7eda765854300033af4896dd779b608640f2ef7a?s=96&d=mm&r=g","contentUrl":"https:\/\/secure.gravatar.com\/avatar\/9167d280179c85bc18be67aa7eda765854300033af4896dd779b608640f2ef7a?s=96&d=mm&r=g","caption":"Diario1 Diario1"},"url":"https:\/\/diariotextual.com\/inicio\/index.php\/author\/diario1\/"}]}},"_links":{"self":[{"href":"https:\/\/diariotextual.com\/inicio\/index.php\/wp-json\/wp\/v2\/posts\/153554","targetHints":{"allow":["GET"]}}],"collection":[{"href":"https:\/\/diariotextual.com\/inicio\/index.php\/wp-json\/wp\/v2\/posts"}],"about":[{"href":"https:\/\/diariotextual.com\/inicio\/index.php\/wp-json\/wp\/v2\/types\/post"}],"author":[{"embeddable":true,"href":"https:\/\/diariotextual.com\/inicio\/index.php\/wp-json\/wp\/v2\/users\/3"}],"replies":[{"embeddable":true,"href":"https:\/\/diariotextual.com\/inicio\/index.php\/wp-json\/wp\/v2\/comments?post=153554"}],"version-history":[{"count":9,"href":"https:\/\/diariotextual.com\/inicio\/index.php\/wp-json\/wp\/v2\/posts\/153554\/revisions"}],"predecessor-version":[{"id":153605,"href":"https:\/\/diariotextual.com\/inicio\/index.php\/wp-json\/wp\/v2\/posts\/153554\/revisions\/153605"}],"wp:featuredmedia":[{"embeddable":true,"href":"https:\/\/diariotextual.com\/inicio\/index.php\/wp-json\/wp\/v2\/media\/132158"}],"wp:attachment":[{"href":"https:\/\/diariotextual.com\/inicio\/index.php\/wp-json\/wp\/v2\/media?parent=153554"}],"wp:term":[{"taxonomy":"category","embeddable":true,"href":"https:\/\/diariotextual.com\/inicio\/index.php\/wp-json\/wp\/v2\/categories?post=153554"},{"taxonomy":"post_tag","embeddable":true,"href":"https:\/\/diariotextual.com\/inicio\/index.php\/wp-json\/wp\/v2\/tags?post=153554"}],"curies":[{"name":"wp","href":"https:\/\/api.w.org\/{rel}","templated":true}]}}