{"id":153811,"date":"2021-07-12T20:04:31","date_gmt":"2021-07-12T23:04:31","guid":{"rendered":"https:\/\/diariotextual.com\/inicio\/?p=153811"},"modified":"2021-07-13T10:28:22","modified_gmt":"2021-07-13T13:28:22","slug":"lichy-marin-va-a-ser-la-primera-candidata-a-diputada-nacional","status":"publish","type":"post","link":"https:\/\/diariotextual.com\/inicio\/index.php\/2021\/07\/12\/lichy-marin-va-a-ser-la-primera-candidata-a-diputada-nacional\/","title":{"rendered":"\u00abLichy\u00bb Mar\u00edn se encamina a ser la primera candidata a diputada nacional"},"content":{"rendered":"\n<p><strong>Varinia Lis \u201cLichy\u201d Mar\u00edn <\/strong>se encamina a ser <strong>la primera candidata a diputada nacional <\/strong>por la lista del<strong> Frente de Todos,<\/strong> confirmaron este lunes fuentes partidarias a <strong>Diario Textual<\/strong>.<\/p>\n\n\n\n<p>La actual secretaria de la Legislatura provincial <strong>es la candidata que pone Convergencia Peronista<\/strong>, la l\u00ednea interna que tiene un recorrido de cuatro d\u00e9cadas.<\/p>\n\n\n\n<p>El fin de semana, pudo confirmar <strong>Diario Textual <\/strong>con voceros que lo hicieron bajo condici\u00f3n de off de r\u00e9cord, hubo conversaciones entre el gobernador<strong> Sergio Ziliotto<\/strong> y el cuatro veces mandatario<strong> Rub\u00e9n Mar\u00edn<\/strong>. En esos encuentros, Ziliotto -tal como<strong><a href=\"https:\/\/diariotextual.com\/inicio\/index.php\/2021\/07\/08\/la-lista-que-quiere-ziliotto-bensusan-luchy-alonso-rauschenberger-y-lichy-marin\/\" target=\"_blank\" rel=\"noreferrer noopener\"> hab\u00eda adelantado este portal la semana pasada<\/a><\/strong>&#8211; dijo que<strong> prefer\u00eda a \u201cLichy\u201d como postulante<\/strong>.<\/p>\n\n\n\n<p>La palabra del gobernador <strong>termin\u00f3 de convencer a los Mar\u00edn <\/strong>y al resto de los integrantes de la l\u00ednea -algunos de los cuales hab\u00edan sugerido otros nombres-.<\/p>\n\n\n\n<p>De todas maneras, <strong>\u00abLichy\u00bb a\u00fan espera una conversaci\u00f3n con Ziliotto<\/strong>, que se desarrollar\u00e1 este martes. Luego, <strong>se descuenta la confirmaci\u00f3n oficial. <\/strong>Posiblemente la realice el propio Ziliotto -en el rol de \u201cgran elector\u201d- o desde Convergencia.<\/p>\n\n\n\n<p>La <strong>indefinici\u00f3n<\/strong> de Convergencia hab\u00eda preocupado a Zililiotto que, incluso, observaba<strong> operaciones de prensa<\/strong> que hasta daban por cierto un supuesto rechazo de \u201cLichy\u201d a la postulaci\u00f3n. Pero eso era falso.<\/p>\n\n\n\n<p>La dirigente, por el momento, se ha mantenido en silencio. En las \u00faltimas horas regres\u00f3 desde C\u00f3rdoba, donde se encuentran estudiando sus dos hijas.<\/p>\n\n\n\n<p><strong>La lista del Frente de Todos contiene a los cuatro principales sectores del peronismo.<\/strong> Estar\u00e1 encabezada por el candidato a senador <strong><a href=\"https:\/\/diariotextual.com\/inicio\/index.php\/2021\/07\/07\/bensusan-subido-al-ring-hay-que-elegir-entre-dos-modelos\/\" target=\"_blank\" rel=\"noreferrer noopener\">Daniel Pablo Bensus\u00e1n<\/a> <\/strong>(propuesto por La Plural, luego de la ca\u00edda de Carlos Verna). Su compa\u00f1era de f\u00f3rmula ser\u00e1<strong> Mar\u00eda Luz \u201cLuchy\u201d Alonso<\/strong> (La C\u00e1mpora).<\/p>\n\n\n\n<p>En tanto, \u201cLichy\u201d encabezar\u00e1 la lista de diputados nacionales y ser\u00e1 acompa\u00f1ada por<strong> Ariel Rauschenberger <\/strong>(Compromiso). Este ya estaba confirmado, pero esperaba la definici\u00f3n de su compa\u00f1era de f\u00f3rmula para anunciarlo.<\/p>\n\n\n\n<figure class=\"wp-block-embed is-type-wp-embed is-provider-diario-textual wp-block-embed-diario-textual\"><div class=\"wp-block-embed__wrapper\">\n<blockquote class=\"wp-embedded-content\" data-secret=\"Hm2Ja7sssi\"><a href=\"https:\/\/diariotextual.com\/inicio\/index.php\/2021\/07\/12\/la-lista-de-todos-pampeana-con-la-marca-generacional\/\">La lista de Todos pampeana con la marca generacional<\/a><\/blockquote><iframe class=\"wp-embedded-content\" sandbox=\"allow-scripts\" security=\"restricted\" style=\"position: absolute; clip: rect(1px, 1px, 1px, 1px);\" title=\"\u00abLa lista de Todos pampeana con la marca generacional\u00bb \u2014 Diario Textual\" src=\"https:\/\/diariotextual.com\/inicio\/index.php\/2021\/07\/12\/la-lista-de-todos-pampeana-con-la-marca-generacional\/embed\/#?secret=Hm2Ja7sssi\" data-secret=\"Hm2Ja7sssi\" width=\"600\" height=\"338\" frameborder=\"0\" marginwidth=\"0\" marginheight=\"0\" scrolling=\"no\"><\/iframe>\n<\/div><\/figure>\n","protected":false},"excerpt":{"rendered":"<p>Varinia Lis \u201cLichy\u201d Mar\u00edn se encamina a ser la primera candidata a diputada nacional por la lista del Frente de Todos, confirmaron este lunes fuentes partidarias a Diario Textual. La&hellip;<\/p>\n","protected":false},"author":3,"featured_media":153120,"comment_status":"closed","ping_status":"open","sticky":false,"template":"","format":"standard","meta":{"_acf_changed":false,"footnotes":""},"categories":[319,8],"tags":[4928,271],"class_list":["post-153811","post","type-post","status-publish","format-standard","has-post-thumbnail","hentry","category-a-temporales","category-politica","tag-lichy","tag-marin"],"acf":[],"yoast_head":"<!-- This site is optimized with the Yoast SEO plugin v27.5 - https:\/\/yoast.com\/product\/yoast-seo-wordpress\/ -->\n<title>&quot;Lichy&quot; Mar\u00edn se encamina a ser la primera candidata a diputada nacional - Diario Textual<\/title>\n<meta name=\"robots\" content=\"index, follow, max-snippet:-1, max-image-preview:large, max-video-preview:-1\" \/>\n<link rel=\"canonical\" href=\"https:\/\/diariotextual.com\/inicio\/index.php\/2021\/07\/12\/lichy-marin-va-a-ser-la-primera-candidata-a-diputada-nacional\/\" \/>\n<meta property=\"og:locale\" content=\"es_ES\" \/>\n<meta property=\"og:type\" content=\"article\" \/>\n<meta property=\"og:title\" content=\"&quot;Lichy&quot; Mar\u00edn se encamina a ser la primera candidata a diputada nacional - Diario Textual\" \/>\n<meta property=\"og:description\" content=\"Varinia Lis \u201cLichy\u201d Mar\u00edn se encamina a ser la primera candidata a diputada nacional por la lista del Frente de Todos, confirmaron este lunes fuentes partidarias a Diario Textual. La&hellip;\" \/>\n<meta property=\"og:url\" content=\"https:\/\/diariotextual.com\/inicio\/index.php\/2021\/07\/12\/lichy-marin-va-a-ser-la-primera-candidata-a-diputada-nacional\/\" \/>\n<meta property=\"og:site_name\" content=\"Diario Textual\" \/>\n<meta property=\"article:publisher\" content=\"https:\/\/www.facebook.com\/eltextual\" \/>\n<meta property=\"article:published_time\" content=\"2021-07-12T23:04:31+00:00\" \/>\n<meta property=\"article:modified_time\" content=\"2021-07-13T13:28:22+00:00\" \/>\n<meta property=\"og:image\" content=\"https:\/\/diariotextual.com\/inicio\/wp-content\/uploads\/2021\/07\/marinvarinialislichy2021-1-scaled.jpg\" \/>\n\t<meta property=\"og:image:width\" content=\"2560\" \/>\n\t<meta property=\"og:image:height\" content=\"1595\" \/>\n\t<meta property=\"og:image:type\" content=\"image\/jpeg\" \/>\n<meta name=\"author\" content=\"Diario1 Diario1\" \/>\n<meta name=\"twitter:card\" content=\"summary_large_image\" \/>\n<meta name=\"twitter:creator\" content=\"@eltextual\" \/>\n<meta name=\"twitter:site\" content=\"@eltextual\" \/>\n<meta name=\"twitter:label1\" content=\"Escrito por\" \/>\n\t<meta name=\"twitter:data1\" content=\"Diario1 Diario1\" \/>\n\t<meta name=\"twitter:label2\" content=\"Tiempo de lectura\" \/>\n\t<meta name=\"twitter:data2\" content=\"2 minutos\" \/>\n<script type=\"application\/ld+json\" class=\"yoast-schema-graph\">{\"@context\":\"https:\\\/\\\/schema.org\",\"@graph\":[{\"@type\":\"Article\",\"@id\":\"https:\\\/\\\/diariotextual.com\\\/inicio\\\/index.php\\\/2021\\\/07\\\/12\\\/lichy-marin-va-a-ser-la-primera-candidata-a-diputada-nacional\\\/#article\",\"isPartOf\":{\"@id\":\"https:\\\/\\\/diariotextual.com\\\/inicio\\\/index.php\\\/2021\\\/07\\\/12\\\/lichy-marin-va-a-ser-la-primera-candidata-a-diputada-nacional\\\/\"},\"author\":{\"name\":\"Diario1 Diario1\",\"@id\":\"https:\\\/\\\/diariotextual.com\\\/inicio\\\/#\\\/schema\\\/person\\\/418fc4093c33e86ed41562db3508f958\"},\"headline\":\"\u00abLichy\u00bb Mar\u00edn se encamina a ser la primera candidata a diputada nacional\",\"datePublished\":\"2021-07-12T23:04:31+00:00\",\"dateModified\":\"2021-07-13T13:28:22+00:00\",\"mainEntityOfPage\":{\"@id\":\"https:\\\/\\\/diariotextual.com\\\/inicio\\\/index.php\\\/2021\\\/07\\\/12\\\/lichy-marin-va-a-ser-la-primera-candidata-a-diputada-nacional\\\/\"},\"wordCount\":352,\"publisher\":{\"@id\":\"https:\\\/\\\/diariotextual.com\\\/inicio\\\/#organization\"},\"image\":{\"@id\":\"https:\\\/\\\/diariotextual.com\\\/inicio\\\/index.php\\\/2021\\\/07\\\/12\\\/lichy-marin-va-a-ser-la-primera-candidata-a-diputada-nacional\\\/#primaryimage\"},\"thumbnailUrl\":\"https:\\\/\\\/diariotextual.com\\\/inicio\\\/wp-content\\\/uploads\\\/2021\\\/07\\\/marinvarinialislichy2021-1-scaled.jpg\",\"keywords\":[\"lichy\",\"marin\"],\"articleSection\":[\"A - TEMPORALES\",\"POLITICA\"],\"inLanguage\":\"es\"},{\"@type\":\"WebPage\",\"@id\":\"https:\\\/\\\/diariotextual.com\\\/inicio\\\/index.php\\\/2021\\\/07\\\/12\\\/lichy-marin-va-a-ser-la-primera-candidata-a-diputada-nacional\\\/\",\"url\":\"https:\\\/\\\/diariotextual.com\\\/inicio\\\/index.php\\\/2021\\\/07\\\/12\\\/lichy-marin-va-a-ser-la-primera-candidata-a-diputada-nacional\\\/\",\"name\":\"\\\"Lichy\\\" Mar\u00edn se encamina a ser la primera candidata a diputada nacional - Diario Textual\",\"isPartOf\":{\"@id\":\"https:\\\/\\\/diariotextual.com\\\/inicio\\\/#website\"},\"primaryImageOfPage\":{\"@id\":\"https:\\\/\\\/diariotextual.com\\\/inicio\\\/index.php\\\/2021\\\/07\\\/12\\\/lichy-marin-va-a-ser-la-primera-candidata-a-diputada-nacional\\\/#primaryimage\"},\"image\":{\"@id\":\"https:\\\/\\\/diariotextual.com\\\/inicio\\\/index.php\\\/2021\\\/07\\\/12\\\/lichy-marin-va-a-ser-la-primera-candidata-a-diputada-nacional\\\/#primaryimage\"},\"thumbnailUrl\":\"https:\\\/\\\/diariotextual.com\\\/inicio\\\/wp-content\\\/uploads\\\/2021\\\/07\\\/marinvarinialislichy2021-1-scaled.jpg\",\"datePublished\":\"2021-07-12T23:04:31+00:00\",\"dateModified\":\"2021-07-13T13:28:22+00:00\",\"breadcrumb\":{\"@id\":\"https:\\\/\\\/diariotextual.com\\\/inicio\\\/index.php\\\/2021\\\/07\\\/12\\\/lichy-marin-va-a-ser-la-primera-candidata-a-diputada-nacional\\\/#breadcrumb\"},\"inLanguage\":\"es\",\"potentialAction\":[{\"@type\":\"ReadAction\",\"target\":[\"https:\\\/\\\/diariotextual.com\\\/inicio\\\/index.php\\\/2021\\\/07\\\/12\\\/lichy-marin-va-a-ser-la-primera-candidata-a-diputada-nacional\\\/\"]}]},{\"@type\":\"ImageObject\",\"inLanguage\":\"es\",\"@id\":\"https:\\\/\\\/diariotextual.com\\\/inicio\\\/index.php\\\/2021\\\/07\\\/12\\\/lichy-marin-va-a-ser-la-primera-candidata-a-diputada-nacional\\\/#primaryimage\",\"url\":\"https:\\\/\\\/diariotextual.com\\\/inicio\\\/wp-content\\\/uploads\\\/2021\\\/07\\\/marinvarinialislichy2021-1-scaled.jpg\",\"contentUrl\":\"https:\\\/\\\/diariotextual.com\\\/inicio\\\/wp-content\\\/uploads\\\/2021\\\/07\\\/marinvarinialislichy2021-1-scaled.jpg\",\"width\":2560,\"height\":1595},{\"@type\":\"BreadcrumbList\",\"@id\":\"https:\\\/\\\/diariotextual.com\\\/inicio\\\/index.php\\\/2021\\\/07\\\/12\\\/lichy-marin-va-a-ser-la-primera-candidata-a-diputada-nacional\\\/#breadcrumb\",\"itemListElement\":[{\"@type\":\"ListItem\",\"position\":1,\"name\":\"Portada\",\"item\":\"https:\\\/\\\/diariotextual.com\\\/inicio\\\/\"},{\"@type\":\"ListItem\",\"position\":2,\"name\":\"\u00abLichy\u00bb Mar\u00edn se encamina a ser la primera candidata a diputada nacional\"}]},{\"@type\":\"WebSite\",\"@id\":\"https:\\\/\\\/diariotextual.com\\\/inicio\\\/#website\",\"url\":\"https:\\\/\\\/diariotextual.com\\\/inicio\\\/\",\"name\":\"Diario Textual\",\"description\":\"\",\"publisher\":{\"@id\":\"https:\\\/\\\/diariotextual.com\\\/inicio\\\/#organization\"},\"potentialAction\":[{\"@type\":\"SearchAction\",\"target\":{\"@type\":\"EntryPoint\",\"urlTemplate\":\"https:\\\/\\\/diariotextual.com\\\/inicio\\\/?s={search_term_string}\"},\"query-input\":{\"@type\":\"PropertyValueSpecification\",\"valueRequired\":true,\"valueName\":\"search_term_string\"}}],\"inLanguage\":\"es\"},{\"@type\":\"Organization\",\"@id\":\"https:\\\/\\\/diariotextual.com\\\/inicio\\\/#organization\",\"name\":\"Diario Textual\",\"url\":\"https:\\\/\\\/diariotextual.com\\\/inicio\\\/\",\"logo\":{\"@type\":\"ImageObject\",\"inLanguage\":\"es\",\"@id\":\"https:\\\/\\\/diariotextual.com\\\/inicio\\\/#\\\/schema\\\/logo\\\/image\\\/\",\"url\":\"https:\\\/\\\/diariotextual.com\\\/inicio\\\/wp-content\\\/uploads\\\/2023\\\/05\\\/logotextual1.jpg\",\"contentUrl\":\"https:\\\/\\\/diariotextual.com\\\/inicio\\\/wp-content\\\/uploads\\\/2023\\\/05\\\/logotextual1.jpg\",\"width\":516,\"height\":76,\"caption\":\"Diario Textual\"},\"image\":{\"@id\":\"https:\\\/\\\/diariotextual.com\\\/inicio\\\/#\\\/schema\\\/logo\\\/image\\\/\"},\"sameAs\":[\"https:\\\/\\\/www.facebook.com\\\/eltextual\",\"https:\\\/\\\/x.com\\\/eltextual\",\"http:\\\/\\\/www.instagram.com\\\/eltextual\"]},{\"@type\":\"Person\",\"@id\":\"https:\\\/\\\/diariotextual.com\\\/inicio\\\/#\\\/schema\\\/person\\\/418fc4093c33e86ed41562db3508f958\",\"name\":\"Diario1 Diario1\",\"image\":{\"@type\":\"ImageObject\",\"inLanguage\":\"es\",\"@id\":\"https:\\\/\\\/secure.gravatar.com\\\/avatar\\\/9167d280179c85bc18be67aa7eda765854300033af4896dd779b608640f2ef7a?s=96&d=mm&r=g\",\"url\":\"https:\\\/\\\/secure.gravatar.com\\\/avatar\\\/9167d280179c85bc18be67aa7eda765854300033af4896dd779b608640f2ef7a?s=96&d=mm&r=g\",\"contentUrl\":\"https:\\\/\\\/secure.gravatar.com\\\/avatar\\\/9167d280179c85bc18be67aa7eda765854300033af4896dd779b608640f2ef7a?s=96&d=mm&r=g\",\"caption\":\"Diario1 Diario1\"},\"url\":\"https:\\\/\\\/diariotextual.com\\\/inicio\\\/index.php\\\/author\\\/diario1\\\/\"}]}<\/script>\n<!-- \/ Yoast SEO plugin. -->","yoast_head_json":{"title":"\"Lichy\" Mar\u00edn se encamina a ser la primera candidata a diputada nacional - Diario Textual","robots":{"index":"index","follow":"follow","max-snippet":"max-snippet:-1","max-image-preview":"max-image-preview:large","max-video-preview":"max-video-preview:-1"},"canonical":"https:\/\/diariotextual.com\/inicio\/index.php\/2021\/07\/12\/lichy-marin-va-a-ser-la-primera-candidata-a-diputada-nacional\/","og_locale":"es_ES","og_type":"article","og_title":"\"Lichy\" Mar\u00edn se encamina a ser la primera candidata a diputada nacional - Diario Textual","og_description":"Varinia Lis \u201cLichy\u201d Mar\u00edn se encamina a ser la primera candidata a diputada nacional por la lista del Frente de Todos, confirmaron este lunes fuentes partidarias a Diario Textual. La&hellip;","og_url":"https:\/\/diariotextual.com\/inicio\/index.php\/2021\/07\/12\/lichy-marin-va-a-ser-la-primera-candidata-a-diputada-nacional\/","og_site_name":"Diario Textual","article_publisher":"https:\/\/www.facebook.com\/eltextual","article_published_time":"2021-07-12T23:04:31+00:00","article_modified_time":"2021-07-13T13:28:22+00:00","og_image":[{"width":2560,"height":1595,"url":"https:\/\/diariotextual.com\/inicio\/wp-content\/uploads\/2021\/07\/marinvarinialislichy2021-1-scaled.jpg","type":"image\/jpeg"}],"author":"Diario1 Diario1","twitter_card":"summary_large_image","twitter_creator":"@eltextual","twitter_site":"@eltextual","twitter_misc":{"Escrito por":"Diario1 Diario1","Tiempo de lectura":"2 minutos"},"schema":{"@context":"https:\/\/schema.org","@graph":[{"@type":"Article","@id":"https:\/\/diariotextual.com\/inicio\/index.php\/2021\/07\/12\/lichy-marin-va-a-ser-la-primera-candidata-a-diputada-nacional\/#article","isPartOf":{"@id":"https:\/\/diariotextual.com\/inicio\/index.php\/2021\/07\/12\/lichy-marin-va-a-ser-la-primera-candidata-a-diputada-nacional\/"},"author":{"name":"Diario1 Diario1","@id":"https:\/\/diariotextual.com\/inicio\/#\/schema\/person\/418fc4093c33e86ed41562db3508f958"},"headline":"\u00abLichy\u00bb Mar\u00edn se encamina a ser la primera candidata a diputada nacional","datePublished":"2021-07-12T23:04:31+00:00","dateModified":"2021-07-13T13:28:22+00:00","mainEntityOfPage":{"@id":"https:\/\/diariotextual.com\/inicio\/index.php\/2021\/07\/12\/lichy-marin-va-a-ser-la-primera-candidata-a-diputada-nacional\/"},"wordCount":352,"publisher":{"@id":"https:\/\/diariotextual.com\/inicio\/#organization"},"image":{"@id":"https:\/\/diariotextual.com\/inicio\/index.php\/2021\/07\/12\/lichy-marin-va-a-ser-la-primera-candidata-a-diputada-nacional\/#primaryimage"},"thumbnailUrl":"https:\/\/diariotextual.com\/inicio\/wp-content\/uploads\/2021\/07\/marinvarinialislichy2021-1-scaled.jpg","keywords":["lichy","marin"],"articleSection":["A - TEMPORALES","POLITICA"],"inLanguage":"es"},{"@type":"WebPage","@id":"https:\/\/diariotextual.com\/inicio\/index.php\/2021\/07\/12\/lichy-marin-va-a-ser-la-primera-candidata-a-diputada-nacional\/","url":"https:\/\/diariotextual.com\/inicio\/index.php\/2021\/07\/12\/lichy-marin-va-a-ser-la-primera-candidata-a-diputada-nacional\/","name":"\"Lichy\" Mar\u00edn se encamina a ser la primera candidata a diputada nacional - Diario Textual","isPartOf":{"@id":"https:\/\/diariotextual.com\/inicio\/#website"},"primaryImageOfPage":{"@id":"https:\/\/diariotextual.com\/inicio\/index.php\/2021\/07\/12\/lichy-marin-va-a-ser-la-primera-candidata-a-diputada-nacional\/#primaryimage"},"image":{"@id":"https:\/\/diariotextual.com\/inicio\/index.php\/2021\/07\/12\/lichy-marin-va-a-ser-la-primera-candidata-a-diputada-nacional\/#primaryimage"},"thumbnailUrl":"https:\/\/diariotextual.com\/inicio\/wp-content\/uploads\/2021\/07\/marinvarinialislichy2021-1-scaled.jpg","datePublished":"2021-07-12T23:04:31+00:00","dateModified":"2021-07-13T13:28:22+00:00","breadcrumb":{"@id":"https:\/\/diariotextual.com\/inicio\/index.php\/2021\/07\/12\/lichy-marin-va-a-ser-la-primera-candidata-a-diputada-nacional\/#breadcrumb"},"inLanguage":"es","potentialAction":[{"@type":"ReadAction","target":["https:\/\/diariotextual.com\/inicio\/index.php\/2021\/07\/12\/lichy-marin-va-a-ser-la-primera-candidata-a-diputada-nacional\/"]}]},{"@type":"ImageObject","inLanguage":"es","@id":"https:\/\/diariotextual.com\/inicio\/index.php\/2021\/07\/12\/lichy-marin-va-a-ser-la-primera-candidata-a-diputada-nacional\/#primaryimage","url":"https:\/\/diariotextual.com\/inicio\/wp-content\/uploads\/2021\/07\/marinvarinialislichy2021-1-scaled.jpg","contentUrl":"https:\/\/diariotextual.com\/inicio\/wp-content\/uploads\/2021\/07\/marinvarinialislichy2021-1-scaled.jpg","width":2560,"height":1595},{"@type":"BreadcrumbList","@id":"https:\/\/diariotextual.com\/inicio\/index.php\/2021\/07\/12\/lichy-marin-va-a-ser-la-primera-candidata-a-diputada-nacional\/#breadcrumb","itemListElement":[{"@type":"ListItem","position":1,"name":"Portada","item":"https:\/\/diariotextual.com\/inicio\/"},{"@type":"ListItem","position":2,"name":"\u00abLichy\u00bb Mar\u00edn se encamina a ser la primera candidata a diputada nacional"}]},{"@type":"WebSite","@id":"https:\/\/diariotextual.com\/inicio\/#website","url":"https:\/\/diariotextual.com\/inicio\/","name":"Diario Textual","description":"","publisher":{"@id":"https:\/\/diariotextual.com\/inicio\/#organization"},"potentialAction":[{"@type":"SearchAction","target":{"@type":"EntryPoint","urlTemplate":"https:\/\/diariotextual.com\/inicio\/?s={search_term_string}"},"query-input":{"@type":"PropertyValueSpecification","valueRequired":true,"valueName":"search_term_string"}}],"inLanguage":"es"},{"@type":"Organization","@id":"https:\/\/diariotextual.com\/inicio\/#organization","name":"Diario Textual","url":"https:\/\/diariotextual.com\/inicio\/","logo":{"@type":"ImageObject","inLanguage":"es","@id":"https:\/\/diariotextual.com\/inicio\/#\/schema\/logo\/image\/","url":"https:\/\/diariotextual.com\/inicio\/wp-content\/uploads\/2023\/05\/logotextual1.jpg","contentUrl":"https:\/\/diariotextual.com\/inicio\/wp-content\/uploads\/2023\/05\/logotextual1.jpg","width":516,"height":76,"caption":"Diario Textual"},"image":{"@id":"https:\/\/diariotextual.com\/inicio\/#\/schema\/logo\/image\/"},"sameAs":["https:\/\/www.facebook.com\/eltextual","https:\/\/x.com\/eltextual","http:\/\/www.instagram.com\/eltextual"]},{"@type":"Person","@id":"https:\/\/diariotextual.com\/inicio\/#\/schema\/person\/418fc4093c33e86ed41562db3508f958","name":"Diario1 Diario1","image":{"@type":"ImageObject","inLanguage":"es","@id":"https:\/\/secure.gravatar.com\/avatar\/9167d280179c85bc18be67aa7eda765854300033af4896dd779b608640f2ef7a?s=96&d=mm&r=g","url":"https:\/\/secure.gravatar.com\/avatar\/9167d280179c85bc18be67aa7eda765854300033af4896dd779b608640f2ef7a?s=96&d=mm&r=g","contentUrl":"https:\/\/secure.gravatar.com\/avatar\/9167d280179c85bc18be67aa7eda765854300033af4896dd779b608640f2ef7a?s=96&d=mm&r=g","caption":"Diario1 Diario1"},"url":"https:\/\/diariotextual.com\/inicio\/index.php\/author\/diario1\/"}]}},"_links":{"self":[{"href":"https:\/\/diariotextual.com\/inicio\/index.php\/wp-json\/wp\/v2\/posts\/153811","targetHints":{"allow":["GET"]}}],"collection":[{"href":"https:\/\/diariotextual.com\/inicio\/index.php\/wp-json\/wp\/v2\/posts"}],"about":[{"href":"https:\/\/diariotextual.com\/inicio\/index.php\/wp-json\/wp\/v2\/types\/post"}],"author":[{"embeddable":true,"href":"https:\/\/diariotextual.com\/inicio\/index.php\/wp-json\/wp\/v2\/users\/3"}],"replies":[{"embeddable":true,"href":"https:\/\/diariotextual.com\/inicio\/index.php\/wp-json\/wp\/v2\/comments?post=153811"}],"version-history":[{"count":11,"href":"https:\/\/diariotextual.com\/inicio\/index.php\/wp-json\/wp\/v2\/posts\/153811\/revisions"}],"predecessor-version":[{"id":153836,"href":"https:\/\/diariotextual.com\/inicio\/index.php\/wp-json\/wp\/v2\/posts\/153811\/revisions\/153836"}],"wp:featuredmedia":[{"embeddable":true,"href":"https:\/\/diariotextual.com\/inicio\/index.php\/wp-json\/wp\/v2\/media\/153120"}],"wp:attachment":[{"href":"https:\/\/diariotextual.com\/inicio\/index.php\/wp-json\/wp\/v2\/media?parent=153811"}],"wp:term":[{"taxonomy":"category","embeddable":true,"href":"https:\/\/diariotextual.com\/inicio\/index.php\/wp-json\/wp\/v2\/categories?post=153811"},{"taxonomy":"post_tag","embeddable":true,"href":"https:\/\/diariotextual.com\/inicio\/index.php\/wp-json\/wp\/v2\/tags?post=153811"}],"curies":[{"name":"wp","href":"https:\/\/api.w.org\/{rel}","templated":true}]}}