{"id":153889,"date":"2021-07-13T10:06:58","date_gmt":"2021-07-13T13:06:58","guid":{"rendered":"https:\/\/diariotextual.com\/inicio\/?p=153889"},"modified":"2021-07-13T12:29:02","modified_gmt":"2021-07-13T15:29:02","slug":"ziliotto-a-marin-quiero-que-lichy-sea-la-candidata-a-diputada","status":"publish","type":"post","link":"https:\/\/diariotextual.com\/inicio\/index.php\/2021\/07\/13\/ziliotto-a-marin-quiero-que-lichy-sea-la-candidata-a-diputada\/","title":{"rendered":"Ziliotto a Mar\u00edn: \u00abQuiero que Lichy sea la candidata a diputada\u00bb"},"content":{"rendered":"\n<p><strong>Sergio Ziliotto<\/strong> y <strong>Rub\u00e9n Mar\u00edn <\/strong>se reunieron durante el fin de semana y, tal como <strong><a href=\"https:\/\/diariotextual.com\/inicio\/index.php\/2021\/07\/12\/lichy-marin-va-a-ser-la-primera-candidata-a-diputada-nacional\/\" target=\"_blank\" rel=\"noreferrer noopener\">adelant\u00f3 ayer Diario Textual<\/a><\/strong>, el gobernador le dijo que prefer\u00eda que Convergencia proponga como primera candidata a diputada nacional a<strong> Varinia Lis Mar\u00edn<\/strong>. \u00abQuiero que Lichy sea la candidata. Por su militancia, capacidad de trabajo y trayectoria\u00bb, le dijo el mandatario al cuatro veces gobernador, seg\u00fan pudo reconstruir este portal.<\/p>\n\n\n\n<p>Ahora se espera que en la noche de este martes o el mi\u00e9rcoles a la ma\u00f1ana, <strong>Ziliotto reciba a la actual secretaria legislativa. <\/strong>En ese momento, se oficializar\u00e1 su postulaci\u00f3n.<\/p>\n\n\n\n<p>El nombre de \u00abLichy\u00bb se ven\u00eda analizando desde hace meses. En la \u00faltima semana, hubo <strong>fuertes operaciones de prensa de medios tradicionales<\/strong> que indicaban, falsamente, que la dirigente hab\u00eda dicho que \u00abno\u00bb al ofrecimiento.<\/p>\n\n\n\n<p>Ayer, Diario Textual adelant\u00f3 de las conversaciones entre Ziliotto y Mar\u00edn. Hoy pudo tener m\u00e1s detalles: se confirm\u00f3 que <strong>el propio gobernador pidi\u00f3 por la dirigente<\/strong>. La palabra del gobernador\u00a0<strong>termin\u00f3 de convencer a los Mar\u00edn\u00a0<\/strong>y al resto de los integrantes de la l\u00ednea -algunos de los cuales hab\u00edan sugerido otros nombres-.<\/p>\n\n\n\n<p><strong>La lista del Frente de Todos contiene a los cuatro principales sectores del peronismo.<\/strong>&nbsp;Estar\u00e1 encabezada por el candidato a senador&nbsp;<strong><a href=\"https:\/\/diariotextual.com\/inicio\/index.php\/2021\/07\/07\/bensusan-subido-al-ring-hay-que-elegir-entre-dos-modelos\/\" target=\"_blank\" rel=\"noreferrer noopener\">Daniel Pablo Bensus\u00e1n<\/a>&nbsp;<\/strong>(propuesto por La Plural, luego de la ca\u00edda de Carlos Verna). Su compa\u00f1era de f\u00f3rmula ser\u00e1<strong>&nbsp;Mar\u00eda Luz \u201cLuchy\u201d Alonso<\/strong>&nbsp;(La C\u00e1mpora).<\/p>\n\n\n\n<p>En tanto, \u201cLichy\u201d encabezar\u00e1 la lista de diputados nacionales y ser\u00e1 acompa\u00f1ada por<strong>&nbsp;Ariel Rauschenberger&nbsp;<\/strong>(Compromiso). Este ya estaba confirmado, pero esperaba la definici\u00f3n de su compa\u00f1era de f\u00f3rmula para anunciarlo.<\/p>\n\n\n\n<figure class=\"wp-block-embed is-type-wp-embed is-provider-diario-textual wp-block-embed-diario-textual\"><div class=\"wp-block-embed__wrapper\">\n<blockquote class=\"wp-embedded-content\" data-secret=\"XRt8C4xR1Y\"><a href=\"https:\/\/diariotextual.com\/inicio\/index.php\/2021\/07\/12\/lichy-marin-va-a-ser-la-primera-candidata-a-diputada-nacional\/\">&#8220;Lichy&#8221; Mar\u00edn se encamina a ser la primera candidata a diputada nacional<\/a><\/blockquote><iframe class=\"wp-embedded-content\" sandbox=\"allow-scripts\" security=\"restricted\" style=\"position: absolute; clip: rect(1px, 1px, 1px, 1px);\" title=\"\u00ab&#8220;Lichy&#8221; Mar\u00edn se encamina a ser la primera candidata a diputada nacional\u00bb \u2014 Diario Textual\" src=\"https:\/\/diariotextual.com\/inicio\/index.php\/2021\/07\/12\/lichy-marin-va-a-ser-la-primera-candidata-a-diputada-nacional\/embed\/#?secret=XRt8C4xR1Y\" data-secret=\"XRt8C4xR1Y\" width=\"600\" height=\"338\" frameborder=\"0\" marginwidth=\"0\" marginheight=\"0\" scrolling=\"no\"><\/iframe>\n<\/div><\/figure>\n","protected":false},"excerpt":{"rendered":"<p>Sergio Ziliotto y Rub\u00e9n Mar\u00edn se reunieron durante el fin de semana y, tal como adelant\u00f3 ayer Diario Textual, el gobernador le dijo que prefer\u00eda que Convergencia proponga como primera&hellip;<\/p>\n","protected":false},"author":3,"featured_media":153120,"comment_status":"closed","ping_status":"open","sticky":false,"template":"","format":"standard","meta":{"_acf_changed":false,"footnotes":""},"categories":[10,8],"tags":[424],"class_list":["post-153889","post","type-post","status-publish","format-standard","has-post-thumbnail","hentry","category-portada-2","category-politica","tag-ziliotto"],"acf":[],"yoast_head":"<!-- This site is optimized with the Yoast SEO plugin v27.5 - https:\/\/yoast.com\/product\/yoast-seo-wordpress\/ -->\n<title>Ziliotto a Mar\u00edn: &quot;Quiero que Lichy sea la candidata a diputada&quot; - Diario Textual<\/title>\n<meta name=\"robots\" content=\"index, follow, max-snippet:-1, max-image-preview:large, max-video-preview:-1\" \/>\n<link rel=\"canonical\" href=\"https:\/\/diariotextual.com\/inicio\/index.php\/2021\/07\/13\/ziliotto-a-marin-quiero-que-lichy-sea-la-candidata-a-diputada\/\" \/>\n<meta property=\"og:locale\" content=\"es_ES\" \/>\n<meta property=\"og:type\" content=\"article\" \/>\n<meta property=\"og:title\" content=\"Ziliotto a Mar\u00edn: &quot;Quiero que Lichy sea la candidata a diputada&quot; - Diario Textual\" \/>\n<meta property=\"og:description\" content=\"Sergio Ziliotto y Rub\u00e9n Mar\u00edn se reunieron durante el fin de semana y, tal como adelant\u00f3 ayer Diario Textual, el gobernador le dijo que prefer\u00eda que Convergencia proponga como primera&hellip;\" \/>\n<meta property=\"og:url\" content=\"https:\/\/diariotextual.com\/inicio\/index.php\/2021\/07\/13\/ziliotto-a-marin-quiero-que-lichy-sea-la-candidata-a-diputada\/\" \/>\n<meta property=\"og:site_name\" content=\"Diario Textual\" \/>\n<meta property=\"article:publisher\" content=\"https:\/\/www.facebook.com\/eltextual\" \/>\n<meta property=\"article:published_time\" content=\"2021-07-13T13:06:58+00:00\" \/>\n<meta property=\"article:modified_time\" content=\"2021-07-13T15:29:02+00:00\" \/>\n<meta property=\"og:image\" content=\"https:\/\/diariotextual.com\/inicio\/wp-content\/uploads\/2021\/07\/marinvarinialislichy2021-1-scaled.jpg\" \/>\n\t<meta property=\"og:image:width\" content=\"2560\" \/>\n\t<meta property=\"og:image:height\" content=\"1595\" \/>\n\t<meta property=\"og:image:type\" content=\"image\/jpeg\" \/>\n<meta name=\"author\" content=\"Diario1 Diario1\" \/>\n<meta name=\"twitter:card\" content=\"summary_large_image\" \/>\n<meta name=\"twitter:creator\" content=\"@eltextual\" \/>\n<meta name=\"twitter:site\" content=\"@eltextual\" \/>\n<meta name=\"twitter:label1\" content=\"Escrito por\" \/>\n\t<meta name=\"twitter:data1\" content=\"Diario1 Diario1\" \/>\n\t<meta name=\"twitter:label2\" content=\"Tiempo de lectura\" \/>\n\t<meta name=\"twitter:data2\" content=\"2 minutos\" \/>\n<script type=\"application\/ld+json\" class=\"yoast-schema-graph\">{\"@context\":\"https:\\\/\\\/schema.org\",\"@graph\":[{\"@type\":\"Article\",\"@id\":\"https:\\\/\\\/diariotextual.com\\\/inicio\\\/index.php\\\/2021\\\/07\\\/13\\\/ziliotto-a-marin-quiero-que-lichy-sea-la-candidata-a-diputada\\\/#article\",\"isPartOf\":{\"@id\":\"https:\\\/\\\/diariotextual.com\\\/inicio\\\/index.php\\\/2021\\\/07\\\/13\\\/ziliotto-a-marin-quiero-que-lichy-sea-la-candidata-a-diputada\\\/\"},\"author\":{\"name\":\"Diario1 Diario1\",\"@id\":\"https:\\\/\\\/diariotextual.com\\\/inicio\\\/#\\\/schema\\\/person\\\/418fc4093c33e86ed41562db3508f958\"},\"headline\":\"Ziliotto a Mar\u00edn: \u00abQuiero que Lichy sea la candidata a diputada\u00bb\",\"datePublished\":\"2021-07-13T13:06:58+00:00\",\"dateModified\":\"2021-07-13T15:29:02+00:00\",\"mainEntityOfPage\":{\"@id\":\"https:\\\/\\\/diariotextual.com\\\/inicio\\\/index.php\\\/2021\\\/07\\\/13\\\/ziliotto-a-marin-quiero-que-lichy-sea-la-candidata-a-diputada\\\/\"},\"wordCount\":310,\"publisher\":{\"@id\":\"https:\\\/\\\/diariotextual.com\\\/inicio\\\/#organization\"},\"image\":{\"@id\":\"https:\\\/\\\/diariotextual.com\\\/inicio\\\/index.php\\\/2021\\\/07\\\/13\\\/ziliotto-a-marin-quiero-que-lichy-sea-la-candidata-a-diputada\\\/#primaryimage\"},\"thumbnailUrl\":\"https:\\\/\\\/diariotextual.com\\\/inicio\\\/wp-content\\\/uploads\\\/2021\\\/07\\\/marinvarinialislichy2021-1-scaled.jpg\",\"keywords\":[\"ziliotto\"],\"articleSection\":[\"A - PORTADA2\",\"POLITICA\"],\"inLanguage\":\"es\"},{\"@type\":\"WebPage\",\"@id\":\"https:\\\/\\\/diariotextual.com\\\/inicio\\\/index.php\\\/2021\\\/07\\\/13\\\/ziliotto-a-marin-quiero-que-lichy-sea-la-candidata-a-diputada\\\/\",\"url\":\"https:\\\/\\\/diariotextual.com\\\/inicio\\\/index.php\\\/2021\\\/07\\\/13\\\/ziliotto-a-marin-quiero-que-lichy-sea-la-candidata-a-diputada\\\/\",\"name\":\"Ziliotto a Mar\u00edn: \\\"Quiero que Lichy sea la candidata a diputada\\\" - Diario Textual\",\"isPartOf\":{\"@id\":\"https:\\\/\\\/diariotextual.com\\\/inicio\\\/#website\"},\"primaryImageOfPage\":{\"@id\":\"https:\\\/\\\/diariotextual.com\\\/inicio\\\/index.php\\\/2021\\\/07\\\/13\\\/ziliotto-a-marin-quiero-que-lichy-sea-la-candidata-a-diputada\\\/#primaryimage\"},\"image\":{\"@id\":\"https:\\\/\\\/diariotextual.com\\\/inicio\\\/index.php\\\/2021\\\/07\\\/13\\\/ziliotto-a-marin-quiero-que-lichy-sea-la-candidata-a-diputada\\\/#primaryimage\"},\"thumbnailUrl\":\"https:\\\/\\\/diariotextual.com\\\/inicio\\\/wp-content\\\/uploads\\\/2021\\\/07\\\/marinvarinialislichy2021-1-scaled.jpg\",\"datePublished\":\"2021-07-13T13:06:58+00:00\",\"dateModified\":\"2021-07-13T15:29:02+00:00\",\"breadcrumb\":{\"@id\":\"https:\\\/\\\/diariotextual.com\\\/inicio\\\/index.php\\\/2021\\\/07\\\/13\\\/ziliotto-a-marin-quiero-que-lichy-sea-la-candidata-a-diputada\\\/#breadcrumb\"},\"inLanguage\":\"es\",\"potentialAction\":[{\"@type\":\"ReadAction\",\"target\":[\"https:\\\/\\\/diariotextual.com\\\/inicio\\\/index.php\\\/2021\\\/07\\\/13\\\/ziliotto-a-marin-quiero-que-lichy-sea-la-candidata-a-diputada\\\/\"]}]},{\"@type\":\"ImageObject\",\"inLanguage\":\"es\",\"@id\":\"https:\\\/\\\/diariotextual.com\\\/inicio\\\/index.php\\\/2021\\\/07\\\/13\\\/ziliotto-a-marin-quiero-que-lichy-sea-la-candidata-a-diputada\\\/#primaryimage\",\"url\":\"https:\\\/\\\/diariotextual.com\\\/inicio\\\/wp-content\\\/uploads\\\/2021\\\/07\\\/marinvarinialislichy2021-1-scaled.jpg\",\"contentUrl\":\"https:\\\/\\\/diariotextual.com\\\/inicio\\\/wp-content\\\/uploads\\\/2021\\\/07\\\/marinvarinialislichy2021-1-scaled.jpg\",\"width\":2560,\"height\":1595},{\"@type\":\"BreadcrumbList\",\"@id\":\"https:\\\/\\\/diariotextual.com\\\/inicio\\\/index.php\\\/2021\\\/07\\\/13\\\/ziliotto-a-marin-quiero-que-lichy-sea-la-candidata-a-diputada\\\/#breadcrumb\",\"itemListElement\":[{\"@type\":\"ListItem\",\"position\":1,\"name\":\"Portada\",\"item\":\"https:\\\/\\\/diariotextual.com\\\/inicio\\\/\"},{\"@type\":\"ListItem\",\"position\":2,\"name\":\"Ziliotto a Mar\u00edn: \u00abQuiero que Lichy sea la candidata a diputada\u00bb\"}]},{\"@type\":\"WebSite\",\"@id\":\"https:\\\/\\\/diariotextual.com\\\/inicio\\\/#website\",\"url\":\"https:\\\/\\\/diariotextual.com\\\/inicio\\\/\",\"name\":\"Diario Textual\",\"description\":\"\",\"publisher\":{\"@id\":\"https:\\\/\\\/diariotextual.com\\\/inicio\\\/#organization\"},\"potentialAction\":[{\"@type\":\"SearchAction\",\"target\":{\"@type\":\"EntryPoint\",\"urlTemplate\":\"https:\\\/\\\/diariotextual.com\\\/inicio\\\/?s={search_term_string}\"},\"query-input\":{\"@type\":\"PropertyValueSpecification\",\"valueRequired\":true,\"valueName\":\"search_term_string\"}}],\"inLanguage\":\"es\"},{\"@type\":\"Organization\",\"@id\":\"https:\\\/\\\/diariotextual.com\\\/inicio\\\/#organization\",\"name\":\"Diario Textual\",\"url\":\"https:\\\/\\\/diariotextual.com\\\/inicio\\\/\",\"logo\":{\"@type\":\"ImageObject\",\"inLanguage\":\"es\",\"@id\":\"https:\\\/\\\/diariotextual.com\\\/inicio\\\/#\\\/schema\\\/logo\\\/image\\\/\",\"url\":\"https:\\\/\\\/diariotextual.com\\\/inicio\\\/wp-content\\\/uploads\\\/2023\\\/05\\\/logotextual1.jpg\",\"contentUrl\":\"https:\\\/\\\/diariotextual.com\\\/inicio\\\/wp-content\\\/uploads\\\/2023\\\/05\\\/logotextual1.jpg\",\"width\":516,\"height\":76,\"caption\":\"Diario Textual\"},\"image\":{\"@id\":\"https:\\\/\\\/diariotextual.com\\\/inicio\\\/#\\\/schema\\\/logo\\\/image\\\/\"},\"sameAs\":[\"https:\\\/\\\/www.facebook.com\\\/eltextual\",\"https:\\\/\\\/x.com\\\/eltextual\",\"http:\\\/\\\/www.instagram.com\\\/eltextual\"]},{\"@type\":\"Person\",\"@id\":\"https:\\\/\\\/diariotextual.com\\\/inicio\\\/#\\\/schema\\\/person\\\/418fc4093c33e86ed41562db3508f958\",\"name\":\"Diario1 Diario1\",\"image\":{\"@type\":\"ImageObject\",\"inLanguage\":\"es\",\"@id\":\"https:\\\/\\\/secure.gravatar.com\\\/avatar\\\/9167d280179c85bc18be67aa7eda765854300033af4896dd779b608640f2ef7a?s=96&d=mm&r=g\",\"url\":\"https:\\\/\\\/secure.gravatar.com\\\/avatar\\\/9167d280179c85bc18be67aa7eda765854300033af4896dd779b608640f2ef7a?s=96&d=mm&r=g\",\"contentUrl\":\"https:\\\/\\\/secure.gravatar.com\\\/avatar\\\/9167d280179c85bc18be67aa7eda765854300033af4896dd779b608640f2ef7a?s=96&d=mm&r=g\",\"caption\":\"Diario1 Diario1\"},\"url\":\"https:\\\/\\\/diariotextual.com\\\/inicio\\\/index.php\\\/author\\\/diario1\\\/\"}]}<\/script>\n<!-- \/ Yoast SEO plugin. -->","yoast_head_json":{"title":"Ziliotto a Mar\u00edn: \"Quiero que Lichy sea la candidata a diputada\" - Diario Textual","robots":{"index":"index","follow":"follow","max-snippet":"max-snippet:-1","max-image-preview":"max-image-preview:large","max-video-preview":"max-video-preview:-1"},"canonical":"https:\/\/diariotextual.com\/inicio\/index.php\/2021\/07\/13\/ziliotto-a-marin-quiero-que-lichy-sea-la-candidata-a-diputada\/","og_locale":"es_ES","og_type":"article","og_title":"Ziliotto a Mar\u00edn: \"Quiero que Lichy sea la candidata a diputada\" - Diario Textual","og_description":"Sergio Ziliotto y Rub\u00e9n Mar\u00edn se reunieron durante el fin de semana y, tal como adelant\u00f3 ayer Diario Textual, el gobernador le dijo que prefer\u00eda que Convergencia proponga como primera&hellip;","og_url":"https:\/\/diariotextual.com\/inicio\/index.php\/2021\/07\/13\/ziliotto-a-marin-quiero-que-lichy-sea-la-candidata-a-diputada\/","og_site_name":"Diario Textual","article_publisher":"https:\/\/www.facebook.com\/eltextual","article_published_time":"2021-07-13T13:06:58+00:00","article_modified_time":"2021-07-13T15:29:02+00:00","og_image":[{"width":2560,"height":1595,"url":"https:\/\/diariotextual.com\/inicio\/wp-content\/uploads\/2021\/07\/marinvarinialislichy2021-1-scaled.jpg","type":"image\/jpeg"}],"author":"Diario1 Diario1","twitter_card":"summary_large_image","twitter_creator":"@eltextual","twitter_site":"@eltextual","twitter_misc":{"Escrito por":"Diario1 Diario1","Tiempo de lectura":"2 minutos"},"schema":{"@context":"https:\/\/schema.org","@graph":[{"@type":"Article","@id":"https:\/\/diariotextual.com\/inicio\/index.php\/2021\/07\/13\/ziliotto-a-marin-quiero-que-lichy-sea-la-candidata-a-diputada\/#article","isPartOf":{"@id":"https:\/\/diariotextual.com\/inicio\/index.php\/2021\/07\/13\/ziliotto-a-marin-quiero-que-lichy-sea-la-candidata-a-diputada\/"},"author":{"name":"Diario1 Diario1","@id":"https:\/\/diariotextual.com\/inicio\/#\/schema\/person\/418fc4093c33e86ed41562db3508f958"},"headline":"Ziliotto a Mar\u00edn: \u00abQuiero que Lichy sea la candidata a diputada\u00bb","datePublished":"2021-07-13T13:06:58+00:00","dateModified":"2021-07-13T15:29:02+00:00","mainEntityOfPage":{"@id":"https:\/\/diariotextual.com\/inicio\/index.php\/2021\/07\/13\/ziliotto-a-marin-quiero-que-lichy-sea-la-candidata-a-diputada\/"},"wordCount":310,"publisher":{"@id":"https:\/\/diariotextual.com\/inicio\/#organization"},"image":{"@id":"https:\/\/diariotextual.com\/inicio\/index.php\/2021\/07\/13\/ziliotto-a-marin-quiero-que-lichy-sea-la-candidata-a-diputada\/#primaryimage"},"thumbnailUrl":"https:\/\/diariotextual.com\/inicio\/wp-content\/uploads\/2021\/07\/marinvarinialislichy2021-1-scaled.jpg","keywords":["ziliotto"],"articleSection":["A - PORTADA2","POLITICA"],"inLanguage":"es"},{"@type":"WebPage","@id":"https:\/\/diariotextual.com\/inicio\/index.php\/2021\/07\/13\/ziliotto-a-marin-quiero-que-lichy-sea-la-candidata-a-diputada\/","url":"https:\/\/diariotextual.com\/inicio\/index.php\/2021\/07\/13\/ziliotto-a-marin-quiero-que-lichy-sea-la-candidata-a-diputada\/","name":"Ziliotto a Mar\u00edn: \"Quiero que Lichy sea la candidata a diputada\" - Diario Textual","isPartOf":{"@id":"https:\/\/diariotextual.com\/inicio\/#website"},"primaryImageOfPage":{"@id":"https:\/\/diariotextual.com\/inicio\/index.php\/2021\/07\/13\/ziliotto-a-marin-quiero-que-lichy-sea-la-candidata-a-diputada\/#primaryimage"},"image":{"@id":"https:\/\/diariotextual.com\/inicio\/index.php\/2021\/07\/13\/ziliotto-a-marin-quiero-que-lichy-sea-la-candidata-a-diputada\/#primaryimage"},"thumbnailUrl":"https:\/\/diariotextual.com\/inicio\/wp-content\/uploads\/2021\/07\/marinvarinialislichy2021-1-scaled.jpg","datePublished":"2021-07-13T13:06:58+00:00","dateModified":"2021-07-13T15:29:02+00:00","breadcrumb":{"@id":"https:\/\/diariotextual.com\/inicio\/index.php\/2021\/07\/13\/ziliotto-a-marin-quiero-que-lichy-sea-la-candidata-a-diputada\/#breadcrumb"},"inLanguage":"es","potentialAction":[{"@type":"ReadAction","target":["https:\/\/diariotextual.com\/inicio\/index.php\/2021\/07\/13\/ziliotto-a-marin-quiero-que-lichy-sea-la-candidata-a-diputada\/"]}]},{"@type":"ImageObject","inLanguage":"es","@id":"https:\/\/diariotextual.com\/inicio\/index.php\/2021\/07\/13\/ziliotto-a-marin-quiero-que-lichy-sea-la-candidata-a-diputada\/#primaryimage","url":"https:\/\/diariotextual.com\/inicio\/wp-content\/uploads\/2021\/07\/marinvarinialislichy2021-1-scaled.jpg","contentUrl":"https:\/\/diariotextual.com\/inicio\/wp-content\/uploads\/2021\/07\/marinvarinialislichy2021-1-scaled.jpg","width":2560,"height":1595},{"@type":"BreadcrumbList","@id":"https:\/\/diariotextual.com\/inicio\/index.php\/2021\/07\/13\/ziliotto-a-marin-quiero-que-lichy-sea-la-candidata-a-diputada\/#breadcrumb","itemListElement":[{"@type":"ListItem","position":1,"name":"Portada","item":"https:\/\/diariotextual.com\/inicio\/"},{"@type":"ListItem","position":2,"name":"Ziliotto a Mar\u00edn: \u00abQuiero que Lichy sea la candidata a diputada\u00bb"}]},{"@type":"WebSite","@id":"https:\/\/diariotextual.com\/inicio\/#website","url":"https:\/\/diariotextual.com\/inicio\/","name":"Diario Textual","description":"","publisher":{"@id":"https:\/\/diariotextual.com\/inicio\/#organization"},"potentialAction":[{"@type":"SearchAction","target":{"@type":"EntryPoint","urlTemplate":"https:\/\/diariotextual.com\/inicio\/?s={search_term_string}"},"query-input":{"@type":"PropertyValueSpecification","valueRequired":true,"valueName":"search_term_string"}}],"inLanguage":"es"},{"@type":"Organization","@id":"https:\/\/diariotextual.com\/inicio\/#organization","name":"Diario Textual","url":"https:\/\/diariotextual.com\/inicio\/","logo":{"@type":"ImageObject","inLanguage":"es","@id":"https:\/\/diariotextual.com\/inicio\/#\/schema\/logo\/image\/","url":"https:\/\/diariotextual.com\/inicio\/wp-content\/uploads\/2023\/05\/logotextual1.jpg","contentUrl":"https:\/\/diariotextual.com\/inicio\/wp-content\/uploads\/2023\/05\/logotextual1.jpg","width":516,"height":76,"caption":"Diario Textual"},"image":{"@id":"https:\/\/diariotextual.com\/inicio\/#\/schema\/logo\/image\/"},"sameAs":["https:\/\/www.facebook.com\/eltextual","https:\/\/x.com\/eltextual","http:\/\/www.instagram.com\/eltextual"]},{"@type":"Person","@id":"https:\/\/diariotextual.com\/inicio\/#\/schema\/person\/418fc4093c33e86ed41562db3508f958","name":"Diario1 Diario1","image":{"@type":"ImageObject","inLanguage":"es","@id":"https:\/\/secure.gravatar.com\/avatar\/9167d280179c85bc18be67aa7eda765854300033af4896dd779b608640f2ef7a?s=96&d=mm&r=g","url":"https:\/\/secure.gravatar.com\/avatar\/9167d280179c85bc18be67aa7eda765854300033af4896dd779b608640f2ef7a?s=96&d=mm&r=g","contentUrl":"https:\/\/secure.gravatar.com\/avatar\/9167d280179c85bc18be67aa7eda765854300033af4896dd779b608640f2ef7a?s=96&d=mm&r=g","caption":"Diario1 Diario1"},"url":"https:\/\/diariotextual.com\/inicio\/index.php\/author\/diario1\/"}]}},"_links":{"self":[{"href":"https:\/\/diariotextual.com\/inicio\/index.php\/wp-json\/wp\/v2\/posts\/153889","targetHints":{"allow":["GET"]}}],"collection":[{"href":"https:\/\/diariotextual.com\/inicio\/index.php\/wp-json\/wp\/v2\/posts"}],"about":[{"href":"https:\/\/diariotextual.com\/inicio\/index.php\/wp-json\/wp\/v2\/types\/post"}],"author":[{"embeddable":true,"href":"https:\/\/diariotextual.com\/inicio\/index.php\/wp-json\/wp\/v2\/users\/3"}],"replies":[{"embeddable":true,"href":"https:\/\/diariotextual.com\/inicio\/index.php\/wp-json\/wp\/v2\/comments?post=153889"}],"version-history":[{"count":10,"href":"https:\/\/diariotextual.com\/inicio\/index.php\/wp-json\/wp\/v2\/posts\/153889\/revisions"}],"predecessor-version":[{"id":153902,"href":"https:\/\/diariotextual.com\/inicio\/index.php\/wp-json\/wp\/v2\/posts\/153889\/revisions\/153902"}],"wp:featuredmedia":[{"embeddable":true,"href":"https:\/\/diariotextual.com\/inicio\/index.php\/wp-json\/wp\/v2\/media\/153120"}],"wp:attachment":[{"href":"https:\/\/diariotextual.com\/inicio\/index.php\/wp-json\/wp\/v2\/media?parent=153889"}],"wp:term":[{"taxonomy":"category","embeddable":true,"href":"https:\/\/diariotextual.com\/inicio\/index.php\/wp-json\/wp\/v2\/categories?post=153889"},{"taxonomy":"post_tag","embeddable":true,"href":"https:\/\/diariotextual.com\/inicio\/index.php\/wp-json\/wp\/v2\/tags?post=153889"}],"curies":[{"name":"wp","href":"https:\/\/api.w.org\/{rel}","templated":true}]}}