{"id":153995,"date":"2021-07-13T20:22:16","date_gmt":"2021-07-13T23:22:16","guid":{"rendered":"https:\/\/diariotextual.com\/inicio\/?p=153995"},"modified":"2021-07-14T06:27:10","modified_gmt":"2021-07-14T09:27:10","slug":"varinia-marin-confirmo-que-es-candidata-decidi-aceptar-este-desafio","status":"publish","type":"post","link":"https:\/\/diariotextual.com\/inicio\/index.php\/2021\/07\/13\/varinia-marin-confirmo-que-es-candidata-decidi-aceptar-este-desafio\/","title":{"rendered":"Varinia Mar\u00edn confirm\u00f3 que es candidata: \u00abDecid\u00ed aceptar este desaf\u00edo\u00bb"},"content":{"rendered":"\n<p><strong>Varinia Lis Mar\u00edn<\/strong> anunci\u00f3 en la noche de este martes que ser\u00e1 <strong>candidata a diputada nacional<\/strong> por el Frente de Todos, la coalici\u00f3n que encabeza el peronismo. A\u00fan no se determin\u00f3 si ser\u00e1 primera o segunda postulante. El otro que se candidatea a diputado es Ariel Rauschenberger.<\/p>\n\n\n\n<p>\u00abLichy\u00bb, de esta manera, confirm\u00f3 <strong><a href=\"https:\/\/diariotextual.com\/inicio\/index.php\/2021\/07\/08\/la-lista-que-quiere-ziliotto-bensusan-luchy-alonso-rauschenberger-y-lichy-marin\/\" target=\"_blank\" rel=\"noreferrer noopener\">el adelanto en exclusiva de Diario Textual<\/a><\/strong>: era la postulante que pidi\u00f3 el gobernador Sergio Ziliotto, convertido en el \u00abgran elector\u00bb del peronismo.<\/p>\n\n\n\n<p><strong>Varinia Mar\u00edn dio a conocer su postulaci\u00f3n a trav\u00e9s de un posteo en las redes sociales. <\/strong>\u00abSer\u00e1 un orgullo para m\u00ed integrar como precandidata a Diputada Nacional una lista de unidad del peronismo pampeano y m\u00e1s a\u00fan la posibilidad de representar al pueblo de mi provincia. <strong>Decid\u00ed aceptar con humildad este desaf\u00edo, sumando mi aporte a quienes defender\u00e1n en la Naci\u00f3n los intereses de las y los pampeanos<\/strong>\u00ab, sostuvo.<\/p>\n\n\n\n<p>El nombre de \u201cLichy\u201d se ven\u00eda analizando desde hace meses. En la \u00faltima semana, hubo&nbsp;<strong>fuertes operaciones de prensa de medios tradicionales<\/strong>&nbsp;que indicaban, falsamente, que la dirigente hab\u00eda dicho que \u201cno\u201d al ofrecimiento.<\/p>\n\n\n\n<p>En las \u00faltimas horas, Ziliotto se reuni\u00f3 con Rub\u00e9n Mar\u00edn, l\u00edder de Convergencia, y dijo que prefer\u00eda que \u00abLichy\u00bb fuera la postulante.<br><\/p>\n\n\n\n<p>\u00abGran parte de mi vida contiene la militancia persiguiendo siempre el sue\u00f1o enorme de una Patria justa, libre y soberana. Si el pueblo pampeano as\u00ed lo quiere ser\u00e1 desde una banca en el Congreso, poniendo mi mayor esfuerzo y trabajo para honrar su voluntad\u00bb, expres\u00f3.<br><\/p>\n\n\n\n<p>\u00abGracias a mi conductor Rub\u00e9n Hugo Mar\u00edn por la confianza infinita. Gracias al Gobernador Sergio Ziliotto por su propuesta c\u00e1lida y respetuosa. Gracias a mis compa\u00f1eras y compa\u00f1eros de militancia de tantos a\u00f1os por el aguante y el apoyo solidario de cada mensaje\u00bb, dijo.<br><\/p>\n\n\n\n<p>\u00abEspero estar a la altura de este desaf\u00edo para poder seguir construyendo el pa\u00eds y la provincia que nos merecemos\u00bb, finaliz\u00f3 su mensaje.<\/p>\n\n\n\n<p><\/p>\n\n\n\n<figure class=\"wp-block-embed is-type-wp-embed is-provider-diario-textual wp-block-embed-diario-textual\"><div class=\"wp-block-embed__wrapper\">\n<blockquote class=\"wp-embedded-content\" data-secret=\"q5W4KzK26a\"><a href=\"https:\/\/diariotextual.com\/inicio\/index.php\/2021\/07\/13\/ziliotto-a-marin-quiero-que-lichy-sea-la-candidata-a-diputada\/\">Ziliotto a Mar\u00edn: &#8220;Quiero que Lichy sea la candidata a diputada&#8221;<\/a><\/blockquote><iframe class=\"wp-embedded-content\" sandbox=\"allow-scripts\" security=\"restricted\" style=\"position: absolute; clip: rect(1px, 1px, 1px, 1px);\" title=\"\u00abZiliotto a Mar\u00edn: &#8220;Quiero que Lichy sea la candidata a diputada&#8221;\u00bb \u2014 Diario Textual\" src=\"https:\/\/diariotextual.com\/inicio\/index.php\/2021\/07\/13\/ziliotto-a-marin-quiero-que-lichy-sea-la-candidata-a-diputada\/embed\/#?secret=q5W4KzK26a\" data-secret=\"q5W4KzK26a\" width=\"600\" height=\"338\" frameborder=\"0\" marginwidth=\"0\" marginheight=\"0\" scrolling=\"no\"><\/iframe>\n<\/div><\/figure>\n\n\n\n<p><\/p>\n\n\n\n<p><strong><br>La lista del Frente de Todos contiene a los cuatro principales sectores del peronismo.<\/strong>&nbsp;Estar\u00e1 encabezada por el candidato a senador&nbsp;<strong><a href=\"https:\/\/diariotextual.com\/inicio\/index.php\/2021\/07\/07\/bensusan-subido-al-ring-hay-que-elegir-entre-dos-modelos\/\" target=\"_blank\" rel=\"noreferrer noopener\">Daniel Pablo Bensus\u00e1n<\/a>&nbsp;<\/strong>(propuesto por La Plural, luego de la ca\u00edda de Carlos Verna). Su compa\u00f1era de f\u00f3rmula ser\u00e1<strong>&nbsp;Mar\u00eda Luz \u201cLuchy\u201d Alonso<\/strong>&nbsp;(La C\u00e1mpora).<\/p>\n\n\n\n<p>En tanto, \u201cLichy\u201d y<strong>\u00a0Ariel Rauschenberger\u00a0<\/strong>(Compromiso) ser\u00e1n los dos candidatos a diputados. No se determin\u00f3 a\u00fan qui\u00e9n de los dos encabezar\u00e1, contaron fuentes partidarias a Diario Textual.<\/p>\n\n\n\n<p><\/p>\n\n\n\n<p><\/p>\n","protected":false},"excerpt":{"rendered":"<p>Varinia Lis Mar\u00edn anunci\u00f3 en la noche de este martes que ser\u00e1 candidata a diputada nacional por el Frente de Todos, la coalici\u00f3n que encabeza el peronismo. A\u00fan no se&hellip;<\/p>\n","protected":false},"author":3,"featured_media":153996,"comment_status":"closed","ping_status":"open","sticky":false,"template":"","format":"standard","meta":{"_acf_changed":false,"footnotes":""},"categories":[10,8],"tags":[271],"class_list":["post-153995","post","type-post","status-publish","format-standard","has-post-thumbnail","hentry","category-portada-2","category-politica","tag-marin"],"acf":[],"yoast_head":"<!-- This site is optimized with the Yoast SEO plugin v27.5 - https:\/\/yoast.com\/product\/yoast-seo-wordpress\/ -->\n<title>Varinia Mar\u00edn confirm\u00f3 que es candidata: &quot;Decid\u00ed aceptar este desaf\u00edo&quot; - Diario Textual<\/title>\n<meta name=\"robots\" content=\"index, follow, max-snippet:-1, max-image-preview:large, max-video-preview:-1\" \/>\n<link rel=\"canonical\" href=\"https:\/\/diariotextual.com\/inicio\/index.php\/2021\/07\/13\/varinia-marin-confirmo-que-es-candidata-decidi-aceptar-este-desafio\/\" \/>\n<meta property=\"og:locale\" content=\"es_ES\" \/>\n<meta property=\"og:type\" content=\"article\" \/>\n<meta property=\"og:title\" content=\"Varinia Mar\u00edn confirm\u00f3 que es candidata: &quot;Decid\u00ed aceptar este desaf\u00edo&quot; - Diario Textual\" \/>\n<meta property=\"og:description\" content=\"Varinia Lis Mar\u00edn anunci\u00f3 en la noche de este martes que ser\u00e1 candidata a diputada nacional por el Frente de Todos, la coalici\u00f3n que encabeza el peronismo. A\u00fan no se&hellip;\" \/>\n<meta property=\"og:url\" content=\"https:\/\/diariotextual.com\/inicio\/index.php\/2021\/07\/13\/varinia-marin-confirmo-que-es-candidata-decidi-aceptar-este-desafio\/\" \/>\n<meta property=\"og:site_name\" content=\"Diario Textual\" \/>\n<meta property=\"article:publisher\" content=\"https:\/\/www.facebook.com\/eltextual\" \/>\n<meta property=\"article:published_time\" content=\"2021-07-13T23:22:16+00:00\" \/>\n<meta property=\"article:modified_time\" content=\"2021-07-14T09:27:10+00:00\" \/>\n<meta property=\"og:image\" content=\"https:\/\/diariotextual.com\/inicio\/wp-content\/uploads\/2021\/07\/marinvarinialislichy2021-3.jpg\" \/>\n\t<meta property=\"og:image:width\" content=\"851\" \/>\n\t<meta property=\"og:image:height\" content=\"680\" \/>\n\t<meta property=\"og:image:type\" content=\"image\/jpeg\" \/>\n<meta name=\"author\" content=\"Diario1 Diario1\" \/>\n<meta name=\"twitter:card\" content=\"summary_large_image\" \/>\n<meta name=\"twitter:creator\" content=\"@eltextual\" \/>\n<meta name=\"twitter:site\" content=\"@eltextual\" \/>\n<meta name=\"twitter:label1\" content=\"Escrito por\" \/>\n\t<meta name=\"twitter:data1\" content=\"Diario1 Diario1\" \/>\n\t<meta name=\"twitter:label2\" content=\"Tiempo de lectura\" \/>\n\t<meta name=\"twitter:data2\" content=\"2 minutos\" \/>\n<script type=\"application\/ld+json\" class=\"yoast-schema-graph\">{\"@context\":\"https:\\\/\\\/schema.org\",\"@graph\":[{\"@type\":\"Article\",\"@id\":\"https:\\\/\\\/diariotextual.com\\\/inicio\\\/index.php\\\/2021\\\/07\\\/13\\\/varinia-marin-confirmo-que-es-candidata-decidi-aceptar-este-desafio\\\/#article\",\"isPartOf\":{\"@id\":\"https:\\\/\\\/diariotextual.com\\\/inicio\\\/index.php\\\/2021\\\/07\\\/13\\\/varinia-marin-confirmo-que-es-candidata-decidi-aceptar-este-desafio\\\/\"},\"author\":{\"name\":\"Diario1 Diario1\",\"@id\":\"https:\\\/\\\/diariotextual.com\\\/inicio\\\/#\\\/schema\\\/person\\\/418fc4093c33e86ed41562db3508f958\"},\"headline\":\"Varinia Mar\u00edn confirm\u00f3 que es candidata: \u00abDecid\u00ed aceptar este desaf\u00edo\u00bb\",\"datePublished\":\"2021-07-13T23:22:16+00:00\",\"dateModified\":\"2021-07-14T09:27:10+00:00\",\"mainEntityOfPage\":{\"@id\":\"https:\\\/\\\/diariotextual.com\\\/inicio\\\/index.php\\\/2021\\\/07\\\/13\\\/varinia-marin-confirmo-que-es-candidata-decidi-aceptar-este-desafio\\\/\"},\"wordCount\":447,\"publisher\":{\"@id\":\"https:\\\/\\\/diariotextual.com\\\/inicio\\\/#organization\"},\"image\":{\"@id\":\"https:\\\/\\\/diariotextual.com\\\/inicio\\\/index.php\\\/2021\\\/07\\\/13\\\/varinia-marin-confirmo-que-es-candidata-decidi-aceptar-este-desafio\\\/#primaryimage\"},\"thumbnailUrl\":\"https:\\\/\\\/diariotextual.com\\\/inicio\\\/wp-content\\\/uploads\\\/2021\\\/07\\\/marinvarinialislichy2021-3.jpg\",\"keywords\":[\"marin\"],\"articleSection\":[\"A - PORTADA2\",\"POLITICA\"],\"inLanguage\":\"es\"},{\"@type\":\"WebPage\",\"@id\":\"https:\\\/\\\/diariotextual.com\\\/inicio\\\/index.php\\\/2021\\\/07\\\/13\\\/varinia-marin-confirmo-que-es-candidata-decidi-aceptar-este-desafio\\\/\",\"url\":\"https:\\\/\\\/diariotextual.com\\\/inicio\\\/index.php\\\/2021\\\/07\\\/13\\\/varinia-marin-confirmo-que-es-candidata-decidi-aceptar-este-desafio\\\/\",\"name\":\"Varinia Mar\u00edn confirm\u00f3 que es candidata: \\\"Decid\u00ed aceptar este desaf\u00edo\\\" - Diario Textual\",\"isPartOf\":{\"@id\":\"https:\\\/\\\/diariotextual.com\\\/inicio\\\/#website\"},\"primaryImageOfPage\":{\"@id\":\"https:\\\/\\\/diariotextual.com\\\/inicio\\\/index.php\\\/2021\\\/07\\\/13\\\/varinia-marin-confirmo-que-es-candidata-decidi-aceptar-este-desafio\\\/#primaryimage\"},\"image\":{\"@id\":\"https:\\\/\\\/diariotextual.com\\\/inicio\\\/index.php\\\/2021\\\/07\\\/13\\\/varinia-marin-confirmo-que-es-candidata-decidi-aceptar-este-desafio\\\/#primaryimage\"},\"thumbnailUrl\":\"https:\\\/\\\/diariotextual.com\\\/inicio\\\/wp-content\\\/uploads\\\/2021\\\/07\\\/marinvarinialislichy2021-3.jpg\",\"datePublished\":\"2021-07-13T23:22:16+00:00\",\"dateModified\":\"2021-07-14T09:27:10+00:00\",\"breadcrumb\":{\"@id\":\"https:\\\/\\\/diariotextual.com\\\/inicio\\\/index.php\\\/2021\\\/07\\\/13\\\/varinia-marin-confirmo-que-es-candidata-decidi-aceptar-este-desafio\\\/#breadcrumb\"},\"inLanguage\":\"es\",\"potentialAction\":[{\"@type\":\"ReadAction\",\"target\":[\"https:\\\/\\\/diariotextual.com\\\/inicio\\\/index.php\\\/2021\\\/07\\\/13\\\/varinia-marin-confirmo-que-es-candidata-decidi-aceptar-este-desafio\\\/\"]}]},{\"@type\":\"ImageObject\",\"inLanguage\":\"es\",\"@id\":\"https:\\\/\\\/diariotextual.com\\\/inicio\\\/index.php\\\/2021\\\/07\\\/13\\\/varinia-marin-confirmo-que-es-candidata-decidi-aceptar-este-desafio\\\/#primaryimage\",\"url\":\"https:\\\/\\\/diariotextual.com\\\/inicio\\\/wp-content\\\/uploads\\\/2021\\\/07\\\/marinvarinialislichy2021-3.jpg\",\"contentUrl\":\"https:\\\/\\\/diariotextual.com\\\/inicio\\\/wp-content\\\/uploads\\\/2021\\\/07\\\/marinvarinialislichy2021-3.jpg\",\"width\":851,\"height\":680},{\"@type\":\"BreadcrumbList\",\"@id\":\"https:\\\/\\\/diariotextual.com\\\/inicio\\\/index.php\\\/2021\\\/07\\\/13\\\/varinia-marin-confirmo-que-es-candidata-decidi-aceptar-este-desafio\\\/#breadcrumb\",\"itemListElement\":[{\"@type\":\"ListItem\",\"position\":1,\"name\":\"Portada\",\"item\":\"https:\\\/\\\/diariotextual.com\\\/inicio\\\/\"},{\"@type\":\"ListItem\",\"position\":2,\"name\":\"Varinia Mar\u00edn confirm\u00f3 que es candidata: \u00abDecid\u00ed aceptar este desaf\u00edo\u00bb\"}]},{\"@type\":\"WebSite\",\"@id\":\"https:\\\/\\\/diariotextual.com\\\/inicio\\\/#website\",\"url\":\"https:\\\/\\\/diariotextual.com\\\/inicio\\\/\",\"name\":\"Diario Textual\",\"description\":\"\",\"publisher\":{\"@id\":\"https:\\\/\\\/diariotextual.com\\\/inicio\\\/#organization\"},\"potentialAction\":[{\"@type\":\"SearchAction\",\"target\":{\"@type\":\"EntryPoint\",\"urlTemplate\":\"https:\\\/\\\/diariotextual.com\\\/inicio\\\/?s={search_term_string}\"},\"query-input\":{\"@type\":\"PropertyValueSpecification\",\"valueRequired\":true,\"valueName\":\"search_term_string\"}}],\"inLanguage\":\"es\"},{\"@type\":\"Organization\",\"@id\":\"https:\\\/\\\/diariotextual.com\\\/inicio\\\/#organization\",\"name\":\"Diario Textual\",\"url\":\"https:\\\/\\\/diariotextual.com\\\/inicio\\\/\",\"logo\":{\"@type\":\"ImageObject\",\"inLanguage\":\"es\",\"@id\":\"https:\\\/\\\/diariotextual.com\\\/inicio\\\/#\\\/schema\\\/logo\\\/image\\\/\",\"url\":\"https:\\\/\\\/diariotextual.com\\\/inicio\\\/wp-content\\\/uploads\\\/2023\\\/05\\\/logotextual1.jpg\",\"contentUrl\":\"https:\\\/\\\/diariotextual.com\\\/inicio\\\/wp-content\\\/uploads\\\/2023\\\/05\\\/logotextual1.jpg\",\"width\":516,\"height\":76,\"caption\":\"Diario Textual\"},\"image\":{\"@id\":\"https:\\\/\\\/diariotextual.com\\\/inicio\\\/#\\\/schema\\\/logo\\\/image\\\/\"},\"sameAs\":[\"https:\\\/\\\/www.facebook.com\\\/eltextual\",\"https:\\\/\\\/x.com\\\/eltextual\",\"http:\\\/\\\/www.instagram.com\\\/eltextual\"]},{\"@type\":\"Person\",\"@id\":\"https:\\\/\\\/diariotextual.com\\\/inicio\\\/#\\\/schema\\\/person\\\/418fc4093c33e86ed41562db3508f958\",\"name\":\"Diario1 Diario1\",\"image\":{\"@type\":\"ImageObject\",\"inLanguage\":\"es\",\"@id\":\"https:\\\/\\\/secure.gravatar.com\\\/avatar\\\/9167d280179c85bc18be67aa7eda765854300033af4896dd779b608640f2ef7a?s=96&d=mm&r=g\",\"url\":\"https:\\\/\\\/secure.gravatar.com\\\/avatar\\\/9167d280179c85bc18be67aa7eda765854300033af4896dd779b608640f2ef7a?s=96&d=mm&r=g\",\"contentUrl\":\"https:\\\/\\\/secure.gravatar.com\\\/avatar\\\/9167d280179c85bc18be67aa7eda765854300033af4896dd779b608640f2ef7a?s=96&d=mm&r=g\",\"caption\":\"Diario1 Diario1\"},\"url\":\"https:\\\/\\\/diariotextual.com\\\/inicio\\\/index.php\\\/author\\\/diario1\\\/\"}]}<\/script>\n<!-- \/ Yoast SEO plugin. -->","yoast_head_json":{"title":"Varinia Mar\u00edn confirm\u00f3 que es candidata: \"Decid\u00ed aceptar este desaf\u00edo\" - Diario Textual","robots":{"index":"index","follow":"follow","max-snippet":"max-snippet:-1","max-image-preview":"max-image-preview:large","max-video-preview":"max-video-preview:-1"},"canonical":"https:\/\/diariotextual.com\/inicio\/index.php\/2021\/07\/13\/varinia-marin-confirmo-que-es-candidata-decidi-aceptar-este-desafio\/","og_locale":"es_ES","og_type":"article","og_title":"Varinia Mar\u00edn confirm\u00f3 que es candidata: \"Decid\u00ed aceptar este desaf\u00edo\" - Diario Textual","og_description":"Varinia Lis Mar\u00edn anunci\u00f3 en la noche de este martes que ser\u00e1 candidata a diputada nacional por el Frente de Todos, la coalici\u00f3n que encabeza el peronismo. A\u00fan no se&hellip;","og_url":"https:\/\/diariotextual.com\/inicio\/index.php\/2021\/07\/13\/varinia-marin-confirmo-que-es-candidata-decidi-aceptar-este-desafio\/","og_site_name":"Diario Textual","article_publisher":"https:\/\/www.facebook.com\/eltextual","article_published_time":"2021-07-13T23:22:16+00:00","article_modified_time":"2021-07-14T09:27:10+00:00","og_image":[{"width":851,"height":680,"url":"https:\/\/diariotextual.com\/inicio\/wp-content\/uploads\/2021\/07\/marinvarinialislichy2021-3.jpg","type":"image\/jpeg"}],"author":"Diario1 Diario1","twitter_card":"summary_large_image","twitter_creator":"@eltextual","twitter_site":"@eltextual","twitter_misc":{"Escrito por":"Diario1 Diario1","Tiempo de lectura":"2 minutos"},"schema":{"@context":"https:\/\/schema.org","@graph":[{"@type":"Article","@id":"https:\/\/diariotextual.com\/inicio\/index.php\/2021\/07\/13\/varinia-marin-confirmo-que-es-candidata-decidi-aceptar-este-desafio\/#article","isPartOf":{"@id":"https:\/\/diariotextual.com\/inicio\/index.php\/2021\/07\/13\/varinia-marin-confirmo-que-es-candidata-decidi-aceptar-este-desafio\/"},"author":{"name":"Diario1 Diario1","@id":"https:\/\/diariotextual.com\/inicio\/#\/schema\/person\/418fc4093c33e86ed41562db3508f958"},"headline":"Varinia Mar\u00edn confirm\u00f3 que es candidata: \u00abDecid\u00ed aceptar este desaf\u00edo\u00bb","datePublished":"2021-07-13T23:22:16+00:00","dateModified":"2021-07-14T09:27:10+00:00","mainEntityOfPage":{"@id":"https:\/\/diariotextual.com\/inicio\/index.php\/2021\/07\/13\/varinia-marin-confirmo-que-es-candidata-decidi-aceptar-este-desafio\/"},"wordCount":447,"publisher":{"@id":"https:\/\/diariotextual.com\/inicio\/#organization"},"image":{"@id":"https:\/\/diariotextual.com\/inicio\/index.php\/2021\/07\/13\/varinia-marin-confirmo-que-es-candidata-decidi-aceptar-este-desafio\/#primaryimage"},"thumbnailUrl":"https:\/\/diariotextual.com\/inicio\/wp-content\/uploads\/2021\/07\/marinvarinialislichy2021-3.jpg","keywords":["marin"],"articleSection":["A - PORTADA2","POLITICA"],"inLanguage":"es"},{"@type":"WebPage","@id":"https:\/\/diariotextual.com\/inicio\/index.php\/2021\/07\/13\/varinia-marin-confirmo-que-es-candidata-decidi-aceptar-este-desafio\/","url":"https:\/\/diariotextual.com\/inicio\/index.php\/2021\/07\/13\/varinia-marin-confirmo-que-es-candidata-decidi-aceptar-este-desafio\/","name":"Varinia Mar\u00edn confirm\u00f3 que es candidata: \"Decid\u00ed aceptar este desaf\u00edo\" - Diario Textual","isPartOf":{"@id":"https:\/\/diariotextual.com\/inicio\/#website"},"primaryImageOfPage":{"@id":"https:\/\/diariotextual.com\/inicio\/index.php\/2021\/07\/13\/varinia-marin-confirmo-que-es-candidata-decidi-aceptar-este-desafio\/#primaryimage"},"image":{"@id":"https:\/\/diariotextual.com\/inicio\/index.php\/2021\/07\/13\/varinia-marin-confirmo-que-es-candidata-decidi-aceptar-este-desafio\/#primaryimage"},"thumbnailUrl":"https:\/\/diariotextual.com\/inicio\/wp-content\/uploads\/2021\/07\/marinvarinialislichy2021-3.jpg","datePublished":"2021-07-13T23:22:16+00:00","dateModified":"2021-07-14T09:27:10+00:00","breadcrumb":{"@id":"https:\/\/diariotextual.com\/inicio\/index.php\/2021\/07\/13\/varinia-marin-confirmo-que-es-candidata-decidi-aceptar-este-desafio\/#breadcrumb"},"inLanguage":"es","potentialAction":[{"@type":"ReadAction","target":["https:\/\/diariotextual.com\/inicio\/index.php\/2021\/07\/13\/varinia-marin-confirmo-que-es-candidata-decidi-aceptar-este-desafio\/"]}]},{"@type":"ImageObject","inLanguage":"es","@id":"https:\/\/diariotextual.com\/inicio\/index.php\/2021\/07\/13\/varinia-marin-confirmo-que-es-candidata-decidi-aceptar-este-desafio\/#primaryimage","url":"https:\/\/diariotextual.com\/inicio\/wp-content\/uploads\/2021\/07\/marinvarinialislichy2021-3.jpg","contentUrl":"https:\/\/diariotextual.com\/inicio\/wp-content\/uploads\/2021\/07\/marinvarinialislichy2021-3.jpg","width":851,"height":680},{"@type":"BreadcrumbList","@id":"https:\/\/diariotextual.com\/inicio\/index.php\/2021\/07\/13\/varinia-marin-confirmo-que-es-candidata-decidi-aceptar-este-desafio\/#breadcrumb","itemListElement":[{"@type":"ListItem","position":1,"name":"Portada","item":"https:\/\/diariotextual.com\/inicio\/"},{"@type":"ListItem","position":2,"name":"Varinia Mar\u00edn confirm\u00f3 que es candidata: \u00abDecid\u00ed aceptar este desaf\u00edo\u00bb"}]},{"@type":"WebSite","@id":"https:\/\/diariotextual.com\/inicio\/#website","url":"https:\/\/diariotextual.com\/inicio\/","name":"Diario Textual","description":"","publisher":{"@id":"https:\/\/diariotextual.com\/inicio\/#organization"},"potentialAction":[{"@type":"SearchAction","target":{"@type":"EntryPoint","urlTemplate":"https:\/\/diariotextual.com\/inicio\/?s={search_term_string}"},"query-input":{"@type":"PropertyValueSpecification","valueRequired":true,"valueName":"search_term_string"}}],"inLanguage":"es"},{"@type":"Organization","@id":"https:\/\/diariotextual.com\/inicio\/#organization","name":"Diario Textual","url":"https:\/\/diariotextual.com\/inicio\/","logo":{"@type":"ImageObject","inLanguage":"es","@id":"https:\/\/diariotextual.com\/inicio\/#\/schema\/logo\/image\/","url":"https:\/\/diariotextual.com\/inicio\/wp-content\/uploads\/2023\/05\/logotextual1.jpg","contentUrl":"https:\/\/diariotextual.com\/inicio\/wp-content\/uploads\/2023\/05\/logotextual1.jpg","width":516,"height":76,"caption":"Diario Textual"},"image":{"@id":"https:\/\/diariotextual.com\/inicio\/#\/schema\/logo\/image\/"},"sameAs":["https:\/\/www.facebook.com\/eltextual","https:\/\/x.com\/eltextual","http:\/\/www.instagram.com\/eltextual"]},{"@type":"Person","@id":"https:\/\/diariotextual.com\/inicio\/#\/schema\/person\/418fc4093c33e86ed41562db3508f958","name":"Diario1 Diario1","image":{"@type":"ImageObject","inLanguage":"es","@id":"https:\/\/secure.gravatar.com\/avatar\/9167d280179c85bc18be67aa7eda765854300033af4896dd779b608640f2ef7a?s=96&d=mm&r=g","url":"https:\/\/secure.gravatar.com\/avatar\/9167d280179c85bc18be67aa7eda765854300033af4896dd779b608640f2ef7a?s=96&d=mm&r=g","contentUrl":"https:\/\/secure.gravatar.com\/avatar\/9167d280179c85bc18be67aa7eda765854300033af4896dd779b608640f2ef7a?s=96&d=mm&r=g","caption":"Diario1 Diario1"},"url":"https:\/\/diariotextual.com\/inicio\/index.php\/author\/diario1\/"}]}},"_links":{"self":[{"href":"https:\/\/diariotextual.com\/inicio\/index.php\/wp-json\/wp\/v2\/posts\/153995","targetHints":{"allow":["GET"]}}],"collection":[{"href":"https:\/\/diariotextual.com\/inicio\/index.php\/wp-json\/wp\/v2\/posts"}],"about":[{"href":"https:\/\/diariotextual.com\/inicio\/index.php\/wp-json\/wp\/v2\/types\/post"}],"author":[{"embeddable":true,"href":"https:\/\/diariotextual.com\/inicio\/index.php\/wp-json\/wp\/v2\/users\/3"}],"replies":[{"embeddable":true,"href":"https:\/\/diariotextual.com\/inicio\/index.php\/wp-json\/wp\/v2\/comments?post=153995"}],"version-history":[{"count":12,"href":"https:\/\/diariotextual.com\/inicio\/index.php\/wp-json\/wp\/v2\/posts\/153995\/revisions"}],"predecessor-version":[{"id":154017,"href":"https:\/\/diariotextual.com\/inicio\/index.php\/wp-json\/wp\/v2\/posts\/153995\/revisions\/154017"}],"wp:featuredmedia":[{"embeddable":true,"href":"https:\/\/diariotextual.com\/inicio\/index.php\/wp-json\/wp\/v2\/media\/153996"}],"wp:attachment":[{"href":"https:\/\/diariotextual.com\/inicio\/index.php\/wp-json\/wp\/v2\/media?parent=153995"}],"wp:term":[{"taxonomy":"category","embeddable":true,"href":"https:\/\/diariotextual.com\/inicio\/index.php\/wp-json\/wp\/v2\/categories?post=153995"},{"taxonomy":"post_tag","embeddable":true,"href":"https:\/\/diariotextual.com\/inicio\/index.php\/wp-json\/wp\/v2\/tags?post=153995"}],"curies":[{"name":"wp","href":"https:\/\/api.w.org\/{rel}","templated":true}]}}