{"id":154078,"date":"2021-07-14T10:07:10","date_gmt":"2021-07-14T13:07:10","guid":{"rendered":"https:\/\/diariotextual.com\/inicio\/?p=154078"},"modified":"2021-07-14T11:52:33","modified_gmt":"2021-07-14T14:52:33","slug":"sola-pego-el-portazo-en-compromiso-peronista-y-ya-junta-avales-para-presentar-lista","status":"publish","type":"post","link":"https:\/\/diariotextual.com\/inicio\/index.php\/2021\/07\/14\/sola-pego-el-portazo-en-compromiso-peronista-y-ya-junta-avales-para-presentar-lista\/","title":{"rendered":"Sola pega el portazo en Compromiso Peronista y amenaza con romper la unidad del Frente de Todos"},"content":{"rendered":"\n<p>El diputado provincial <strong>Facundo Sola (Frente Justicialista Pampeano)<\/strong> peg\u00f3 el portazo en <strong>Compromiso Peronista<\/strong> y <strong>amenaz\u00f3 con romper la unidad del Frente de Todos pampeano<\/strong>. Este martes retir\u00f3 planillas en el PJ para juntar avales y, por ahora, pretende presentar lista propia en las PASO para disputar candidaturas legislativas. Lo har\u00eda con el nombre de<strong> Alternativa Pampeana.<\/strong><\/p>\n\n\n\n<figure class=\"wp-block-embed is-type-wp-embed is-provider-diario-textual wp-block-embed-diario-textual\"><div class=\"wp-block-embed__wrapper\">\n<blockquote class=\"wp-embedded-content\" data-secret=\"ik3x2Oeh5u\"><a href=\"https:\/\/diariotextual.com\/inicio\/index.php\/2021\/07\/14\/sola-alternativa-pampeana-es-una-nueva-linea-y-voy-de-candidato\/\">Sola: &#8220;Alternativa Pampeana es una nueva l\u00ednea y voy de candidato&#8221;<\/a><\/blockquote><iframe class=\"wp-embedded-content\" sandbox=\"allow-scripts\" security=\"restricted\" style=\"position: absolute; clip: rect(1px, 1px, 1px, 1px);\" title=\"\u00abSola: &#8220;Alternativa Pampeana es una nueva l\u00ednea y voy de candidato&#8221;\u00bb \u2014 Diario Textual\" src=\"https:\/\/diariotextual.com\/inicio\/index.php\/2021\/07\/14\/sola-alternativa-pampeana-es-una-nueva-linea-y-voy-de-candidato\/embed\/#?secret=ik3x2Oeh5u\" data-secret=\"ik3x2Oeh5u\" width=\"600\" height=\"338\" frameborder=\"0\" marginwidth=\"0\" marginheight=\"0\" scrolling=\"no\"><\/iframe>\n<\/div><\/figure>\n\n\n\n<p>Sola pertenece al mismo espacio interno del PJ que el actual diputado nacional Ariel Rauschenberger, el elegido por el gobernador Sergio Ziliotto para integrar la f\u00f3rmula para la C\u00e1mara de Diputados junto a Varinia Mar\u00edn, de Convergencia.<\/p>\n\n\n\n<p>El exintendente de Realic\u00f3, seg\u00fan trascendi\u00f3, est\u00e1 disconforme con la forma en que se eligieron a los candidatos y, adem\u00e1s, considera que Rauschenberger no pertenece m\u00e1s a Compromiso Peronista por su acercamiento a la L\u00ednea Plural, que comanda el exgobernador Carlos Verna.<\/p>\n\n\n\n<p><\/p>\n\n\n\n<figure class=\"wp-block-embed is-type-wp-embed is-provider-diario-textual wp-block-embed-diario-textual\"><div class=\"wp-block-embed__wrapper\">\n<blockquote class=\"wp-embedded-content\" data-secret=\"0CDWyc2fqr\"><a href=\"https:\/\/diariotextual.com\/inicio\/index.php\/2021\/07\/13\/varinia-marin-confirmo-que-es-candidata-decidi-aceptar-este-desafio\/\">Varinia Mar\u00edn confirm\u00f3 que es candidata: &#8220;Decid\u00ed aceptar este desaf\u00edo&#8221;<\/a><\/blockquote><iframe class=\"wp-embedded-content\" sandbox=\"allow-scripts\" security=\"restricted\" style=\"position: absolute; clip: rect(1px, 1px, 1px, 1px);\" title=\"\u00abVarinia Mar\u00edn confirm\u00f3 que es candidata: &#8220;Decid\u00ed aceptar este desaf\u00edo&#8221;\u00bb \u2014 Diario Textual\" src=\"https:\/\/diariotextual.com\/inicio\/index.php\/2021\/07\/13\/varinia-marin-confirmo-que-es-candidata-decidi-aceptar-este-desafio\/embed\/#?secret=0CDWyc2fqr\" data-secret=\"0CDWyc2fqr\" width=\"600\" height=\"338\" frameborder=\"0\" marginwidth=\"0\" marginheight=\"0\" scrolling=\"no\"><\/iframe>\n<\/div><\/figure>\n\n\n\n<p>El plazo de presentaci\u00f3n de candidatos vence el 24 de julio. En el PJ dudan de que Sola pueda alcanzar la cantidad de avales suficientes para presentar candidaturas tanto para senadores como para diputados nacionales.<\/p>\n\n\n\n<p>Hasta el momento, se ha anunciado la presentaci\u00f3n de una sola lista que ha sido promocionada como la de \u00abunidad\u00bb del peronismo.<\/p>\n\n\n\n<p><strong>Contiene a los cuatro principales sectores del peronismo.<\/strong>&nbsp;Estar\u00e1 encabezada por el candidato a senador&nbsp;<strong><a href=\"https:\/\/diariotextual.com\/inicio\/index.php\/2021\/07\/07\/bensusan-subido-al-ring-hay-que-elegir-entre-dos-modelos\/\" target=\"_blank\" rel=\"noreferrer noopener\">Daniel Pablo Bensus\u00e1n<\/a>&nbsp;<\/strong>(propuesto por La Plural, luego de la ca\u00edda de Carlos Verna). Su compa\u00f1era de f\u00f3rmula ser\u00e1<strong>&nbsp;Mar\u00eda Luz \u201cLuchy\u201d Alonso<\/strong>&nbsp;(La C\u00e1mpora).<\/p>\n\n\n\n<p>En tanto,<strong> Varinia \u201cLichy\u201d Mar\u00edn <\/strong>y<strong>&nbsp;Ariel Rauschenberger&nbsp;<\/strong>(Compromiso) ser\u00e1n los dos candidatos a diputados. <\/p>\n\n\n\n<p><\/p>\n\n\n\n<p><\/p>\n","protected":false},"excerpt":{"rendered":"<p>El diputado provincial Facundo Sola (Frente Justicialista Pampeano) peg\u00f3 el portazo en Compromiso Peronista y amenaz\u00f3 con romper la unidad del Frente de Todos pampeano. Este martes retir\u00f3 planillas en&hellip;<\/p>\n","protected":false},"author":7,"featured_media":12606,"comment_status":"closed","ping_status":"open","sticky":false,"template":"","format":"standard","meta":{"_acf_changed":false,"footnotes":""},"categories":[1,8],"tags":[807],"class_list":["post-154078","post","type-post","status-publish","format-standard","has-post-thumbnail","hentry","category-es-noticia","category-politica","tag-sola"],"acf":[],"yoast_head":"<!-- This site is optimized with the Yoast SEO plugin v27.5 - https:\/\/yoast.com\/product\/yoast-seo-wordpress\/ -->\n<title>Sola pega el portazo en Compromiso Peronista y amenaza con romper la unidad del Frente de Todos - Diario Textual<\/title>\n<meta name=\"robots\" content=\"index, follow, max-snippet:-1, max-image-preview:large, max-video-preview:-1\" \/>\n<link rel=\"canonical\" href=\"https:\/\/diariotextual.com\/inicio\/index.php\/2021\/07\/14\/sola-pego-el-portazo-en-compromiso-peronista-y-ya-junta-avales-para-presentar-lista\/\" \/>\n<meta property=\"og:locale\" content=\"es_ES\" \/>\n<meta property=\"og:type\" content=\"article\" \/>\n<meta property=\"og:title\" content=\"Sola pega el portazo en Compromiso Peronista y amenaza con romper la unidad del Frente de Todos - Diario Textual\" \/>\n<meta property=\"og:description\" content=\"El diputado provincial Facundo Sola (Frente Justicialista Pampeano) peg\u00f3 el portazo en Compromiso Peronista y amenaz\u00f3 con romper la unidad del Frente de Todos pampeano. Este martes retir\u00f3 planillas en&hellip;\" \/>\n<meta property=\"og:url\" content=\"https:\/\/diariotextual.com\/inicio\/index.php\/2021\/07\/14\/sola-pego-el-portazo-en-compromiso-peronista-y-ya-junta-avales-para-presentar-lista\/\" \/>\n<meta property=\"og:site_name\" content=\"Diario Textual\" \/>\n<meta property=\"article:publisher\" content=\"https:\/\/www.facebook.com\/eltextual\" \/>\n<meta property=\"article:published_time\" content=\"2021-07-14T13:07:10+00:00\" \/>\n<meta property=\"article:modified_time\" content=\"2021-07-14T14:52:33+00:00\" \/>\n<meta property=\"og:image\" content=\"https:\/\/diariotextual.com\/inicio\/wp-content\/uploads\/2018\/07\/solafacundo9111.jpg\" \/>\n\t<meta property=\"og:image:width\" content=\"3263\" \/>\n\t<meta property=\"og:image:height\" content=\"2149\" \/>\n\t<meta property=\"og:image:type\" content=\"image\/jpeg\" \/>\n<meta name=\"author\" content=\"diario5\" \/>\n<meta name=\"twitter:card\" content=\"summary_large_image\" \/>\n<meta name=\"twitter:creator\" content=\"@eltextual\" \/>\n<meta name=\"twitter:site\" content=\"@eltextual\" \/>\n<meta name=\"twitter:label1\" content=\"Escrito por\" \/>\n\t<meta name=\"twitter:data1\" content=\"diario5\" \/>\n\t<meta name=\"twitter:label2\" content=\"Tiempo de lectura\" \/>\n\t<meta name=\"twitter:data2\" content=\"2 minutos\" \/>\n<script type=\"application\/ld+json\" class=\"yoast-schema-graph\">{\"@context\":\"https:\\\/\\\/schema.org\",\"@graph\":[{\"@type\":\"Article\",\"@id\":\"https:\\\/\\\/diariotextual.com\\\/inicio\\\/index.php\\\/2021\\\/07\\\/14\\\/sola-pego-el-portazo-en-compromiso-peronista-y-ya-junta-avales-para-presentar-lista\\\/#article\",\"isPartOf\":{\"@id\":\"https:\\\/\\\/diariotextual.com\\\/inicio\\\/index.php\\\/2021\\\/07\\\/14\\\/sola-pego-el-portazo-en-compromiso-peronista-y-ya-junta-avales-para-presentar-lista\\\/\"},\"author\":{\"name\":\"diario5\",\"@id\":\"https:\\\/\\\/diariotextual.com\\\/inicio\\\/#\\\/schema\\\/person\\\/c7834961ad8b29b1d9cdbf4571299067\"},\"headline\":\"Sola pega el portazo en Compromiso Peronista y amenaza con romper la unidad del Frente de Todos\",\"datePublished\":\"2021-07-14T13:07:10+00:00\",\"dateModified\":\"2021-07-14T14:52:33+00:00\",\"mainEntityOfPage\":{\"@id\":\"https:\\\/\\\/diariotextual.com\\\/inicio\\\/index.php\\\/2021\\\/07\\\/14\\\/sola-pego-el-portazo-en-compromiso-peronista-y-ya-junta-avales-para-presentar-lista\\\/\"},\"wordCount\":303,\"publisher\":{\"@id\":\"https:\\\/\\\/diariotextual.com\\\/inicio\\\/#organization\"},\"image\":{\"@id\":\"https:\\\/\\\/diariotextual.com\\\/inicio\\\/index.php\\\/2021\\\/07\\\/14\\\/sola-pego-el-portazo-en-compromiso-peronista-y-ya-junta-avales-para-presentar-lista\\\/#primaryimage\"},\"thumbnailUrl\":\"https:\\\/\\\/diariotextual.com\\\/inicio\\\/wp-content\\\/uploads\\\/2018\\\/07\\\/solafacundo9111.jpg\",\"keywords\":[\"sola\"],\"articleSection\":[\"A - ES NOTICIA (van abajo)\",\"POLITICA\"],\"inLanguage\":\"es\"},{\"@type\":\"WebPage\",\"@id\":\"https:\\\/\\\/diariotextual.com\\\/inicio\\\/index.php\\\/2021\\\/07\\\/14\\\/sola-pego-el-portazo-en-compromiso-peronista-y-ya-junta-avales-para-presentar-lista\\\/\",\"url\":\"https:\\\/\\\/diariotextual.com\\\/inicio\\\/index.php\\\/2021\\\/07\\\/14\\\/sola-pego-el-portazo-en-compromiso-peronista-y-ya-junta-avales-para-presentar-lista\\\/\",\"name\":\"Sola pega el portazo en Compromiso Peronista y amenaza con romper la unidad del Frente de Todos - Diario Textual\",\"isPartOf\":{\"@id\":\"https:\\\/\\\/diariotextual.com\\\/inicio\\\/#website\"},\"primaryImageOfPage\":{\"@id\":\"https:\\\/\\\/diariotextual.com\\\/inicio\\\/index.php\\\/2021\\\/07\\\/14\\\/sola-pego-el-portazo-en-compromiso-peronista-y-ya-junta-avales-para-presentar-lista\\\/#primaryimage\"},\"image\":{\"@id\":\"https:\\\/\\\/diariotextual.com\\\/inicio\\\/index.php\\\/2021\\\/07\\\/14\\\/sola-pego-el-portazo-en-compromiso-peronista-y-ya-junta-avales-para-presentar-lista\\\/#primaryimage\"},\"thumbnailUrl\":\"https:\\\/\\\/diariotextual.com\\\/inicio\\\/wp-content\\\/uploads\\\/2018\\\/07\\\/solafacundo9111.jpg\",\"datePublished\":\"2021-07-14T13:07:10+00:00\",\"dateModified\":\"2021-07-14T14:52:33+00:00\",\"breadcrumb\":{\"@id\":\"https:\\\/\\\/diariotextual.com\\\/inicio\\\/index.php\\\/2021\\\/07\\\/14\\\/sola-pego-el-portazo-en-compromiso-peronista-y-ya-junta-avales-para-presentar-lista\\\/#breadcrumb\"},\"inLanguage\":\"es\",\"potentialAction\":[{\"@type\":\"ReadAction\",\"target\":[\"https:\\\/\\\/diariotextual.com\\\/inicio\\\/index.php\\\/2021\\\/07\\\/14\\\/sola-pego-el-portazo-en-compromiso-peronista-y-ya-junta-avales-para-presentar-lista\\\/\"]}]},{\"@type\":\"ImageObject\",\"inLanguage\":\"es\",\"@id\":\"https:\\\/\\\/diariotextual.com\\\/inicio\\\/index.php\\\/2021\\\/07\\\/14\\\/sola-pego-el-portazo-en-compromiso-peronista-y-ya-junta-avales-para-presentar-lista\\\/#primaryimage\",\"url\":\"https:\\\/\\\/diariotextual.com\\\/inicio\\\/wp-content\\\/uploads\\\/2018\\\/07\\\/solafacundo9111.jpg\",\"contentUrl\":\"https:\\\/\\\/diariotextual.com\\\/inicio\\\/wp-content\\\/uploads\\\/2018\\\/07\\\/solafacundo9111.jpg\",\"width\":3263,\"height\":2149},{\"@type\":\"BreadcrumbList\",\"@id\":\"https:\\\/\\\/diariotextual.com\\\/inicio\\\/index.php\\\/2021\\\/07\\\/14\\\/sola-pego-el-portazo-en-compromiso-peronista-y-ya-junta-avales-para-presentar-lista\\\/#breadcrumb\",\"itemListElement\":[{\"@type\":\"ListItem\",\"position\":1,\"name\":\"Portada\",\"item\":\"https:\\\/\\\/diariotextual.com\\\/inicio\\\/\"},{\"@type\":\"ListItem\",\"position\":2,\"name\":\"Sola pega el portazo en Compromiso Peronista y amenaza con romper la unidad del Frente de Todos\"}]},{\"@type\":\"WebSite\",\"@id\":\"https:\\\/\\\/diariotextual.com\\\/inicio\\\/#website\",\"url\":\"https:\\\/\\\/diariotextual.com\\\/inicio\\\/\",\"name\":\"Diario Textual\",\"description\":\"\",\"publisher\":{\"@id\":\"https:\\\/\\\/diariotextual.com\\\/inicio\\\/#organization\"},\"potentialAction\":[{\"@type\":\"SearchAction\",\"target\":{\"@type\":\"EntryPoint\",\"urlTemplate\":\"https:\\\/\\\/diariotextual.com\\\/inicio\\\/?s={search_term_string}\"},\"query-input\":{\"@type\":\"PropertyValueSpecification\",\"valueRequired\":true,\"valueName\":\"search_term_string\"}}],\"inLanguage\":\"es\"},{\"@type\":\"Organization\",\"@id\":\"https:\\\/\\\/diariotextual.com\\\/inicio\\\/#organization\",\"name\":\"Diario Textual\",\"url\":\"https:\\\/\\\/diariotextual.com\\\/inicio\\\/\",\"logo\":{\"@type\":\"ImageObject\",\"inLanguage\":\"es\",\"@id\":\"https:\\\/\\\/diariotextual.com\\\/inicio\\\/#\\\/schema\\\/logo\\\/image\\\/\",\"url\":\"https:\\\/\\\/diariotextual.com\\\/inicio\\\/wp-content\\\/uploads\\\/2023\\\/05\\\/logotextual1.jpg\",\"contentUrl\":\"https:\\\/\\\/diariotextual.com\\\/inicio\\\/wp-content\\\/uploads\\\/2023\\\/05\\\/logotextual1.jpg\",\"width\":516,\"height\":76,\"caption\":\"Diario Textual\"},\"image\":{\"@id\":\"https:\\\/\\\/diariotextual.com\\\/inicio\\\/#\\\/schema\\\/logo\\\/image\\\/\"},\"sameAs\":[\"https:\\\/\\\/www.facebook.com\\\/eltextual\",\"https:\\\/\\\/x.com\\\/eltextual\",\"http:\\\/\\\/www.instagram.com\\\/eltextual\"]},{\"@type\":\"Person\",\"@id\":\"https:\\\/\\\/diariotextual.com\\\/inicio\\\/#\\\/schema\\\/person\\\/c7834961ad8b29b1d9cdbf4571299067\",\"name\":\"diario5\",\"image\":{\"@type\":\"ImageObject\",\"inLanguage\":\"es\",\"@id\":\"https:\\\/\\\/secure.gravatar.com\\\/avatar\\\/948c893b847ca6df68216ead81b63f363408ec9b0f600fefc0641ce78613b111?s=96&d=mm&r=g\",\"url\":\"https:\\\/\\\/secure.gravatar.com\\\/avatar\\\/948c893b847ca6df68216ead81b63f363408ec9b0f600fefc0641ce78613b111?s=96&d=mm&r=g\",\"contentUrl\":\"https:\\\/\\\/secure.gravatar.com\\\/avatar\\\/948c893b847ca6df68216ead81b63f363408ec9b0f600fefc0641ce78613b111?s=96&d=mm&r=g\",\"caption\":\"diario5\"},\"url\":\"https:\\\/\\\/diariotextual.com\\\/inicio\\\/index.php\\\/author\\\/diario5\\\/\"}]}<\/script>\n<!-- \/ Yoast SEO plugin. -->","yoast_head_json":{"title":"Sola pega el portazo en Compromiso Peronista y amenaza con romper la unidad del Frente de Todos - Diario Textual","robots":{"index":"index","follow":"follow","max-snippet":"max-snippet:-1","max-image-preview":"max-image-preview:large","max-video-preview":"max-video-preview:-1"},"canonical":"https:\/\/diariotextual.com\/inicio\/index.php\/2021\/07\/14\/sola-pego-el-portazo-en-compromiso-peronista-y-ya-junta-avales-para-presentar-lista\/","og_locale":"es_ES","og_type":"article","og_title":"Sola pega el portazo en Compromiso Peronista y amenaza con romper la unidad del Frente de Todos - Diario Textual","og_description":"El diputado provincial Facundo Sola (Frente Justicialista Pampeano) peg\u00f3 el portazo en Compromiso Peronista y amenaz\u00f3 con romper la unidad del Frente de Todos pampeano. Este martes retir\u00f3 planillas en&hellip;","og_url":"https:\/\/diariotextual.com\/inicio\/index.php\/2021\/07\/14\/sola-pego-el-portazo-en-compromiso-peronista-y-ya-junta-avales-para-presentar-lista\/","og_site_name":"Diario Textual","article_publisher":"https:\/\/www.facebook.com\/eltextual","article_published_time":"2021-07-14T13:07:10+00:00","article_modified_time":"2021-07-14T14:52:33+00:00","og_image":[{"width":3263,"height":2149,"url":"https:\/\/diariotextual.com\/inicio\/wp-content\/uploads\/2018\/07\/solafacundo9111.jpg","type":"image\/jpeg"}],"author":"diario5","twitter_card":"summary_large_image","twitter_creator":"@eltextual","twitter_site":"@eltextual","twitter_misc":{"Escrito por":"diario5","Tiempo de lectura":"2 minutos"},"schema":{"@context":"https:\/\/schema.org","@graph":[{"@type":"Article","@id":"https:\/\/diariotextual.com\/inicio\/index.php\/2021\/07\/14\/sola-pego-el-portazo-en-compromiso-peronista-y-ya-junta-avales-para-presentar-lista\/#article","isPartOf":{"@id":"https:\/\/diariotextual.com\/inicio\/index.php\/2021\/07\/14\/sola-pego-el-portazo-en-compromiso-peronista-y-ya-junta-avales-para-presentar-lista\/"},"author":{"name":"diario5","@id":"https:\/\/diariotextual.com\/inicio\/#\/schema\/person\/c7834961ad8b29b1d9cdbf4571299067"},"headline":"Sola pega el portazo en Compromiso Peronista y amenaza con romper la unidad del Frente de Todos","datePublished":"2021-07-14T13:07:10+00:00","dateModified":"2021-07-14T14:52:33+00:00","mainEntityOfPage":{"@id":"https:\/\/diariotextual.com\/inicio\/index.php\/2021\/07\/14\/sola-pego-el-portazo-en-compromiso-peronista-y-ya-junta-avales-para-presentar-lista\/"},"wordCount":303,"publisher":{"@id":"https:\/\/diariotextual.com\/inicio\/#organization"},"image":{"@id":"https:\/\/diariotextual.com\/inicio\/index.php\/2021\/07\/14\/sola-pego-el-portazo-en-compromiso-peronista-y-ya-junta-avales-para-presentar-lista\/#primaryimage"},"thumbnailUrl":"https:\/\/diariotextual.com\/inicio\/wp-content\/uploads\/2018\/07\/solafacundo9111.jpg","keywords":["sola"],"articleSection":["A - ES NOTICIA (van abajo)","POLITICA"],"inLanguage":"es"},{"@type":"WebPage","@id":"https:\/\/diariotextual.com\/inicio\/index.php\/2021\/07\/14\/sola-pego-el-portazo-en-compromiso-peronista-y-ya-junta-avales-para-presentar-lista\/","url":"https:\/\/diariotextual.com\/inicio\/index.php\/2021\/07\/14\/sola-pego-el-portazo-en-compromiso-peronista-y-ya-junta-avales-para-presentar-lista\/","name":"Sola pega el portazo en Compromiso Peronista y amenaza con romper la unidad del Frente de Todos - Diario Textual","isPartOf":{"@id":"https:\/\/diariotextual.com\/inicio\/#website"},"primaryImageOfPage":{"@id":"https:\/\/diariotextual.com\/inicio\/index.php\/2021\/07\/14\/sola-pego-el-portazo-en-compromiso-peronista-y-ya-junta-avales-para-presentar-lista\/#primaryimage"},"image":{"@id":"https:\/\/diariotextual.com\/inicio\/index.php\/2021\/07\/14\/sola-pego-el-portazo-en-compromiso-peronista-y-ya-junta-avales-para-presentar-lista\/#primaryimage"},"thumbnailUrl":"https:\/\/diariotextual.com\/inicio\/wp-content\/uploads\/2018\/07\/solafacundo9111.jpg","datePublished":"2021-07-14T13:07:10+00:00","dateModified":"2021-07-14T14:52:33+00:00","breadcrumb":{"@id":"https:\/\/diariotextual.com\/inicio\/index.php\/2021\/07\/14\/sola-pego-el-portazo-en-compromiso-peronista-y-ya-junta-avales-para-presentar-lista\/#breadcrumb"},"inLanguage":"es","potentialAction":[{"@type":"ReadAction","target":["https:\/\/diariotextual.com\/inicio\/index.php\/2021\/07\/14\/sola-pego-el-portazo-en-compromiso-peronista-y-ya-junta-avales-para-presentar-lista\/"]}]},{"@type":"ImageObject","inLanguage":"es","@id":"https:\/\/diariotextual.com\/inicio\/index.php\/2021\/07\/14\/sola-pego-el-portazo-en-compromiso-peronista-y-ya-junta-avales-para-presentar-lista\/#primaryimage","url":"https:\/\/diariotextual.com\/inicio\/wp-content\/uploads\/2018\/07\/solafacundo9111.jpg","contentUrl":"https:\/\/diariotextual.com\/inicio\/wp-content\/uploads\/2018\/07\/solafacundo9111.jpg","width":3263,"height":2149},{"@type":"BreadcrumbList","@id":"https:\/\/diariotextual.com\/inicio\/index.php\/2021\/07\/14\/sola-pego-el-portazo-en-compromiso-peronista-y-ya-junta-avales-para-presentar-lista\/#breadcrumb","itemListElement":[{"@type":"ListItem","position":1,"name":"Portada","item":"https:\/\/diariotextual.com\/inicio\/"},{"@type":"ListItem","position":2,"name":"Sola pega el portazo en Compromiso Peronista y amenaza con romper la unidad del Frente de Todos"}]},{"@type":"WebSite","@id":"https:\/\/diariotextual.com\/inicio\/#website","url":"https:\/\/diariotextual.com\/inicio\/","name":"Diario Textual","description":"","publisher":{"@id":"https:\/\/diariotextual.com\/inicio\/#organization"},"potentialAction":[{"@type":"SearchAction","target":{"@type":"EntryPoint","urlTemplate":"https:\/\/diariotextual.com\/inicio\/?s={search_term_string}"},"query-input":{"@type":"PropertyValueSpecification","valueRequired":true,"valueName":"search_term_string"}}],"inLanguage":"es"},{"@type":"Organization","@id":"https:\/\/diariotextual.com\/inicio\/#organization","name":"Diario Textual","url":"https:\/\/diariotextual.com\/inicio\/","logo":{"@type":"ImageObject","inLanguage":"es","@id":"https:\/\/diariotextual.com\/inicio\/#\/schema\/logo\/image\/","url":"https:\/\/diariotextual.com\/inicio\/wp-content\/uploads\/2023\/05\/logotextual1.jpg","contentUrl":"https:\/\/diariotextual.com\/inicio\/wp-content\/uploads\/2023\/05\/logotextual1.jpg","width":516,"height":76,"caption":"Diario Textual"},"image":{"@id":"https:\/\/diariotextual.com\/inicio\/#\/schema\/logo\/image\/"},"sameAs":["https:\/\/www.facebook.com\/eltextual","https:\/\/x.com\/eltextual","http:\/\/www.instagram.com\/eltextual"]},{"@type":"Person","@id":"https:\/\/diariotextual.com\/inicio\/#\/schema\/person\/c7834961ad8b29b1d9cdbf4571299067","name":"diario5","image":{"@type":"ImageObject","inLanguage":"es","@id":"https:\/\/secure.gravatar.com\/avatar\/948c893b847ca6df68216ead81b63f363408ec9b0f600fefc0641ce78613b111?s=96&d=mm&r=g","url":"https:\/\/secure.gravatar.com\/avatar\/948c893b847ca6df68216ead81b63f363408ec9b0f600fefc0641ce78613b111?s=96&d=mm&r=g","contentUrl":"https:\/\/secure.gravatar.com\/avatar\/948c893b847ca6df68216ead81b63f363408ec9b0f600fefc0641ce78613b111?s=96&d=mm&r=g","caption":"diario5"},"url":"https:\/\/diariotextual.com\/inicio\/index.php\/author\/diario5\/"}]}},"_links":{"self":[{"href":"https:\/\/diariotextual.com\/inicio\/index.php\/wp-json\/wp\/v2\/posts\/154078","targetHints":{"allow":["GET"]}}],"collection":[{"href":"https:\/\/diariotextual.com\/inicio\/index.php\/wp-json\/wp\/v2\/posts"}],"about":[{"href":"https:\/\/diariotextual.com\/inicio\/index.php\/wp-json\/wp\/v2\/types\/post"}],"author":[{"embeddable":true,"href":"https:\/\/diariotextual.com\/inicio\/index.php\/wp-json\/wp\/v2\/users\/7"}],"replies":[{"embeddable":true,"href":"https:\/\/diariotextual.com\/inicio\/index.php\/wp-json\/wp\/v2\/comments?post=154078"}],"version-history":[{"count":15,"href":"https:\/\/diariotextual.com\/inicio\/index.php\/wp-json\/wp\/v2\/posts\/154078\/revisions"}],"predecessor-version":[{"id":154130,"href":"https:\/\/diariotextual.com\/inicio\/index.php\/wp-json\/wp\/v2\/posts\/154078\/revisions\/154130"}],"wp:featuredmedia":[{"embeddable":true,"href":"https:\/\/diariotextual.com\/inicio\/index.php\/wp-json\/wp\/v2\/media\/12606"}],"wp:attachment":[{"href":"https:\/\/diariotextual.com\/inicio\/index.php\/wp-json\/wp\/v2\/media?parent=154078"}],"wp:term":[{"taxonomy":"category","embeddable":true,"href":"https:\/\/diariotextual.com\/inicio\/index.php\/wp-json\/wp\/v2\/categories?post=154078"},{"taxonomy":"post_tag","embeddable":true,"href":"https:\/\/diariotextual.com\/inicio\/index.php\/wp-json\/wp\/v2\/tags?post=154078"}],"curies":[{"name":"wp","href":"https:\/\/api.w.org\/{rel}","templated":true}]}}