{"id":154100,"date":"2021-07-14T10:34:56","date_gmt":"2021-07-14T13:34:56","guid":{"rendered":"https:\/\/diariotextual.com\/inicio\/?p=154100"},"modified":"2021-07-14T18:23:35","modified_gmt":"2021-07-14T21:23:35","slug":"ziliotto-confirmo-que-varinia-marin-encabezara-la-lista-de-diputados","status":"publish","type":"post","link":"https:\/\/diariotextual.com\/inicio\/index.php\/2021\/07\/14\/ziliotto-confirmo-que-varinia-marin-encabezara-la-lista-de-diputados\/","title":{"rendered":"Ziliotto confirm\u00f3 que Varinia Mar\u00edn encabezar\u00e1 la lista de Diputados"},"content":{"rendered":"\n<p>El gobernador <strong>Sergio Ziliotto<\/strong> confirm\u00f3 este mi\u00e9rcoles que <strong>Varinia Mar\u00edn (Convergencia)<\/strong> encabezar\u00e1 la lista de diputadas nacionales por el <strong>Frente de Todos La Pampa<\/strong> y la acompa\u00f1ar\u00e1 <strong>Ariel Ruschenberger (Compromiso Peronista).<\/strong> Tambi\u00e9n se refiri\u00f3 al lanzamiento del diputado Facundo Sola por Alternativa Pampeana que, en caso de concretarse, romper\u00e1 la unidad del FdT. <strong>\u201cNo le coartamos la posibilidad (de ser candidato) a ning\u00fan afiliado\u201c, respondi\u00f3.<\/strong><\/p>\n\n\n\n<p>El mandatario cont\u00f3 que habl\u00f3 \u201ccon much\u00edsimos dirigentes del partido que entendieron el momento hist\u00f3rico\u201c que atraviesa el pa\u00eds y asegur\u00f3 que seguir\u00e1 \u201ccharlando con todos\u201d de cara a las pr\u00f3ximas elecciones legislativas.<\/p>\n\n\n\n<p><\/p>\n\n\n\n<figure class=\"wp-block-embed is-type-wp-embed is-provider-diario-textual wp-block-embed-diario-textual\"><div class=\"wp-block-embed__wrapper\">\n<blockquote class=\"wp-embedded-content\" data-secret=\"zIpfD9cBTY\"><a href=\"https:\/\/diariotextual.com\/inicio\/index.php\/2021\/07\/14\/ziliotto-termino-con-especulaciones-por-el-salario-estatal-aplicara-la-clausula-gatillo\/\">Ziliotto termin\u00f3 con especulaciones por el salario estatal: aplicar\u00e1 la cl\u00e1usula gatillo<\/a><\/blockquote><iframe class=\"wp-embedded-content\" sandbox=\"allow-scripts\" security=\"restricted\" style=\"position: absolute; clip: rect(1px, 1px, 1px, 1px);\" title=\"\u00abZiliotto termin\u00f3 con especulaciones por el salario estatal: aplicar\u00e1 la cl\u00e1usula gatillo\u00bb \u2014 Diario Textual\" src=\"https:\/\/diariotextual.com\/inicio\/index.php\/2021\/07\/14\/ziliotto-termino-con-especulaciones-por-el-salario-estatal-aplicara-la-clausula-gatillo\/embed\/#?secret=zIpfD9cBTY\" data-secret=\"zIpfD9cBTY\" width=\"600\" height=\"338\" frameborder=\"0\" marginwidth=\"0\" marginheight=\"0\" scrolling=\"no\"><\/iframe>\n<\/div><\/figure>\n\n\n\n<p>\u201cLa lista de diputados nacionales la va a encabeza Varinia Mar\u00edn. Con Facundo (Sola) habl\u00e9 y no le vamos a coartar la posibilidad a ning\u00fan afiliado. Pero Compromiso Peronista ha decidido que sea (candidato) Ariel Rauschenberger, cosa que nosotros vemos tambi\u00e9n con muy buenos ojos por el trabajo que ha realizado y por la ascendencia que tiene en el electorado\u201c, dijo.<\/p>\n\n\n\n<p>La semana pasada, ya Diario Textual hab\u00eda adelantado la postulaci\u00f3n de \u00abLichi\u00bb Mar\u00edn. Ayer lo anunci\u00f3 la dirigente y hoy lo termin\u00f3 de confirmar Ziliotto.<\/p>\n\n\n\n<figure class=\"wp-block-embed is-type-wp-embed is-provider-diario-textual wp-block-embed-diario-textual\"><div class=\"wp-block-embed__wrapper\">\n<blockquote class=\"wp-embedded-content\" data-secret=\"ZdcrHNFS1I\"><a href=\"https:\/\/diariotextual.com\/inicio\/index.php\/2021\/07\/13\/varinia-marin-confirmo-que-es-candidata-decidi-aceptar-este-desafio\/\">Varinia Mar\u00edn confirm\u00f3 que es candidata: &#8220;Decid\u00ed aceptar este desaf\u00edo&#8221;<\/a><\/blockquote><iframe class=\"wp-embedded-content\" sandbox=\"allow-scripts\" security=\"restricted\" style=\"position: absolute; clip: rect(1px, 1px, 1px, 1px);\" title=\"\u00abVarinia Mar\u00edn confirm\u00f3 que es candidata: &#8220;Decid\u00ed aceptar este desaf\u00edo&#8221;\u00bb \u2014 Diario Textual\" src=\"https:\/\/diariotextual.com\/inicio\/index.php\/2021\/07\/13\/varinia-marin-confirmo-que-es-candidata-decidi-aceptar-este-desafio\/embed\/#?secret=ZdcrHNFS1I\" data-secret=\"ZdcrHNFS1I\" width=\"600\" height=\"338\" frameborder=\"0\" marginwidth=\"0\" marginheight=\"0\" scrolling=\"no\"><\/iframe>\n<\/div><\/figure>\n\n\n\n<p>Con la confirmaci\u00f3n de los candidatos en la boleta de diputados, el Frente de Todos cerr\u00f3 sus listas ya que la semana pasada ya se hab\u00eda anunciado oficialmente que el actual ministro de Gobierno, Daniel Bensus\u00e1n, encabezar\u00e1 la boleta para senadores y estar\u00e1 acompa\u00f1ado por la actual secretaria administrativa del Senado, Mar\u00eda Luz Alonso.<\/p>\n\n\n\n<figure class=\"wp-block-embed is-type-wp-embed is-provider-diario-textual wp-block-embed-diario-textual\"><div class=\"wp-block-embed__wrapper\">\n<blockquote class=\"wp-embedded-content\" data-secret=\"eWMXT976yi\"><a href=\"https:\/\/diariotextual.com\/inicio\/index.php\/2021\/07\/14\/sola-alternativa-pampeana-es-una-nueva-linea-y-voy-de-candidato\/\">Sola: &#8220;Alternativa Pampeana es una nueva l\u00ednea y voy de candidato&#8221;<\/a><\/blockquote><iframe class=\"wp-embedded-content\" sandbox=\"allow-scripts\" security=\"restricted\" style=\"position: absolute; clip: rect(1px, 1px, 1px, 1px);\" title=\"\u00abSola: &#8220;Alternativa Pampeana es una nueva l\u00ednea y voy de candidato&#8221;\u00bb \u2014 Diario Textual\" src=\"https:\/\/diariotextual.com\/inicio\/index.php\/2021\/07\/14\/sola-alternativa-pampeana-es-una-nueva-linea-y-voy-de-candidato\/embed\/#?secret=eWMXT976yi\" data-secret=\"eWMXT976yi\" width=\"600\" height=\"338\" frameborder=\"0\" marginwidth=\"0\" marginheight=\"0\" scrolling=\"no\"><\/iframe>\n<\/div><\/figure>\n\n\n\n<div style=\"height:100px\" aria-hidden=\"true\" class=\"wp-block-spacer\"><\/div>\n\n\n\n<p> <\/p>\n\n\n\n<p><strong>Variante Delta<\/strong><\/p>\n\n\n\n<p>Ziliotto expres\u00f3 su preocupaci\u00f3n por \u201cla cantidad de argentinos que vuelven al pa\u00eds con la variante Delta\u201c del coronavirus y puntualiz\u00f3 sobre los festejos por la obtenci\u00f3n de la Copa Am\u00e9rica. \u201cMe preocupa, pero es algo que sab\u00edamos que pod\u00eda pasar. Es una exteriorizaci\u00f3n de sentimientos\u201c, dijo.<\/p>\n\n\n\n<div style=\"height:100px\" aria-hidden=\"true\" class=\"wp-block-spacer\"><\/div>\n\n\n\n<p><strong>El nuevo hospital, la prioridad<\/strong><\/p>\n\n\n\n<p>El mandatario fue consultado por el Megaestadio de Santa Rosa y dijo que a\u00fan no hay fecha de inauguraci\u00f3n porque falta terminarlo y todo depender\u00e1 de las posibilidades presupuestarias de la provincia.  \u201cHoy la prioridad es el hospital de alta complejidad\u201c, asegur\u00f3. <\/p>\n","protected":false},"excerpt":{"rendered":"<p>El gobernador Sergio Ziliotto confirm\u00f3 este mi\u00e9rcoles que Varinia Mar\u00edn (Convergencia) encabezar\u00e1 la lista de diputadas nacionales por el Frente de Todos La Pampa y la acompa\u00f1ar\u00e1 Ariel Ruschenberger (Compromiso&hellip;<\/p>\n","protected":false},"author":7,"featured_media":154151,"comment_status":"closed","ping_status":"open","sticky":false,"template":"","format":"standard","meta":{"_acf_changed":false,"footnotes":""},"categories":[1,11,8],"tags":[5434],"class_list":["post-154100","post","type-post","status-publish","format-standard","has-post-thumbnail","hentry","category-es-noticia","category-que-pasa","category-politica","tag-zilitto"],"acf":[],"yoast_head":"<!-- This site is optimized with the Yoast SEO plugin v27.5 - https:\/\/yoast.com\/product\/yoast-seo-wordpress\/ -->\n<title>Ziliotto confirm\u00f3 que Varinia Mar\u00edn encabezar\u00e1 la lista de Diputados - Diario Textual<\/title>\n<meta name=\"robots\" content=\"index, follow, max-snippet:-1, max-image-preview:large, max-video-preview:-1\" \/>\n<link rel=\"canonical\" href=\"https:\/\/diariotextual.com\/inicio\/index.php\/2021\/07\/14\/ziliotto-confirmo-que-varinia-marin-encabezara-la-lista-de-diputados\/\" \/>\n<meta property=\"og:locale\" content=\"es_ES\" \/>\n<meta property=\"og:type\" content=\"article\" \/>\n<meta property=\"og:title\" content=\"Ziliotto confirm\u00f3 que Varinia Mar\u00edn encabezar\u00e1 la lista de Diputados - Diario Textual\" \/>\n<meta property=\"og:description\" content=\"El gobernador Sergio Ziliotto confirm\u00f3 este mi\u00e9rcoles que Varinia Mar\u00edn (Convergencia) encabezar\u00e1 la lista de diputadas nacionales por el Frente de Todos La Pampa y la acompa\u00f1ar\u00e1 Ariel Ruschenberger (Compromiso&hellip;\" \/>\n<meta property=\"og:url\" content=\"https:\/\/diariotextual.com\/inicio\/index.php\/2021\/07\/14\/ziliotto-confirmo-que-varinia-marin-encabezara-la-lista-de-diputados\/\" \/>\n<meta property=\"og:site_name\" content=\"Diario Textual\" \/>\n<meta property=\"article:publisher\" content=\"https:\/\/www.facebook.com\/eltextual\" \/>\n<meta property=\"article:published_time\" content=\"2021-07-14T13:34:56+00:00\" \/>\n<meta property=\"article:modified_time\" content=\"2021-07-14T21:23:35+00:00\" \/>\n<meta property=\"og:image\" content=\"https:\/\/diariotextual.com\/inicio\/wp-content\/uploads\/2021\/07\/ziliottosergio2021-708.jpg\" \/>\n\t<meta property=\"og:image:width\" content=\"964\" \/>\n\t<meta property=\"og:image:height\" content=\"639\" \/>\n\t<meta property=\"og:image:type\" content=\"image\/jpeg\" \/>\n<meta name=\"author\" content=\"diario5\" \/>\n<meta name=\"twitter:card\" content=\"summary_large_image\" \/>\n<meta name=\"twitter:creator\" content=\"@eltextual\" \/>\n<meta name=\"twitter:site\" content=\"@eltextual\" \/>\n<meta name=\"twitter:label1\" content=\"Escrito por\" \/>\n\t<meta name=\"twitter:data1\" content=\"diario5\" \/>\n\t<meta name=\"twitter:label2\" content=\"Tiempo de lectura\" \/>\n\t<meta name=\"twitter:data2\" content=\"2 minutos\" \/>\n<script type=\"application\/ld+json\" class=\"yoast-schema-graph\">{\"@context\":\"https:\\\/\\\/schema.org\",\"@graph\":[{\"@type\":\"Article\",\"@id\":\"https:\\\/\\\/diariotextual.com\\\/inicio\\\/index.php\\\/2021\\\/07\\\/14\\\/ziliotto-confirmo-que-varinia-marin-encabezara-la-lista-de-diputados\\\/#article\",\"isPartOf\":{\"@id\":\"https:\\\/\\\/diariotextual.com\\\/inicio\\\/index.php\\\/2021\\\/07\\\/14\\\/ziliotto-confirmo-que-varinia-marin-encabezara-la-lista-de-diputados\\\/\"},\"author\":{\"name\":\"diario5\",\"@id\":\"https:\\\/\\\/diariotextual.com\\\/inicio\\\/#\\\/schema\\\/person\\\/c7834961ad8b29b1d9cdbf4571299067\"},\"headline\":\"Ziliotto confirm\u00f3 que Varinia Mar\u00edn encabezar\u00e1 la lista de Diputados\",\"datePublished\":\"2021-07-14T13:34:56+00:00\",\"dateModified\":\"2021-07-14T21:23:35+00:00\",\"mainEntityOfPage\":{\"@id\":\"https:\\\/\\\/diariotextual.com\\\/inicio\\\/index.php\\\/2021\\\/07\\\/14\\\/ziliotto-confirmo-que-varinia-marin-encabezara-la-lista-de-diputados\\\/\"},\"wordCount\":395,\"publisher\":{\"@id\":\"https:\\\/\\\/diariotextual.com\\\/inicio\\\/#organization\"},\"image\":{\"@id\":\"https:\\\/\\\/diariotextual.com\\\/inicio\\\/index.php\\\/2021\\\/07\\\/14\\\/ziliotto-confirmo-que-varinia-marin-encabezara-la-lista-de-diputados\\\/#primaryimage\"},\"thumbnailUrl\":\"https:\\\/\\\/diariotextual.com\\\/inicio\\\/wp-content\\\/uploads\\\/2021\\\/07\\\/ziliottosergio2021-708.jpg\",\"keywords\":[\"zilitto\"],\"articleSection\":[\"A - ES NOTICIA (van abajo)\",\"A - QUE PASA (al costado)\",\"POLITICA\"],\"inLanguage\":\"es\"},{\"@type\":\"WebPage\",\"@id\":\"https:\\\/\\\/diariotextual.com\\\/inicio\\\/index.php\\\/2021\\\/07\\\/14\\\/ziliotto-confirmo-que-varinia-marin-encabezara-la-lista-de-diputados\\\/\",\"url\":\"https:\\\/\\\/diariotextual.com\\\/inicio\\\/index.php\\\/2021\\\/07\\\/14\\\/ziliotto-confirmo-que-varinia-marin-encabezara-la-lista-de-diputados\\\/\",\"name\":\"Ziliotto confirm\u00f3 que Varinia Mar\u00edn encabezar\u00e1 la lista de Diputados - Diario Textual\",\"isPartOf\":{\"@id\":\"https:\\\/\\\/diariotextual.com\\\/inicio\\\/#website\"},\"primaryImageOfPage\":{\"@id\":\"https:\\\/\\\/diariotextual.com\\\/inicio\\\/index.php\\\/2021\\\/07\\\/14\\\/ziliotto-confirmo-que-varinia-marin-encabezara-la-lista-de-diputados\\\/#primaryimage\"},\"image\":{\"@id\":\"https:\\\/\\\/diariotextual.com\\\/inicio\\\/index.php\\\/2021\\\/07\\\/14\\\/ziliotto-confirmo-que-varinia-marin-encabezara-la-lista-de-diputados\\\/#primaryimage\"},\"thumbnailUrl\":\"https:\\\/\\\/diariotextual.com\\\/inicio\\\/wp-content\\\/uploads\\\/2021\\\/07\\\/ziliottosergio2021-708.jpg\",\"datePublished\":\"2021-07-14T13:34:56+00:00\",\"dateModified\":\"2021-07-14T21:23:35+00:00\",\"breadcrumb\":{\"@id\":\"https:\\\/\\\/diariotextual.com\\\/inicio\\\/index.php\\\/2021\\\/07\\\/14\\\/ziliotto-confirmo-que-varinia-marin-encabezara-la-lista-de-diputados\\\/#breadcrumb\"},\"inLanguage\":\"es\",\"potentialAction\":[{\"@type\":\"ReadAction\",\"target\":[\"https:\\\/\\\/diariotextual.com\\\/inicio\\\/index.php\\\/2021\\\/07\\\/14\\\/ziliotto-confirmo-que-varinia-marin-encabezara-la-lista-de-diputados\\\/\"]}]},{\"@type\":\"ImageObject\",\"inLanguage\":\"es\",\"@id\":\"https:\\\/\\\/diariotextual.com\\\/inicio\\\/index.php\\\/2021\\\/07\\\/14\\\/ziliotto-confirmo-que-varinia-marin-encabezara-la-lista-de-diputados\\\/#primaryimage\",\"url\":\"https:\\\/\\\/diariotextual.com\\\/inicio\\\/wp-content\\\/uploads\\\/2021\\\/07\\\/ziliottosergio2021-708.jpg\",\"contentUrl\":\"https:\\\/\\\/diariotextual.com\\\/inicio\\\/wp-content\\\/uploads\\\/2021\\\/07\\\/ziliottosergio2021-708.jpg\",\"width\":964,\"height\":639},{\"@type\":\"BreadcrumbList\",\"@id\":\"https:\\\/\\\/diariotextual.com\\\/inicio\\\/index.php\\\/2021\\\/07\\\/14\\\/ziliotto-confirmo-que-varinia-marin-encabezara-la-lista-de-diputados\\\/#breadcrumb\",\"itemListElement\":[{\"@type\":\"ListItem\",\"position\":1,\"name\":\"Portada\",\"item\":\"https:\\\/\\\/diariotextual.com\\\/inicio\\\/\"},{\"@type\":\"ListItem\",\"position\":2,\"name\":\"Ziliotto confirm\u00f3 que Varinia Mar\u00edn encabezar\u00e1 la lista de Diputados\"}]},{\"@type\":\"WebSite\",\"@id\":\"https:\\\/\\\/diariotextual.com\\\/inicio\\\/#website\",\"url\":\"https:\\\/\\\/diariotextual.com\\\/inicio\\\/\",\"name\":\"Diario Textual\",\"description\":\"\",\"publisher\":{\"@id\":\"https:\\\/\\\/diariotextual.com\\\/inicio\\\/#organization\"},\"potentialAction\":[{\"@type\":\"SearchAction\",\"target\":{\"@type\":\"EntryPoint\",\"urlTemplate\":\"https:\\\/\\\/diariotextual.com\\\/inicio\\\/?s={search_term_string}\"},\"query-input\":{\"@type\":\"PropertyValueSpecification\",\"valueRequired\":true,\"valueName\":\"search_term_string\"}}],\"inLanguage\":\"es\"},{\"@type\":\"Organization\",\"@id\":\"https:\\\/\\\/diariotextual.com\\\/inicio\\\/#organization\",\"name\":\"Diario Textual\",\"url\":\"https:\\\/\\\/diariotextual.com\\\/inicio\\\/\",\"logo\":{\"@type\":\"ImageObject\",\"inLanguage\":\"es\",\"@id\":\"https:\\\/\\\/diariotextual.com\\\/inicio\\\/#\\\/schema\\\/logo\\\/image\\\/\",\"url\":\"https:\\\/\\\/diariotextual.com\\\/inicio\\\/wp-content\\\/uploads\\\/2023\\\/05\\\/logotextual1.jpg\",\"contentUrl\":\"https:\\\/\\\/diariotextual.com\\\/inicio\\\/wp-content\\\/uploads\\\/2023\\\/05\\\/logotextual1.jpg\",\"width\":516,\"height\":76,\"caption\":\"Diario Textual\"},\"image\":{\"@id\":\"https:\\\/\\\/diariotextual.com\\\/inicio\\\/#\\\/schema\\\/logo\\\/image\\\/\"},\"sameAs\":[\"https:\\\/\\\/www.facebook.com\\\/eltextual\",\"https:\\\/\\\/x.com\\\/eltextual\",\"http:\\\/\\\/www.instagram.com\\\/eltextual\"]},{\"@type\":\"Person\",\"@id\":\"https:\\\/\\\/diariotextual.com\\\/inicio\\\/#\\\/schema\\\/person\\\/c7834961ad8b29b1d9cdbf4571299067\",\"name\":\"diario5\",\"image\":{\"@type\":\"ImageObject\",\"inLanguage\":\"es\",\"@id\":\"https:\\\/\\\/secure.gravatar.com\\\/avatar\\\/948c893b847ca6df68216ead81b63f363408ec9b0f600fefc0641ce78613b111?s=96&d=mm&r=g\",\"url\":\"https:\\\/\\\/secure.gravatar.com\\\/avatar\\\/948c893b847ca6df68216ead81b63f363408ec9b0f600fefc0641ce78613b111?s=96&d=mm&r=g\",\"contentUrl\":\"https:\\\/\\\/secure.gravatar.com\\\/avatar\\\/948c893b847ca6df68216ead81b63f363408ec9b0f600fefc0641ce78613b111?s=96&d=mm&r=g\",\"caption\":\"diario5\"},\"url\":\"https:\\\/\\\/diariotextual.com\\\/inicio\\\/index.php\\\/author\\\/diario5\\\/\"}]}<\/script>\n<!-- \/ Yoast SEO plugin. -->","yoast_head_json":{"title":"Ziliotto confirm\u00f3 que Varinia Mar\u00edn encabezar\u00e1 la lista de Diputados - Diario Textual","robots":{"index":"index","follow":"follow","max-snippet":"max-snippet:-1","max-image-preview":"max-image-preview:large","max-video-preview":"max-video-preview:-1"},"canonical":"https:\/\/diariotextual.com\/inicio\/index.php\/2021\/07\/14\/ziliotto-confirmo-que-varinia-marin-encabezara-la-lista-de-diputados\/","og_locale":"es_ES","og_type":"article","og_title":"Ziliotto confirm\u00f3 que Varinia Mar\u00edn encabezar\u00e1 la lista de Diputados - Diario Textual","og_description":"El gobernador Sergio Ziliotto confirm\u00f3 este mi\u00e9rcoles que Varinia Mar\u00edn (Convergencia) encabezar\u00e1 la lista de diputadas nacionales por el Frente de Todos La Pampa y la acompa\u00f1ar\u00e1 Ariel Ruschenberger (Compromiso&hellip;","og_url":"https:\/\/diariotextual.com\/inicio\/index.php\/2021\/07\/14\/ziliotto-confirmo-que-varinia-marin-encabezara-la-lista-de-diputados\/","og_site_name":"Diario Textual","article_publisher":"https:\/\/www.facebook.com\/eltextual","article_published_time":"2021-07-14T13:34:56+00:00","article_modified_time":"2021-07-14T21:23:35+00:00","og_image":[{"width":964,"height":639,"url":"https:\/\/diariotextual.com\/inicio\/wp-content\/uploads\/2021\/07\/ziliottosergio2021-708.jpg","type":"image\/jpeg"}],"author":"diario5","twitter_card":"summary_large_image","twitter_creator":"@eltextual","twitter_site":"@eltextual","twitter_misc":{"Escrito por":"diario5","Tiempo de lectura":"2 minutos"},"schema":{"@context":"https:\/\/schema.org","@graph":[{"@type":"Article","@id":"https:\/\/diariotextual.com\/inicio\/index.php\/2021\/07\/14\/ziliotto-confirmo-que-varinia-marin-encabezara-la-lista-de-diputados\/#article","isPartOf":{"@id":"https:\/\/diariotextual.com\/inicio\/index.php\/2021\/07\/14\/ziliotto-confirmo-que-varinia-marin-encabezara-la-lista-de-diputados\/"},"author":{"name":"diario5","@id":"https:\/\/diariotextual.com\/inicio\/#\/schema\/person\/c7834961ad8b29b1d9cdbf4571299067"},"headline":"Ziliotto confirm\u00f3 que Varinia Mar\u00edn encabezar\u00e1 la lista de Diputados","datePublished":"2021-07-14T13:34:56+00:00","dateModified":"2021-07-14T21:23:35+00:00","mainEntityOfPage":{"@id":"https:\/\/diariotextual.com\/inicio\/index.php\/2021\/07\/14\/ziliotto-confirmo-que-varinia-marin-encabezara-la-lista-de-diputados\/"},"wordCount":395,"publisher":{"@id":"https:\/\/diariotextual.com\/inicio\/#organization"},"image":{"@id":"https:\/\/diariotextual.com\/inicio\/index.php\/2021\/07\/14\/ziliotto-confirmo-que-varinia-marin-encabezara-la-lista-de-diputados\/#primaryimage"},"thumbnailUrl":"https:\/\/diariotextual.com\/inicio\/wp-content\/uploads\/2021\/07\/ziliottosergio2021-708.jpg","keywords":["zilitto"],"articleSection":["A - ES NOTICIA (van abajo)","A - QUE PASA (al costado)","POLITICA"],"inLanguage":"es"},{"@type":"WebPage","@id":"https:\/\/diariotextual.com\/inicio\/index.php\/2021\/07\/14\/ziliotto-confirmo-que-varinia-marin-encabezara-la-lista-de-diputados\/","url":"https:\/\/diariotextual.com\/inicio\/index.php\/2021\/07\/14\/ziliotto-confirmo-que-varinia-marin-encabezara-la-lista-de-diputados\/","name":"Ziliotto confirm\u00f3 que Varinia Mar\u00edn encabezar\u00e1 la lista de Diputados - Diario Textual","isPartOf":{"@id":"https:\/\/diariotextual.com\/inicio\/#website"},"primaryImageOfPage":{"@id":"https:\/\/diariotextual.com\/inicio\/index.php\/2021\/07\/14\/ziliotto-confirmo-que-varinia-marin-encabezara-la-lista-de-diputados\/#primaryimage"},"image":{"@id":"https:\/\/diariotextual.com\/inicio\/index.php\/2021\/07\/14\/ziliotto-confirmo-que-varinia-marin-encabezara-la-lista-de-diputados\/#primaryimage"},"thumbnailUrl":"https:\/\/diariotextual.com\/inicio\/wp-content\/uploads\/2021\/07\/ziliottosergio2021-708.jpg","datePublished":"2021-07-14T13:34:56+00:00","dateModified":"2021-07-14T21:23:35+00:00","breadcrumb":{"@id":"https:\/\/diariotextual.com\/inicio\/index.php\/2021\/07\/14\/ziliotto-confirmo-que-varinia-marin-encabezara-la-lista-de-diputados\/#breadcrumb"},"inLanguage":"es","potentialAction":[{"@type":"ReadAction","target":["https:\/\/diariotextual.com\/inicio\/index.php\/2021\/07\/14\/ziliotto-confirmo-que-varinia-marin-encabezara-la-lista-de-diputados\/"]}]},{"@type":"ImageObject","inLanguage":"es","@id":"https:\/\/diariotextual.com\/inicio\/index.php\/2021\/07\/14\/ziliotto-confirmo-que-varinia-marin-encabezara-la-lista-de-diputados\/#primaryimage","url":"https:\/\/diariotextual.com\/inicio\/wp-content\/uploads\/2021\/07\/ziliottosergio2021-708.jpg","contentUrl":"https:\/\/diariotextual.com\/inicio\/wp-content\/uploads\/2021\/07\/ziliottosergio2021-708.jpg","width":964,"height":639},{"@type":"BreadcrumbList","@id":"https:\/\/diariotextual.com\/inicio\/index.php\/2021\/07\/14\/ziliotto-confirmo-que-varinia-marin-encabezara-la-lista-de-diputados\/#breadcrumb","itemListElement":[{"@type":"ListItem","position":1,"name":"Portada","item":"https:\/\/diariotextual.com\/inicio\/"},{"@type":"ListItem","position":2,"name":"Ziliotto confirm\u00f3 que Varinia Mar\u00edn encabezar\u00e1 la lista de Diputados"}]},{"@type":"WebSite","@id":"https:\/\/diariotextual.com\/inicio\/#website","url":"https:\/\/diariotextual.com\/inicio\/","name":"Diario Textual","description":"","publisher":{"@id":"https:\/\/diariotextual.com\/inicio\/#organization"},"potentialAction":[{"@type":"SearchAction","target":{"@type":"EntryPoint","urlTemplate":"https:\/\/diariotextual.com\/inicio\/?s={search_term_string}"},"query-input":{"@type":"PropertyValueSpecification","valueRequired":true,"valueName":"search_term_string"}}],"inLanguage":"es"},{"@type":"Organization","@id":"https:\/\/diariotextual.com\/inicio\/#organization","name":"Diario Textual","url":"https:\/\/diariotextual.com\/inicio\/","logo":{"@type":"ImageObject","inLanguage":"es","@id":"https:\/\/diariotextual.com\/inicio\/#\/schema\/logo\/image\/","url":"https:\/\/diariotextual.com\/inicio\/wp-content\/uploads\/2023\/05\/logotextual1.jpg","contentUrl":"https:\/\/diariotextual.com\/inicio\/wp-content\/uploads\/2023\/05\/logotextual1.jpg","width":516,"height":76,"caption":"Diario Textual"},"image":{"@id":"https:\/\/diariotextual.com\/inicio\/#\/schema\/logo\/image\/"},"sameAs":["https:\/\/www.facebook.com\/eltextual","https:\/\/x.com\/eltextual","http:\/\/www.instagram.com\/eltextual"]},{"@type":"Person","@id":"https:\/\/diariotextual.com\/inicio\/#\/schema\/person\/c7834961ad8b29b1d9cdbf4571299067","name":"diario5","image":{"@type":"ImageObject","inLanguage":"es","@id":"https:\/\/secure.gravatar.com\/avatar\/948c893b847ca6df68216ead81b63f363408ec9b0f600fefc0641ce78613b111?s=96&d=mm&r=g","url":"https:\/\/secure.gravatar.com\/avatar\/948c893b847ca6df68216ead81b63f363408ec9b0f600fefc0641ce78613b111?s=96&d=mm&r=g","contentUrl":"https:\/\/secure.gravatar.com\/avatar\/948c893b847ca6df68216ead81b63f363408ec9b0f600fefc0641ce78613b111?s=96&d=mm&r=g","caption":"diario5"},"url":"https:\/\/diariotextual.com\/inicio\/index.php\/author\/diario5\/"}]}},"_links":{"self":[{"href":"https:\/\/diariotextual.com\/inicio\/index.php\/wp-json\/wp\/v2\/posts\/154100","targetHints":{"allow":["GET"]}}],"collection":[{"href":"https:\/\/diariotextual.com\/inicio\/index.php\/wp-json\/wp\/v2\/posts"}],"about":[{"href":"https:\/\/diariotextual.com\/inicio\/index.php\/wp-json\/wp\/v2\/types\/post"}],"author":[{"embeddable":true,"href":"https:\/\/diariotextual.com\/inicio\/index.php\/wp-json\/wp\/v2\/users\/7"}],"replies":[{"embeddable":true,"href":"https:\/\/diariotextual.com\/inicio\/index.php\/wp-json\/wp\/v2\/comments?post=154100"}],"version-history":[{"count":15,"href":"https:\/\/diariotextual.com\/inicio\/index.php\/wp-json\/wp\/v2\/posts\/154100\/revisions"}],"predecessor-version":[{"id":154149,"href":"https:\/\/diariotextual.com\/inicio\/index.php\/wp-json\/wp\/v2\/posts\/154100\/revisions\/154149"}],"wp:featuredmedia":[{"embeddable":true,"href":"https:\/\/diariotextual.com\/inicio\/index.php\/wp-json\/wp\/v2\/media\/154151"}],"wp:attachment":[{"href":"https:\/\/diariotextual.com\/inicio\/index.php\/wp-json\/wp\/v2\/media?parent=154100"}],"wp:term":[{"taxonomy":"category","embeddable":true,"href":"https:\/\/diariotextual.com\/inicio\/index.php\/wp-json\/wp\/v2\/categories?post=154100"},{"taxonomy":"post_tag","embeddable":true,"href":"https:\/\/diariotextual.com\/inicio\/index.php\/wp-json\/wp\/v2\/tags?post=154100"}],"curies":[{"name":"wp","href":"https:\/\/api.w.org\/{rel}","templated":true}]}}