{"id":154125,"date":"2021-07-14T11:39:56","date_gmt":"2021-07-14T14:39:56","guid":{"rendered":"https:\/\/diariotextual.com\/inicio\/?p=154125"},"modified":"2021-07-15T10:53:56","modified_gmt":"2021-07-15T13:53:56","slug":"sola-alternativa-pampeana-es-una-nueva-linea-y-voy-de-candidato","status":"publish","type":"post","link":"https:\/\/diariotextual.com\/inicio\/index.php\/2021\/07\/14\/sola-alternativa-pampeana-es-una-nueva-linea-y-voy-de-candidato\/","title":{"rendered":"Sola: \u00abAlternativa Pampeana es una nueva l\u00ednea y voy de candidato\u00bb"},"content":{"rendered":"\n<p>El diputado provincial <strong>Facundo Sola <\/strong>dijo este mi\u00e9rcoles a <strong>Diario Textual <\/strong>que<strong> Alternativa Pampeana es una \u00abnueva l\u00ednea\u00bb dentro del peronismo<\/strong> y <strong>asegur\u00f3 que participar\u00e1 de las elecciones legislativas <\/strong>de este a\u00f1o en el Frente de Todos.<strong> <\/strong>Seg\u00fan manifest\u00f3,<strong> ser\u00e1 precandidato a senador<\/strong>. De esta manera, en caso de pasar el filtro con los avales y otros tr\u00e1mites, <strong>habr\u00e1 al menos dos listas<\/strong> por Todos: la de \u00abunidad\u00bb con las principales cuatro l\u00edneas internas y la encabezada por Sola.<\/p>\n\n\n\n<p>Hoy precisamente el gobernador<strong> Sergio Ziliotto <\/strong>se refiri\u00f3 al lanzamiento del diputado por Alternativa Pampeana.&nbsp;<strong><a href=\"https:\/\/diariotextual.com\/inicio\/index.php\/2021\/07\/14\/ziliotto-confirmo-que-varinia-marin-encabezara-la-lista-de-diputados\/\" target=\"_blank\" rel=\"noreferrer noopener\">\u201cNo le coartamos la posibilidad (de ser candidato) a ning\u00fan afiliado\u201c<\/a><\/strong>, respondi\u00f3 el mandatario.<\/p>\n\n\n\n<p>Sola fue hace casi una d\u00e9cada <strong>uno de los fundadores de Compromiso Peronista<\/strong>, comandada por Oscar Jorge, para enfrentar al vernismo.<\/p>\n\n\n\n<p>En los \u00faltimos meses hab\u00eda quedado relegado. Incluso en Compromiso <strong><a href=\"https:\/\/diariotextual.com\/inicio\/index.php\/2021\/07\/14\/en-compromiso-peronista-dicen-que-sola-hace-rato-que-no-pertenece-a-ese-espacio\/\" target=\"_blank\" rel=\"noreferrer noopener\">ya lo daban \u00abhace rato\u00bb fuera <\/a><\/strong>de la l\u00ednea interna.<\/p>\n\n\n\n<p>En las \u00faltimas horas, Ziliotto y los integrantes de las cuatro principales l\u00edneas internas presentaron una lista de \u00abunidad\u00bb para los comicios donde se deben elegir dos senadores y cuatro diputados nacionales. Por supuesto, quedaron sectores marginados. Uno de ellos, el de Sola.<\/p>\n\n\n\n<p>\u201cNosotros -dijo el exintendente de Realic\u00f3- <strong>ponemos en evidencia que hay una alternativa que ve de manera diferente las pr\u00e1cticas pol\u00edticas, que busca instancias de di\u00e1logo y participaci\u00f3n entre lo p\u00fablico y privado con periodicidad, que ve de otra manera la forma de gobernar<\/strong>\u201d.<br><\/p>\n\n\n\n<p>\u201cQueremos plantear ideas y construir en el disenso. No como una pelea, porque si se piensa as\u00ed no entendemos la democracia, como lo ven muchos. Sino, no se puede debatir. Queremos que se discutan los temas. Plantear que hay otra manera de ver la cosa p\u00fablica, el rol de los partidos pol\u00edtico, que se puede generar otra confianza con la gente que la invite a participar\u201d, explic\u00f3.<br><\/p>\n\n\n\n<p>\u201cNo puede haber solo una posici\u00f3n hegem\u00f3nica, cuando tambi\u00e9n se puede construir con diferencias de criterio y de opini\u00f3n para brindar lo mejor a la gente\u201d, dijo Sola.<\/p>\n\n\n\n<p><br>\u201cEntendemos que la pol\u00edtica tiene que ser m\u00e1s amplio que un acuerdo de listas mayoritarias. Nuestra intenci\u00f3n es ser alternativa contra una forma de ver el gobierno y la cosa p\u00fablica\u201d, dijo.<br><\/p>\n\n\n\n<p>Igualmente hizo una aclaraci\u00f3n respecto a Sergio Ziliotto. \u00abEl gobernador es mi gobernador, el presidente es mi presidente, vamos a seguir apoyando la gobernabilidad\u201d, manifest\u00f3.<br><\/p>\n\n\n\n<p>Dijo que se est\u00e1 armando la lista, que lo llevar\u00e1 a \u00e9l como candidato a senador, y que representar\u00e1n \u201cdistintos sectores y regiones\u00bb de la provincia.<br><\/p>\n\n\n\n<p>\u201cLa gente tiene miedo a mostrarse, pero muchos nos dicen que nos van a acompa\u00f1ar\u201d, indic\u00f3. \u201cNo tenemos los recursos de otros, pero si la convicci\u00f3n de valorizar la pol\u00edtica, de apertura, de mayor federalismo. Queremos que la gente sepa que hay un grupo que pensamos diferente a lo dado\u201d, dijo Sola.<\/p>\n\n\n\n<p><\/p>\n\n\n\n<figure class=\"wp-block-embed is-type-wp-embed is-provider-diario-textual wp-block-embed-diario-textual\"><div class=\"wp-block-embed__wrapper\">\n<blockquote class=\"wp-embedded-content\" data-secret=\"N0ErphS2aD\"><a href=\"https:\/\/diariotextual.com\/inicio\/index.php\/2021\/07\/14\/sola-pego-el-portazo-en-compromiso-peronista-y-ya-junta-avales-para-presentar-lista\/\">Sola pega el portazo en Compromiso Peronista y amenaza con romper la unidad del Frente de Todos<\/a><\/blockquote><iframe class=\"wp-embedded-content\" sandbox=\"allow-scripts\" security=\"restricted\" style=\"position: absolute; clip: rect(1px, 1px, 1px, 1px);\" title=\"\u00abSola pega el portazo en Compromiso Peronista y amenaza con romper la unidad del Frente de Todos\u00bb \u2014 Diario Textual\" src=\"https:\/\/diariotextual.com\/inicio\/index.php\/2021\/07\/14\/sola-pego-el-portazo-en-compromiso-peronista-y-ya-junta-avales-para-presentar-lista\/embed\/#?secret=N0ErphS2aD\" data-secret=\"N0ErphS2aD\" width=\"600\" height=\"338\" frameborder=\"0\" marginwidth=\"0\" marginheight=\"0\" scrolling=\"no\"><\/iframe>\n<\/div><\/figure>\n\n\n\n<p><\/p>\n\n\n\n<p><\/p>\n\n\n\n<p><\/p>\n","protected":false},"excerpt":{"rendered":"<p>El diputado provincial Facundo Sola dijo este mi\u00e9rcoles a Diario Textual que Alternativa Pampeana es una \u00abnueva l\u00ednea\u00bb dentro del peronismo y asegur\u00f3 que participar\u00e1 de las elecciones legislativas de&hellip;<\/p>\n","protected":false},"author":3,"featured_media":154128,"comment_status":"closed","ping_status":"open","sticky":false,"template":"","format":"standard","meta":{"_acf_changed":false,"footnotes":""},"categories":[11,8],"tags":[807],"class_list":["post-154125","post","type-post","status-publish","format-standard","has-post-thumbnail","hentry","category-que-pasa","category-politica","tag-sola"],"acf":[],"yoast_head":"<!-- This site is optimized with the Yoast SEO plugin v27.5 - https:\/\/yoast.com\/product\/yoast-seo-wordpress\/ -->\n<title>Sola: &quot;Alternativa Pampeana es una nueva l\u00ednea y voy de candidato&quot; - Diario Textual<\/title>\n<meta name=\"robots\" content=\"index, follow, max-snippet:-1, max-image-preview:large, max-video-preview:-1\" \/>\n<link rel=\"canonical\" href=\"https:\/\/diariotextual.com\/inicio\/index.php\/2021\/07\/14\/sola-alternativa-pampeana-es-una-nueva-linea-y-voy-de-candidato\/\" \/>\n<meta property=\"og:locale\" content=\"es_ES\" \/>\n<meta property=\"og:type\" content=\"article\" \/>\n<meta property=\"og:title\" content=\"Sola: &quot;Alternativa Pampeana es una nueva l\u00ednea y voy de candidato&quot; - Diario Textual\" \/>\n<meta property=\"og:description\" content=\"El diputado provincial Facundo Sola dijo este mi\u00e9rcoles a Diario Textual que Alternativa Pampeana es una \u00abnueva l\u00ednea\u00bb dentro del peronismo y asegur\u00f3 que participar\u00e1 de las elecciones legislativas de&hellip;\" \/>\n<meta property=\"og:url\" content=\"https:\/\/diariotextual.com\/inicio\/index.php\/2021\/07\/14\/sola-alternativa-pampeana-es-una-nueva-linea-y-voy-de-candidato\/\" \/>\n<meta property=\"og:site_name\" content=\"Diario Textual\" \/>\n<meta property=\"article:publisher\" content=\"https:\/\/www.facebook.com\/eltextual\" \/>\n<meta property=\"article:published_time\" content=\"2021-07-14T14:39:56+00:00\" \/>\n<meta property=\"article:modified_time\" content=\"2021-07-15T13:53:56+00:00\" \/>\n<meta property=\"og:image\" content=\"https:\/\/diariotextual.com\/inicio\/wp-content\/uploads\/2021\/07\/solafacundo001.jpg\" \/>\n\t<meta property=\"og:image:width\" content=\"960\" \/>\n\t<meta property=\"og:image:height\" content=\"639\" \/>\n\t<meta property=\"og:image:type\" content=\"image\/jpeg\" \/>\n<meta name=\"author\" content=\"Diario1 Diario1\" \/>\n<meta name=\"twitter:card\" content=\"summary_large_image\" \/>\n<meta name=\"twitter:creator\" content=\"@eltextual\" \/>\n<meta name=\"twitter:site\" content=\"@eltextual\" \/>\n<meta name=\"twitter:label1\" content=\"Escrito por\" \/>\n\t<meta name=\"twitter:data1\" content=\"Diario1 Diario1\" \/>\n\t<meta name=\"twitter:label2\" content=\"Tiempo de lectura\" \/>\n\t<meta name=\"twitter:data2\" content=\"3 minutos\" \/>\n<script type=\"application\/ld+json\" class=\"yoast-schema-graph\">{\"@context\":\"https:\\\/\\\/schema.org\",\"@graph\":[{\"@type\":\"Article\",\"@id\":\"https:\\\/\\\/diariotextual.com\\\/inicio\\\/index.php\\\/2021\\\/07\\\/14\\\/sola-alternativa-pampeana-es-una-nueva-linea-y-voy-de-candidato\\\/#article\",\"isPartOf\":{\"@id\":\"https:\\\/\\\/diariotextual.com\\\/inicio\\\/index.php\\\/2021\\\/07\\\/14\\\/sola-alternativa-pampeana-es-una-nueva-linea-y-voy-de-candidato\\\/\"},\"author\":{\"name\":\"Diario1 Diario1\",\"@id\":\"https:\\\/\\\/diariotextual.com\\\/inicio\\\/#\\\/schema\\\/person\\\/418fc4093c33e86ed41562db3508f958\"},\"headline\":\"Sola: \u00abAlternativa Pampeana es una nueva l\u00ednea y voy de candidato\u00bb\",\"datePublished\":\"2021-07-14T14:39:56+00:00\",\"dateModified\":\"2021-07-15T13:53:56+00:00\",\"mainEntityOfPage\":{\"@id\":\"https:\\\/\\\/diariotextual.com\\\/inicio\\\/index.php\\\/2021\\\/07\\\/14\\\/sola-alternativa-pampeana-es-una-nueva-linea-y-voy-de-candidato\\\/\"},\"wordCount\":518,\"publisher\":{\"@id\":\"https:\\\/\\\/diariotextual.com\\\/inicio\\\/#organization\"},\"image\":{\"@id\":\"https:\\\/\\\/diariotextual.com\\\/inicio\\\/index.php\\\/2021\\\/07\\\/14\\\/sola-alternativa-pampeana-es-una-nueva-linea-y-voy-de-candidato\\\/#primaryimage\"},\"thumbnailUrl\":\"https:\\\/\\\/diariotextual.com\\\/inicio\\\/wp-content\\\/uploads\\\/2021\\\/07\\\/solafacundo001.jpg\",\"keywords\":[\"sola\"],\"articleSection\":[\"A - QUE PASA (al costado)\",\"POLITICA\"],\"inLanguage\":\"es\"},{\"@type\":\"WebPage\",\"@id\":\"https:\\\/\\\/diariotextual.com\\\/inicio\\\/index.php\\\/2021\\\/07\\\/14\\\/sola-alternativa-pampeana-es-una-nueva-linea-y-voy-de-candidato\\\/\",\"url\":\"https:\\\/\\\/diariotextual.com\\\/inicio\\\/index.php\\\/2021\\\/07\\\/14\\\/sola-alternativa-pampeana-es-una-nueva-linea-y-voy-de-candidato\\\/\",\"name\":\"Sola: \\\"Alternativa Pampeana es una nueva l\u00ednea y voy de candidato\\\" - Diario Textual\",\"isPartOf\":{\"@id\":\"https:\\\/\\\/diariotextual.com\\\/inicio\\\/#website\"},\"primaryImageOfPage\":{\"@id\":\"https:\\\/\\\/diariotextual.com\\\/inicio\\\/index.php\\\/2021\\\/07\\\/14\\\/sola-alternativa-pampeana-es-una-nueva-linea-y-voy-de-candidato\\\/#primaryimage\"},\"image\":{\"@id\":\"https:\\\/\\\/diariotextual.com\\\/inicio\\\/index.php\\\/2021\\\/07\\\/14\\\/sola-alternativa-pampeana-es-una-nueva-linea-y-voy-de-candidato\\\/#primaryimage\"},\"thumbnailUrl\":\"https:\\\/\\\/diariotextual.com\\\/inicio\\\/wp-content\\\/uploads\\\/2021\\\/07\\\/solafacundo001.jpg\",\"datePublished\":\"2021-07-14T14:39:56+00:00\",\"dateModified\":\"2021-07-15T13:53:56+00:00\",\"breadcrumb\":{\"@id\":\"https:\\\/\\\/diariotextual.com\\\/inicio\\\/index.php\\\/2021\\\/07\\\/14\\\/sola-alternativa-pampeana-es-una-nueva-linea-y-voy-de-candidato\\\/#breadcrumb\"},\"inLanguage\":\"es\",\"potentialAction\":[{\"@type\":\"ReadAction\",\"target\":[\"https:\\\/\\\/diariotextual.com\\\/inicio\\\/index.php\\\/2021\\\/07\\\/14\\\/sola-alternativa-pampeana-es-una-nueva-linea-y-voy-de-candidato\\\/\"]}]},{\"@type\":\"ImageObject\",\"inLanguage\":\"es\",\"@id\":\"https:\\\/\\\/diariotextual.com\\\/inicio\\\/index.php\\\/2021\\\/07\\\/14\\\/sola-alternativa-pampeana-es-una-nueva-linea-y-voy-de-candidato\\\/#primaryimage\",\"url\":\"https:\\\/\\\/diariotextual.com\\\/inicio\\\/wp-content\\\/uploads\\\/2021\\\/07\\\/solafacundo001.jpg\",\"contentUrl\":\"https:\\\/\\\/diariotextual.com\\\/inicio\\\/wp-content\\\/uploads\\\/2021\\\/07\\\/solafacundo001.jpg\",\"width\":960,\"height\":639},{\"@type\":\"BreadcrumbList\",\"@id\":\"https:\\\/\\\/diariotextual.com\\\/inicio\\\/index.php\\\/2021\\\/07\\\/14\\\/sola-alternativa-pampeana-es-una-nueva-linea-y-voy-de-candidato\\\/#breadcrumb\",\"itemListElement\":[{\"@type\":\"ListItem\",\"position\":1,\"name\":\"Portada\",\"item\":\"https:\\\/\\\/diariotextual.com\\\/inicio\\\/\"},{\"@type\":\"ListItem\",\"position\":2,\"name\":\"Sola: \u00abAlternativa Pampeana es una nueva l\u00ednea y voy de candidato\u00bb\"}]},{\"@type\":\"WebSite\",\"@id\":\"https:\\\/\\\/diariotextual.com\\\/inicio\\\/#website\",\"url\":\"https:\\\/\\\/diariotextual.com\\\/inicio\\\/\",\"name\":\"Diario Textual\",\"description\":\"\",\"publisher\":{\"@id\":\"https:\\\/\\\/diariotextual.com\\\/inicio\\\/#organization\"},\"potentialAction\":[{\"@type\":\"SearchAction\",\"target\":{\"@type\":\"EntryPoint\",\"urlTemplate\":\"https:\\\/\\\/diariotextual.com\\\/inicio\\\/?s={search_term_string}\"},\"query-input\":{\"@type\":\"PropertyValueSpecification\",\"valueRequired\":true,\"valueName\":\"search_term_string\"}}],\"inLanguage\":\"es\"},{\"@type\":\"Organization\",\"@id\":\"https:\\\/\\\/diariotextual.com\\\/inicio\\\/#organization\",\"name\":\"Diario Textual\",\"url\":\"https:\\\/\\\/diariotextual.com\\\/inicio\\\/\",\"logo\":{\"@type\":\"ImageObject\",\"inLanguage\":\"es\",\"@id\":\"https:\\\/\\\/diariotextual.com\\\/inicio\\\/#\\\/schema\\\/logo\\\/image\\\/\",\"url\":\"https:\\\/\\\/diariotextual.com\\\/inicio\\\/wp-content\\\/uploads\\\/2023\\\/05\\\/logotextual1.jpg\",\"contentUrl\":\"https:\\\/\\\/diariotextual.com\\\/inicio\\\/wp-content\\\/uploads\\\/2023\\\/05\\\/logotextual1.jpg\",\"width\":516,\"height\":76,\"caption\":\"Diario Textual\"},\"image\":{\"@id\":\"https:\\\/\\\/diariotextual.com\\\/inicio\\\/#\\\/schema\\\/logo\\\/image\\\/\"},\"sameAs\":[\"https:\\\/\\\/www.facebook.com\\\/eltextual\",\"https:\\\/\\\/x.com\\\/eltextual\",\"http:\\\/\\\/www.instagram.com\\\/eltextual\"]},{\"@type\":\"Person\",\"@id\":\"https:\\\/\\\/diariotextual.com\\\/inicio\\\/#\\\/schema\\\/person\\\/418fc4093c33e86ed41562db3508f958\",\"name\":\"Diario1 Diario1\",\"image\":{\"@type\":\"ImageObject\",\"inLanguage\":\"es\",\"@id\":\"https:\\\/\\\/secure.gravatar.com\\\/avatar\\\/9167d280179c85bc18be67aa7eda765854300033af4896dd779b608640f2ef7a?s=96&d=mm&r=g\",\"url\":\"https:\\\/\\\/secure.gravatar.com\\\/avatar\\\/9167d280179c85bc18be67aa7eda765854300033af4896dd779b608640f2ef7a?s=96&d=mm&r=g\",\"contentUrl\":\"https:\\\/\\\/secure.gravatar.com\\\/avatar\\\/9167d280179c85bc18be67aa7eda765854300033af4896dd779b608640f2ef7a?s=96&d=mm&r=g\",\"caption\":\"Diario1 Diario1\"},\"url\":\"https:\\\/\\\/diariotextual.com\\\/inicio\\\/index.php\\\/author\\\/diario1\\\/\"}]}<\/script>\n<!-- \/ Yoast SEO plugin. -->","yoast_head_json":{"title":"Sola: \"Alternativa Pampeana es una nueva l\u00ednea y voy de candidato\" - Diario Textual","robots":{"index":"index","follow":"follow","max-snippet":"max-snippet:-1","max-image-preview":"max-image-preview:large","max-video-preview":"max-video-preview:-1"},"canonical":"https:\/\/diariotextual.com\/inicio\/index.php\/2021\/07\/14\/sola-alternativa-pampeana-es-una-nueva-linea-y-voy-de-candidato\/","og_locale":"es_ES","og_type":"article","og_title":"Sola: \"Alternativa Pampeana es una nueva l\u00ednea y voy de candidato\" - Diario Textual","og_description":"El diputado provincial Facundo Sola dijo este mi\u00e9rcoles a Diario Textual que Alternativa Pampeana es una \u00abnueva l\u00ednea\u00bb dentro del peronismo y asegur\u00f3 que participar\u00e1 de las elecciones legislativas de&hellip;","og_url":"https:\/\/diariotextual.com\/inicio\/index.php\/2021\/07\/14\/sola-alternativa-pampeana-es-una-nueva-linea-y-voy-de-candidato\/","og_site_name":"Diario Textual","article_publisher":"https:\/\/www.facebook.com\/eltextual","article_published_time":"2021-07-14T14:39:56+00:00","article_modified_time":"2021-07-15T13:53:56+00:00","og_image":[{"width":960,"height":639,"url":"https:\/\/diariotextual.com\/inicio\/wp-content\/uploads\/2021\/07\/solafacundo001.jpg","type":"image\/jpeg"}],"author":"Diario1 Diario1","twitter_card":"summary_large_image","twitter_creator":"@eltextual","twitter_site":"@eltextual","twitter_misc":{"Escrito por":"Diario1 Diario1","Tiempo de lectura":"3 minutos"},"schema":{"@context":"https:\/\/schema.org","@graph":[{"@type":"Article","@id":"https:\/\/diariotextual.com\/inicio\/index.php\/2021\/07\/14\/sola-alternativa-pampeana-es-una-nueva-linea-y-voy-de-candidato\/#article","isPartOf":{"@id":"https:\/\/diariotextual.com\/inicio\/index.php\/2021\/07\/14\/sola-alternativa-pampeana-es-una-nueva-linea-y-voy-de-candidato\/"},"author":{"name":"Diario1 Diario1","@id":"https:\/\/diariotextual.com\/inicio\/#\/schema\/person\/418fc4093c33e86ed41562db3508f958"},"headline":"Sola: \u00abAlternativa Pampeana es una nueva l\u00ednea y voy de candidato\u00bb","datePublished":"2021-07-14T14:39:56+00:00","dateModified":"2021-07-15T13:53:56+00:00","mainEntityOfPage":{"@id":"https:\/\/diariotextual.com\/inicio\/index.php\/2021\/07\/14\/sola-alternativa-pampeana-es-una-nueva-linea-y-voy-de-candidato\/"},"wordCount":518,"publisher":{"@id":"https:\/\/diariotextual.com\/inicio\/#organization"},"image":{"@id":"https:\/\/diariotextual.com\/inicio\/index.php\/2021\/07\/14\/sola-alternativa-pampeana-es-una-nueva-linea-y-voy-de-candidato\/#primaryimage"},"thumbnailUrl":"https:\/\/diariotextual.com\/inicio\/wp-content\/uploads\/2021\/07\/solafacundo001.jpg","keywords":["sola"],"articleSection":["A - QUE PASA (al costado)","POLITICA"],"inLanguage":"es"},{"@type":"WebPage","@id":"https:\/\/diariotextual.com\/inicio\/index.php\/2021\/07\/14\/sola-alternativa-pampeana-es-una-nueva-linea-y-voy-de-candidato\/","url":"https:\/\/diariotextual.com\/inicio\/index.php\/2021\/07\/14\/sola-alternativa-pampeana-es-una-nueva-linea-y-voy-de-candidato\/","name":"Sola: \"Alternativa Pampeana es una nueva l\u00ednea y voy de candidato\" - Diario Textual","isPartOf":{"@id":"https:\/\/diariotextual.com\/inicio\/#website"},"primaryImageOfPage":{"@id":"https:\/\/diariotextual.com\/inicio\/index.php\/2021\/07\/14\/sola-alternativa-pampeana-es-una-nueva-linea-y-voy-de-candidato\/#primaryimage"},"image":{"@id":"https:\/\/diariotextual.com\/inicio\/index.php\/2021\/07\/14\/sola-alternativa-pampeana-es-una-nueva-linea-y-voy-de-candidato\/#primaryimage"},"thumbnailUrl":"https:\/\/diariotextual.com\/inicio\/wp-content\/uploads\/2021\/07\/solafacundo001.jpg","datePublished":"2021-07-14T14:39:56+00:00","dateModified":"2021-07-15T13:53:56+00:00","breadcrumb":{"@id":"https:\/\/diariotextual.com\/inicio\/index.php\/2021\/07\/14\/sola-alternativa-pampeana-es-una-nueva-linea-y-voy-de-candidato\/#breadcrumb"},"inLanguage":"es","potentialAction":[{"@type":"ReadAction","target":["https:\/\/diariotextual.com\/inicio\/index.php\/2021\/07\/14\/sola-alternativa-pampeana-es-una-nueva-linea-y-voy-de-candidato\/"]}]},{"@type":"ImageObject","inLanguage":"es","@id":"https:\/\/diariotextual.com\/inicio\/index.php\/2021\/07\/14\/sola-alternativa-pampeana-es-una-nueva-linea-y-voy-de-candidato\/#primaryimage","url":"https:\/\/diariotextual.com\/inicio\/wp-content\/uploads\/2021\/07\/solafacundo001.jpg","contentUrl":"https:\/\/diariotextual.com\/inicio\/wp-content\/uploads\/2021\/07\/solafacundo001.jpg","width":960,"height":639},{"@type":"BreadcrumbList","@id":"https:\/\/diariotextual.com\/inicio\/index.php\/2021\/07\/14\/sola-alternativa-pampeana-es-una-nueva-linea-y-voy-de-candidato\/#breadcrumb","itemListElement":[{"@type":"ListItem","position":1,"name":"Portada","item":"https:\/\/diariotextual.com\/inicio\/"},{"@type":"ListItem","position":2,"name":"Sola: \u00abAlternativa Pampeana es una nueva l\u00ednea y voy de candidato\u00bb"}]},{"@type":"WebSite","@id":"https:\/\/diariotextual.com\/inicio\/#website","url":"https:\/\/diariotextual.com\/inicio\/","name":"Diario Textual","description":"","publisher":{"@id":"https:\/\/diariotextual.com\/inicio\/#organization"},"potentialAction":[{"@type":"SearchAction","target":{"@type":"EntryPoint","urlTemplate":"https:\/\/diariotextual.com\/inicio\/?s={search_term_string}"},"query-input":{"@type":"PropertyValueSpecification","valueRequired":true,"valueName":"search_term_string"}}],"inLanguage":"es"},{"@type":"Organization","@id":"https:\/\/diariotextual.com\/inicio\/#organization","name":"Diario Textual","url":"https:\/\/diariotextual.com\/inicio\/","logo":{"@type":"ImageObject","inLanguage":"es","@id":"https:\/\/diariotextual.com\/inicio\/#\/schema\/logo\/image\/","url":"https:\/\/diariotextual.com\/inicio\/wp-content\/uploads\/2023\/05\/logotextual1.jpg","contentUrl":"https:\/\/diariotextual.com\/inicio\/wp-content\/uploads\/2023\/05\/logotextual1.jpg","width":516,"height":76,"caption":"Diario Textual"},"image":{"@id":"https:\/\/diariotextual.com\/inicio\/#\/schema\/logo\/image\/"},"sameAs":["https:\/\/www.facebook.com\/eltextual","https:\/\/x.com\/eltextual","http:\/\/www.instagram.com\/eltextual"]},{"@type":"Person","@id":"https:\/\/diariotextual.com\/inicio\/#\/schema\/person\/418fc4093c33e86ed41562db3508f958","name":"Diario1 Diario1","image":{"@type":"ImageObject","inLanguage":"es","@id":"https:\/\/secure.gravatar.com\/avatar\/9167d280179c85bc18be67aa7eda765854300033af4896dd779b608640f2ef7a?s=96&d=mm&r=g","url":"https:\/\/secure.gravatar.com\/avatar\/9167d280179c85bc18be67aa7eda765854300033af4896dd779b608640f2ef7a?s=96&d=mm&r=g","contentUrl":"https:\/\/secure.gravatar.com\/avatar\/9167d280179c85bc18be67aa7eda765854300033af4896dd779b608640f2ef7a?s=96&d=mm&r=g","caption":"Diario1 Diario1"},"url":"https:\/\/diariotextual.com\/inicio\/index.php\/author\/diario1\/"}]}},"_links":{"self":[{"href":"https:\/\/diariotextual.com\/inicio\/index.php\/wp-json\/wp\/v2\/posts\/154125","targetHints":{"allow":["GET"]}}],"collection":[{"href":"https:\/\/diariotextual.com\/inicio\/index.php\/wp-json\/wp\/v2\/posts"}],"about":[{"href":"https:\/\/diariotextual.com\/inicio\/index.php\/wp-json\/wp\/v2\/types\/post"}],"author":[{"embeddable":true,"href":"https:\/\/diariotextual.com\/inicio\/index.php\/wp-json\/wp\/v2\/users\/3"}],"replies":[{"embeddable":true,"href":"https:\/\/diariotextual.com\/inicio\/index.php\/wp-json\/wp\/v2\/comments?post=154125"}],"version-history":[{"count":8,"href":"https:\/\/diariotextual.com\/inicio\/index.php\/wp-json\/wp\/v2\/posts\/154125\/revisions"}],"predecessor-version":[{"id":154144,"href":"https:\/\/diariotextual.com\/inicio\/index.php\/wp-json\/wp\/v2\/posts\/154125\/revisions\/154144"}],"wp:featuredmedia":[{"embeddable":true,"href":"https:\/\/diariotextual.com\/inicio\/index.php\/wp-json\/wp\/v2\/media\/154128"}],"wp:attachment":[{"href":"https:\/\/diariotextual.com\/inicio\/index.php\/wp-json\/wp\/v2\/media?parent=154125"}],"wp:term":[{"taxonomy":"category","embeddable":true,"href":"https:\/\/diariotextual.com\/inicio\/index.php\/wp-json\/wp\/v2\/categories?post=154125"},{"taxonomy":"post_tag","embeddable":true,"href":"https:\/\/diariotextual.com\/inicio\/index.php\/wp-json\/wp\/v2\/tags?post=154125"}],"curies":[{"name":"wp","href":"https:\/\/api.w.org\/{rel}","templated":true}]}}