{"id":154145,"date":"2021-07-14T12:29:27","date_gmt":"2021-07-14T15:29:27","guid":{"rendered":"https:\/\/diariotextual.com\/inicio\/?p=154145"},"modified":"2021-07-14T18:23:21","modified_gmt":"2021-07-14T21:23:21","slug":"ziliotto-termino-con-especulaciones-por-el-salario-estatal-aplicara-la-clausula-gatillo","status":"publish","type":"post","link":"https:\/\/diariotextual.com\/inicio\/index.php\/2021\/07\/14\/ziliotto-termino-con-especulaciones-por-el-salario-estatal-aplicara-la-clausula-gatillo\/","title":{"rendered":"Ziliotto termin\u00f3 con especulaciones por el salario estatal: aplicar\u00e1 la cl\u00e1usula gatillo"},"content":{"rendered":"\n<p>El gobernador <strong>Sergio Ziliotto<\/strong> termin\u00f3 este mi\u00e9rcoles con las especulaciones sobre los incrementos previstos para los trabajadores estatales. El mandatario sali\u00f3 al cruce de funcionarios del Ministerio de Hacienda, que hab\u00edan planteado un panorama sombr\u00edo, y <strong>dijo que \u201ccumplir\u00e1 con la palabra\u201d empe\u00f1ada en marzo y que aplicar\u00e1 la cl\u00e1usula gatillo para que no pierdan poder adquisitivo frente a la inflaci\u00f3n.<\/strong><br><\/p>\n\n\n\n<p>En ese marco, adelant\u00f3 que <strong>convocar\u00e1 a los sindicatos que representan a los estatales. <\/strong>En ese marco,<strong> aplicar\u00e1n la cl\u00e1usula gatillo por la inflaci\u00f3n registrada en junio y empezar\u00e1n a discutir la pauta salarial del segundo semestre.<\/strong><br><\/p>\n\n\n\n<p>\u201cYo tom\u00e9 un compromiso el 1 de marzo en la Legislatura y lo vamos a cumplir. Ma\u00f1ana (por este jueves) se publica el \u00edndice del Indec para terminar el primer semestre y eso se ver\u00e1 en el sueldo de julio\u201d, dijo. \u201cLuego nos sentaremos con los sindicatos para el segundo semestre. Y el compromiso es el mismo, no perder con la inflaci\u00f3n, siempre teniendo en cuenta los n\u00fameros de la provincia\u201d, sostuvo.<\/p>\n\n\n\n<p><\/p>\n\n\n\n<figure class=\"wp-block-embed is-type-wp-embed is-provider-diario-textual wp-block-embed-diario-textual\"><div class=\"wp-block-embed__wrapper\">\n<blockquote class=\"wp-embedded-content\" data-secret=\"QUQ31o7Ffg\"><a href=\"https:\/\/diariotextual.com\/inicio\/index.php\/2021\/07\/14\/ziliotto-confirmo-que-varinia-marin-encabezara-la-lista-de-diputados\/\">Ziliotto confirm\u00f3 que Varinia Mar\u00edn encabezar\u00e1 la lista de Diputados<\/a><\/blockquote><iframe class=\"wp-embedded-content\" sandbox=\"allow-scripts\" security=\"restricted\" style=\"position: absolute; clip: rect(1px, 1px, 1px, 1px);\" title=\"\u00abZiliotto confirm\u00f3 que Varinia Mar\u00edn encabezar\u00e1 la lista de Diputados\u00bb \u2014 Diario Textual\" src=\"https:\/\/diariotextual.com\/inicio\/index.php\/2021\/07\/14\/ziliotto-confirmo-que-varinia-marin-encabezara-la-lista-de-diputados\/embed\/#?secret=QUQ31o7Ffg\" data-secret=\"QUQ31o7Ffg\" width=\"600\" height=\"338\" frameborder=\"0\" marginwidth=\"0\" marginheight=\"0\" scrolling=\"no\"><\/iframe>\n<\/div><\/figure>\n\n\n\n<p><\/p>\n\n\n\n<p><\/p>\n","protected":false},"excerpt":{"rendered":"<p>El gobernador Sergio Ziliotto termin\u00f3 este mi\u00e9rcoles con las especulaciones sobre los incrementos previstos para los trabajadores estatales. El mandatario sali\u00f3 al cruce de funcionarios del Ministerio de Hacienda, que&hellip;<\/p>\n","protected":false},"author":3,"featured_media":154150,"comment_status":"closed","ping_status":"open","sticky":false,"template":"","format":"standard","meta":{"_acf_changed":false,"footnotes":""},"categories":[10,8],"tags":[2539,424],"class_list":["post-154145","post","type-post","status-publish","format-standard","has-post-thumbnail","hentry","category-portada-2","category-politica","tag-salarios","tag-ziliotto"],"acf":[],"yoast_head":"<!-- This site is optimized with the Yoast SEO plugin v27.5 - https:\/\/yoast.com\/product\/yoast-seo-wordpress\/ -->\n<title>Ziliotto termin\u00f3 con especulaciones por el salario estatal: aplicar\u00e1 la cl\u00e1usula gatillo - Diario Textual<\/title>\n<meta name=\"robots\" content=\"index, follow, max-snippet:-1, max-image-preview:large, max-video-preview:-1\" \/>\n<link rel=\"canonical\" href=\"https:\/\/diariotextual.com\/inicio\/index.php\/2021\/07\/14\/ziliotto-termino-con-especulaciones-por-el-salario-estatal-aplicara-la-clausula-gatillo\/\" \/>\n<meta property=\"og:locale\" content=\"es_ES\" \/>\n<meta property=\"og:type\" content=\"article\" \/>\n<meta property=\"og:title\" content=\"Ziliotto termin\u00f3 con especulaciones por el salario estatal: aplicar\u00e1 la cl\u00e1usula gatillo - Diario Textual\" \/>\n<meta property=\"og:description\" content=\"El gobernador Sergio Ziliotto termin\u00f3 este mi\u00e9rcoles con las especulaciones sobre los incrementos previstos para los trabajadores estatales. El mandatario sali\u00f3 al cruce de funcionarios del Ministerio de Hacienda, que&hellip;\" \/>\n<meta property=\"og:url\" content=\"https:\/\/diariotextual.com\/inicio\/index.php\/2021\/07\/14\/ziliotto-termino-con-especulaciones-por-el-salario-estatal-aplicara-la-clausula-gatillo\/\" \/>\n<meta property=\"og:site_name\" content=\"Diario Textual\" \/>\n<meta property=\"article:publisher\" content=\"https:\/\/www.facebook.com\/eltextual\" \/>\n<meta property=\"article:published_time\" content=\"2021-07-14T15:29:27+00:00\" \/>\n<meta property=\"article:modified_time\" content=\"2021-07-14T21:23:21+00:00\" \/>\n<meta property=\"og:image\" content=\"https:\/\/diariotextual.com\/inicio\/wp-content\/uploads\/2021\/07\/ziliottosergio2021-709.jpg\" \/>\n\t<meta property=\"og:image:width\" content=\"954\" \/>\n\t<meta property=\"og:image:height\" content=\"624\" \/>\n\t<meta property=\"og:image:type\" content=\"image\/jpeg\" \/>\n<meta name=\"author\" content=\"Diario1 Diario1\" \/>\n<meta name=\"twitter:card\" content=\"summary_large_image\" \/>\n<meta name=\"twitter:creator\" content=\"@eltextual\" \/>\n<meta name=\"twitter:site\" content=\"@eltextual\" \/>\n<meta name=\"twitter:label1\" content=\"Escrito por\" \/>\n\t<meta name=\"twitter:data1\" content=\"Diario1 Diario1\" \/>\n\t<meta name=\"twitter:label2\" content=\"Tiempo de lectura\" \/>\n\t<meta name=\"twitter:data2\" content=\"1 minuto\" \/>\n<script type=\"application\/ld+json\" class=\"yoast-schema-graph\">{\"@context\":\"https:\\\/\\\/schema.org\",\"@graph\":[{\"@type\":\"Article\",\"@id\":\"https:\\\/\\\/diariotextual.com\\\/inicio\\\/index.php\\\/2021\\\/07\\\/14\\\/ziliotto-termino-con-especulaciones-por-el-salario-estatal-aplicara-la-clausula-gatillo\\\/#article\",\"isPartOf\":{\"@id\":\"https:\\\/\\\/diariotextual.com\\\/inicio\\\/index.php\\\/2021\\\/07\\\/14\\\/ziliotto-termino-con-especulaciones-por-el-salario-estatal-aplicara-la-clausula-gatillo\\\/\"},\"author\":{\"name\":\"Diario1 Diario1\",\"@id\":\"https:\\\/\\\/diariotextual.com\\\/inicio\\\/#\\\/schema\\\/person\\\/418fc4093c33e86ed41562db3508f958\"},\"headline\":\"Ziliotto termin\u00f3 con especulaciones por el salario estatal: aplicar\u00e1 la cl\u00e1usula gatillo\",\"datePublished\":\"2021-07-14T15:29:27+00:00\",\"dateModified\":\"2021-07-14T21:23:21+00:00\",\"mainEntityOfPage\":{\"@id\":\"https:\\\/\\\/diariotextual.com\\\/inicio\\\/index.php\\\/2021\\\/07\\\/14\\\/ziliotto-termino-con-especulaciones-por-el-salario-estatal-aplicara-la-clausula-gatillo\\\/\"},\"wordCount\":202,\"publisher\":{\"@id\":\"https:\\\/\\\/diariotextual.com\\\/inicio\\\/#organization\"},\"image\":{\"@id\":\"https:\\\/\\\/diariotextual.com\\\/inicio\\\/index.php\\\/2021\\\/07\\\/14\\\/ziliotto-termino-con-especulaciones-por-el-salario-estatal-aplicara-la-clausula-gatillo\\\/#primaryimage\"},\"thumbnailUrl\":\"https:\\\/\\\/diariotextual.com\\\/inicio\\\/wp-content\\\/uploads\\\/2021\\\/07\\\/ziliottosergio2021-709.jpg\",\"keywords\":[\"salarios\",\"ziliotto\"],\"articleSection\":[\"A - PORTADA2\",\"POLITICA\"],\"inLanguage\":\"es\"},{\"@type\":\"WebPage\",\"@id\":\"https:\\\/\\\/diariotextual.com\\\/inicio\\\/index.php\\\/2021\\\/07\\\/14\\\/ziliotto-termino-con-especulaciones-por-el-salario-estatal-aplicara-la-clausula-gatillo\\\/\",\"url\":\"https:\\\/\\\/diariotextual.com\\\/inicio\\\/index.php\\\/2021\\\/07\\\/14\\\/ziliotto-termino-con-especulaciones-por-el-salario-estatal-aplicara-la-clausula-gatillo\\\/\",\"name\":\"Ziliotto termin\u00f3 con especulaciones por el salario estatal: aplicar\u00e1 la cl\u00e1usula gatillo - Diario Textual\",\"isPartOf\":{\"@id\":\"https:\\\/\\\/diariotextual.com\\\/inicio\\\/#website\"},\"primaryImageOfPage\":{\"@id\":\"https:\\\/\\\/diariotextual.com\\\/inicio\\\/index.php\\\/2021\\\/07\\\/14\\\/ziliotto-termino-con-especulaciones-por-el-salario-estatal-aplicara-la-clausula-gatillo\\\/#primaryimage\"},\"image\":{\"@id\":\"https:\\\/\\\/diariotextual.com\\\/inicio\\\/index.php\\\/2021\\\/07\\\/14\\\/ziliotto-termino-con-especulaciones-por-el-salario-estatal-aplicara-la-clausula-gatillo\\\/#primaryimage\"},\"thumbnailUrl\":\"https:\\\/\\\/diariotextual.com\\\/inicio\\\/wp-content\\\/uploads\\\/2021\\\/07\\\/ziliottosergio2021-709.jpg\",\"datePublished\":\"2021-07-14T15:29:27+00:00\",\"dateModified\":\"2021-07-14T21:23:21+00:00\",\"breadcrumb\":{\"@id\":\"https:\\\/\\\/diariotextual.com\\\/inicio\\\/index.php\\\/2021\\\/07\\\/14\\\/ziliotto-termino-con-especulaciones-por-el-salario-estatal-aplicara-la-clausula-gatillo\\\/#breadcrumb\"},\"inLanguage\":\"es\",\"potentialAction\":[{\"@type\":\"ReadAction\",\"target\":[\"https:\\\/\\\/diariotextual.com\\\/inicio\\\/index.php\\\/2021\\\/07\\\/14\\\/ziliotto-termino-con-especulaciones-por-el-salario-estatal-aplicara-la-clausula-gatillo\\\/\"]}]},{\"@type\":\"ImageObject\",\"inLanguage\":\"es\",\"@id\":\"https:\\\/\\\/diariotextual.com\\\/inicio\\\/index.php\\\/2021\\\/07\\\/14\\\/ziliotto-termino-con-especulaciones-por-el-salario-estatal-aplicara-la-clausula-gatillo\\\/#primaryimage\",\"url\":\"https:\\\/\\\/diariotextual.com\\\/inicio\\\/wp-content\\\/uploads\\\/2021\\\/07\\\/ziliottosergio2021-709.jpg\",\"contentUrl\":\"https:\\\/\\\/diariotextual.com\\\/inicio\\\/wp-content\\\/uploads\\\/2021\\\/07\\\/ziliottosergio2021-709.jpg\",\"width\":954,\"height\":624},{\"@type\":\"BreadcrumbList\",\"@id\":\"https:\\\/\\\/diariotextual.com\\\/inicio\\\/index.php\\\/2021\\\/07\\\/14\\\/ziliotto-termino-con-especulaciones-por-el-salario-estatal-aplicara-la-clausula-gatillo\\\/#breadcrumb\",\"itemListElement\":[{\"@type\":\"ListItem\",\"position\":1,\"name\":\"Portada\",\"item\":\"https:\\\/\\\/diariotextual.com\\\/inicio\\\/\"},{\"@type\":\"ListItem\",\"position\":2,\"name\":\"Ziliotto termin\u00f3 con especulaciones por el salario estatal: aplicar\u00e1 la cl\u00e1usula gatillo\"}]},{\"@type\":\"WebSite\",\"@id\":\"https:\\\/\\\/diariotextual.com\\\/inicio\\\/#website\",\"url\":\"https:\\\/\\\/diariotextual.com\\\/inicio\\\/\",\"name\":\"Diario Textual\",\"description\":\"\",\"publisher\":{\"@id\":\"https:\\\/\\\/diariotextual.com\\\/inicio\\\/#organization\"},\"potentialAction\":[{\"@type\":\"SearchAction\",\"target\":{\"@type\":\"EntryPoint\",\"urlTemplate\":\"https:\\\/\\\/diariotextual.com\\\/inicio\\\/?s={search_term_string}\"},\"query-input\":{\"@type\":\"PropertyValueSpecification\",\"valueRequired\":true,\"valueName\":\"search_term_string\"}}],\"inLanguage\":\"es\"},{\"@type\":\"Organization\",\"@id\":\"https:\\\/\\\/diariotextual.com\\\/inicio\\\/#organization\",\"name\":\"Diario Textual\",\"url\":\"https:\\\/\\\/diariotextual.com\\\/inicio\\\/\",\"logo\":{\"@type\":\"ImageObject\",\"inLanguage\":\"es\",\"@id\":\"https:\\\/\\\/diariotextual.com\\\/inicio\\\/#\\\/schema\\\/logo\\\/image\\\/\",\"url\":\"https:\\\/\\\/diariotextual.com\\\/inicio\\\/wp-content\\\/uploads\\\/2023\\\/05\\\/logotextual1.jpg\",\"contentUrl\":\"https:\\\/\\\/diariotextual.com\\\/inicio\\\/wp-content\\\/uploads\\\/2023\\\/05\\\/logotextual1.jpg\",\"width\":516,\"height\":76,\"caption\":\"Diario Textual\"},\"image\":{\"@id\":\"https:\\\/\\\/diariotextual.com\\\/inicio\\\/#\\\/schema\\\/logo\\\/image\\\/\"},\"sameAs\":[\"https:\\\/\\\/www.facebook.com\\\/eltextual\",\"https:\\\/\\\/x.com\\\/eltextual\",\"http:\\\/\\\/www.instagram.com\\\/eltextual\"]},{\"@type\":\"Person\",\"@id\":\"https:\\\/\\\/diariotextual.com\\\/inicio\\\/#\\\/schema\\\/person\\\/418fc4093c33e86ed41562db3508f958\",\"name\":\"Diario1 Diario1\",\"image\":{\"@type\":\"ImageObject\",\"inLanguage\":\"es\",\"@id\":\"https:\\\/\\\/secure.gravatar.com\\\/avatar\\\/9167d280179c85bc18be67aa7eda765854300033af4896dd779b608640f2ef7a?s=96&d=mm&r=g\",\"url\":\"https:\\\/\\\/secure.gravatar.com\\\/avatar\\\/9167d280179c85bc18be67aa7eda765854300033af4896dd779b608640f2ef7a?s=96&d=mm&r=g\",\"contentUrl\":\"https:\\\/\\\/secure.gravatar.com\\\/avatar\\\/9167d280179c85bc18be67aa7eda765854300033af4896dd779b608640f2ef7a?s=96&d=mm&r=g\",\"caption\":\"Diario1 Diario1\"},\"url\":\"https:\\\/\\\/diariotextual.com\\\/inicio\\\/index.php\\\/author\\\/diario1\\\/\"}]}<\/script>\n<!-- \/ Yoast SEO plugin. -->","yoast_head_json":{"title":"Ziliotto termin\u00f3 con especulaciones por el salario estatal: aplicar\u00e1 la cl\u00e1usula gatillo - Diario Textual","robots":{"index":"index","follow":"follow","max-snippet":"max-snippet:-1","max-image-preview":"max-image-preview:large","max-video-preview":"max-video-preview:-1"},"canonical":"https:\/\/diariotextual.com\/inicio\/index.php\/2021\/07\/14\/ziliotto-termino-con-especulaciones-por-el-salario-estatal-aplicara-la-clausula-gatillo\/","og_locale":"es_ES","og_type":"article","og_title":"Ziliotto termin\u00f3 con especulaciones por el salario estatal: aplicar\u00e1 la cl\u00e1usula gatillo - Diario Textual","og_description":"El gobernador Sergio Ziliotto termin\u00f3 este mi\u00e9rcoles con las especulaciones sobre los incrementos previstos para los trabajadores estatales. El mandatario sali\u00f3 al cruce de funcionarios del Ministerio de Hacienda, que&hellip;","og_url":"https:\/\/diariotextual.com\/inicio\/index.php\/2021\/07\/14\/ziliotto-termino-con-especulaciones-por-el-salario-estatal-aplicara-la-clausula-gatillo\/","og_site_name":"Diario Textual","article_publisher":"https:\/\/www.facebook.com\/eltextual","article_published_time":"2021-07-14T15:29:27+00:00","article_modified_time":"2021-07-14T21:23:21+00:00","og_image":[{"width":954,"height":624,"url":"https:\/\/diariotextual.com\/inicio\/wp-content\/uploads\/2021\/07\/ziliottosergio2021-709.jpg","type":"image\/jpeg"}],"author":"Diario1 Diario1","twitter_card":"summary_large_image","twitter_creator":"@eltextual","twitter_site":"@eltextual","twitter_misc":{"Escrito por":"Diario1 Diario1","Tiempo de lectura":"1 minuto"},"schema":{"@context":"https:\/\/schema.org","@graph":[{"@type":"Article","@id":"https:\/\/diariotextual.com\/inicio\/index.php\/2021\/07\/14\/ziliotto-termino-con-especulaciones-por-el-salario-estatal-aplicara-la-clausula-gatillo\/#article","isPartOf":{"@id":"https:\/\/diariotextual.com\/inicio\/index.php\/2021\/07\/14\/ziliotto-termino-con-especulaciones-por-el-salario-estatal-aplicara-la-clausula-gatillo\/"},"author":{"name":"Diario1 Diario1","@id":"https:\/\/diariotextual.com\/inicio\/#\/schema\/person\/418fc4093c33e86ed41562db3508f958"},"headline":"Ziliotto termin\u00f3 con especulaciones por el salario estatal: aplicar\u00e1 la cl\u00e1usula gatillo","datePublished":"2021-07-14T15:29:27+00:00","dateModified":"2021-07-14T21:23:21+00:00","mainEntityOfPage":{"@id":"https:\/\/diariotextual.com\/inicio\/index.php\/2021\/07\/14\/ziliotto-termino-con-especulaciones-por-el-salario-estatal-aplicara-la-clausula-gatillo\/"},"wordCount":202,"publisher":{"@id":"https:\/\/diariotextual.com\/inicio\/#organization"},"image":{"@id":"https:\/\/diariotextual.com\/inicio\/index.php\/2021\/07\/14\/ziliotto-termino-con-especulaciones-por-el-salario-estatal-aplicara-la-clausula-gatillo\/#primaryimage"},"thumbnailUrl":"https:\/\/diariotextual.com\/inicio\/wp-content\/uploads\/2021\/07\/ziliottosergio2021-709.jpg","keywords":["salarios","ziliotto"],"articleSection":["A - PORTADA2","POLITICA"],"inLanguage":"es"},{"@type":"WebPage","@id":"https:\/\/diariotextual.com\/inicio\/index.php\/2021\/07\/14\/ziliotto-termino-con-especulaciones-por-el-salario-estatal-aplicara-la-clausula-gatillo\/","url":"https:\/\/diariotextual.com\/inicio\/index.php\/2021\/07\/14\/ziliotto-termino-con-especulaciones-por-el-salario-estatal-aplicara-la-clausula-gatillo\/","name":"Ziliotto termin\u00f3 con especulaciones por el salario estatal: aplicar\u00e1 la cl\u00e1usula gatillo - Diario Textual","isPartOf":{"@id":"https:\/\/diariotextual.com\/inicio\/#website"},"primaryImageOfPage":{"@id":"https:\/\/diariotextual.com\/inicio\/index.php\/2021\/07\/14\/ziliotto-termino-con-especulaciones-por-el-salario-estatal-aplicara-la-clausula-gatillo\/#primaryimage"},"image":{"@id":"https:\/\/diariotextual.com\/inicio\/index.php\/2021\/07\/14\/ziliotto-termino-con-especulaciones-por-el-salario-estatal-aplicara-la-clausula-gatillo\/#primaryimage"},"thumbnailUrl":"https:\/\/diariotextual.com\/inicio\/wp-content\/uploads\/2021\/07\/ziliottosergio2021-709.jpg","datePublished":"2021-07-14T15:29:27+00:00","dateModified":"2021-07-14T21:23:21+00:00","breadcrumb":{"@id":"https:\/\/diariotextual.com\/inicio\/index.php\/2021\/07\/14\/ziliotto-termino-con-especulaciones-por-el-salario-estatal-aplicara-la-clausula-gatillo\/#breadcrumb"},"inLanguage":"es","potentialAction":[{"@type":"ReadAction","target":["https:\/\/diariotextual.com\/inicio\/index.php\/2021\/07\/14\/ziliotto-termino-con-especulaciones-por-el-salario-estatal-aplicara-la-clausula-gatillo\/"]}]},{"@type":"ImageObject","inLanguage":"es","@id":"https:\/\/diariotextual.com\/inicio\/index.php\/2021\/07\/14\/ziliotto-termino-con-especulaciones-por-el-salario-estatal-aplicara-la-clausula-gatillo\/#primaryimage","url":"https:\/\/diariotextual.com\/inicio\/wp-content\/uploads\/2021\/07\/ziliottosergio2021-709.jpg","contentUrl":"https:\/\/diariotextual.com\/inicio\/wp-content\/uploads\/2021\/07\/ziliottosergio2021-709.jpg","width":954,"height":624},{"@type":"BreadcrumbList","@id":"https:\/\/diariotextual.com\/inicio\/index.php\/2021\/07\/14\/ziliotto-termino-con-especulaciones-por-el-salario-estatal-aplicara-la-clausula-gatillo\/#breadcrumb","itemListElement":[{"@type":"ListItem","position":1,"name":"Portada","item":"https:\/\/diariotextual.com\/inicio\/"},{"@type":"ListItem","position":2,"name":"Ziliotto termin\u00f3 con especulaciones por el salario estatal: aplicar\u00e1 la cl\u00e1usula gatillo"}]},{"@type":"WebSite","@id":"https:\/\/diariotextual.com\/inicio\/#website","url":"https:\/\/diariotextual.com\/inicio\/","name":"Diario Textual","description":"","publisher":{"@id":"https:\/\/diariotextual.com\/inicio\/#organization"},"potentialAction":[{"@type":"SearchAction","target":{"@type":"EntryPoint","urlTemplate":"https:\/\/diariotextual.com\/inicio\/?s={search_term_string}"},"query-input":{"@type":"PropertyValueSpecification","valueRequired":true,"valueName":"search_term_string"}}],"inLanguage":"es"},{"@type":"Organization","@id":"https:\/\/diariotextual.com\/inicio\/#organization","name":"Diario Textual","url":"https:\/\/diariotextual.com\/inicio\/","logo":{"@type":"ImageObject","inLanguage":"es","@id":"https:\/\/diariotextual.com\/inicio\/#\/schema\/logo\/image\/","url":"https:\/\/diariotextual.com\/inicio\/wp-content\/uploads\/2023\/05\/logotextual1.jpg","contentUrl":"https:\/\/diariotextual.com\/inicio\/wp-content\/uploads\/2023\/05\/logotextual1.jpg","width":516,"height":76,"caption":"Diario Textual"},"image":{"@id":"https:\/\/diariotextual.com\/inicio\/#\/schema\/logo\/image\/"},"sameAs":["https:\/\/www.facebook.com\/eltextual","https:\/\/x.com\/eltextual","http:\/\/www.instagram.com\/eltextual"]},{"@type":"Person","@id":"https:\/\/diariotextual.com\/inicio\/#\/schema\/person\/418fc4093c33e86ed41562db3508f958","name":"Diario1 Diario1","image":{"@type":"ImageObject","inLanguage":"es","@id":"https:\/\/secure.gravatar.com\/avatar\/9167d280179c85bc18be67aa7eda765854300033af4896dd779b608640f2ef7a?s=96&d=mm&r=g","url":"https:\/\/secure.gravatar.com\/avatar\/9167d280179c85bc18be67aa7eda765854300033af4896dd779b608640f2ef7a?s=96&d=mm&r=g","contentUrl":"https:\/\/secure.gravatar.com\/avatar\/9167d280179c85bc18be67aa7eda765854300033af4896dd779b608640f2ef7a?s=96&d=mm&r=g","caption":"Diario1 Diario1"},"url":"https:\/\/diariotextual.com\/inicio\/index.php\/author\/diario1\/"}]}},"_links":{"self":[{"href":"https:\/\/diariotextual.com\/inicio\/index.php\/wp-json\/wp\/v2\/posts\/154145","targetHints":{"allow":["GET"]}}],"collection":[{"href":"https:\/\/diariotextual.com\/inicio\/index.php\/wp-json\/wp\/v2\/posts"}],"about":[{"href":"https:\/\/diariotextual.com\/inicio\/index.php\/wp-json\/wp\/v2\/types\/post"}],"author":[{"embeddable":true,"href":"https:\/\/diariotextual.com\/inicio\/index.php\/wp-json\/wp\/v2\/users\/3"}],"replies":[{"embeddable":true,"href":"https:\/\/diariotextual.com\/inicio\/index.php\/wp-json\/wp\/v2\/comments?post=154145"}],"version-history":[{"count":2,"href":"https:\/\/diariotextual.com\/inicio\/index.php\/wp-json\/wp\/v2\/posts\/154145\/revisions"}],"predecessor-version":[{"id":154147,"href":"https:\/\/diariotextual.com\/inicio\/index.php\/wp-json\/wp\/v2\/posts\/154145\/revisions\/154147"}],"wp:featuredmedia":[{"embeddable":true,"href":"https:\/\/diariotextual.com\/inicio\/index.php\/wp-json\/wp\/v2\/media\/154150"}],"wp:attachment":[{"href":"https:\/\/diariotextual.com\/inicio\/index.php\/wp-json\/wp\/v2\/media?parent=154145"}],"wp:term":[{"taxonomy":"category","embeddable":true,"href":"https:\/\/diariotextual.com\/inicio\/index.php\/wp-json\/wp\/v2\/categories?post=154145"},{"taxonomy":"post_tag","embeddable":true,"href":"https:\/\/diariotextual.com\/inicio\/index.php\/wp-json\/wp\/v2\/tags?post=154145"}],"curies":[{"name":"wp","href":"https:\/\/api.w.org\/{rel}","templated":true}]}}