{"id":154415,"date":"2021-07-16T11:56:47","date_gmt":"2021-07-16T14:56:47","guid":{"rendered":"https:\/\/diariotextual.com\/inicio\/?p=154415"},"modified":"2021-07-17T10:16:01","modified_gmt":"2021-07-17T13:16:01","slug":"ziliotto-se-reunio-con-fepamco-y-acordo-unico-aumento-del-9-hasta-fin-de-ano","status":"publish","type":"post","link":"https:\/\/diariotextual.com\/inicio\/index.php\/2021\/07\/16\/ziliotto-se-reunio-con-fepamco-y-acordo-unico-aumento-del-9-hasta-fin-de-ano\/","title":{"rendered":"Luz: Ziliotto se reuni\u00f3 con Fepamco y acord\u00f3 \u00fanico aumento del 9 % hasta fin de a\u00f1o"},"content":{"rendered":"\n<p>El gobernador <strong>Sergio Ziliotto<\/strong> se reuni\u00f3 este viernes con autoridades de la <strong>Federaci\u00f3n Pampeana de Cooperativas<\/strong> y acord\u00f3 que habr\u00e1 un <strong>\u00fanico aumento hasta fin de a\u00f1o del 9%<\/strong>. Anunci\u00f3 adem\u00e1s que el Estado establecer\u00e1 un esquema de <strong>subsidios<\/strong> a las entidades para \u201ccompartir esfuerzos\u201c ante futuros aumentos en los costos de prestaci\u00f3n del servicio. La Unlpam realizar\u00e1 el estudio de esos costos.<\/p>\n\n\n\n<p>El encuentro tuvo lugar en el Sal\u00f3n de Acuerdos de Casa de Gobierno, donde el gobernador estuvo junto al secretario de Energ\u00eda y Miner\u00eda, Mat\u00edas Toso, en tanto que por la Federaci\u00f3n Pampeana de Cooperativas asistieron Carlos Santarrosa, Norberto&nbsp;de Crist\u00f3faro, Carlos Kette, Marcelo Padrones, Claudio Saffeni, Viviana Alegre, Santiago P\u00e9rez y Ariel Mart\u00ednez.<\/p>\n\n\n\n<p>La reuni\u00f3n de trabajo se prolong\u00f3 por casi dos horas, lapso en el cual se resolvi\u00f3 invitar a la Universidad&nbsp; Nacional de La Pampa para la realizaci\u00f3n de un estudio de costos, que permita determinar la existencia de atrasos tarifarios generados en a\u00f1os anteriores al congelamiento.<\/p>\n\n\n\n<p>El estudio facilitar\u00e1 el dise\u00f1o de un esquema tarifario acorde a los tiempos actuales, dentro de marcos razonables, previsibles y equitativos.<\/p>\n\n\n\n<p>Los temas analizados durante esta reuni\u00f3n seguir\u00e1n siendo motivo de estudio exhaustivo en el marco institucional de la Comisi\u00f3n de An\u00e1lisis Tarifario, creada por el gobernador Ziliotto, para que representantes del Gobierno y del movimiento cooperativo trabajen mancomunadamente.<\/p>\n\n\n\n<p>El objetivo es generar las herramientas que permitan avanzar en la prestaci\u00f3n del mejor servicio al menor costo, incrementando la eficiencia de todos los actores del sistema el\u00e9ctrico pampeano.<\/p>\n","protected":false},"excerpt":{"rendered":"<p>El gobernador Sergio Ziliotto se reuni\u00f3 este viernes con autoridades de la Federaci\u00f3n Pampeana de Cooperativas y acord\u00f3 que habr\u00e1 un \u00fanico aumento hasta fin de a\u00f1o del 9%. Anunci\u00f3&hellip;<\/p>\n","protected":false},"author":7,"featured_media":154416,"comment_status":"closed","ping_status":"open","sticky":false,"template":"","format":"standard","meta":{"_acf_changed":false,"footnotes":""},"categories":[10,12],"tags":[2549,1359,1343],"class_list":["post-154415","post","type-post","status-publish","format-standard","has-post-thumbnail","hentry","category-portada-2","category-sociedad","tag-energia-electrica","tag-fepamco","tag-tarifas"],"acf":[],"yoast_head":"<!-- This site is optimized with the Yoast SEO plugin v27.5 - https:\/\/yoast.com\/product\/yoast-seo-wordpress\/ -->\n<title>Luz: Ziliotto se reuni\u00f3 con Fepamco y acord\u00f3 \u00fanico aumento del 9 % hasta fin de a\u00f1o - Diario Textual<\/title>\n<meta name=\"robots\" content=\"index, follow, max-snippet:-1, max-image-preview:large, max-video-preview:-1\" \/>\n<link rel=\"canonical\" href=\"https:\/\/diariotextual.com\/inicio\/index.php\/2021\/07\/16\/ziliotto-se-reunio-con-fepamco-y-acordo-unico-aumento-del-9-hasta-fin-de-ano\/\" \/>\n<meta property=\"og:locale\" content=\"es_ES\" \/>\n<meta property=\"og:type\" content=\"article\" \/>\n<meta property=\"og:title\" content=\"Luz: Ziliotto se reuni\u00f3 con Fepamco y acord\u00f3 \u00fanico aumento del 9 % hasta fin de a\u00f1o - Diario Textual\" \/>\n<meta property=\"og:description\" content=\"El gobernador Sergio Ziliotto se reuni\u00f3 este viernes con autoridades de la Federaci\u00f3n Pampeana de Cooperativas y acord\u00f3 que habr\u00e1 un \u00fanico aumento hasta fin de a\u00f1o del 9%. Anunci\u00f3&hellip;\" \/>\n<meta property=\"og:url\" content=\"https:\/\/diariotextual.com\/inicio\/index.php\/2021\/07\/16\/ziliotto-se-reunio-con-fepamco-y-acordo-unico-aumento-del-9-hasta-fin-de-ano\/\" \/>\n<meta property=\"og:site_name\" content=\"Diario Textual\" \/>\n<meta property=\"article:publisher\" content=\"https:\/\/www.facebook.com\/eltextual\" \/>\n<meta property=\"article:published_time\" content=\"2021-07-16T14:56:47+00:00\" \/>\n<meta property=\"article:modified_time\" content=\"2021-07-17T13:16:01+00:00\" \/>\n<meta property=\"og:image\" content=\"https:\/\/diariotextual.com\/inicio\/wp-content\/uploads\/2021\/07\/ziliottoyfepamco-scaled.jpg\" \/>\n\t<meta property=\"og:image:width\" content=\"2560\" \/>\n\t<meta property=\"og:image:height\" content=\"1707\" \/>\n\t<meta property=\"og:image:type\" content=\"image\/jpeg\" \/>\n<meta name=\"author\" content=\"diario5\" \/>\n<meta name=\"twitter:card\" content=\"summary_large_image\" \/>\n<meta name=\"twitter:creator\" content=\"@eltextual\" \/>\n<meta name=\"twitter:site\" content=\"@eltextual\" \/>\n<meta name=\"twitter:label1\" content=\"Escrito por\" \/>\n\t<meta name=\"twitter:data1\" content=\"diario5\" \/>\n\t<meta name=\"twitter:label2\" content=\"Tiempo de lectura\" \/>\n\t<meta name=\"twitter:data2\" content=\"2 minutos\" \/>\n<script type=\"application\/ld+json\" class=\"yoast-schema-graph\">{\"@context\":\"https:\\\/\\\/schema.org\",\"@graph\":[{\"@type\":\"Article\",\"@id\":\"https:\\\/\\\/diariotextual.com\\\/inicio\\\/index.php\\\/2021\\\/07\\\/16\\\/ziliotto-se-reunio-con-fepamco-y-acordo-unico-aumento-del-9-hasta-fin-de-ano\\\/#article\",\"isPartOf\":{\"@id\":\"https:\\\/\\\/diariotextual.com\\\/inicio\\\/index.php\\\/2021\\\/07\\\/16\\\/ziliotto-se-reunio-con-fepamco-y-acordo-unico-aumento-del-9-hasta-fin-de-ano\\\/\"},\"author\":{\"name\":\"diario5\",\"@id\":\"https:\\\/\\\/diariotextual.com\\\/inicio\\\/#\\\/schema\\\/person\\\/c7834961ad8b29b1d9cdbf4571299067\"},\"headline\":\"Luz: Ziliotto se reuni\u00f3 con Fepamco y acord\u00f3 \u00fanico aumento del 9 % hasta fin de a\u00f1o\",\"datePublished\":\"2021-07-16T14:56:47+00:00\",\"dateModified\":\"2021-07-17T13:16:01+00:00\",\"mainEntityOfPage\":{\"@id\":\"https:\\\/\\\/diariotextual.com\\\/inicio\\\/index.php\\\/2021\\\/07\\\/16\\\/ziliotto-se-reunio-con-fepamco-y-acordo-unico-aumento-del-9-hasta-fin-de-ano\\\/\"},\"wordCount\":290,\"publisher\":{\"@id\":\"https:\\\/\\\/diariotextual.com\\\/inicio\\\/#organization\"},\"image\":{\"@id\":\"https:\\\/\\\/diariotextual.com\\\/inicio\\\/index.php\\\/2021\\\/07\\\/16\\\/ziliotto-se-reunio-con-fepamco-y-acordo-unico-aumento-del-9-hasta-fin-de-ano\\\/#primaryimage\"},\"thumbnailUrl\":\"https:\\\/\\\/diariotextual.com\\\/inicio\\\/wp-content\\\/uploads\\\/2021\\\/07\\\/ziliottoyfepamco-scaled.jpg\",\"keywords\":[\"energ\u00eda el\u00e9ctrica\",\"Fepamco\",\"tarifas\"],\"articleSection\":[\"A - PORTADA2\",\"SOCIEDAD\"],\"inLanguage\":\"es\"},{\"@type\":\"WebPage\",\"@id\":\"https:\\\/\\\/diariotextual.com\\\/inicio\\\/index.php\\\/2021\\\/07\\\/16\\\/ziliotto-se-reunio-con-fepamco-y-acordo-unico-aumento-del-9-hasta-fin-de-ano\\\/\",\"url\":\"https:\\\/\\\/diariotextual.com\\\/inicio\\\/index.php\\\/2021\\\/07\\\/16\\\/ziliotto-se-reunio-con-fepamco-y-acordo-unico-aumento-del-9-hasta-fin-de-ano\\\/\",\"name\":\"Luz: Ziliotto se reuni\u00f3 con Fepamco y acord\u00f3 \u00fanico aumento del 9 % hasta fin de a\u00f1o - Diario Textual\",\"isPartOf\":{\"@id\":\"https:\\\/\\\/diariotextual.com\\\/inicio\\\/#website\"},\"primaryImageOfPage\":{\"@id\":\"https:\\\/\\\/diariotextual.com\\\/inicio\\\/index.php\\\/2021\\\/07\\\/16\\\/ziliotto-se-reunio-con-fepamco-y-acordo-unico-aumento-del-9-hasta-fin-de-ano\\\/#primaryimage\"},\"image\":{\"@id\":\"https:\\\/\\\/diariotextual.com\\\/inicio\\\/index.php\\\/2021\\\/07\\\/16\\\/ziliotto-se-reunio-con-fepamco-y-acordo-unico-aumento-del-9-hasta-fin-de-ano\\\/#primaryimage\"},\"thumbnailUrl\":\"https:\\\/\\\/diariotextual.com\\\/inicio\\\/wp-content\\\/uploads\\\/2021\\\/07\\\/ziliottoyfepamco-scaled.jpg\",\"datePublished\":\"2021-07-16T14:56:47+00:00\",\"dateModified\":\"2021-07-17T13:16:01+00:00\",\"breadcrumb\":{\"@id\":\"https:\\\/\\\/diariotextual.com\\\/inicio\\\/index.php\\\/2021\\\/07\\\/16\\\/ziliotto-se-reunio-con-fepamco-y-acordo-unico-aumento-del-9-hasta-fin-de-ano\\\/#breadcrumb\"},\"inLanguage\":\"es\",\"potentialAction\":[{\"@type\":\"ReadAction\",\"target\":[\"https:\\\/\\\/diariotextual.com\\\/inicio\\\/index.php\\\/2021\\\/07\\\/16\\\/ziliotto-se-reunio-con-fepamco-y-acordo-unico-aumento-del-9-hasta-fin-de-ano\\\/\"]}]},{\"@type\":\"ImageObject\",\"inLanguage\":\"es\",\"@id\":\"https:\\\/\\\/diariotextual.com\\\/inicio\\\/index.php\\\/2021\\\/07\\\/16\\\/ziliotto-se-reunio-con-fepamco-y-acordo-unico-aumento-del-9-hasta-fin-de-ano\\\/#primaryimage\",\"url\":\"https:\\\/\\\/diariotextual.com\\\/inicio\\\/wp-content\\\/uploads\\\/2021\\\/07\\\/ziliottoyfepamco-scaled.jpg\",\"contentUrl\":\"https:\\\/\\\/diariotextual.com\\\/inicio\\\/wp-content\\\/uploads\\\/2021\\\/07\\\/ziliottoyfepamco-scaled.jpg\",\"width\":2560,\"height\":1707},{\"@type\":\"BreadcrumbList\",\"@id\":\"https:\\\/\\\/diariotextual.com\\\/inicio\\\/index.php\\\/2021\\\/07\\\/16\\\/ziliotto-se-reunio-con-fepamco-y-acordo-unico-aumento-del-9-hasta-fin-de-ano\\\/#breadcrumb\",\"itemListElement\":[{\"@type\":\"ListItem\",\"position\":1,\"name\":\"Portada\",\"item\":\"https:\\\/\\\/diariotextual.com\\\/inicio\\\/\"},{\"@type\":\"ListItem\",\"position\":2,\"name\":\"Luz: Ziliotto se reuni\u00f3 con Fepamco y acord\u00f3 \u00fanico aumento del 9 % hasta fin de a\u00f1o\"}]},{\"@type\":\"WebSite\",\"@id\":\"https:\\\/\\\/diariotextual.com\\\/inicio\\\/#website\",\"url\":\"https:\\\/\\\/diariotextual.com\\\/inicio\\\/\",\"name\":\"Diario Textual\",\"description\":\"\",\"publisher\":{\"@id\":\"https:\\\/\\\/diariotextual.com\\\/inicio\\\/#organization\"},\"potentialAction\":[{\"@type\":\"SearchAction\",\"target\":{\"@type\":\"EntryPoint\",\"urlTemplate\":\"https:\\\/\\\/diariotextual.com\\\/inicio\\\/?s={search_term_string}\"},\"query-input\":{\"@type\":\"PropertyValueSpecification\",\"valueRequired\":true,\"valueName\":\"search_term_string\"}}],\"inLanguage\":\"es\"},{\"@type\":\"Organization\",\"@id\":\"https:\\\/\\\/diariotextual.com\\\/inicio\\\/#organization\",\"name\":\"Diario Textual\",\"url\":\"https:\\\/\\\/diariotextual.com\\\/inicio\\\/\",\"logo\":{\"@type\":\"ImageObject\",\"inLanguage\":\"es\",\"@id\":\"https:\\\/\\\/diariotextual.com\\\/inicio\\\/#\\\/schema\\\/logo\\\/image\\\/\",\"url\":\"https:\\\/\\\/diariotextual.com\\\/inicio\\\/wp-content\\\/uploads\\\/2023\\\/05\\\/logotextual1.jpg\",\"contentUrl\":\"https:\\\/\\\/diariotextual.com\\\/inicio\\\/wp-content\\\/uploads\\\/2023\\\/05\\\/logotextual1.jpg\",\"width\":516,\"height\":76,\"caption\":\"Diario Textual\"},\"image\":{\"@id\":\"https:\\\/\\\/diariotextual.com\\\/inicio\\\/#\\\/schema\\\/logo\\\/image\\\/\"},\"sameAs\":[\"https:\\\/\\\/www.facebook.com\\\/eltextual\",\"https:\\\/\\\/x.com\\\/eltextual\",\"http:\\\/\\\/www.instagram.com\\\/eltextual\"]},{\"@type\":\"Person\",\"@id\":\"https:\\\/\\\/diariotextual.com\\\/inicio\\\/#\\\/schema\\\/person\\\/c7834961ad8b29b1d9cdbf4571299067\",\"name\":\"diario5\",\"image\":{\"@type\":\"ImageObject\",\"inLanguage\":\"es\",\"@id\":\"https:\\\/\\\/secure.gravatar.com\\\/avatar\\\/948c893b847ca6df68216ead81b63f363408ec9b0f600fefc0641ce78613b111?s=96&d=mm&r=g\",\"url\":\"https:\\\/\\\/secure.gravatar.com\\\/avatar\\\/948c893b847ca6df68216ead81b63f363408ec9b0f600fefc0641ce78613b111?s=96&d=mm&r=g\",\"contentUrl\":\"https:\\\/\\\/secure.gravatar.com\\\/avatar\\\/948c893b847ca6df68216ead81b63f363408ec9b0f600fefc0641ce78613b111?s=96&d=mm&r=g\",\"caption\":\"diario5\"},\"url\":\"https:\\\/\\\/diariotextual.com\\\/inicio\\\/index.php\\\/author\\\/diario5\\\/\"}]}<\/script>\n<!-- \/ Yoast SEO plugin. -->","yoast_head_json":{"title":"Luz: Ziliotto se reuni\u00f3 con Fepamco y acord\u00f3 \u00fanico aumento del 9 % hasta fin de a\u00f1o - Diario Textual","robots":{"index":"index","follow":"follow","max-snippet":"max-snippet:-1","max-image-preview":"max-image-preview:large","max-video-preview":"max-video-preview:-1"},"canonical":"https:\/\/diariotextual.com\/inicio\/index.php\/2021\/07\/16\/ziliotto-se-reunio-con-fepamco-y-acordo-unico-aumento-del-9-hasta-fin-de-ano\/","og_locale":"es_ES","og_type":"article","og_title":"Luz: Ziliotto se reuni\u00f3 con Fepamco y acord\u00f3 \u00fanico aumento del 9 % hasta fin de a\u00f1o - Diario Textual","og_description":"El gobernador Sergio Ziliotto se reuni\u00f3 este viernes con autoridades de la Federaci\u00f3n Pampeana de Cooperativas y acord\u00f3 que habr\u00e1 un \u00fanico aumento hasta fin de a\u00f1o del 9%. Anunci\u00f3&hellip;","og_url":"https:\/\/diariotextual.com\/inicio\/index.php\/2021\/07\/16\/ziliotto-se-reunio-con-fepamco-y-acordo-unico-aumento-del-9-hasta-fin-de-ano\/","og_site_name":"Diario Textual","article_publisher":"https:\/\/www.facebook.com\/eltextual","article_published_time":"2021-07-16T14:56:47+00:00","article_modified_time":"2021-07-17T13:16:01+00:00","og_image":[{"width":2560,"height":1707,"url":"https:\/\/diariotextual.com\/inicio\/wp-content\/uploads\/2021\/07\/ziliottoyfepamco-scaled.jpg","type":"image\/jpeg"}],"author":"diario5","twitter_card":"summary_large_image","twitter_creator":"@eltextual","twitter_site":"@eltextual","twitter_misc":{"Escrito por":"diario5","Tiempo de lectura":"2 minutos"},"schema":{"@context":"https:\/\/schema.org","@graph":[{"@type":"Article","@id":"https:\/\/diariotextual.com\/inicio\/index.php\/2021\/07\/16\/ziliotto-se-reunio-con-fepamco-y-acordo-unico-aumento-del-9-hasta-fin-de-ano\/#article","isPartOf":{"@id":"https:\/\/diariotextual.com\/inicio\/index.php\/2021\/07\/16\/ziliotto-se-reunio-con-fepamco-y-acordo-unico-aumento-del-9-hasta-fin-de-ano\/"},"author":{"name":"diario5","@id":"https:\/\/diariotextual.com\/inicio\/#\/schema\/person\/c7834961ad8b29b1d9cdbf4571299067"},"headline":"Luz: Ziliotto se reuni\u00f3 con Fepamco y acord\u00f3 \u00fanico aumento del 9 % hasta fin de a\u00f1o","datePublished":"2021-07-16T14:56:47+00:00","dateModified":"2021-07-17T13:16:01+00:00","mainEntityOfPage":{"@id":"https:\/\/diariotextual.com\/inicio\/index.php\/2021\/07\/16\/ziliotto-se-reunio-con-fepamco-y-acordo-unico-aumento-del-9-hasta-fin-de-ano\/"},"wordCount":290,"publisher":{"@id":"https:\/\/diariotextual.com\/inicio\/#organization"},"image":{"@id":"https:\/\/diariotextual.com\/inicio\/index.php\/2021\/07\/16\/ziliotto-se-reunio-con-fepamco-y-acordo-unico-aumento-del-9-hasta-fin-de-ano\/#primaryimage"},"thumbnailUrl":"https:\/\/diariotextual.com\/inicio\/wp-content\/uploads\/2021\/07\/ziliottoyfepamco-scaled.jpg","keywords":["energ\u00eda el\u00e9ctrica","Fepamco","tarifas"],"articleSection":["A - PORTADA2","SOCIEDAD"],"inLanguage":"es"},{"@type":"WebPage","@id":"https:\/\/diariotextual.com\/inicio\/index.php\/2021\/07\/16\/ziliotto-se-reunio-con-fepamco-y-acordo-unico-aumento-del-9-hasta-fin-de-ano\/","url":"https:\/\/diariotextual.com\/inicio\/index.php\/2021\/07\/16\/ziliotto-se-reunio-con-fepamco-y-acordo-unico-aumento-del-9-hasta-fin-de-ano\/","name":"Luz: Ziliotto se reuni\u00f3 con Fepamco y acord\u00f3 \u00fanico aumento del 9 % hasta fin de a\u00f1o - Diario Textual","isPartOf":{"@id":"https:\/\/diariotextual.com\/inicio\/#website"},"primaryImageOfPage":{"@id":"https:\/\/diariotextual.com\/inicio\/index.php\/2021\/07\/16\/ziliotto-se-reunio-con-fepamco-y-acordo-unico-aumento-del-9-hasta-fin-de-ano\/#primaryimage"},"image":{"@id":"https:\/\/diariotextual.com\/inicio\/index.php\/2021\/07\/16\/ziliotto-se-reunio-con-fepamco-y-acordo-unico-aumento-del-9-hasta-fin-de-ano\/#primaryimage"},"thumbnailUrl":"https:\/\/diariotextual.com\/inicio\/wp-content\/uploads\/2021\/07\/ziliottoyfepamco-scaled.jpg","datePublished":"2021-07-16T14:56:47+00:00","dateModified":"2021-07-17T13:16:01+00:00","breadcrumb":{"@id":"https:\/\/diariotextual.com\/inicio\/index.php\/2021\/07\/16\/ziliotto-se-reunio-con-fepamco-y-acordo-unico-aumento-del-9-hasta-fin-de-ano\/#breadcrumb"},"inLanguage":"es","potentialAction":[{"@type":"ReadAction","target":["https:\/\/diariotextual.com\/inicio\/index.php\/2021\/07\/16\/ziliotto-se-reunio-con-fepamco-y-acordo-unico-aumento-del-9-hasta-fin-de-ano\/"]}]},{"@type":"ImageObject","inLanguage":"es","@id":"https:\/\/diariotextual.com\/inicio\/index.php\/2021\/07\/16\/ziliotto-se-reunio-con-fepamco-y-acordo-unico-aumento-del-9-hasta-fin-de-ano\/#primaryimage","url":"https:\/\/diariotextual.com\/inicio\/wp-content\/uploads\/2021\/07\/ziliottoyfepamco-scaled.jpg","contentUrl":"https:\/\/diariotextual.com\/inicio\/wp-content\/uploads\/2021\/07\/ziliottoyfepamco-scaled.jpg","width":2560,"height":1707},{"@type":"BreadcrumbList","@id":"https:\/\/diariotextual.com\/inicio\/index.php\/2021\/07\/16\/ziliotto-se-reunio-con-fepamco-y-acordo-unico-aumento-del-9-hasta-fin-de-ano\/#breadcrumb","itemListElement":[{"@type":"ListItem","position":1,"name":"Portada","item":"https:\/\/diariotextual.com\/inicio\/"},{"@type":"ListItem","position":2,"name":"Luz: Ziliotto se reuni\u00f3 con Fepamco y acord\u00f3 \u00fanico aumento del 9 % hasta fin de a\u00f1o"}]},{"@type":"WebSite","@id":"https:\/\/diariotextual.com\/inicio\/#website","url":"https:\/\/diariotextual.com\/inicio\/","name":"Diario Textual","description":"","publisher":{"@id":"https:\/\/diariotextual.com\/inicio\/#organization"},"potentialAction":[{"@type":"SearchAction","target":{"@type":"EntryPoint","urlTemplate":"https:\/\/diariotextual.com\/inicio\/?s={search_term_string}"},"query-input":{"@type":"PropertyValueSpecification","valueRequired":true,"valueName":"search_term_string"}}],"inLanguage":"es"},{"@type":"Organization","@id":"https:\/\/diariotextual.com\/inicio\/#organization","name":"Diario Textual","url":"https:\/\/diariotextual.com\/inicio\/","logo":{"@type":"ImageObject","inLanguage":"es","@id":"https:\/\/diariotextual.com\/inicio\/#\/schema\/logo\/image\/","url":"https:\/\/diariotextual.com\/inicio\/wp-content\/uploads\/2023\/05\/logotextual1.jpg","contentUrl":"https:\/\/diariotextual.com\/inicio\/wp-content\/uploads\/2023\/05\/logotextual1.jpg","width":516,"height":76,"caption":"Diario Textual"},"image":{"@id":"https:\/\/diariotextual.com\/inicio\/#\/schema\/logo\/image\/"},"sameAs":["https:\/\/www.facebook.com\/eltextual","https:\/\/x.com\/eltextual","http:\/\/www.instagram.com\/eltextual"]},{"@type":"Person","@id":"https:\/\/diariotextual.com\/inicio\/#\/schema\/person\/c7834961ad8b29b1d9cdbf4571299067","name":"diario5","image":{"@type":"ImageObject","inLanguage":"es","@id":"https:\/\/secure.gravatar.com\/avatar\/948c893b847ca6df68216ead81b63f363408ec9b0f600fefc0641ce78613b111?s=96&d=mm&r=g","url":"https:\/\/secure.gravatar.com\/avatar\/948c893b847ca6df68216ead81b63f363408ec9b0f600fefc0641ce78613b111?s=96&d=mm&r=g","contentUrl":"https:\/\/secure.gravatar.com\/avatar\/948c893b847ca6df68216ead81b63f363408ec9b0f600fefc0641ce78613b111?s=96&d=mm&r=g","caption":"diario5"},"url":"https:\/\/diariotextual.com\/inicio\/index.php\/author\/diario5\/"}]}},"_links":{"self":[{"href":"https:\/\/diariotextual.com\/inicio\/index.php\/wp-json\/wp\/v2\/posts\/154415","targetHints":{"allow":["GET"]}}],"collection":[{"href":"https:\/\/diariotextual.com\/inicio\/index.php\/wp-json\/wp\/v2\/posts"}],"about":[{"href":"https:\/\/diariotextual.com\/inicio\/index.php\/wp-json\/wp\/v2\/types\/post"}],"author":[{"embeddable":true,"href":"https:\/\/diariotextual.com\/inicio\/index.php\/wp-json\/wp\/v2\/users\/7"}],"replies":[{"embeddable":true,"href":"https:\/\/diariotextual.com\/inicio\/index.php\/wp-json\/wp\/v2\/comments?post=154415"}],"version-history":[{"count":2,"href":"https:\/\/diariotextual.com\/inicio\/index.php\/wp-json\/wp\/v2\/posts\/154415\/revisions"}],"predecessor-version":[{"id":154419,"href":"https:\/\/diariotextual.com\/inicio\/index.php\/wp-json\/wp\/v2\/posts\/154415\/revisions\/154419"}],"wp:featuredmedia":[{"embeddable":true,"href":"https:\/\/diariotextual.com\/inicio\/index.php\/wp-json\/wp\/v2\/media\/154416"}],"wp:attachment":[{"href":"https:\/\/diariotextual.com\/inicio\/index.php\/wp-json\/wp\/v2\/media?parent=154415"}],"wp:term":[{"taxonomy":"category","embeddable":true,"href":"https:\/\/diariotextual.com\/inicio\/index.php\/wp-json\/wp\/v2\/categories?post=154415"},{"taxonomy":"post_tag","embeddable":true,"href":"https:\/\/diariotextual.com\/inicio\/index.php\/wp-json\/wp\/v2\/tags?post=154415"}],"curies":[{"name":"wp","href":"https:\/\/api.w.org\/{rel}","templated":true}]}}