{"id":154512,"date":"2021-07-17T11:21:05","date_gmt":"2021-07-17T14:21:05","guid":{"rendered":"https:\/\/diariotextual.com\/inicio\/?p=154512"},"modified":"2021-07-17T19:42:28","modified_gmt":"2021-07-17T22:42:28","slug":"en-santa-rosa-ya-hay-4-inscriptos-y-otros-50-iniciaron-el-tramite-para-el-registro-de-cannabis-medicinal","status":"publish","type":"post","link":"https:\/\/diariotextual.com\/inicio\/index.php\/2021\/07\/17\/en-santa-rosa-ya-hay-4-inscriptos-y-otros-50-iniciaron-el-tramite-para-el-registro-de-cannabis-medicinal\/","title":{"rendered":"En Santa Rosa ya hay 4 personas que iniciaron el tr\u00e1mite para el registro de cannabis medicinal"},"content":{"rendered":"\n<p>Un total de<strong> 4 personas<\/strong> ya iniciaron el tr\u00e1mite para ingresar al <strong>Registro Voluntario de Personas Usuarias y\/o Cultivadores de Cannabis Medicinal y sus Derivados de Santa Rosa<\/strong>. Adem\u00e1s,<strong> hay otros 50 que manifestaron inter\u00e9s en comenzar el tr\u00e1mite<\/strong>.<\/p>\n\n\n\n<p>El dato fue dado a conocer a <strong>Radio Textual (LU 33)<\/strong> por el concejal<strong> Mariano Rodr\u00edguez Vega<\/strong>, autor de la iniciativa.<\/p>\n\n\n\n<p>Este registro fue aprobado, por ordenanza, en septiembre de 2020. Hace quince d\u00edas, finalmente, se puso en marcha.<\/p>\n\n\n\n<p>Rodr\u00edguez Vega dijo que los datos que se brindan son confidenciales. Seg\u00fan record\u00f3, pueden inscribirse los habitantes de Santa Rosa.<\/p>\n\n\n\n<p>Para hacerlo, aclar\u00f3, deben declarar la patolog\u00eda que tratan con cannabis, adem\u00e1s de presentar una certificaci\u00f3n m\u00e9dica. Tambi\u00e9n deber\u00e1n declarar las particularidades de su cultivo.<\/p>\n\n\n\n<p><strong>\u201cHay un profesional de la Salud que habilita que es persona pueda estar cultivando en su casa, por una determinada patolog\u00eda\u201d<\/strong>, dijo. <strong>\u00abEl cannabis lo que trae, en definitiva, es una mejor calidad de vida a las personas que lo necesitan por su enfermedad\u00bb.<\/strong><\/p>\n\n\n\n<figure class=\"wp-block-image size-large\"><img fetchpriority=\"high\" decoding=\"async\" width=\"960\" height=\"640\" src=\"https:\/\/diariotextual.com\/inicio\/wp-content\/uploads\/2020\/08\/rodriguezvega.jpg\" alt=\"\" class=\"wp-image-108744\" srcset=\"https:\/\/diariotextual.com\/inicio\/wp-content\/uploads\/2020\/08\/rodriguezvega.jpg 960w, https:\/\/diariotextual.com\/inicio\/wp-content\/uploads\/2020\/08\/rodriguezvega-300x200.jpg 300w, https:\/\/diariotextual.com\/inicio\/wp-content\/uploads\/2020\/08\/rodriguezvega-768x512.jpg 768w, https:\/\/diariotextual.com\/inicio\/wp-content\/uploads\/2020\/08\/rodriguezvega-585x390.jpg 585w, https:\/\/diariotextual.com\/inicio\/wp-content\/uploads\/2020\/08\/rodriguezvega-263x175.jpg 263w\" sizes=\"(max-width: 960px) 100vw, 960px\" \/><\/figure>\n\n\n\n<p>En la ordenanza se estableci\u00f3 que, a la par del registro, se debe crear el Consejo Consultivo de Cannabis Medicinal. Se trata de un grupo interdisciplinario conformado por usuarios y familiares de cannabis medicinal, profesionales vinculados a la tem\u00e1tica, miembros del Poder Legislativo y Ejecutivo, universidades y miembros de ONG\u2019s.<\/p>\n\n\n\n<p>No s\u00f3lo se pronuncia sobre las habilitaciones de cultivos, sino tambi\u00e9n sobre el desarrollo de programas de formaci\u00f3n e informaci\u00f3n en el marco del municipio.<\/p>\n\n\n\n<p><\/p>\n","protected":false},"excerpt":{"rendered":"<p>Un total de 4 personas ya iniciaron el tr\u00e1mite para ingresar al Registro Voluntario de Personas Usuarias y\/o Cultivadores de Cannabis Medicinal y sus Derivados de Santa Rosa. Adem\u00e1s, hay&hellip;<\/p>\n","protected":false},"author":3,"featured_media":101962,"comment_status":"closed","ping_status":"open","sticky":false,"template":"","format":"standard","meta":{"_acf_changed":false,"footnotes":""},"categories":[10,12],"tags":[315,288],"class_list":["post-154512","post","type-post","status-publish","format-standard","has-post-thumbnail","hentry","category-portada-2","category-sociedad","tag-cannabis","tag-marihuana"],"acf":[],"yoast_head":"<!-- This site is optimized with the Yoast SEO plugin v27.5 - https:\/\/yoast.com\/product\/yoast-seo-wordpress\/ -->\n<title>En Santa Rosa ya hay 4 personas que iniciaron el tr\u00e1mite para el registro de cannabis medicinal - Diario Textual<\/title>\n<meta name=\"robots\" content=\"index, follow, max-snippet:-1, max-image-preview:large, max-video-preview:-1\" \/>\n<link rel=\"canonical\" href=\"https:\/\/diariotextual.com\/inicio\/index.php\/2021\/07\/17\/en-santa-rosa-ya-hay-4-inscriptos-y-otros-50-iniciaron-el-tramite-para-el-registro-de-cannabis-medicinal\/\" \/>\n<meta property=\"og:locale\" content=\"es_ES\" \/>\n<meta property=\"og:type\" content=\"article\" \/>\n<meta property=\"og:title\" content=\"En Santa Rosa ya hay 4 personas que iniciaron el tr\u00e1mite para el registro de cannabis medicinal - Diario Textual\" \/>\n<meta property=\"og:description\" content=\"Un total de 4 personas ya iniciaron el tr\u00e1mite para ingresar al Registro Voluntario de Personas Usuarias y\/o Cultivadores de Cannabis Medicinal y sus Derivados de Santa Rosa. Adem\u00e1s, hay&hellip;\" \/>\n<meta property=\"og:url\" content=\"https:\/\/diariotextual.com\/inicio\/index.php\/2021\/07\/17\/en-santa-rosa-ya-hay-4-inscriptos-y-otros-50-iniciaron-el-tramite-para-el-registro-de-cannabis-medicinal\/\" \/>\n<meta property=\"og:site_name\" content=\"Diario Textual\" \/>\n<meta property=\"article:publisher\" content=\"https:\/\/www.facebook.com\/eltextual\" \/>\n<meta property=\"article:published_time\" content=\"2021-07-17T14:21:05+00:00\" \/>\n<meta property=\"article:modified_time\" content=\"2021-07-17T22:42:28+00:00\" \/>\n<meta property=\"og:image\" content=\"https:\/\/diariotextual.com\/inicio\/wp-content\/uploads\/2020\/07\/cannabismarihuanatelam2020-1.jpg\" \/>\n\t<meta property=\"og:image:width\" content=\"1004\" \/>\n\t<meta property=\"og:image:height\" content=\"565\" \/>\n\t<meta property=\"og:image:type\" content=\"image\/jpeg\" \/>\n<meta name=\"author\" content=\"Diario1 Diario1\" \/>\n<meta name=\"twitter:card\" content=\"summary_large_image\" \/>\n<meta name=\"twitter:creator\" content=\"@eltextual\" \/>\n<meta name=\"twitter:site\" content=\"@eltextual\" \/>\n<meta name=\"twitter:label1\" content=\"Escrito por\" \/>\n\t<meta name=\"twitter:data1\" content=\"Diario1 Diario1\" \/>\n\t<meta name=\"twitter:label2\" content=\"Tiempo de lectura\" \/>\n\t<meta name=\"twitter:data2\" content=\"2 minutos\" \/>\n<script type=\"application\/ld+json\" class=\"yoast-schema-graph\">{\"@context\":\"https:\\\/\\\/schema.org\",\"@graph\":[{\"@type\":\"Article\",\"@id\":\"https:\\\/\\\/diariotextual.com\\\/inicio\\\/index.php\\\/2021\\\/07\\\/17\\\/en-santa-rosa-ya-hay-4-inscriptos-y-otros-50-iniciaron-el-tramite-para-el-registro-de-cannabis-medicinal\\\/#article\",\"isPartOf\":{\"@id\":\"https:\\\/\\\/diariotextual.com\\\/inicio\\\/index.php\\\/2021\\\/07\\\/17\\\/en-santa-rosa-ya-hay-4-inscriptos-y-otros-50-iniciaron-el-tramite-para-el-registro-de-cannabis-medicinal\\\/\"},\"author\":{\"name\":\"Diario1 Diario1\",\"@id\":\"https:\\\/\\\/diariotextual.com\\\/inicio\\\/#\\\/schema\\\/person\\\/418fc4093c33e86ed41562db3508f958\"},\"headline\":\"En Santa Rosa ya hay 4 personas que iniciaron el tr\u00e1mite para el registro de cannabis medicinal\",\"datePublished\":\"2021-07-17T14:21:05+00:00\",\"dateModified\":\"2021-07-17T22:42:28+00:00\",\"mainEntityOfPage\":{\"@id\":\"https:\\\/\\\/diariotextual.com\\\/inicio\\\/index.php\\\/2021\\\/07\\\/17\\\/en-santa-rosa-ya-hay-4-inscriptos-y-otros-50-iniciaron-el-tramite-para-el-registro-de-cannabis-medicinal\\\/\"},\"wordCount\":277,\"publisher\":{\"@id\":\"https:\\\/\\\/diariotextual.com\\\/inicio\\\/#organization\"},\"image\":{\"@id\":\"https:\\\/\\\/diariotextual.com\\\/inicio\\\/index.php\\\/2021\\\/07\\\/17\\\/en-santa-rosa-ya-hay-4-inscriptos-y-otros-50-iniciaron-el-tramite-para-el-registro-de-cannabis-medicinal\\\/#primaryimage\"},\"thumbnailUrl\":\"https:\\\/\\\/diariotextual.com\\\/inicio\\\/wp-content\\\/uploads\\\/2020\\\/07\\\/cannabismarihuanatelam2020-1.jpg\",\"keywords\":[\"cannabis\",\"marihuana\"],\"articleSection\":[\"A - PORTADA2\",\"SOCIEDAD\"],\"inLanguage\":\"es\"},{\"@type\":\"WebPage\",\"@id\":\"https:\\\/\\\/diariotextual.com\\\/inicio\\\/index.php\\\/2021\\\/07\\\/17\\\/en-santa-rosa-ya-hay-4-inscriptos-y-otros-50-iniciaron-el-tramite-para-el-registro-de-cannabis-medicinal\\\/\",\"url\":\"https:\\\/\\\/diariotextual.com\\\/inicio\\\/index.php\\\/2021\\\/07\\\/17\\\/en-santa-rosa-ya-hay-4-inscriptos-y-otros-50-iniciaron-el-tramite-para-el-registro-de-cannabis-medicinal\\\/\",\"name\":\"En Santa Rosa ya hay 4 personas que iniciaron el tr\u00e1mite para el registro de cannabis medicinal - Diario Textual\",\"isPartOf\":{\"@id\":\"https:\\\/\\\/diariotextual.com\\\/inicio\\\/#website\"},\"primaryImageOfPage\":{\"@id\":\"https:\\\/\\\/diariotextual.com\\\/inicio\\\/index.php\\\/2021\\\/07\\\/17\\\/en-santa-rosa-ya-hay-4-inscriptos-y-otros-50-iniciaron-el-tramite-para-el-registro-de-cannabis-medicinal\\\/#primaryimage\"},\"image\":{\"@id\":\"https:\\\/\\\/diariotextual.com\\\/inicio\\\/index.php\\\/2021\\\/07\\\/17\\\/en-santa-rosa-ya-hay-4-inscriptos-y-otros-50-iniciaron-el-tramite-para-el-registro-de-cannabis-medicinal\\\/#primaryimage\"},\"thumbnailUrl\":\"https:\\\/\\\/diariotextual.com\\\/inicio\\\/wp-content\\\/uploads\\\/2020\\\/07\\\/cannabismarihuanatelam2020-1.jpg\",\"datePublished\":\"2021-07-17T14:21:05+00:00\",\"dateModified\":\"2021-07-17T22:42:28+00:00\",\"breadcrumb\":{\"@id\":\"https:\\\/\\\/diariotextual.com\\\/inicio\\\/index.php\\\/2021\\\/07\\\/17\\\/en-santa-rosa-ya-hay-4-inscriptos-y-otros-50-iniciaron-el-tramite-para-el-registro-de-cannabis-medicinal\\\/#breadcrumb\"},\"inLanguage\":\"es\",\"potentialAction\":[{\"@type\":\"ReadAction\",\"target\":[\"https:\\\/\\\/diariotextual.com\\\/inicio\\\/index.php\\\/2021\\\/07\\\/17\\\/en-santa-rosa-ya-hay-4-inscriptos-y-otros-50-iniciaron-el-tramite-para-el-registro-de-cannabis-medicinal\\\/\"]}]},{\"@type\":\"ImageObject\",\"inLanguage\":\"es\",\"@id\":\"https:\\\/\\\/diariotextual.com\\\/inicio\\\/index.php\\\/2021\\\/07\\\/17\\\/en-santa-rosa-ya-hay-4-inscriptos-y-otros-50-iniciaron-el-tramite-para-el-registro-de-cannabis-medicinal\\\/#primaryimage\",\"url\":\"https:\\\/\\\/diariotextual.com\\\/inicio\\\/wp-content\\\/uploads\\\/2020\\\/07\\\/cannabismarihuanatelam2020-1.jpg\",\"contentUrl\":\"https:\\\/\\\/diariotextual.com\\\/inicio\\\/wp-content\\\/uploads\\\/2020\\\/07\\\/cannabismarihuanatelam2020-1.jpg\",\"width\":1004,\"height\":565},{\"@type\":\"BreadcrumbList\",\"@id\":\"https:\\\/\\\/diariotextual.com\\\/inicio\\\/index.php\\\/2021\\\/07\\\/17\\\/en-santa-rosa-ya-hay-4-inscriptos-y-otros-50-iniciaron-el-tramite-para-el-registro-de-cannabis-medicinal\\\/#breadcrumb\",\"itemListElement\":[{\"@type\":\"ListItem\",\"position\":1,\"name\":\"Portada\",\"item\":\"https:\\\/\\\/diariotextual.com\\\/inicio\\\/\"},{\"@type\":\"ListItem\",\"position\":2,\"name\":\"En Santa Rosa ya hay 4 personas que iniciaron el tr\u00e1mite para el registro de cannabis medicinal\"}]},{\"@type\":\"WebSite\",\"@id\":\"https:\\\/\\\/diariotextual.com\\\/inicio\\\/#website\",\"url\":\"https:\\\/\\\/diariotextual.com\\\/inicio\\\/\",\"name\":\"Diario Textual\",\"description\":\"\",\"publisher\":{\"@id\":\"https:\\\/\\\/diariotextual.com\\\/inicio\\\/#organization\"},\"potentialAction\":[{\"@type\":\"SearchAction\",\"target\":{\"@type\":\"EntryPoint\",\"urlTemplate\":\"https:\\\/\\\/diariotextual.com\\\/inicio\\\/?s={search_term_string}\"},\"query-input\":{\"@type\":\"PropertyValueSpecification\",\"valueRequired\":true,\"valueName\":\"search_term_string\"}}],\"inLanguage\":\"es\"},{\"@type\":\"Organization\",\"@id\":\"https:\\\/\\\/diariotextual.com\\\/inicio\\\/#organization\",\"name\":\"Diario Textual\",\"url\":\"https:\\\/\\\/diariotextual.com\\\/inicio\\\/\",\"logo\":{\"@type\":\"ImageObject\",\"inLanguage\":\"es\",\"@id\":\"https:\\\/\\\/diariotextual.com\\\/inicio\\\/#\\\/schema\\\/logo\\\/image\\\/\",\"url\":\"https:\\\/\\\/diariotextual.com\\\/inicio\\\/wp-content\\\/uploads\\\/2023\\\/05\\\/logotextual1.jpg\",\"contentUrl\":\"https:\\\/\\\/diariotextual.com\\\/inicio\\\/wp-content\\\/uploads\\\/2023\\\/05\\\/logotextual1.jpg\",\"width\":516,\"height\":76,\"caption\":\"Diario Textual\"},\"image\":{\"@id\":\"https:\\\/\\\/diariotextual.com\\\/inicio\\\/#\\\/schema\\\/logo\\\/image\\\/\"},\"sameAs\":[\"https:\\\/\\\/www.facebook.com\\\/eltextual\",\"https:\\\/\\\/x.com\\\/eltextual\",\"http:\\\/\\\/www.instagram.com\\\/eltextual\"]},{\"@type\":\"Person\",\"@id\":\"https:\\\/\\\/diariotextual.com\\\/inicio\\\/#\\\/schema\\\/person\\\/418fc4093c33e86ed41562db3508f958\",\"name\":\"Diario1 Diario1\",\"image\":{\"@type\":\"ImageObject\",\"inLanguage\":\"es\",\"@id\":\"https:\\\/\\\/secure.gravatar.com\\\/avatar\\\/9167d280179c85bc18be67aa7eda765854300033af4896dd779b608640f2ef7a?s=96&d=mm&r=g\",\"url\":\"https:\\\/\\\/secure.gravatar.com\\\/avatar\\\/9167d280179c85bc18be67aa7eda765854300033af4896dd779b608640f2ef7a?s=96&d=mm&r=g\",\"contentUrl\":\"https:\\\/\\\/secure.gravatar.com\\\/avatar\\\/9167d280179c85bc18be67aa7eda765854300033af4896dd779b608640f2ef7a?s=96&d=mm&r=g\",\"caption\":\"Diario1 Diario1\"},\"url\":\"https:\\\/\\\/diariotextual.com\\\/inicio\\\/index.php\\\/author\\\/diario1\\\/\"}]}<\/script>\n<!-- \/ Yoast SEO plugin. -->","yoast_head_json":{"title":"En Santa Rosa ya hay 4 personas que iniciaron el tr\u00e1mite para el registro de cannabis medicinal - Diario Textual","robots":{"index":"index","follow":"follow","max-snippet":"max-snippet:-1","max-image-preview":"max-image-preview:large","max-video-preview":"max-video-preview:-1"},"canonical":"https:\/\/diariotextual.com\/inicio\/index.php\/2021\/07\/17\/en-santa-rosa-ya-hay-4-inscriptos-y-otros-50-iniciaron-el-tramite-para-el-registro-de-cannabis-medicinal\/","og_locale":"es_ES","og_type":"article","og_title":"En Santa Rosa ya hay 4 personas que iniciaron el tr\u00e1mite para el registro de cannabis medicinal - Diario Textual","og_description":"Un total de 4 personas ya iniciaron el tr\u00e1mite para ingresar al Registro Voluntario de Personas Usuarias y\/o Cultivadores de Cannabis Medicinal y sus Derivados de Santa Rosa. Adem\u00e1s, hay&hellip;","og_url":"https:\/\/diariotextual.com\/inicio\/index.php\/2021\/07\/17\/en-santa-rosa-ya-hay-4-inscriptos-y-otros-50-iniciaron-el-tramite-para-el-registro-de-cannabis-medicinal\/","og_site_name":"Diario Textual","article_publisher":"https:\/\/www.facebook.com\/eltextual","article_published_time":"2021-07-17T14:21:05+00:00","article_modified_time":"2021-07-17T22:42:28+00:00","og_image":[{"width":1004,"height":565,"url":"https:\/\/diariotextual.com\/inicio\/wp-content\/uploads\/2020\/07\/cannabismarihuanatelam2020-1.jpg","type":"image\/jpeg"}],"author":"Diario1 Diario1","twitter_card":"summary_large_image","twitter_creator":"@eltextual","twitter_site":"@eltextual","twitter_misc":{"Escrito por":"Diario1 Diario1","Tiempo de lectura":"2 minutos"},"schema":{"@context":"https:\/\/schema.org","@graph":[{"@type":"Article","@id":"https:\/\/diariotextual.com\/inicio\/index.php\/2021\/07\/17\/en-santa-rosa-ya-hay-4-inscriptos-y-otros-50-iniciaron-el-tramite-para-el-registro-de-cannabis-medicinal\/#article","isPartOf":{"@id":"https:\/\/diariotextual.com\/inicio\/index.php\/2021\/07\/17\/en-santa-rosa-ya-hay-4-inscriptos-y-otros-50-iniciaron-el-tramite-para-el-registro-de-cannabis-medicinal\/"},"author":{"name":"Diario1 Diario1","@id":"https:\/\/diariotextual.com\/inicio\/#\/schema\/person\/418fc4093c33e86ed41562db3508f958"},"headline":"En Santa Rosa ya hay 4 personas que iniciaron el tr\u00e1mite para el registro de cannabis medicinal","datePublished":"2021-07-17T14:21:05+00:00","dateModified":"2021-07-17T22:42:28+00:00","mainEntityOfPage":{"@id":"https:\/\/diariotextual.com\/inicio\/index.php\/2021\/07\/17\/en-santa-rosa-ya-hay-4-inscriptos-y-otros-50-iniciaron-el-tramite-para-el-registro-de-cannabis-medicinal\/"},"wordCount":277,"publisher":{"@id":"https:\/\/diariotextual.com\/inicio\/#organization"},"image":{"@id":"https:\/\/diariotextual.com\/inicio\/index.php\/2021\/07\/17\/en-santa-rosa-ya-hay-4-inscriptos-y-otros-50-iniciaron-el-tramite-para-el-registro-de-cannabis-medicinal\/#primaryimage"},"thumbnailUrl":"https:\/\/diariotextual.com\/inicio\/wp-content\/uploads\/2020\/07\/cannabismarihuanatelam2020-1.jpg","keywords":["cannabis","marihuana"],"articleSection":["A - PORTADA2","SOCIEDAD"],"inLanguage":"es"},{"@type":"WebPage","@id":"https:\/\/diariotextual.com\/inicio\/index.php\/2021\/07\/17\/en-santa-rosa-ya-hay-4-inscriptos-y-otros-50-iniciaron-el-tramite-para-el-registro-de-cannabis-medicinal\/","url":"https:\/\/diariotextual.com\/inicio\/index.php\/2021\/07\/17\/en-santa-rosa-ya-hay-4-inscriptos-y-otros-50-iniciaron-el-tramite-para-el-registro-de-cannabis-medicinal\/","name":"En Santa Rosa ya hay 4 personas que iniciaron el tr\u00e1mite para el registro de cannabis medicinal - Diario Textual","isPartOf":{"@id":"https:\/\/diariotextual.com\/inicio\/#website"},"primaryImageOfPage":{"@id":"https:\/\/diariotextual.com\/inicio\/index.php\/2021\/07\/17\/en-santa-rosa-ya-hay-4-inscriptos-y-otros-50-iniciaron-el-tramite-para-el-registro-de-cannabis-medicinal\/#primaryimage"},"image":{"@id":"https:\/\/diariotextual.com\/inicio\/index.php\/2021\/07\/17\/en-santa-rosa-ya-hay-4-inscriptos-y-otros-50-iniciaron-el-tramite-para-el-registro-de-cannabis-medicinal\/#primaryimage"},"thumbnailUrl":"https:\/\/diariotextual.com\/inicio\/wp-content\/uploads\/2020\/07\/cannabismarihuanatelam2020-1.jpg","datePublished":"2021-07-17T14:21:05+00:00","dateModified":"2021-07-17T22:42:28+00:00","breadcrumb":{"@id":"https:\/\/diariotextual.com\/inicio\/index.php\/2021\/07\/17\/en-santa-rosa-ya-hay-4-inscriptos-y-otros-50-iniciaron-el-tramite-para-el-registro-de-cannabis-medicinal\/#breadcrumb"},"inLanguage":"es","potentialAction":[{"@type":"ReadAction","target":["https:\/\/diariotextual.com\/inicio\/index.php\/2021\/07\/17\/en-santa-rosa-ya-hay-4-inscriptos-y-otros-50-iniciaron-el-tramite-para-el-registro-de-cannabis-medicinal\/"]}]},{"@type":"ImageObject","inLanguage":"es","@id":"https:\/\/diariotextual.com\/inicio\/index.php\/2021\/07\/17\/en-santa-rosa-ya-hay-4-inscriptos-y-otros-50-iniciaron-el-tramite-para-el-registro-de-cannabis-medicinal\/#primaryimage","url":"https:\/\/diariotextual.com\/inicio\/wp-content\/uploads\/2020\/07\/cannabismarihuanatelam2020-1.jpg","contentUrl":"https:\/\/diariotextual.com\/inicio\/wp-content\/uploads\/2020\/07\/cannabismarihuanatelam2020-1.jpg","width":1004,"height":565},{"@type":"BreadcrumbList","@id":"https:\/\/diariotextual.com\/inicio\/index.php\/2021\/07\/17\/en-santa-rosa-ya-hay-4-inscriptos-y-otros-50-iniciaron-el-tramite-para-el-registro-de-cannabis-medicinal\/#breadcrumb","itemListElement":[{"@type":"ListItem","position":1,"name":"Portada","item":"https:\/\/diariotextual.com\/inicio\/"},{"@type":"ListItem","position":2,"name":"En Santa Rosa ya hay 4 personas que iniciaron el tr\u00e1mite para el registro de cannabis medicinal"}]},{"@type":"WebSite","@id":"https:\/\/diariotextual.com\/inicio\/#website","url":"https:\/\/diariotextual.com\/inicio\/","name":"Diario Textual","description":"","publisher":{"@id":"https:\/\/diariotextual.com\/inicio\/#organization"},"potentialAction":[{"@type":"SearchAction","target":{"@type":"EntryPoint","urlTemplate":"https:\/\/diariotextual.com\/inicio\/?s={search_term_string}"},"query-input":{"@type":"PropertyValueSpecification","valueRequired":true,"valueName":"search_term_string"}}],"inLanguage":"es"},{"@type":"Organization","@id":"https:\/\/diariotextual.com\/inicio\/#organization","name":"Diario Textual","url":"https:\/\/diariotextual.com\/inicio\/","logo":{"@type":"ImageObject","inLanguage":"es","@id":"https:\/\/diariotextual.com\/inicio\/#\/schema\/logo\/image\/","url":"https:\/\/diariotextual.com\/inicio\/wp-content\/uploads\/2023\/05\/logotextual1.jpg","contentUrl":"https:\/\/diariotextual.com\/inicio\/wp-content\/uploads\/2023\/05\/logotextual1.jpg","width":516,"height":76,"caption":"Diario Textual"},"image":{"@id":"https:\/\/diariotextual.com\/inicio\/#\/schema\/logo\/image\/"},"sameAs":["https:\/\/www.facebook.com\/eltextual","https:\/\/x.com\/eltextual","http:\/\/www.instagram.com\/eltextual"]},{"@type":"Person","@id":"https:\/\/diariotextual.com\/inicio\/#\/schema\/person\/418fc4093c33e86ed41562db3508f958","name":"Diario1 Diario1","image":{"@type":"ImageObject","inLanguage":"es","@id":"https:\/\/secure.gravatar.com\/avatar\/9167d280179c85bc18be67aa7eda765854300033af4896dd779b608640f2ef7a?s=96&d=mm&r=g","url":"https:\/\/secure.gravatar.com\/avatar\/9167d280179c85bc18be67aa7eda765854300033af4896dd779b608640f2ef7a?s=96&d=mm&r=g","contentUrl":"https:\/\/secure.gravatar.com\/avatar\/9167d280179c85bc18be67aa7eda765854300033af4896dd779b608640f2ef7a?s=96&d=mm&r=g","caption":"Diario1 Diario1"},"url":"https:\/\/diariotextual.com\/inicio\/index.php\/author\/diario1\/"}]}},"_links":{"self":[{"href":"https:\/\/diariotextual.com\/inicio\/index.php\/wp-json\/wp\/v2\/posts\/154512","targetHints":{"allow":["GET"]}}],"collection":[{"href":"https:\/\/diariotextual.com\/inicio\/index.php\/wp-json\/wp\/v2\/posts"}],"about":[{"href":"https:\/\/diariotextual.com\/inicio\/index.php\/wp-json\/wp\/v2\/types\/post"}],"author":[{"embeddable":true,"href":"https:\/\/diariotextual.com\/inicio\/index.php\/wp-json\/wp\/v2\/users\/3"}],"replies":[{"embeddable":true,"href":"https:\/\/diariotextual.com\/inicio\/index.php\/wp-json\/wp\/v2\/comments?post=154512"}],"version-history":[{"count":3,"href":"https:\/\/diariotextual.com\/inicio\/index.php\/wp-json\/wp\/v2\/posts\/154512\/revisions"}],"predecessor-version":[{"id":154515,"href":"https:\/\/diariotextual.com\/inicio\/index.php\/wp-json\/wp\/v2\/posts\/154512\/revisions\/154515"}],"wp:featuredmedia":[{"embeddable":true,"href":"https:\/\/diariotextual.com\/inicio\/index.php\/wp-json\/wp\/v2\/media\/101962"}],"wp:attachment":[{"href":"https:\/\/diariotextual.com\/inicio\/index.php\/wp-json\/wp\/v2\/media?parent=154512"}],"wp:term":[{"taxonomy":"category","embeddable":true,"href":"https:\/\/diariotextual.com\/inicio\/index.php\/wp-json\/wp\/v2\/categories?post=154512"},{"taxonomy":"post_tag","embeddable":true,"href":"https:\/\/diariotextual.com\/inicio\/index.php\/wp-json\/wp\/v2\/tags?post=154512"}],"curies":[{"name":"wp","href":"https:\/\/api.w.org\/{rel}","templated":true}]}}