{"id":154518,"date":"2021-07-17T12:26:04","date_gmt":"2021-07-17T15:26:04","guid":{"rendered":"https:\/\/diariotextual.com\/inicio\/?p=154518"},"modified":"2021-07-17T20:11:48","modified_gmt":"2021-07-17T23:11:48","slug":"un-policia-fue-baleado-por-un-cazador-en-la-zona-de-rucanelo","status":"publish","type":"post","link":"https:\/\/diariotextual.com\/inicio\/index.php\/2021\/07\/17\/un-policia-fue-baleado-por-un-cazador-en-la-zona-de-rucanelo\/","title":{"rendered":"Cazadores emboscaron y balearon a un polic\u00eda en la zona de Castex"},"content":{"rendered":"\n<p>Un<strong> suboficial <\/strong>de Santa Rosa fue <strong>baleado en la madrugada de este s\u00e1bado en una emboscada de cazadores<\/strong> en la zona rural de <strong>Conhelo<\/strong> y <strong>Eduardo Castex<\/strong>. La v\u00edctima es el cabo primero<em><strong> <\/strong><\/em><strong>Sergio Baz\u00e1n<\/strong>, que est\u00e1 fuera de peligro: recibi\u00f3 un balazo -presumiblemente de un fusil- a la altura de una de sus rodillas, informaron fuentes oficiales a<strong> Diario Textual<\/strong>. <\/p>\n\n\n\n<p>El ataque se registr\u00f3 en la ma\u00f1ana de este s\u00e1bado, cuando <strong>una patrulla de Seguridad Rural de la Unidad Regional I, de Santa Rosa, intent\u00f3 identificar a una camioneta donde se trasladaban cazadores de liebres<\/strong>.<\/p>\n\n\n\n<p>En ese momento, la camioneta circulaba, sin luces, en la zona de la ruta 11 y el llamado camino de los Silos de Rouco. La pickup, cuando los polic\u00edas se acercaron, se dio a la fuga.<strong> \u201cArrojaron miguelitos y los \u2018reflectorearon\u2019 a los polic\u00edas\u00bb, <\/strong>dijo <strong>H\u00e9ctor Lar<\/strong>a, jefe de la Polic\u00eda de La Pampa, <strong>a Diario Textual.<\/strong><\/p>\n\n\n\n<p>Los polic\u00edas siguieron persiguiendo a los cazadores, hasta que los perdieron de vista. Pero en el cruce de las rutas 9 y 6 -en proximidades de Conhelo y Castex- fueron <strong>emboscados:<\/strong> la camioneta policial recibi\u00f3 una lluvia de balas desde la pickup buscada. <strong>\u00abUno de los balazos pas\u00f3 la patrulla y alcanz\u00f3 al cabo\u00bb, cont\u00f3 el comisario Juan Carlos Mendiz, coordinador de Seguridad Rural.<\/strong><\/p>\n\n\n\n<p>La patrulla policial qued\u00f3 inutilizada: los balazos rompieron, entre otros, el radiador.<\/p>\n\n\n\n<p>Uno de los polic\u00edas atacado pidi\u00f3 ayuda por radio. En tanto,<strong> le hizo un \u00abtorniquete\u00bb al herido para evitar que siguiera perdiendo sangre.<\/strong> Poco despu\u00e9s acudieron uniformados de Caleuf\u00fa y lo trasladaron al Hospital Lacoste, de Castex.<\/p>\n\n\n\n<p>El polic\u00eda Baz\u00e1n fue intervenido quir\u00fargicamente y en las pr\u00f3ximas horas recibir\u00eda el alta m\u00e9dica.<\/p>\n\n\n\n<p>En tanto, las autoridades est\u00e1n tratando de identificar a los cazadores, que se dieron a la fuga. No tienen muchos datos: es que nunca alcanzaron a divisar con claridad a la camioneta.<\/p>\n\n\n\n<p>La situaci\u00f3n hizo recordar los recurrentes hechos violentos que involucran a polic\u00edas y cazadores. En los \u00faltimos doce a\u00f1os, incluso, han muerto dos cazadores de liebres de General Pico: en 2009, en una calle de Castex, falleci\u00f3 el cazador Mat\u00edas Ramos y en 2016, en un camino vecinal de Lonquimay, muri\u00f3 Santiago Garialdi. Ambos por balas de polic\u00edas.<\/p>\n\n\n\n<p><\/p>\n","protected":false},"excerpt":{"rendered":"<p>Un suboficial de Santa Rosa fue baleado en la madrugada de este s\u00e1bado en una emboscada de cazadores en la zona rural de Conhelo y Eduardo Castex. La v\u00edctima es&hellip;<\/p>\n","protected":false},"author":3,"featured_media":154536,"comment_status":"closed","ping_status":"open","sticky":false,"template":"","format":"standard","meta":{"_acf_changed":false,"footnotes":""},"categories":[10,20],"tags":[344],"class_list":["post-154518","post","type-post","status-publish","format-standard","has-post-thumbnail","hentry","category-portada-2","category-campo","tag-cazadores"],"acf":[],"yoast_head":"<!-- This site is optimized with the Yoast SEO plugin v27.5 - https:\/\/yoast.com\/product\/yoast-seo-wordpress\/ -->\n<title>Cazadores emboscaron y balearon a un polic\u00eda en la zona de Castex - Diario Textual<\/title>\n<meta name=\"robots\" content=\"index, follow, max-snippet:-1, max-image-preview:large, max-video-preview:-1\" \/>\n<link rel=\"canonical\" href=\"https:\/\/diariotextual.com\/inicio\/index.php\/2021\/07\/17\/un-policia-fue-baleado-por-un-cazador-en-la-zona-de-rucanelo\/\" \/>\n<meta property=\"og:locale\" content=\"es_ES\" \/>\n<meta property=\"og:type\" content=\"article\" \/>\n<meta property=\"og:title\" content=\"Cazadores emboscaron y balearon a un polic\u00eda en la zona de Castex - Diario Textual\" \/>\n<meta property=\"og:description\" content=\"Un suboficial de Santa Rosa fue baleado en la madrugada de este s\u00e1bado en una emboscada de cazadores en la zona rural de Conhelo y Eduardo Castex. La v\u00edctima es&hellip;\" \/>\n<meta property=\"og:url\" content=\"https:\/\/diariotextual.com\/inicio\/index.php\/2021\/07\/17\/un-policia-fue-baleado-por-un-cazador-en-la-zona-de-rucanelo\/\" \/>\n<meta property=\"og:site_name\" content=\"Diario Textual\" \/>\n<meta property=\"article:publisher\" content=\"https:\/\/www.facebook.com\/eltextual\" \/>\n<meta property=\"article:published_time\" content=\"2021-07-17T15:26:04+00:00\" \/>\n<meta property=\"article:modified_time\" content=\"2021-07-17T23:11:48+00:00\" \/>\n<meta property=\"og:image\" content=\"https:\/\/diariotextual.com\/inicio\/wp-content\/uploads\/2021\/07\/cazadorespoliciasbazan2021-1.jpeg\" \/>\n\t<meta property=\"og:image:width\" content=\"1280\" \/>\n\t<meta property=\"og:image:height\" content=\"860\" \/>\n\t<meta property=\"og:image:type\" content=\"image\/jpeg\" \/>\n<meta name=\"author\" content=\"Diario1 Diario1\" \/>\n<meta name=\"twitter:card\" content=\"summary_large_image\" \/>\n<meta name=\"twitter:creator\" content=\"@eltextual\" \/>\n<meta name=\"twitter:site\" content=\"@eltextual\" \/>\n<meta name=\"twitter:label1\" content=\"Escrito por\" \/>\n\t<meta name=\"twitter:data1\" content=\"Diario1 Diario1\" \/>\n\t<meta name=\"twitter:label2\" content=\"Tiempo de lectura\" \/>\n\t<meta name=\"twitter:data2\" content=\"2 minutos\" \/>\n<script type=\"application\/ld+json\" class=\"yoast-schema-graph\">{\"@context\":\"https:\\\/\\\/schema.org\",\"@graph\":[{\"@type\":\"Article\",\"@id\":\"https:\\\/\\\/diariotextual.com\\\/inicio\\\/index.php\\\/2021\\\/07\\\/17\\\/un-policia-fue-baleado-por-un-cazador-en-la-zona-de-rucanelo\\\/#article\",\"isPartOf\":{\"@id\":\"https:\\\/\\\/diariotextual.com\\\/inicio\\\/index.php\\\/2021\\\/07\\\/17\\\/un-policia-fue-baleado-por-un-cazador-en-la-zona-de-rucanelo\\\/\"},\"author\":{\"name\":\"Diario1 Diario1\",\"@id\":\"https:\\\/\\\/diariotextual.com\\\/inicio\\\/#\\\/schema\\\/person\\\/418fc4093c33e86ed41562db3508f958\"},\"headline\":\"Cazadores emboscaron y balearon a un polic\u00eda en la zona de Castex\",\"datePublished\":\"2021-07-17T15:26:04+00:00\",\"dateModified\":\"2021-07-17T23:11:48+00:00\",\"mainEntityOfPage\":{\"@id\":\"https:\\\/\\\/diariotextual.com\\\/inicio\\\/index.php\\\/2021\\\/07\\\/17\\\/un-policia-fue-baleado-por-un-cazador-en-la-zona-de-rucanelo\\\/\"},\"wordCount\":403,\"publisher\":{\"@id\":\"https:\\\/\\\/diariotextual.com\\\/inicio\\\/#organization\"},\"image\":{\"@id\":\"https:\\\/\\\/diariotextual.com\\\/inicio\\\/index.php\\\/2021\\\/07\\\/17\\\/un-policia-fue-baleado-por-un-cazador-en-la-zona-de-rucanelo\\\/#primaryimage\"},\"thumbnailUrl\":\"https:\\\/\\\/diariotextual.com\\\/inicio\\\/wp-content\\\/uploads\\\/2021\\\/07\\\/cazadorespoliciasbazan2021-1.jpeg\",\"keywords\":[\"cazadores\"],\"articleSection\":[\"A - PORTADA2\",\"CAMPO\"],\"inLanguage\":\"es\"},{\"@type\":\"WebPage\",\"@id\":\"https:\\\/\\\/diariotextual.com\\\/inicio\\\/index.php\\\/2021\\\/07\\\/17\\\/un-policia-fue-baleado-por-un-cazador-en-la-zona-de-rucanelo\\\/\",\"url\":\"https:\\\/\\\/diariotextual.com\\\/inicio\\\/index.php\\\/2021\\\/07\\\/17\\\/un-policia-fue-baleado-por-un-cazador-en-la-zona-de-rucanelo\\\/\",\"name\":\"Cazadores emboscaron y balearon a un polic\u00eda en la zona de Castex - Diario Textual\",\"isPartOf\":{\"@id\":\"https:\\\/\\\/diariotextual.com\\\/inicio\\\/#website\"},\"primaryImageOfPage\":{\"@id\":\"https:\\\/\\\/diariotextual.com\\\/inicio\\\/index.php\\\/2021\\\/07\\\/17\\\/un-policia-fue-baleado-por-un-cazador-en-la-zona-de-rucanelo\\\/#primaryimage\"},\"image\":{\"@id\":\"https:\\\/\\\/diariotextual.com\\\/inicio\\\/index.php\\\/2021\\\/07\\\/17\\\/un-policia-fue-baleado-por-un-cazador-en-la-zona-de-rucanelo\\\/#primaryimage\"},\"thumbnailUrl\":\"https:\\\/\\\/diariotextual.com\\\/inicio\\\/wp-content\\\/uploads\\\/2021\\\/07\\\/cazadorespoliciasbazan2021-1.jpeg\",\"datePublished\":\"2021-07-17T15:26:04+00:00\",\"dateModified\":\"2021-07-17T23:11:48+00:00\",\"breadcrumb\":{\"@id\":\"https:\\\/\\\/diariotextual.com\\\/inicio\\\/index.php\\\/2021\\\/07\\\/17\\\/un-policia-fue-baleado-por-un-cazador-en-la-zona-de-rucanelo\\\/#breadcrumb\"},\"inLanguage\":\"es\",\"potentialAction\":[{\"@type\":\"ReadAction\",\"target\":[\"https:\\\/\\\/diariotextual.com\\\/inicio\\\/index.php\\\/2021\\\/07\\\/17\\\/un-policia-fue-baleado-por-un-cazador-en-la-zona-de-rucanelo\\\/\"]}]},{\"@type\":\"ImageObject\",\"inLanguage\":\"es\",\"@id\":\"https:\\\/\\\/diariotextual.com\\\/inicio\\\/index.php\\\/2021\\\/07\\\/17\\\/un-policia-fue-baleado-por-un-cazador-en-la-zona-de-rucanelo\\\/#primaryimage\",\"url\":\"https:\\\/\\\/diariotextual.com\\\/inicio\\\/wp-content\\\/uploads\\\/2021\\\/07\\\/cazadorespoliciasbazan2021-1.jpeg\",\"contentUrl\":\"https:\\\/\\\/diariotextual.com\\\/inicio\\\/wp-content\\\/uploads\\\/2021\\\/07\\\/cazadorespoliciasbazan2021-1.jpeg\",\"width\":1280,\"height\":860},{\"@type\":\"BreadcrumbList\",\"@id\":\"https:\\\/\\\/diariotextual.com\\\/inicio\\\/index.php\\\/2021\\\/07\\\/17\\\/un-policia-fue-baleado-por-un-cazador-en-la-zona-de-rucanelo\\\/#breadcrumb\",\"itemListElement\":[{\"@type\":\"ListItem\",\"position\":1,\"name\":\"Portada\",\"item\":\"https:\\\/\\\/diariotextual.com\\\/inicio\\\/\"},{\"@type\":\"ListItem\",\"position\":2,\"name\":\"Cazadores emboscaron y balearon a un polic\u00eda en la zona de Castex\"}]},{\"@type\":\"WebSite\",\"@id\":\"https:\\\/\\\/diariotextual.com\\\/inicio\\\/#website\",\"url\":\"https:\\\/\\\/diariotextual.com\\\/inicio\\\/\",\"name\":\"Diario Textual\",\"description\":\"\",\"publisher\":{\"@id\":\"https:\\\/\\\/diariotextual.com\\\/inicio\\\/#organization\"},\"potentialAction\":[{\"@type\":\"SearchAction\",\"target\":{\"@type\":\"EntryPoint\",\"urlTemplate\":\"https:\\\/\\\/diariotextual.com\\\/inicio\\\/?s={search_term_string}\"},\"query-input\":{\"@type\":\"PropertyValueSpecification\",\"valueRequired\":true,\"valueName\":\"search_term_string\"}}],\"inLanguage\":\"es\"},{\"@type\":\"Organization\",\"@id\":\"https:\\\/\\\/diariotextual.com\\\/inicio\\\/#organization\",\"name\":\"Diario Textual\",\"url\":\"https:\\\/\\\/diariotextual.com\\\/inicio\\\/\",\"logo\":{\"@type\":\"ImageObject\",\"inLanguage\":\"es\",\"@id\":\"https:\\\/\\\/diariotextual.com\\\/inicio\\\/#\\\/schema\\\/logo\\\/image\\\/\",\"url\":\"https:\\\/\\\/diariotextual.com\\\/inicio\\\/wp-content\\\/uploads\\\/2023\\\/05\\\/logotextual1.jpg\",\"contentUrl\":\"https:\\\/\\\/diariotextual.com\\\/inicio\\\/wp-content\\\/uploads\\\/2023\\\/05\\\/logotextual1.jpg\",\"width\":516,\"height\":76,\"caption\":\"Diario Textual\"},\"image\":{\"@id\":\"https:\\\/\\\/diariotextual.com\\\/inicio\\\/#\\\/schema\\\/logo\\\/image\\\/\"},\"sameAs\":[\"https:\\\/\\\/www.facebook.com\\\/eltextual\",\"https:\\\/\\\/x.com\\\/eltextual\",\"http:\\\/\\\/www.instagram.com\\\/eltextual\"]},{\"@type\":\"Person\",\"@id\":\"https:\\\/\\\/diariotextual.com\\\/inicio\\\/#\\\/schema\\\/person\\\/418fc4093c33e86ed41562db3508f958\",\"name\":\"Diario1 Diario1\",\"image\":{\"@type\":\"ImageObject\",\"inLanguage\":\"es\",\"@id\":\"https:\\\/\\\/secure.gravatar.com\\\/avatar\\\/9167d280179c85bc18be67aa7eda765854300033af4896dd779b608640f2ef7a?s=96&d=mm&r=g\",\"url\":\"https:\\\/\\\/secure.gravatar.com\\\/avatar\\\/9167d280179c85bc18be67aa7eda765854300033af4896dd779b608640f2ef7a?s=96&d=mm&r=g\",\"contentUrl\":\"https:\\\/\\\/secure.gravatar.com\\\/avatar\\\/9167d280179c85bc18be67aa7eda765854300033af4896dd779b608640f2ef7a?s=96&d=mm&r=g\",\"caption\":\"Diario1 Diario1\"},\"url\":\"https:\\\/\\\/diariotextual.com\\\/inicio\\\/index.php\\\/author\\\/diario1\\\/\"}]}<\/script>\n<!-- \/ Yoast SEO plugin. -->","yoast_head_json":{"title":"Cazadores emboscaron y balearon a un polic\u00eda en la zona de Castex - Diario Textual","robots":{"index":"index","follow":"follow","max-snippet":"max-snippet:-1","max-image-preview":"max-image-preview:large","max-video-preview":"max-video-preview:-1"},"canonical":"https:\/\/diariotextual.com\/inicio\/index.php\/2021\/07\/17\/un-policia-fue-baleado-por-un-cazador-en-la-zona-de-rucanelo\/","og_locale":"es_ES","og_type":"article","og_title":"Cazadores emboscaron y balearon a un polic\u00eda en la zona de Castex - Diario Textual","og_description":"Un suboficial de Santa Rosa fue baleado en la madrugada de este s\u00e1bado en una emboscada de cazadores en la zona rural de Conhelo y Eduardo Castex. La v\u00edctima es&hellip;","og_url":"https:\/\/diariotextual.com\/inicio\/index.php\/2021\/07\/17\/un-policia-fue-baleado-por-un-cazador-en-la-zona-de-rucanelo\/","og_site_name":"Diario Textual","article_publisher":"https:\/\/www.facebook.com\/eltextual","article_published_time":"2021-07-17T15:26:04+00:00","article_modified_time":"2021-07-17T23:11:48+00:00","og_image":[{"width":1280,"height":860,"url":"https:\/\/diariotextual.com\/inicio\/wp-content\/uploads\/2021\/07\/cazadorespoliciasbazan2021-1.jpeg","type":"image\/jpeg"}],"author":"Diario1 Diario1","twitter_card":"summary_large_image","twitter_creator":"@eltextual","twitter_site":"@eltextual","twitter_misc":{"Escrito por":"Diario1 Diario1","Tiempo de lectura":"2 minutos"},"schema":{"@context":"https:\/\/schema.org","@graph":[{"@type":"Article","@id":"https:\/\/diariotextual.com\/inicio\/index.php\/2021\/07\/17\/un-policia-fue-baleado-por-un-cazador-en-la-zona-de-rucanelo\/#article","isPartOf":{"@id":"https:\/\/diariotextual.com\/inicio\/index.php\/2021\/07\/17\/un-policia-fue-baleado-por-un-cazador-en-la-zona-de-rucanelo\/"},"author":{"name":"Diario1 Diario1","@id":"https:\/\/diariotextual.com\/inicio\/#\/schema\/person\/418fc4093c33e86ed41562db3508f958"},"headline":"Cazadores emboscaron y balearon a un polic\u00eda en la zona de Castex","datePublished":"2021-07-17T15:26:04+00:00","dateModified":"2021-07-17T23:11:48+00:00","mainEntityOfPage":{"@id":"https:\/\/diariotextual.com\/inicio\/index.php\/2021\/07\/17\/un-policia-fue-baleado-por-un-cazador-en-la-zona-de-rucanelo\/"},"wordCount":403,"publisher":{"@id":"https:\/\/diariotextual.com\/inicio\/#organization"},"image":{"@id":"https:\/\/diariotextual.com\/inicio\/index.php\/2021\/07\/17\/un-policia-fue-baleado-por-un-cazador-en-la-zona-de-rucanelo\/#primaryimage"},"thumbnailUrl":"https:\/\/diariotextual.com\/inicio\/wp-content\/uploads\/2021\/07\/cazadorespoliciasbazan2021-1.jpeg","keywords":["cazadores"],"articleSection":["A - PORTADA2","CAMPO"],"inLanguage":"es"},{"@type":"WebPage","@id":"https:\/\/diariotextual.com\/inicio\/index.php\/2021\/07\/17\/un-policia-fue-baleado-por-un-cazador-en-la-zona-de-rucanelo\/","url":"https:\/\/diariotextual.com\/inicio\/index.php\/2021\/07\/17\/un-policia-fue-baleado-por-un-cazador-en-la-zona-de-rucanelo\/","name":"Cazadores emboscaron y balearon a un polic\u00eda en la zona de Castex - Diario Textual","isPartOf":{"@id":"https:\/\/diariotextual.com\/inicio\/#website"},"primaryImageOfPage":{"@id":"https:\/\/diariotextual.com\/inicio\/index.php\/2021\/07\/17\/un-policia-fue-baleado-por-un-cazador-en-la-zona-de-rucanelo\/#primaryimage"},"image":{"@id":"https:\/\/diariotextual.com\/inicio\/index.php\/2021\/07\/17\/un-policia-fue-baleado-por-un-cazador-en-la-zona-de-rucanelo\/#primaryimage"},"thumbnailUrl":"https:\/\/diariotextual.com\/inicio\/wp-content\/uploads\/2021\/07\/cazadorespoliciasbazan2021-1.jpeg","datePublished":"2021-07-17T15:26:04+00:00","dateModified":"2021-07-17T23:11:48+00:00","breadcrumb":{"@id":"https:\/\/diariotextual.com\/inicio\/index.php\/2021\/07\/17\/un-policia-fue-baleado-por-un-cazador-en-la-zona-de-rucanelo\/#breadcrumb"},"inLanguage":"es","potentialAction":[{"@type":"ReadAction","target":["https:\/\/diariotextual.com\/inicio\/index.php\/2021\/07\/17\/un-policia-fue-baleado-por-un-cazador-en-la-zona-de-rucanelo\/"]}]},{"@type":"ImageObject","inLanguage":"es","@id":"https:\/\/diariotextual.com\/inicio\/index.php\/2021\/07\/17\/un-policia-fue-baleado-por-un-cazador-en-la-zona-de-rucanelo\/#primaryimage","url":"https:\/\/diariotextual.com\/inicio\/wp-content\/uploads\/2021\/07\/cazadorespoliciasbazan2021-1.jpeg","contentUrl":"https:\/\/diariotextual.com\/inicio\/wp-content\/uploads\/2021\/07\/cazadorespoliciasbazan2021-1.jpeg","width":1280,"height":860},{"@type":"BreadcrumbList","@id":"https:\/\/diariotextual.com\/inicio\/index.php\/2021\/07\/17\/un-policia-fue-baleado-por-un-cazador-en-la-zona-de-rucanelo\/#breadcrumb","itemListElement":[{"@type":"ListItem","position":1,"name":"Portada","item":"https:\/\/diariotextual.com\/inicio\/"},{"@type":"ListItem","position":2,"name":"Cazadores emboscaron y balearon a un polic\u00eda en la zona de Castex"}]},{"@type":"WebSite","@id":"https:\/\/diariotextual.com\/inicio\/#website","url":"https:\/\/diariotextual.com\/inicio\/","name":"Diario Textual","description":"","publisher":{"@id":"https:\/\/diariotextual.com\/inicio\/#organization"},"potentialAction":[{"@type":"SearchAction","target":{"@type":"EntryPoint","urlTemplate":"https:\/\/diariotextual.com\/inicio\/?s={search_term_string}"},"query-input":{"@type":"PropertyValueSpecification","valueRequired":true,"valueName":"search_term_string"}}],"inLanguage":"es"},{"@type":"Organization","@id":"https:\/\/diariotextual.com\/inicio\/#organization","name":"Diario Textual","url":"https:\/\/diariotextual.com\/inicio\/","logo":{"@type":"ImageObject","inLanguage":"es","@id":"https:\/\/diariotextual.com\/inicio\/#\/schema\/logo\/image\/","url":"https:\/\/diariotextual.com\/inicio\/wp-content\/uploads\/2023\/05\/logotextual1.jpg","contentUrl":"https:\/\/diariotextual.com\/inicio\/wp-content\/uploads\/2023\/05\/logotextual1.jpg","width":516,"height":76,"caption":"Diario Textual"},"image":{"@id":"https:\/\/diariotextual.com\/inicio\/#\/schema\/logo\/image\/"},"sameAs":["https:\/\/www.facebook.com\/eltextual","https:\/\/x.com\/eltextual","http:\/\/www.instagram.com\/eltextual"]},{"@type":"Person","@id":"https:\/\/diariotextual.com\/inicio\/#\/schema\/person\/418fc4093c33e86ed41562db3508f958","name":"Diario1 Diario1","image":{"@type":"ImageObject","inLanguage":"es","@id":"https:\/\/secure.gravatar.com\/avatar\/9167d280179c85bc18be67aa7eda765854300033af4896dd779b608640f2ef7a?s=96&d=mm&r=g","url":"https:\/\/secure.gravatar.com\/avatar\/9167d280179c85bc18be67aa7eda765854300033af4896dd779b608640f2ef7a?s=96&d=mm&r=g","contentUrl":"https:\/\/secure.gravatar.com\/avatar\/9167d280179c85bc18be67aa7eda765854300033af4896dd779b608640f2ef7a?s=96&d=mm&r=g","caption":"Diario1 Diario1"},"url":"https:\/\/diariotextual.com\/inicio\/index.php\/author\/diario1\/"}]}},"_links":{"self":[{"href":"https:\/\/diariotextual.com\/inicio\/index.php\/wp-json\/wp\/v2\/posts\/154518","targetHints":{"allow":["GET"]}}],"collection":[{"href":"https:\/\/diariotextual.com\/inicio\/index.php\/wp-json\/wp\/v2\/posts"}],"about":[{"href":"https:\/\/diariotextual.com\/inicio\/index.php\/wp-json\/wp\/v2\/types\/post"}],"author":[{"embeddable":true,"href":"https:\/\/diariotextual.com\/inicio\/index.php\/wp-json\/wp\/v2\/users\/3"}],"replies":[{"embeddable":true,"href":"https:\/\/diariotextual.com\/inicio\/index.php\/wp-json\/wp\/v2\/comments?post=154518"}],"version-history":[{"count":18,"href":"https:\/\/diariotextual.com\/inicio\/index.php\/wp-json\/wp\/v2\/posts\/154518\/revisions"}],"predecessor-version":[{"id":154544,"href":"https:\/\/diariotextual.com\/inicio\/index.php\/wp-json\/wp\/v2\/posts\/154518\/revisions\/154544"}],"wp:featuredmedia":[{"embeddable":true,"href":"https:\/\/diariotextual.com\/inicio\/index.php\/wp-json\/wp\/v2\/media\/154536"}],"wp:attachment":[{"href":"https:\/\/diariotextual.com\/inicio\/index.php\/wp-json\/wp\/v2\/media?parent=154518"}],"wp:term":[{"taxonomy":"category","embeddable":true,"href":"https:\/\/diariotextual.com\/inicio\/index.php\/wp-json\/wp\/v2\/categories?post=154518"},{"taxonomy":"post_tag","embeddable":true,"href":"https:\/\/diariotextual.com\/inicio\/index.php\/wp-json\/wp\/v2\/tags?post=154518"}],"curies":[{"name":"wp","href":"https:\/\/api.w.org\/{rel}","templated":true}]}}