{"id":154715,"date":"2021-07-19T10:19:19","date_gmt":"2021-07-19T13:19:19","guid":{"rendered":"https:\/\/diariotextual.com\/inicio\/?p=154715"},"modified":"2021-07-19T13:38:10","modified_gmt":"2021-07-19T16:38:10","slug":"legislativas-la-ambulancia-de-sola-se-empieza-a-quedar-sin-nafta","status":"publish","type":"post","link":"https:\/\/diariotextual.com\/inicio\/index.php\/2021\/07\/19\/legislativas-la-ambulancia-de-sola-se-empieza-a-quedar-sin-nafta\/","title":{"rendered":"Legislativas: la ambulancia de Sola se empieza a quedar sin nafta"},"content":{"rendered":"\n<p>La posibilidad de que el diputado provincial <strong>Facundo Sola<\/strong> se presente como precandidato a senador nacional y enfrente a la llamada <strong>\u201clista de unidad\u201d<\/strong>, por el<strong> Frente de Todos, <\/strong>en las \u00faltimas horas <strong>comenz\u00f3 a perder fuerza<\/strong>.<br><\/p>\n\n\n\n<p>No hay nada definido. Pero las dudas y demoras para definir los precandidatos, las dificultades para conseguir avales y -determinante- una llamada oportuna desde Casa de Gobierno, <strong>ya le hizo perder soldados<\/strong> al exintendente de Realic\u00f3: <strong>Ra\u00fal Aragon\u00e9s<\/strong>, que<strong> <a href=\"https:\/\/diariotextual.com\/inicio\/index.php\/2021\/07\/16\/la-ambulancia-de-facundo-sola-define-su-lista-con-los-heridos-del-pj\/\" target=\"_blank\" rel=\"noreferrer noopener\">le hab\u00eda manifestado su apoyo<\/a><\/strong>,<strong> el fin de semana se baj\u00f3 de la ambulancia que estaba juntando heridos del peronismo<\/strong>, pudo saber <strong>Diario Textual.<\/strong><\/p>\n\n\n\n<p>Es decir, <strong>Sola no solo no encuentra aliados: incluso se le est\u00e1n bajando<\/strong> de su flamante l\u00ednea interna<em> <\/em><strong>Alternativa Pampeana.<\/strong><\/p>\n\n\n\n<p>Aragon\u00e9s -de pasado vernista y oriundo de General Pico-<strong> le hab\u00eda jurado respaldo<\/strong> a Sola. \u201cEl fin de semana se comunic\u00f3 y le dijo directamente que no lo acompa\u00f1ar\u00e1&#8230;\u201d, contaron fuentes partidarias.<br><\/p>\n\n\n\n<p>Paralelamente <strong>Aragon\u00e9s se comunic\u00f3 con la \u201clista de unidad\u201d y prometi\u00f3 apoyo en Pico<\/strong>. Su aspiraci\u00f3n es ser incluido en la lista por el gobernador <strong>Sergio Ziliotto<\/strong>.<\/p>\n\n\n\n<p>La \u201cmovida\u201d no llam\u00f3 la atenci\u00f3n a Sola y compa\u00f1\u00eda. \u00abAragon\u00e9s, en otras elecciones, hab\u00eda realizado una jugada similar\u00bb, se resignaron.<\/p>\n\n\n\n<p>De todas maneras, <strong>en el sector de Sola confirman que est\u00e1n en \u201cconversaciones\u201d con Juan Carlos Tierno y Sandra Fonseca<\/strong>. \u201cPero no han avanzado\u201d, confiaron. Tampoco han acordado con otros sectores.<\/p>\n\n\n\n<p>Uno de los principales problemas pasa por los avales: requiere unos 1052.<\/p>\n\n\n\n<p>No solo tienen el problema de la firma: <strong>hoy por hoy Sola no cuentan con autoridades partidarias que certifiquen esos avales para participar de las PASO.<\/strong><\/p>\n\n\n\n<p>Por su parte, Facundo Sola consultado por Diario Textual indic\u00f3 que quieren llegar con la lista, m\u00e1s all\u00e1 de las dificultades que se puedan presentar con los avales. \u201cHasta el 24 tenemos tiempo\u201d, dijo.<br>\u201cNo hay un pensamiento unificado en el peronismo, queremos debatir los temas y para eso nos presentamos. La idea es entrar a la cancha. No es una lista para acordar con el oficialismo. Esperamos llegar con los avales y disputar la interna, y si no diremos hasta ac\u00e1 hemos llegado\u201d, indic\u00f3 Sola.<\/p>\n\n\n\n<p>Dijo adem\u00e1s que \u201clas conversaciones est\u00e1n\u201d con sectores como el de la diputada Sandra Fonseca, y que Aragon\u00e9s finalmente no ser\u00e1 parte del armado.<\/p>\n","protected":false},"excerpt":{"rendered":"<p>La posibilidad de que el diputado provincial Facundo Sola se presente como precandidato a senador nacional y enfrente a la llamada \u201clista de unidad\u201d, por el Frente de Todos, en&hellip;<\/p>\n","protected":false},"author":3,"featured_media":154717,"comment_status":"closed","ping_status":"open","sticky":false,"template":"","format":"standard","meta":{"_acf_changed":false,"footnotes":""},"categories":[10,8],"tags":[807],"class_list":["post-154715","post","type-post","status-publish","format-standard","has-post-thumbnail","hentry","category-portada-2","category-politica","tag-sola"],"acf":[],"yoast_head":"<!-- This site is optimized with the Yoast SEO plugin v27.5 - https:\/\/yoast.com\/product\/yoast-seo-wordpress\/ -->\n<title>Legislativas: la ambulancia de Sola se empieza a quedar sin nafta - Diario Textual<\/title>\n<meta name=\"robots\" content=\"index, follow, max-snippet:-1, max-image-preview:large, max-video-preview:-1\" \/>\n<link rel=\"canonical\" href=\"https:\/\/diariotextual.com\/inicio\/index.php\/2021\/07\/19\/legislativas-la-ambulancia-de-sola-se-empieza-a-quedar-sin-nafta\/\" \/>\n<meta property=\"og:locale\" content=\"es_ES\" \/>\n<meta property=\"og:type\" content=\"article\" \/>\n<meta property=\"og:title\" content=\"Legislativas: la ambulancia de Sola se empieza a quedar sin nafta - Diario Textual\" \/>\n<meta property=\"og:description\" content=\"La posibilidad de que el diputado provincial Facundo Sola se presente como precandidato a senador nacional y enfrente a la llamada \u201clista de unidad\u201d, por el Frente de Todos, en&hellip;\" \/>\n<meta property=\"og:url\" content=\"https:\/\/diariotextual.com\/inicio\/index.php\/2021\/07\/19\/legislativas-la-ambulancia-de-sola-se-empieza-a-quedar-sin-nafta\/\" \/>\n<meta property=\"og:site_name\" content=\"Diario Textual\" \/>\n<meta property=\"article:publisher\" content=\"https:\/\/www.facebook.com\/eltextual\" \/>\n<meta property=\"article:published_time\" content=\"2021-07-19T13:19:19+00:00\" \/>\n<meta property=\"article:modified_time\" content=\"2021-07-19T16:38:10+00:00\" \/>\n<meta property=\"og:image\" content=\"https:\/\/diariotextual.com\/inicio\/wp-content\/uploads\/2021\/07\/solafacundo003.jpg\" \/>\n\t<meta property=\"og:image:width\" content=\"803\" \/>\n\t<meta property=\"og:image:height\" content=\"522\" \/>\n\t<meta property=\"og:image:type\" content=\"image\/jpeg\" \/>\n<meta name=\"author\" content=\"Diario1 Diario1\" \/>\n<meta name=\"twitter:card\" content=\"summary_large_image\" \/>\n<meta name=\"twitter:creator\" content=\"@eltextual\" \/>\n<meta name=\"twitter:site\" content=\"@eltextual\" \/>\n<meta name=\"twitter:label1\" content=\"Escrito por\" \/>\n\t<meta name=\"twitter:data1\" content=\"Diario1 Diario1\" \/>\n\t<meta name=\"twitter:label2\" content=\"Tiempo de lectura\" \/>\n\t<meta name=\"twitter:data2\" content=\"2 minutos\" \/>\n<script type=\"application\/ld+json\" class=\"yoast-schema-graph\">{\"@context\":\"https:\\\/\\\/schema.org\",\"@graph\":[{\"@type\":\"Article\",\"@id\":\"https:\\\/\\\/diariotextual.com\\\/inicio\\\/index.php\\\/2021\\\/07\\\/19\\\/legislativas-la-ambulancia-de-sola-se-empieza-a-quedar-sin-nafta\\\/#article\",\"isPartOf\":{\"@id\":\"https:\\\/\\\/diariotextual.com\\\/inicio\\\/index.php\\\/2021\\\/07\\\/19\\\/legislativas-la-ambulancia-de-sola-se-empieza-a-quedar-sin-nafta\\\/\"},\"author\":{\"name\":\"Diario1 Diario1\",\"@id\":\"https:\\\/\\\/diariotextual.com\\\/inicio\\\/#\\\/schema\\\/person\\\/418fc4093c33e86ed41562db3508f958\"},\"headline\":\"Legislativas: la ambulancia de Sola se empieza a quedar sin nafta\",\"datePublished\":\"2021-07-19T13:19:19+00:00\",\"dateModified\":\"2021-07-19T16:38:10+00:00\",\"mainEntityOfPage\":{\"@id\":\"https:\\\/\\\/diariotextual.com\\\/inicio\\\/index.php\\\/2021\\\/07\\\/19\\\/legislativas-la-ambulancia-de-sola-se-empieza-a-quedar-sin-nafta\\\/\"},\"wordCount\":407,\"publisher\":{\"@id\":\"https:\\\/\\\/diariotextual.com\\\/inicio\\\/#organization\"},\"image\":{\"@id\":\"https:\\\/\\\/diariotextual.com\\\/inicio\\\/index.php\\\/2021\\\/07\\\/19\\\/legislativas-la-ambulancia-de-sola-se-empieza-a-quedar-sin-nafta\\\/#primaryimage\"},\"thumbnailUrl\":\"https:\\\/\\\/diariotextual.com\\\/inicio\\\/wp-content\\\/uploads\\\/2021\\\/07\\\/solafacundo003.jpg\",\"keywords\":[\"sola\"],\"articleSection\":[\"A - PORTADA2\",\"POLITICA\"],\"inLanguage\":\"es\"},{\"@type\":\"WebPage\",\"@id\":\"https:\\\/\\\/diariotextual.com\\\/inicio\\\/index.php\\\/2021\\\/07\\\/19\\\/legislativas-la-ambulancia-de-sola-se-empieza-a-quedar-sin-nafta\\\/\",\"url\":\"https:\\\/\\\/diariotextual.com\\\/inicio\\\/index.php\\\/2021\\\/07\\\/19\\\/legislativas-la-ambulancia-de-sola-se-empieza-a-quedar-sin-nafta\\\/\",\"name\":\"Legislativas: la ambulancia de Sola se empieza a quedar sin nafta - Diario Textual\",\"isPartOf\":{\"@id\":\"https:\\\/\\\/diariotextual.com\\\/inicio\\\/#website\"},\"primaryImageOfPage\":{\"@id\":\"https:\\\/\\\/diariotextual.com\\\/inicio\\\/index.php\\\/2021\\\/07\\\/19\\\/legislativas-la-ambulancia-de-sola-se-empieza-a-quedar-sin-nafta\\\/#primaryimage\"},\"image\":{\"@id\":\"https:\\\/\\\/diariotextual.com\\\/inicio\\\/index.php\\\/2021\\\/07\\\/19\\\/legislativas-la-ambulancia-de-sola-se-empieza-a-quedar-sin-nafta\\\/#primaryimage\"},\"thumbnailUrl\":\"https:\\\/\\\/diariotextual.com\\\/inicio\\\/wp-content\\\/uploads\\\/2021\\\/07\\\/solafacundo003.jpg\",\"datePublished\":\"2021-07-19T13:19:19+00:00\",\"dateModified\":\"2021-07-19T16:38:10+00:00\",\"breadcrumb\":{\"@id\":\"https:\\\/\\\/diariotextual.com\\\/inicio\\\/index.php\\\/2021\\\/07\\\/19\\\/legislativas-la-ambulancia-de-sola-se-empieza-a-quedar-sin-nafta\\\/#breadcrumb\"},\"inLanguage\":\"es\",\"potentialAction\":[{\"@type\":\"ReadAction\",\"target\":[\"https:\\\/\\\/diariotextual.com\\\/inicio\\\/index.php\\\/2021\\\/07\\\/19\\\/legislativas-la-ambulancia-de-sola-se-empieza-a-quedar-sin-nafta\\\/\"]}]},{\"@type\":\"ImageObject\",\"inLanguage\":\"es\",\"@id\":\"https:\\\/\\\/diariotextual.com\\\/inicio\\\/index.php\\\/2021\\\/07\\\/19\\\/legislativas-la-ambulancia-de-sola-se-empieza-a-quedar-sin-nafta\\\/#primaryimage\",\"url\":\"https:\\\/\\\/diariotextual.com\\\/inicio\\\/wp-content\\\/uploads\\\/2021\\\/07\\\/solafacundo003.jpg\",\"contentUrl\":\"https:\\\/\\\/diariotextual.com\\\/inicio\\\/wp-content\\\/uploads\\\/2021\\\/07\\\/solafacundo003.jpg\",\"width\":803,\"height\":522},{\"@type\":\"BreadcrumbList\",\"@id\":\"https:\\\/\\\/diariotextual.com\\\/inicio\\\/index.php\\\/2021\\\/07\\\/19\\\/legislativas-la-ambulancia-de-sola-se-empieza-a-quedar-sin-nafta\\\/#breadcrumb\",\"itemListElement\":[{\"@type\":\"ListItem\",\"position\":1,\"name\":\"Portada\",\"item\":\"https:\\\/\\\/diariotextual.com\\\/inicio\\\/\"},{\"@type\":\"ListItem\",\"position\":2,\"name\":\"Legislativas: la ambulancia de Sola se empieza a quedar sin nafta\"}]},{\"@type\":\"WebSite\",\"@id\":\"https:\\\/\\\/diariotextual.com\\\/inicio\\\/#website\",\"url\":\"https:\\\/\\\/diariotextual.com\\\/inicio\\\/\",\"name\":\"Diario Textual\",\"description\":\"\",\"publisher\":{\"@id\":\"https:\\\/\\\/diariotextual.com\\\/inicio\\\/#organization\"},\"potentialAction\":[{\"@type\":\"SearchAction\",\"target\":{\"@type\":\"EntryPoint\",\"urlTemplate\":\"https:\\\/\\\/diariotextual.com\\\/inicio\\\/?s={search_term_string}\"},\"query-input\":{\"@type\":\"PropertyValueSpecification\",\"valueRequired\":true,\"valueName\":\"search_term_string\"}}],\"inLanguage\":\"es\"},{\"@type\":\"Organization\",\"@id\":\"https:\\\/\\\/diariotextual.com\\\/inicio\\\/#organization\",\"name\":\"Diario Textual\",\"url\":\"https:\\\/\\\/diariotextual.com\\\/inicio\\\/\",\"logo\":{\"@type\":\"ImageObject\",\"inLanguage\":\"es\",\"@id\":\"https:\\\/\\\/diariotextual.com\\\/inicio\\\/#\\\/schema\\\/logo\\\/image\\\/\",\"url\":\"https:\\\/\\\/diariotextual.com\\\/inicio\\\/wp-content\\\/uploads\\\/2023\\\/05\\\/logotextual1.jpg\",\"contentUrl\":\"https:\\\/\\\/diariotextual.com\\\/inicio\\\/wp-content\\\/uploads\\\/2023\\\/05\\\/logotextual1.jpg\",\"width\":516,\"height\":76,\"caption\":\"Diario Textual\"},\"image\":{\"@id\":\"https:\\\/\\\/diariotextual.com\\\/inicio\\\/#\\\/schema\\\/logo\\\/image\\\/\"},\"sameAs\":[\"https:\\\/\\\/www.facebook.com\\\/eltextual\",\"https:\\\/\\\/x.com\\\/eltextual\",\"http:\\\/\\\/www.instagram.com\\\/eltextual\"]},{\"@type\":\"Person\",\"@id\":\"https:\\\/\\\/diariotextual.com\\\/inicio\\\/#\\\/schema\\\/person\\\/418fc4093c33e86ed41562db3508f958\",\"name\":\"Diario1 Diario1\",\"image\":{\"@type\":\"ImageObject\",\"inLanguage\":\"es\",\"@id\":\"https:\\\/\\\/secure.gravatar.com\\\/avatar\\\/9167d280179c85bc18be67aa7eda765854300033af4896dd779b608640f2ef7a?s=96&d=mm&r=g\",\"url\":\"https:\\\/\\\/secure.gravatar.com\\\/avatar\\\/9167d280179c85bc18be67aa7eda765854300033af4896dd779b608640f2ef7a?s=96&d=mm&r=g\",\"contentUrl\":\"https:\\\/\\\/secure.gravatar.com\\\/avatar\\\/9167d280179c85bc18be67aa7eda765854300033af4896dd779b608640f2ef7a?s=96&d=mm&r=g\",\"caption\":\"Diario1 Diario1\"},\"url\":\"https:\\\/\\\/diariotextual.com\\\/inicio\\\/index.php\\\/author\\\/diario1\\\/\"}]}<\/script>\n<!-- \/ Yoast SEO plugin. -->","yoast_head_json":{"title":"Legislativas: la ambulancia de Sola se empieza a quedar sin nafta - Diario Textual","robots":{"index":"index","follow":"follow","max-snippet":"max-snippet:-1","max-image-preview":"max-image-preview:large","max-video-preview":"max-video-preview:-1"},"canonical":"https:\/\/diariotextual.com\/inicio\/index.php\/2021\/07\/19\/legislativas-la-ambulancia-de-sola-se-empieza-a-quedar-sin-nafta\/","og_locale":"es_ES","og_type":"article","og_title":"Legislativas: la ambulancia de Sola se empieza a quedar sin nafta - Diario Textual","og_description":"La posibilidad de que el diputado provincial Facundo Sola se presente como precandidato a senador nacional y enfrente a la llamada \u201clista de unidad\u201d, por el Frente de Todos, en&hellip;","og_url":"https:\/\/diariotextual.com\/inicio\/index.php\/2021\/07\/19\/legislativas-la-ambulancia-de-sola-se-empieza-a-quedar-sin-nafta\/","og_site_name":"Diario Textual","article_publisher":"https:\/\/www.facebook.com\/eltextual","article_published_time":"2021-07-19T13:19:19+00:00","article_modified_time":"2021-07-19T16:38:10+00:00","og_image":[{"width":803,"height":522,"url":"https:\/\/diariotextual.com\/inicio\/wp-content\/uploads\/2021\/07\/solafacundo003.jpg","type":"image\/jpeg"}],"author":"Diario1 Diario1","twitter_card":"summary_large_image","twitter_creator":"@eltextual","twitter_site":"@eltextual","twitter_misc":{"Escrito por":"Diario1 Diario1","Tiempo de lectura":"2 minutos"},"schema":{"@context":"https:\/\/schema.org","@graph":[{"@type":"Article","@id":"https:\/\/diariotextual.com\/inicio\/index.php\/2021\/07\/19\/legislativas-la-ambulancia-de-sola-se-empieza-a-quedar-sin-nafta\/#article","isPartOf":{"@id":"https:\/\/diariotextual.com\/inicio\/index.php\/2021\/07\/19\/legislativas-la-ambulancia-de-sola-se-empieza-a-quedar-sin-nafta\/"},"author":{"name":"Diario1 Diario1","@id":"https:\/\/diariotextual.com\/inicio\/#\/schema\/person\/418fc4093c33e86ed41562db3508f958"},"headline":"Legislativas: la ambulancia de Sola se empieza a quedar sin nafta","datePublished":"2021-07-19T13:19:19+00:00","dateModified":"2021-07-19T16:38:10+00:00","mainEntityOfPage":{"@id":"https:\/\/diariotextual.com\/inicio\/index.php\/2021\/07\/19\/legislativas-la-ambulancia-de-sola-se-empieza-a-quedar-sin-nafta\/"},"wordCount":407,"publisher":{"@id":"https:\/\/diariotextual.com\/inicio\/#organization"},"image":{"@id":"https:\/\/diariotextual.com\/inicio\/index.php\/2021\/07\/19\/legislativas-la-ambulancia-de-sola-se-empieza-a-quedar-sin-nafta\/#primaryimage"},"thumbnailUrl":"https:\/\/diariotextual.com\/inicio\/wp-content\/uploads\/2021\/07\/solafacundo003.jpg","keywords":["sola"],"articleSection":["A - PORTADA2","POLITICA"],"inLanguage":"es"},{"@type":"WebPage","@id":"https:\/\/diariotextual.com\/inicio\/index.php\/2021\/07\/19\/legislativas-la-ambulancia-de-sola-se-empieza-a-quedar-sin-nafta\/","url":"https:\/\/diariotextual.com\/inicio\/index.php\/2021\/07\/19\/legislativas-la-ambulancia-de-sola-se-empieza-a-quedar-sin-nafta\/","name":"Legislativas: la ambulancia de Sola se empieza a quedar sin nafta - Diario Textual","isPartOf":{"@id":"https:\/\/diariotextual.com\/inicio\/#website"},"primaryImageOfPage":{"@id":"https:\/\/diariotextual.com\/inicio\/index.php\/2021\/07\/19\/legislativas-la-ambulancia-de-sola-se-empieza-a-quedar-sin-nafta\/#primaryimage"},"image":{"@id":"https:\/\/diariotextual.com\/inicio\/index.php\/2021\/07\/19\/legislativas-la-ambulancia-de-sola-se-empieza-a-quedar-sin-nafta\/#primaryimage"},"thumbnailUrl":"https:\/\/diariotextual.com\/inicio\/wp-content\/uploads\/2021\/07\/solafacundo003.jpg","datePublished":"2021-07-19T13:19:19+00:00","dateModified":"2021-07-19T16:38:10+00:00","breadcrumb":{"@id":"https:\/\/diariotextual.com\/inicio\/index.php\/2021\/07\/19\/legislativas-la-ambulancia-de-sola-se-empieza-a-quedar-sin-nafta\/#breadcrumb"},"inLanguage":"es","potentialAction":[{"@type":"ReadAction","target":["https:\/\/diariotextual.com\/inicio\/index.php\/2021\/07\/19\/legislativas-la-ambulancia-de-sola-se-empieza-a-quedar-sin-nafta\/"]}]},{"@type":"ImageObject","inLanguage":"es","@id":"https:\/\/diariotextual.com\/inicio\/index.php\/2021\/07\/19\/legislativas-la-ambulancia-de-sola-se-empieza-a-quedar-sin-nafta\/#primaryimage","url":"https:\/\/diariotextual.com\/inicio\/wp-content\/uploads\/2021\/07\/solafacundo003.jpg","contentUrl":"https:\/\/diariotextual.com\/inicio\/wp-content\/uploads\/2021\/07\/solafacundo003.jpg","width":803,"height":522},{"@type":"BreadcrumbList","@id":"https:\/\/diariotextual.com\/inicio\/index.php\/2021\/07\/19\/legislativas-la-ambulancia-de-sola-se-empieza-a-quedar-sin-nafta\/#breadcrumb","itemListElement":[{"@type":"ListItem","position":1,"name":"Portada","item":"https:\/\/diariotextual.com\/inicio\/"},{"@type":"ListItem","position":2,"name":"Legislativas: la ambulancia de Sola se empieza a quedar sin nafta"}]},{"@type":"WebSite","@id":"https:\/\/diariotextual.com\/inicio\/#website","url":"https:\/\/diariotextual.com\/inicio\/","name":"Diario Textual","description":"","publisher":{"@id":"https:\/\/diariotextual.com\/inicio\/#organization"},"potentialAction":[{"@type":"SearchAction","target":{"@type":"EntryPoint","urlTemplate":"https:\/\/diariotextual.com\/inicio\/?s={search_term_string}"},"query-input":{"@type":"PropertyValueSpecification","valueRequired":true,"valueName":"search_term_string"}}],"inLanguage":"es"},{"@type":"Organization","@id":"https:\/\/diariotextual.com\/inicio\/#organization","name":"Diario Textual","url":"https:\/\/diariotextual.com\/inicio\/","logo":{"@type":"ImageObject","inLanguage":"es","@id":"https:\/\/diariotextual.com\/inicio\/#\/schema\/logo\/image\/","url":"https:\/\/diariotextual.com\/inicio\/wp-content\/uploads\/2023\/05\/logotextual1.jpg","contentUrl":"https:\/\/diariotextual.com\/inicio\/wp-content\/uploads\/2023\/05\/logotextual1.jpg","width":516,"height":76,"caption":"Diario Textual"},"image":{"@id":"https:\/\/diariotextual.com\/inicio\/#\/schema\/logo\/image\/"},"sameAs":["https:\/\/www.facebook.com\/eltextual","https:\/\/x.com\/eltextual","http:\/\/www.instagram.com\/eltextual"]},{"@type":"Person","@id":"https:\/\/diariotextual.com\/inicio\/#\/schema\/person\/418fc4093c33e86ed41562db3508f958","name":"Diario1 Diario1","image":{"@type":"ImageObject","inLanguage":"es","@id":"https:\/\/secure.gravatar.com\/avatar\/9167d280179c85bc18be67aa7eda765854300033af4896dd779b608640f2ef7a?s=96&d=mm&r=g","url":"https:\/\/secure.gravatar.com\/avatar\/9167d280179c85bc18be67aa7eda765854300033af4896dd779b608640f2ef7a?s=96&d=mm&r=g","contentUrl":"https:\/\/secure.gravatar.com\/avatar\/9167d280179c85bc18be67aa7eda765854300033af4896dd779b608640f2ef7a?s=96&d=mm&r=g","caption":"Diario1 Diario1"},"url":"https:\/\/diariotextual.com\/inicio\/index.php\/author\/diario1\/"}]}},"_links":{"self":[{"href":"https:\/\/diariotextual.com\/inicio\/index.php\/wp-json\/wp\/v2\/posts\/154715","targetHints":{"allow":["GET"]}}],"collection":[{"href":"https:\/\/diariotextual.com\/inicio\/index.php\/wp-json\/wp\/v2\/posts"}],"about":[{"href":"https:\/\/diariotextual.com\/inicio\/index.php\/wp-json\/wp\/v2\/types\/post"}],"author":[{"embeddable":true,"href":"https:\/\/diariotextual.com\/inicio\/index.php\/wp-json\/wp\/v2\/users\/3"}],"replies":[{"embeddable":true,"href":"https:\/\/diariotextual.com\/inicio\/index.php\/wp-json\/wp\/v2\/comments?post=154715"}],"version-history":[{"count":13,"href":"https:\/\/diariotextual.com\/inicio\/index.php\/wp-json\/wp\/v2\/posts\/154715\/revisions"}],"predecessor-version":[{"id":154747,"href":"https:\/\/diariotextual.com\/inicio\/index.php\/wp-json\/wp\/v2\/posts\/154715\/revisions\/154747"}],"wp:featuredmedia":[{"embeddable":true,"href":"https:\/\/diariotextual.com\/inicio\/index.php\/wp-json\/wp\/v2\/media\/154717"}],"wp:attachment":[{"href":"https:\/\/diariotextual.com\/inicio\/index.php\/wp-json\/wp\/v2\/media?parent=154715"}],"wp:term":[{"taxonomy":"category","embeddable":true,"href":"https:\/\/diariotextual.com\/inicio\/index.php\/wp-json\/wp\/v2\/categories?post=154715"},{"taxonomy":"post_tag","embeddable":true,"href":"https:\/\/diariotextual.com\/inicio\/index.php\/wp-json\/wp\/v2\/tags?post=154715"}],"curies":[{"name":"wp","href":"https:\/\/api.w.org\/{rel}","templated":true}]}}