{"id":154767,"date":"2021-07-19T19:55:25","date_gmt":"2021-07-19T22:55:25","guid":{"rendered":"https:\/\/diariotextual.com\/inicio\/?p=154767"},"modified":"2021-07-20T08:45:20","modified_gmt":"2021-07-20T11:45:20","slug":"ziliotto-le-pidio-al-senasa-por-el-asado-con-hueso-al-sur-del-colorado-y-la-venta-de-la-vaca-china","status":"publish","type":"post","link":"https:\/\/diariotextual.com\/inicio\/index.php\/2021\/07\/19\/ziliotto-le-pidio-al-senasa-por-el-asado-con-hueso-al-sur-del-colorado-y-la-venta-de-la-vaca-china\/","title":{"rendered":"Ziliotto le pidi\u00f3 al Senasa por el asado con hueso al sur del Colorado y la venta de la \u00abvaca china\u00bb"},"content":{"rendered":"\n<p>El gobernador <strong>Sergio Ziliotto <\/strong>recibi\u00f3 esta ma\u00f1ana al presidente del Servicio Nacional de Sanidad Animal (Senasa),<strong> Carlos Alberto Paz<\/strong>, para analizar la situaci\u00f3n del sector ganadero en la provincia y, a su vez, reiterar un reclamo de La Pampa: que<strong> dejen pasar carne con hueso al sur de la barrera fitosanitaria del r\u00edo Colorado.<\/strong><\/p>\n\n\n\n<p>En el encuentro tambi\u00e9n estuvieron la ministra de la Producci\u00f3n, Fernanda Gonz\u00e1lez;&nbsp; Juan \u00c1ngel Cruz, director nacional de Operaciones del Senasa; Juan Pablo Urruti, coordinador de Relaciones Institucionales y Ceremonial; y la directora regional, Mar\u00eda Daniela Salazar.<\/p>\n\n\n\n<p>El mandatario provincial, inform\u00f3 Casa de Gobierno, plante\u00f3 en la reuni\u00f3n tem\u00e1ticas de inter\u00e9s estrat\u00e9gico. En particular, se retom\u00f3 el reclamo provincial para que se revierta la barrera sanitaria existente y se autorice el ingreso al sur del r\u00edo Colorado del asado con hueso que ofrecen los frigor\u00edficos pampeanos.<\/p>\n\n\n\n<p>De esta manera el gobernador resalt\u00f3 una vez m\u00e1s la preocupaci\u00f3n de nuestra provincia por las \u201casimetr\u00edas comerciales\u201d existentes, as\u00ed como por la problem\u00e1tica respecto de los movimientos de animales y productos entre la Zona con Vacunaci\u00f3n (Norte del R\u00edo Colorado) y la Zona sin Vacunaci\u00f3n (Sur del R\u00edo Colorado).<\/p>\n\n\n\n<p><strong>La Pampa viene reclamando por el asado con hueso desde hace unos cinco a\u00f1os. Pretende esa autorizaci\u00f3n para que los frigor\u00edficos de nuestra provincia puedan \u201cubicar\u201d este corte que no puede ser exportado. Las provincias del sur -como Neuqu\u00e9n y R\u00edo Negro- se oponen fuertemente. Las autoridades del Servicio Nacional de Sanidad Animal (Senasa) tambi\u00e9n. \u00bfCu\u00e1l es su argumento? Que podr\u00eda transmitir la fiebre aftosa al sur del Colorado, pero La Pampa sostiene -en base incluso a propias conclusiones de profesionales del Senasa- que no es posible el traspaso de la aftosa en asado con hueso.<\/strong><\/p>\n\n\n\n<p>Por otro lado, se analiz\u00f3 la propuesta provincial de retomar la exportaci\u00f3n a China de la vaca de descarte, un producto de valor destacado en las ventas ganaderas al exterior de nuestra provincia.<\/p>\n\n\n\n<p>El Plan Ganadero Provincial 2021 presentado por el gobernador y las herramientas que se incorporaron en cuanto a los planes sanitarios y de eficiencia productiva fueron otro de los ejes de la reuni\u00f3n. En este sentido se destac\u00f3 la necesidad de propiciar el aumento progresivo y sostenido de la producci\u00f3n de carne, para satisfacer la demanda del consumo interno y la demanda del mercado internacional.<\/p>\n","protected":false},"excerpt":{"rendered":"<p>El gobernador Sergio Ziliotto recibi\u00f3 esta ma\u00f1ana al presidente del Servicio Nacional de Sanidad Animal (Senasa), Carlos Alberto Paz, para analizar la situaci\u00f3n del sector ganadero en la provincia y,&hellip;<\/p>\n","protected":false},"author":3,"featured_media":154769,"comment_status":"closed","ping_status":"open","sticky":false,"template":"","format":"standard","meta":{"_acf_changed":false,"footnotes":""},"categories":[10,20],"tags":[],"class_list":["post-154767","post","type-post","status-publish","format-standard","has-post-thumbnail","hentry","category-portada-2","category-campo"],"acf":[],"yoast_head":"<!-- This site is optimized with the Yoast SEO plugin v27.5 - https:\/\/yoast.com\/product\/yoast-seo-wordpress\/ -->\n<title>Ziliotto le pidi\u00f3 al Senasa por el asado con hueso al sur del Colorado y la venta de la &quot;vaca china&quot; - Diario Textual<\/title>\n<meta name=\"robots\" content=\"index, follow, max-snippet:-1, max-image-preview:large, max-video-preview:-1\" \/>\n<link rel=\"canonical\" href=\"https:\/\/diariotextual.com\/inicio\/index.php\/2021\/07\/19\/ziliotto-le-pidio-al-senasa-por-el-asado-con-hueso-al-sur-del-colorado-y-la-venta-de-la-vaca-china\/\" \/>\n<meta property=\"og:locale\" content=\"es_ES\" \/>\n<meta property=\"og:type\" content=\"article\" \/>\n<meta property=\"og:title\" content=\"Ziliotto le pidi\u00f3 al Senasa por el asado con hueso al sur del Colorado y la venta de la &quot;vaca china&quot; - Diario Textual\" \/>\n<meta property=\"og:description\" content=\"El gobernador Sergio Ziliotto recibi\u00f3 esta ma\u00f1ana al presidente del Servicio Nacional de Sanidad Animal (Senasa), Carlos Alberto Paz, para analizar la situaci\u00f3n del sector ganadero en la provincia y,&hellip;\" \/>\n<meta property=\"og:url\" content=\"https:\/\/diariotextual.com\/inicio\/index.php\/2021\/07\/19\/ziliotto-le-pidio-al-senasa-por-el-asado-con-hueso-al-sur-del-colorado-y-la-venta-de-la-vaca-china\/\" \/>\n<meta property=\"og:site_name\" content=\"Diario Textual\" \/>\n<meta property=\"article:publisher\" content=\"https:\/\/www.facebook.com\/eltextual\" \/>\n<meta property=\"article:published_time\" content=\"2021-07-19T22:55:25+00:00\" \/>\n<meta property=\"article:modified_time\" content=\"2021-07-20T11:45:20+00:00\" \/>\n<meta property=\"og:image\" content=\"https:\/\/diariotextual.com\/inicio\/wp-content\/uploads\/2021\/07\/senasapazziliotto2021-2.jpg\" \/>\n\t<meta property=\"og:image:width\" content=\"970\" \/>\n\t<meta property=\"og:image:height\" content=\"613\" \/>\n\t<meta property=\"og:image:type\" content=\"image\/jpeg\" \/>\n<meta name=\"author\" content=\"Diario1 Diario1\" \/>\n<meta name=\"twitter:card\" content=\"summary_large_image\" \/>\n<meta name=\"twitter:creator\" content=\"@eltextual\" \/>\n<meta name=\"twitter:site\" content=\"@eltextual\" \/>\n<meta name=\"twitter:label1\" content=\"Escrito por\" \/>\n\t<meta name=\"twitter:data1\" content=\"Diario1 Diario1\" \/>\n\t<meta name=\"twitter:label2\" content=\"Tiempo de lectura\" \/>\n\t<meta name=\"twitter:data2\" content=\"2 minutos\" \/>\n<script type=\"application\/ld+json\" class=\"yoast-schema-graph\">{\"@context\":\"https:\\\/\\\/schema.org\",\"@graph\":[{\"@type\":\"Article\",\"@id\":\"https:\\\/\\\/diariotextual.com\\\/inicio\\\/index.php\\\/2021\\\/07\\\/19\\\/ziliotto-le-pidio-al-senasa-por-el-asado-con-hueso-al-sur-del-colorado-y-la-venta-de-la-vaca-china\\\/#article\",\"isPartOf\":{\"@id\":\"https:\\\/\\\/diariotextual.com\\\/inicio\\\/index.php\\\/2021\\\/07\\\/19\\\/ziliotto-le-pidio-al-senasa-por-el-asado-con-hueso-al-sur-del-colorado-y-la-venta-de-la-vaca-china\\\/\"},\"author\":{\"name\":\"Diario1 Diario1\",\"@id\":\"https:\\\/\\\/diariotextual.com\\\/inicio\\\/#\\\/schema\\\/person\\\/418fc4093c33e86ed41562db3508f958\"},\"headline\":\"Ziliotto le pidi\u00f3 al Senasa por el asado con hueso al sur del Colorado y la venta de la \u00abvaca china\u00bb\",\"datePublished\":\"2021-07-19T22:55:25+00:00\",\"dateModified\":\"2021-07-20T11:45:20+00:00\",\"mainEntityOfPage\":{\"@id\":\"https:\\\/\\\/diariotextual.com\\\/inicio\\\/index.php\\\/2021\\\/07\\\/19\\\/ziliotto-le-pidio-al-senasa-por-el-asado-con-hueso-al-sur-del-colorado-y-la-venta-de-la-vaca-china\\\/\"},\"wordCount\":437,\"publisher\":{\"@id\":\"https:\\\/\\\/diariotextual.com\\\/inicio\\\/#organization\"},\"image\":{\"@id\":\"https:\\\/\\\/diariotextual.com\\\/inicio\\\/index.php\\\/2021\\\/07\\\/19\\\/ziliotto-le-pidio-al-senasa-por-el-asado-con-hueso-al-sur-del-colorado-y-la-venta-de-la-vaca-china\\\/#primaryimage\"},\"thumbnailUrl\":\"https:\\\/\\\/diariotextual.com\\\/inicio\\\/wp-content\\\/uploads\\\/2021\\\/07\\\/senasapazziliotto2021-2.jpg\",\"articleSection\":[\"A - PORTADA2\",\"CAMPO\"],\"inLanguage\":\"es\"},{\"@type\":\"WebPage\",\"@id\":\"https:\\\/\\\/diariotextual.com\\\/inicio\\\/index.php\\\/2021\\\/07\\\/19\\\/ziliotto-le-pidio-al-senasa-por-el-asado-con-hueso-al-sur-del-colorado-y-la-venta-de-la-vaca-china\\\/\",\"url\":\"https:\\\/\\\/diariotextual.com\\\/inicio\\\/index.php\\\/2021\\\/07\\\/19\\\/ziliotto-le-pidio-al-senasa-por-el-asado-con-hueso-al-sur-del-colorado-y-la-venta-de-la-vaca-china\\\/\",\"name\":\"Ziliotto le pidi\u00f3 al Senasa por el asado con hueso al sur del Colorado y la venta de la \\\"vaca china\\\" - Diario Textual\",\"isPartOf\":{\"@id\":\"https:\\\/\\\/diariotextual.com\\\/inicio\\\/#website\"},\"primaryImageOfPage\":{\"@id\":\"https:\\\/\\\/diariotextual.com\\\/inicio\\\/index.php\\\/2021\\\/07\\\/19\\\/ziliotto-le-pidio-al-senasa-por-el-asado-con-hueso-al-sur-del-colorado-y-la-venta-de-la-vaca-china\\\/#primaryimage\"},\"image\":{\"@id\":\"https:\\\/\\\/diariotextual.com\\\/inicio\\\/index.php\\\/2021\\\/07\\\/19\\\/ziliotto-le-pidio-al-senasa-por-el-asado-con-hueso-al-sur-del-colorado-y-la-venta-de-la-vaca-china\\\/#primaryimage\"},\"thumbnailUrl\":\"https:\\\/\\\/diariotextual.com\\\/inicio\\\/wp-content\\\/uploads\\\/2021\\\/07\\\/senasapazziliotto2021-2.jpg\",\"datePublished\":\"2021-07-19T22:55:25+00:00\",\"dateModified\":\"2021-07-20T11:45:20+00:00\",\"breadcrumb\":{\"@id\":\"https:\\\/\\\/diariotextual.com\\\/inicio\\\/index.php\\\/2021\\\/07\\\/19\\\/ziliotto-le-pidio-al-senasa-por-el-asado-con-hueso-al-sur-del-colorado-y-la-venta-de-la-vaca-china\\\/#breadcrumb\"},\"inLanguage\":\"es\",\"potentialAction\":[{\"@type\":\"ReadAction\",\"target\":[\"https:\\\/\\\/diariotextual.com\\\/inicio\\\/index.php\\\/2021\\\/07\\\/19\\\/ziliotto-le-pidio-al-senasa-por-el-asado-con-hueso-al-sur-del-colorado-y-la-venta-de-la-vaca-china\\\/\"]}]},{\"@type\":\"ImageObject\",\"inLanguage\":\"es\",\"@id\":\"https:\\\/\\\/diariotextual.com\\\/inicio\\\/index.php\\\/2021\\\/07\\\/19\\\/ziliotto-le-pidio-al-senasa-por-el-asado-con-hueso-al-sur-del-colorado-y-la-venta-de-la-vaca-china\\\/#primaryimage\",\"url\":\"https:\\\/\\\/diariotextual.com\\\/inicio\\\/wp-content\\\/uploads\\\/2021\\\/07\\\/senasapazziliotto2021-2.jpg\",\"contentUrl\":\"https:\\\/\\\/diariotextual.com\\\/inicio\\\/wp-content\\\/uploads\\\/2021\\\/07\\\/senasapazziliotto2021-2.jpg\",\"width\":970,\"height\":613},{\"@type\":\"BreadcrumbList\",\"@id\":\"https:\\\/\\\/diariotextual.com\\\/inicio\\\/index.php\\\/2021\\\/07\\\/19\\\/ziliotto-le-pidio-al-senasa-por-el-asado-con-hueso-al-sur-del-colorado-y-la-venta-de-la-vaca-china\\\/#breadcrumb\",\"itemListElement\":[{\"@type\":\"ListItem\",\"position\":1,\"name\":\"Portada\",\"item\":\"https:\\\/\\\/diariotextual.com\\\/inicio\\\/\"},{\"@type\":\"ListItem\",\"position\":2,\"name\":\"Ziliotto le pidi\u00f3 al Senasa por el asado con hueso al sur del Colorado y la venta de la \u00abvaca china\u00bb\"}]},{\"@type\":\"WebSite\",\"@id\":\"https:\\\/\\\/diariotextual.com\\\/inicio\\\/#website\",\"url\":\"https:\\\/\\\/diariotextual.com\\\/inicio\\\/\",\"name\":\"Diario Textual\",\"description\":\"\",\"publisher\":{\"@id\":\"https:\\\/\\\/diariotextual.com\\\/inicio\\\/#organization\"},\"potentialAction\":[{\"@type\":\"SearchAction\",\"target\":{\"@type\":\"EntryPoint\",\"urlTemplate\":\"https:\\\/\\\/diariotextual.com\\\/inicio\\\/?s={search_term_string}\"},\"query-input\":{\"@type\":\"PropertyValueSpecification\",\"valueRequired\":true,\"valueName\":\"search_term_string\"}}],\"inLanguage\":\"es\"},{\"@type\":\"Organization\",\"@id\":\"https:\\\/\\\/diariotextual.com\\\/inicio\\\/#organization\",\"name\":\"Diario Textual\",\"url\":\"https:\\\/\\\/diariotextual.com\\\/inicio\\\/\",\"logo\":{\"@type\":\"ImageObject\",\"inLanguage\":\"es\",\"@id\":\"https:\\\/\\\/diariotextual.com\\\/inicio\\\/#\\\/schema\\\/logo\\\/image\\\/\",\"url\":\"https:\\\/\\\/diariotextual.com\\\/inicio\\\/wp-content\\\/uploads\\\/2023\\\/05\\\/logotextual1.jpg\",\"contentUrl\":\"https:\\\/\\\/diariotextual.com\\\/inicio\\\/wp-content\\\/uploads\\\/2023\\\/05\\\/logotextual1.jpg\",\"width\":516,\"height\":76,\"caption\":\"Diario Textual\"},\"image\":{\"@id\":\"https:\\\/\\\/diariotextual.com\\\/inicio\\\/#\\\/schema\\\/logo\\\/image\\\/\"},\"sameAs\":[\"https:\\\/\\\/www.facebook.com\\\/eltextual\",\"https:\\\/\\\/x.com\\\/eltextual\",\"http:\\\/\\\/www.instagram.com\\\/eltextual\"]},{\"@type\":\"Person\",\"@id\":\"https:\\\/\\\/diariotextual.com\\\/inicio\\\/#\\\/schema\\\/person\\\/418fc4093c33e86ed41562db3508f958\",\"name\":\"Diario1 Diario1\",\"image\":{\"@type\":\"ImageObject\",\"inLanguage\":\"es\",\"@id\":\"https:\\\/\\\/secure.gravatar.com\\\/avatar\\\/9167d280179c85bc18be67aa7eda765854300033af4896dd779b608640f2ef7a?s=96&d=mm&r=g\",\"url\":\"https:\\\/\\\/secure.gravatar.com\\\/avatar\\\/9167d280179c85bc18be67aa7eda765854300033af4896dd779b608640f2ef7a?s=96&d=mm&r=g\",\"contentUrl\":\"https:\\\/\\\/secure.gravatar.com\\\/avatar\\\/9167d280179c85bc18be67aa7eda765854300033af4896dd779b608640f2ef7a?s=96&d=mm&r=g\",\"caption\":\"Diario1 Diario1\"},\"url\":\"https:\\\/\\\/diariotextual.com\\\/inicio\\\/index.php\\\/author\\\/diario1\\\/\"}]}<\/script>\n<!-- \/ Yoast SEO plugin. -->","yoast_head_json":{"title":"Ziliotto le pidi\u00f3 al Senasa por el asado con hueso al sur del Colorado y la venta de la \"vaca china\" - Diario Textual","robots":{"index":"index","follow":"follow","max-snippet":"max-snippet:-1","max-image-preview":"max-image-preview:large","max-video-preview":"max-video-preview:-1"},"canonical":"https:\/\/diariotextual.com\/inicio\/index.php\/2021\/07\/19\/ziliotto-le-pidio-al-senasa-por-el-asado-con-hueso-al-sur-del-colorado-y-la-venta-de-la-vaca-china\/","og_locale":"es_ES","og_type":"article","og_title":"Ziliotto le pidi\u00f3 al Senasa por el asado con hueso al sur del Colorado y la venta de la \"vaca china\" - Diario Textual","og_description":"El gobernador Sergio Ziliotto recibi\u00f3 esta ma\u00f1ana al presidente del Servicio Nacional de Sanidad Animal (Senasa), Carlos Alberto Paz, para analizar la situaci\u00f3n del sector ganadero en la provincia y,&hellip;","og_url":"https:\/\/diariotextual.com\/inicio\/index.php\/2021\/07\/19\/ziliotto-le-pidio-al-senasa-por-el-asado-con-hueso-al-sur-del-colorado-y-la-venta-de-la-vaca-china\/","og_site_name":"Diario Textual","article_publisher":"https:\/\/www.facebook.com\/eltextual","article_published_time":"2021-07-19T22:55:25+00:00","article_modified_time":"2021-07-20T11:45:20+00:00","og_image":[{"width":970,"height":613,"url":"https:\/\/diariotextual.com\/inicio\/wp-content\/uploads\/2021\/07\/senasapazziliotto2021-2.jpg","type":"image\/jpeg"}],"author":"Diario1 Diario1","twitter_card":"summary_large_image","twitter_creator":"@eltextual","twitter_site":"@eltextual","twitter_misc":{"Escrito por":"Diario1 Diario1","Tiempo de lectura":"2 minutos"},"schema":{"@context":"https:\/\/schema.org","@graph":[{"@type":"Article","@id":"https:\/\/diariotextual.com\/inicio\/index.php\/2021\/07\/19\/ziliotto-le-pidio-al-senasa-por-el-asado-con-hueso-al-sur-del-colorado-y-la-venta-de-la-vaca-china\/#article","isPartOf":{"@id":"https:\/\/diariotextual.com\/inicio\/index.php\/2021\/07\/19\/ziliotto-le-pidio-al-senasa-por-el-asado-con-hueso-al-sur-del-colorado-y-la-venta-de-la-vaca-china\/"},"author":{"name":"Diario1 Diario1","@id":"https:\/\/diariotextual.com\/inicio\/#\/schema\/person\/418fc4093c33e86ed41562db3508f958"},"headline":"Ziliotto le pidi\u00f3 al Senasa por el asado con hueso al sur del Colorado y la venta de la \u00abvaca china\u00bb","datePublished":"2021-07-19T22:55:25+00:00","dateModified":"2021-07-20T11:45:20+00:00","mainEntityOfPage":{"@id":"https:\/\/diariotextual.com\/inicio\/index.php\/2021\/07\/19\/ziliotto-le-pidio-al-senasa-por-el-asado-con-hueso-al-sur-del-colorado-y-la-venta-de-la-vaca-china\/"},"wordCount":437,"publisher":{"@id":"https:\/\/diariotextual.com\/inicio\/#organization"},"image":{"@id":"https:\/\/diariotextual.com\/inicio\/index.php\/2021\/07\/19\/ziliotto-le-pidio-al-senasa-por-el-asado-con-hueso-al-sur-del-colorado-y-la-venta-de-la-vaca-china\/#primaryimage"},"thumbnailUrl":"https:\/\/diariotextual.com\/inicio\/wp-content\/uploads\/2021\/07\/senasapazziliotto2021-2.jpg","articleSection":["A - PORTADA2","CAMPO"],"inLanguage":"es"},{"@type":"WebPage","@id":"https:\/\/diariotextual.com\/inicio\/index.php\/2021\/07\/19\/ziliotto-le-pidio-al-senasa-por-el-asado-con-hueso-al-sur-del-colorado-y-la-venta-de-la-vaca-china\/","url":"https:\/\/diariotextual.com\/inicio\/index.php\/2021\/07\/19\/ziliotto-le-pidio-al-senasa-por-el-asado-con-hueso-al-sur-del-colorado-y-la-venta-de-la-vaca-china\/","name":"Ziliotto le pidi\u00f3 al Senasa por el asado con hueso al sur del Colorado y la venta de la \"vaca china\" - Diario Textual","isPartOf":{"@id":"https:\/\/diariotextual.com\/inicio\/#website"},"primaryImageOfPage":{"@id":"https:\/\/diariotextual.com\/inicio\/index.php\/2021\/07\/19\/ziliotto-le-pidio-al-senasa-por-el-asado-con-hueso-al-sur-del-colorado-y-la-venta-de-la-vaca-china\/#primaryimage"},"image":{"@id":"https:\/\/diariotextual.com\/inicio\/index.php\/2021\/07\/19\/ziliotto-le-pidio-al-senasa-por-el-asado-con-hueso-al-sur-del-colorado-y-la-venta-de-la-vaca-china\/#primaryimage"},"thumbnailUrl":"https:\/\/diariotextual.com\/inicio\/wp-content\/uploads\/2021\/07\/senasapazziliotto2021-2.jpg","datePublished":"2021-07-19T22:55:25+00:00","dateModified":"2021-07-20T11:45:20+00:00","breadcrumb":{"@id":"https:\/\/diariotextual.com\/inicio\/index.php\/2021\/07\/19\/ziliotto-le-pidio-al-senasa-por-el-asado-con-hueso-al-sur-del-colorado-y-la-venta-de-la-vaca-china\/#breadcrumb"},"inLanguage":"es","potentialAction":[{"@type":"ReadAction","target":["https:\/\/diariotextual.com\/inicio\/index.php\/2021\/07\/19\/ziliotto-le-pidio-al-senasa-por-el-asado-con-hueso-al-sur-del-colorado-y-la-venta-de-la-vaca-china\/"]}]},{"@type":"ImageObject","inLanguage":"es","@id":"https:\/\/diariotextual.com\/inicio\/index.php\/2021\/07\/19\/ziliotto-le-pidio-al-senasa-por-el-asado-con-hueso-al-sur-del-colorado-y-la-venta-de-la-vaca-china\/#primaryimage","url":"https:\/\/diariotextual.com\/inicio\/wp-content\/uploads\/2021\/07\/senasapazziliotto2021-2.jpg","contentUrl":"https:\/\/diariotextual.com\/inicio\/wp-content\/uploads\/2021\/07\/senasapazziliotto2021-2.jpg","width":970,"height":613},{"@type":"BreadcrumbList","@id":"https:\/\/diariotextual.com\/inicio\/index.php\/2021\/07\/19\/ziliotto-le-pidio-al-senasa-por-el-asado-con-hueso-al-sur-del-colorado-y-la-venta-de-la-vaca-china\/#breadcrumb","itemListElement":[{"@type":"ListItem","position":1,"name":"Portada","item":"https:\/\/diariotextual.com\/inicio\/"},{"@type":"ListItem","position":2,"name":"Ziliotto le pidi\u00f3 al Senasa por el asado con hueso al sur del Colorado y la venta de la \u00abvaca china\u00bb"}]},{"@type":"WebSite","@id":"https:\/\/diariotextual.com\/inicio\/#website","url":"https:\/\/diariotextual.com\/inicio\/","name":"Diario Textual","description":"","publisher":{"@id":"https:\/\/diariotextual.com\/inicio\/#organization"},"potentialAction":[{"@type":"SearchAction","target":{"@type":"EntryPoint","urlTemplate":"https:\/\/diariotextual.com\/inicio\/?s={search_term_string}"},"query-input":{"@type":"PropertyValueSpecification","valueRequired":true,"valueName":"search_term_string"}}],"inLanguage":"es"},{"@type":"Organization","@id":"https:\/\/diariotextual.com\/inicio\/#organization","name":"Diario Textual","url":"https:\/\/diariotextual.com\/inicio\/","logo":{"@type":"ImageObject","inLanguage":"es","@id":"https:\/\/diariotextual.com\/inicio\/#\/schema\/logo\/image\/","url":"https:\/\/diariotextual.com\/inicio\/wp-content\/uploads\/2023\/05\/logotextual1.jpg","contentUrl":"https:\/\/diariotextual.com\/inicio\/wp-content\/uploads\/2023\/05\/logotextual1.jpg","width":516,"height":76,"caption":"Diario Textual"},"image":{"@id":"https:\/\/diariotextual.com\/inicio\/#\/schema\/logo\/image\/"},"sameAs":["https:\/\/www.facebook.com\/eltextual","https:\/\/x.com\/eltextual","http:\/\/www.instagram.com\/eltextual"]},{"@type":"Person","@id":"https:\/\/diariotextual.com\/inicio\/#\/schema\/person\/418fc4093c33e86ed41562db3508f958","name":"Diario1 Diario1","image":{"@type":"ImageObject","inLanguage":"es","@id":"https:\/\/secure.gravatar.com\/avatar\/9167d280179c85bc18be67aa7eda765854300033af4896dd779b608640f2ef7a?s=96&d=mm&r=g","url":"https:\/\/secure.gravatar.com\/avatar\/9167d280179c85bc18be67aa7eda765854300033af4896dd779b608640f2ef7a?s=96&d=mm&r=g","contentUrl":"https:\/\/secure.gravatar.com\/avatar\/9167d280179c85bc18be67aa7eda765854300033af4896dd779b608640f2ef7a?s=96&d=mm&r=g","caption":"Diario1 Diario1"},"url":"https:\/\/diariotextual.com\/inicio\/index.php\/author\/diario1\/"}]}},"_links":{"self":[{"href":"https:\/\/diariotextual.com\/inicio\/index.php\/wp-json\/wp\/v2\/posts\/154767","targetHints":{"allow":["GET"]}}],"collection":[{"href":"https:\/\/diariotextual.com\/inicio\/index.php\/wp-json\/wp\/v2\/posts"}],"about":[{"href":"https:\/\/diariotextual.com\/inicio\/index.php\/wp-json\/wp\/v2\/types\/post"}],"author":[{"embeddable":true,"href":"https:\/\/diariotextual.com\/inicio\/index.php\/wp-json\/wp\/v2\/users\/3"}],"replies":[{"embeddable":true,"href":"https:\/\/diariotextual.com\/inicio\/index.php\/wp-json\/wp\/v2\/comments?post=154767"}],"version-history":[{"count":2,"href":"https:\/\/diariotextual.com\/inicio\/index.php\/wp-json\/wp\/v2\/posts\/154767\/revisions"}],"predecessor-version":[{"id":154772,"href":"https:\/\/diariotextual.com\/inicio\/index.php\/wp-json\/wp\/v2\/posts\/154767\/revisions\/154772"}],"wp:featuredmedia":[{"embeddable":true,"href":"https:\/\/diariotextual.com\/inicio\/index.php\/wp-json\/wp\/v2\/media\/154769"}],"wp:attachment":[{"href":"https:\/\/diariotextual.com\/inicio\/index.php\/wp-json\/wp\/v2\/media?parent=154767"}],"wp:term":[{"taxonomy":"category","embeddable":true,"href":"https:\/\/diariotextual.com\/inicio\/index.php\/wp-json\/wp\/v2\/categories?post=154767"},{"taxonomy":"post_tag","embeddable":true,"href":"https:\/\/diariotextual.com\/inicio\/index.php\/wp-json\/wp\/v2\/tags?post=154767"}],"curies":[{"name":"wp","href":"https:\/\/api.w.org\/{rel}","templated":true}]}}