{"id":154815,"date":"2021-07-20T08:11:04","date_gmt":"2021-07-20T11:11:04","guid":{"rendered":"https:\/\/diariotextual.com\/inicio\/?p=154815"},"modified":"2021-07-20T12:43:21","modified_gmt":"2021-07-20T15:43:21","slug":"dia-de-la-pampa-el-mensaje-de-ziliotto-a-70-anos-de-la-provincializacion","status":"publish","type":"post","link":"https:\/\/diariotextual.com\/inicio\/index.php\/2021\/07\/20\/dia-de-la-pampa-el-mensaje-de-ziliotto-a-70-anos-de-la-provincializacion\/","title":{"rendered":"D\u00eda de La Pampa: el mensaje del gobernador a 70 a\u00f1os de la provincializaci\u00f3n"},"content":{"rendered":"\n<p>Este martes 20 de julio se celebra el D\u00eda de La Pampa, en conmemoraci\u00f3n a nuestra provincializaci\u00f3n.<\/p>\n\n\n\n<p>La Pampa alcanz\u00f3 la provincializaci\u00f3n en el gobierno de Juan Domingo Per\u00f3n, en 1951. Inicialmente la provincia se llam\u00f3 Eva Per\u00f3n, pero luego, con el derrocamiento del peronismo, se denomin\u00f3 La Pampa.<\/p>\n\n\n\n<p>\u201cEn 1951, pampeanas y pampeanos comenzamos el trabajo arduo de consolidar nuestra soberan\u00eda provincial. Pasaron 70 a\u00f1os. Cada paso dado nos comprometi\u00f3 a fortalecernos desde el trabajo\u201d, dijo el gobernador Sergio Ziliotto en un video.<\/p>\n\n\n\n<p>\u201cLa pampeanidad es hospitalaria, la pampeanidad es noble y nos compromete solidariamente\u201d, dijo.<\/p>\n\n\n\n<figure class=\"wp-block-embed is-type-rich is-provider-twitter wp-block-embed-twitter\"><div class=\"wp-block-embed__wrapper\">\n<blockquote class=\"twitter-tweet\" data-width=\"550\" data-dnt=\"true\"><p lang=\"es\" dir=\"ltr\">20 de Julio | D\u00eda de La Pampa | 70 a\u00f1os<br><br>La Pampeanidad es hospitalaria, noble, llana, y nos compromete solidariamente. Gracias por compartir tanta responsabilidad en nuestro cuidado.<br><br>Es un gran orgullo pertenecer a esta tierra.<br><br>\u00a1Felicidades pampeanas y pampeanos! <a href=\"https:\/\/t.co\/yDKNBd5yr9\">pic.twitter.com\/yDKNBd5yr9<\/a><\/p>&mdash; Sergio Ziliotto (@ZiliottoSergio) <a href=\"https:\/\/twitter.com\/ZiliottoSergio\/status\/1417437017751932931?ref_src=twsrc%5Etfw\">July 20, 2021<\/a><\/blockquote><script async src=\"https:\/\/platform.twitter.com\/widgets.js\" charset=\"utf-8\"><\/script>\n<\/div><\/figure>\n\n\n\n<p>\u201cHoy celebramos nuestro d\u00eda con el gran orgullo que representa pertenecer a esta tierra\u201d, sostuvo.<\/p>\n\n\n\n<p>La fecha del D\u00eda de La Pampa, en rigor, fue cambiada en 2015. La nueva ley instituy\u00f3 el 20 de julio en referencia a la sanci\u00f3n de la Ley Nacional 14.037, que dio lugar a la autonom\u00eda provincial.<\/p>\n\n\n\n<p>Hasta ese momento, el d\u00eda de nuestra provincia se festejaba el 16 de octubre. La anterior fecha recordaba a la Ley 1.532 del a\u00f1o 1884 que organiz\u00f3 administrativamente los territorios nacionales y que dej\u00f3 a La Pampa sin una importante franja de territorio en los r\u00edos Colorado y Negro.<\/p>\n","protected":false},"excerpt":{"rendered":"<p>Este martes 20 de julio se celebra el D\u00eda de La Pampa, en conmemoraci\u00f3n a nuestra provincializaci\u00f3n. La Pampa alcanz\u00f3 la provincializaci\u00f3n en el gobierno de Juan Domingo Per\u00f3n, en&hellip;<\/p>\n","protected":false},"author":3,"featured_media":154150,"comment_status":"closed","ping_status":"open","sticky":false,"template":"","format":"standard","meta":{"_acf_changed":false,"footnotes":""},"categories":[10,8],"tags":[25,424],"class_list":["post-154815","post","type-post","status-publish","format-standard","has-post-thumbnail","hentry","category-portada-2","category-politica","tag-pampa","tag-ziliotto"],"acf":[],"yoast_head":"<!-- This site is optimized with the Yoast SEO plugin v27.5 - https:\/\/yoast.com\/product\/yoast-seo-wordpress\/ -->\n<title>D\u00eda de La Pampa: el mensaje del gobernador a 70 a\u00f1os de la provincializaci\u00f3n - Diario Textual<\/title>\n<meta name=\"robots\" content=\"index, follow, max-snippet:-1, max-image-preview:large, max-video-preview:-1\" \/>\n<link rel=\"canonical\" href=\"https:\/\/diariotextual.com\/inicio\/index.php\/2021\/07\/20\/dia-de-la-pampa-el-mensaje-de-ziliotto-a-70-anos-de-la-provincializacion\/\" \/>\n<meta property=\"og:locale\" content=\"es_ES\" \/>\n<meta property=\"og:type\" content=\"article\" \/>\n<meta property=\"og:title\" content=\"D\u00eda de La Pampa: el mensaje del gobernador a 70 a\u00f1os de la provincializaci\u00f3n - Diario Textual\" \/>\n<meta property=\"og:description\" content=\"Este martes 20 de julio se celebra el D\u00eda de La Pampa, en conmemoraci\u00f3n a nuestra provincializaci\u00f3n. La Pampa alcanz\u00f3 la provincializaci\u00f3n en el gobierno de Juan Domingo Per\u00f3n, en&hellip;\" \/>\n<meta property=\"og:url\" content=\"https:\/\/diariotextual.com\/inicio\/index.php\/2021\/07\/20\/dia-de-la-pampa-el-mensaje-de-ziliotto-a-70-anos-de-la-provincializacion\/\" \/>\n<meta property=\"og:site_name\" content=\"Diario Textual\" \/>\n<meta property=\"article:publisher\" content=\"https:\/\/www.facebook.com\/eltextual\" \/>\n<meta property=\"article:published_time\" content=\"2021-07-20T11:11:04+00:00\" \/>\n<meta property=\"article:modified_time\" content=\"2021-07-20T15:43:21+00:00\" \/>\n<meta property=\"og:image\" content=\"https:\/\/diariotextual.com\/inicio\/wp-content\/uploads\/2021\/07\/ziliottosergio2021-709.jpg\" \/>\n\t<meta property=\"og:image:width\" content=\"954\" \/>\n\t<meta property=\"og:image:height\" content=\"624\" \/>\n\t<meta property=\"og:image:type\" content=\"image\/jpeg\" \/>\n<meta name=\"author\" content=\"Diario1 Diario1\" \/>\n<meta name=\"twitter:card\" content=\"summary_large_image\" \/>\n<meta name=\"twitter:creator\" content=\"@eltextual\" \/>\n<meta name=\"twitter:site\" content=\"@eltextual\" \/>\n<meta name=\"twitter:label1\" content=\"Escrito por\" \/>\n\t<meta name=\"twitter:data1\" content=\"Diario1 Diario1\" \/>\n\t<meta name=\"twitter:label2\" content=\"Tiempo de lectura\" \/>\n\t<meta name=\"twitter:data2\" content=\"1 minuto\" \/>\n<script type=\"application\/ld+json\" class=\"yoast-schema-graph\">{\"@context\":\"https:\\\/\\\/schema.org\",\"@graph\":[{\"@type\":\"Article\",\"@id\":\"https:\\\/\\\/diariotextual.com\\\/inicio\\\/index.php\\\/2021\\\/07\\\/20\\\/dia-de-la-pampa-el-mensaje-de-ziliotto-a-70-anos-de-la-provincializacion\\\/#article\",\"isPartOf\":{\"@id\":\"https:\\\/\\\/diariotextual.com\\\/inicio\\\/index.php\\\/2021\\\/07\\\/20\\\/dia-de-la-pampa-el-mensaje-de-ziliotto-a-70-anos-de-la-provincializacion\\\/\"},\"author\":{\"name\":\"Diario1 Diario1\",\"@id\":\"https:\\\/\\\/diariotextual.com\\\/inicio\\\/#\\\/schema\\\/person\\\/418fc4093c33e86ed41562db3508f958\"},\"headline\":\"D\u00eda de La Pampa: el mensaje del gobernador a 70 a\u00f1os de la provincializaci\u00f3n\",\"datePublished\":\"2021-07-20T11:11:04+00:00\",\"dateModified\":\"2021-07-20T15:43:21+00:00\",\"mainEntityOfPage\":{\"@id\":\"https:\\\/\\\/diariotextual.com\\\/inicio\\\/index.php\\\/2021\\\/07\\\/20\\\/dia-de-la-pampa-el-mensaje-de-ziliotto-a-70-anos-de-la-provincializacion\\\/\"},\"wordCount\":225,\"publisher\":{\"@id\":\"https:\\\/\\\/diariotextual.com\\\/inicio\\\/#organization\"},\"image\":{\"@id\":\"https:\\\/\\\/diariotextual.com\\\/inicio\\\/index.php\\\/2021\\\/07\\\/20\\\/dia-de-la-pampa-el-mensaje-de-ziliotto-a-70-anos-de-la-provincializacion\\\/#primaryimage\"},\"thumbnailUrl\":\"https:\\\/\\\/diariotextual.com\\\/inicio\\\/wp-content\\\/uploads\\\/2021\\\/07\\\/ziliottosergio2021-709.jpg\",\"keywords\":[\"pampa\",\"ziliotto\"],\"articleSection\":[\"A - PORTADA2\",\"POLITICA\"],\"inLanguage\":\"es\"},{\"@type\":\"WebPage\",\"@id\":\"https:\\\/\\\/diariotextual.com\\\/inicio\\\/index.php\\\/2021\\\/07\\\/20\\\/dia-de-la-pampa-el-mensaje-de-ziliotto-a-70-anos-de-la-provincializacion\\\/\",\"url\":\"https:\\\/\\\/diariotextual.com\\\/inicio\\\/index.php\\\/2021\\\/07\\\/20\\\/dia-de-la-pampa-el-mensaje-de-ziliotto-a-70-anos-de-la-provincializacion\\\/\",\"name\":\"D\u00eda de La Pampa: el mensaje del gobernador a 70 a\u00f1os de la provincializaci\u00f3n - Diario Textual\",\"isPartOf\":{\"@id\":\"https:\\\/\\\/diariotextual.com\\\/inicio\\\/#website\"},\"primaryImageOfPage\":{\"@id\":\"https:\\\/\\\/diariotextual.com\\\/inicio\\\/index.php\\\/2021\\\/07\\\/20\\\/dia-de-la-pampa-el-mensaje-de-ziliotto-a-70-anos-de-la-provincializacion\\\/#primaryimage\"},\"image\":{\"@id\":\"https:\\\/\\\/diariotextual.com\\\/inicio\\\/index.php\\\/2021\\\/07\\\/20\\\/dia-de-la-pampa-el-mensaje-de-ziliotto-a-70-anos-de-la-provincializacion\\\/#primaryimage\"},\"thumbnailUrl\":\"https:\\\/\\\/diariotextual.com\\\/inicio\\\/wp-content\\\/uploads\\\/2021\\\/07\\\/ziliottosergio2021-709.jpg\",\"datePublished\":\"2021-07-20T11:11:04+00:00\",\"dateModified\":\"2021-07-20T15:43:21+00:00\",\"breadcrumb\":{\"@id\":\"https:\\\/\\\/diariotextual.com\\\/inicio\\\/index.php\\\/2021\\\/07\\\/20\\\/dia-de-la-pampa-el-mensaje-de-ziliotto-a-70-anos-de-la-provincializacion\\\/#breadcrumb\"},\"inLanguage\":\"es\",\"potentialAction\":[{\"@type\":\"ReadAction\",\"target\":[\"https:\\\/\\\/diariotextual.com\\\/inicio\\\/index.php\\\/2021\\\/07\\\/20\\\/dia-de-la-pampa-el-mensaje-de-ziliotto-a-70-anos-de-la-provincializacion\\\/\"]}]},{\"@type\":\"ImageObject\",\"inLanguage\":\"es\",\"@id\":\"https:\\\/\\\/diariotextual.com\\\/inicio\\\/index.php\\\/2021\\\/07\\\/20\\\/dia-de-la-pampa-el-mensaje-de-ziliotto-a-70-anos-de-la-provincializacion\\\/#primaryimage\",\"url\":\"https:\\\/\\\/diariotextual.com\\\/inicio\\\/wp-content\\\/uploads\\\/2021\\\/07\\\/ziliottosergio2021-709.jpg\",\"contentUrl\":\"https:\\\/\\\/diariotextual.com\\\/inicio\\\/wp-content\\\/uploads\\\/2021\\\/07\\\/ziliottosergio2021-709.jpg\",\"width\":954,\"height\":624},{\"@type\":\"BreadcrumbList\",\"@id\":\"https:\\\/\\\/diariotextual.com\\\/inicio\\\/index.php\\\/2021\\\/07\\\/20\\\/dia-de-la-pampa-el-mensaje-de-ziliotto-a-70-anos-de-la-provincializacion\\\/#breadcrumb\",\"itemListElement\":[{\"@type\":\"ListItem\",\"position\":1,\"name\":\"Portada\",\"item\":\"https:\\\/\\\/diariotextual.com\\\/inicio\\\/\"},{\"@type\":\"ListItem\",\"position\":2,\"name\":\"D\u00eda de La Pampa: el mensaje del gobernador a 70 a\u00f1os de la provincializaci\u00f3n\"}]},{\"@type\":\"WebSite\",\"@id\":\"https:\\\/\\\/diariotextual.com\\\/inicio\\\/#website\",\"url\":\"https:\\\/\\\/diariotextual.com\\\/inicio\\\/\",\"name\":\"Diario Textual\",\"description\":\"\",\"publisher\":{\"@id\":\"https:\\\/\\\/diariotextual.com\\\/inicio\\\/#organization\"},\"potentialAction\":[{\"@type\":\"SearchAction\",\"target\":{\"@type\":\"EntryPoint\",\"urlTemplate\":\"https:\\\/\\\/diariotextual.com\\\/inicio\\\/?s={search_term_string}\"},\"query-input\":{\"@type\":\"PropertyValueSpecification\",\"valueRequired\":true,\"valueName\":\"search_term_string\"}}],\"inLanguage\":\"es\"},{\"@type\":\"Organization\",\"@id\":\"https:\\\/\\\/diariotextual.com\\\/inicio\\\/#organization\",\"name\":\"Diario Textual\",\"url\":\"https:\\\/\\\/diariotextual.com\\\/inicio\\\/\",\"logo\":{\"@type\":\"ImageObject\",\"inLanguage\":\"es\",\"@id\":\"https:\\\/\\\/diariotextual.com\\\/inicio\\\/#\\\/schema\\\/logo\\\/image\\\/\",\"url\":\"https:\\\/\\\/diariotextual.com\\\/inicio\\\/wp-content\\\/uploads\\\/2023\\\/05\\\/logotextual1.jpg\",\"contentUrl\":\"https:\\\/\\\/diariotextual.com\\\/inicio\\\/wp-content\\\/uploads\\\/2023\\\/05\\\/logotextual1.jpg\",\"width\":516,\"height\":76,\"caption\":\"Diario Textual\"},\"image\":{\"@id\":\"https:\\\/\\\/diariotextual.com\\\/inicio\\\/#\\\/schema\\\/logo\\\/image\\\/\"},\"sameAs\":[\"https:\\\/\\\/www.facebook.com\\\/eltextual\",\"https:\\\/\\\/x.com\\\/eltextual\",\"http:\\\/\\\/www.instagram.com\\\/eltextual\"]},{\"@type\":\"Person\",\"@id\":\"https:\\\/\\\/diariotextual.com\\\/inicio\\\/#\\\/schema\\\/person\\\/418fc4093c33e86ed41562db3508f958\",\"name\":\"Diario1 Diario1\",\"image\":{\"@type\":\"ImageObject\",\"inLanguage\":\"es\",\"@id\":\"https:\\\/\\\/secure.gravatar.com\\\/avatar\\\/9167d280179c85bc18be67aa7eda765854300033af4896dd779b608640f2ef7a?s=96&d=mm&r=g\",\"url\":\"https:\\\/\\\/secure.gravatar.com\\\/avatar\\\/9167d280179c85bc18be67aa7eda765854300033af4896dd779b608640f2ef7a?s=96&d=mm&r=g\",\"contentUrl\":\"https:\\\/\\\/secure.gravatar.com\\\/avatar\\\/9167d280179c85bc18be67aa7eda765854300033af4896dd779b608640f2ef7a?s=96&d=mm&r=g\",\"caption\":\"Diario1 Diario1\"},\"url\":\"https:\\\/\\\/diariotextual.com\\\/inicio\\\/index.php\\\/author\\\/diario1\\\/\"}]}<\/script>\n<!-- \/ Yoast SEO plugin. -->","yoast_head_json":{"title":"D\u00eda de La Pampa: el mensaje del gobernador a 70 a\u00f1os de la provincializaci\u00f3n - Diario Textual","robots":{"index":"index","follow":"follow","max-snippet":"max-snippet:-1","max-image-preview":"max-image-preview:large","max-video-preview":"max-video-preview:-1"},"canonical":"https:\/\/diariotextual.com\/inicio\/index.php\/2021\/07\/20\/dia-de-la-pampa-el-mensaje-de-ziliotto-a-70-anos-de-la-provincializacion\/","og_locale":"es_ES","og_type":"article","og_title":"D\u00eda de La Pampa: el mensaje del gobernador a 70 a\u00f1os de la provincializaci\u00f3n - Diario Textual","og_description":"Este martes 20 de julio se celebra el D\u00eda de La Pampa, en conmemoraci\u00f3n a nuestra provincializaci\u00f3n. La Pampa alcanz\u00f3 la provincializaci\u00f3n en el gobierno de Juan Domingo Per\u00f3n, en&hellip;","og_url":"https:\/\/diariotextual.com\/inicio\/index.php\/2021\/07\/20\/dia-de-la-pampa-el-mensaje-de-ziliotto-a-70-anos-de-la-provincializacion\/","og_site_name":"Diario Textual","article_publisher":"https:\/\/www.facebook.com\/eltextual","article_published_time":"2021-07-20T11:11:04+00:00","article_modified_time":"2021-07-20T15:43:21+00:00","og_image":[{"width":954,"height":624,"url":"https:\/\/diariotextual.com\/inicio\/wp-content\/uploads\/2021\/07\/ziliottosergio2021-709.jpg","type":"image\/jpeg"}],"author":"Diario1 Diario1","twitter_card":"summary_large_image","twitter_creator":"@eltextual","twitter_site":"@eltextual","twitter_misc":{"Escrito por":"Diario1 Diario1","Tiempo de lectura":"1 minuto"},"schema":{"@context":"https:\/\/schema.org","@graph":[{"@type":"Article","@id":"https:\/\/diariotextual.com\/inicio\/index.php\/2021\/07\/20\/dia-de-la-pampa-el-mensaje-de-ziliotto-a-70-anos-de-la-provincializacion\/#article","isPartOf":{"@id":"https:\/\/diariotextual.com\/inicio\/index.php\/2021\/07\/20\/dia-de-la-pampa-el-mensaje-de-ziliotto-a-70-anos-de-la-provincializacion\/"},"author":{"name":"Diario1 Diario1","@id":"https:\/\/diariotextual.com\/inicio\/#\/schema\/person\/418fc4093c33e86ed41562db3508f958"},"headline":"D\u00eda de La Pampa: el mensaje del gobernador a 70 a\u00f1os de la provincializaci\u00f3n","datePublished":"2021-07-20T11:11:04+00:00","dateModified":"2021-07-20T15:43:21+00:00","mainEntityOfPage":{"@id":"https:\/\/diariotextual.com\/inicio\/index.php\/2021\/07\/20\/dia-de-la-pampa-el-mensaje-de-ziliotto-a-70-anos-de-la-provincializacion\/"},"wordCount":225,"publisher":{"@id":"https:\/\/diariotextual.com\/inicio\/#organization"},"image":{"@id":"https:\/\/diariotextual.com\/inicio\/index.php\/2021\/07\/20\/dia-de-la-pampa-el-mensaje-de-ziliotto-a-70-anos-de-la-provincializacion\/#primaryimage"},"thumbnailUrl":"https:\/\/diariotextual.com\/inicio\/wp-content\/uploads\/2021\/07\/ziliottosergio2021-709.jpg","keywords":["pampa","ziliotto"],"articleSection":["A - PORTADA2","POLITICA"],"inLanguage":"es"},{"@type":"WebPage","@id":"https:\/\/diariotextual.com\/inicio\/index.php\/2021\/07\/20\/dia-de-la-pampa-el-mensaje-de-ziliotto-a-70-anos-de-la-provincializacion\/","url":"https:\/\/diariotextual.com\/inicio\/index.php\/2021\/07\/20\/dia-de-la-pampa-el-mensaje-de-ziliotto-a-70-anos-de-la-provincializacion\/","name":"D\u00eda de La Pampa: el mensaje del gobernador a 70 a\u00f1os de la provincializaci\u00f3n - Diario Textual","isPartOf":{"@id":"https:\/\/diariotextual.com\/inicio\/#website"},"primaryImageOfPage":{"@id":"https:\/\/diariotextual.com\/inicio\/index.php\/2021\/07\/20\/dia-de-la-pampa-el-mensaje-de-ziliotto-a-70-anos-de-la-provincializacion\/#primaryimage"},"image":{"@id":"https:\/\/diariotextual.com\/inicio\/index.php\/2021\/07\/20\/dia-de-la-pampa-el-mensaje-de-ziliotto-a-70-anos-de-la-provincializacion\/#primaryimage"},"thumbnailUrl":"https:\/\/diariotextual.com\/inicio\/wp-content\/uploads\/2021\/07\/ziliottosergio2021-709.jpg","datePublished":"2021-07-20T11:11:04+00:00","dateModified":"2021-07-20T15:43:21+00:00","breadcrumb":{"@id":"https:\/\/diariotextual.com\/inicio\/index.php\/2021\/07\/20\/dia-de-la-pampa-el-mensaje-de-ziliotto-a-70-anos-de-la-provincializacion\/#breadcrumb"},"inLanguage":"es","potentialAction":[{"@type":"ReadAction","target":["https:\/\/diariotextual.com\/inicio\/index.php\/2021\/07\/20\/dia-de-la-pampa-el-mensaje-de-ziliotto-a-70-anos-de-la-provincializacion\/"]}]},{"@type":"ImageObject","inLanguage":"es","@id":"https:\/\/diariotextual.com\/inicio\/index.php\/2021\/07\/20\/dia-de-la-pampa-el-mensaje-de-ziliotto-a-70-anos-de-la-provincializacion\/#primaryimage","url":"https:\/\/diariotextual.com\/inicio\/wp-content\/uploads\/2021\/07\/ziliottosergio2021-709.jpg","contentUrl":"https:\/\/diariotextual.com\/inicio\/wp-content\/uploads\/2021\/07\/ziliottosergio2021-709.jpg","width":954,"height":624},{"@type":"BreadcrumbList","@id":"https:\/\/diariotextual.com\/inicio\/index.php\/2021\/07\/20\/dia-de-la-pampa-el-mensaje-de-ziliotto-a-70-anos-de-la-provincializacion\/#breadcrumb","itemListElement":[{"@type":"ListItem","position":1,"name":"Portada","item":"https:\/\/diariotextual.com\/inicio\/"},{"@type":"ListItem","position":2,"name":"D\u00eda de La Pampa: el mensaje del gobernador a 70 a\u00f1os de la provincializaci\u00f3n"}]},{"@type":"WebSite","@id":"https:\/\/diariotextual.com\/inicio\/#website","url":"https:\/\/diariotextual.com\/inicio\/","name":"Diario Textual","description":"","publisher":{"@id":"https:\/\/diariotextual.com\/inicio\/#organization"},"potentialAction":[{"@type":"SearchAction","target":{"@type":"EntryPoint","urlTemplate":"https:\/\/diariotextual.com\/inicio\/?s={search_term_string}"},"query-input":{"@type":"PropertyValueSpecification","valueRequired":true,"valueName":"search_term_string"}}],"inLanguage":"es"},{"@type":"Organization","@id":"https:\/\/diariotextual.com\/inicio\/#organization","name":"Diario Textual","url":"https:\/\/diariotextual.com\/inicio\/","logo":{"@type":"ImageObject","inLanguage":"es","@id":"https:\/\/diariotextual.com\/inicio\/#\/schema\/logo\/image\/","url":"https:\/\/diariotextual.com\/inicio\/wp-content\/uploads\/2023\/05\/logotextual1.jpg","contentUrl":"https:\/\/diariotextual.com\/inicio\/wp-content\/uploads\/2023\/05\/logotextual1.jpg","width":516,"height":76,"caption":"Diario Textual"},"image":{"@id":"https:\/\/diariotextual.com\/inicio\/#\/schema\/logo\/image\/"},"sameAs":["https:\/\/www.facebook.com\/eltextual","https:\/\/x.com\/eltextual","http:\/\/www.instagram.com\/eltextual"]},{"@type":"Person","@id":"https:\/\/diariotextual.com\/inicio\/#\/schema\/person\/418fc4093c33e86ed41562db3508f958","name":"Diario1 Diario1","image":{"@type":"ImageObject","inLanguage":"es","@id":"https:\/\/secure.gravatar.com\/avatar\/9167d280179c85bc18be67aa7eda765854300033af4896dd779b608640f2ef7a?s=96&d=mm&r=g","url":"https:\/\/secure.gravatar.com\/avatar\/9167d280179c85bc18be67aa7eda765854300033af4896dd779b608640f2ef7a?s=96&d=mm&r=g","contentUrl":"https:\/\/secure.gravatar.com\/avatar\/9167d280179c85bc18be67aa7eda765854300033af4896dd779b608640f2ef7a?s=96&d=mm&r=g","caption":"Diario1 Diario1"},"url":"https:\/\/diariotextual.com\/inicio\/index.php\/author\/diario1\/"}]}},"_links":{"self":[{"href":"https:\/\/diariotextual.com\/inicio\/index.php\/wp-json\/wp\/v2\/posts\/154815","targetHints":{"allow":["GET"]}}],"collection":[{"href":"https:\/\/diariotextual.com\/inicio\/index.php\/wp-json\/wp\/v2\/posts"}],"about":[{"href":"https:\/\/diariotextual.com\/inicio\/index.php\/wp-json\/wp\/v2\/types\/post"}],"author":[{"embeddable":true,"href":"https:\/\/diariotextual.com\/inicio\/index.php\/wp-json\/wp\/v2\/users\/3"}],"replies":[{"embeddable":true,"href":"https:\/\/diariotextual.com\/inicio\/index.php\/wp-json\/wp\/v2\/comments?post=154815"}],"version-history":[{"count":4,"href":"https:\/\/diariotextual.com\/inicio\/index.php\/wp-json\/wp\/v2\/posts\/154815\/revisions"}],"predecessor-version":[{"id":154866,"href":"https:\/\/diariotextual.com\/inicio\/index.php\/wp-json\/wp\/v2\/posts\/154815\/revisions\/154866"}],"wp:featuredmedia":[{"embeddable":true,"href":"https:\/\/diariotextual.com\/inicio\/index.php\/wp-json\/wp\/v2\/media\/154150"}],"wp:attachment":[{"href":"https:\/\/diariotextual.com\/inicio\/index.php\/wp-json\/wp\/v2\/media?parent=154815"}],"wp:term":[{"taxonomy":"category","embeddable":true,"href":"https:\/\/diariotextual.com\/inicio\/index.php\/wp-json\/wp\/v2\/categories?post=154815"},{"taxonomy":"post_tag","embeddable":true,"href":"https:\/\/diariotextual.com\/inicio\/index.php\/wp-json\/wp\/v2\/tags?post=154815"}],"curies":[{"name":"wp","href":"https:\/\/api.w.org\/{rel}","templated":true}]}}