{"id":154852,"date":"2021-07-20T11:05:25","date_gmt":"2021-07-20T14:05:25","guid":{"rendered":"https:\/\/diariotextual.com\/inicio\/?p=154852"},"modified":"2021-07-20T15:15:50","modified_gmt":"2021-07-20T18:15:50","slug":"la-salud-publica-no-fue-prioridad-en-el-gobierno-de-macri","status":"publish","type":"post","link":"https:\/\/diariotextual.com\/inicio\/index.php\/2021\/07\/20\/la-salud-publica-no-fue-prioridad-en-el-gobierno-de-macri\/","title":{"rendered":"\u201cLa salud p\u00fablica no fue prioridad en el Gobierno de Macri\u201d, reconoci\u00f3 su exministro"},"content":{"rendered":"\n<p>El exsecretario de Salud, Adolfo Rubinstein, reconoci\u00f3 que durante el gobierno de Mauricio Macri \u201cla salud p\u00fablica dej\u00f3 de ser una prioridad\u201d. <\/p>\n\n\n\n<p>\u201cTengo que confesar que la salud p\u00fablica dej\u00f3 de ser una prioridad y las prioridades se pusieron en tratar de mantener la macroeconom\u00eda, todo lo que era el contexto financiero, por supuesto la econom\u00eda y la producci\u00f3n. La salud p\u00fablica no fue una prioridad del gobierno anterior\u201d,&nbsp;sostuvo Rubinstein en di\u00e1logo con&nbsp;radio Delta.<\/p>\n\n\n\n<p>\u201cHubo dos per\u00edodos.&nbsp;Asum\u00ed como ministro a finales de 2017 y a mediados de 2018 el pa\u00eds comenz\u00f3 a desbarrancarse con la crisis financiera. Hubo cambio de prioridades.&nbsp;Como simb\u00f3lico fue cuando se tom\u00f3 la decisi\u00f3n de reformular los ministerios a secretar\u00edas, con lo que yo estuve muy en contra\u201d, dijo.<\/p>\n\n\n\n<p>El exfuncionario macrista asegur\u00f3 que a ra\u00edz de la pandemia \u201cjam\u00e1s en la historia de la humanidad se ha visto a la salud p\u00fablica como un problema tan importante\u201d porque \u201cha escalado en la agenda p\u00fablica de manera fenomenal\u201d.<\/p>\n\n\n\n<p>\u201cA nadie se le ocurrir\u00eda ni en el peor de los delirios degradar el Ministerio de Salud\u201d, remarc\u00f3.<\/p>\n\n\n\n<p>Rubinstein present\u00f3 su renuncia a la Secretar\u00eda de Salud a fines de noviembre de 2019 pocos d\u00edas antes de que Mauricio Macri dejara el poder. <\/p>\n\n\n\n<p>Ahora est\u00e1 trabajando con una corriente del radicalismo para presentarse en la interna de Juntos por el Cambio en la ciudad de Buenos Aires para las elecciones legislativas llamada Adelante Ciudad, impulsada por, entre otros, Luis Brandoni.<\/p>\n","protected":false},"excerpt":{"rendered":"<p>El exsecretario de Salud, Adolfo Rubinstein, reconoci\u00f3 que durante el gobierno de Mauricio Macri \u201cla salud p\u00fablica dej\u00f3 de ser una prioridad\u201d. \u201cTengo que confesar que la salud p\u00fablica dej\u00f3&hellip;<\/p>\n","protected":false},"author":7,"featured_media":14801,"comment_status":"closed","ping_status":"open","sticky":false,"template":"","format":"standard","meta":{"_acf_changed":false,"footnotes":""},"categories":[10,8],"tags":[120,1968],"class_list":["post-154852","post","type-post","status-publish","format-standard","has-post-thumbnail","hentry","category-portada-2","category-politica","tag-macri","tag-salud-publica"],"acf":[],"yoast_head":"<!-- This site is optimized with the Yoast SEO plugin v27.5 - https:\/\/yoast.com\/product\/yoast-seo-wordpress\/ -->\n<title>\u201cLa salud p\u00fablica no fue prioridad en el Gobierno de Macri\u201d, reconoci\u00f3 su exministro - Diario Textual<\/title>\n<meta name=\"robots\" content=\"index, follow, max-snippet:-1, max-image-preview:large, max-video-preview:-1\" \/>\n<link rel=\"canonical\" href=\"https:\/\/diariotextual.com\/inicio\/index.php\/2021\/07\/20\/la-salud-publica-no-fue-prioridad-en-el-gobierno-de-macri\/\" \/>\n<meta property=\"og:locale\" content=\"es_ES\" \/>\n<meta property=\"og:type\" content=\"article\" \/>\n<meta property=\"og:title\" content=\"\u201cLa salud p\u00fablica no fue prioridad en el Gobierno de Macri\u201d, reconoci\u00f3 su exministro - Diario Textual\" \/>\n<meta property=\"og:description\" content=\"El exsecretario de Salud, Adolfo Rubinstein, reconoci\u00f3 que durante el gobierno de Mauricio Macri \u201cla salud p\u00fablica dej\u00f3 de ser una prioridad\u201d. \u201cTengo que confesar que la salud p\u00fablica dej\u00f3&hellip;\" \/>\n<meta property=\"og:url\" content=\"https:\/\/diariotextual.com\/inicio\/index.php\/2021\/07\/20\/la-salud-publica-no-fue-prioridad-en-el-gobierno-de-macri\/\" \/>\n<meta property=\"og:site_name\" content=\"Diario Textual\" \/>\n<meta property=\"article:publisher\" content=\"https:\/\/www.facebook.com\/eltextual\" \/>\n<meta property=\"article:published_time\" content=\"2021-07-20T14:05:25+00:00\" \/>\n<meta property=\"article:modified_time\" content=\"2021-07-20T18:15:50+00:00\" \/>\n<meta property=\"og:image\" content=\"https:\/\/diariotextual.com\/inicio\/wp-content\/uploads\/2018\/07\/rubinsteinadolfo1.jpg\" \/>\n\t<meta property=\"og:image:width\" content=\"1170\" \/>\n\t<meta property=\"og:image:height\" content=\"801\" \/>\n\t<meta property=\"og:image:type\" content=\"image\/jpeg\" \/>\n<meta name=\"author\" content=\"diario5\" \/>\n<meta name=\"twitter:card\" content=\"summary_large_image\" \/>\n<meta name=\"twitter:creator\" content=\"@eltextual\" \/>\n<meta name=\"twitter:site\" content=\"@eltextual\" \/>\n<meta name=\"twitter:label1\" content=\"Escrito por\" \/>\n\t<meta name=\"twitter:data1\" content=\"diario5\" \/>\n\t<meta name=\"twitter:label2\" content=\"Tiempo de lectura\" \/>\n\t<meta name=\"twitter:data2\" content=\"2 minutos\" \/>\n<script type=\"application\/ld+json\" class=\"yoast-schema-graph\">{\"@context\":\"https:\\\/\\\/schema.org\",\"@graph\":[{\"@type\":\"Article\",\"@id\":\"https:\\\/\\\/diariotextual.com\\\/inicio\\\/index.php\\\/2021\\\/07\\\/20\\\/la-salud-publica-no-fue-prioridad-en-el-gobierno-de-macri\\\/#article\",\"isPartOf\":{\"@id\":\"https:\\\/\\\/diariotextual.com\\\/inicio\\\/index.php\\\/2021\\\/07\\\/20\\\/la-salud-publica-no-fue-prioridad-en-el-gobierno-de-macri\\\/\"},\"author\":{\"name\":\"diario5\",\"@id\":\"https:\\\/\\\/diariotextual.com\\\/inicio\\\/#\\\/schema\\\/person\\\/c7834961ad8b29b1d9cdbf4571299067\"},\"headline\":\"\u201cLa salud p\u00fablica no fue prioridad en el Gobierno de Macri\u201d, reconoci\u00f3 su exministro\",\"datePublished\":\"2021-07-20T14:05:25+00:00\",\"dateModified\":\"2021-07-20T18:15:50+00:00\",\"mainEntityOfPage\":{\"@id\":\"https:\\\/\\\/diariotextual.com\\\/inicio\\\/index.php\\\/2021\\\/07\\\/20\\\/la-salud-publica-no-fue-prioridad-en-el-gobierno-de-macri\\\/\"},\"wordCount\":281,\"publisher\":{\"@id\":\"https:\\\/\\\/diariotextual.com\\\/inicio\\\/#organization\"},\"image\":{\"@id\":\"https:\\\/\\\/diariotextual.com\\\/inicio\\\/index.php\\\/2021\\\/07\\\/20\\\/la-salud-publica-no-fue-prioridad-en-el-gobierno-de-macri\\\/#primaryimage\"},\"thumbnailUrl\":\"https:\\\/\\\/diariotextual.com\\\/inicio\\\/wp-content\\\/uploads\\\/2018\\\/07\\\/rubinsteinadolfo1.jpg\",\"keywords\":[\"macri\",\"Salud P\u00fablica\"],\"articleSection\":[\"A - PORTADA2\",\"POLITICA\"],\"inLanguage\":\"es\"},{\"@type\":\"WebPage\",\"@id\":\"https:\\\/\\\/diariotextual.com\\\/inicio\\\/index.php\\\/2021\\\/07\\\/20\\\/la-salud-publica-no-fue-prioridad-en-el-gobierno-de-macri\\\/\",\"url\":\"https:\\\/\\\/diariotextual.com\\\/inicio\\\/index.php\\\/2021\\\/07\\\/20\\\/la-salud-publica-no-fue-prioridad-en-el-gobierno-de-macri\\\/\",\"name\":\"\u201cLa salud p\u00fablica no fue prioridad en el Gobierno de Macri\u201d, reconoci\u00f3 su exministro - Diario Textual\",\"isPartOf\":{\"@id\":\"https:\\\/\\\/diariotextual.com\\\/inicio\\\/#website\"},\"primaryImageOfPage\":{\"@id\":\"https:\\\/\\\/diariotextual.com\\\/inicio\\\/index.php\\\/2021\\\/07\\\/20\\\/la-salud-publica-no-fue-prioridad-en-el-gobierno-de-macri\\\/#primaryimage\"},\"image\":{\"@id\":\"https:\\\/\\\/diariotextual.com\\\/inicio\\\/index.php\\\/2021\\\/07\\\/20\\\/la-salud-publica-no-fue-prioridad-en-el-gobierno-de-macri\\\/#primaryimage\"},\"thumbnailUrl\":\"https:\\\/\\\/diariotextual.com\\\/inicio\\\/wp-content\\\/uploads\\\/2018\\\/07\\\/rubinsteinadolfo1.jpg\",\"datePublished\":\"2021-07-20T14:05:25+00:00\",\"dateModified\":\"2021-07-20T18:15:50+00:00\",\"breadcrumb\":{\"@id\":\"https:\\\/\\\/diariotextual.com\\\/inicio\\\/index.php\\\/2021\\\/07\\\/20\\\/la-salud-publica-no-fue-prioridad-en-el-gobierno-de-macri\\\/#breadcrumb\"},\"inLanguage\":\"es\",\"potentialAction\":[{\"@type\":\"ReadAction\",\"target\":[\"https:\\\/\\\/diariotextual.com\\\/inicio\\\/index.php\\\/2021\\\/07\\\/20\\\/la-salud-publica-no-fue-prioridad-en-el-gobierno-de-macri\\\/\"]}]},{\"@type\":\"ImageObject\",\"inLanguage\":\"es\",\"@id\":\"https:\\\/\\\/diariotextual.com\\\/inicio\\\/index.php\\\/2021\\\/07\\\/20\\\/la-salud-publica-no-fue-prioridad-en-el-gobierno-de-macri\\\/#primaryimage\",\"url\":\"https:\\\/\\\/diariotextual.com\\\/inicio\\\/wp-content\\\/uploads\\\/2018\\\/07\\\/rubinsteinadolfo1.jpg\",\"contentUrl\":\"https:\\\/\\\/diariotextual.com\\\/inicio\\\/wp-content\\\/uploads\\\/2018\\\/07\\\/rubinsteinadolfo1.jpg\",\"width\":1170,\"height\":801},{\"@type\":\"BreadcrumbList\",\"@id\":\"https:\\\/\\\/diariotextual.com\\\/inicio\\\/index.php\\\/2021\\\/07\\\/20\\\/la-salud-publica-no-fue-prioridad-en-el-gobierno-de-macri\\\/#breadcrumb\",\"itemListElement\":[{\"@type\":\"ListItem\",\"position\":1,\"name\":\"Portada\",\"item\":\"https:\\\/\\\/diariotextual.com\\\/inicio\\\/\"},{\"@type\":\"ListItem\",\"position\":2,\"name\":\"\u201cLa salud p\u00fablica no fue prioridad en el Gobierno de Macri\u201d, reconoci\u00f3 su exministro\"}]},{\"@type\":\"WebSite\",\"@id\":\"https:\\\/\\\/diariotextual.com\\\/inicio\\\/#website\",\"url\":\"https:\\\/\\\/diariotextual.com\\\/inicio\\\/\",\"name\":\"Diario Textual\",\"description\":\"\",\"publisher\":{\"@id\":\"https:\\\/\\\/diariotextual.com\\\/inicio\\\/#organization\"},\"potentialAction\":[{\"@type\":\"SearchAction\",\"target\":{\"@type\":\"EntryPoint\",\"urlTemplate\":\"https:\\\/\\\/diariotextual.com\\\/inicio\\\/?s={search_term_string}\"},\"query-input\":{\"@type\":\"PropertyValueSpecification\",\"valueRequired\":true,\"valueName\":\"search_term_string\"}}],\"inLanguage\":\"es\"},{\"@type\":\"Organization\",\"@id\":\"https:\\\/\\\/diariotextual.com\\\/inicio\\\/#organization\",\"name\":\"Diario Textual\",\"url\":\"https:\\\/\\\/diariotextual.com\\\/inicio\\\/\",\"logo\":{\"@type\":\"ImageObject\",\"inLanguage\":\"es\",\"@id\":\"https:\\\/\\\/diariotextual.com\\\/inicio\\\/#\\\/schema\\\/logo\\\/image\\\/\",\"url\":\"https:\\\/\\\/diariotextual.com\\\/inicio\\\/wp-content\\\/uploads\\\/2023\\\/05\\\/logotextual1.jpg\",\"contentUrl\":\"https:\\\/\\\/diariotextual.com\\\/inicio\\\/wp-content\\\/uploads\\\/2023\\\/05\\\/logotextual1.jpg\",\"width\":516,\"height\":76,\"caption\":\"Diario Textual\"},\"image\":{\"@id\":\"https:\\\/\\\/diariotextual.com\\\/inicio\\\/#\\\/schema\\\/logo\\\/image\\\/\"},\"sameAs\":[\"https:\\\/\\\/www.facebook.com\\\/eltextual\",\"https:\\\/\\\/x.com\\\/eltextual\",\"http:\\\/\\\/www.instagram.com\\\/eltextual\"]},{\"@type\":\"Person\",\"@id\":\"https:\\\/\\\/diariotextual.com\\\/inicio\\\/#\\\/schema\\\/person\\\/c7834961ad8b29b1d9cdbf4571299067\",\"name\":\"diario5\",\"image\":{\"@type\":\"ImageObject\",\"inLanguage\":\"es\",\"@id\":\"https:\\\/\\\/secure.gravatar.com\\\/avatar\\\/948c893b847ca6df68216ead81b63f363408ec9b0f600fefc0641ce78613b111?s=96&d=mm&r=g\",\"url\":\"https:\\\/\\\/secure.gravatar.com\\\/avatar\\\/948c893b847ca6df68216ead81b63f363408ec9b0f600fefc0641ce78613b111?s=96&d=mm&r=g\",\"contentUrl\":\"https:\\\/\\\/secure.gravatar.com\\\/avatar\\\/948c893b847ca6df68216ead81b63f363408ec9b0f600fefc0641ce78613b111?s=96&d=mm&r=g\",\"caption\":\"diario5\"},\"url\":\"https:\\\/\\\/diariotextual.com\\\/inicio\\\/index.php\\\/author\\\/diario5\\\/\"}]}<\/script>\n<!-- \/ Yoast SEO plugin. -->","yoast_head_json":{"title":"\u201cLa salud p\u00fablica no fue prioridad en el Gobierno de Macri\u201d, reconoci\u00f3 su exministro - Diario Textual","robots":{"index":"index","follow":"follow","max-snippet":"max-snippet:-1","max-image-preview":"max-image-preview:large","max-video-preview":"max-video-preview:-1"},"canonical":"https:\/\/diariotextual.com\/inicio\/index.php\/2021\/07\/20\/la-salud-publica-no-fue-prioridad-en-el-gobierno-de-macri\/","og_locale":"es_ES","og_type":"article","og_title":"\u201cLa salud p\u00fablica no fue prioridad en el Gobierno de Macri\u201d, reconoci\u00f3 su exministro - Diario Textual","og_description":"El exsecretario de Salud, Adolfo Rubinstein, reconoci\u00f3 que durante el gobierno de Mauricio Macri \u201cla salud p\u00fablica dej\u00f3 de ser una prioridad\u201d. \u201cTengo que confesar que la salud p\u00fablica dej\u00f3&hellip;","og_url":"https:\/\/diariotextual.com\/inicio\/index.php\/2021\/07\/20\/la-salud-publica-no-fue-prioridad-en-el-gobierno-de-macri\/","og_site_name":"Diario Textual","article_publisher":"https:\/\/www.facebook.com\/eltextual","article_published_time":"2021-07-20T14:05:25+00:00","article_modified_time":"2021-07-20T18:15:50+00:00","og_image":[{"width":1170,"height":801,"url":"https:\/\/diariotextual.com\/inicio\/wp-content\/uploads\/2018\/07\/rubinsteinadolfo1.jpg","type":"image\/jpeg"}],"author":"diario5","twitter_card":"summary_large_image","twitter_creator":"@eltextual","twitter_site":"@eltextual","twitter_misc":{"Escrito por":"diario5","Tiempo de lectura":"2 minutos"},"schema":{"@context":"https:\/\/schema.org","@graph":[{"@type":"Article","@id":"https:\/\/diariotextual.com\/inicio\/index.php\/2021\/07\/20\/la-salud-publica-no-fue-prioridad-en-el-gobierno-de-macri\/#article","isPartOf":{"@id":"https:\/\/diariotextual.com\/inicio\/index.php\/2021\/07\/20\/la-salud-publica-no-fue-prioridad-en-el-gobierno-de-macri\/"},"author":{"name":"diario5","@id":"https:\/\/diariotextual.com\/inicio\/#\/schema\/person\/c7834961ad8b29b1d9cdbf4571299067"},"headline":"\u201cLa salud p\u00fablica no fue prioridad en el Gobierno de Macri\u201d, reconoci\u00f3 su exministro","datePublished":"2021-07-20T14:05:25+00:00","dateModified":"2021-07-20T18:15:50+00:00","mainEntityOfPage":{"@id":"https:\/\/diariotextual.com\/inicio\/index.php\/2021\/07\/20\/la-salud-publica-no-fue-prioridad-en-el-gobierno-de-macri\/"},"wordCount":281,"publisher":{"@id":"https:\/\/diariotextual.com\/inicio\/#organization"},"image":{"@id":"https:\/\/diariotextual.com\/inicio\/index.php\/2021\/07\/20\/la-salud-publica-no-fue-prioridad-en-el-gobierno-de-macri\/#primaryimage"},"thumbnailUrl":"https:\/\/diariotextual.com\/inicio\/wp-content\/uploads\/2018\/07\/rubinsteinadolfo1.jpg","keywords":["macri","Salud P\u00fablica"],"articleSection":["A - PORTADA2","POLITICA"],"inLanguage":"es"},{"@type":"WebPage","@id":"https:\/\/diariotextual.com\/inicio\/index.php\/2021\/07\/20\/la-salud-publica-no-fue-prioridad-en-el-gobierno-de-macri\/","url":"https:\/\/diariotextual.com\/inicio\/index.php\/2021\/07\/20\/la-salud-publica-no-fue-prioridad-en-el-gobierno-de-macri\/","name":"\u201cLa salud p\u00fablica no fue prioridad en el Gobierno de Macri\u201d, reconoci\u00f3 su exministro - Diario Textual","isPartOf":{"@id":"https:\/\/diariotextual.com\/inicio\/#website"},"primaryImageOfPage":{"@id":"https:\/\/diariotextual.com\/inicio\/index.php\/2021\/07\/20\/la-salud-publica-no-fue-prioridad-en-el-gobierno-de-macri\/#primaryimage"},"image":{"@id":"https:\/\/diariotextual.com\/inicio\/index.php\/2021\/07\/20\/la-salud-publica-no-fue-prioridad-en-el-gobierno-de-macri\/#primaryimage"},"thumbnailUrl":"https:\/\/diariotextual.com\/inicio\/wp-content\/uploads\/2018\/07\/rubinsteinadolfo1.jpg","datePublished":"2021-07-20T14:05:25+00:00","dateModified":"2021-07-20T18:15:50+00:00","breadcrumb":{"@id":"https:\/\/diariotextual.com\/inicio\/index.php\/2021\/07\/20\/la-salud-publica-no-fue-prioridad-en-el-gobierno-de-macri\/#breadcrumb"},"inLanguage":"es","potentialAction":[{"@type":"ReadAction","target":["https:\/\/diariotextual.com\/inicio\/index.php\/2021\/07\/20\/la-salud-publica-no-fue-prioridad-en-el-gobierno-de-macri\/"]}]},{"@type":"ImageObject","inLanguage":"es","@id":"https:\/\/diariotextual.com\/inicio\/index.php\/2021\/07\/20\/la-salud-publica-no-fue-prioridad-en-el-gobierno-de-macri\/#primaryimage","url":"https:\/\/diariotextual.com\/inicio\/wp-content\/uploads\/2018\/07\/rubinsteinadolfo1.jpg","contentUrl":"https:\/\/diariotextual.com\/inicio\/wp-content\/uploads\/2018\/07\/rubinsteinadolfo1.jpg","width":1170,"height":801},{"@type":"BreadcrumbList","@id":"https:\/\/diariotextual.com\/inicio\/index.php\/2021\/07\/20\/la-salud-publica-no-fue-prioridad-en-el-gobierno-de-macri\/#breadcrumb","itemListElement":[{"@type":"ListItem","position":1,"name":"Portada","item":"https:\/\/diariotextual.com\/inicio\/"},{"@type":"ListItem","position":2,"name":"\u201cLa salud p\u00fablica no fue prioridad en el Gobierno de Macri\u201d, reconoci\u00f3 su exministro"}]},{"@type":"WebSite","@id":"https:\/\/diariotextual.com\/inicio\/#website","url":"https:\/\/diariotextual.com\/inicio\/","name":"Diario Textual","description":"","publisher":{"@id":"https:\/\/diariotextual.com\/inicio\/#organization"},"potentialAction":[{"@type":"SearchAction","target":{"@type":"EntryPoint","urlTemplate":"https:\/\/diariotextual.com\/inicio\/?s={search_term_string}"},"query-input":{"@type":"PropertyValueSpecification","valueRequired":true,"valueName":"search_term_string"}}],"inLanguage":"es"},{"@type":"Organization","@id":"https:\/\/diariotextual.com\/inicio\/#organization","name":"Diario Textual","url":"https:\/\/diariotextual.com\/inicio\/","logo":{"@type":"ImageObject","inLanguage":"es","@id":"https:\/\/diariotextual.com\/inicio\/#\/schema\/logo\/image\/","url":"https:\/\/diariotextual.com\/inicio\/wp-content\/uploads\/2023\/05\/logotextual1.jpg","contentUrl":"https:\/\/diariotextual.com\/inicio\/wp-content\/uploads\/2023\/05\/logotextual1.jpg","width":516,"height":76,"caption":"Diario Textual"},"image":{"@id":"https:\/\/diariotextual.com\/inicio\/#\/schema\/logo\/image\/"},"sameAs":["https:\/\/www.facebook.com\/eltextual","https:\/\/x.com\/eltextual","http:\/\/www.instagram.com\/eltextual"]},{"@type":"Person","@id":"https:\/\/diariotextual.com\/inicio\/#\/schema\/person\/c7834961ad8b29b1d9cdbf4571299067","name":"diario5","image":{"@type":"ImageObject","inLanguage":"es","@id":"https:\/\/secure.gravatar.com\/avatar\/948c893b847ca6df68216ead81b63f363408ec9b0f600fefc0641ce78613b111?s=96&d=mm&r=g","url":"https:\/\/secure.gravatar.com\/avatar\/948c893b847ca6df68216ead81b63f363408ec9b0f600fefc0641ce78613b111?s=96&d=mm&r=g","contentUrl":"https:\/\/secure.gravatar.com\/avatar\/948c893b847ca6df68216ead81b63f363408ec9b0f600fefc0641ce78613b111?s=96&d=mm&r=g","caption":"diario5"},"url":"https:\/\/diariotextual.com\/inicio\/index.php\/author\/diario5\/"}]}},"_links":{"self":[{"href":"https:\/\/diariotextual.com\/inicio\/index.php\/wp-json\/wp\/v2\/posts\/154852","targetHints":{"allow":["GET"]}}],"collection":[{"href":"https:\/\/diariotextual.com\/inicio\/index.php\/wp-json\/wp\/v2\/posts"}],"about":[{"href":"https:\/\/diariotextual.com\/inicio\/index.php\/wp-json\/wp\/v2\/types\/post"}],"author":[{"embeddable":true,"href":"https:\/\/diariotextual.com\/inicio\/index.php\/wp-json\/wp\/v2\/users\/7"}],"replies":[{"embeddable":true,"href":"https:\/\/diariotextual.com\/inicio\/index.php\/wp-json\/wp\/v2\/comments?post=154852"}],"version-history":[{"count":2,"href":"https:\/\/diariotextual.com\/inicio\/index.php\/wp-json\/wp\/v2\/posts\/154852\/revisions"}],"predecessor-version":[{"id":154854,"href":"https:\/\/diariotextual.com\/inicio\/index.php\/wp-json\/wp\/v2\/posts\/154852\/revisions\/154854"}],"wp:featuredmedia":[{"embeddable":true,"href":"https:\/\/diariotextual.com\/inicio\/index.php\/wp-json\/wp\/v2\/media\/14801"}],"wp:attachment":[{"href":"https:\/\/diariotextual.com\/inicio\/index.php\/wp-json\/wp\/v2\/media?parent=154852"}],"wp:term":[{"taxonomy":"category","embeddable":true,"href":"https:\/\/diariotextual.com\/inicio\/index.php\/wp-json\/wp\/v2\/categories?post=154852"},{"taxonomy":"post_tag","embeddable":true,"href":"https:\/\/diariotextual.com\/inicio\/index.php\/wp-json\/wp\/v2\/tags?post=154852"}],"curies":[{"name":"wp","href":"https:\/\/api.w.org\/{rel}","templated":true}]}}