{"id":154877,"date":"2021-07-20T15:15:05","date_gmt":"2021-07-20T18:15:05","guid":{"rendered":"https:\/\/diariotextual.com\/inicio\/?p=154877"},"modified":"2021-07-20T21:32:05","modified_gmt":"2021-07-21T00:32:05","slug":"alberto-fernandez-llamo-a-terminar-con-la-cultura-de-los-desencuentros-y-superar-las-diferencias","status":"publish","type":"post","link":"https:\/\/diariotextual.com\/inicio\/index.php\/2021\/07\/20\/alberto-fernandez-llamo-a-terminar-con-la-cultura-de-los-desencuentros-y-superar-las-diferencias\/","title":{"rendered":"Alberto Fern\u00e1ndez llam\u00f3 a \u201cterminar con la cultura de los desencuentros y superar las diferencias\u201d"},"content":{"rendered":"\n<p>El presidente Alberto Fern\u00e1ndez llam\u00f3 hoy \u201ca terminar con la cultura de los desencuentros y a superar las diferencias\u201d, asegur\u00f3 que la pandemia \u201cpoco a poco se va desvaneciendo\u201d en el pa\u00eds gracias \u201cal plan de vacunaci\u00f3n, que ahora apunta a los j\u00f3venes y luego lo har\u00e1 con los ni\u00f1os y ni\u00f1as\u201d y expres\u00f3 su deseo de que lo que sucedi\u00f3 como consecuencia del coronavirus \u201cno sea en vano\u201d y concluyan \u201clas antinomias\u201d.<\/p>\n\n\n\n<p>\u00abEl tiempo de desencuentro se termin\u00f3 en Argentina. No peleemos m\u00e1s entre nosotros, demos vuelta la p\u00e1gina del desencuentro, miren todo lo que tenemos por hacer, miren todo lo que tenemos que hacer por este norte\u00bb, dijo Fern\u00e1ndez, al inaugurar en Chaco obras de pavimentaci\u00f3n de un tramo de 40 kil\u00f3metros de la Ruta Provincial 7 y anunciar la urbanizaci\u00f3n del barrio La Rubita y la construcci\u00f3n de un Centro Territorial Integral para Pol\u00edticas de G\u00e9nero y Diversidad.<br><br>El jefe de Estado asegur\u00f3 que no le gusta \u201cvivir en una Argentina donde la opulencia est\u00e1 en el centro\u201d, y reiter\u00f3 su compromiso de volver a ser una naci\u00f3n federal en la que \u201ctodo el pa\u00eds crezca con las mismas posibilidades de desarrollo\u201d, tras recordar que fue hijo de un riojano, una provincia que como todo el norte \u201csufri\u00f3 el olvido\u201d.<br><br>Fern\u00e1ndez lament\u00f3 adem\u00e1s que \u201cse haya tardado tanto en satisfacer derechos\u201d en el Norte Grande, y sostuvo que lo \u201cobsesiona que todos puedan construir su futuro en el lugar donde nacen\u201d.<br><br>En otro tramo de su discurso, el jefe de Estado se\u00f1al\u00f3 que las obras para la urbanizaci\u00f3n del barrio La Rubita \u201cest\u00e1n financiadas con el aporte solidario a las grandes fortunas\u201d, y agradeci\u00f3 \u201ca todos los que hicieron ese aporte\u201d, porque gracias a ello \u201ces posible mejorar la vida de 3.000 argentinos que viven ac\u00e1\u201d y \u201cle dan dignidad a la gente\u201d.<br><br>\u201cMe gusta cuidar al otro, me gusta que me cuiden tambi\u00e9n, porque eso es una sociedad, un lugar donde todos nos cuidamos\u201d, indic\u00f3 Fern\u00e1ndez.<br><br>El mandatario estuvo acompa\u00f1ado por los ministros del Interior, Eduardo de Pedro; de Obras P\u00fablicas, Gabriel Katopodis; de Desarrollo Social, Daniel Arroyo; y de Mujeres, G\u00e9neros y Diversidad, Elizabeth G\u00f3mez Alcorta; y el gobernador Jorge Capitanich.<\/p>\n","protected":false},"excerpt":{"rendered":"<p>El presidente Alberto Fern\u00e1ndez llam\u00f3 hoy \u201ca terminar con la cultura de los desencuentros y a superar las diferencias\u201d, asegur\u00f3 que la pandemia \u201cpoco a poco se va desvaneciendo\u201d en&hellip;<\/p>\n","protected":false},"author":4,"featured_media":137861,"comment_status":"closed","ping_status":"open","sticky":false,"template":"","format":"standard","meta":{"_acf_changed":false,"footnotes":""},"categories":[10,8],"tags":[],"class_list":["post-154877","post","type-post","status-publish","format-standard","has-post-thumbnail","hentry","category-portada-2","category-politica"],"acf":[],"yoast_head":"<!-- This site is optimized with the Yoast SEO plugin v27.5 - https:\/\/yoast.com\/product\/yoast-seo-wordpress\/ -->\n<title>Alberto Fern\u00e1ndez llam\u00f3 a \u201cterminar con la cultura de los desencuentros y superar las diferencias\u201d - Diario Textual<\/title>\n<meta name=\"robots\" content=\"index, follow, max-snippet:-1, max-image-preview:large, max-video-preview:-1\" \/>\n<link rel=\"canonical\" href=\"https:\/\/diariotextual.com\/inicio\/index.php\/2021\/07\/20\/alberto-fernandez-llamo-a-terminar-con-la-cultura-de-los-desencuentros-y-superar-las-diferencias\/\" \/>\n<meta property=\"og:locale\" content=\"es_ES\" \/>\n<meta property=\"og:type\" content=\"article\" \/>\n<meta property=\"og:title\" content=\"Alberto Fern\u00e1ndez llam\u00f3 a \u201cterminar con la cultura de los desencuentros y superar las diferencias\u201d - Diario Textual\" \/>\n<meta property=\"og:description\" content=\"El presidente Alberto Fern\u00e1ndez llam\u00f3 hoy \u201ca terminar con la cultura de los desencuentros y a superar las diferencias\u201d, asegur\u00f3 que la pandemia \u201cpoco a poco se va desvaneciendo\u201d en&hellip;\" \/>\n<meta property=\"og:url\" content=\"https:\/\/diariotextual.com\/inicio\/index.php\/2021\/07\/20\/alberto-fernandez-llamo-a-terminar-con-la-cultura-de-los-desencuentros-y-superar-las-diferencias\/\" \/>\n<meta property=\"og:site_name\" content=\"Diario Textual\" \/>\n<meta property=\"article:publisher\" content=\"https:\/\/www.facebook.com\/eltextual\" \/>\n<meta property=\"article:published_time\" content=\"2021-07-20T18:15:05+00:00\" \/>\n<meta property=\"article:modified_time\" content=\"2021-07-21T00:32:05+00:00\" \/>\n<meta property=\"og:image\" content=\"https:\/\/diariotextual.com\/inicio\/wp-content\/uploads\/2021\/03\/fernandezalberto2021-07.jpg\" \/>\n\t<meta property=\"og:image:width\" content=\"969\" \/>\n\t<meta property=\"og:image:height\" content=\"630\" \/>\n\t<meta property=\"og:image:type\" content=\"image\/jpeg\" \/>\n<meta name=\"author\" content=\"diario2\" \/>\n<meta name=\"twitter:card\" content=\"summary_large_image\" \/>\n<meta name=\"twitter:creator\" content=\"@eltextual\" \/>\n<meta name=\"twitter:site\" content=\"@eltextual\" \/>\n<meta name=\"twitter:label1\" content=\"Escrito por\" \/>\n\t<meta name=\"twitter:data1\" content=\"diario2\" \/>\n\t<meta name=\"twitter:label2\" content=\"Tiempo de lectura\" \/>\n\t<meta name=\"twitter:data2\" content=\"2 minutos\" \/>\n<script type=\"application\/ld+json\" class=\"yoast-schema-graph\">{\"@context\":\"https:\\\/\\\/schema.org\",\"@graph\":[{\"@type\":\"Article\",\"@id\":\"https:\\\/\\\/diariotextual.com\\\/inicio\\\/index.php\\\/2021\\\/07\\\/20\\\/alberto-fernandez-llamo-a-terminar-con-la-cultura-de-los-desencuentros-y-superar-las-diferencias\\\/#article\",\"isPartOf\":{\"@id\":\"https:\\\/\\\/diariotextual.com\\\/inicio\\\/index.php\\\/2021\\\/07\\\/20\\\/alberto-fernandez-llamo-a-terminar-con-la-cultura-de-los-desencuentros-y-superar-las-diferencias\\\/\"},\"author\":{\"name\":\"diario2\",\"@id\":\"https:\\\/\\\/diariotextual.com\\\/inicio\\\/#\\\/schema\\\/person\\\/694f60677f23c4a530867a98f22b3768\"},\"headline\":\"Alberto Fern\u00e1ndez llam\u00f3 a \u201cterminar con la cultura de los desencuentros y superar las diferencias\u201d\",\"datePublished\":\"2021-07-20T18:15:05+00:00\",\"dateModified\":\"2021-07-21T00:32:05+00:00\",\"mainEntityOfPage\":{\"@id\":\"https:\\\/\\\/diariotextual.com\\\/inicio\\\/index.php\\\/2021\\\/07\\\/20\\\/alberto-fernandez-llamo-a-terminar-con-la-cultura-de-los-desencuentros-y-superar-las-diferencias\\\/\"},\"wordCount\":407,\"publisher\":{\"@id\":\"https:\\\/\\\/diariotextual.com\\\/inicio\\\/#organization\"},\"image\":{\"@id\":\"https:\\\/\\\/diariotextual.com\\\/inicio\\\/index.php\\\/2021\\\/07\\\/20\\\/alberto-fernandez-llamo-a-terminar-con-la-cultura-de-los-desencuentros-y-superar-las-diferencias\\\/#primaryimage\"},\"thumbnailUrl\":\"https:\\\/\\\/diariotextual.com\\\/inicio\\\/wp-content\\\/uploads\\\/2021\\\/03\\\/fernandezalberto2021-07.jpg\",\"articleSection\":[\"A - PORTADA2\",\"POLITICA\"],\"inLanguage\":\"es\"},{\"@type\":\"WebPage\",\"@id\":\"https:\\\/\\\/diariotextual.com\\\/inicio\\\/index.php\\\/2021\\\/07\\\/20\\\/alberto-fernandez-llamo-a-terminar-con-la-cultura-de-los-desencuentros-y-superar-las-diferencias\\\/\",\"url\":\"https:\\\/\\\/diariotextual.com\\\/inicio\\\/index.php\\\/2021\\\/07\\\/20\\\/alberto-fernandez-llamo-a-terminar-con-la-cultura-de-los-desencuentros-y-superar-las-diferencias\\\/\",\"name\":\"Alberto Fern\u00e1ndez llam\u00f3 a \u201cterminar con la cultura de los desencuentros y superar las diferencias\u201d - Diario Textual\",\"isPartOf\":{\"@id\":\"https:\\\/\\\/diariotextual.com\\\/inicio\\\/#website\"},\"primaryImageOfPage\":{\"@id\":\"https:\\\/\\\/diariotextual.com\\\/inicio\\\/index.php\\\/2021\\\/07\\\/20\\\/alberto-fernandez-llamo-a-terminar-con-la-cultura-de-los-desencuentros-y-superar-las-diferencias\\\/#primaryimage\"},\"image\":{\"@id\":\"https:\\\/\\\/diariotextual.com\\\/inicio\\\/index.php\\\/2021\\\/07\\\/20\\\/alberto-fernandez-llamo-a-terminar-con-la-cultura-de-los-desencuentros-y-superar-las-diferencias\\\/#primaryimage\"},\"thumbnailUrl\":\"https:\\\/\\\/diariotextual.com\\\/inicio\\\/wp-content\\\/uploads\\\/2021\\\/03\\\/fernandezalberto2021-07.jpg\",\"datePublished\":\"2021-07-20T18:15:05+00:00\",\"dateModified\":\"2021-07-21T00:32:05+00:00\",\"breadcrumb\":{\"@id\":\"https:\\\/\\\/diariotextual.com\\\/inicio\\\/index.php\\\/2021\\\/07\\\/20\\\/alberto-fernandez-llamo-a-terminar-con-la-cultura-de-los-desencuentros-y-superar-las-diferencias\\\/#breadcrumb\"},\"inLanguage\":\"es\",\"potentialAction\":[{\"@type\":\"ReadAction\",\"target\":[\"https:\\\/\\\/diariotextual.com\\\/inicio\\\/index.php\\\/2021\\\/07\\\/20\\\/alberto-fernandez-llamo-a-terminar-con-la-cultura-de-los-desencuentros-y-superar-las-diferencias\\\/\"]}]},{\"@type\":\"ImageObject\",\"inLanguage\":\"es\",\"@id\":\"https:\\\/\\\/diariotextual.com\\\/inicio\\\/index.php\\\/2021\\\/07\\\/20\\\/alberto-fernandez-llamo-a-terminar-con-la-cultura-de-los-desencuentros-y-superar-las-diferencias\\\/#primaryimage\",\"url\":\"https:\\\/\\\/diariotextual.com\\\/inicio\\\/wp-content\\\/uploads\\\/2021\\\/03\\\/fernandezalberto2021-07.jpg\",\"contentUrl\":\"https:\\\/\\\/diariotextual.com\\\/inicio\\\/wp-content\\\/uploads\\\/2021\\\/03\\\/fernandezalberto2021-07.jpg\",\"width\":969,\"height\":630},{\"@type\":\"BreadcrumbList\",\"@id\":\"https:\\\/\\\/diariotextual.com\\\/inicio\\\/index.php\\\/2021\\\/07\\\/20\\\/alberto-fernandez-llamo-a-terminar-con-la-cultura-de-los-desencuentros-y-superar-las-diferencias\\\/#breadcrumb\",\"itemListElement\":[{\"@type\":\"ListItem\",\"position\":1,\"name\":\"Portada\",\"item\":\"https:\\\/\\\/diariotextual.com\\\/inicio\\\/\"},{\"@type\":\"ListItem\",\"position\":2,\"name\":\"Alberto Fern\u00e1ndez llam\u00f3 a \u201cterminar con la cultura de los desencuentros y superar las diferencias\u201d\"}]},{\"@type\":\"WebSite\",\"@id\":\"https:\\\/\\\/diariotextual.com\\\/inicio\\\/#website\",\"url\":\"https:\\\/\\\/diariotextual.com\\\/inicio\\\/\",\"name\":\"Diario Textual\",\"description\":\"\",\"publisher\":{\"@id\":\"https:\\\/\\\/diariotextual.com\\\/inicio\\\/#organization\"},\"potentialAction\":[{\"@type\":\"SearchAction\",\"target\":{\"@type\":\"EntryPoint\",\"urlTemplate\":\"https:\\\/\\\/diariotextual.com\\\/inicio\\\/?s={search_term_string}\"},\"query-input\":{\"@type\":\"PropertyValueSpecification\",\"valueRequired\":true,\"valueName\":\"search_term_string\"}}],\"inLanguage\":\"es\"},{\"@type\":\"Organization\",\"@id\":\"https:\\\/\\\/diariotextual.com\\\/inicio\\\/#organization\",\"name\":\"Diario Textual\",\"url\":\"https:\\\/\\\/diariotextual.com\\\/inicio\\\/\",\"logo\":{\"@type\":\"ImageObject\",\"inLanguage\":\"es\",\"@id\":\"https:\\\/\\\/diariotextual.com\\\/inicio\\\/#\\\/schema\\\/logo\\\/image\\\/\",\"url\":\"https:\\\/\\\/diariotextual.com\\\/inicio\\\/wp-content\\\/uploads\\\/2023\\\/05\\\/logotextual1.jpg\",\"contentUrl\":\"https:\\\/\\\/diariotextual.com\\\/inicio\\\/wp-content\\\/uploads\\\/2023\\\/05\\\/logotextual1.jpg\",\"width\":516,\"height\":76,\"caption\":\"Diario Textual\"},\"image\":{\"@id\":\"https:\\\/\\\/diariotextual.com\\\/inicio\\\/#\\\/schema\\\/logo\\\/image\\\/\"},\"sameAs\":[\"https:\\\/\\\/www.facebook.com\\\/eltextual\",\"https:\\\/\\\/x.com\\\/eltextual\",\"http:\\\/\\\/www.instagram.com\\\/eltextual\"]},{\"@type\":\"Person\",\"@id\":\"https:\\\/\\\/diariotextual.com\\\/inicio\\\/#\\\/schema\\\/person\\\/694f60677f23c4a530867a98f22b3768\",\"name\":\"diario2\",\"image\":{\"@type\":\"ImageObject\",\"inLanguage\":\"es\",\"@id\":\"https:\\\/\\\/secure.gravatar.com\\\/avatar\\\/5a2567495ba16b852fcd8f1ed006a2e24fcace936018ed8237e95f488ad6e0a7?s=96&d=mm&r=g\",\"url\":\"https:\\\/\\\/secure.gravatar.com\\\/avatar\\\/5a2567495ba16b852fcd8f1ed006a2e24fcace936018ed8237e95f488ad6e0a7?s=96&d=mm&r=g\",\"contentUrl\":\"https:\\\/\\\/secure.gravatar.com\\\/avatar\\\/5a2567495ba16b852fcd8f1ed006a2e24fcace936018ed8237e95f488ad6e0a7?s=96&d=mm&r=g\",\"caption\":\"diario2\"},\"url\":\"https:\\\/\\\/diariotextual.com\\\/inicio\\\/index.php\\\/author\\\/diario2\\\/\"}]}<\/script>\n<!-- \/ Yoast SEO plugin. -->","yoast_head_json":{"title":"Alberto Fern\u00e1ndez llam\u00f3 a \u201cterminar con la cultura de los desencuentros y superar las diferencias\u201d - Diario Textual","robots":{"index":"index","follow":"follow","max-snippet":"max-snippet:-1","max-image-preview":"max-image-preview:large","max-video-preview":"max-video-preview:-1"},"canonical":"https:\/\/diariotextual.com\/inicio\/index.php\/2021\/07\/20\/alberto-fernandez-llamo-a-terminar-con-la-cultura-de-los-desencuentros-y-superar-las-diferencias\/","og_locale":"es_ES","og_type":"article","og_title":"Alberto Fern\u00e1ndez llam\u00f3 a \u201cterminar con la cultura de los desencuentros y superar las diferencias\u201d - Diario Textual","og_description":"El presidente Alberto Fern\u00e1ndez llam\u00f3 hoy \u201ca terminar con la cultura de los desencuentros y a superar las diferencias\u201d, asegur\u00f3 que la pandemia \u201cpoco a poco se va desvaneciendo\u201d en&hellip;","og_url":"https:\/\/diariotextual.com\/inicio\/index.php\/2021\/07\/20\/alberto-fernandez-llamo-a-terminar-con-la-cultura-de-los-desencuentros-y-superar-las-diferencias\/","og_site_name":"Diario Textual","article_publisher":"https:\/\/www.facebook.com\/eltextual","article_published_time":"2021-07-20T18:15:05+00:00","article_modified_time":"2021-07-21T00:32:05+00:00","og_image":[{"width":969,"height":630,"url":"https:\/\/diariotextual.com\/inicio\/wp-content\/uploads\/2021\/03\/fernandezalberto2021-07.jpg","type":"image\/jpeg"}],"author":"diario2","twitter_card":"summary_large_image","twitter_creator":"@eltextual","twitter_site":"@eltextual","twitter_misc":{"Escrito por":"diario2","Tiempo de lectura":"2 minutos"},"schema":{"@context":"https:\/\/schema.org","@graph":[{"@type":"Article","@id":"https:\/\/diariotextual.com\/inicio\/index.php\/2021\/07\/20\/alberto-fernandez-llamo-a-terminar-con-la-cultura-de-los-desencuentros-y-superar-las-diferencias\/#article","isPartOf":{"@id":"https:\/\/diariotextual.com\/inicio\/index.php\/2021\/07\/20\/alberto-fernandez-llamo-a-terminar-con-la-cultura-de-los-desencuentros-y-superar-las-diferencias\/"},"author":{"name":"diario2","@id":"https:\/\/diariotextual.com\/inicio\/#\/schema\/person\/694f60677f23c4a530867a98f22b3768"},"headline":"Alberto Fern\u00e1ndez llam\u00f3 a \u201cterminar con la cultura de los desencuentros y superar las diferencias\u201d","datePublished":"2021-07-20T18:15:05+00:00","dateModified":"2021-07-21T00:32:05+00:00","mainEntityOfPage":{"@id":"https:\/\/diariotextual.com\/inicio\/index.php\/2021\/07\/20\/alberto-fernandez-llamo-a-terminar-con-la-cultura-de-los-desencuentros-y-superar-las-diferencias\/"},"wordCount":407,"publisher":{"@id":"https:\/\/diariotextual.com\/inicio\/#organization"},"image":{"@id":"https:\/\/diariotextual.com\/inicio\/index.php\/2021\/07\/20\/alberto-fernandez-llamo-a-terminar-con-la-cultura-de-los-desencuentros-y-superar-las-diferencias\/#primaryimage"},"thumbnailUrl":"https:\/\/diariotextual.com\/inicio\/wp-content\/uploads\/2021\/03\/fernandezalberto2021-07.jpg","articleSection":["A - PORTADA2","POLITICA"],"inLanguage":"es"},{"@type":"WebPage","@id":"https:\/\/diariotextual.com\/inicio\/index.php\/2021\/07\/20\/alberto-fernandez-llamo-a-terminar-con-la-cultura-de-los-desencuentros-y-superar-las-diferencias\/","url":"https:\/\/diariotextual.com\/inicio\/index.php\/2021\/07\/20\/alberto-fernandez-llamo-a-terminar-con-la-cultura-de-los-desencuentros-y-superar-las-diferencias\/","name":"Alberto Fern\u00e1ndez llam\u00f3 a \u201cterminar con la cultura de los desencuentros y superar las diferencias\u201d - Diario Textual","isPartOf":{"@id":"https:\/\/diariotextual.com\/inicio\/#website"},"primaryImageOfPage":{"@id":"https:\/\/diariotextual.com\/inicio\/index.php\/2021\/07\/20\/alberto-fernandez-llamo-a-terminar-con-la-cultura-de-los-desencuentros-y-superar-las-diferencias\/#primaryimage"},"image":{"@id":"https:\/\/diariotextual.com\/inicio\/index.php\/2021\/07\/20\/alberto-fernandez-llamo-a-terminar-con-la-cultura-de-los-desencuentros-y-superar-las-diferencias\/#primaryimage"},"thumbnailUrl":"https:\/\/diariotextual.com\/inicio\/wp-content\/uploads\/2021\/03\/fernandezalberto2021-07.jpg","datePublished":"2021-07-20T18:15:05+00:00","dateModified":"2021-07-21T00:32:05+00:00","breadcrumb":{"@id":"https:\/\/diariotextual.com\/inicio\/index.php\/2021\/07\/20\/alberto-fernandez-llamo-a-terminar-con-la-cultura-de-los-desencuentros-y-superar-las-diferencias\/#breadcrumb"},"inLanguage":"es","potentialAction":[{"@type":"ReadAction","target":["https:\/\/diariotextual.com\/inicio\/index.php\/2021\/07\/20\/alberto-fernandez-llamo-a-terminar-con-la-cultura-de-los-desencuentros-y-superar-las-diferencias\/"]}]},{"@type":"ImageObject","inLanguage":"es","@id":"https:\/\/diariotextual.com\/inicio\/index.php\/2021\/07\/20\/alberto-fernandez-llamo-a-terminar-con-la-cultura-de-los-desencuentros-y-superar-las-diferencias\/#primaryimage","url":"https:\/\/diariotextual.com\/inicio\/wp-content\/uploads\/2021\/03\/fernandezalberto2021-07.jpg","contentUrl":"https:\/\/diariotextual.com\/inicio\/wp-content\/uploads\/2021\/03\/fernandezalberto2021-07.jpg","width":969,"height":630},{"@type":"BreadcrumbList","@id":"https:\/\/diariotextual.com\/inicio\/index.php\/2021\/07\/20\/alberto-fernandez-llamo-a-terminar-con-la-cultura-de-los-desencuentros-y-superar-las-diferencias\/#breadcrumb","itemListElement":[{"@type":"ListItem","position":1,"name":"Portada","item":"https:\/\/diariotextual.com\/inicio\/"},{"@type":"ListItem","position":2,"name":"Alberto Fern\u00e1ndez llam\u00f3 a \u201cterminar con la cultura de los desencuentros y superar las diferencias\u201d"}]},{"@type":"WebSite","@id":"https:\/\/diariotextual.com\/inicio\/#website","url":"https:\/\/diariotextual.com\/inicio\/","name":"Diario Textual","description":"","publisher":{"@id":"https:\/\/diariotextual.com\/inicio\/#organization"},"potentialAction":[{"@type":"SearchAction","target":{"@type":"EntryPoint","urlTemplate":"https:\/\/diariotextual.com\/inicio\/?s={search_term_string}"},"query-input":{"@type":"PropertyValueSpecification","valueRequired":true,"valueName":"search_term_string"}}],"inLanguage":"es"},{"@type":"Organization","@id":"https:\/\/diariotextual.com\/inicio\/#organization","name":"Diario Textual","url":"https:\/\/diariotextual.com\/inicio\/","logo":{"@type":"ImageObject","inLanguage":"es","@id":"https:\/\/diariotextual.com\/inicio\/#\/schema\/logo\/image\/","url":"https:\/\/diariotextual.com\/inicio\/wp-content\/uploads\/2023\/05\/logotextual1.jpg","contentUrl":"https:\/\/diariotextual.com\/inicio\/wp-content\/uploads\/2023\/05\/logotextual1.jpg","width":516,"height":76,"caption":"Diario Textual"},"image":{"@id":"https:\/\/diariotextual.com\/inicio\/#\/schema\/logo\/image\/"},"sameAs":["https:\/\/www.facebook.com\/eltextual","https:\/\/x.com\/eltextual","http:\/\/www.instagram.com\/eltextual"]},{"@type":"Person","@id":"https:\/\/diariotextual.com\/inicio\/#\/schema\/person\/694f60677f23c4a530867a98f22b3768","name":"diario2","image":{"@type":"ImageObject","inLanguage":"es","@id":"https:\/\/secure.gravatar.com\/avatar\/5a2567495ba16b852fcd8f1ed006a2e24fcace936018ed8237e95f488ad6e0a7?s=96&d=mm&r=g","url":"https:\/\/secure.gravatar.com\/avatar\/5a2567495ba16b852fcd8f1ed006a2e24fcace936018ed8237e95f488ad6e0a7?s=96&d=mm&r=g","contentUrl":"https:\/\/secure.gravatar.com\/avatar\/5a2567495ba16b852fcd8f1ed006a2e24fcace936018ed8237e95f488ad6e0a7?s=96&d=mm&r=g","caption":"diario2"},"url":"https:\/\/diariotextual.com\/inicio\/index.php\/author\/diario2\/"}]}},"_links":{"self":[{"href":"https:\/\/diariotextual.com\/inicio\/index.php\/wp-json\/wp\/v2\/posts\/154877","targetHints":{"allow":["GET"]}}],"collection":[{"href":"https:\/\/diariotextual.com\/inicio\/index.php\/wp-json\/wp\/v2\/posts"}],"about":[{"href":"https:\/\/diariotextual.com\/inicio\/index.php\/wp-json\/wp\/v2\/types\/post"}],"author":[{"embeddable":true,"href":"https:\/\/diariotextual.com\/inicio\/index.php\/wp-json\/wp\/v2\/users\/4"}],"replies":[{"embeddable":true,"href":"https:\/\/diariotextual.com\/inicio\/index.php\/wp-json\/wp\/v2\/comments?post=154877"}],"version-history":[{"count":1,"href":"https:\/\/diariotextual.com\/inicio\/index.php\/wp-json\/wp\/v2\/posts\/154877\/revisions"}],"predecessor-version":[{"id":154878,"href":"https:\/\/diariotextual.com\/inicio\/index.php\/wp-json\/wp\/v2\/posts\/154877\/revisions\/154878"}],"wp:featuredmedia":[{"embeddable":true,"href":"https:\/\/diariotextual.com\/inicio\/index.php\/wp-json\/wp\/v2\/media\/137861"}],"wp:attachment":[{"href":"https:\/\/diariotextual.com\/inicio\/index.php\/wp-json\/wp\/v2\/media?parent=154877"}],"wp:term":[{"taxonomy":"category","embeddable":true,"href":"https:\/\/diariotextual.com\/inicio\/index.php\/wp-json\/wp\/v2\/categories?post=154877"},{"taxonomy":"post_tag","embeddable":true,"href":"https:\/\/diariotextual.com\/inicio\/index.php\/wp-json\/wp\/v2\/tags?post=154877"}],"curies":[{"name":"wp","href":"https:\/\/api.w.org\/{rel}","templated":true}]}}