{"id":155126,"date":"2021-07-22T13:54:46","date_gmt":"2021-07-22T16:54:46","guid":{"rendered":"https:\/\/diariotextual.com\/inicio\/?p=155126"},"modified":"2021-07-23T09:19:26","modified_gmt":"2021-07-23T12:19:26","slug":"poli-altolaguirre-saca-chapa-con-decenas-de-adhesiones-de-casi-toda-la-provincia","status":"publish","type":"post","link":"https:\/\/diariotextual.com\/inicio\/index.php\/2021\/07\/22\/poli-altolaguirre-saca-chapa-con-decenas-de-adhesiones-de-casi-toda-la-provincia\/","title":{"rendered":"\u00abPoli\u00bb Altolaguirre saca chapa con trescientas adhesiones de casi toda la provincia"},"content":{"rendered":"\n<p><strong>Hip\u00f3lito \u201cPoli\u201d Altolaguirre<\/strong>, a solo dos d\u00edas de que expire el plazo para presentar candidatos a las elecciones legislativas, mostr\u00f3 sus cartas: en un documento, este jueves al mediod\u00eda recibi\u00f3 el respaldo para su postulaci\u00f3n a senador nacional de tres centenares de dirigentes de casi toda La Pampa.<\/p>\n\n\n\n<p>El plazo para la presentaci\u00f3n de las listas para las elecciones legislativas expira el s\u00e1bado por la noche. Hasta ahora en el radicalismo -que integra Juntos por el Cambio, junto al PRO y otra media decena de partidos- hay cinco precandidatos y precandidatas: Hip\u00f3lito Altolaguirre, Hugo P\u00e9rez, Daniel Kroneberger, Guillermo Coppo y Elida Deanna.<\/p>\n\n\n\n<p>Todos pretenden ser los candidatos del consenso y tratar de enfrentar al PRO durante las PASO.<\/p>\n\n\n\n<p>Hoy el sector del \u201cPoli\u201d recibi\u00f3 el respaldo de numerosos dirigentes. Entre otros, como ya se sab\u00eda, del senador saliente Juan Carlos Marino; el diputado nacional Mart\u00edn Berhongaray; la diputada provincial Lorena Clara; el presidente del Comit\u00e9 Provincia, Julio Pech\u00edn; y el vicepresidente del Comit\u00e9 Provincia, Juan Jos\u00e9 Vassallo.<\/p>\n\n\n\n<p>Tambi\u00e9n, entre otros, de los intendentes Tino Folmer (Mayewr) y Ra\u00fal Weiman (Santa Teresa) y de los exintendentes Marta Berg, N\u00e9stor Righetti, Francisco Traverso, Luis \u201cPirincho\u201d Orgales, Roxana Lercari, Carlos S\u00e1nchez, Eduardo Recarte, Nidia Anc\u00edn, Juan Bernardo Chiquilito, Ra\u00fal Azcarate y Leandro Altolaguirre.<\/p>\n\n\n\n<p>\u00abLa Uni\u00f3n C\u00edvica Radical <strong>debe presentar hoy candidatos que representen la oxigenaci\u00f3n de la pol\u00edtica<\/strong>, con nuevos actores que enarbolen los principios hist\u00f3ricos de nuestro partido aplicados a superar la dif\u00edcil situaci\u00f3n que hoy enfrentamos en el pa\u00eds\u00bb, dijeron.<\/p>\n\n\n\n<p>La carta es la siguiente:<\/p>\n\n\n<p><\/p>\n<p><strong><em>\u201cLa Uni\u00f3n C\u00edvica Radical se queda con el cascar\u00f3n y la historia viendo pasar a la gente, o se une a la gente y juntos vuelven a escribir la historia\u201d.<\/em><\/strong><\/p>\n<p><em>Somos un grupo de militantes, simpatizantes y dirigentes radicales pampeanos que interpretamos que estas palabras de Mois\u00e9s Lebensohn adquieren hoy plena vigencia y asumimos el desaf\u00edo de presentar una opci\u00f3n electoral que interprete lo que es el pensamiento de nuestra sociedad.<\/em><\/p>\n<p><em>La Uni\u00f3n C\u00edvica Radical debe presentar hoy c<\/em>andidato<em>s que representen la oxigenaci\u00f3n de la pol\u00edtica, con nuevos actores que enarbolen los principios hist\u00f3ricos de nuestro partido aplicados a superar la dif\u00edcil situaci\u00f3n que hoy enfrentamos en el pa\u00eds.<\/em><\/p>\n<p><em>Es por eso que apoyamos la precandidatura a Senador Nacional de Hip\u00f3lito \u201cPoli\u201d Altolaguirre, seguros de su capacidad para representar fielmente el pensamiento de la sociedad pampeana.<\/em><\/p>\n<p><em>Poli es un joven dirigente de s\u00f3lida formaci\u00f3n, que nunca ocup\u00f3 cargos p\u00fablicos, pero que siempre demostr\u00f3 una profunda preocupaci\u00f3n por la resoluci\u00f3n de los problemas institucionales y sociales.<\/em><\/p>\n<p><em>Entendemos que a partir de su persona la Uni\u00f3n C\u00edvica Radical puede construir la unidad para una oferta electoral s\u00f3lida, confiable y representativa.<\/em><\/p>\n<p><em>Adhieren:<\/em><\/p>\n<p><\/p>\n<p><strong>Senador Nacional<\/strong> Juan Carlos Marino, <strong>Diputado Nacional<\/strong> Martin Berhongaray, <strong>Diputada Provincial<\/strong> Lorena Clara, <strong>Presidente Comit\u00e9 Provincia<\/strong> Julio Pech\u00edn, <strong>Vicepresidente Comit\u00e9 Provincia<\/strong> Juan Jos\u00e9 Vassallo, <strong>Intendente Mauricio Mayer<\/strong> Tino Folmer, <strong>Intendente Santa Teresa<\/strong> Raul Weiman, <strong>Ex Intendentes<\/strong> Marta Berg, Nestor Righetti, Francisco Traverso, Pinino Matias, Pirincho Orgales, Roxana Lercari, Carlos Sanchez, Eduardo Recarte, Nidia Anc\u00edn, Juan Bernardo Chiquilito, Raul Azcarate, Leandro Altolaguirre, <strong>Ex Senador <\/strong>Nestor Minino Rostan<\/p>\n<p><strong>Anguil<\/strong>, Walter Fuentes; <strong>Arata<\/strong>, Veronica Medina; <strong>Caleuf\u00fa<\/strong>, Daniela Iluminatti y Cesar Pratto; <strong>Catril\u00f3<\/strong>, Elida Noemi Garc\u00eda, Aldo Arrue, Atilio Barsena, Gabriel Arrue, Quique Zabala, Jos\u00e9 Morales, Norma Balda, Abel Ringelmann, Jos\u00e9 Lon\u00e9, Carlos Gabella, Anal\u00eda Hernandez y Javier Arru\u00e9; <strong>Ceballos<\/strong>, Juan Cruz Vega y Mar\u00eda Rosa Errocoundo; <strong>Colonia 25 de Mayo<\/strong>, Adrian Barrios y Pablo Carre\u00f1o; <strong>Colonia Ines y Carlota<\/strong>, Ruben Alonso; <strong>Conhelo,<\/strong> Silvia Beatriz Pereyra, Griselda Rihl, Sebastian Paulino, Manuel Marotti y Juan Carlos Rinaldi; <strong>Coronel Hilario Lagos<\/strong>, Juan Carlos Pessio, Jesica Soledad Vota y Sergio Roza; <strong>Doblas<\/strong>, Carolina Soledad Flach y Omar Corcuera; <strong>Eduardo Castex<\/strong>, Juan Bernardo Chiquilito, Luis Beto Brignardello, Sergio Heber Pregno, Carolina Pregno Marton, Andres Coton Fernandez, Adri\u00e1n Titi Heck y Walter Berger; <strong>General Acha<\/strong>, Marta Alicia Barreiro, Marta Cristina Perez, Alicia Susana Arrese, Elena Teresa Alvarez, Betty Usabiaga, Nicolas Araujo Garro, Nely Zubeld\u00eda, Tito Enrique Succi, Nilda Arrese, Irma Lopez, Cesar Gustavo Guzman, Santiago Richardson, Ivana Laubiou, Alejandro Odasso, Juan Carlos Beck, Susana Massi, Juan Oscar Libertella, Crisanto Arrese, Marcos Beck, Matias Andres Calderon, Flora Elena Lgrand, Carolina Palacios, Andres Bevacua, Carla Lonegro, Victoria Beola, Silvia Bevacua, Alberto Ruben Culla, Juan Coller, Mar\u00eda Cristina Guzman, Zulema Aguerre, Arturo Hovaginian, Lorena Berti, Horacio Alonso, Leticia Urquiza y Ezequiel Berti; <strong>General Pico<\/strong>, Pablo Lacentra, Juan Pablo Vieta, Cintia Gette, Reyes Cuello, Gabriel Bartolom\u00e9, Norma Aznarez, Jos\u00e9 Mar\u00eda Ansorena, M\u00f3nica Pellejero, Gloria Isabel Rossi, Alberto Oscar Ponteprimo, Isabel Olmedo, Luis Quiroga, Antonio Mota, Hugo Alvarez, Norma Carmona, Jos\u00e9 Mar\u00eda Villanueva, Marcelo Capellino, Lorena Cepeda, Emanual Galv\u00e1n, Ana Lis Campos, Mauricio Frapiccini, Luciando Sosa, Rosario Sarmiento, Ana Eugenia Arocena, Andrea Rojas, Cesar Olivo y Roberto De Titto; <strong>General San Mart\u00edn<\/strong>, Alejandro Galinsky y Miguel Wiban; <strong>Guatrach\u00e9<\/strong>, Afrodisia Volpe, Valeria Lostuzzi, Cristina Fantini y Julio Baglioni; <strong>Intendente Alvear<\/strong>, Nelida Ethel Mart\u00edn y Mar\u00eda de la Paz Bosco; <strong>Jacinto Arauz<\/strong>, N\u00e9stor Rost\u00e1n, Carpincho Rost\u00e1n, <strong>La Adela<\/strong>, Hugo Grillo Ferreyra, Nora Amaya, Pablo Brandimarte y Nora Sainges; <strong>La Maruja<\/strong>, Adrian Baralle; <strong>Luan Toro<\/strong>, Norberto Enrique Carbajo, Silvia Beatriz Andrada, Ceferina Kany Peralta, Albina Andrada, Marilin Ivalu Urquiza; <strong>Macach\u00edn<\/strong>, Dany Costa, Gustavo Fermanelli, Delma Sanchez, Bruno Marino, Angel Malsan, Carlos Suarez, Mercedes Dermijian, Picho Alvarez y Maylen Vicente, <strong>Metileo<\/strong>, Carlos Alberto Sanchez, Nestor Damico, Maria Pastor, Hilda Liddle, Norma Iris&nbsp; Schan, Mario Bogarin, Carlos Alberto Perujo y Graciela Chagas; <strong>Miguel Riglos<\/strong>, Teobaldo Mojana, Eduardo Recarte, Rolando Malsam, Elias Lecea, Jos\u00e9 Luis Cuesta, Dino Mojana, Nicolas Castro, Tom\u00e1s Holgado, Monica Alvarez, Giuliana Garcia Acevedo, Walter Rodriguez, Jorge Holgado y Daniela Garc\u00eda; <strong>Monte Nievas<\/strong>, Alcides Peto Cruces; <strong>Quehu\u00e9<\/strong>, Osvaldo Flaco Hirtz, Olga Fernandez y Chiri Hirtz; <strong>Realic\u00f3<\/strong>, Aixa Antonelli, Gustavo Gondean, Claudia Aguilera, Alejandro Avila, Aixa Alvarado, Juan Marinangeli, Ricardo Arese, Jacobo Dutto, Roxana Lercari, Juan Ignacio Arese y Luis Mar\u00eda Pina; <strong>Rol\u00f3n<\/strong>, Pinino Mat\u00edas; <strong>Rucanelo<\/strong>, Ra\u00fal Osvaldo Redel; <strong>Santa Rosa<\/strong>, Mar\u00eda Jos\u00e9 Faggi, Carlos Migone, Santiago Torroba, Carina Verdasco, Gast\u00f3n Reale, Diego Farina, Jorge Dominguez, Anam\u00e1 Alessandrelli, Esteban Varela, Carlos Rojas, Ivana Cajigal, Carlos Vallejos, Diego Camargo, Rita Rios, Ezequiel Here\u00f1u, Sandro Martin, Santiago Orueta, Elsa Arrieta, Ricardo Righetti, Sol Lastiri, Mercedes Viceconte, Hector Varela, Adela Sosa, Javier Zuazo, Diego Cepero, Jorge Vicario, Pedro Fiorda, Marcela Martinez, Claudio Monaldi, Maribel D\u00edaz, Fernando Casal, Marcelo Fonzo, Monica Varesini, Nadia Veronica Gallego, Cintia Cristina Velazquez, Agustina Lujan Stalecker, Luis Ruben Roman, Sara Roxana Eyheramonho, Pablo Masulli, Miguel Onorio Velazquez, Erminia Human, Marta Mart\u00edn, Gisela Nair Velazquez, Victoria Ines Miranda, Griselda Edit Miranda, Luciano Bonnefon, Matias Fiorda, Sara Alonso, Mary Frias, Gabriel Vega, Claudia Montesino, Maria Ines Mu\u00f1oz, Hugo Dinapoli, Valentin De Leon Dinapoli, Carolina Passeri Frias y Rodrigo Catr\u00f3n Mendia; <strong>Winifreda<\/strong>, Marta Berg, Ricardo Pellegrino, Mario Corredera, Marcelo Moroni, Jorge Salvetti, y siguen las localidades y firman de adherentes a esta publicaci\u00f3n.<\/p>\n<p><\/p>","protected":false},"excerpt":{"rendered":"<p>Hip\u00f3lito \u201cPoli\u201d Altolaguirre, a solo dos d\u00edas de que expire el plazo para presentar candidatos a las elecciones legislativas, mostr\u00f3 sus cartas: en un documento, este jueves al mediod\u00eda recibi\u00f3&hellip;<\/p>\n","protected":false},"author":3,"featured_media":12721,"comment_status":"closed","ping_status":"open","sticky":false,"template":"","format":"standard","meta":{"_acf_changed":false,"footnotes":""},"categories":[11,8],"tags":[4794],"class_list":["post-155126","post","type-post","status-publish","format-standard","has-post-thumbnail","hentry","category-que-pasa","category-politica","tag-poli"],"acf":[],"yoast_head":"<!-- This site is optimized with the Yoast SEO plugin v27.5 - https:\/\/yoast.com\/product\/yoast-seo-wordpress\/ -->\n<title>&quot;Poli&quot; Altolaguirre saca chapa con trescientas adhesiones de casi toda la provincia - Diario Textual<\/title>\n<meta name=\"robots\" content=\"index, follow, max-snippet:-1, max-image-preview:large, max-video-preview:-1\" \/>\n<link rel=\"canonical\" href=\"https:\/\/diariotextual.com\/inicio\/index.php\/2021\/07\/22\/poli-altolaguirre-saca-chapa-con-decenas-de-adhesiones-de-casi-toda-la-provincia\/\" \/>\n<meta property=\"og:locale\" content=\"es_ES\" \/>\n<meta property=\"og:type\" content=\"article\" \/>\n<meta property=\"og:title\" content=\"&quot;Poli&quot; Altolaguirre saca chapa con trescientas adhesiones de casi toda la provincia - Diario Textual\" \/>\n<meta property=\"og:description\" content=\"Hip\u00f3lito \u201cPoli\u201d Altolaguirre, a solo dos d\u00edas de que expire el plazo para presentar candidatos a las elecciones legislativas, mostr\u00f3 sus cartas: en un documento, este jueves al mediod\u00eda recibi\u00f3&hellip;\" \/>\n<meta property=\"og:url\" content=\"https:\/\/diariotextual.com\/inicio\/index.php\/2021\/07\/22\/poli-altolaguirre-saca-chapa-con-decenas-de-adhesiones-de-casi-toda-la-provincia\/\" \/>\n<meta property=\"og:site_name\" content=\"Diario Textual\" \/>\n<meta property=\"article:publisher\" content=\"https:\/\/www.facebook.com\/eltextual\" \/>\n<meta property=\"article:published_time\" content=\"2021-07-22T16:54:46+00:00\" \/>\n<meta property=\"article:modified_time\" content=\"2021-07-23T12:19:26+00:00\" \/>\n<meta property=\"og:image\" content=\"https:\/\/diariotextual.com\/inicio\/wp-content\/uploads\/2018\/07\/altolaguirrehipolitopoli44555-1024x683.jpg\" \/>\n\t<meta property=\"og:image:width\" content=\"1024\" \/>\n\t<meta property=\"og:image:height\" content=\"683\" \/>\n\t<meta property=\"og:image:type\" content=\"image\/jpeg\" \/>\n<meta name=\"author\" content=\"Diario1 Diario1\" \/>\n<meta name=\"twitter:card\" content=\"summary_large_image\" \/>\n<meta name=\"twitter:creator\" content=\"@eltextual\" \/>\n<meta name=\"twitter:site\" content=\"@eltextual\" \/>\n<meta name=\"twitter:label1\" content=\"Escrito por\" \/>\n\t<meta name=\"twitter:data1\" content=\"Diario1 Diario1\" \/>\n\t<meta name=\"twitter:label2\" content=\"Tiempo de lectura\" \/>\n\t<meta name=\"twitter:data2\" content=\"5 minutos\" \/>\n<script type=\"application\/ld+json\" class=\"yoast-schema-graph\">{\"@context\":\"https:\\\/\\\/schema.org\",\"@graph\":[{\"@type\":\"Article\",\"@id\":\"https:\\\/\\\/diariotextual.com\\\/inicio\\\/index.php\\\/2021\\\/07\\\/22\\\/poli-altolaguirre-saca-chapa-con-decenas-de-adhesiones-de-casi-toda-la-provincia\\\/#article\",\"isPartOf\":{\"@id\":\"https:\\\/\\\/diariotextual.com\\\/inicio\\\/index.php\\\/2021\\\/07\\\/22\\\/poli-altolaguirre-saca-chapa-con-decenas-de-adhesiones-de-casi-toda-la-provincia\\\/\"},\"author\":{\"name\":\"Diario1 Diario1\",\"@id\":\"https:\\\/\\\/diariotextual.com\\\/inicio\\\/#\\\/schema\\\/person\\\/418fc4093c33e86ed41562db3508f958\"},\"headline\":\"\u00abPoli\u00bb Altolaguirre saca chapa con trescientas adhesiones de casi toda la provincia\",\"datePublished\":\"2021-07-22T16:54:46+00:00\",\"dateModified\":\"2021-07-23T12:19:26+00:00\",\"mainEntityOfPage\":{\"@id\":\"https:\\\/\\\/diariotextual.com\\\/inicio\\\/index.php\\\/2021\\\/07\\\/22\\\/poli-altolaguirre-saca-chapa-con-decenas-de-adhesiones-de-casi-toda-la-provincia\\\/\"},\"wordCount\":1210,\"publisher\":{\"@id\":\"https:\\\/\\\/diariotextual.com\\\/inicio\\\/#organization\"},\"image\":{\"@id\":\"https:\\\/\\\/diariotextual.com\\\/inicio\\\/index.php\\\/2021\\\/07\\\/22\\\/poli-altolaguirre-saca-chapa-con-decenas-de-adhesiones-de-casi-toda-la-provincia\\\/#primaryimage\"},\"thumbnailUrl\":\"https:\\\/\\\/diariotextual.com\\\/inicio\\\/wp-content\\\/uploads\\\/2018\\\/07\\\/altolaguirrehipolitopoli44555.jpg\",\"keywords\":[\"poli\"],\"articleSection\":[\"A - QUE PASA (al costado)\",\"POLITICA\"],\"inLanguage\":\"es\"},{\"@type\":\"WebPage\",\"@id\":\"https:\\\/\\\/diariotextual.com\\\/inicio\\\/index.php\\\/2021\\\/07\\\/22\\\/poli-altolaguirre-saca-chapa-con-decenas-de-adhesiones-de-casi-toda-la-provincia\\\/\",\"url\":\"https:\\\/\\\/diariotextual.com\\\/inicio\\\/index.php\\\/2021\\\/07\\\/22\\\/poli-altolaguirre-saca-chapa-con-decenas-de-adhesiones-de-casi-toda-la-provincia\\\/\",\"name\":\"\\\"Poli\\\" Altolaguirre saca chapa con trescientas adhesiones de casi toda la provincia - Diario Textual\",\"isPartOf\":{\"@id\":\"https:\\\/\\\/diariotextual.com\\\/inicio\\\/#website\"},\"primaryImageOfPage\":{\"@id\":\"https:\\\/\\\/diariotextual.com\\\/inicio\\\/index.php\\\/2021\\\/07\\\/22\\\/poli-altolaguirre-saca-chapa-con-decenas-de-adhesiones-de-casi-toda-la-provincia\\\/#primaryimage\"},\"image\":{\"@id\":\"https:\\\/\\\/diariotextual.com\\\/inicio\\\/index.php\\\/2021\\\/07\\\/22\\\/poli-altolaguirre-saca-chapa-con-decenas-de-adhesiones-de-casi-toda-la-provincia\\\/#primaryimage\"},\"thumbnailUrl\":\"https:\\\/\\\/diariotextual.com\\\/inicio\\\/wp-content\\\/uploads\\\/2018\\\/07\\\/altolaguirrehipolitopoli44555.jpg\",\"datePublished\":\"2021-07-22T16:54:46+00:00\",\"dateModified\":\"2021-07-23T12:19:26+00:00\",\"breadcrumb\":{\"@id\":\"https:\\\/\\\/diariotextual.com\\\/inicio\\\/index.php\\\/2021\\\/07\\\/22\\\/poli-altolaguirre-saca-chapa-con-decenas-de-adhesiones-de-casi-toda-la-provincia\\\/#breadcrumb\"},\"inLanguage\":\"es\",\"potentialAction\":[{\"@type\":\"ReadAction\",\"target\":[\"https:\\\/\\\/diariotextual.com\\\/inicio\\\/index.php\\\/2021\\\/07\\\/22\\\/poli-altolaguirre-saca-chapa-con-decenas-de-adhesiones-de-casi-toda-la-provincia\\\/\"]}]},{\"@type\":\"ImageObject\",\"inLanguage\":\"es\",\"@id\":\"https:\\\/\\\/diariotextual.com\\\/inicio\\\/index.php\\\/2021\\\/07\\\/22\\\/poli-altolaguirre-saca-chapa-con-decenas-de-adhesiones-de-casi-toda-la-provincia\\\/#primaryimage\",\"url\":\"https:\\\/\\\/diariotextual.com\\\/inicio\\\/wp-content\\\/uploads\\\/2018\\\/07\\\/altolaguirrehipolitopoli44555.jpg\",\"contentUrl\":\"https:\\\/\\\/diariotextual.com\\\/inicio\\\/wp-content\\\/uploads\\\/2018\\\/07\\\/altolaguirrehipolitopoli44555.jpg\",\"width\":4496,\"height\":3000},{\"@type\":\"BreadcrumbList\",\"@id\":\"https:\\\/\\\/diariotextual.com\\\/inicio\\\/index.php\\\/2021\\\/07\\\/22\\\/poli-altolaguirre-saca-chapa-con-decenas-de-adhesiones-de-casi-toda-la-provincia\\\/#breadcrumb\",\"itemListElement\":[{\"@type\":\"ListItem\",\"position\":1,\"name\":\"Portada\",\"item\":\"https:\\\/\\\/diariotextual.com\\\/inicio\\\/\"},{\"@type\":\"ListItem\",\"position\":2,\"name\":\"\u00abPoli\u00bb Altolaguirre saca chapa con trescientas adhesiones de casi toda la provincia\"}]},{\"@type\":\"WebSite\",\"@id\":\"https:\\\/\\\/diariotextual.com\\\/inicio\\\/#website\",\"url\":\"https:\\\/\\\/diariotextual.com\\\/inicio\\\/\",\"name\":\"Diario Textual\",\"description\":\"\",\"publisher\":{\"@id\":\"https:\\\/\\\/diariotextual.com\\\/inicio\\\/#organization\"},\"potentialAction\":[{\"@type\":\"SearchAction\",\"target\":{\"@type\":\"EntryPoint\",\"urlTemplate\":\"https:\\\/\\\/diariotextual.com\\\/inicio\\\/?s={search_term_string}\"},\"query-input\":{\"@type\":\"PropertyValueSpecification\",\"valueRequired\":true,\"valueName\":\"search_term_string\"}}],\"inLanguage\":\"es\"},{\"@type\":\"Organization\",\"@id\":\"https:\\\/\\\/diariotextual.com\\\/inicio\\\/#organization\",\"name\":\"Diario Textual\",\"url\":\"https:\\\/\\\/diariotextual.com\\\/inicio\\\/\",\"logo\":{\"@type\":\"ImageObject\",\"inLanguage\":\"es\",\"@id\":\"https:\\\/\\\/diariotextual.com\\\/inicio\\\/#\\\/schema\\\/logo\\\/image\\\/\",\"url\":\"https:\\\/\\\/diariotextual.com\\\/inicio\\\/wp-content\\\/uploads\\\/2023\\\/05\\\/logotextual1.jpg\",\"contentUrl\":\"https:\\\/\\\/diariotextual.com\\\/inicio\\\/wp-content\\\/uploads\\\/2023\\\/05\\\/logotextual1.jpg\",\"width\":516,\"height\":76,\"caption\":\"Diario Textual\"},\"image\":{\"@id\":\"https:\\\/\\\/diariotextual.com\\\/inicio\\\/#\\\/schema\\\/logo\\\/image\\\/\"},\"sameAs\":[\"https:\\\/\\\/www.facebook.com\\\/eltextual\",\"https:\\\/\\\/x.com\\\/eltextual\",\"http:\\\/\\\/www.instagram.com\\\/eltextual\"]},{\"@type\":\"Person\",\"@id\":\"https:\\\/\\\/diariotextual.com\\\/inicio\\\/#\\\/schema\\\/person\\\/418fc4093c33e86ed41562db3508f958\",\"name\":\"Diario1 Diario1\",\"image\":{\"@type\":\"ImageObject\",\"inLanguage\":\"es\",\"@id\":\"https:\\\/\\\/secure.gravatar.com\\\/avatar\\\/9167d280179c85bc18be67aa7eda765854300033af4896dd779b608640f2ef7a?s=96&d=mm&r=g\",\"url\":\"https:\\\/\\\/secure.gravatar.com\\\/avatar\\\/9167d280179c85bc18be67aa7eda765854300033af4896dd779b608640f2ef7a?s=96&d=mm&r=g\",\"contentUrl\":\"https:\\\/\\\/secure.gravatar.com\\\/avatar\\\/9167d280179c85bc18be67aa7eda765854300033af4896dd779b608640f2ef7a?s=96&d=mm&r=g\",\"caption\":\"Diario1 Diario1\"},\"url\":\"https:\\\/\\\/diariotextual.com\\\/inicio\\\/index.php\\\/author\\\/diario1\\\/\"}]}<\/script>\n<!-- \/ Yoast SEO plugin. -->","yoast_head_json":{"title":"\"Poli\" Altolaguirre saca chapa con trescientas adhesiones de casi toda la provincia - Diario Textual","robots":{"index":"index","follow":"follow","max-snippet":"max-snippet:-1","max-image-preview":"max-image-preview:large","max-video-preview":"max-video-preview:-1"},"canonical":"https:\/\/diariotextual.com\/inicio\/index.php\/2021\/07\/22\/poli-altolaguirre-saca-chapa-con-decenas-de-adhesiones-de-casi-toda-la-provincia\/","og_locale":"es_ES","og_type":"article","og_title":"\"Poli\" Altolaguirre saca chapa con trescientas adhesiones de casi toda la provincia - Diario Textual","og_description":"Hip\u00f3lito \u201cPoli\u201d Altolaguirre, a solo dos d\u00edas de que expire el plazo para presentar candidatos a las elecciones legislativas, mostr\u00f3 sus cartas: en un documento, este jueves al mediod\u00eda recibi\u00f3&hellip;","og_url":"https:\/\/diariotextual.com\/inicio\/index.php\/2021\/07\/22\/poli-altolaguirre-saca-chapa-con-decenas-de-adhesiones-de-casi-toda-la-provincia\/","og_site_name":"Diario Textual","article_publisher":"https:\/\/www.facebook.com\/eltextual","article_published_time":"2021-07-22T16:54:46+00:00","article_modified_time":"2021-07-23T12:19:26+00:00","og_image":[{"width":1024,"height":683,"url":"https:\/\/diariotextual.com\/inicio\/wp-content\/uploads\/2018\/07\/altolaguirrehipolitopoli44555-1024x683.jpg","type":"image\/jpeg"}],"author":"Diario1 Diario1","twitter_card":"summary_large_image","twitter_creator":"@eltextual","twitter_site":"@eltextual","twitter_misc":{"Escrito por":"Diario1 Diario1","Tiempo de lectura":"5 minutos"},"schema":{"@context":"https:\/\/schema.org","@graph":[{"@type":"Article","@id":"https:\/\/diariotextual.com\/inicio\/index.php\/2021\/07\/22\/poli-altolaguirre-saca-chapa-con-decenas-de-adhesiones-de-casi-toda-la-provincia\/#article","isPartOf":{"@id":"https:\/\/diariotextual.com\/inicio\/index.php\/2021\/07\/22\/poli-altolaguirre-saca-chapa-con-decenas-de-adhesiones-de-casi-toda-la-provincia\/"},"author":{"name":"Diario1 Diario1","@id":"https:\/\/diariotextual.com\/inicio\/#\/schema\/person\/418fc4093c33e86ed41562db3508f958"},"headline":"\u00abPoli\u00bb Altolaguirre saca chapa con trescientas adhesiones de casi toda la provincia","datePublished":"2021-07-22T16:54:46+00:00","dateModified":"2021-07-23T12:19:26+00:00","mainEntityOfPage":{"@id":"https:\/\/diariotextual.com\/inicio\/index.php\/2021\/07\/22\/poli-altolaguirre-saca-chapa-con-decenas-de-adhesiones-de-casi-toda-la-provincia\/"},"wordCount":1210,"publisher":{"@id":"https:\/\/diariotextual.com\/inicio\/#organization"},"image":{"@id":"https:\/\/diariotextual.com\/inicio\/index.php\/2021\/07\/22\/poli-altolaguirre-saca-chapa-con-decenas-de-adhesiones-de-casi-toda-la-provincia\/#primaryimage"},"thumbnailUrl":"https:\/\/diariotextual.com\/inicio\/wp-content\/uploads\/2018\/07\/altolaguirrehipolitopoli44555.jpg","keywords":["poli"],"articleSection":["A - QUE PASA (al costado)","POLITICA"],"inLanguage":"es"},{"@type":"WebPage","@id":"https:\/\/diariotextual.com\/inicio\/index.php\/2021\/07\/22\/poli-altolaguirre-saca-chapa-con-decenas-de-adhesiones-de-casi-toda-la-provincia\/","url":"https:\/\/diariotextual.com\/inicio\/index.php\/2021\/07\/22\/poli-altolaguirre-saca-chapa-con-decenas-de-adhesiones-de-casi-toda-la-provincia\/","name":"\"Poli\" Altolaguirre saca chapa con trescientas adhesiones de casi toda la provincia - Diario Textual","isPartOf":{"@id":"https:\/\/diariotextual.com\/inicio\/#website"},"primaryImageOfPage":{"@id":"https:\/\/diariotextual.com\/inicio\/index.php\/2021\/07\/22\/poli-altolaguirre-saca-chapa-con-decenas-de-adhesiones-de-casi-toda-la-provincia\/#primaryimage"},"image":{"@id":"https:\/\/diariotextual.com\/inicio\/index.php\/2021\/07\/22\/poli-altolaguirre-saca-chapa-con-decenas-de-adhesiones-de-casi-toda-la-provincia\/#primaryimage"},"thumbnailUrl":"https:\/\/diariotextual.com\/inicio\/wp-content\/uploads\/2018\/07\/altolaguirrehipolitopoli44555.jpg","datePublished":"2021-07-22T16:54:46+00:00","dateModified":"2021-07-23T12:19:26+00:00","breadcrumb":{"@id":"https:\/\/diariotextual.com\/inicio\/index.php\/2021\/07\/22\/poli-altolaguirre-saca-chapa-con-decenas-de-adhesiones-de-casi-toda-la-provincia\/#breadcrumb"},"inLanguage":"es","potentialAction":[{"@type":"ReadAction","target":["https:\/\/diariotextual.com\/inicio\/index.php\/2021\/07\/22\/poli-altolaguirre-saca-chapa-con-decenas-de-adhesiones-de-casi-toda-la-provincia\/"]}]},{"@type":"ImageObject","inLanguage":"es","@id":"https:\/\/diariotextual.com\/inicio\/index.php\/2021\/07\/22\/poli-altolaguirre-saca-chapa-con-decenas-de-adhesiones-de-casi-toda-la-provincia\/#primaryimage","url":"https:\/\/diariotextual.com\/inicio\/wp-content\/uploads\/2018\/07\/altolaguirrehipolitopoli44555.jpg","contentUrl":"https:\/\/diariotextual.com\/inicio\/wp-content\/uploads\/2018\/07\/altolaguirrehipolitopoli44555.jpg","width":4496,"height":3000},{"@type":"BreadcrumbList","@id":"https:\/\/diariotextual.com\/inicio\/index.php\/2021\/07\/22\/poli-altolaguirre-saca-chapa-con-decenas-de-adhesiones-de-casi-toda-la-provincia\/#breadcrumb","itemListElement":[{"@type":"ListItem","position":1,"name":"Portada","item":"https:\/\/diariotextual.com\/inicio\/"},{"@type":"ListItem","position":2,"name":"\u00abPoli\u00bb Altolaguirre saca chapa con trescientas adhesiones de casi toda la provincia"}]},{"@type":"WebSite","@id":"https:\/\/diariotextual.com\/inicio\/#website","url":"https:\/\/diariotextual.com\/inicio\/","name":"Diario Textual","description":"","publisher":{"@id":"https:\/\/diariotextual.com\/inicio\/#organization"},"potentialAction":[{"@type":"SearchAction","target":{"@type":"EntryPoint","urlTemplate":"https:\/\/diariotextual.com\/inicio\/?s={search_term_string}"},"query-input":{"@type":"PropertyValueSpecification","valueRequired":true,"valueName":"search_term_string"}}],"inLanguage":"es"},{"@type":"Organization","@id":"https:\/\/diariotextual.com\/inicio\/#organization","name":"Diario Textual","url":"https:\/\/diariotextual.com\/inicio\/","logo":{"@type":"ImageObject","inLanguage":"es","@id":"https:\/\/diariotextual.com\/inicio\/#\/schema\/logo\/image\/","url":"https:\/\/diariotextual.com\/inicio\/wp-content\/uploads\/2023\/05\/logotextual1.jpg","contentUrl":"https:\/\/diariotextual.com\/inicio\/wp-content\/uploads\/2023\/05\/logotextual1.jpg","width":516,"height":76,"caption":"Diario Textual"},"image":{"@id":"https:\/\/diariotextual.com\/inicio\/#\/schema\/logo\/image\/"},"sameAs":["https:\/\/www.facebook.com\/eltextual","https:\/\/x.com\/eltextual","http:\/\/www.instagram.com\/eltextual"]},{"@type":"Person","@id":"https:\/\/diariotextual.com\/inicio\/#\/schema\/person\/418fc4093c33e86ed41562db3508f958","name":"Diario1 Diario1","image":{"@type":"ImageObject","inLanguage":"es","@id":"https:\/\/secure.gravatar.com\/avatar\/9167d280179c85bc18be67aa7eda765854300033af4896dd779b608640f2ef7a?s=96&d=mm&r=g","url":"https:\/\/secure.gravatar.com\/avatar\/9167d280179c85bc18be67aa7eda765854300033af4896dd779b608640f2ef7a?s=96&d=mm&r=g","contentUrl":"https:\/\/secure.gravatar.com\/avatar\/9167d280179c85bc18be67aa7eda765854300033af4896dd779b608640f2ef7a?s=96&d=mm&r=g","caption":"Diario1 Diario1"},"url":"https:\/\/diariotextual.com\/inicio\/index.php\/author\/diario1\/"}]}},"_links":{"self":[{"href":"https:\/\/diariotextual.com\/inicio\/index.php\/wp-json\/wp\/v2\/posts\/155126","targetHints":{"allow":["GET"]}}],"collection":[{"href":"https:\/\/diariotextual.com\/inicio\/index.php\/wp-json\/wp\/v2\/posts"}],"about":[{"href":"https:\/\/diariotextual.com\/inicio\/index.php\/wp-json\/wp\/v2\/types\/post"}],"author":[{"embeddable":true,"href":"https:\/\/diariotextual.com\/inicio\/index.php\/wp-json\/wp\/v2\/users\/3"}],"replies":[{"embeddable":true,"href":"https:\/\/diariotextual.com\/inicio\/index.php\/wp-json\/wp\/v2\/comments?post=155126"}],"version-history":[{"count":7,"href":"https:\/\/diariotextual.com\/inicio\/index.php\/wp-json\/wp\/v2\/posts\/155126\/revisions"}],"predecessor-version":[{"id":155136,"href":"https:\/\/diariotextual.com\/inicio\/index.php\/wp-json\/wp\/v2\/posts\/155126\/revisions\/155136"}],"wp:featuredmedia":[{"embeddable":true,"href":"https:\/\/diariotextual.com\/inicio\/index.php\/wp-json\/wp\/v2\/media\/12721"}],"wp:attachment":[{"href":"https:\/\/diariotextual.com\/inicio\/index.php\/wp-json\/wp\/v2\/media?parent=155126"}],"wp:term":[{"taxonomy":"category","embeddable":true,"href":"https:\/\/diariotextual.com\/inicio\/index.php\/wp-json\/wp\/v2\/categories?post=155126"},{"taxonomy":"post_tag","embeddable":true,"href":"https:\/\/diariotextual.com\/inicio\/index.php\/wp-json\/wp\/v2\/tags?post=155126"}],"curies":[{"name":"wp","href":"https:\/\/api.w.org\/{rel}","templated":true}]}}