{"id":155137,"date":"2021-07-22T15:06:45","date_gmt":"2021-07-22T18:06:45","guid":{"rendered":"https:\/\/diariotextual.com\/inicio\/?p=155137"},"modified":"2021-07-22T20:05:50","modified_gmt":"2021-07-22T23:05:50","slug":"el-todo-o-el-gesto-juntos-define-listas-con-el-fantasma-de-2017-detras","status":"publish","type":"post","link":"https:\/\/diariotextual.com\/inicio\/index.php\/2021\/07\/22\/el-todo-o-el-gesto-juntos-define-listas-con-el-fantasma-de-2017-detras\/","title":{"rendered":"\u00bfEl todo o el gesto? Juntos define listas con el fantasma de 2017 detr\u00e1s"},"content":{"rendered":"\n<h2 class=\"wp-block-heading\">Norberto G. Asquini<\/h2>\n\n\n\n<p>Son <strong>horas decisivas <\/strong>para<strong> Juntos por el Cambio en La Pampa<\/strong>. A trav\u00e9s de charlas cruzadas de todos con todos, <strong>se est\u00e1n definiendo las listas en medio de una fuerte incertidumbre y varios nombres en danza que disputan la principal candidatura de la oposici\u00f3n al peronismo y a su vez el rumbo de esa coalici\u00f3n de cara a 2023.<\/strong><\/p>\n\n\n\n<p>La situaci\u00f3n del JxC pampeano no es muy distinta a lo que ocurre en otros distritos del pa\u00eds. Se est\u00e1 reconfigurando el espacio opositor al peronismo y disput\u00e1ndose liderazgos tras la salida del gobierno nacional en 2019. En casi todos los distritos, desde los m\u00e1s importantes a los m\u00e1s chicos, <strong>se observa el choque entre listas radicales y del PRO y adem\u00e1s varios sectores de la UCR presentando sus propios postulantes.<\/strong><\/p>\n\n\n\n<p>Lo mismo ocurre en la UCR pampeana, con cinco sectores que quieren presentar candidatos y candidatas. Se dispar\u00f3 as\u00ed la tradicional rosca, en la que todos hablan con todos, y se espera la definici\u00f3n para los \u00faltimos 15 minutos antes de la presentaci\u00f3n de listas, que esta vez es digital. Hay una situaci\u00f3n de empate, replanteos de roles y liderazgos en disputas.<\/p>\n\n\n\n<p>Hay <strong>dos cuestiones a tener en cuenta <\/strong>en todo esto que condiciona a los armadores: <strong>todos quieren encabezar la boleta para el Senado<\/strong>, que en la actual situaci\u00f3n va a definir l\u00edderes y espacios a futuro. La lista que gana, se lleva los dos premios juntos: senador y diputado. Y por otro lado, <strong>ronda el fantasma del 2017, cuando la divisi\u00f3n en dos boletas de los y las radicales favoreci\u00f3 el triunfo del PRO<\/strong>. Encuestas que se hicieron, y otras que dicen tener cada candidato, midieron a los que estaban en carrera hace un mes: Daniel Kroneberger, Hip\u00f3lito Altolaguirre y Mart\u00edn Maquieyra. Uno m\u00e1s arriba que el otro, pero <strong>todos en un tercio <\/strong>de las adhesiones. Maquieyra ante la eventual presentaci\u00f3n de varias listas radicales corre con una ventaja: el apoyo que tendr\u00e1 de las principales figuras del PRO nacional, sobre todo de Rodr\u00edguez Larreta que mide bien en estos momentos, tambi\u00e9n en La Pampa.<\/p>\n\n\n\n<p>Para algunos, <strong>es a todo o nada.<\/strong> Altolaguirre ya se present\u00f3 como el candidato con m\u00e1s estructura interna y apoyos nacionales, adem\u00e1s las pelea a todas las que se enfrenta; Kroneberger con una campa\u00f1a a gobernador encima y una oportunidad que siempre esper\u00f3; los Azules queriendo mantener su lugar dentro de la UCR y un Hugo P\u00e9rez inflexible; las mujeres radicales entendiendo que deben ser consideradas en lugares de preeminencia; Coppo plantando la bandera de Pico y la renovaci\u00f3n. Salvo en los casos de Altolaguirre y Kroneberger, que ya avisaron no se iban a bajar por nada en una postura de m\u00e1xima, en el resto parece avisar que se buscan consensos y entendimientos, con los nombres que proponen dentro de las boletas en lugares expectables. La discusi\u00f3n igual es dif\u00edcil: un candidato puede tener m\u00e1s estructura interna que otro, pero en una PASO la gente es la que define.<\/p>\n\n\n\n<p><strong>Pero tambi\u00e9n la postura de a todo o nada entra en contradicci\u00f3n con lo que piensa el radicalismo en su conjunto<\/strong>. Si la divisi\u00f3n lleva a una derrota frente al PRO, se perder\u00edan los dos cargos, y el principal que tiene la oposici\u00f3n en La Pampa. Y se comenzar\u00eda a discutir qu\u00e9 fuerza es la que lidera al arco antiperonista en la provincia. Los radicales arriesgan mucho.<\/p>\n\n\n\n<p>Hay dirigentes que igualmente afirman que se podr\u00e1 finalmente llegar a un entendimiento para evitar una derrota segura. \u201cSi no los une la racionalidad, al menos los empuja el espanto\u201d, indic\u00f3 uno de los consultados. Por eso se espera que ante una posible victoria del PRO, algunos de los postulados hagan el gesto de bajarse \u201ca pedido del partido\u201d.<\/p>\n\n\n\n<p>En el PRO el seguro candidato es Maquieyra. Fuerte en General Pico y otros puntos y con apoyos nacionales. Tambi\u00e9n entre los amarillos, que tienen sus divisiones, el ganar es apremiante porque se quedar\u00edan sin un cargo en el Congreso, lo que significar\u00eda un retroceso pol\u00edtico. Mientras tanto, los otros partidos que han sido aliados del PRO como el Mofepa y el MID tambi\u00e9n conversan si van por las suyas o integran una lista en conjunto de Propuesta Federal. En ese sentido el PRO es m\u00e1s ordenado que la UCR, donde reina el desorden.<\/p>\n\n\n\n<p>Quedan <strong>dos d\u00edas de fren\u00e9ticas charlas, presiones y definiciones<\/strong>. Juntos por el Cambio en La Pampa est\u00e1 revolucionado y no es para menos: este s\u00e1bado comienza el camino hacia 2023 y todos quieren picar en punta.<\/p>\n","protected":false},"excerpt":{"rendered":"<p>Norberto G. Asquini Son horas decisivas para Juntos por el Cambio en La Pampa. A trav\u00e9s de charlas cruzadas de todos con todos, se est\u00e1n definiendo las listas en medio&hellip;<\/p>\n","protected":false},"author":3,"featured_media":155140,"comment_status":"closed","ping_status":"open","sticky":false,"template":"","format":"standard","meta":{"_acf_changed":false,"footnotes":""},"categories":[10,8],"tags":[5785],"class_list":["post-155137","post","type-post","status-publish","format-standard","has-post-thumbnail","hentry","category-portada-2","category-politica","tag-juntos"],"acf":[],"yoast_head":"<!-- This site is optimized with the Yoast SEO plugin v27.5 - https:\/\/yoast.com\/product\/yoast-seo-wordpress\/ -->\n<title>\u00bfEl todo o el gesto? Juntos define listas con el fantasma de 2017 detr\u00e1s - Diario Textual<\/title>\n<meta name=\"robots\" content=\"index, follow, max-snippet:-1, max-image-preview:large, max-video-preview:-1\" \/>\n<link rel=\"canonical\" href=\"https:\/\/diariotextual.com\/inicio\/index.php\/2021\/07\/22\/el-todo-o-el-gesto-juntos-define-listas-con-el-fantasma-de-2017-detras\/\" \/>\n<meta property=\"og:locale\" content=\"es_ES\" \/>\n<meta property=\"og:type\" content=\"article\" \/>\n<meta property=\"og:title\" content=\"\u00bfEl todo o el gesto? Juntos define listas con el fantasma de 2017 detr\u00e1s - Diario Textual\" \/>\n<meta property=\"og:description\" content=\"Norberto G. Asquini Son horas decisivas para Juntos por el Cambio en La Pampa. A trav\u00e9s de charlas cruzadas de todos con todos, se est\u00e1n definiendo las listas en medio&hellip;\" \/>\n<meta property=\"og:url\" content=\"https:\/\/diariotextual.com\/inicio\/index.php\/2021\/07\/22\/el-todo-o-el-gesto-juntos-define-listas-con-el-fantasma-de-2017-detras\/\" \/>\n<meta property=\"og:site_name\" content=\"Diario Textual\" \/>\n<meta property=\"article:publisher\" content=\"https:\/\/www.facebook.com\/eltextual\" \/>\n<meta property=\"article:published_time\" content=\"2021-07-22T18:06:45+00:00\" \/>\n<meta property=\"article:modified_time\" content=\"2021-07-22T23:05:50+00:00\" \/>\n<meta property=\"og:image\" content=\"https:\/\/diariotextual.com\/inicio\/wp-content\/uploads\/2021\/07\/juntosporelcambio3.jpg\" \/>\n\t<meta property=\"og:image:width\" content=\"945\" \/>\n\t<meta property=\"og:image:height\" content=\"527\" \/>\n\t<meta property=\"og:image:type\" content=\"image\/jpeg\" \/>\n<meta name=\"author\" content=\"Diario1 Diario1\" \/>\n<meta name=\"twitter:card\" content=\"summary_large_image\" \/>\n<meta name=\"twitter:creator\" content=\"@eltextual\" \/>\n<meta name=\"twitter:site\" content=\"@eltextual\" \/>\n<meta name=\"twitter:label1\" content=\"Escrito por\" \/>\n\t<meta name=\"twitter:data1\" content=\"Diario1 Diario1\" \/>\n\t<meta name=\"twitter:label2\" content=\"Tiempo de lectura\" \/>\n\t<meta name=\"twitter:data2\" content=\"4 minutos\" \/>\n<script type=\"application\/ld+json\" class=\"yoast-schema-graph\">{\"@context\":\"https:\\\/\\\/schema.org\",\"@graph\":[{\"@type\":\"Article\",\"@id\":\"https:\\\/\\\/diariotextual.com\\\/inicio\\\/index.php\\\/2021\\\/07\\\/22\\\/el-todo-o-el-gesto-juntos-define-listas-con-el-fantasma-de-2017-detras\\\/#article\",\"isPartOf\":{\"@id\":\"https:\\\/\\\/diariotextual.com\\\/inicio\\\/index.php\\\/2021\\\/07\\\/22\\\/el-todo-o-el-gesto-juntos-define-listas-con-el-fantasma-de-2017-detras\\\/\"},\"author\":{\"name\":\"Diario1 Diario1\",\"@id\":\"https:\\\/\\\/diariotextual.com\\\/inicio\\\/#\\\/schema\\\/person\\\/418fc4093c33e86ed41562db3508f958\"},\"headline\":\"\u00bfEl todo o el gesto? Juntos define listas con el fantasma de 2017 detr\u00e1s\",\"datePublished\":\"2021-07-22T18:06:45+00:00\",\"dateModified\":\"2021-07-22T23:05:50+00:00\",\"mainEntityOfPage\":{\"@id\":\"https:\\\/\\\/diariotextual.com\\\/inicio\\\/index.php\\\/2021\\\/07\\\/22\\\/el-todo-o-el-gesto-juntos-define-listas-con-el-fantasma-de-2017-detras\\\/\"},\"wordCount\":810,\"publisher\":{\"@id\":\"https:\\\/\\\/diariotextual.com\\\/inicio\\\/#organization\"},\"image\":{\"@id\":\"https:\\\/\\\/diariotextual.com\\\/inicio\\\/index.php\\\/2021\\\/07\\\/22\\\/el-todo-o-el-gesto-juntos-define-listas-con-el-fantasma-de-2017-detras\\\/#primaryimage\"},\"thumbnailUrl\":\"https:\\\/\\\/diariotextual.com\\\/inicio\\\/wp-content\\\/uploads\\\/2021\\\/07\\\/juntosporelcambio3.jpg\",\"keywords\":[\"juntos\"],\"articleSection\":[\"A - PORTADA2\",\"POLITICA\"],\"inLanguage\":\"es\"},{\"@type\":\"WebPage\",\"@id\":\"https:\\\/\\\/diariotextual.com\\\/inicio\\\/index.php\\\/2021\\\/07\\\/22\\\/el-todo-o-el-gesto-juntos-define-listas-con-el-fantasma-de-2017-detras\\\/\",\"url\":\"https:\\\/\\\/diariotextual.com\\\/inicio\\\/index.php\\\/2021\\\/07\\\/22\\\/el-todo-o-el-gesto-juntos-define-listas-con-el-fantasma-de-2017-detras\\\/\",\"name\":\"\u00bfEl todo o el gesto? Juntos define listas con el fantasma de 2017 detr\u00e1s - Diario Textual\",\"isPartOf\":{\"@id\":\"https:\\\/\\\/diariotextual.com\\\/inicio\\\/#website\"},\"primaryImageOfPage\":{\"@id\":\"https:\\\/\\\/diariotextual.com\\\/inicio\\\/index.php\\\/2021\\\/07\\\/22\\\/el-todo-o-el-gesto-juntos-define-listas-con-el-fantasma-de-2017-detras\\\/#primaryimage\"},\"image\":{\"@id\":\"https:\\\/\\\/diariotextual.com\\\/inicio\\\/index.php\\\/2021\\\/07\\\/22\\\/el-todo-o-el-gesto-juntos-define-listas-con-el-fantasma-de-2017-detras\\\/#primaryimage\"},\"thumbnailUrl\":\"https:\\\/\\\/diariotextual.com\\\/inicio\\\/wp-content\\\/uploads\\\/2021\\\/07\\\/juntosporelcambio3.jpg\",\"datePublished\":\"2021-07-22T18:06:45+00:00\",\"dateModified\":\"2021-07-22T23:05:50+00:00\",\"breadcrumb\":{\"@id\":\"https:\\\/\\\/diariotextual.com\\\/inicio\\\/index.php\\\/2021\\\/07\\\/22\\\/el-todo-o-el-gesto-juntos-define-listas-con-el-fantasma-de-2017-detras\\\/#breadcrumb\"},\"inLanguage\":\"es\",\"potentialAction\":[{\"@type\":\"ReadAction\",\"target\":[\"https:\\\/\\\/diariotextual.com\\\/inicio\\\/index.php\\\/2021\\\/07\\\/22\\\/el-todo-o-el-gesto-juntos-define-listas-con-el-fantasma-de-2017-detras\\\/\"]}]},{\"@type\":\"ImageObject\",\"inLanguage\":\"es\",\"@id\":\"https:\\\/\\\/diariotextual.com\\\/inicio\\\/index.php\\\/2021\\\/07\\\/22\\\/el-todo-o-el-gesto-juntos-define-listas-con-el-fantasma-de-2017-detras\\\/#primaryimage\",\"url\":\"https:\\\/\\\/diariotextual.com\\\/inicio\\\/wp-content\\\/uploads\\\/2021\\\/07\\\/juntosporelcambio3.jpg\",\"contentUrl\":\"https:\\\/\\\/diariotextual.com\\\/inicio\\\/wp-content\\\/uploads\\\/2021\\\/07\\\/juntosporelcambio3.jpg\",\"width\":945,\"height\":527},{\"@type\":\"BreadcrumbList\",\"@id\":\"https:\\\/\\\/diariotextual.com\\\/inicio\\\/index.php\\\/2021\\\/07\\\/22\\\/el-todo-o-el-gesto-juntos-define-listas-con-el-fantasma-de-2017-detras\\\/#breadcrumb\",\"itemListElement\":[{\"@type\":\"ListItem\",\"position\":1,\"name\":\"Portada\",\"item\":\"https:\\\/\\\/diariotextual.com\\\/inicio\\\/\"},{\"@type\":\"ListItem\",\"position\":2,\"name\":\"\u00bfEl todo o el gesto? Juntos define listas con el fantasma de 2017 detr\u00e1s\"}]},{\"@type\":\"WebSite\",\"@id\":\"https:\\\/\\\/diariotextual.com\\\/inicio\\\/#website\",\"url\":\"https:\\\/\\\/diariotextual.com\\\/inicio\\\/\",\"name\":\"Diario Textual\",\"description\":\"\",\"publisher\":{\"@id\":\"https:\\\/\\\/diariotextual.com\\\/inicio\\\/#organization\"},\"potentialAction\":[{\"@type\":\"SearchAction\",\"target\":{\"@type\":\"EntryPoint\",\"urlTemplate\":\"https:\\\/\\\/diariotextual.com\\\/inicio\\\/?s={search_term_string}\"},\"query-input\":{\"@type\":\"PropertyValueSpecification\",\"valueRequired\":true,\"valueName\":\"search_term_string\"}}],\"inLanguage\":\"es\"},{\"@type\":\"Organization\",\"@id\":\"https:\\\/\\\/diariotextual.com\\\/inicio\\\/#organization\",\"name\":\"Diario Textual\",\"url\":\"https:\\\/\\\/diariotextual.com\\\/inicio\\\/\",\"logo\":{\"@type\":\"ImageObject\",\"inLanguage\":\"es\",\"@id\":\"https:\\\/\\\/diariotextual.com\\\/inicio\\\/#\\\/schema\\\/logo\\\/image\\\/\",\"url\":\"https:\\\/\\\/diariotextual.com\\\/inicio\\\/wp-content\\\/uploads\\\/2023\\\/05\\\/logotextual1.jpg\",\"contentUrl\":\"https:\\\/\\\/diariotextual.com\\\/inicio\\\/wp-content\\\/uploads\\\/2023\\\/05\\\/logotextual1.jpg\",\"width\":516,\"height\":76,\"caption\":\"Diario Textual\"},\"image\":{\"@id\":\"https:\\\/\\\/diariotextual.com\\\/inicio\\\/#\\\/schema\\\/logo\\\/image\\\/\"},\"sameAs\":[\"https:\\\/\\\/www.facebook.com\\\/eltextual\",\"https:\\\/\\\/x.com\\\/eltextual\",\"http:\\\/\\\/www.instagram.com\\\/eltextual\"]},{\"@type\":\"Person\",\"@id\":\"https:\\\/\\\/diariotextual.com\\\/inicio\\\/#\\\/schema\\\/person\\\/418fc4093c33e86ed41562db3508f958\",\"name\":\"Diario1 Diario1\",\"image\":{\"@type\":\"ImageObject\",\"inLanguage\":\"es\",\"@id\":\"https:\\\/\\\/secure.gravatar.com\\\/avatar\\\/9167d280179c85bc18be67aa7eda765854300033af4896dd779b608640f2ef7a?s=96&d=mm&r=g\",\"url\":\"https:\\\/\\\/secure.gravatar.com\\\/avatar\\\/9167d280179c85bc18be67aa7eda765854300033af4896dd779b608640f2ef7a?s=96&d=mm&r=g\",\"contentUrl\":\"https:\\\/\\\/secure.gravatar.com\\\/avatar\\\/9167d280179c85bc18be67aa7eda765854300033af4896dd779b608640f2ef7a?s=96&d=mm&r=g\",\"caption\":\"Diario1 Diario1\"},\"url\":\"https:\\\/\\\/diariotextual.com\\\/inicio\\\/index.php\\\/author\\\/diario1\\\/\"}]}<\/script>\n<!-- \/ Yoast SEO plugin. -->","yoast_head_json":{"title":"\u00bfEl todo o el gesto? Juntos define listas con el fantasma de 2017 detr\u00e1s - Diario Textual","robots":{"index":"index","follow":"follow","max-snippet":"max-snippet:-1","max-image-preview":"max-image-preview:large","max-video-preview":"max-video-preview:-1"},"canonical":"https:\/\/diariotextual.com\/inicio\/index.php\/2021\/07\/22\/el-todo-o-el-gesto-juntos-define-listas-con-el-fantasma-de-2017-detras\/","og_locale":"es_ES","og_type":"article","og_title":"\u00bfEl todo o el gesto? Juntos define listas con el fantasma de 2017 detr\u00e1s - Diario Textual","og_description":"Norberto G. Asquini Son horas decisivas para Juntos por el Cambio en La Pampa. A trav\u00e9s de charlas cruzadas de todos con todos, se est\u00e1n definiendo las listas en medio&hellip;","og_url":"https:\/\/diariotextual.com\/inicio\/index.php\/2021\/07\/22\/el-todo-o-el-gesto-juntos-define-listas-con-el-fantasma-de-2017-detras\/","og_site_name":"Diario Textual","article_publisher":"https:\/\/www.facebook.com\/eltextual","article_published_time":"2021-07-22T18:06:45+00:00","article_modified_time":"2021-07-22T23:05:50+00:00","og_image":[{"width":945,"height":527,"url":"https:\/\/diariotextual.com\/inicio\/wp-content\/uploads\/2021\/07\/juntosporelcambio3.jpg","type":"image\/jpeg"}],"author":"Diario1 Diario1","twitter_card":"summary_large_image","twitter_creator":"@eltextual","twitter_site":"@eltextual","twitter_misc":{"Escrito por":"Diario1 Diario1","Tiempo de lectura":"4 minutos"},"schema":{"@context":"https:\/\/schema.org","@graph":[{"@type":"Article","@id":"https:\/\/diariotextual.com\/inicio\/index.php\/2021\/07\/22\/el-todo-o-el-gesto-juntos-define-listas-con-el-fantasma-de-2017-detras\/#article","isPartOf":{"@id":"https:\/\/diariotextual.com\/inicio\/index.php\/2021\/07\/22\/el-todo-o-el-gesto-juntos-define-listas-con-el-fantasma-de-2017-detras\/"},"author":{"name":"Diario1 Diario1","@id":"https:\/\/diariotextual.com\/inicio\/#\/schema\/person\/418fc4093c33e86ed41562db3508f958"},"headline":"\u00bfEl todo o el gesto? Juntos define listas con el fantasma de 2017 detr\u00e1s","datePublished":"2021-07-22T18:06:45+00:00","dateModified":"2021-07-22T23:05:50+00:00","mainEntityOfPage":{"@id":"https:\/\/diariotextual.com\/inicio\/index.php\/2021\/07\/22\/el-todo-o-el-gesto-juntos-define-listas-con-el-fantasma-de-2017-detras\/"},"wordCount":810,"publisher":{"@id":"https:\/\/diariotextual.com\/inicio\/#organization"},"image":{"@id":"https:\/\/diariotextual.com\/inicio\/index.php\/2021\/07\/22\/el-todo-o-el-gesto-juntos-define-listas-con-el-fantasma-de-2017-detras\/#primaryimage"},"thumbnailUrl":"https:\/\/diariotextual.com\/inicio\/wp-content\/uploads\/2021\/07\/juntosporelcambio3.jpg","keywords":["juntos"],"articleSection":["A - PORTADA2","POLITICA"],"inLanguage":"es"},{"@type":"WebPage","@id":"https:\/\/diariotextual.com\/inicio\/index.php\/2021\/07\/22\/el-todo-o-el-gesto-juntos-define-listas-con-el-fantasma-de-2017-detras\/","url":"https:\/\/diariotextual.com\/inicio\/index.php\/2021\/07\/22\/el-todo-o-el-gesto-juntos-define-listas-con-el-fantasma-de-2017-detras\/","name":"\u00bfEl todo o el gesto? Juntos define listas con el fantasma de 2017 detr\u00e1s - Diario Textual","isPartOf":{"@id":"https:\/\/diariotextual.com\/inicio\/#website"},"primaryImageOfPage":{"@id":"https:\/\/diariotextual.com\/inicio\/index.php\/2021\/07\/22\/el-todo-o-el-gesto-juntos-define-listas-con-el-fantasma-de-2017-detras\/#primaryimage"},"image":{"@id":"https:\/\/diariotextual.com\/inicio\/index.php\/2021\/07\/22\/el-todo-o-el-gesto-juntos-define-listas-con-el-fantasma-de-2017-detras\/#primaryimage"},"thumbnailUrl":"https:\/\/diariotextual.com\/inicio\/wp-content\/uploads\/2021\/07\/juntosporelcambio3.jpg","datePublished":"2021-07-22T18:06:45+00:00","dateModified":"2021-07-22T23:05:50+00:00","breadcrumb":{"@id":"https:\/\/diariotextual.com\/inicio\/index.php\/2021\/07\/22\/el-todo-o-el-gesto-juntos-define-listas-con-el-fantasma-de-2017-detras\/#breadcrumb"},"inLanguage":"es","potentialAction":[{"@type":"ReadAction","target":["https:\/\/diariotextual.com\/inicio\/index.php\/2021\/07\/22\/el-todo-o-el-gesto-juntos-define-listas-con-el-fantasma-de-2017-detras\/"]}]},{"@type":"ImageObject","inLanguage":"es","@id":"https:\/\/diariotextual.com\/inicio\/index.php\/2021\/07\/22\/el-todo-o-el-gesto-juntos-define-listas-con-el-fantasma-de-2017-detras\/#primaryimage","url":"https:\/\/diariotextual.com\/inicio\/wp-content\/uploads\/2021\/07\/juntosporelcambio3.jpg","contentUrl":"https:\/\/diariotextual.com\/inicio\/wp-content\/uploads\/2021\/07\/juntosporelcambio3.jpg","width":945,"height":527},{"@type":"BreadcrumbList","@id":"https:\/\/diariotextual.com\/inicio\/index.php\/2021\/07\/22\/el-todo-o-el-gesto-juntos-define-listas-con-el-fantasma-de-2017-detras\/#breadcrumb","itemListElement":[{"@type":"ListItem","position":1,"name":"Portada","item":"https:\/\/diariotextual.com\/inicio\/"},{"@type":"ListItem","position":2,"name":"\u00bfEl todo o el gesto? Juntos define listas con el fantasma de 2017 detr\u00e1s"}]},{"@type":"WebSite","@id":"https:\/\/diariotextual.com\/inicio\/#website","url":"https:\/\/diariotextual.com\/inicio\/","name":"Diario Textual","description":"","publisher":{"@id":"https:\/\/diariotextual.com\/inicio\/#organization"},"potentialAction":[{"@type":"SearchAction","target":{"@type":"EntryPoint","urlTemplate":"https:\/\/diariotextual.com\/inicio\/?s={search_term_string}"},"query-input":{"@type":"PropertyValueSpecification","valueRequired":true,"valueName":"search_term_string"}}],"inLanguage":"es"},{"@type":"Organization","@id":"https:\/\/diariotextual.com\/inicio\/#organization","name":"Diario Textual","url":"https:\/\/diariotextual.com\/inicio\/","logo":{"@type":"ImageObject","inLanguage":"es","@id":"https:\/\/diariotextual.com\/inicio\/#\/schema\/logo\/image\/","url":"https:\/\/diariotextual.com\/inicio\/wp-content\/uploads\/2023\/05\/logotextual1.jpg","contentUrl":"https:\/\/diariotextual.com\/inicio\/wp-content\/uploads\/2023\/05\/logotextual1.jpg","width":516,"height":76,"caption":"Diario Textual"},"image":{"@id":"https:\/\/diariotextual.com\/inicio\/#\/schema\/logo\/image\/"},"sameAs":["https:\/\/www.facebook.com\/eltextual","https:\/\/x.com\/eltextual","http:\/\/www.instagram.com\/eltextual"]},{"@type":"Person","@id":"https:\/\/diariotextual.com\/inicio\/#\/schema\/person\/418fc4093c33e86ed41562db3508f958","name":"Diario1 Diario1","image":{"@type":"ImageObject","inLanguage":"es","@id":"https:\/\/secure.gravatar.com\/avatar\/9167d280179c85bc18be67aa7eda765854300033af4896dd779b608640f2ef7a?s=96&d=mm&r=g","url":"https:\/\/secure.gravatar.com\/avatar\/9167d280179c85bc18be67aa7eda765854300033af4896dd779b608640f2ef7a?s=96&d=mm&r=g","contentUrl":"https:\/\/secure.gravatar.com\/avatar\/9167d280179c85bc18be67aa7eda765854300033af4896dd779b608640f2ef7a?s=96&d=mm&r=g","caption":"Diario1 Diario1"},"url":"https:\/\/diariotextual.com\/inicio\/index.php\/author\/diario1\/"}]}},"_links":{"self":[{"href":"https:\/\/diariotextual.com\/inicio\/index.php\/wp-json\/wp\/v2\/posts\/155137","targetHints":{"allow":["GET"]}}],"collection":[{"href":"https:\/\/diariotextual.com\/inicio\/index.php\/wp-json\/wp\/v2\/posts"}],"about":[{"href":"https:\/\/diariotextual.com\/inicio\/index.php\/wp-json\/wp\/v2\/types\/post"}],"author":[{"embeddable":true,"href":"https:\/\/diariotextual.com\/inicio\/index.php\/wp-json\/wp\/v2\/users\/3"}],"replies":[{"embeddable":true,"href":"https:\/\/diariotextual.com\/inicio\/index.php\/wp-json\/wp\/v2\/comments?post=155137"}],"version-history":[{"count":3,"href":"https:\/\/diariotextual.com\/inicio\/index.php\/wp-json\/wp\/v2\/posts\/155137\/revisions"}],"predecessor-version":[{"id":155141,"href":"https:\/\/diariotextual.com\/inicio\/index.php\/wp-json\/wp\/v2\/posts\/155137\/revisions\/155141"}],"wp:featuredmedia":[{"embeddable":true,"href":"https:\/\/diariotextual.com\/inicio\/index.php\/wp-json\/wp\/v2\/media\/155140"}],"wp:attachment":[{"href":"https:\/\/diariotextual.com\/inicio\/index.php\/wp-json\/wp\/v2\/media?parent=155137"}],"wp:term":[{"taxonomy":"category","embeddable":true,"href":"https:\/\/diariotextual.com\/inicio\/index.php\/wp-json\/wp\/v2\/categories?post=155137"},{"taxonomy":"post_tag","embeddable":true,"href":"https:\/\/diariotextual.com\/inicio\/index.php\/wp-json\/wp\/v2\/tags?post=155137"}],"curies":[{"name":"wp","href":"https:\/\/api.w.org\/{rel}","templated":true}]}}