{"id":155148,"date":"2021-07-22T18:06:39","date_gmt":"2021-07-22T21:06:39","guid":{"rendered":"https:\/\/diariotextual.com\/inicio\/?p=155148"},"modified":"2021-07-23T07:46:30","modified_gmt":"2021-07-23T10:46:30","slug":"la-justicia-sugiere-que-contaduria-deberia-descontar-la-cuota-alimentaria-a-un-padre-que-trabaja-en-el-estado","status":"publish","type":"post","link":"https:\/\/diariotextual.com\/inicio\/index.php\/2021\/07\/22\/la-justicia-sugiere-que-contaduria-deberia-descontar-la-cuota-alimentaria-a-un-padre-que-trabaja-en-el-estado\/","title":{"rendered":"La Justicia sugiere que Contadur\u00eda deber\u00eda descontar la cuota alimentaria a un padre que trabaja en el Estado"},"content":{"rendered":"\n<p>La C\u00e1mara de Apelaciones en lo Civil, Comercial, Laboral y de Miner\u00eda de Santa Rosa afirm\u00f3 que, si el Estado provincial le efect\u00faa el descuento directo a un padre \u2013por una demanda de alimentos\u2013, los hijos tienen m\u00e1s garant\u00edas de cobrar la cuota.<\/p>\n\n\n\n<p>As\u00ed lo expresaron las juezas de la Sala 1, Marina \u00c1lvarez y Laura Torres, al admitir parcialmente el recurso de apelaci\u00f3n de una madre, en representaci\u00f3n de sus hijas de 14 y 16 a\u00f1os. La mujer cuestion\u00f3 que el Juzgado de la Familia, Ni\u00f1as, Ni\u00f1os y Adolescentes 1 resolviera que el demandado \u2013un polic\u00eda\u2013 ten\u00eda que abonar el 15 por ciento de sus haberes, como cuota alimentaria, del 1 al 5 de cada mes y enviarle por correo electr\u00f3nico o Whatsapp los recibos salariales para que pudiera controlarlos.<\/p>\n\n\n\n<p>\u00c1lvarez y Torres, al darle la raz\u00f3n sobre la forma de cumplimiento, indicaron que<strong> \u201cla modalidad de descuento directo beneficia no solo la pronta prestaci\u00f3n de los alimentos\u201d sino tambi\u00e9n le evita a las partes \u201cposibles futuros conflictos\u201d que podr\u00edan derivarse de los pagos indirectos (reclamos de incumplimientos, diferencias que pudiera haber, intereses a devengarse, etc\u00e9tera).<\/strong><\/p>\n\n\n\n<p>\u201cEsas disputas eventuales resultar\u00edan soslayadas, porque siendo el progenitor un empleado provincial, <strong>es la Contadur\u00eda General de la Provincia quien se encuentra en mejores condiciones de realizar los descuentos conforme a las pautas fijadas por el Juzgado<\/strong> (\u2026) y, atento a ser una tercera ajena al proceso, ofrece no solamente la garant\u00eda de cobro para las beneficiarias de los alimentos en tiempo oportuno, sino que opera como resguardo respecto del obligado del cumplimiento. Por lo tanto, es un beneficio para ambas partes\u201d, agregaron.<\/p>\n\n\n\n<p>Las camaristas, al brindar mayores fundamentos, manifestaron que \u201cm\u00e1s a\u00fan si en el oficio a librarse se hace constar expresamente que no se trata de un \u2018embargo\u2019 o \u2018gravamen\u2019 por deuda de alimentos \u2013porque no implica una inscripci\u00f3n en el Registro de Deudores Alimentarios-, sino simplemente la \u2018modalidad\u2019 de pago de aquellos\u201d.<\/p>\n\n\n\n<p>El Tribunal subray\u00f3 que en el fallo de primera instancia no se explic\u00f3 cu\u00e1l era la conveniencia de que el padre pagar\u00e1 \u00e9l y no a trav\u00e9s de Contadur\u00eda General \u2013opci\u00f3n a la que tambi\u00e9n se opuso la asesora de Ni\u00f1as, Ni\u00f1os y Adolescentes, Gabriela Manera; m\u00e1s a\u00fan si el propio demandado dijo que cumpl\u00eda con el pago de las asignaciones familiares y escolares mediante la modalidad de descuento directo.<\/p>\n\n\n\n<p>M\u00e1s adelante, \u00c1lvarez y Torres resaltaron que \u201cno escapa al conocimiento del fuero de familia, como a sus operadores y a esta C\u00e1mara, la propagaci\u00f3n de reclamos que advienen, al dejar librado el cumplimiento del dep\u00f3sito de la cuota alimentaria a la parte obligada, como su contralor a los eventuales beneficiarios; m\u00e1xime cuando para liquidar los porcentajes fijados, deben discriminarse aquellos descuentos de ley como los que no lo son\u201d.<\/p>\n\n\n\n<p>La madre, en los fundamentos de la apelaci\u00f3n, remarc\u00f3 que<strong> la metodolog\u00eda establecida en primera instancia carec\u00eda de \u201crazonabilidad pr\u00e1ctica\u201d y que la colocaba a ella \u201cen una situaci\u00f3n de espera, primero para que el padre env\u00ede sus recibos y luego para controlarlos\u201d.<\/strong><\/p>\n\n\n\n<p>Por ello plante\u00f3 finalmente que la sentencia era \u201ccontraria al inter\u00e9s superior de ni\u00f1as, ni\u00f1os y adolescentes\u201d y que carec\u00eda de \u201cperspectiva de g\u00e9nero\u201d, pues la demandante y sus hijas segu\u00edan \u201cquedando en una situaci\u00f3n de desigualdad y dependencia respecto\u201d del progenitor; m\u00e1s aun teniendo en consideraci\u00f3n que debi\u00f3 llegar a esta instancia judicial para que sus hijas pudieran percibir la cuota alimentaria.<\/p>\n\n\n\n<p><\/p>\n\n\n\n<p><\/p>\n","protected":false},"excerpt":{"rendered":"<p>La C\u00e1mara de Apelaciones en lo Civil, Comercial, Laboral y de Miner\u00eda de Santa Rosa afirm\u00f3 que, si el Estado provincial le efect\u00faa el descuento directo a un padre \u2013por&hellip;<\/p>\n","protected":false},"author":3,"featured_media":1762,"comment_status":"closed","ping_status":"open","sticky":false,"template":"","format":"standard","meta":{"_acf_changed":false,"footnotes":""},"categories":[10,12],"tags":[1847],"class_list":["post-155148","post","type-post","status-publish","format-standard","has-post-thumbnail","hentry","category-portada-2","category-sociedad","tag-cuota"],"acf":[],"yoast_head":"<!-- This site is optimized with the Yoast SEO plugin v27.5 - https:\/\/yoast.com\/product\/yoast-seo-wordpress\/ -->\n<title>La Justicia sugiere que Contadur\u00eda deber\u00eda descontar la cuota alimentaria a un padre que trabaja en el Estado - Diario Textual<\/title>\n<meta name=\"robots\" content=\"index, follow, max-snippet:-1, max-image-preview:large, max-video-preview:-1\" \/>\n<link rel=\"canonical\" href=\"https:\/\/diariotextual.com\/inicio\/index.php\/2021\/07\/22\/la-justicia-sugiere-que-contaduria-deberia-descontar-la-cuota-alimentaria-a-un-padre-que-trabaja-en-el-estado\/\" \/>\n<meta property=\"og:locale\" content=\"es_ES\" \/>\n<meta property=\"og:type\" content=\"article\" \/>\n<meta property=\"og:title\" content=\"La Justicia sugiere que Contadur\u00eda deber\u00eda descontar la cuota alimentaria a un padre que trabaja en el Estado - Diario Textual\" \/>\n<meta property=\"og:description\" content=\"La C\u00e1mara de Apelaciones en lo Civil, Comercial, Laboral y de Miner\u00eda de Santa Rosa afirm\u00f3 que, si el Estado provincial le efect\u00faa el descuento directo a un padre \u2013por&hellip;\" \/>\n<meta property=\"og:url\" content=\"https:\/\/diariotextual.com\/inicio\/index.php\/2021\/07\/22\/la-justicia-sugiere-que-contaduria-deberia-descontar-la-cuota-alimentaria-a-un-padre-que-trabaja-en-el-estado\/\" \/>\n<meta property=\"og:site_name\" content=\"Diario Textual\" \/>\n<meta property=\"article:publisher\" content=\"https:\/\/www.facebook.com\/eltextual\" \/>\n<meta property=\"article:published_time\" content=\"2021-07-22T21:06:39+00:00\" \/>\n<meta property=\"article:modified_time\" content=\"2021-07-23T10:46:30+00:00\" \/>\n<meta property=\"og:image\" content=\"https:\/\/diariotextual.com\/inicio\/wp-content\/uploads\/2018\/03\/casadegobierno73232.jpg\" \/>\n\t<meta property=\"og:image:width\" content=\"600\" \/>\n\t<meta property=\"og:image:height\" content=\"400\" \/>\n\t<meta property=\"og:image:type\" content=\"image\/jpeg\" \/>\n<meta name=\"author\" content=\"Diario1 Diario1\" \/>\n<meta name=\"twitter:card\" content=\"summary_large_image\" \/>\n<meta name=\"twitter:creator\" content=\"@eltextual\" \/>\n<meta name=\"twitter:site\" content=\"@eltextual\" \/>\n<meta name=\"twitter:label1\" content=\"Escrito por\" \/>\n\t<meta name=\"twitter:data1\" content=\"Diario1 Diario1\" \/>\n\t<meta name=\"twitter:label2\" content=\"Tiempo de lectura\" \/>\n\t<meta name=\"twitter:data2\" content=\"3 minutos\" \/>\n<script type=\"application\/ld+json\" class=\"yoast-schema-graph\">{\"@context\":\"https:\\\/\\\/schema.org\",\"@graph\":[{\"@type\":\"Article\",\"@id\":\"https:\\\/\\\/diariotextual.com\\\/inicio\\\/index.php\\\/2021\\\/07\\\/22\\\/la-justicia-sugiere-que-contaduria-deberia-descontar-la-cuota-alimentaria-a-un-padre-que-trabaja-en-el-estado\\\/#article\",\"isPartOf\":{\"@id\":\"https:\\\/\\\/diariotextual.com\\\/inicio\\\/index.php\\\/2021\\\/07\\\/22\\\/la-justicia-sugiere-que-contaduria-deberia-descontar-la-cuota-alimentaria-a-un-padre-que-trabaja-en-el-estado\\\/\"},\"author\":{\"name\":\"Diario1 Diario1\",\"@id\":\"https:\\\/\\\/diariotextual.com\\\/inicio\\\/#\\\/schema\\\/person\\\/418fc4093c33e86ed41562db3508f958\"},\"headline\":\"La Justicia sugiere que Contadur\u00eda deber\u00eda descontar la cuota alimentaria a un padre que trabaja en el Estado\",\"datePublished\":\"2021-07-22T21:06:39+00:00\",\"dateModified\":\"2021-07-23T10:46:30+00:00\",\"mainEntityOfPage\":{\"@id\":\"https:\\\/\\\/diariotextual.com\\\/inicio\\\/index.php\\\/2021\\\/07\\\/22\\\/la-justicia-sugiere-que-contaduria-deberia-descontar-la-cuota-alimentaria-a-un-padre-que-trabaja-en-el-estado\\\/\"},\"wordCount\":634,\"publisher\":{\"@id\":\"https:\\\/\\\/diariotextual.com\\\/inicio\\\/#organization\"},\"image\":{\"@id\":\"https:\\\/\\\/diariotextual.com\\\/inicio\\\/index.php\\\/2021\\\/07\\\/22\\\/la-justicia-sugiere-que-contaduria-deberia-descontar-la-cuota-alimentaria-a-un-padre-que-trabaja-en-el-estado\\\/#primaryimage\"},\"thumbnailUrl\":\"https:\\\/\\\/diariotextual.com\\\/inicio\\\/wp-content\\\/uploads\\\/2018\\\/03\\\/casadegobierno73232.jpg\",\"keywords\":[\"cuota\"],\"articleSection\":[\"A - PORTADA2\",\"SOCIEDAD\"],\"inLanguage\":\"es\"},{\"@type\":\"WebPage\",\"@id\":\"https:\\\/\\\/diariotextual.com\\\/inicio\\\/index.php\\\/2021\\\/07\\\/22\\\/la-justicia-sugiere-que-contaduria-deberia-descontar-la-cuota-alimentaria-a-un-padre-que-trabaja-en-el-estado\\\/\",\"url\":\"https:\\\/\\\/diariotextual.com\\\/inicio\\\/index.php\\\/2021\\\/07\\\/22\\\/la-justicia-sugiere-que-contaduria-deberia-descontar-la-cuota-alimentaria-a-un-padre-que-trabaja-en-el-estado\\\/\",\"name\":\"La Justicia sugiere que Contadur\u00eda deber\u00eda descontar la cuota alimentaria a un padre que trabaja en el Estado - Diario Textual\",\"isPartOf\":{\"@id\":\"https:\\\/\\\/diariotextual.com\\\/inicio\\\/#website\"},\"primaryImageOfPage\":{\"@id\":\"https:\\\/\\\/diariotextual.com\\\/inicio\\\/index.php\\\/2021\\\/07\\\/22\\\/la-justicia-sugiere-que-contaduria-deberia-descontar-la-cuota-alimentaria-a-un-padre-que-trabaja-en-el-estado\\\/#primaryimage\"},\"image\":{\"@id\":\"https:\\\/\\\/diariotextual.com\\\/inicio\\\/index.php\\\/2021\\\/07\\\/22\\\/la-justicia-sugiere-que-contaduria-deberia-descontar-la-cuota-alimentaria-a-un-padre-que-trabaja-en-el-estado\\\/#primaryimage\"},\"thumbnailUrl\":\"https:\\\/\\\/diariotextual.com\\\/inicio\\\/wp-content\\\/uploads\\\/2018\\\/03\\\/casadegobierno73232.jpg\",\"datePublished\":\"2021-07-22T21:06:39+00:00\",\"dateModified\":\"2021-07-23T10:46:30+00:00\",\"breadcrumb\":{\"@id\":\"https:\\\/\\\/diariotextual.com\\\/inicio\\\/index.php\\\/2021\\\/07\\\/22\\\/la-justicia-sugiere-que-contaduria-deberia-descontar-la-cuota-alimentaria-a-un-padre-que-trabaja-en-el-estado\\\/#breadcrumb\"},\"inLanguage\":\"es\",\"potentialAction\":[{\"@type\":\"ReadAction\",\"target\":[\"https:\\\/\\\/diariotextual.com\\\/inicio\\\/index.php\\\/2021\\\/07\\\/22\\\/la-justicia-sugiere-que-contaduria-deberia-descontar-la-cuota-alimentaria-a-un-padre-que-trabaja-en-el-estado\\\/\"]}]},{\"@type\":\"ImageObject\",\"inLanguage\":\"es\",\"@id\":\"https:\\\/\\\/diariotextual.com\\\/inicio\\\/index.php\\\/2021\\\/07\\\/22\\\/la-justicia-sugiere-que-contaduria-deberia-descontar-la-cuota-alimentaria-a-un-padre-que-trabaja-en-el-estado\\\/#primaryimage\",\"url\":\"https:\\\/\\\/diariotextual.com\\\/inicio\\\/wp-content\\\/uploads\\\/2018\\\/03\\\/casadegobierno73232.jpg\",\"contentUrl\":\"https:\\\/\\\/diariotextual.com\\\/inicio\\\/wp-content\\\/uploads\\\/2018\\\/03\\\/casadegobierno73232.jpg\",\"width\":600,\"height\":400},{\"@type\":\"BreadcrumbList\",\"@id\":\"https:\\\/\\\/diariotextual.com\\\/inicio\\\/index.php\\\/2021\\\/07\\\/22\\\/la-justicia-sugiere-que-contaduria-deberia-descontar-la-cuota-alimentaria-a-un-padre-que-trabaja-en-el-estado\\\/#breadcrumb\",\"itemListElement\":[{\"@type\":\"ListItem\",\"position\":1,\"name\":\"Portada\",\"item\":\"https:\\\/\\\/diariotextual.com\\\/inicio\\\/\"},{\"@type\":\"ListItem\",\"position\":2,\"name\":\"La Justicia sugiere que Contadur\u00eda deber\u00eda descontar la cuota alimentaria a un padre que trabaja en el Estado\"}]},{\"@type\":\"WebSite\",\"@id\":\"https:\\\/\\\/diariotextual.com\\\/inicio\\\/#website\",\"url\":\"https:\\\/\\\/diariotextual.com\\\/inicio\\\/\",\"name\":\"Diario Textual\",\"description\":\"\",\"publisher\":{\"@id\":\"https:\\\/\\\/diariotextual.com\\\/inicio\\\/#organization\"},\"potentialAction\":[{\"@type\":\"SearchAction\",\"target\":{\"@type\":\"EntryPoint\",\"urlTemplate\":\"https:\\\/\\\/diariotextual.com\\\/inicio\\\/?s={search_term_string}\"},\"query-input\":{\"@type\":\"PropertyValueSpecification\",\"valueRequired\":true,\"valueName\":\"search_term_string\"}}],\"inLanguage\":\"es\"},{\"@type\":\"Organization\",\"@id\":\"https:\\\/\\\/diariotextual.com\\\/inicio\\\/#organization\",\"name\":\"Diario Textual\",\"url\":\"https:\\\/\\\/diariotextual.com\\\/inicio\\\/\",\"logo\":{\"@type\":\"ImageObject\",\"inLanguage\":\"es\",\"@id\":\"https:\\\/\\\/diariotextual.com\\\/inicio\\\/#\\\/schema\\\/logo\\\/image\\\/\",\"url\":\"https:\\\/\\\/diariotextual.com\\\/inicio\\\/wp-content\\\/uploads\\\/2023\\\/05\\\/logotextual1.jpg\",\"contentUrl\":\"https:\\\/\\\/diariotextual.com\\\/inicio\\\/wp-content\\\/uploads\\\/2023\\\/05\\\/logotextual1.jpg\",\"width\":516,\"height\":76,\"caption\":\"Diario Textual\"},\"image\":{\"@id\":\"https:\\\/\\\/diariotextual.com\\\/inicio\\\/#\\\/schema\\\/logo\\\/image\\\/\"},\"sameAs\":[\"https:\\\/\\\/www.facebook.com\\\/eltextual\",\"https:\\\/\\\/x.com\\\/eltextual\",\"http:\\\/\\\/www.instagram.com\\\/eltextual\"]},{\"@type\":\"Person\",\"@id\":\"https:\\\/\\\/diariotextual.com\\\/inicio\\\/#\\\/schema\\\/person\\\/418fc4093c33e86ed41562db3508f958\",\"name\":\"Diario1 Diario1\",\"image\":{\"@type\":\"ImageObject\",\"inLanguage\":\"es\",\"@id\":\"https:\\\/\\\/secure.gravatar.com\\\/avatar\\\/9167d280179c85bc18be67aa7eda765854300033af4896dd779b608640f2ef7a?s=96&d=mm&r=g\",\"url\":\"https:\\\/\\\/secure.gravatar.com\\\/avatar\\\/9167d280179c85bc18be67aa7eda765854300033af4896dd779b608640f2ef7a?s=96&d=mm&r=g\",\"contentUrl\":\"https:\\\/\\\/secure.gravatar.com\\\/avatar\\\/9167d280179c85bc18be67aa7eda765854300033af4896dd779b608640f2ef7a?s=96&d=mm&r=g\",\"caption\":\"Diario1 Diario1\"},\"url\":\"https:\\\/\\\/diariotextual.com\\\/inicio\\\/index.php\\\/author\\\/diario1\\\/\"}]}<\/script>\n<!-- \/ Yoast SEO plugin. -->","yoast_head_json":{"title":"La Justicia sugiere que Contadur\u00eda deber\u00eda descontar la cuota alimentaria a un padre que trabaja en el Estado - Diario Textual","robots":{"index":"index","follow":"follow","max-snippet":"max-snippet:-1","max-image-preview":"max-image-preview:large","max-video-preview":"max-video-preview:-1"},"canonical":"https:\/\/diariotextual.com\/inicio\/index.php\/2021\/07\/22\/la-justicia-sugiere-que-contaduria-deberia-descontar-la-cuota-alimentaria-a-un-padre-que-trabaja-en-el-estado\/","og_locale":"es_ES","og_type":"article","og_title":"La Justicia sugiere que Contadur\u00eda deber\u00eda descontar la cuota alimentaria a un padre que trabaja en el Estado - Diario Textual","og_description":"La C\u00e1mara de Apelaciones en lo Civil, Comercial, Laboral y de Miner\u00eda de Santa Rosa afirm\u00f3 que, si el Estado provincial le efect\u00faa el descuento directo a un padre \u2013por&hellip;","og_url":"https:\/\/diariotextual.com\/inicio\/index.php\/2021\/07\/22\/la-justicia-sugiere-que-contaduria-deberia-descontar-la-cuota-alimentaria-a-un-padre-que-trabaja-en-el-estado\/","og_site_name":"Diario Textual","article_publisher":"https:\/\/www.facebook.com\/eltextual","article_published_time":"2021-07-22T21:06:39+00:00","article_modified_time":"2021-07-23T10:46:30+00:00","og_image":[{"width":600,"height":400,"url":"https:\/\/diariotextual.com\/inicio\/wp-content\/uploads\/2018\/03\/casadegobierno73232.jpg","type":"image\/jpeg"}],"author":"Diario1 Diario1","twitter_card":"summary_large_image","twitter_creator":"@eltextual","twitter_site":"@eltextual","twitter_misc":{"Escrito por":"Diario1 Diario1","Tiempo de lectura":"3 minutos"},"schema":{"@context":"https:\/\/schema.org","@graph":[{"@type":"Article","@id":"https:\/\/diariotextual.com\/inicio\/index.php\/2021\/07\/22\/la-justicia-sugiere-que-contaduria-deberia-descontar-la-cuota-alimentaria-a-un-padre-que-trabaja-en-el-estado\/#article","isPartOf":{"@id":"https:\/\/diariotextual.com\/inicio\/index.php\/2021\/07\/22\/la-justicia-sugiere-que-contaduria-deberia-descontar-la-cuota-alimentaria-a-un-padre-que-trabaja-en-el-estado\/"},"author":{"name":"Diario1 Diario1","@id":"https:\/\/diariotextual.com\/inicio\/#\/schema\/person\/418fc4093c33e86ed41562db3508f958"},"headline":"La Justicia sugiere que Contadur\u00eda deber\u00eda descontar la cuota alimentaria a un padre que trabaja en el Estado","datePublished":"2021-07-22T21:06:39+00:00","dateModified":"2021-07-23T10:46:30+00:00","mainEntityOfPage":{"@id":"https:\/\/diariotextual.com\/inicio\/index.php\/2021\/07\/22\/la-justicia-sugiere-que-contaduria-deberia-descontar-la-cuota-alimentaria-a-un-padre-que-trabaja-en-el-estado\/"},"wordCount":634,"publisher":{"@id":"https:\/\/diariotextual.com\/inicio\/#organization"},"image":{"@id":"https:\/\/diariotextual.com\/inicio\/index.php\/2021\/07\/22\/la-justicia-sugiere-que-contaduria-deberia-descontar-la-cuota-alimentaria-a-un-padre-que-trabaja-en-el-estado\/#primaryimage"},"thumbnailUrl":"https:\/\/diariotextual.com\/inicio\/wp-content\/uploads\/2018\/03\/casadegobierno73232.jpg","keywords":["cuota"],"articleSection":["A - PORTADA2","SOCIEDAD"],"inLanguage":"es"},{"@type":"WebPage","@id":"https:\/\/diariotextual.com\/inicio\/index.php\/2021\/07\/22\/la-justicia-sugiere-que-contaduria-deberia-descontar-la-cuota-alimentaria-a-un-padre-que-trabaja-en-el-estado\/","url":"https:\/\/diariotextual.com\/inicio\/index.php\/2021\/07\/22\/la-justicia-sugiere-que-contaduria-deberia-descontar-la-cuota-alimentaria-a-un-padre-que-trabaja-en-el-estado\/","name":"La Justicia sugiere que Contadur\u00eda deber\u00eda descontar la cuota alimentaria a un padre que trabaja en el Estado - Diario Textual","isPartOf":{"@id":"https:\/\/diariotextual.com\/inicio\/#website"},"primaryImageOfPage":{"@id":"https:\/\/diariotextual.com\/inicio\/index.php\/2021\/07\/22\/la-justicia-sugiere-que-contaduria-deberia-descontar-la-cuota-alimentaria-a-un-padre-que-trabaja-en-el-estado\/#primaryimage"},"image":{"@id":"https:\/\/diariotextual.com\/inicio\/index.php\/2021\/07\/22\/la-justicia-sugiere-que-contaduria-deberia-descontar-la-cuota-alimentaria-a-un-padre-que-trabaja-en-el-estado\/#primaryimage"},"thumbnailUrl":"https:\/\/diariotextual.com\/inicio\/wp-content\/uploads\/2018\/03\/casadegobierno73232.jpg","datePublished":"2021-07-22T21:06:39+00:00","dateModified":"2021-07-23T10:46:30+00:00","breadcrumb":{"@id":"https:\/\/diariotextual.com\/inicio\/index.php\/2021\/07\/22\/la-justicia-sugiere-que-contaduria-deberia-descontar-la-cuota-alimentaria-a-un-padre-que-trabaja-en-el-estado\/#breadcrumb"},"inLanguage":"es","potentialAction":[{"@type":"ReadAction","target":["https:\/\/diariotextual.com\/inicio\/index.php\/2021\/07\/22\/la-justicia-sugiere-que-contaduria-deberia-descontar-la-cuota-alimentaria-a-un-padre-que-trabaja-en-el-estado\/"]}]},{"@type":"ImageObject","inLanguage":"es","@id":"https:\/\/diariotextual.com\/inicio\/index.php\/2021\/07\/22\/la-justicia-sugiere-que-contaduria-deberia-descontar-la-cuota-alimentaria-a-un-padre-que-trabaja-en-el-estado\/#primaryimage","url":"https:\/\/diariotextual.com\/inicio\/wp-content\/uploads\/2018\/03\/casadegobierno73232.jpg","contentUrl":"https:\/\/diariotextual.com\/inicio\/wp-content\/uploads\/2018\/03\/casadegobierno73232.jpg","width":600,"height":400},{"@type":"BreadcrumbList","@id":"https:\/\/diariotextual.com\/inicio\/index.php\/2021\/07\/22\/la-justicia-sugiere-que-contaduria-deberia-descontar-la-cuota-alimentaria-a-un-padre-que-trabaja-en-el-estado\/#breadcrumb","itemListElement":[{"@type":"ListItem","position":1,"name":"Portada","item":"https:\/\/diariotextual.com\/inicio\/"},{"@type":"ListItem","position":2,"name":"La Justicia sugiere que Contadur\u00eda deber\u00eda descontar la cuota alimentaria a un padre que trabaja en el Estado"}]},{"@type":"WebSite","@id":"https:\/\/diariotextual.com\/inicio\/#website","url":"https:\/\/diariotextual.com\/inicio\/","name":"Diario Textual","description":"","publisher":{"@id":"https:\/\/diariotextual.com\/inicio\/#organization"},"potentialAction":[{"@type":"SearchAction","target":{"@type":"EntryPoint","urlTemplate":"https:\/\/diariotextual.com\/inicio\/?s={search_term_string}"},"query-input":{"@type":"PropertyValueSpecification","valueRequired":true,"valueName":"search_term_string"}}],"inLanguage":"es"},{"@type":"Organization","@id":"https:\/\/diariotextual.com\/inicio\/#organization","name":"Diario Textual","url":"https:\/\/diariotextual.com\/inicio\/","logo":{"@type":"ImageObject","inLanguage":"es","@id":"https:\/\/diariotextual.com\/inicio\/#\/schema\/logo\/image\/","url":"https:\/\/diariotextual.com\/inicio\/wp-content\/uploads\/2023\/05\/logotextual1.jpg","contentUrl":"https:\/\/diariotextual.com\/inicio\/wp-content\/uploads\/2023\/05\/logotextual1.jpg","width":516,"height":76,"caption":"Diario Textual"},"image":{"@id":"https:\/\/diariotextual.com\/inicio\/#\/schema\/logo\/image\/"},"sameAs":["https:\/\/www.facebook.com\/eltextual","https:\/\/x.com\/eltextual","http:\/\/www.instagram.com\/eltextual"]},{"@type":"Person","@id":"https:\/\/diariotextual.com\/inicio\/#\/schema\/person\/418fc4093c33e86ed41562db3508f958","name":"Diario1 Diario1","image":{"@type":"ImageObject","inLanguage":"es","@id":"https:\/\/secure.gravatar.com\/avatar\/9167d280179c85bc18be67aa7eda765854300033af4896dd779b608640f2ef7a?s=96&d=mm&r=g","url":"https:\/\/secure.gravatar.com\/avatar\/9167d280179c85bc18be67aa7eda765854300033af4896dd779b608640f2ef7a?s=96&d=mm&r=g","contentUrl":"https:\/\/secure.gravatar.com\/avatar\/9167d280179c85bc18be67aa7eda765854300033af4896dd779b608640f2ef7a?s=96&d=mm&r=g","caption":"Diario1 Diario1"},"url":"https:\/\/diariotextual.com\/inicio\/index.php\/author\/diario1\/"}]}},"_links":{"self":[{"href":"https:\/\/diariotextual.com\/inicio\/index.php\/wp-json\/wp\/v2\/posts\/155148","targetHints":{"allow":["GET"]}}],"collection":[{"href":"https:\/\/diariotextual.com\/inicio\/index.php\/wp-json\/wp\/v2\/posts"}],"about":[{"href":"https:\/\/diariotextual.com\/inicio\/index.php\/wp-json\/wp\/v2\/types\/post"}],"author":[{"embeddable":true,"href":"https:\/\/diariotextual.com\/inicio\/index.php\/wp-json\/wp\/v2\/users\/3"}],"replies":[{"embeddable":true,"href":"https:\/\/diariotextual.com\/inicio\/index.php\/wp-json\/wp\/v2\/comments?post=155148"}],"version-history":[{"count":2,"href":"https:\/\/diariotextual.com\/inicio\/index.php\/wp-json\/wp\/v2\/posts\/155148\/revisions"}],"predecessor-version":[{"id":155150,"href":"https:\/\/diariotextual.com\/inicio\/index.php\/wp-json\/wp\/v2\/posts\/155148\/revisions\/155150"}],"wp:featuredmedia":[{"embeddable":true,"href":"https:\/\/diariotextual.com\/inicio\/index.php\/wp-json\/wp\/v2\/media\/1762"}],"wp:attachment":[{"href":"https:\/\/diariotextual.com\/inicio\/index.php\/wp-json\/wp\/v2\/media?parent=155148"}],"wp:term":[{"taxonomy":"category","embeddable":true,"href":"https:\/\/diariotextual.com\/inicio\/index.php\/wp-json\/wp\/v2\/categories?post=155148"},{"taxonomy":"post_tag","embeddable":true,"href":"https:\/\/diariotextual.com\/inicio\/index.php\/wp-json\/wp\/v2\/tags?post=155148"}],"curies":[{"name":"wp","href":"https:\/\/api.w.org\/{rel}","templated":true}]}}