{"id":155179,"date":"2021-07-22T21:45:48","date_gmt":"2021-07-23T00:45:48","guid":{"rendered":"https:\/\/diariotextual.com\/inicio\/?p=155179"},"modified":"2021-07-23T09:19:19","modified_gmt":"2021-07-23T12:19:19","slug":"rosca-radical-poli-altolaguirre-arreglo-con-los-azules-y-tambien-se-bajo-coppo","status":"publish","type":"post","link":"https:\/\/diariotextual.com\/inicio\/index.php\/2021\/07\/22\/rosca-radical-poli-altolaguirre-arreglo-con-los-azules-y-tambien-se-bajo-coppo\/","title":{"rendered":"Rosca radical: \u00abPoli\u00bb Altolaguirre arregl\u00f3 con los azules y tambi\u00e9n se baj\u00f3 Coppo"},"content":{"rendered":"\n<p>El radicalismo vive horas de definiciones<strong>. <\/strong>El celeste <strong>Hip\u00f3lito \u201cPoli\u201d Altolaguirre <\/strong>cerr\u00f3 este jueves <strong>un acuerdo con el sector de la l\u00ednea Azul<\/strong>, que postulaba a <strong>Hugo P\u00e9rez<\/strong>, y <strong>se empieza a allanar su camino para llegar al Congreso nacional<\/strong>, pudo confirmar <strong>Diario Textual<\/strong>.<\/p>\n\n\n\n<p>El acuerdo entre los celestes de Altolaguirre y los azules de Hugo P\u00e9rez y Francisco Torroba se termin\u00f3 de cerrar cerca de las 21 horas. Seg\u00fan se estableci\u00f3, Altolaguirre ir\u00e1 como precandidato a senador y P\u00e9rez como diputado.<\/p>\n\n\n\n<p>En ese mismo momento, adem\u00e1s,<strong> se baj\u00f3 otro postulante: el concejal piquense Guillermo Coppo.<\/strong> \u201cAcabo de declinar mi candidatura en pos de la unidad del partido\u201d, dijo Coppo al ser llamado por Diario Textual.<\/p>\n\n\n\n<p>No lo confirm\u00f3, pero tambi\u00e9n est\u00e1 dialogando con el sector de Altolaguirre. <strong>\u201cSeguiremos analizando el escenario\u201d<\/strong>, dijo.<\/p>\n\n\n\n<p>De esta manera, quedaron en carrera tres postulantes a senadores: Hip\u00f3lito Altolaguirre, Daniel Kroneberger y Elida Deanna.<\/p>\n\n\n\n<p>Por lo pronto Altolaguirre -que hoy hab\u00eda mostrado<strong><a href=\"https:\/\/diariotextual.com\/inicio\/index.php\/2021\/07\/22\/poli-altolaguirre-saca-chapa-con-decenas-de-adhesiones-de-casi-toda-la-provincia\/\" target=\"_blank\" rel=\"noreferrer noopener\"> una carta de respaldo de unos 300 dirigentes <\/a><\/strong>del radicalismo- ya aceler\u00f3 las conversaciones con Kroneberger y Deanna. La intenci\u00f3n es que haya una lista de unidad en el radicalismo para enfrentar al PRO dentro de Juntos por el Cambio.<\/p>\n\n\n\n<p><strong>El arreglo entre los celestes y azules no cay\u00f3 para nada bien en el b\u00fanker de Kroneberger<\/strong>. Es que Torroba y compa\u00f1\u00eda le hab\u00edan dado inicialmente el respaldo al hombre de Colonia Bar\u00f3n, pero luego decidieron presentar lista propia y ahora acordaron con Altolaguirre.<\/p>\n\n\n\n<p>Tienen tiempo para arreglar hasta la noche del s\u00e1bado. Se vienen horas decisivas.<\/p>\n\n\n\n<figure class=\"wp-block-embed is-type-wp-embed is-provider-diario-textual wp-block-embed-diario-textual\"><div class=\"wp-block-embed__wrapper\">\n<blockquote class=\"wp-embedded-content\" data-secret=\"OzwfJ6zlRS\"><a href=\"https:\/\/diariotextual.com\/inicio\/index.php\/2021\/07\/22\/el-todo-o-el-gesto-juntos-define-listas-con-el-fantasma-de-2017-detras\/\">\u00bfEl todo o el gesto? Juntos define listas con el fantasma de 2017 detr\u00e1s<\/a><\/blockquote><iframe class=\"wp-embedded-content\" sandbox=\"allow-scripts\" security=\"restricted\" style=\"position: absolute; clip: rect(1px, 1px, 1px, 1px);\" title=\"\u00ab\u00bfEl todo o el gesto? Juntos define listas con el fantasma de 2017 detr\u00e1s\u00bb \u2014 Diario Textual\" src=\"https:\/\/diariotextual.com\/inicio\/index.php\/2021\/07\/22\/el-todo-o-el-gesto-juntos-define-listas-con-el-fantasma-de-2017-detras\/embed\/#?secret=OzwfJ6zlRS\" data-secret=\"OzwfJ6zlRS\" width=\"600\" height=\"338\" frameborder=\"0\" marginwidth=\"0\" marginheight=\"0\" scrolling=\"no\"><\/iframe>\n<\/div><\/figure>\n\n\n\n<p><\/p>\n","protected":false},"excerpt":{"rendered":"<p>El radicalismo vive horas de definiciones. El celeste Hip\u00f3lito \u201cPoli\u201d Altolaguirre cerr\u00f3 este jueves un acuerdo con el sector de la l\u00ednea Azul, que postulaba a Hugo P\u00e9rez, y se&hellip;<\/p>\n","protected":false},"author":3,"featured_media":155207,"comment_status":"closed","ping_status":"open","sticky":false,"template":"","format":"standard","meta":{"_acf_changed":false,"footnotes":""},"categories":[10,8],"tags":[29,191],"class_list":["post-155179","post","type-post","status-publish","format-standard","has-post-thumbnail","hentry","category-portada-2","category-politica","tag-altolaguirre","tag-ucr"],"acf":[],"yoast_head":"<!-- This site is optimized with the Yoast SEO plugin v27.5 - https:\/\/yoast.com\/product\/yoast-seo-wordpress\/ -->\n<title>Rosca radical: &quot;Poli&quot; Altolaguirre arregl\u00f3 con los azules y tambi\u00e9n se baj\u00f3 Coppo - Diario Textual<\/title>\n<meta name=\"robots\" content=\"index, follow, max-snippet:-1, max-image-preview:large, max-video-preview:-1\" \/>\n<link rel=\"canonical\" href=\"https:\/\/diariotextual.com\/inicio\/index.php\/2021\/07\/22\/rosca-radical-poli-altolaguirre-arreglo-con-los-azules-y-tambien-se-bajo-coppo\/\" \/>\n<meta property=\"og:locale\" content=\"es_ES\" \/>\n<meta property=\"og:type\" content=\"article\" \/>\n<meta property=\"og:title\" content=\"Rosca radical: &quot;Poli&quot; Altolaguirre arregl\u00f3 con los azules y tambi\u00e9n se baj\u00f3 Coppo - Diario Textual\" \/>\n<meta property=\"og:description\" content=\"El radicalismo vive horas de definiciones. El celeste Hip\u00f3lito \u201cPoli\u201d Altolaguirre cerr\u00f3 este jueves un acuerdo con el sector de la l\u00ednea Azul, que postulaba a Hugo P\u00e9rez, y se&hellip;\" \/>\n<meta property=\"og:url\" content=\"https:\/\/diariotextual.com\/inicio\/index.php\/2021\/07\/22\/rosca-radical-poli-altolaguirre-arreglo-con-los-azules-y-tambien-se-bajo-coppo\/\" \/>\n<meta property=\"og:site_name\" content=\"Diario Textual\" \/>\n<meta property=\"article:publisher\" content=\"https:\/\/www.facebook.com\/eltextual\" \/>\n<meta property=\"article:published_time\" content=\"2021-07-23T00:45:48+00:00\" \/>\n<meta property=\"article:modified_time\" content=\"2021-07-23T12:19:19+00:00\" \/>\n<meta property=\"og:image\" content=\"https:\/\/diariotextual.com\/inicio\/wp-content\/uploads\/2021\/07\/algolaguirrehipolitoperezhugo2021-1.jpeg\" \/>\n\t<meta property=\"og:image:width\" content=\"1279\" \/>\n\t<meta property=\"og:image:height\" content=\"832\" \/>\n\t<meta property=\"og:image:type\" content=\"image\/jpeg\" \/>\n<meta name=\"author\" content=\"Diario1 Diario1\" \/>\n<meta name=\"twitter:card\" content=\"summary_large_image\" \/>\n<meta name=\"twitter:creator\" content=\"@eltextual\" \/>\n<meta name=\"twitter:site\" content=\"@eltextual\" \/>\n<meta name=\"twitter:label1\" content=\"Escrito por\" \/>\n\t<meta name=\"twitter:data1\" content=\"Diario1 Diario1\" \/>\n\t<meta name=\"twitter:label2\" content=\"Tiempo de lectura\" \/>\n\t<meta name=\"twitter:data2\" content=\"2 minutos\" \/>\n<script type=\"application\/ld+json\" class=\"yoast-schema-graph\">{\"@context\":\"https:\\\/\\\/schema.org\",\"@graph\":[{\"@type\":\"Article\",\"@id\":\"https:\\\/\\\/diariotextual.com\\\/inicio\\\/index.php\\\/2021\\\/07\\\/22\\\/rosca-radical-poli-altolaguirre-arreglo-con-los-azules-y-tambien-se-bajo-coppo\\\/#article\",\"isPartOf\":{\"@id\":\"https:\\\/\\\/diariotextual.com\\\/inicio\\\/index.php\\\/2021\\\/07\\\/22\\\/rosca-radical-poli-altolaguirre-arreglo-con-los-azules-y-tambien-se-bajo-coppo\\\/\"},\"author\":{\"name\":\"Diario1 Diario1\",\"@id\":\"https:\\\/\\\/diariotextual.com\\\/inicio\\\/#\\\/schema\\\/person\\\/418fc4093c33e86ed41562db3508f958\"},\"headline\":\"Rosca radical: \u00abPoli\u00bb Altolaguirre arregl\u00f3 con los azules y tambi\u00e9n se baj\u00f3 Coppo\",\"datePublished\":\"2021-07-23T00:45:48+00:00\",\"dateModified\":\"2021-07-23T12:19:19+00:00\",\"mainEntityOfPage\":{\"@id\":\"https:\\\/\\\/diariotextual.com\\\/inicio\\\/index.php\\\/2021\\\/07\\\/22\\\/rosca-radical-poli-altolaguirre-arreglo-con-los-azules-y-tambien-se-bajo-coppo\\\/\"},\"wordCount\":291,\"publisher\":{\"@id\":\"https:\\\/\\\/diariotextual.com\\\/inicio\\\/#organization\"},\"image\":{\"@id\":\"https:\\\/\\\/diariotextual.com\\\/inicio\\\/index.php\\\/2021\\\/07\\\/22\\\/rosca-radical-poli-altolaguirre-arreglo-con-los-azules-y-tambien-se-bajo-coppo\\\/#primaryimage\"},\"thumbnailUrl\":\"https:\\\/\\\/diariotextual.com\\\/inicio\\\/wp-content\\\/uploads\\\/2021\\\/07\\\/algolaguirrehipolitoperezhugo2021-1.jpeg\",\"keywords\":[\"altolaguirre\",\"ucr\"],\"articleSection\":[\"A - PORTADA2\",\"POLITICA\"],\"inLanguage\":\"es\"},{\"@type\":\"WebPage\",\"@id\":\"https:\\\/\\\/diariotextual.com\\\/inicio\\\/index.php\\\/2021\\\/07\\\/22\\\/rosca-radical-poli-altolaguirre-arreglo-con-los-azules-y-tambien-se-bajo-coppo\\\/\",\"url\":\"https:\\\/\\\/diariotextual.com\\\/inicio\\\/index.php\\\/2021\\\/07\\\/22\\\/rosca-radical-poli-altolaguirre-arreglo-con-los-azules-y-tambien-se-bajo-coppo\\\/\",\"name\":\"Rosca radical: \\\"Poli\\\" Altolaguirre arregl\u00f3 con los azules y tambi\u00e9n se baj\u00f3 Coppo - Diario Textual\",\"isPartOf\":{\"@id\":\"https:\\\/\\\/diariotextual.com\\\/inicio\\\/#website\"},\"primaryImageOfPage\":{\"@id\":\"https:\\\/\\\/diariotextual.com\\\/inicio\\\/index.php\\\/2021\\\/07\\\/22\\\/rosca-radical-poli-altolaguirre-arreglo-con-los-azules-y-tambien-se-bajo-coppo\\\/#primaryimage\"},\"image\":{\"@id\":\"https:\\\/\\\/diariotextual.com\\\/inicio\\\/index.php\\\/2021\\\/07\\\/22\\\/rosca-radical-poli-altolaguirre-arreglo-con-los-azules-y-tambien-se-bajo-coppo\\\/#primaryimage\"},\"thumbnailUrl\":\"https:\\\/\\\/diariotextual.com\\\/inicio\\\/wp-content\\\/uploads\\\/2021\\\/07\\\/algolaguirrehipolitoperezhugo2021-1.jpeg\",\"datePublished\":\"2021-07-23T00:45:48+00:00\",\"dateModified\":\"2021-07-23T12:19:19+00:00\",\"breadcrumb\":{\"@id\":\"https:\\\/\\\/diariotextual.com\\\/inicio\\\/index.php\\\/2021\\\/07\\\/22\\\/rosca-radical-poli-altolaguirre-arreglo-con-los-azules-y-tambien-se-bajo-coppo\\\/#breadcrumb\"},\"inLanguage\":\"es\",\"potentialAction\":[{\"@type\":\"ReadAction\",\"target\":[\"https:\\\/\\\/diariotextual.com\\\/inicio\\\/index.php\\\/2021\\\/07\\\/22\\\/rosca-radical-poli-altolaguirre-arreglo-con-los-azules-y-tambien-se-bajo-coppo\\\/\"]}]},{\"@type\":\"ImageObject\",\"inLanguage\":\"es\",\"@id\":\"https:\\\/\\\/diariotextual.com\\\/inicio\\\/index.php\\\/2021\\\/07\\\/22\\\/rosca-radical-poli-altolaguirre-arreglo-con-los-azules-y-tambien-se-bajo-coppo\\\/#primaryimage\",\"url\":\"https:\\\/\\\/diariotextual.com\\\/inicio\\\/wp-content\\\/uploads\\\/2021\\\/07\\\/algolaguirrehipolitoperezhugo2021-1.jpeg\",\"contentUrl\":\"https:\\\/\\\/diariotextual.com\\\/inicio\\\/wp-content\\\/uploads\\\/2021\\\/07\\\/algolaguirrehipolitoperezhugo2021-1.jpeg\",\"width\":1279,\"height\":832},{\"@type\":\"BreadcrumbList\",\"@id\":\"https:\\\/\\\/diariotextual.com\\\/inicio\\\/index.php\\\/2021\\\/07\\\/22\\\/rosca-radical-poli-altolaguirre-arreglo-con-los-azules-y-tambien-se-bajo-coppo\\\/#breadcrumb\",\"itemListElement\":[{\"@type\":\"ListItem\",\"position\":1,\"name\":\"Portada\",\"item\":\"https:\\\/\\\/diariotextual.com\\\/inicio\\\/\"},{\"@type\":\"ListItem\",\"position\":2,\"name\":\"Rosca radical: \u00abPoli\u00bb Altolaguirre arregl\u00f3 con los azules y tambi\u00e9n se baj\u00f3 Coppo\"}]},{\"@type\":\"WebSite\",\"@id\":\"https:\\\/\\\/diariotextual.com\\\/inicio\\\/#website\",\"url\":\"https:\\\/\\\/diariotextual.com\\\/inicio\\\/\",\"name\":\"Diario Textual\",\"description\":\"\",\"publisher\":{\"@id\":\"https:\\\/\\\/diariotextual.com\\\/inicio\\\/#organization\"},\"potentialAction\":[{\"@type\":\"SearchAction\",\"target\":{\"@type\":\"EntryPoint\",\"urlTemplate\":\"https:\\\/\\\/diariotextual.com\\\/inicio\\\/?s={search_term_string}\"},\"query-input\":{\"@type\":\"PropertyValueSpecification\",\"valueRequired\":true,\"valueName\":\"search_term_string\"}}],\"inLanguage\":\"es\"},{\"@type\":\"Organization\",\"@id\":\"https:\\\/\\\/diariotextual.com\\\/inicio\\\/#organization\",\"name\":\"Diario Textual\",\"url\":\"https:\\\/\\\/diariotextual.com\\\/inicio\\\/\",\"logo\":{\"@type\":\"ImageObject\",\"inLanguage\":\"es\",\"@id\":\"https:\\\/\\\/diariotextual.com\\\/inicio\\\/#\\\/schema\\\/logo\\\/image\\\/\",\"url\":\"https:\\\/\\\/diariotextual.com\\\/inicio\\\/wp-content\\\/uploads\\\/2023\\\/05\\\/logotextual1.jpg\",\"contentUrl\":\"https:\\\/\\\/diariotextual.com\\\/inicio\\\/wp-content\\\/uploads\\\/2023\\\/05\\\/logotextual1.jpg\",\"width\":516,\"height\":76,\"caption\":\"Diario Textual\"},\"image\":{\"@id\":\"https:\\\/\\\/diariotextual.com\\\/inicio\\\/#\\\/schema\\\/logo\\\/image\\\/\"},\"sameAs\":[\"https:\\\/\\\/www.facebook.com\\\/eltextual\",\"https:\\\/\\\/x.com\\\/eltextual\",\"http:\\\/\\\/www.instagram.com\\\/eltextual\"]},{\"@type\":\"Person\",\"@id\":\"https:\\\/\\\/diariotextual.com\\\/inicio\\\/#\\\/schema\\\/person\\\/418fc4093c33e86ed41562db3508f958\",\"name\":\"Diario1 Diario1\",\"image\":{\"@type\":\"ImageObject\",\"inLanguage\":\"es\",\"@id\":\"https:\\\/\\\/secure.gravatar.com\\\/avatar\\\/9167d280179c85bc18be67aa7eda765854300033af4896dd779b608640f2ef7a?s=96&d=mm&r=g\",\"url\":\"https:\\\/\\\/secure.gravatar.com\\\/avatar\\\/9167d280179c85bc18be67aa7eda765854300033af4896dd779b608640f2ef7a?s=96&d=mm&r=g\",\"contentUrl\":\"https:\\\/\\\/secure.gravatar.com\\\/avatar\\\/9167d280179c85bc18be67aa7eda765854300033af4896dd779b608640f2ef7a?s=96&d=mm&r=g\",\"caption\":\"Diario1 Diario1\"},\"url\":\"https:\\\/\\\/diariotextual.com\\\/inicio\\\/index.php\\\/author\\\/diario1\\\/\"}]}<\/script>\n<!-- \/ Yoast SEO plugin. -->","yoast_head_json":{"title":"Rosca radical: \"Poli\" Altolaguirre arregl\u00f3 con los azules y tambi\u00e9n se baj\u00f3 Coppo - Diario Textual","robots":{"index":"index","follow":"follow","max-snippet":"max-snippet:-1","max-image-preview":"max-image-preview:large","max-video-preview":"max-video-preview:-1"},"canonical":"https:\/\/diariotextual.com\/inicio\/index.php\/2021\/07\/22\/rosca-radical-poli-altolaguirre-arreglo-con-los-azules-y-tambien-se-bajo-coppo\/","og_locale":"es_ES","og_type":"article","og_title":"Rosca radical: \"Poli\" Altolaguirre arregl\u00f3 con los azules y tambi\u00e9n se baj\u00f3 Coppo - Diario Textual","og_description":"El radicalismo vive horas de definiciones. El celeste Hip\u00f3lito \u201cPoli\u201d Altolaguirre cerr\u00f3 este jueves un acuerdo con el sector de la l\u00ednea Azul, que postulaba a Hugo P\u00e9rez, y se&hellip;","og_url":"https:\/\/diariotextual.com\/inicio\/index.php\/2021\/07\/22\/rosca-radical-poli-altolaguirre-arreglo-con-los-azules-y-tambien-se-bajo-coppo\/","og_site_name":"Diario Textual","article_publisher":"https:\/\/www.facebook.com\/eltextual","article_published_time":"2021-07-23T00:45:48+00:00","article_modified_time":"2021-07-23T12:19:19+00:00","og_image":[{"width":1279,"height":832,"url":"https:\/\/diariotextual.com\/inicio\/wp-content\/uploads\/2021\/07\/algolaguirrehipolitoperezhugo2021-1.jpeg","type":"image\/jpeg"}],"author":"Diario1 Diario1","twitter_card":"summary_large_image","twitter_creator":"@eltextual","twitter_site":"@eltextual","twitter_misc":{"Escrito por":"Diario1 Diario1","Tiempo de lectura":"2 minutos"},"schema":{"@context":"https:\/\/schema.org","@graph":[{"@type":"Article","@id":"https:\/\/diariotextual.com\/inicio\/index.php\/2021\/07\/22\/rosca-radical-poli-altolaguirre-arreglo-con-los-azules-y-tambien-se-bajo-coppo\/#article","isPartOf":{"@id":"https:\/\/diariotextual.com\/inicio\/index.php\/2021\/07\/22\/rosca-radical-poli-altolaguirre-arreglo-con-los-azules-y-tambien-se-bajo-coppo\/"},"author":{"name":"Diario1 Diario1","@id":"https:\/\/diariotextual.com\/inicio\/#\/schema\/person\/418fc4093c33e86ed41562db3508f958"},"headline":"Rosca radical: \u00abPoli\u00bb Altolaguirre arregl\u00f3 con los azules y tambi\u00e9n se baj\u00f3 Coppo","datePublished":"2021-07-23T00:45:48+00:00","dateModified":"2021-07-23T12:19:19+00:00","mainEntityOfPage":{"@id":"https:\/\/diariotextual.com\/inicio\/index.php\/2021\/07\/22\/rosca-radical-poli-altolaguirre-arreglo-con-los-azules-y-tambien-se-bajo-coppo\/"},"wordCount":291,"publisher":{"@id":"https:\/\/diariotextual.com\/inicio\/#organization"},"image":{"@id":"https:\/\/diariotextual.com\/inicio\/index.php\/2021\/07\/22\/rosca-radical-poli-altolaguirre-arreglo-con-los-azules-y-tambien-se-bajo-coppo\/#primaryimage"},"thumbnailUrl":"https:\/\/diariotextual.com\/inicio\/wp-content\/uploads\/2021\/07\/algolaguirrehipolitoperezhugo2021-1.jpeg","keywords":["altolaguirre","ucr"],"articleSection":["A - PORTADA2","POLITICA"],"inLanguage":"es"},{"@type":"WebPage","@id":"https:\/\/diariotextual.com\/inicio\/index.php\/2021\/07\/22\/rosca-radical-poli-altolaguirre-arreglo-con-los-azules-y-tambien-se-bajo-coppo\/","url":"https:\/\/diariotextual.com\/inicio\/index.php\/2021\/07\/22\/rosca-radical-poli-altolaguirre-arreglo-con-los-azules-y-tambien-se-bajo-coppo\/","name":"Rosca radical: \"Poli\" Altolaguirre arregl\u00f3 con los azules y tambi\u00e9n se baj\u00f3 Coppo - Diario Textual","isPartOf":{"@id":"https:\/\/diariotextual.com\/inicio\/#website"},"primaryImageOfPage":{"@id":"https:\/\/diariotextual.com\/inicio\/index.php\/2021\/07\/22\/rosca-radical-poli-altolaguirre-arreglo-con-los-azules-y-tambien-se-bajo-coppo\/#primaryimage"},"image":{"@id":"https:\/\/diariotextual.com\/inicio\/index.php\/2021\/07\/22\/rosca-radical-poli-altolaguirre-arreglo-con-los-azules-y-tambien-se-bajo-coppo\/#primaryimage"},"thumbnailUrl":"https:\/\/diariotextual.com\/inicio\/wp-content\/uploads\/2021\/07\/algolaguirrehipolitoperezhugo2021-1.jpeg","datePublished":"2021-07-23T00:45:48+00:00","dateModified":"2021-07-23T12:19:19+00:00","breadcrumb":{"@id":"https:\/\/diariotextual.com\/inicio\/index.php\/2021\/07\/22\/rosca-radical-poli-altolaguirre-arreglo-con-los-azules-y-tambien-se-bajo-coppo\/#breadcrumb"},"inLanguage":"es","potentialAction":[{"@type":"ReadAction","target":["https:\/\/diariotextual.com\/inicio\/index.php\/2021\/07\/22\/rosca-radical-poli-altolaguirre-arreglo-con-los-azules-y-tambien-se-bajo-coppo\/"]}]},{"@type":"ImageObject","inLanguage":"es","@id":"https:\/\/diariotextual.com\/inicio\/index.php\/2021\/07\/22\/rosca-radical-poli-altolaguirre-arreglo-con-los-azules-y-tambien-se-bajo-coppo\/#primaryimage","url":"https:\/\/diariotextual.com\/inicio\/wp-content\/uploads\/2021\/07\/algolaguirrehipolitoperezhugo2021-1.jpeg","contentUrl":"https:\/\/diariotextual.com\/inicio\/wp-content\/uploads\/2021\/07\/algolaguirrehipolitoperezhugo2021-1.jpeg","width":1279,"height":832},{"@type":"BreadcrumbList","@id":"https:\/\/diariotextual.com\/inicio\/index.php\/2021\/07\/22\/rosca-radical-poli-altolaguirre-arreglo-con-los-azules-y-tambien-se-bajo-coppo\/#breadcrumb","itemListElement":[{"@type":"ListItem","position":1,"name":"Portada","item":"https:\/\/diariotextual.com\/inicio\/"},{"@type":"ListItem","position":2,"name":"Rosca radical: \u00abPoli\u00bb Altolaguirre arregl\u00f3 con los azules y tambi\u00e9n se baj\u00f3 Coppo"}]},{"@type":"WebSite","@id":"https:\/\/diariotextual.com\/inicio\/#website","url":"https:\/\/diariotextual.com\/inicio\/","name":"Diario Textual","description":"","publisher":{"@id":"https:\/\/diariotextual.com\/inicio\/#organization"},"potentialAction":[{"@type":"SearchAction","target":{"@type":"EntryPoint","urlTemplate":"https:\/\/diariotextual.com\/inicio\/?s={search_term_string}"},"query-input":{"@type":"PropertyValueSpecification","valueRequired":true,"valueName":"search_term_string"}}],"inLanguage":"es"},{"@type":"Organization","@id":"https:\/\/diariotextual.com\/inicio\/#organization","name":"Diario Textual","url":"https:\/\/diariotextual.com\/inicio\/","logo":{"@type":"ImageObject","inLanguage":"es","@id":"https:\/\/diariotextual.com\/inicio\/#\/schema\/logo\/image\/","url":"https:\/\/diariotextual.com\/inicio\/wp-content\/uploads\/2023\/05\/logotextual1.jpg","contentUrl":"https:\/\/diariotextual.com\/inicio\/wp-content\/uploads\/2023\/05\/logotextual1.jpg","width":516,"height":76,"caption":"Diario Textual"},"image":{"@id":"https:\/\/diariotextual.com\/inicio\/#\/schema\/logo\/image\/"},"sameAs":["https:\/\/www.facebook.com\/eltextual","https:\/\/x.com\/eltextual","http:\/\/www.instagram.com\/eltextual"]},{"@type":"Person","@id":"https:\/\/diariotextual.com\/inicio\/#\/schema\/person\/418fc4093c33e86ed41562db3508f958","name":"Diario1 Diario1","image":{"@type":"ImageObject","inLanguage":"es","@id":"https:\/\/secure.gravatar.com\/avatar\/9167d280179c85bc18be67aa7eda765854300033af4896dd779b608640f2ef7a?s=96&d=mm&r=g","url":"https:\/\/secure.gravatar.com\/avatar\/9167d280179c85bc18be67aa7eda765854300033af4896dd779b608640f2ef7a?s=96&d=mm&r=g","contentUrl":"https:\/\/secure.gravatar.com\/avatar\/9167d280179c85bc18be67aa7eda765854300033af4896dd779b608640f2ef7a?s=96&d=mm&r=g","caption":"Diario1 Diario1"},"url":"https:\/\/diariotextual.com\/inicio\/index.php\/author\/diario1\/"}]}},"_links":{"self":[{"href":"https:\/\/diariotextual.com\/inicio\/index.php\/wp-json\/wp\/v2\/posts\/155179","targetHints":{"allow":["GET"]}}],"collection":[{"href":"https:\/\/diariotextual.com\/inicio\/index.php\/wp-json\/wp\/v2\/posts"}],"about":[{"href":"https:\/\/diariotextual.com\/inicio\/index.php\/wp-json\/wp\/v2\/types\/post"}],"author":[{"embeddable":true,"href":"https:\/\/diariotextual.com\/inicio\/index.php\/wp-json\/wp\/v2\/users\/3"}],"replies":[{"embeddable":true,"href":"https:\/\/diariotextual.com\/inicio\/index.php\/wp-json\/wp\/v2\/comments?post=155179"}],"version-history":[{"count":17,"href":"https:\/\/diariotextual.com\/inicio\/index.php\/wp-json\/wp\/v2\/posts\/155179\/revisions"}],"predecessor-version":[{"id":155205,"href":"https:\/\/diariotextual.com\/inicio\/index.php\/wp-json\/wp\/v2\/posts\/155179\/revisions\/155205"}],"wp:featuredmedia":[{"embeddable":true,"href":"https:\/\/diariotextual.com\/inicio\/index.php\/wp-json\/wp\/v2\/media\/155207"}],"wp:attachment":[{"href":"https:\/\/diariotextual.com\/inicio\/index.php\/wp-json\/wp\/v2\/media?parent=155179"}],"wp:term":[{"taxonomy":"category","embeddable":true,"href":"https:\/\/diariotextual.com\/inicio\/index.php\/wp-json\/wp\/v2\/categories?post=155179"},{"taxonomy":"post_tag","embeddable":true,"href":"https:\/\/diariotextual.com\/inicio\/index.php\/wp-json\/wp\/v2\/tags?post=155179"}],"curies":[{"name":"wp","href":"https:\/\/api.w.org\/{rel}","templated":true}]}}