{"id":155209,"date":"2021-07-23T07:43:48","date_gmt":"2021-07-23T10:43:48","guid":{"rendered":"https:\/\/diariotextual.com\/inicio\/?p=155209"},"modified":"2021-07-23T17:38:10","modified_gmt":"2021-07-23T20:38:10","slug":"sin-publico-se-inauguran-oficialmente-los-juegos-olimpicos-2020","status":"publish","type":"post","link":"https:\/\/diariotextual.com\/inicio\/index.php\/2021\/07\/23\/sin-publico-se-inauguran-oficialmente-los-juegos-olimpicos-2020\/","title":{"rendered":"Se inauguraron oficialmente los Juegos Ol\u00edmpicos 2020"},"content":{"rendered":"\n<p>Los <strong>Juegos Ol\u00edmpicos de Tokio 2020,<\/strong> aplazados por un a\u00f1o debido a la pandemia de coronavirus, comenzaron oficialmente este viernes con la ceremonia de apertura en el Nuevo Estadio Nacional de la capital japonesa, donde la delegaci\u00f3n argentina desfil\u00f3 con sus abanderados Santiago Lange y Cecilia Carranza.<\/p>\n\n\n\n<p><strong>Desde las 8, hora de nuestro pa\u00eds, se llev\u00f3 a cabo la inauguraci\u00f3n de los JJ.OO que tantas veces estuvieron por cancelarse, y que tendr\u00e1n la particularidad de desarrollarse sin espectadores,<\/strong>&nbsp;entre el 23 de julio y el 8 de agosto. <\/p>\n\n\n\n<p>Lange y Carranza, campeones ol\u00edmpicos de yachting en R\u00edo 2016, portaron la bandera de la delegaci\u00f3n argentina, que hasta hoy qued\u00f3 integrada por 186 deportistas, de los cuales 130 son hombres y 56 son mujeres, con participaci\u00f3n en 26 disciplinas. Entre ellos est\u00e1n Los Leones, el \u00fanico equipo nacional que defiende la hist\u00f3rica medalla de oro conquistada en R\u00edo 2016.<\/p>\n\n\n\n<p>La judoca <strong>Paula Pareto<\/strong>, bronce en Beijing 2008 y oro en R\u00edo 2016 y una de las principales figuras internacionales de los Juegos (porque adem\u00e1s es traumat\u00f3loga y luch\u00f3 contra el Covid-19 en el hospital de San Isidro), no asisti\u00f3 a la apertura ya que es una de las primeras en competir: debuta a la medianoche del s\u00e1bado ante la sudafricana Geronay Whitebooi en la categor\u00eda hasta 48kg.<\/p>\n\n\n\n<figure class=\"wp-block-image size-large\"><img fetchpriority=\"high\" decoding=\"async\" width=\"1024\" height=\"683\" src=\"https:\/\/diariotextual.com\/inicio\/wp-content\/uploads\/2021\/07\/E6-qcjOWUAQeS0n-1024x683.jpg\" alt=\"\" class=\"wp-image-155229\" srcset=\"https:\/\/diariotextual.com\/inicio\/wp-content\/uploads\/2021\/07\/E6-qcjOWUAQeS0n-1024x683.jpg 1024w, https:\/\/diariotextual.com\/inicio\/wp-content\/uploads\/2021\/07\/E6-qcjOWUAQeS0n-300x200.jpg 300w, https:\/\/diariotextual.com\/inicio\/wp-content\/uploads\/2021\/07\/E6-qcjOWUAQeS0n-768x512.jpg 768w, https:\/\/diariotextual.com\/inicio\/wp-content\/uploads\/2021\/07\/E6-qcjOWUAQeS0n-1536x1024.jpg 1536w, https:\/\/diariotextual.com\/inicio\/wp-content\/uploads\/2021\/07\/E6-qcjOWUAQeS0n-2048x1366.jpg 2048w, https:\/\/diariotextual.com\/inicio\/wp-content\/uploads\/2021\/07\/E6-qcjOWUAQeS0n-1170x780.jpg 1170w, https:\/\/diariotextual.com\/inicio\/wp-content\/uploads\/2021\/07\/E6-qcjOWUAQeS0n-585x390.jpg 585w, https:\/\/diariotextual.com\/inicio\/wp-content\/uploads\/2021\/07\/E6-qcjOWUAQeS0n-263x175.jpg 263w\" sizes=\"(max-width: 1024px) 100vw, 1024px\" \/><\/figure>\n\n\n\n<p><strong>El estadio Ol\u00edmpico, utilizado en Tokio 1964, la primera vez que la capital de Jap\u00f3n organiz\u00f3 los Juegos, fue remodelado y tiene capacidad para 68.000 espectadores<\/strong>, pero sus tribunas apenas fueron ocupadas por unos mil invitados VIP, entre los que se enconraban el emperador nip\u00f3n, Naruhito; la primera dama estadounidense, Jill Biden; y el presidente de Francia, Emmanuel Macron.<\/p>\n\n\n\n<p>Por el estado de emergencia decretado para la capital de Jap\u00f3n ante el aumento de los casos de coronavirus y por miedo a la variante Delta, de r\u00e1pida propagaci\u00f3n, el primer ministro Yoshihide Suga impuso una restricci\u00f3n para que no haya p\u00fablico en eventos hasta el 22 de agosto.<\/p>\n\n\n\n<p>Apenas el 18% de la poblaci\u00f3n japonesa se encuentra vacunada con las dosis necesarias y la mayor\u00eda de los habitantes rechaza la realizaci\u00f3n de los Juegos, seg\u00fan las encuestas que se vienen haciendo desde marzo del 2020, cuando el COI reprogram\u00f3 la fecha.<\/p>\n\n\n\n<p>Sin embargo,&nbsp;<strong>Tokio 2020 ya arranc\u00f3 con medidas muy estrictas para evitar la propagaci\u00f3n de la Covid-19 entre deportistas y delegaciones,<\/strong>&nbsp;como el flujo constante de entradas y salidas en la Villa Ol\u00edmpica, pruebas PCR obligatorias para todos y transporte especial como parte de la \u00abburbuja\u00bb. El 85% de los atletas y miembros de las delegaciones fueron vacunados.<\/p>\n\n\n\n<p>Un total de 11.025 atletas de 205 pa\u00edses participar\u00e1n en Tokio, en 33 deportes (b\u00e9isbol\/softbol, karate, skateboarding, escalada y surf como las novedades) y 339 pruebas que componen el programa deportivo.<\/p>\n\n\n\n<p>El porcentaje de participaci\u00f3n femenina es de 49%, lo que convierte a Tokio 2020 en los Juegos con mayor paridad de g\u00e9nero. El COI exige, adem\u00e1s, que las banderas de los 206 Comit\u00e9s Ol\u00edmpicos Nacionales (CONs) y el Equipo Ol\u00edmpico de Refugiados deber\u00e1n ser llevadas por una deportista mujer y un atleta hombre en la ceremonia de apertura.<\/p>\n\n\n\n<p><strong>Las 5.000 medallas que se repartir\u00e1n en los podios de los Juegos fueron fabricadas con 78.985 toneladas de material reciclado.<\/strong><\/p>\n\n\n\n<p>Desde que se celebraron los primeros Juegos de la actualidad, en Atenas 1896, hasta ahora, solamente en tres ocasiones (Berl\u00edn 1916, Tokio\/Helsinki 1940 y Londres 1944) se suspendieron a causa de las Guerras Mundiales, nunca por una pandemia.<\/p>\n\n\n\n<p>Adem\u00e1s de los primeros pand\u00e9micos, Tokio 2020 ser\u00e1n los Juegos m\u00e1s caros de la historia. Cuando Tokio fue elegida como sede en 2013, en el Hilton de Buenos Aires, se calcul\u00f3 que costar\u00edan un total de 7.300 millones de d\u00f3lares. El aplazamiento llevar\u00e1 al presupuesto a 14.900 millones de d\u00f3lares.<\/p>\n\n\n\n<p><strong>Si se hubieran suspendido, el Comit\u00e9 Ol\u00edmpico Internacional (COI) iba a tener que devolver unos 4.000 millones de d\u00f3lares por los derechos de televisaci\u00f3n internacional.<\/strong><\/p>\n\n\n\n<p><strong>Los Juegos se seguir\u00e1n llamando Tokio 2020<\/strong>, aunque se hagan en 2021, por el marketing y la carteler\u00eda, entre otras cosas. Las fechas de los pr\u00f3ximos JJ.OO no cambian: en 2024 ser\u00e1n en Par\u00eds; en 2028, en Los \u00c1ngeles, y recientemente se eligi\u00f3 la sede de los Juegos 2032 que se realizar\u00e1n en Brisbane, Australia.<\/p>\n","protected":false},"excerpt":{"rendered":"<p>Los Juegos Ol\u00edmpicos de Tokio 2020, aplazados por un a\u00f1o debido a la pandemia de coronavirus, comenzaron oficialmente este viernes con la ceremonia de apertura en el Nuevo Estadio Nacional&hellip;<\/p>\n","protected":false},"author":4,"featured_media":155226,"comment_status":"closed","ping_status":"open","sticky":false,"template":"","format":"standard","meta":{"_acf_changed":false,"footnotes":""},"categories":[10,3],"tags":[5838,2609,2610],"class_list":["post-155209","post","type-post","status-publish","format-standard","has-post-thumbnail","hentry","category-portada-2","category-deportes","tag-jjoo","tag-juegos-olimpicos","tag-tokio-2020"],"acf":[],"yoast_head":"<!-- This site is optimized with the Yoast SEO plugin v27.5 - https:\/\/yoast.com\/product\/yoast-seo-wordpress\/ -->\n<title>Se inauguraron oficialmente los Juegos Ol\u00edmpicos 2020 - Diario Textual<\/title>\n<meta name=\"robots\" content=\"index, follow, max-snippet:-1, max-image-preview:large, max-video-preview:-1\" \/>\n<link rel=\"canonical\" href=\"https:\/\/diariotextual.com\/inicio\/index.php\/2021\/07\/23\/sin-publico-se-inauguran-oficialmente-los-juegos-olimpicos-2020\/\" \/>\n<meta property=\"og:locale\" content=\"es_ES\" \/>\n<meta property=\"og:type\" content=\"article\" \/>\n<meta property=\"og:title\" content=\"Se inauguraron oficialmente los Juegos Ol\u00edmpicos 2020 - Diario Textual\" \/>\n<meta property=\"og:description\" content=\"Los Juegos Ol\u00edmpicos de Tokio 2020, aplazados por un a\u00f1o debido a la pandemia de coronavirus, comenzaron oficialmente este viernes con la ceremonia de apertura en el Nuevo Estadio Nacional&hellip;\" \/>\n<meta property=\"og:url\" content=\"https:\/\/diariotextual.com\/inicio\/index.php\/2021\/07\/23\/sin-publico-se-inauguran-oficialmente-los-juegos-olimpicos-2020\/\" \/>\n<meta property=\"og:site_name\" content=\"Diario Textual\" \/>\n<meta property=\"article:publisher\" content=\"https:\/\/www.facebook.com\/eltextual\" \/>\n<meta property=\"article:published_time\" content=\"2021-07-23T10:43:48+00:00\" \/>\n<meta property=\"article:modified_time\" content=\"2021-07-23T20:38:10+00:00\" \/>\n<meta property=\"og:image\" content=\"https:\/\/diariotextual.com\/inicio\/wp-content\/uploads\/2021\/07\/E6-mr_uXoAgvx1c-scaled.jpg\" \/>\n\t<meta property=\"og:image:width\" content=\"2560\" \/>\n\t<meta property=\"og:image:height\" content=\"1707\" \/>\n\t<meta property=\"og:image:type\" content=\"image\/jpeg\" \/>\n<meta name=\"author\" content=\"diario2\" \/>\n<meta name=\"twitter:card\" content=\"summary_large_image\" \/>\n<meta name=\"twitter:creator\" content=\"@eltextual\" \/>\n<meta name=\"twitter:site\" content=\"@eltextual\" \/>\n<meta name=\"twitter:label1\" content=\"Escrito por\" \/>\n\t<meta name=\"twitter:data1\" content=\"diario2\" \/>\n\t<meta name=\"twitter:label2\" content=\"Tiempo de lectura\" \/>\n\t<meta name=\"twitter:data2\" content=\"4 minutos\" \/>\n<script type=\"application\/ld+json\" class=\"yoast-schema-graph\">{\"@context\":\"https:\\\/\\\/schema.org\",\"@graph\":[{\"@type\":\"Article\",\"@id\":\"https:\\\/\\\/diariotextual.com\\\/inicio\\\/index.php\\\/2021\\\/07\\\/23\\\/sin-publico-se-inauguran-oficialmente-los-juegos-olimpicos-2020\\\/#article\",\"isPartOf\":{\"@id\":\"https:\\\/\\\/diariotextual.com\\\/inicio\\\/index.php\\\/2021\\\/07\\\/23\\\/sin-publico-se-inauguran-oficialmente-los-juegos-olimpicos-2020\\\/\"},\"author\":{\"name\":\"diario2\",\"@id\":\"https:\\\/\\\/diariotextual.com\\\/inicio\\\/#\\\/schema\\\/person\\\/694f60677f23c4a530867a98f22b3768\"},\"headline\":\"Se inauguraron oficialmente los Juegos Ol\u00edmpicos 2020\",\"datePublished\":\"2021-07-23T10:43:48+00:00\",\"dateModified\":\"2021-07-23T20:38:10+00:00\",\"mainEntityOfPage\":{\"@id\":\"https:\\\/\\\/diariotextual.com\\\/inicio\\\/index.php\\\/2021\\\/07\\\/23\\\/sin-publico-se-inauguran-oficialmente-los-juegos-olimpicos-2020\\\/\"},\"wordCount\":734,\"publisher\":{\"@id\":\"https:\\\/\\\/diariotextual.com\\\/inicio\\\/#organization\"},\"image\":{\"@id\":\"https:\\\/\\\/diariotextual.com\\\/inicio\\\/index.php\\\/2021\\\/07\\\/23\\\/sin-publico-se-inauguran-oficialmente-los-juegos-olimpicos-2020\\\/#primaryimage\"},\"thumbnailUrl\":\"https:\\\/\\\/diariotextual.com\\\/inicio\\\/wp-content\\\/uploads\\\/2021\\\/07\\\/E6-mr_uXoAgvx1c-scaled.jpg\",\"keywords\":[\"jjoo\",\"Juegos ol\u00edmpicos\",\"Tokio 2020\"],\"articleSection\":[\"A - PORTADA2\",\"DEPORTES\"],\"inLanguage\":\"es\"},{\"@type\":\"WebPage\",\"@id\":\"https:\\\/\\\/diariotextual.com\\\/inicio\\\/index.php\\\/2021\\\/07\\\/23\\\/sin-publico-se-inauguran-oficialmente-los-juegos-olimpicos-2020\\\/\",\"url\":\"https:\\\/\\\/diariotextual.com\\\/inicio\\\/index.php\\\/2021\\\/07\\\/23\\\/sin-publico-se-inauguran-oficialmente-los-juegos-olimpicos-2020\\\/\",\"name\":\"Se inauguraron oficialmente los Juegos Ol\u00edmpicos 2020 - Diario Textual\",\"isPartOf\":{\"@id\":\"https:\\\/\\\/diariotextual.com\\\/inicio\\\/#website\"},\"primaryImageOfPage\":{\"@id\":\"https:\\\/\\\/diariotextual.com\\\/inicio\\\/index.php\\\/2021\\\/07\\\/23\\\/sin-publico-se-inauguran-oficialmente-los-juegos-olimpicos-2020\\\/#primaryimage\"},\"image\":{\"@id\":\"https:\\\/\\\/diariotextual.com\\\/inicio\\\/index.php\\\/2021\\\/07\\\/23\\\/sin-publico-se-inauguran-oficialmente-los-juegos-olimpicos-2020\\\/#primaryimage\"},\"thumbnailUrl\":\"https:\\\/\\\/diariotextual.com\\\/inicio\\\/wp-content\\\/uploads\\\/2021\\\/07\\\/E6-mr_uXoAgvx1c-scaled.jpg\",\"datePublished\":\"2021-07-23T10:43:48+00:00\",\"dateModified\":\"2021-07-23T20:38:10+00:00\",\"breadcrumb\":{\"@id\":\"https:\\\/\\\/diariotextual.com\\\/inicio\\\/index.php\\\/2021\\\/07\\\/23\\\/sin-publico-se-inauguran-oficialmente-los-juegos-olimpicos-2020\\\/#breadcrumb\"},\"inLanguage\":\"es\",\"potentialAction\":[{\"@type\":\"ReadAction\",\"target\":[\"https:\\\/\\\/diariotextual.com\\\/inicio\\\/index.php\\\/2021\\\/07\\\/23\\\/sin-publico-se-inauguran-oficialmente-los-juegos-olimpicos-2020\\\/\"]}]},{\"@type\":\"ImageObject\",\"inLanguage\":\"es\",\"@id\":\"https:\\\/\\\/diariotextual.com\\\/inicio\\\/index.php\\\/2021\\\/07\\\/23\\\/sin-publico-se-inauguran-oficialmente-los-juegos-olimpicos-2020\\\/#primaryimage\",\"url\":\"https:\\\/\\\/diariotextual.com\\\/inicio\\\/wp-content\\\/uploads\\\/2021\\\/07\\\/E6-mr_uXoAgvx1c-scaled.jpg\",\"contentUrl\":\"https:\\\/\\\/diariotextual.com\\\/inicio\\\/wp-content\\\/uploads\\\/2021\\\/07\\\/E6-mr_uXoAgvx1c-scaled.jpg\",\"width\":2560,\"height\":1707},{\"@type\":\"BreadcrumbList\",\"@id\":\"https:\\\/\\\/diariotextual.com\\\/inicio\\\/index.php\\\/2021\\\/07\\\/23\\\/sin-publico-se-inauguran-oficialmente-los-juegos-olimpicos-2020\\\/#breadcrumb\",\"itemListElement\":[{\"@type\":\"ListItem\",\"position\":1,\"name\":\"Portada\",\"item\":\"https:\\\/\\\/diariotextual.com\\\/inicio\\\/\"},{\"@type\":\"ListItem\",\"position\":2,\"name\":\"Se inauguraron oficialmente los Juegos Ol\u00edmpicos 2020\"}]},{\"@type\":\"WebSite\",\"@id\":\"https:\\\/\\\/diariotextual.com\\\/inicio\\\/#website\",\"url\":\"https:\\\/\\\/diariotextual.com\\\/inicio\\\/\",\"name\":\"Diario Textual\",\"description\":\"\",\"publisher\":{\"@id\":\"https:\\\/\\\/diariotextual.com\\\/inicio\\\/#organization\"},\"potentialAction\":[{\"@type\":\"SearchAction\",\"target\":{\"@type\":\"EntryPoint\",\"urlTemplate\":\"https:\\\/\\\/diariotextual.com\\\/inicio\\\/?s={search_term_string}\"},\"query-input\":{\"@type\":\"PropertyValueSpecification\",\"valueRequired\":true,\"valueName\":\"search_term_string\"}}],\"inLanguage\":\"es\"},{\"@type\":\"Organization\",\"@id\":\"https:\\\/\\\/diariotextual.com\\\/inicio\\\/#organization\",\"name\":\"Diario Textual\",\"url\":\"https:\\\/\\\/diariotextual.com\\\/inicio\\\/\",\"logo\":{\"@type\":\"ImageObject\",\"inLanguage\":\"es\",\"@id\":\"https:\\\/\\\/diariotextual.com\\\/inicio\\\/#\\\/schema\\\/logo\\\/image\\\/\",\"url\":\"https:\\\/\\\/diariotextual.com\\\/inicio\\\/wp-content\\\/uploads\\\/2023\\\/05\\\/logotextual1.jpg\",\"contentUrl\":\"https:\\\/\\\/diariotextual.com\\\/inicio\\\/wp-content\\\/uploads\\\/2023\\\/05\\\/logotextual1.jpg\",\"width\":516,\"height\":76,\"caption\":\"Diario Textual\"},\"image\":{\"@id\":\"https:\\\/\\\/diariotextual.com\\\/inicio\\\/#\\\/schema\\\/logo\\\/image\\\/\"},\"sameAs\":[\"https:\\\/\\\/www.facebook.com\\\/eltextual\",\"https:\\\/\\\/x.com\\\/eltextual\",\"http:\\\/\\\/www.instagram.com\\\/eltextual\"]},{\"@type\":\"Person\",\"@id\":\"https:\\\/\\\/diariotextual.com\\\/inicio\\\/#\\\/schema\\\/person\\\/694f60677f23c4a530867a98f22b3768\",\"name\":\"diario2\",\"image\":{\"@type\":\"ImageObject\",\"inLanguage\":\"es\",\"@id\":\"https:\\\/\\\/secure.gravatar.com\\\/avatar\\\/5a2567495ba16b852fcd8f1ed006a2e24fcace936018ed8237e95f488ad6e0a7?s=96&d=mm&r=g\",\"url\":\"https:\\\/\\\/secure.gravatar.com\\\/avatar\\\/5a2567495ba16b852fcd8f1ed006a2e24fcace936018ed8237e95f488ad6e0a7?s=96&d=mm&r=g\",\"contentUrl\":\"https:\\\/\\\/secure.gravatar.com\\\/avatar\\\/5a2567495ba16b852fcd8f1ed006a2e24fcace936018ed8237e95f488ad6e0a7?s=96&d=mm&r=g\",\"caption\":\"diario2\"},\"url\":\"https:\\\/\\\/diariotextual.com\\\/inicio\\\/index.php\\\/author\\\/diario2\\\/\"}]}<\/script>\n<!-- \/ Yoast SEO plugin. -->","yoast_head_json":{"title":"Se inauguraron oficialmente los Juegos Ol\u00edmpicos 2020 - Diario Textual","robots":{"index":"index","follow":"follow","max-snippet":"max-snippet:-1","max-image-preview":"max-image-preview:large","max-video-preview":"max-video-preview:-1"},"canonical":"https:\/\/diariotextual.com\/inicio\/index.php\/2021\/07\/23\/sin-publico-se-inauguran-oficialmente-los-juegos-olimpicos-2020\/","og_locale":"es_ES","og_type":"article","og_title":"Se inauguraron oficialmente los Juegos Ol\u00edmpicos 2020 - Diario Textual","og_description":"Los Juegos Ol\u00edmpicos de Tokio 2020, aplazados por un a\u00f1o debido a la pandemia de coronavirus, comenzaron oficialmente este viernes con la ceremonia de apertura en el Nuevo Estadio Nacional&hellip;","og_url":"https:\/\/diariotextual.com\/inicio\/index.php\/2021\/07\/23\/sin-publico-se-inauguran-oficialmente-los-juegos-olimpicos-2020\/","og_site_name":"Diario Textual","article_publisher":"https:\/\/www.facebook.com\/eltextual","article_published_time":"2021-07-23T10:43:48+00:00","article_modified_time":"2021-07-23T20:38:10+00:00","og_image":[{"width":2560,"height":1707,"url":"https:\/\/diariotextual.com\/inicio\/wp-content\/uploads\/2021\/07\/E6-mr_uXoAgvx1c-scaled.jpg","type":"image\/jpeg"}],"author":"diario2","twitter_card":"summary_large_image","twitter_creator":"@eltextual","twitter_site":"@eltextual","twitter_misc":{"Escrito por":"diario2","Tiempo de lectura":"4 minutos"},"schema":{"@context":"https:\/\/schema.org","@graph":[{"@type":"Article","@id":"https:\/\/diariotextual.com\/inicio\/index.php\/2021\/07\/23\/sin-publico-se-inauguran-oficialmente-los-juegos-olimpicos-2020\/#article","isPartOf":{"@id":"https:\/\/diariotextual.com\/inicio\/index.php\/2021\/07\/23\/sin-publico-se-inauguran-oficialmente-los-juegos-olimpicos-2020\/"},"author":{"name":"diario2","@id":"https:\/\/diariotextual.com\/inicio\/#\/schema\/person\/694f60677f23c4a530867a98f22b3768"},"headline":"Se inauguraron oficialmente los Juegos Ol\u00edmpicos 2020","datePublished":"2021-07-23T10:43:48+00:00","dateModified":"2021-07-23T20:38:10+00:00","mainEntityOfPage":{"@id":"https:\/\/diariotextual.com\/inicio\/index.php\/2021\/07\/23\/sin-publico-se-inauguran-oficialmente-los-juegos-olimpicos-2020\/"},"wordCount":734,"publisher":{"@id":"https:\/\/diariotextual.com\/inicio\/#organization"},"image":{"@id":"https:\/\/diariotextual.com\/inicio\/index.php\/2021\/07\/23\/sin-publico-se-inauguran-oficialmente-los-juegos-olimpicos-2020\/#primaryimage"},"thumbnailUrl":"https:\/\/diariotextual.com\/inicio\/wp-content\/uploads\/2021\/07\/E6-mr_uXoAgvx1c-scaled.jpg","keywords":["jjoo","Juegos ol\u00edmpicos","Tokio 2020"],"articleSection":["A - PORTADA2","DEPORTES"],"inLanguage":"es"},{"@type":"WebPage","@id":"https:\/\/diariotextual.com\/inicio\/index.php\/2021\/07\/23\/sin-publico-se-inauguran-oficialmente-los-juegos-olimpicos-2020\/","url":"https:\/\/diariotextual.com\/inicio\/index.php\/2021\/07\/23\/sin-publico-se-inauguran-oficialmente-los-juegos-olimpicos-2020\/","name":"Se inauguraron oficialmente los Juegos Ol\u00edmpicos 2020 - Diario Textual","isPartOf":{"@id":"https:\/\/diariotextual.com\/inicio\/#website"},"primaryImageOfPage":{"@id":"https:\/\/diariotextual.com\/inicio\/index.php\/2021\/07\/23\/sin-publico-se-inauguran-oficialmente-los-juegos-olimpicos-2020\/#primaryimage"},"image":{"@id":"https:\/\/diariotextual.com\/inicio\/index.php\/2021\/07\/23\/sin-publico-se-inauguran-oficialmente-los-juegos-olimpicos-2020\/#primaryimage"},"thumbnailUrl":"https:\/\/diariotextual.com\/inicio\/wp-content\/uploads\/2021\/07\/E6-mr_uXoAgvx1c-scaled.jpg","datePublished":"2021-07-23T10:43:48+00:00","dateModified":"2021-07-23T20:38:10+00:00","breadcrumb":{"@id":"https:\/\/diariotextual.com\/inicio\/index.php\/2021\/07\/23\/sin-publico-se-inauguran-oficialmente-los-juegos-olimpicos-2020\/#breadcrumb"},"inLanguage":"es","potentialAction":[{"@type":"ReadAction","target":["https:\/\/diariotextual.com\/inicio\/index.php\/2021\/07\/23\/sin-publico-se-inauguran-oficialmente-los-juegos-olimpicos-2020\/"]}]},{"@type":"ImageObject","inLanguage":"es","@id":"https:\/\/diariotextual.com\/inicio\/index.php\/2021\/07\/23\/sin-publico-se-inauguran-oficialmente-los-juegos-olimpicos-2020\/#primaryimage","url":"https:\/\/diariotextual.com\/inicio\/wp-content\/uploads\/2021\/07\/E6-mr_uXoAgvx1c-scaled.jpg","contentUrl":"https:\/\/diariotextual.com\/inicio\/wp-content\/uploads\/2021\/07\/E6-mr_uXoAgvx1c-scaled.jpg","width":2560,"height":1707},{"@type":"BreadcrumbList","@id":"https:\/\/diariotextual.com\/inicio\/index.php\/2021\/07\/23\/sin-publico-se-inauguran-oficialmente-los-juegos-olimpicos-2020\/#breadcrumb","itemListElement":[{"@type":"ListItem","position":1,"name":"Portada","item":"https:\/\/diariotextual.com\/inicio\/"},{"@type":"ListItem","position":2,"name":"Se inauguraron oficialmente los Juegos Ol\u00edmpicos 2020"}]},{"@type":"WebSite","@id":"https:\/\/diariotextual.com\/inicio\/#website","url":"https:\/\/diariotextual.com\/inicio\/","name":"Diario Textual","description":"","publisher":{"@id":"https:\/\/diariotextual.com\/inicio\/#organization"},"potentialAction":[{"@type":"SearchAction","target":{"@type":"EntryPoint","urlTemplate":"https:\/\/diariotextual.com\/inicio\/?s={search_term_string}"},"query-input":{"@type":"PropertyValueSpecification","valueRequired":true,"valueName":"search_term_string"}}],"inLanguage":"es"},{"@type":"Organization","@id":"https:\/\/diariotextual.com\/inicio\/#organization","name":"Diario Textual","url":"https:\/\/diariotextual.com\/inicio\/","logo":{"@type":"ImageObject","inLanguage":"es","@id":"https:\/\/diariotextual.com\/inicio\/#\/schema\/logo\/image\/","url":"https:\/\/diariotextual.com\/inicio\/wp-content\/uploads\/2023\/05\/logotextual1.jpg","contentUrl":"https:\/\/diariotextual.com\/inicio\/wp-content\/uploads\/2023\/05\/logotextual1.jpg","width":516,"height":76,"caption":"Diario Textual"},"image":{"@id":"https:\/\/diariotextual.com\/inicio\/#\/schema\/logo\/image\/"},"sameAs":["https:\/\/www.facebook.com\/eltextual","https:\/\/x.com\/eltextual","http:\/\/www.instagram.com\/eltextual"]},{"@type":"Person","@id":"https:\/\/diariotextual.com\/inicio\/#\/schema\/person\/694f60677f23c4a530867a98f22b3768","name":"diario2","image":{"@type":"ImageObject","inLanguage":"es","@id":"https:\/\/secure.gravatar.com\/avatar\/5a2567495ba16b852fcd8f1ed006a2e24fcace936018ed8237e95f488ad6e0a7?s=96&d=mm&r=g","url":"https:\/\/secure.gravatar.com\/avatar\/5a2567495ba16b852fcd8f1ed006a2e24fcace936018ed8237e95f488ad6e0a7?s=96&d=mm&r=g","contentUrl":"https:\/\/secure.gravatar.com\/avatar\/5a2567495ba16b852fcd8f1ed006a2e24fcace936018ed8237e95f488ad6e0a7?s=96&d=mm&r=g","caption":"diario2"},"url":"https:\/\/diariotextual.com\/inicio\/index.php\/author\/diario2\/"}]}},"_links":{"self":[{"href":"https:\/\/diariotextual.com\/inicio\/index.php\/wp-json\/wp\/v2\/posts\/155209","targetHints":{"allow":["GET"]}}],"collection":[{"href":"https:\/\/diariotextual.com\/inicio\/index.php\/wp-json\/wp\/v2\/posts"}],"about":[{"href":"https:\/\/diariotextual.com\/inicio\/index.php\/wp-json\/wp\/v2\/types\/post"}],"author":[{"embeddable":true,"href":"https:\/\/diariotextual.com\/inicio\/index.php\/wp-json\/wp\/v2\/users\/4"}],"replies":[{"embeddable":true,"href":"https:\/\/diariotextual.com\/inicio\/index.php\/wp-json\/wp\/v2\/comments?post=155209"}],"version-history":[{"count":7,"href":"https:\/\/diariotextual.com\/inicio\/index.php\/wp-json\/wp\/v2\/posts\/155209\/revisions"}],"predecessor-version":[{"id":155230,"href":"https:\/\/diariotextual.com\/inicio\/index.php\/wp-json\/wp\/v2\/posts\/155209\/revisions\/155230"}],"wp:featuredmedia":[{"embeddable":true,"href":"https:\/\/diariotextual.com\/inicio\/index.php\/wp-json\/wp\/v2\/media\/155226"}],"wp:attachment":[{"href":"https:\/\/diariotextual.com\/inicio\/index.php\/wp-json\/wp\/v2\/media?parent=155209"}],"wp:term":[{"taxonomy":"category","embeddable":true,"href":"https:\/\/diariotextual.com\/inicio\/index.php\/wp-json\/wp\/v2\/categories?post=155209"},{"taxonomy":"post_tag","embeddable":true,"href":"https:\/\/diariotextual.com\/inicio\/index.php\/wp-json\/wp\/v2\/tags?post=155209"}],"curies":[{"name":"wp","href":"https:\/\/api.w.org\/{rel}","templated":true}]}}