{"id":155298,"date":"2021-07-23T19:07:01","date_gmt":"2021-07-23T22:07:01","guid":{"rendered":"https:\/\/diariotextual.com\/inicio\/?p=155298"},"modified":"2021-07-24T09:59:28","modified_gmt":"2021-07-24T12:59:28","slug":"la-foto-de-la-lista-de-consenso-del-frente-de-todos","status":"publish","type":"post","link":"https:\/\/diariotextual.com\/inicio\/index.php\/2021\/07\/23\/la-foto-de-la-lista-de-consenso-del-frente-de-todos\/","title":{"rendered":"La lista de \u00abPali\u00bb y \u00abLuchy\u00bb: una boleta de renovaci\u00f3n con promedio 40 a\u00f1os"},"content":{"rendered":"\n<p>Hoy los integrantes de la lista <strong>Celeste y Blanca<\/strong> cumplieron con el tr\u00e1mite de aceptar las precandidaturas a legisladoras y legisladores nacionales por el Frente de Todos. <\/p>\n\n\n\n<p>Se trata de la \u00ablista de unidad o de consenso\u00bb que fue promocionada desde el Gobierno. Sin embargo, se confirm\u00f3 que tendr\u00e1n contrincantes: la flamante l\u00ednea <strong><a href=\"https:\/\/diariotextual.com\/inicio\/index.php\/2021\/07\/23\/legislativas-sola-confirma-que-se-presenta-y-lo-acompana-fabiana-montanez\/\" target=\"_blank\" rel=\"noreferrer noopener\">Alternativa Federal, comandada por Facundo Sola<\/a><\/strong>.<\/p>\n\n\n\n<p>La lista lleva como principales candidatos a Daniel Pablo \u00abPali\u00bb Bensus\u00e1n y Mar\u00eda Luz \u00abLuchy\u00bb Alonso. Una boleta que, a medida del gobernador Sergio Ziliotto, apuesta a la renovaci\u00f3n y eso se hace ver en la edad de sus integrantes. El promedio de los y las precandidatos es de unos 40 a\u00f1os.<br><\/p>\n\n\n\n<p>El ministro de Gobierno, Justicia y DDHH Bensus\u00e1n tiene 46 a\u00f1os y Alonso 35 a\u00f1os. El m\u00e9dico de General Pico Marcos Miguel que va como primer suplente 45 a\u00f1os y la actual diputada Melina Del\u00fa, que completa ese tramo, 45 a\u00f1os.<br><\/p>\n\n\n\n<p>En diputadas y diputados nacionales, Varinia \u00abLichi\u00bb Mar\u00edn tiene 53 a\u00f1os y el actual diputado Ariel Rauschenberger 55 a\u00f1os. Son los de mayor edad. La tercera precandidata, la viceintendenta de Intendente Alvear, Vanesa Acedo, tiene 35 a\u00f1os, y entre los suplentes Emanuel Gonz\u00e1lez de La Adela, 25 a\u00f1os, Sof\u00eda Cam\u00f3n de Parera 29 a\u00f1os y el concejal de Anguil, Gabriel Arletti, 45 a\u00f1os.<\/p>\n\n\n\n<p><\/p>\n\n\n\n<p><\/p>\n\n\n\n<p><br>Esta n\u00f3mina de precandidatas y precandidatos logr\u00f3 reunir 17.059 avales de afiliados del Frente de Todos de la provincia de La Pampa.<\/p>\n\n\n\n<p><br>\u00abReferentes de las distintas l\u00edneas coinciden en que la provincia no puede estar ausente de la lucha por definir un modelo de Argentina para salir de la crisis postpandemia, ya que requerir\u00e1 de diputados y senadores comprometidos con el campo popular y no con recetas de la econom\u00eda de mercado\u00bb, dijeron en un comunicado de prensa.<br><\/p>\n\n\n\n<p>Al Frente de Todos lo conforman los partidos Justicialista, Frente Renovador, PARTE, Nuevo Encuentro y Humanista.<br><\/p>\n\n\n\n<figure class=\"wp-block-embed is-type-wp-embed is-provider-diario-textual wp-block-embed-diario-textual\"><div class=\"wp-block-embed__wrapper\">\n<blockquote class=\"wp-embedded-content\" data-secret=\"X0OpeXCzFi\"><a href=\"https:\/\/diariotextual.com\/inicio\/index.php\/2021\/07\/23\/legislativas-sola-confirma-que-se-presenta-y-lo-acompana-fabiana-montanez\/\">Legislativas: Sola confirma que se presenta y lo acompa\u00f1a Fabiana Monta\u00f1ez<\/a><\/blockquote><iframe class=\"wp-embedded-content\" sandbox=\"allow-scripts\" security=\"restricted\" style=\"position: absolute; clip: rect(1px, 1px, 1px, 1px);\" title=\"\u00abLegislativas: Sola confirma que se presenta y lo acompa\u00f1a Fabiana Monta\u00f1ez\u00bb \u2014 Diario Textual\" src=\"https:\/\/diariotextual.com\/inicio\/index.php\/2021\/07\/23\/legislativas-sola-confirma-que-se-presenta-y-lo-acompana-fabiana-montanez\/embed\/#?secret=X0OpeXCzFi\" data-secret=\"X0OpeXCzFi\" width=\"600\" height=\"338\" frameborder=\"0\" marginwidth=\"0\" marginheight=\"0\" scrolling=\"no\"><\/iframe>\n<\/div><\/figure>\n","protected":false},"excerpt":{"rendered":"<p>Hoy los integrantes de la lista Celeste y Blanca cumplieron con el tr\u00e1mite de aceptar las precandidaturas a legisladoras y legisladores nacionales por el Frente de Todos. Se trata de&hellip;<\/p>\n","protected":false},"author":3,"featured_media":155299,"comment_status":"closed","ping_status":"open","sticky":false,"template":"","format":"standard","meta":{"_acf_changed":false,"footnotes":""},"categories":[1,8],"tags":[],"class_list":["post-155298","post","type-post","status-publish","format-standard","has-post-thumbnail","hentry","category-es-noticia","category-politica"],"acf":[],"yoast_head":"<!-- This site is optimized with the Yoast SEO plugin v27.5 - https:\/\/yoast.com\/product\/yoast-seo-wordpress\/ -->\n<title>La lista de &quot;Pali&quot; y &quot;Luchy&quot;: una boleta de renovaci\u00f3n con promedio 40 a\u00f1os - Diario Textual<\/title>\n<meta name=\"robots\" content=\"index, follow, max-snippet:-1, max-image-preview:large, max-video-preview:-1\" \/>\n<link rel=\"canonical\" href=\"https:\/\/diariotextual.com\/inicio\/index.php\/2021\/07\/23\/la-foto-de-la-lista-de-consenso-del-frente-de-todos\/\" \/>\n<meta property=\"og:locale\" content=\"es_ES\" \/>\n<meta property=\"og:type\" content=\"article\" \/>\n<meta property=\"og:title\" content=\"La lista de &quot;Pali&quot; y &quot;Luchy&quot;: una boleta de renovaci\u00f3n con promedio 40 a\u00f1os - Diario Textual\" \/>\n<meta property=\"og:description\" content=\"Hoy los integrantes de la lista Celeste y Blanca cumplieron con el tr\u00e1mite de aceptar las precandidaturas a legisladoras y legisladores nacionales por el Frente de Todos. Se trata de&hellip;\" \/>\n<meta property=\"og:url\" content=\"https:\/\/diariotextual.com\/inicio\/index.php\/2021\/07\/23\/la-foto-de-la-lista-de-consenso-del-frente-de-todos\/\" \/>\n<meta property=\"og:site_name\" content=\"Diario Textual\" \/>\n<meta property=\"article:publisher\" content=\"https:\/\/www.facebook.com\/eltextual\" \/>\n<meta property=\"article:published_time\" content=\"2021-07-23T22:07:01+00:00\" \/>\n<meta property=\"article:modified_time\" content=\"2021-07-24T12:59:28+00:00\" \/>\n<meta property=\"og:image\" content=\"https:\/\/diariotextual.com\/inicio\/wp-content\/uploads\/2021\/07\/frentedetodosbensusanmarinaloonsorauschenbergerlista2021-1.jpeg\" \/>\n\t<meta property=\"og:image:width\" content=\"1150\" \/>\n\t<meta property=\"og:image:height\" content=\"734\" \/>\n\t<meta property=\"og:image:type\" content=\"image\/jpeg\" \/>\n<meta name=\"author\" content=\"Diario1 Diario1\" \/>\n<meta name=\"twitter:card\" content=\"summary_large_image\" \/>\n<meta name=\"twitter:creator\" content=\"@eltextual\" \/>\n<meta name=\"twitter:site\" content=\"@eltextual\" \/>\n<meta name=\"twitter:label1\" content=\"Escrito por\" \/>\n\t<meta name=\"twitter:data1\" content=\"Diario1 Diario1\" \/>\n\t<meta name=\"twitter:label2\" content=\"Tiempo de lectura\" \/>\n\t<meta name=\"twitter:data2\" content=\"2 minutos\" \/>\n<script type=\"application\/ld+json\" class=\"yoast-schema-graph\">{\"@context\":\"https:\\\/\\\/schema.org\",\"@graph\":[{\"@type\":\"Article\",\"@id\":\"https:\\\/\\\/diariotextual.com\\\/inicio\\\/index.php\\\/2021\\\/07\\\/23\\\/la-foto-de-la-lista-de-consenso-del-frente-de-todos\\\/#article\",\"isPartOf\":{\"@id\":\"https:\\\/\\\/diariotextual.com\\\/inicio\\\/index.php\\\/2021\\\/07\\\/23\\\/la-foto-de-la-lista-de-consenso-del-frente-de-todos\\\/\"},\"author\":{\"name\":\"Diario1 Diario1\",\"@id\":\"https:\\\/\\\/diariotextual.com\\\/inicio\\\/#\\\/schema\\\/person\\\/418fc4093c33e86ed41562db3508f958\"},\"headline\":\"La lista de \u00abPali\u00bb y \u00abLuchy\u00bb: una boleta de renovaci\u00f3n con promedio 40 a\u00f1os\",\"datePublished\":\"2021-07-23T22:07:01+00:00\",\"dateModified\":\"2021-07-24T12:59:28+00:00\",\"mainEntityOfPage\":{\"@id\":\"https:\\\/\\\/diariotextual.com\\\/inicio\\\/index.php\\\/2021\\\/07\\\/23\\\/la-foto-de-la-lista-de-consenso-del-frente-de-todos\\\/\"},\"wordCount\":345,\"publisher\":{\"@id\":\"https:\\\/\\\/diariotextual.com\\\/inicio\\\/#organization\"},\"image\":{\"@id\":\"https:\\\/\\\/diariotextual.com\\\/inicio\\\/index.php\\\/2021\\\/07\\\/23\\\/la-foto-de-la-lista-de-consenso-del-frente-de-todos\\\/#primaryimage\"},\"thumbnailUrl\":\"https:\\\/\\\/diariotextual.com\\\/inicio\\\/wp-content\\\/uploads\\\/2021\\\/07\\\/frentedetodosbensusanmarinaloonsorauschenbergerlista2021-1.jpeg\",\"articleSection\":[\"A - ES NOTICIA (van abajo)\",\"POLITICA\"],\"inLanguage\":\"es\"},{\"@type\":\"WebPage\",\"@id\":\"https:\\\/\\\/diariotextual.com\\\/inicio\\\/index.php\\\/2021\\\/07\\\/23\\\/la-foto-de-la-lista-de-consenso-del-frente-de-todos\\\/\",\"url\":\"https:\\\/\\\/diariotextual.com\\\/inicio\\\/index.php\\\/2021\\\/07\\\/23\\\/la-foto-de-la-lista-de-consenso-del-frente-de-todos\\\/\",\"name\":\"La lista de \\\"Pali\\\" y \\\"Luchy\\\": una boleta de renovaci\u00f3n con promedio 40 a\u00f1os - Diario Textual\",\"isPartOf\":{\"@id\":\"https:\\\/\\\/diariotextual.com\\\/inicio\\\/#website\"},\"primaryImageOfPage\":{\"@id\":\"https:\\\/\\\/diariotextual.com\\\/inicio\\\/index.php\\\/2021\\\/07\\\/23\\\/la-foto-de-la-lista-de-consenso-del-frente-de-todos\\\/#primaryimage\"},\"image\":{\"@id\":\"https:\\\/\\\/diariotextual.com\\\/inicio\\\/index.php\\\/2021\\\/07\\\/23\\\/la-foto-de-la-lista-de-consenso-del-frente-de-todos\\\/#primaryimage\"},\"thumbnailUrl\":\"https:\\\/\\\/diariotextual.com\\\/inicio\\\/wp-content\\\/uploads\\\/2021\\\/07\\\/frentedetodosbensusanmarinaloonsorauschenbergerlista2021-1.jpeg\",\"datePublished\":\"2021-07-23T22:07:01+00:00\",\"dateModified\":\"2021-07-24T12:59:28+00:00\",\"breadcrumb\":{\"@id\":\"https:\\\/\\\/diariotextual.com\\\/inicio\\\/index.php\\\/2021\\\/07\\\/23\\\/la-foto-de-la-lista-de-consenso-del-frente-de-todos\\\/#breadcrumb\"},\"inLanguage\":\"es\",\"potentialAction\":[{\"@type\":\"ReadAction\",\"target\":[\"https:\\\/\\\/diariotextual.com\\\/inicio\\\/index.php\\\/2021\\\/07\\\/23\\\/la-foto-de-la-lista-de-consenso-del-frente-de-todos\\\/\"]}]},{\"@type\":\"ImageObject\",\"inLanguage\":\"es\",\"@id\":\"https:\\\/\\\/diariotextual.com\\\/inicio\\\/index.php\\\/2021\\\/07\\\/23\\\/la-foto-de-la-lista-de-consenso-del-frente-de-todos\\\/#primaryimage\",\"url\":\"https:\\\/\\\/diariotextual.com\\\/inicio\\\/wp-content\\\/uploads\\\/2021\\\/07\\\/frentedetodosbensusanmarinaloonsorauschenbergerlista2021-1.jpeg\",\"contentUrl\":\"https:\\\/\\\/diariotextual.com\\\/inicio\\\/wp-content\\\/uploads\\\/2021\\\/07\\\/frentedetodosbensusanmarinaloonsorauschenbergerlista2021-1.jpeg\",\"width\":1150,\"height\":734},{\"@type\":\"BreadcrumbList\",\"@id\":\"https:\\\/\\\/diariotextual.com\\\/inicio\\\/index.php\\\/2021\\\/07\\\/23\\\/la-foto-de-la-lista-de-consenso-del-frente-de-todos\\\/#breadcrumb\",\"itemListElement\":[{\"@type\":\"ListItem\",\"position\":1,\"name\":\"Portada\",\"item\":\"https:\\\/\\\/diariotextual.com\\\/inicio\\\/\"},{\"@type\":\"ListItem\",\"position\":2,\"name\":\"La lista de \u00abPali\u00bb y \u00abLuchy\u00bb: una boleta de renovaci\u00f3n con promedio 40 a\u00f1os\"}]},{\"@type\":\"WebSite\",\"@id\":\"https:\\\/\\\/diariotextual.com\\\/inicio\\\/#website\",\"url\":\"https:\\\/\\\/diariotextual.com\\\/inicio\\\/\",\"name\":\"Diario Textual\",\"description\":\"\",\"publisher\":{\"@id\":\"https:\\\/\\\/diariotextual.com\\\/inicio\\\/#organization\"},\"potentialAction\":[{\"@type\":\"SearchAction\",\"target\":{\"@type\":\"EntryPoint\",\"urlTemplate\":\"https:\\\/\\\/diariotextual.com\\\/inicio\\\/?s={search_term_string}\"},\"query-input\":{\"@type\":\"PropertyValueSpecification\",\"valueRequired\":true,\"valueName\":\"search_term_string\"}}],\"inLanguage\":\"es\"},{\"@type\":\"Organization\",\"@id\":\"https:\\\/\\\/diariotextual.com\\\/inicio\\\/#organization\",\"name\":\"Diario Textual\",\"url\":\"https:\\\/\\\/diariotextual.com\\\/inicio\\\/\",\"logo\":{\"@type\":\"ImageObject\",\"inLanguage\":\"es\",\"@id\":\"https:\\\/\\\/diariotextual.com\\\/inicio\\\/#\\\/schema\\\/logo\\\/image\\\/\",\"url\":\"https:\\\/\\\/diariotextual.com\\\/inicio\\\/wp-content\\\/uploads\\\/2023\\\/05\\\/logotextual1.jpg\",\"contentUrl\":\"https:\\\/\\\/diariotextual.com\\\/inicio\\\/wp-content\\\/uploads\\\/2023\\\/05\\\/logotextual1.jpg\",\"width\":516,\"height\":76,\"caption\":\"Diario Textual\"},\"image\":{\"@id\":\"https:\\\/\\\/diariotextual.com\\\/inicio\\\/#\\\/schema\\\/logo\\\/image\\\/\"},\"sameAs\":[\"https:\\\/\\\/www.facebook.com\\\/eltextual\",\"https:\\\/\\\/x.com\\\/eltextual\",\"http:\\\/\\\/www.instagram.com\\\/eltextual\"]},{\"@type\":\"Person\",\"@id\":\"https:\\\/\\\/diariotextual.com\\\/inicio\\\/#\\\/schema\\\/person\\\/418fc4093c33e86ed41562db3508f958\",\"name\":\"Diario1 Diario1\",\"image\":{\"@type\":\"ImageObject\",\"inLanguage\":\"es\",\"@id\":\"https:\\\/\\\/secure.gravatar.com\\\/avatar\\\/9167d280179c85bc18be67aa7eda765854300033af4896dd779b608640f2ef7a?s=96&d=mm&r=g\",\"url\":\"https:\\\/\\\/secure.gravatar.com\\\/avatar\\\/9167d280179c85bc18be67aa7eda765854300033af4896dd779b608640f2ef7a?s=96&d=mm&r=g\",\"contentUrl\":\"https:\\\/\\\/secure.gravatar.com\\\/avatar\\\/9167d280179c85bc18be67aa7eda765854300033af4896dd779b608640f2ef7a?s=96&d=mm&r=g\",\"caption\":\"Diario1 Diario1\"},\"url\":\"https:\\\/\\\/diariotextual.com\\\/inicio\\\/index.php\\\/author\\\/diario1\\\/\"}]}<\/script>\n<!-- \/ Yoast SEO plugin. -->","yoast_head_json":{"title":"La lista de \"Pali\" y \"Luchy\": una boleta de renovaci\u00f3n con promedio 40 a\u00f1os - Diario Textual","robots":{"index":"index","follow":"follow","max-snippet":"max-snippet:-1","max-image-preview":"max-image-preview:large","max-video-preview":"max-video-preview:-1"},"canonical":"https:\/\/diariotextual.com\/inicio\/index.php\/2021\/07\/23\/la-foto-de-la-lista-de-consenso-del-frente-de-todos\/","og_locale":"es_ES","og_type":"article","og_title":"La lista de \"Pali\" y \"Luchy\": una boleta de renovaci\u00f3n con promedio 40 a\u00f1os - Diario Textual","og_description":"Hoy los integrantes de la lista Celeste y Blanca cumplieron con el tr\u00e1mite de aceptar las precandidaturas a legisladoras y legisladores nacionales por el Frente de Todos. Se trata de&hellip;","og_url":"https:\/\/diariotextual.com\/inicio\/index.php\/2021\/07\/23\/la-foto-de-la-lista-de-consenso-del-frente-de-todos\/","og_site_name":"Diario Textual","article_publisher":"https:\/\/www.facebook.com\/eltextual","article_published_time":"2021-07-23T22:07:01+00:00","article_modified_time":"2021-07-24T12:59:28+00:00","og_image":[{"width":1150,"height":734,"url":"https:\/\/diariotextual.com\/inicio\/wp-content\/uploads\/2021\/07\/frentedetodosbensusanmarinaloonsorauschenbergerlista2021-1.jpeg","type":"image\/jpeg"}],"author":"Diario1 Diario1","twitter_card":"summary_large_image","twitter_creator":"@eltextual","twitter_site":"@eltextual","twitter_misc":{"Escrito por":"Diario1 Diario1","Tiempo de lectura":"2 minutos"},"schema":{"@context":"https:\/\/schema.org","@graph":[{"@type":"Article","@id":"https:\/\/diariotextual.com\/inicio\/index.php\/2021\/07\/23\/la-foto-de-la-lista-de-consenso-del-frente-de-todos\/#article","isPartOf":{"@id":"https:\/\/diariotextual.com\/inicio\/index.php\/2021\/07\/23\/la-foto-de-la-lista-de-consenso-del-frente-de-todos\/"},"author":{"name":"Diario1 Diario1","@id":"https:\/\/diariotextual.com\/inicio\/#\/schema\/person\/418fc4093c33e86ed41562db3508f958"},"headline":"La lista de \u00abPali\u00bb y \u00abLuchy\u00bb: una boleta de renovaci\u00f3n con promedio 40 a\u00f1os","datePublished":"2021-07-23T22:07:01+00:00","dateModified":"2021-07-24T12:59:28+00:00","mainEntityOfPage":{"@id":"https:\/\/diariotextual.com\/inicio\/index.php\/2021\/07\/23\/la-foto-de-la-lista-de-consenso-del-frente-de-todos\/"},"wordCount":345,"publisher":{"@id":"https:\/\/diariotextual.com\/inicio\/#organization"},"image":{"@id":"https:\/\/diariotextual.com\/inicio\/index.php\/2021\/07\/23\/la-foto-de-la-lista-de-consenso-del-frente-de-todos\/#primaryimage"},"thumbnailUrl":"https:\/\/diariotextual.com\/inicio\/wp-content\/uploads\/2021\/07\/frentedetodosbensusanmarinaloonsorauschenbergerlista2021-1.jpeg","articleSection":["A - ES NOTICIA (van abajo)","POLITICA"],"inLanguage":"es"},{"@type":"WebPage","@id":"https:\/\/diariotextual.com\/inicio\/index.php\/2021\/07\/23\/la-foto-de-la-lista-de-consenso-del-frente-de-todos\/","url":"https:\/\/diariotextual.com\/inicio\/index.php\/2021\/07\/23\/la-foto-de-la-lista-de-consenso-del-frente-de-todos\/","name":"La lista de \"Pali\" y \"Luchy\": una boleta de renovaci\u00f3n con promedio 40 a\u00f1os - Diario Textual","isPartOf":{"@id":"https:\/\/diariotextual.com\/inicio\/#website"},"primaryImageOfPage":{"@id":"https:\/\/diariotextual.com\/inicio\/index.php\/2021\/07\/23\/la-foto-de-la-lista-de-consenso-del-frente-de-todos\/#primaryimage"},"image":{"@id":"https:\/\/diariotextual.com\/inicio\/index.php\/2021\/07\/23\/la-foto-de-la-lista-de-consenso-del-frente-de-todos\/#primaryimage"},"thumbnailUrl":"https:\/\/diariotextual.com\/inicio\/wp-content\/uploads\/2021\/07\/frentedetodosbensusanmarinaloonsorauschenbergerlista2021-1.jpeg","datePublished":"2021-07-23T22:07:01+00:00","dateModified":"2021-07-24T12:59:28+00:00","breadcrumb":{"@id":"https:\/\/diariotextual.com\/inicio\/index.php\/2021\/07\/23\/la-foto-de-la-lista-de-consenso-del-frente-de-todos\/#breadcrumb"},"inLanguage":"es","potentialAction":[{"@type":"ReadAction","target":["https:\/\/diariotextual.com\/inicio\/index.php\/2021\/07\/23\/la-foto-de-la-lista-de-consenso-del-frente-de-todos\/"]}]},{"@type":"ImageObject","inLanguage":"es","@id":"https:\/\/diariotextual.com\/inicio\/index.php\/2021\/07\/23\/la-foto-de-la-lista-de-consenso-del-frente-de-todos\/#primaryimage","url":"https:\/\/diariotextual.com\/inicio\/wp-content\/uploads\/2021\/07\/frentedetodosbensusanmarinaloonsorauschenbergerlista2021-1.jpeg","contentUrl":"https:\/\/diariotextual.com\/inicio\/wp-content\/uploads\/2021\/07\/frentedetodosbensusanmarinaloonsorauschenbergerlista2021-1.jpeg","width":1150,"height":734},{"@type":"BreadcrumbList","@id":"https:\/\/diariotextual.com\/inicio\/index.php\/2021\/07\/23\/la-foto-de-la-lista-de-consenso-del-frente-de-todos\/#breadcrumb","itemListElement":[{"@type":"ListItem","position":1,"name":"Portada","item":"https:\/\/diariotextual.com\/inicio\/"},{"@type":"ListItem","position":2,"name":"La lista de \u00abPali\u00bb y \u00abLuchy\u00bb: una boleta de renovaci\u00f3n con promedio 40 a\u00f1os"}]},{"@type":"WebSite","@id":"https:\/\/diariotextual.com\/inicio\/#website","url":"https:\/\/diariotextual.com\/inicio\/","name":"Diario Textual","description":"","publisher":{"@id":"https:\/\/diariotextual.com\/inicio\/#organization"},"potentialAction":[{"@type":"SearchAction","target":{"@type":"EntryPoint","urlTemplate":"https:\/\/diariotextual.com\/inicio\/?s={search_term_string}"},"query-input":{"@type":"PropertyValueSpecification","valueRequired":true,"valueName":"search_term_string"}}],"inLanguage":"es"},{"@type":"Organization","@id":"https:\/\/diariotextual.com\/inicio\/#organization","name":"Diario Textual","url":"https:\/\/diariotextual.com\/inicio\/","logo":{"@type":"ImageObject","inLanguage":"es","@id":"https:\/\/diariotextual.com\/inicio\/#\/schema\/logo\/image\/","url":"https:\/\/diariotextual.com\/inicio\/wp-content\/uploads\/2023\/05\/logotextual1.jpg","contentUrl":"https:\/\/diariotextual.com\/inicio\/wp-content\/uploads\/2023\/05\/logotextual1.jpg","width":516,"height":76,"caption":"Diario Textual"},"image":{"@id":"https:\/\/diariotextual.com\/inicio\/#\/schema\/logo\/image\/"},"sameAs":["https:\/\/www.facebook.com\/eltextual","https:\/\/x.com\/eltextual","http:\/\/www.instagram.com\/eltextual"]},{"@type":"Person","@id":"https:\/\/diariotextual.com\/inicio\/#\/schema\/person\/418fc4093c33e86ed41562db3508f958","name":"Diario1 Diario1","image":{"@type":"ImageObject","inLanguage":"es","@id":"https:\/\/secure.gravatar.com\/avatar\/9167d280179c85bc18be67aa7eda765854300033af4896dd779b608640f2ef7a?s=96&d=mm&r=g","url":"https:\/\/secure.gravatar.com\/avatar\/9167d280179c85bc18be67aa7eda765854300033af4896dd779b608640f2ef7a?s=96&d=mm&r=g","contentUrl":"https:\/\/secure.gravatar.com\/avatar\/9167d280179c85bc18be67aa7eda765854300033af4896dd779b608640f2ef7a?s=96&d=mm&r=g","caption":"Diario1 Diario1"},"url":"https:\/\/diariotextual.com\/inicio\/index.php\/author\/diario1\/"}]}},"_links":{"self":[{"href":"https:\/\/diariotextual.com\/inicio\/index.php\/wp-json\/wp\/v2\/posts\/155298","targetHints":{"allow":["GET"]}}],"collection":[{"href":"https:\/\/diariotextual.com\/inicio\/index.php\/wp-json\/wp\/v2\/posts"}],"about":[{"href":"https:\/\/diariotextual.com\/inicio\/index.php\/wp-json\/wp\/v2\/types\/post"}],"author":[{"embeddable":true,"href":"https:\/\/diariotextual.com\/inicio\/index.php\/wp-json\/wp\/v2\/users\/3"}],"replies":[{"embeddable":true,"href":"https:\/\/diariotextual.com\/inicio\/index.php\/wp-json\/wp\/v2\/comments?post=155298"}],"version-history":[{"count":2,"href":"https:\/\/diariotextual.com\/inicio\/index.php\/wp-json\/wp\/v2\/posts\/155298\/revisions"}],"predecessor-version":[{"id":155323,"href":"https:\/\/diariotextual.com\/inicio\/index.php\/wp-json\/wp\/v2\/posts\/155298\/revisions\/155323"}],"wp:featuredmedia":[{"embeddable":true,"href":"https:\/\/diariotextual.com\/inicio\/index.php\/wp-json\/wp\/v2\/media\/155299"}],"wp:attachment":[{"href":"https:\/\/diariotextual.com\/inicio\/index.php\/wp-json\/wp\/v2\/media?parent=155298"}],"wp:term":[{"taxonomy":"category","embeddable":true,"href":"https:\/\/diariotextual.com\/inicio\/index.php\/wp-json\/wp\/v2\/categories?post=155298"},{"taxonomy":"post_tag","embeddable":true,"href":"https:\/\/diariotextual.com\/inicio\/index.php\/wp-json\/wp\/v2\/tags?post=155298"}],"curies":[{"name":"wp","href":"https:\/\/api.w.org\/{rel}","templated":true}]}}