{"id":155352,"date":"2021-07-24T09:46:00","date_gmt":"2021-07-24T12:46:00","guid":{"rendered":"https:\/\/diariotextual.com\/inicio\/?p=155352"},"modified":"2021-07-25T10:29:46","modified_gmt":"2021-07-25T13:29:46","slug":"sola-quedo-afuera-presento-una-lista-pero-sin-la-certificacion-de-sus-avales","status":"publish","type":"post","link":"https:\/\/diariotextual.com\/inicio\/index.php\/2021\/07\/24\/sola-quedo-afuera-presento-una-lista-pero-sin-la-certificacion-de-sus-avales\/","title":{"rendered":"Sola qued\u00f3 afuera de la interna: no present\u00f3 la certificaci\u00f3n de avales"},"content":{"rendered":"\n<p><strong>Facundo Sola<\/strong> no podr\u00e1 participar de las PASO por el Frente de Todos: este s\u00e1bado por la tarde, al filo de vencerse el plazo, <strong>mostr\u00f3 una lista para competir en las legislativas y los avales pero esas firmas de los afiliados no contaban con la certificaci\u00f3n de las autoridades partidarias.<\/strong><\/p>\n\n\n\n<p>Seg\u00fan dijeron fuentes partidarias,<strong> directamente no hizo la presentaci\u00f3n de la lista Alternativa Pampeana. Es que el apoderado Luciano Beloqui solo mostr\u00f3 pero no dej\u00f3 los 1900 avales que dec\u00eda tener<\/strong> ante la Junta Electoral del Frente de Todos, en la sede del PJ. <strong>Tampoco cumpli\u00f3 con una serie de pasos que exige la legislaci\u00f3n, como cargar los antecedentes penales de sus candidatos.<\/strong><\/p>\n\n\n\n<p>\u00abFue una puesta en escena\u00bb, graficaron. Lo cierto es que, luego de la salida de Beloqui, Sola dialog\u00f3 con la prensa frente al PJ y se quej\u00f3 del \u00abmecanismo de proscripci\u00f3n\u00bb que tiene el peronismo.<\/p>\n\n\n\n<p>De esta manera, en Todos solo quedar\u00e1 en carrera la lista Celeste y Blanca, integrada por la gran mayor\u00eda de las l\u00edneas mayoritarias del peronismo. Est\u00e1 integrada, entre otros, por Daniel Pablo Bensus\u00e1n, Mar\u00eda Luz Alonso, Varinia Lis Mar\u00edn y Ariel Rauschenberger.<\/p>\n\n\n\n<figure class=\"wp-block-image size-large\"><img fetchpriority=\"high\" decoding=\"async\" width=\"1024\" height=\"576\" src=\"https:\/\/diariotextual.com\/inicio\/wp-content\/uploads\/2021\/07\/20210724_163718-1024x576.jpg\" alt=\"\" class=\"wp-image-155355\" srcset=\"https:\/\/diariotextual.com\/inicio\/wp-content\/uploads\/2021\/07\/20210724_163718-1024x576.jpg 1024w, https:\/\/diariotextual.com\/inicio\/wp-content\/uploads\/2021\/07\/20210724_163718-300x169.jpg 300w, https:\/\/diariotextual.com\/inicio\/wp-content\/uploads\/2021\/07\/20210724_163718-768x432.jpg 768w, https:\/\/diariotextual.com\/inicio\/wp-content\/uploads\/2021\/07\/20210724_163718-1536x864.jpg 1536w, https:\/\/diariotextual.com\/inicio\/wp-content\/uploads\/2021\/07\/20210724_163718-2048x1152.jpg 2048w, https:\/\/diariotextual.com\/inicio\/wp-content\/uploads\/2021\/07\/20210724_163718-1170x658.jpg 1170w, https:\/\/diariotextual.com\/inicio\/wp-content\/uploads\/2021\/07\/20210724_163718-585x329.jpg 585w\" sizes=\"(max-width: 1024px) 100vw, 1024px\" \/><\/figure>\n\n\n\n<p>La lista Alternativa Pampeana estaba encabezada por Facundo Sola (Realic\u00f3) y Fabiana Monta\u00f1ez (Santa Rosa) en la lista de senadores. Como senadores suplentes se encontraban Rufino Mart\u00ednez (Doblas) y Gianina Techera (La Adela).<\/p>\n\n\n\n<p>En tanto, Franco Robledo (General Pico), Sandra L\u00f3pez (Guatrach\u00e9) y Mario Fern\u00e1ndez (Toay) se postulaban como diputados titulares. Y como suplentes iban Marcela Arg\u00fcello (Santa Isabel) y N\u00e9stor Nogueira (Eduardo Castex).<\/p>\n\n\n\n<p>Sola dijo a Diario Textual que ninguno de los 18 integrantes del Consejo Provincial del PJ quiso firmar la certificaci\u00f3n. De esta manera, se descuenta que la Junta Electoral bajar\u00e1 a los postulantes.<\/p>\n\n\n\n<p>La decisi\u00f3n, por lo menos pol\u00e9mica, puso en evidencia el verticalismo del peronismo y dej\u00f3 tambaleando su democracia interna.<\/p>\n\n\n\n<p>Sola dijo que el certificado es \u201cel \u00fanico obst\u00e1culo que hoy nos impide dar cumplimiento a los requisitos exigidos\u201d por las autoridades.<\/p>\n\n\n\n<p>Ese mecanismo los \u201cexcluye de la contienda electoral\u201d por un <strong>\u201cexceso de reglamentarismo en un mecanismo proscriptivo\u201d.<\/strong><\/p>\n\n\n\n<p>Sola pretend\u00eda competir contra la llamada \u201clista de unidad\u201d. Precisamente todos los integrantes del consejo responden a esos sectores. Incluso algunos son candidatos.<\/p>\n\n\n\n<p>Los 18 del consejo son Alicia Mayoral, Daniel Bensus\u00e1n, Ariel Rojas, Silvia Gallego, Jorge Lezcano, Roberto Robledo, Patricia Lavin, Mariano Fern\u00e1ndez, Luciano di Napoli, Espartaco Mar\u00edn, Liliana Robledo, Norma Durango, Heriberto Mediza, Ariel Rauschenberger, Carmina Besga, Cesar Montes de Oca, Erica Riboyra y Carina Wilberger.<\/p>\n\n\n\n<p>Tambi\u00e9n pod\u00edan firmar la certificaci\u00f3n los 44 delegados departamentales, los presidentes de unas 70 unidades b\u00e1sicas y hasta autoridades de otros partidos pol\u00edticos. Ninguno lo hizo.<\/p>\n\n\n\n<p>El diputado y exintendente de Realic\u00f3 dijo haber juntado unos 1900 avales. La alternativa que ten\u00eda era certificar, firma por firma, a trav\u00e9s de un escribano. Pero es un costo impagable para Sola.<\/p>\n\n\n\n<p>\u201cDada la escasez de tiempo establecido por ley electoral en \u00e9sta etapa, se imposibilita el correcto procedimiento de certificaci\u00f3n, obligando a recurrir a m\u00e9todos alternativos que dependen de la voluntad pol\u00edtica y predisposici\u00f3n de las personas facultadas por el partido pol\u00edtico al efecto. En \u00e9ste caso, dichas autoridades partidarias han manifestado p\u00fablicamente su preferencia por la otra lista que pretende participar en estas PASO\u201d, dijo Sola.<\/p>\n\n\n\n<p>En ese marco, <strong>pidi\u00f3 que el mecanismo sea revisado \u201cpara que no se transforme en una herramienta de impedir la participaci\u00f3n\u201d y pidi\u00f3 que se pueda incluir las firmas de no afiliados a ning\u00fan partido.<\/strong><\/p>\n\n\n\n<p><\/p>\n","protected":false},"excerpt":{"rendered":"<p>Facundo Sola no podr\u00e1 participar de las PASO por el Frente de Todos: este s\u00e1bado por la tarde, al filo de vencerse el plazo, mostr\u00f3 una lista para competir en&hellip;<\/p>\n","protected":false},"author":3,"featured_media":155363,"comment_status":"closed","ping_status":"open","sticky":false,"template":"","format":"standard","meta":{"_acf_changed":false,"footnotes":""},"categories":[1,10,11],"tags":[807],"class_list":["post-155352","post","type-post","status-publish","format-standard","has-post-thumbnail","hentry","category-es-noticia","category-portada-2","category-que-pasa","tag-sola"],"acf":[],"yoast_head":"<!-- This site is optimized with the Yoast SEO plugin v27.5 - https:\/\/yoast.com\/product\/yoast-seo-wordpress\/ -->\n<title>Sola qued\u00f3 afuera de la interna: no present\u00f3 la certificaci\u00f3n de avales - Diario Textual<\/title>\n<meta name=\"robots\" content=\"index, follow, max-snippet:-1, max-image-preview:large, max-video-preview:-1\" \/>\n<link rel=\"canonical\" href=\"https:\/\/diariotextual.com\/inicio\/index.php\/2021\/07\/24\/sola-quedo-afuera-presento-una-lista-pero-sin-la-certificacion-de-sus-avales\/\" \/>\n<meta property=\"og:locale\" content=\"es_ES\" \/>\n<meta property=\"og:type\" content=\"article\" \/>\n<meta property=\"og:title\" content=\"Sola qued\u00f3 afuera de la interna: no present\u00f3 la certificaci\u00f3n de avales - Diario Textual\" \/>\n<meta property=\"og:description\" content=\"Facundo Sola no podr\u00e1 participar de las PASO por el Frente de Todos: este s\u00e1bado por la tarde, al filo de vencerse el plazo, mostr\u00f3 una lista para competir en&hellip;\" \/>\n<meta property=\"og:url\" content=\"https:\/\/diariotextual.com\/inicio\/index.php\/2021\/07\/24\/sola-quedo-afuera-presento-una-lista-pero-sin-la-certificacion-de-sus-avales\/\" \/>\n<meta property=\"og:site_name\" content=\"Diario Textual\" \/>\n<meta property=\"article:publisher\" content=\"https:\/\/www.facebook.com\/eltextual\" \/>\n<meta property=\"article:published_time\" content=\"2021-07-24T12:46:00+00:00\" \/>\n<meta property=\"article:modified_time\" content=\"2021-07-25T13:29:46+00:00\" \/>\n<meta property=\"og:image\" content=\"https:\/\/diariotextual.com\/inicio\/wp-content\/uploads\/2021\/07\/20210724_170617-scaled.jpg\" \/>\n\t<meta property=\"og:image:width\" content=\"2560\" \/>\n\t<meta property=\"og:image:height\" content=\"1440\" \/>\n\t<meta property=\"og:image:type\" content=\"image\/jpeg\" \/>\n<meta name=\"author\" content=\"Diario1 Diario1\" \/>\n<meta name=\"twitter:card\" content=\"summary_large_image\" \/>\n<meta name=\"twitter:creator\" content=\"@eltextual\" \/>\n<meta name=\"twitter:site\" content=\"@eltextual\" \/>\n<meta name=\"twitter:label1\" content=\"Escrito por\" \/>\n\t<meta name=\"twitter:data1\" content=\"Diario1 Diario1\" \/>\n\t<meta name=\"twitter:label2\" content=\"Tiempo de lectura\" \/>\n\t<meta name=\"twitter:data2\" content=\"3 minutos\" \/>\n<script type=\"application\/ld+json\" class=\"yoast-schema-graph\">{\"@context\":\"https:\\\/\\\/schema.org\",\"@graph\":[{\"@type\":\"Article\",\"@id\":\"https:\\\/\\\/diariotextual.com\\\/inicio\\\/index.php\\\/2021\\\/07\\\/24\\\/sola-quedo-afuera-presento-una-lista-pero-sin-la-certificacion-de-sus-avales\\\/#article\",\"isPartOf\":{\"@id\":\"https:\\\/\\\/diariotextual.com\\\/inicio\\\/index.php\\\/2021\\\/07\\\/24\\\/sola-quedo-afuera-presento-una-lista-pero-sin-la-certificacion-de-sus-avales\\\/\"},\"author\":{\"name\":\"Diario1 Diario1\",\"@id\":\"https:\\\/\\\/diariotextual.com\\\/inicio\\\/#\\\/schema\\\/person\\\/418fc4093c33e86ed41562db3508f958\"},\"headline\":\"Sola qued\u00f3 afuera de la interna: no present\u00f3 la certificaci\u00f3n de avales\",\"datePublished\":\"2021-07-24T12:46:00+00:00\",\"dateModified\":\"2021-07-25T13:29:46+00:00\",\"mainEntityOfPage\":{\"@id\":\"https:\\\/\\\/diariotextual.com\\\/inicio\\\/index.php\\\/2021\\\/07\\\/24\\\/sola-quedo-afuera-presento-una-lista-pero-sin-la-certificacion-de-sus-avales\\\/\"},\"wordCount\":621,\"publisher\":{\"@id\":\"https:\\\/\\\/diariotextual.com\\\/inicio\\\/#organization\"},\"image\":{\"@id\":\"https:\\\/\\\/diariotextual.com\\\/inicio\\\/index.php\\\/2021\\\/07\\\/24\\\/sola-quedo-afuera-presento-una-lista-pero-sin-la-certificacion-de-sus-avales\\\/#primaryimage\"},\"thumbnailUrl\":\"https:\\\/\\\/diariotextual.com\\\/inicio\\\/wp-content\\\/uploads\\\/2021\\\/07\\\/20210724_170617-scaled.jpg\",\"keywords\":[\"sola\"],\"articleSection\":[\"A - ES NOTICIA (van abajo)\",\"A - PORTADA2\",\"A - QUE PASA (al costado)\"],\"inLanguage\":\"es\"},{\"@type\":\"WebPage\",\"@id\":\"https:\\\/\\\/diariotextual.com\\\/inicio\\\/index.php\\\/2021\\\/07\\\/24\\\/sola-quedo-afuera-presento-una-lista-pero-sin-la-certificacion-de-sus-avales\\\/\",\"url\":\"https:\\\/\\\/diariotextual.com\\\/inicio\\\/index.php\\\/2021\\\/07\\\/24\\\/sola-quedo-afuera-presento-una-lista-pero-sin-la-certificacion-de-sus-avales\\\/\",\"name\":\"Sola qued\u00f3 afuera de la interna: no present\u00f3 la certificaci\u00f3n de avales - Diario Textual\",\"isPartOf\":{\"@id\":\"https:\\\/\\\/diariotextual.com\\\/inicio\\\/#website\"},\"primaryImageOfPage\":{\"@id\":\"https:\\\/\\\/diariotextual.com\\\/inicio\\\/index.php\\\/2021\\\/07\\\/24\\\/sola-quedo-afuera-presento-una-lista-pero-sin-la-certificacion-de-sus-avales\\\/#primaryimage\"},\"image\":{\"@id\":\"https:\\\/\\\/diariotextual.com\\\/inicio\\\/index.php\\\/2021\\\/07\\\/24\\\/sola-quedo-afuera-presento-una-lista-pero-sin-la-certificacion-de-sus-avales\\\/#primaryimage\"},\"thumbnailUrl\":\"https:\\\/\\\/diariotextual.com\\\/inicio\\\/wp-content\\\/uploads\\\/2021\\\/07\\\/20210724_170617-scaled.jpg\",\"datePublished\":\"2021-07-24T12:46:00+00:00\",\"dateModified\":\"2021-07-25T13:29:46+00:00\",\"breadcrumb\":{\"@id\":\"https:\\\/\\\/diariotextual.com\\\/inicio\\\/index.php\\\/2021\\\/07\\\/24\\\/sola-quedo-afuera-presento-una-lista-pero-sin-la-certificacion-de-sus-avales\\\/#breadcrumb\"},\"inLanguage\":\"es\",\"potentialAction\":[{\"@type\":\"ReadAction\",\"target\":[\"https:\\\/\\\/diariotextual.com\\\/inicio\\\/index.php\\\/2021\\\/07\\\/24\\\/sola-quedo-afuera-presento-una-lista-pero-sin-la-certificacion-de-sus-avales\\\/\"]}]},{\"@type\":\"ImageObject\",\"inLanguage\":\"es\",\"@id\":\"https:\\\/\\\/diariotextual.com\\\/inicio\\\/index.php\\\/2021\\\/07\\\/24\\\/sola-quedo-afuera-presento-una-lista-pero-sin-la-certificacion-de-sus-avales\\\/#primaryimage\",\"url\":\"https:\\\/\\\/diariotextual.com\\\/inicio\\\/wp-content\\\/uploads\\\/2021\\\/07\\\/20210724_170617-scaled.jpg\",\"contentUrl\":\"https:\\\/\\\/diariotextual.com\\\/inicio\\\/wp-content\\\/uploads\\\/2021\\\/07\\\/20210724_170617-scaled.jpg\",\"width\":2560,\"height\":1440},{\"@type\":\"BreadcrumbList\",\"@id\":\"https:\\\/\\\/diariotextual.com\\\/inicio\\\/index.php\\\/2021\\\/07\\\/24\\\/sola-quedo-afuera-presento-una-lista-pero-sin-la-certificacion-de-sus-avales\\\/#breadcrumb\",\"itemListElement\":[{\"@type\":\"ListItem\",\"position\":1,\"name\":\"Portada\",\"item\":\"https:\\\/\\\/diariotextual.com\\\/inicio\\\/\"},{\"@type\":\"ListItem\",\"position\":2,\"name\":\"Sola qued\u00f3 afuera de la interna: no present\u00f3 la certificaci\u00f3n de avales\"}]},{\"@type\":\"WebSite\",\"@id\":\"https:\\\/\\\/diariotextual.com\\\/inicio\\\/#website\",\"url\":\"https:\\\/\\\/diariotextual.com\\\/inicio\\\/\",\"name\":\"Diario Textual\",\"description\":\"\",\"publisher\":{\"@id\":\"https:\\\/\\\/diariotextual.com\\\/inicio\\\/#organization\"},\"potentialAction\":[{\"@type\":\"SearchAction\",\"target\":{\"@type\":\"EntryPoint\",\"urlTemplate\":\"https:\\\/\\\/diariotextual.com\\\/inicio\\\/?s={search_term_string}\"},\"query-input\":{\"@type\":\"PropertyValueSpecification\",\"valueRequired\":true,\"valueName\":\"search_term_string\"}}],\"inLanguage\":\"es\"},{\"@type\":\"Organization\",\"@id\":\"https:\\\/\\\/diariotextual.com\\\/inicio\\\/#organization\",\"name\":\"Diario Textual\",\"url\":\"https:\\\/\\\/diariotextual.com\\\/inicio\\\/\",\"logo\":{\"@type\":\"ImageObject\",\"inLanguage\":\"es\",\"@id\":\"https:\\\/\\\/diariotextual.com\\\/inicio\\\/#\\\/schema\\\/logo\\\/image\\\/\",\"url\":\"https:\\\/\\\/diariotextual.com\\\/inicio\\\/wp-content\\\/uploads\\\/2023\\\/05\\\/logotextual1.jpg\",\"contentUrl\":\"https:\\\/\\\/diariotextual.com\\\/inicio\\\/wp-content\\\/uploads\\\/2023\\\/05\\\/logotextual1.jpg\",\"width\":516,\"height\":76,\"caption\":\"Diario Textual\"},\"image\":{\"@id\":\"https:\\\/\\\/diariotextual.com\\\/inicio\\\/#\\\/schema\\\/logo\\\/image\\\/\"},\"sameAs\":[\"https:\\\/\\\/www.facebook.com\\\/eltextual\",\"https:\\\/\\\/x.com\\\/eltextual\",\"http:\\\/\\\/www.instagram.com\\\/eltextual\"]},{\"@type\":\"Person\",\"@id\":\"https:\\\/\\\/diariotextual.com\\\/inicio\\\/#\\\/schema\\\/person\\\/418fc4093c33e86ed41562db3508f958\",\"name\":\"Diario1 Diario1\",\"image\":{\"@type\":\"ImageObject\",\"inLanguage\":\"es\",\"@id\":\"https:\\\/\\\/secure.gravatar.com\\\/avatar\\\/9167d280179c85bc18be67aa7eda765854300033af4896dd779b608640f2ef7a?s=96&d=mm&r=g\",\"url\":\"https:\\\/\\\/secure.gravatar.com\\\/avatar\\\/9167d280179c85bc18be67aa7eda765854300033af4896dd779b608640f2ef7a?s=96&d=mm&r=g\",\"contentUrl\":\"https:\\\/\\\/secure.gravatar.com\\\/avatar\\\/9167d280179c85bc18be67aa7eda765854300033af4896dd779b608640f2ef7a?s=96&d=mm&r=g\",\"caption\":\"Diario1 Diario1\"},\"url\":\"https:\\\/\\\/diariotextual.com\\\/inicio\\\/index.php\\\/author\\\/diario1\\\/\"}]}<\/script>\n<!-- \/ Yoast SEO plugin. -->","yoast_head_json":{"title":"Sola qued\u00f3 afuera de la interna: no present\u00f3 la certificaci\u00f3n de avales - Diario Textual","robots":{"index":"index","follow":"follow","max-snippet":"max-snippet:-1","max-image-preview":"max-image-preview:large","max-video-preview":"max-video-preview:-1"},"canonical":"https:\/\/diariotextual.com\/inicio\/index.php\/2021\/07\/24\/sola-quedo-afuera-presento-una-lista-pero-sin-la-certificacion-de-sus-avales\/","og_locale":"es_ES","og_type":"article","og_title":"Sola qued\u00f3 afuera de la interna: no present\u00f3 la certificaci\u00f3n de avales - Diario Textual","og_description":"Facundo Sola no podr\u00e1 participar de las PASO por el Frente de Todos: este s\u00e1bado por la tarde, al filo de vencerse el plazo, mostr\u00f3 una lista para competir en&hellip;","og_url":"https:\/\/diariotextual.com\/inicio\/index.php\/2021\/07\/24\/sola-quedo-afuera-presento-una-lista-pero-sin-la-certificacion-de-sus-avales\/","og_site_name":"Diario Textual","article_publisher":"https:\/\/www.facebook.com\/eltextual","article_published_time":"2021-07-24T12:46:00+00:00","article_modified_time":"2021-07-25T13:29:46+00:00","og_image":[{"width":2560,"height":1440,"url":"https:\/\/diariotextual.com\/inicio\/wp-content\/uploads\/2021\/07\/20210724_170617-scaled.jpg","type":"image\/jpeg"}],"author":"Diario1 Diario1","twitter_card":"summary_large_image","twitter_creator":"@eltextual","twitter_site":"@eltextual","twitter_misc":{"Escrito por":"Diario1 Diario1","Tiempo de lectura":"3 minutos"},"schema":{"@context":"https:\/\/schema.org","@graph":[{"@type":"Article","@id":"https:\/\/diariotextual.com\/inicio\/index.php\/2021\/07\/24\/sola-quedo-afuera-presento-una-lista-pero-sin-la-certificacion-de-sus-avales\/#article","isPartOf":{"@id":"https:\/\/diariotextual.com\/inicio\/index.php\/2021\/07\/24\/sola-quedo-afuera-presento-una-lista-pero-sin-la-certificacion-de-sus-avales\/"},"author":{"name":"Diario1 Diario1","@id":"https:\/\/diariotextual.com\/inicio\/#\/schema\/person\/418fc4093c33e86ed41562db3508f958"},"headline":"Sola qued\u00f3 afuera de la interna: no present\u00f3 la certificaci\u00f3n de avales","datePublished":"2021-07-24T12:46:00+00:00","dateModified":"2021-07-25T13:29:46+00:00","mainEntityOfPage":{"@id":"https:\/\/diariotextual.com\/inicio\/index.php\/2021\/07\/24\/sola-quedo-afuera-presento-una-lista-pero-sin-la-certificacion-de-sus-avales\/"},"wordCount":621,"publisher":{"@id":"https:\/\/diariotextual.com\/inicio\/#organization"},"image":{"@id":"https:\/\/diariotextual.com\/inicio\/index.php\/2021\/07\/24\/sola-quedo-afuera-presento-una-lista-pero-sin-la-certificacion-de-sus-avales\/#primaryimage"},"thumbnailUrl":"https:\/\/diariotextual.com\/inicio\/wp-content\/uploads\/2021\/07\/20210724_170617-scaled.jpg","keywords":["sola"],"articleSection":["A - ES NOTICIA (van abajo)","A - PORTADA2","A - QUE PASA (al costado)"],"inLanguage":"es"},{"@type":"WebPage","@id":"https:\/\/diariotextual.com\/inicio\/index.php\/2021\/07\/24\/sola-quedo-afuera-presento-una-lista-pero-sin-la-certificacion-de-sus-avales\/","url":"https:\/\/diariotextual.com\/inicio\/index.php\/2021\/07\/24\/sola-quedo-afuera-presento-una-lista-pero-sin-la-certificacion-de-sus-avales\/","name":"Sola qued\u00f3 afuera de la interna: no present\u00f3 la certificaci\u00f3n de avales - Diario Textual","isPartOf":{"@id":"https:\/\/diariotextual.com\/inicio\/#website"},"primaryImageOfPage":{"@id":"https:\/\/diariotextual.com\/inicio\/index.php\/2021\/07\/24\/sola-quedo-afuera-presento-una-lista-pero-sin-la-certificacion-de-sus-avales\/#primaryimage"},"image":{"@id":"https:\/\/diariotextual.com\/inicio\/index.php\/2021\/07\/24\/sola-quedo-afuera-presento-una-lista-pero-sin-la-certificacion-de-sus-avales\/#primaryimage"},"thumbnailUrl":"https:\/\/diariotextual.com\/inicio\/wp-content\/uploads\/2021\/07\/20210724_170617-scaled.jpg","datePublished":"2021-07-24T12:46:00+00:00","dateModified":"2021-07-25T13:29:46+00:00","breadcrumb":{"@id":"https:\/\/diariotextual.com\/inicio\/index.php\/2021\/07\/24\/sola-quedo-afuera-presento-una-lista-pero-sin-la-certificacion-de-sus-avales\/#breadcrumb"},"inLanguage":"es","potentialAction":[{"@type":"ReadAction","target":["https:\/\/diariotextual.com\/inicio\/index.php\/2021\/07\/24\/sola-quedo-afuera-presento-una-lista-pero-sin-la-certificacion-de-sus-avales\/"]}]},{"@type":"ImageObject","inLanguage":"es","@id":"https:\/\/diariotextual.com\/inicio\/index.php\/2021\/07\/24\/sola-quedo-afuera-presento-una-lista-pero-sin-la-certificacion-de-sus-avales\/#primaryimage","url":"https:\/\/diariotextual.com\/inicio\/wp-content\/uploads\/2021\/07\/20210724_170617-scaled.jpg","contentUrl":"https:\/\/diariotextual.com\/inicio\/wp-content\/uploads\/2021\/07\/20210724_170617-scaled.jpg","width":2560,"height":1440},{"@type":"BreadcrumbList","@id":"https:\/\/diariotextual.com\/inicio\/index.php\/2021\/07\/24\/sola-quedo-afuera-presento-una-lista-pero-sin-la-certificacion-de-sus-avales\/#breadcrumb","itemListElement":[{"@type":"ListItem","position":1,"name":"Portada","item":"https:\/\/diariotextual.com\/inicio\/"},{"@type":"ListItem","position":2,"name":"Sola qued\u00f3 afuera de la interna: no present\u00f3 la certificaci\u00f3n de avales"}]},{"@type":"WebSite","@id":"https:\/\/diariotextual.com\/inicio\/#website","url":"https:\/\/diariotextual.com\/inicio\/","name":"Diario Textual","description":"","publisher":{"@id":"https:\/\/diariotextual.com\/inicio\/#organization"},"potentialAction":[{"@type":"SearchAction","target":{"@type":"EntryPoint","urlTemplate":"https:\/\/diariotextual.com\/inicio\/?s={search_term_string}"},"query-input":{"@type":"PropertyValueSpecification","valueRequired":true,"valueName":"search_term_string"}}],"inLanguage":"es"},{"@type":"Organization","@id":"https:\/\/diariotextual.com\/inicio\/#organization","name":"Diario Textual","url":"https:\/\/diariotextual.com\/inicio\/","logo":{"@type":"ImageObject","inLanguage":"es","@id":"https:\/\/diariotextual.com\/inicio\/#\/schema\/logo\/image\/","url":"https:\/\/diariotextual.com\/inicio\/wp-content\/uploads\/2023\/05\/logotextual1.jpg","contentUrl":"https:\/\/diariotextual.com\/inicio\/wp-content\/uploads\/2023\/05\/logotextual1.jpg","width":516,"height":76,"caption":"Diario Textual"},"image":{"@id":"https:\/\/diariotextual.com\/inicio\/#\/schema\/logo\/image\/"},"sameAs":["https:\/\/www.facebook.com\/eltextual","https:\/\/x.com\/eltextual","http:\/\/www.instagram.com\/eltextual"]},{"@type":"Person","@id":"https:\/\/diariotextual.com\/inicio\/#\/schema\/person\/418fc4093c33e86ed41562db3508f958","name":"Diario1 Diario1","image":{"@type":"ImageObject","inLanguage":"es","@id":"https:\/\/secure.gravatar.com\/avatar\/9167d280179c85bc18be67aa7eda765854300033af4896dd779b608640f2ef7a?s=96&d=mm&r=g","url":"https:\/\/secure.gravatar.com\/avatar\/9167d280179c85bc18be67aa7eda765854300033af4896dd779b608640f2ef7a?s=96&d=mm&r=g","contentUrl":"https:\/\/secure.gravatar.com\/avatar\/9167d280179c85bc18be67aa7eda765854300033af4896dd779b608640f2ef7a?s=96&d=mm&r=g","caption":"Diario1 Diario1"},"url":"https:\/\/diariotextual.com\/inicio\/index.php\/author\/diario1\/"}]}},"_links":{"self":[{"href":"https:\/\/diariotextual.com\/inicio\/index.php\/wp-json\/wp\/v2\/posts\/155352","targetHints":{"allow":["GET"]}}],"collection":[{"href":"https:\/\/diariotextual.com\/inicio\/index.php\/wp-json\/wp\/v2\/posts"}],"about":[{"href":"https:\/\/diariotextual.com\/inicio\/index.php\/wp-json\/wp\/v2\/types\/post"}],"author":[{"embeddable":true,"href":"https:\/\/diariotextual.com\/inicio\/index.php\/wp-json\/wp\/v2\/users\/3"}],"replies":[{"embeddable":true,"href":"https:\/\/diariotextual.com\/inicio\/index.php\/wp-json\/wp\/v2\/comments?post=155352"}],"version-history":[{"count":15,"href":"https:\/\/diariotextual.com\/inicio\/index.php\/wp-json\/wp\/v2\/posts\/155352\/revisions"}],"predecessor-version":[{"id":155440,"href":"https:\/\/diariotextual.com\/inicio\/index.php\/wp-json\/wp\/v2\/posts\/155352\/revisions\/155440"}],"wp:featuredmedia":[{"embeddable":true,"href":"https:\/\/diariotextual.com\/inicio\/index.php\/wp-json\/wp\/v2\/media\/155363"}],"wp:attachment":[{"href":"https:\/\/diariotextual.com\/inicio\/index.php\/wp-json\/wp\/v2\/media?parent=155352"}],"wp:term":[{"taxonomy":"category","embeddable":true,"href":"https:\/\/diariotextual.com\/inicio\/index.php\/wp-json\/wp\/v2\/categories?post=155352"},{"taxonomy":"post_tag","embeddable":true,"href":"https:\/\/diariotextual.com\/inicio\/index.php\/wp-json\/wp\/v2\/tags?post=155352"}],"curies":[{"name":"wp","href":"https:\/\/api.w.org\/{rel}","templated":true}]}}