{"id":155414,"date":"2021-07-24T20:54:55","date_gmt":"2021-07-24T23:54:55","guid":{"rendered":"https:\/\/diariotextual.com\/inicio\/?p=155414"},"modified":"2021-07-25T13:03:31","modified_gmt":"2021-07-25T16:03:31","slug":"la-lista-cruzada-kroneberger-a-senador-y-maquieyra-a-diputado","status":"publish","type":"post","link":"https:\/\/diariotextual.com\/inicio\/index.php\/2021\/07\/24\/la-lista-cruzada-kroneberger-a-senador-y-maquieyra-a-diputado\/","title":{"rendered":"La lista cruzada: Kroneberger a senador y Maquieyra a diputado"},"content":{"rendered":"\n<p>Finalmente el radical<strong> Daniel Kroneberger <\/strong>y el macrista<strong> Mart\u00edn Maquieyra <\/strong>acordaron una lista para competir en las PASO dentro de la coalici\u00f3n Juntos por el Cambio. Se sumaron tambi\u00e9n dirigentes del Movimiento de Integraci\u00f3n y Desarrollo (MID). Esta lista, llamada <strong>Unidos por La Pampa<\/strong>, es \u00abcruzada\u00bb: tiene dirigentes de tres partidos.<\/p>\n\n\n\n<p>Kroneberger es precandidato a senador nacional y Maquieyra a diputado nacional. Seg\u00fan dijeron, tienen el respaldo del gobernador juje\u00f1o Gerardo Morales y del jefe de gobierno de la Ciudad Aut\u00f3noma de Buenos Aires, Horacio Rodr\u00edguez Larreta.<\/p>\n\n\n\n<p>\u201cEstamos muy contentos por haber logrado esta lista de consenso junto a Daniel. Decid\u00ed dejar de lado mis ambiciones personales porque sabemos que esta lista es la mejor manera de ponerle un freno al kirchnerismo. Mi prioridad siempre fue llegar a formar la lista de unidad entre la UCR, el PRO y el MID\u201d, manifest\u00f3 Maquieyra.<\/p>\n\n\n\n<p>En tanto, Kroneberger destac\u00f3 el acuerdo con un sector mayoritario del PRO. \u201cComo representante del radicalismo s\u00e9 que la mejor manera de ser oposici\u00f3n al gobierno nacional es formando esta lista de consenso\u201d, dijo. \u201cHoy nos unimos con ese mismo objetivo en com\u00fan, siempre unidos en el di\u00e1logo y el compromiso hacia los pampeanos. Somos plenamente conscientes de que se trata de un proceso que va a ser muy trascendente para el futuro de la Argentina, donde no solamente est\u00e1 en juego el equilibrio de poderes en el Congreso, sino tambi\u00e9n lo que podemos hacer todas y todos los dirigentes pol\u00edticos para defender los intereses de La Pampa y el federalismo, independientemente de las banderas pol\u00edticas\u201d.<\/p>\n\n\n\n<p>Para el Senado, se postulan como titulares Daniel Kroneberger y Victoria Huala y como suplentes Gustavo Gheller y Marina \u00c1lvarez.<\/p>\n\n\n\n<p>Para Diputados, son precandidatos titulares Mart\u00edn Maquieyra, Evangelina Remis y Mat\u00edas Traba y suplentes Marina Zavala, Lucas Lazaric y Macarena Barbero.<\/p>\n\n\n\n<figure class=\"wp-block-embed is-type-wp-embed is-provider-diario-textual wp-block-embed-diario-textual\"><div class=\"wp-block-embed__wrapper\">\n<blockquote class=\"wp-embedded-content\" data-secret=\"GoyYh9IDxR\"><a href=\"https:\/\/diariotextual.com\/inicio\/index.php\/2021\/07\/24\/jxc-la-pampa-se-presentaron-5-listas-para-las-paso\/\">JxC La Pampa: se presentaron 5 listas para las PASO<\/a><\/blockquote><iframe class=\"wp-embedded-content\" sandbox=\"allow-scripts\" security=\"restricted\" style=\"position: absolute; clip: rect(1px, 1px, 1px, 1px);\" title=\"\u00abJxC La Pampa: se presentaron 5 listas para las PASO\u00bb \u2014 Diario Textual\" src=\"https:\/\/diariotextual.com\/inicio\/index.php\/2021\/07\/24\/jxc-la-pampa-se-presentaron-5-listas-para-las-paso\/embed\/#?secret=GoyYh9IDxR\" data-secret=\"GoyYh9IDxR\" width=\"600\" height=\"338\" frameborder=\"0\" marginwidth=\"0\" marginheight=\"0\" scrolling=\"no\"><\/iframe>\n<\/div><\/figure>\n","protected":false},"excerpt":{"rendered":"<p>Finalmente el radical Daniel Kroneberger y el macrista Mart\u00edn Maquieyra acordaron una lista para competir en las PASO dentro de la coalici\u00f3n Juntos por el Cambio. Se sumaron tambi\u00e9n dirigentes&hellip;<\/p>\n","protected":false},"author":3,"featured_media":155422,"comment_status":"closed","ping_status":"open","sticky":false,"template":"","format":"standard","meta":{"_acf_changed":false,"footnotes":""},"categories":[11,8],"tags":[425],"class_list":["post-155414","post","type-post","status-publish","format-standard","has-post-thumbnail","hentry","category-que-pasa","category-politica","tag-kroneberger"],"acf":[],"yoast_head":"<!-- This site is optimized with the Yoast SEO plugin v27.4 - https:\/\/yoast.com\/product\/yoast-seo-wordpress\/ -->\n<title>La lista cruzada: Kroneberger a senador y Maquieyra a diputado - Diario Textual<\/title>\n<meta name=\"robots\" content=\"index, follow, max-snippet:-1, max-image-preview:large, max-video-preview:-1\" \/>\n<link rel=\"canonical\" href=\"https:\/\/diariotextual.com\/inicio\/index.php\/2021\/07\/24\/la-lista-cruzada-kroneberger-a-senador-y-maquieyra-a-diputado\/\" \/>\n<meta property=\"og:locale\" content=\"es_ES\" \/>\n<meta property=\"og:type\" content=\"article\" \/>\n<meta property=\"og:title\" content=\"La lista cruzada: Kroneberger a senador y Maquieyra a diputado - Diario Textual\" \/>\n<meta property=\"og:description\" content=\"Finalmente el radical Daniel Kroneberger y el macrista Mart\u00edn Maquieyra acordaron una lista para competir en las PASO dentro de la coalici\u00f3n Juntos por el Cambio. Se sumaron tambi\u00e9n dirigentes&hellip;\" \/>\n<meta property=\"og:url\" content=\"https:\/\/diariotextual.com\/inicio\/index.php\/2021\/07\/24\/la-lista-cruzada-kroneberger-a-senador-y-maquieyra-a-diputado\/\" \/>\n<meta property=\"og:site_name\" content=\"Diario Textual\" \/>\n<meta property=\"article:publisher\" content=\"https:\/\/www.facebook.com\/eltextual\" \/>\n<meta property=\"article:published_time\" content=\"2021-07-24T23:54:55+00:00\" \/>\n<meta property=\"article:modified_time\" content=\"2021-07-25T16:03:31+00:00\" \/>\n<meta property=\"og:image\" content=\"https:\/\/diariotextual.com\/inicio\/wp-content\/uploads\/2021\/07\/kronebergermaquieyrajxclista2021-1.jpeg\" \/>\n\t<meta property=\"og:image:width\" content=\"1200\" \/>\n\t<meta property=\"og:image:height\" content=\"863\" \/>\n\t<meta property=\"og:image:type\" content=\"image\/jpeg\" \/>\n<meta name=\"author\" content=\"Diario1 Diario1\" \/>\n<meta name=\"twitter:card\" content=\"summary_large_image\" \/>\n<meta name=\"twitter:creator\" content=\"@eltextual\" \/>\n<meta name=\"twitter:site\" content=\"@eltextual\" \/>\n<meta name=\"twitter:label1\" content=\"Escrito por\" \/>\n\t<meta name=\"twitter:data1\" content=\"Diario1 Diario1\" \/>\n\t<meta name=\"twitter:label2\" content=\"Tiempo de lectura\" \/>\n\t<meta name=\"twitter:data2\" content=\"2 minutos\" \/>\n<script type=\"application\/ld+json\" class=\"yoast-schema-graph\">{\"@context\":\"https:\\\/\\\/schema.org\",\"@graph\":[{\"@type\":\"Article\",\"@id\":\"https:\\\/\\\/diariotextual.com\\\/inicio\\\/index.php\\\/2021\\\/07\\\/24\\\/la-lista-cruzada-kroneberger-a-senador-y-maquieyra-a-diputado\\\/#article\",\"isPartOf\":{\"@id\":\"https:\\\/\\\/diariotextual.com\\\/inicio\\\/index.php\\\/2021\\\/07\\\/24\\\/la-lista-cruzada-kroneberger-a-senador-y-maquieyra-a-diputado\\\/\"},\"author\":{\"name\":\"Diario1 Diario1\",\"@id\":\"https:\\\/\\\/diariotextual.com\\\/inicio\\\/#\\\/schema\\\/person\\\/418fc4093c33e86ed41562db3508f958\"},\"headline\":\"La lista cruzada: Kroneberger a senador y Maquieyra a diputado\",\"datePublished\":\"2021-07-24T23:54:55+00:00\",\"dateModified\":\"2021-07-25T16:03:31+00:00\",\"mainEntityOfPage\":{\"@id\":\"https:\\\/\\\/diariotextual.com\\\/inicio\\\/index.php\\\/2021\\\/07\\\/24\\\/la-lista-cruzada-kroneberger-a-senador-y-maquieyra-a-diputado\\\/\"},\"wordCount\":334,\"publisher\":{\"@id\":\"https:\\\/\\\/diariotextual.com\\\/inicio\\\/#organization\"},\"image\":{\"@id\":\"https:\\\/\\\/diariotextual.com\\\/inicio\\\/index.php\\\/2021\\\/07\\\/24\\\/la-lista-cruzada-kroneberger-a-senador-y-maquieyra-a-diputado\\\/#primaryimage\"},\"thumbnailUrl\":\"https:\\\/\\\/diariotextual.com\\\/inicio\\\/wp-content\\\/uploads\\\/2021\\\/07\\\/kronebergermaquieyrajxclista2021-1.jpeg\",\"keywords\":[\"kroneberger\"],\"articleSection\":[\"A - QUE PASA (al costado)\",\"POLITICA\"],\"inLanguage\":\"es\"},{\"@type\":\"WebPage\",\"@id\":\"https:\\\/\\\/diariotextual.com\\\/inicio\\\/index.php\\\/2021\\\/07\\\/24\\\/la-lista-cruzada-kroneberger-a-senador-y-maquieyra-a-diputado\\\/\",\"url\":\"https:\\\/\\\/diariotextual.com\\\/inicio\\\/index.php\\\/2021\\\/07\\\/24\\\/la-lista-cruzada-kroneberger-a-senador-y-maquieyra-a-diputado\\\/\",\"name\":\"La lista cruzada: Kroneberger a senador y Maquieyra a diputado - Diario Textual\",\"isPartOf\":{\"@id\":\"https:\\\/\\\/diariotextual.com\\\/inicio\\\/#website\"},\"primaryImageOfPage\":{\"@id\":\"https:\\\/\\\/diariotextual.com\\\/inicio\\\/index.php\\\/2021\\\/07\\\/24\\\/la-lista-cruzada-kroneberger-a-senador-y-maquieyra-a-diputado\\\/#primaryimage\"},\"image\":{\"@id\":\"https:\\\/\\\/diariotextual.com\\\/inicio\\\/index.php\\\/2021\\\/07\\\/24\\\/la-lista-cruzada-kroneberger-a-senador-y-maquieyra-a-diputado\\\/#primaryimage\"},\"thumbnailUrl\":\"https:\\\/\\\/diariotextual.com\\\/inicio\\\/wp-content\\\/uploads\\\/2021\\\/07\\\/kronebergermaquieyrajxclista2021-1.jpeg\",\"datePublished\":\"2021-07-24T23:54:55+00:00\",\"dateModified\":\"2021-07-25T16:03:31+00:00\",\"breadcrumb\":{\"@id\":\"https:\\\/\\\/diariotextual.com\\\/inicio\\\/index.php\\\/2021\\\/07\\\/24\\\/la-lista-cruzada-kroneberger-a-senador-y-maquieyra-a-diputado\\\/#breadcrumb\"},\"inLanguage\":\"es\",\"potentialAction\":[{\"@type\":\"ReadAction\",\"target\":[\"https:\\\/\\\/diariotextual.com\\\/inicio\\\/index.php\\\/2021\\\/07\\\/24\\\/la-lista-cruzada-kroneberger-a-senador-y-maquieyra-a-diputado\\\/\"]}]},{\"@type\":\"ImageObject\",\"inLanguage\":\"es\",\"@id\":\"https:\\\/\\\/diariotextual.com\\\/inicio\\\/index.php\\\/2021\\\/07\\\/24\\\/la-lista-cruzada-kroneberger-a-senador-y-maquieyra-a-diputado\\\/#primaryimage\",\"url\":\"https:\\\/\\\/diariotextual.com\\\/inicio\\\/wp-content\\\/uploads\\\/2021\\\/07\\\/kronebergermaquieyrajxclista2021-1.jpeg\",\"contentUrl\":\"https:\\\/\\\/diariotextual.com\\\/inicio\\\/wp-content\\\/uploads\\\/2021\\\/07\\\/kronebergermaquieyrajxclista2021-1.jpeg\",\"width\":1200,\"height\":863},{\"@type\":\"BreadcrumbList\",\"@id\":\"https:\\\/\\\/diariotextual.com\\\/inicio\\\/index.php\\\/2021\\\/07\\\/24\\\/la-lista-cruzada-kroneberger-a-senador-y-maquieyra-a-diputado\\\/#breadcrumb\",\"itemListElement\":[{\"@type\":\"ListItem\",\"position\":1,\"name\":\"Portada\",\"item\":\"https:\\\/\\\/diariotextual.com\\\/inicio\\\/\"},{\"@type\":\"ListItem\",\"position\":2,\"name\":\"La lista cruzada: Kroneberger a senador y Maquieyra a diputado\"}]},{\"@type\":\"WebSite\",\"@id\":\"https:\\\/\\\/diariotextual.com\\\/inicio\\\/#website\",\"url\":\"https:\\\/\\\/diariotextual.com\\\/inicio\\\/\",\"name\":\"Diario Textual\",\"description\":\"\",\"publisher\":{\"@id\":\"https:\\\/\\\/diariotextual.com\\\/inicio\\\/#organization\"},\"potentialAction\":[{\"@type\":\"SearchAction\",\"target\":{\"@type\":\"EntryPoint\",\"urlTemplate\":\"https:\\\/\\\/diariotextual.com\\\/inicio\\\/?s={search_term_string}\"},\"query-input\":{\"@type\":\"PropertyValueSpecification\",\"valueRequired\":true,\"valueName\":\"search_term_string\"}}],\"inLanguage\":\"es\"},{\"@type\":\"Organization\",\"@id\":\"https:\\\/\\\/diariotextual.com\\\/inicio\\\/#organization\",\"name\":\"Diario Textual\",\"url\":\"https:\\\/\\\/diariotextual.com\\\/inicio\\\/\",\"logo\":{\"@type\":\"ImageObject\",\"inLanguage\":\"es\",\"@id\":\"https:\\\/\\\/diariotextual.com\\\/inicio\\\/#\\\/schema\\\/logo\\\/image\\\/\",\"url\":\"https:\\\/\\\/diariotextual.com\\\/inicio\\\/wp-content\\\/uploads\\\/2023\\\/05\\\/logotextual1.jpg\",\"contentUrl\":\"https:\\\/\\\/diariotextual.com\\\/inicio\\\/wp-content\\\/uploads\\\/2023\\\/05\\\/logotextual1.jpg\",\"width\":516,\"height\":76,\"caption\":\"Diario Textual\"},\"image\":{\"@id\":\"https:\\\/\\\/diariotextual.com\\\/inicio\\\/#\\\/schema\\\/logo\\\/image\\\/\"},\"sameAs\":[\"https:\\\/\\\/www.facebook.com\\\/eltextual\",\"https:\\\/\\\/x.com\\\/eltextual\",\"http:\\\/\\\/www.instagram.com\\\/eltextual\"]},{\"@type\":\"Person\",\"@id\":\"https:\\\/\\\/diariotextual.com\\\/inicio\\\/#\\\/schema\\\/person\\\/418fc4093c33e86ed41562db3508f958\",\"name\":\"Diario1 Diario1\",\"image\":{\"@type\":\"ImageObject\",\"inLanguage\":\"es\",\"@id\":\"https:\\\/\\\/secure.gravatar.com\\\/avatar\\\/9167d280179c85bc18be67aa7eda765854300033af4896dd779b608640f2ef7a?s=96&d=mm&r=g\",\"url\":\"https:\\\/\\\/secure.gravatar.com\\\/avatar\\\/9167d280179c85bc18be67aa7eda765854300033af4896dd779b608640f2ef7a?s=96&d=mm&r=g\",\"contentUrl\":\"https:\\\/\\\/secure.gravatar.com\\\/avatar\\\/9167d280179c85bc18be67aa7eda765854300033af4896dd779b608640f2ef7a?s=96&d=mm&r=g\",\"caption\":\"Diario1 Diario1\"},\"url\":\"https:\\\/\\\/diariotextual.com\\\/inicio\\\/index.php\\\/author\\\/diario1\\\/\"}]}<\/script>\n<!-- \/ Yoast SEO plugin. -->","yoast_head_json":{"title":"La lista cruzada: Kroneberger a senador y Maquieyra a diputado - Diario Textual","robots":{"index":"index","follow":"follow","max-snippet":"max-snippet:-1","max-image-preview":"max-image-preview:large","max-video-preview":"max-video-preview:-1"},"canonical":"https:\/\/diariotextual.com\/inicio\/index.php\/2021\/07\/24\/la-lista-cruzada-kroneberger-a-senador-y-maquieyra-a-diputado\/","og_locale":"es_ES","og_type":"article","og_title":"La lista cruzada: Kroneberger a senador y Maquieyra a diputado - Diario Textual","og_description":"Finalmente el radical Daniel Kroneberger y el macrista Mart\u00edn Maquieyra acordaron una lista para competir en las PASO dentro de la coalici\u00f3n Juntos por el Cambio. Se sumaron tambi\u00e9n dirigentes&hellip;","og_url":"https:\/\/diariotextual.com\/inicio\/index.php\/2021\/07\/24\/la-lista-cruzada-kroneberger-a-senador-y-maquieyra-a-diputado\/","og_site_name":"Diario Textual","article_publisher":"https:\/\/www.facebook.com\/eltextual","article_published_time":"2021-07-24T23:54:55+00:00","article_modified_time":"2021-07-25T16:03:31+00:00","og_image":[{"width":1200,"height":863,"url":"https:\/\/diariotextual.com\/inicio\/wp-content\/uploads\/2021\/07\/kronebergermaquieyrajxclista2021-1.jpeg","type":"image\/jpeg"}],"author":"Diario1 Diario1","twitter_card":"summary_large_image","twitter_creator":"@eltextual","twitter_site":"@eltextual","twitter_misc":{"Escrito por":"Diario1 Diario1","Tiempo de lectura":"2 minutos"},"schema":{"@context":"https:\/\/schema.org","@graph":[{"@type":"Article","@id":"https:\/\/diariotextual.com\/inicio\/index.php\/2021\/07\/24\/la-lista-cruzada-kroneberger-a-senador-y-maquieyra-a-diputado\/#article","isPartOf":{"@id":"https:\/\/diariotextual.com\/inicio\/index.php\/2021\/07\/24\/la-lista-cruzada-kroneberger-a-senador-y-maquieyra-a-diputado\/"},"author":{"name":"Diario1 Diario1","@id":"https:\/\/diariotextual.com\/inicio\/#\/schema\/person\/418fc4093c33e86ed41562db3508f958"},"headline":"La lista cruzada: Kroneberger a senador y Maquieyra a diputado","datePublished":"2021-07-24T23:54:55+00:00","dateModified":"2021-07-25T16:03:31+00:00","mainEntityOfPage":{"@id":"https:\/\/diariotextual.com\/inicio\/index.php\/2021\/07\/24\/la-lista-cruzada-kroneberger-a-senador-y-maquieyra-a-diputado\/"},"wordCount":334,"publisher":{"@id":"https:\/\/diariotextual.com\/inicio\/#organization"},"image":{"@id":"https:\/\/diariotextual.com\/inicio\/index.php\/2021\/07\/24\/la-lista-cruzada-kroneberger-a-senador-y-maquieyra-a-diputado\/#primaryimage"},"thumbnailUrl":"https:\/\/diariotextual.com\/inicio\/wp-content\/uploads\/2021\/07\/kronebergermaquieyrajxclista2021-1.jpeg","keywords":["kroneberger"],"articleSection":["A - QUE PASA (al costado)","POLITICA"],"inLanguage":"es"},{"@type":"WebPage","@id":"https:\/\/diariotextual.com\/inicio\/index.php\/2021\/07\/24\/la-lista-cruzada-kroneberger-a-senador-y-maquieyra-a-diputado\/","url":"https:\/\/diariotextual.com\/inicio\/index.php\/2021\/07\/24\/la-lista-cruzada-kroneberger-a-senador-y-maquieyra-a-diputado\/","name":"La lista cruzada: Kroneberger a senador y Maquieyra a diputado - Diario Textual","isPartOf":{"@id":"https:\/\/diariotextual.com\/inicio\/#website"},"primaryImageOfPage":{"@id":"https:\/\/diariotextual.com\/inicio\/index.php\/2021\/07\/24\/la-lista-cruzada-kroneberger-a-senador-y-maquieyra-a-diputado\/#primaryimage"},"image":{"@id":"https:\/\/diariotextual.com\/inicio\/index.php\/2021\/07\/24\/la-lista-cruzada-kroneberger-a-senador-y-maquieyra-a-diputado\/#primaryimage"},"thumbnailUrl":"https:\/\/diariotextual.com\/inicio\/wp-content\/uploads\/2021\/07\/kronebergermaquieyrajxclista2021-1.jpeg","datePublished":"2021-07-24T23:54:55+00:00","dateModified":"2021-07-25T16:03:31+00:00","breadcrumb":{"@id":"https:\/\/diariotextual.com\/inicio\/index.php\/2021\/07\/24\/la-lista-cruzada-kroneberger-a-senador-y-maquieyra-a-diputado\/#breadcrumb"},"inLanguage":"es","potentialAction":[{"@type":"ReadAction","target":["https:\/\/diariotextual.com\/inicio\/index.php\/2021\/07\/24\/la-lista-cruzada-kroneberger-a-senador-y-maquieyra-a-diputado\/"]}]},{"@type":"ImageObject","inLanguage":"es","@id":"https:\/\/diariotextual.com\/inicio\/index.php\/2021\/07\/24\/la-lista-cruzada-kroneberger-a-senador-y-maquieyra-a-diputado\/#primaryimage","url":"https:\/\/diariotextual.com\/inicio\/wp-content\/uploads\/2021\/07\/kronebergermaquieyrajxclista2021-1.jpeg","contentUrl":"https:\/\/diariotextual.com\/inicio\/wp-content\/uploads\/2021\/07\/kronebergermaquieyrajxclista2021-1.jpeg","width":1200,"height":863},{"@type":"BreadcrumbList","@id":"https:\/\/diariotextual.com\/inicio\/index.php\/2021\/07\/24\/la-lista-cruzada-kroneberger-a-senador-y-maquieyra-a-diputado\/#breadcrumb","itemListElement":[{"@type":"ListItem","position":1,"name":"Portada","item":"https:\/\/diariotextual.com\/inicio\/"},{"@type":"ListItem","position":2,"name":"La lista cruzada: Kroneberger a senador y Maquieyra a diputado"}]},{"@type":"WebSite","@id":"https:\/\/diariotextual.com\/inicio\/#website","url":"https:\/\/diariotextual.com\/inicio\/","name":"Diario Textual","description":"","publisher":{"@id":"https:\/\/diariotextual.com\/inicio\/#organization"},"potentialAction":[{"@type":"SearchAction","target":{"@type":"EntryPoint","urlTemplate":"https:\/\/diariotextual.com\/inicio\/?s={search_term_string}"},"query-input":{"@type":"PropertyValueSpecification","valueRequired":true,"valueName":"search_term_string"}}],"inLanguage":"es"},{"@type":"Organization","@id":"https:\/\/diariotextual.com\/inicio\/#organization","name":"Diario Textual","url":"https:\/\/diariotextual.com\/inicio\/","logo":{"@type":"ImageObject","inLanguage":"es","@id":"https:\/\/diariotextual.com\/inicio\/#\/schema\/logo\/image\/","url":"https:\/\/diariotextual.com\/inicio\/wp-content\/uploads\/2023\/05\/logotextual1.jpg","contentUrl":"https:\/\/diariotextual.com\/inicio\/wp-content\/uploads\/2023\/05\/logotextual1.jpg","width":516,"height":76,"caption":"Diario Textual"},"image":{"@id":"https:\/\/diariotextual.com\/inicio\/#\/schema\/logo\/image\/"},"sameAs":["https:\/\/www.facebook.com\/eltextual","https:\/\/x.com\/eltextual","http:\/\/www.instagram.com\/eltextual"]},{"@type":"Person","@id":"https:\/\/diariotextual.com\/inicio\/#\/schema\/person\/418fc4093c33e86ed41562db3508f958","name":"Diario1 Diario1","image":{"@type":"ImageObject","inLanguage":"es","@id":"https:\/\/secure.gravatar.com\/avatar\/9167d280179c85bc18be67aa7eda765854300033af4896dd779b608640f2ef7a?s=96&d=mm&r=g","url":"https:\/\/secure.gravatar.com\/avatar\/9167d280179c85bc18be67aa7eda765854300033af4896dd779b608640f2ef7a?s=96&d=mm&r=g","contentUrl":"https:\/\/secure.gravatar.com\/avatar\/9167d280179c85bc18be67aa7eda765854300033af4896dd779b608640f2ef7a?s=96&d=mm&r=g","caption":"Diario1 Diario1"},"url":"https:\/\/diariotextual.com\/inicio\/index.php\/author\/diario1\/"}]}},"_links":{"self":[{"href":"https:\/\/diariotextual.com\/inicio\/index.php\/wp-json\/wp\/v2\/posts\/155414","targetHints":{"allow":["GET"]}}],"collection":[{"href":"https:\/\/diariotextual.com\/inicio\/index.php\/wp-json\/wp\/v2\/posts"}],"about":[{"href":"https:\/\/diariotextual.com\/inicio\/index.php\/wp-json\/wp\/v2\/types\/post"}],"author":[{"embeddable":true,"href":"https:\/\/diariotextual.com\/inicio\/index.php\/wp-json\/wp\/v2\/users\/3"}],"replies":[{"embeddable":true,"href":"https:\/\/diariotextual.com\/inicio\/index.php\/wp-json\/wp\/v2\/comments?post=155414"}],"version-history":[{"count":7,"href":"https:\/\/diariotextual.com\/inicio\/index.php\/wp-json\/wp\/v2\/posts\/155414\/revisions"}],"predecessor-version":[{"id":155445,"href":"https:\/\/diariotextual.com\/inicio\/index.php\/wp-json\/wp\/v2\/posts\/155414\/revisions\/155445"}],"wp:featuredmedia":[{"embeddable":true,"href":"https:\/\/diariotextual.com\/inicio\/index.php\/wp-json\/wp\/v2\/media\/155422"}],"wp:attachment":[{"href":"https:\/\/diariotextual.com\/inicio\/index.php\/wp-json\/wp\/v2\/media?parent=155414"}],"wp:term":[{"taxonomy":"category","embeddable":true,"href":"https:\/\/diariotextual.com\/inicio\/index.php\/wp-json\/wp\/v2\/categories?post=155414"},{"taxonomy":"post_tag","embeddable":true,"href":"https:\/\/diariotextual.com\/inicio\/index.php\/wp-json\/wp\/v2\/tags?post=155414"}],"curies":[{"name":"wp","href":"https:\/\/api.w.org\/{rel}","templated":true}]}}