{"id":155419,"date":"2021-07-24T22:12:27","date_gmt":"2021-07-25T01:12:27","guid":{"rendered":"https:\/\/diariotextual.com\/inicio\/?p=155419"},"modified":"2021-07-25T20:56:16","modified_gmt":"2021-07-25T23:56:16","slug":"jxc-la-pampa-se-presentaron-5-listas-para-las-paso","status":"publish","type":"post","link":"https:\/\/diariotextual.com\/inicio\/index.php\/2021\/07\/24\/jxc-la-pampa-se-presentaron-5-listas-para-las-paso\/","title":{"rendered":"JxC La Pampa: se presentaron 5 listas para las PASO"},"content":{"rendered":"\n<p>Un total de cinco listas se presentaron en la noche de este s\u00e1bado para participar en las elecciones Primarias, Abiertas, Simult\u00e1neas y Obligatorias (PASO), del 12 de septiembre, dentro de la coalici\u00f3n Juntos por el Cambio La Pampa.<\/p>\n\n\n\n<p>El frente est\u00e1 integrado por la UCR, el PRO, el Mofepa, el MID, el Fregen y el GEN. Se presentaron dos listas \u201cpuras\u201d de radicales, una \u201cpura\u201d del PRO y dos \u201ccruzadas\u201d de dos o m\u00e1s partidos.<\/p>\n\n\n\n<p>El plazo para cerrar las listas venci\u00f3 a las 23.59 horas de este s\u00e1bado 24 de julio. Las PASO se har\u00e1n el 12 de septiembre y las generales el 14 de noviembre.<\/p>\n\n\n\n<p>Las siguientes son las listas:<\/p>\n\n\n\n<p><strong>Unidos por La Pampa<\/strong><\/p>\n\n\n\n<p>Finalmente el radical<strong>&nbsp;Daniel Kroneberger&nbsp;<\/strong>y el macrista<strong>&nbsp;Mart\u00edn Maquieyra&nbsp;<\/strong>acordaron una lista para competir en las PASO dentro de la coalici\u00f3n Juntos por el Cambio. Se sumaron tambi\u00e9n dirigentes del Movimiento de Integraci\u00f3n y Desarrollo (MID). Esta lista, llamada&nbsp;<strong>Unidos por La Pampa<\/strong>, es \u201ccruzada\u201d: tiene dirigentes de tres partidos.<\/p>\n\n\n\n<figure class=\"wp-block-image size-large\"><img fetchpriority=\"high\" decoding=\"async\" width=\"1024\" height=\"736\" src=\"https:\/\/diariotextual.com\/inicio\/wp-content\/uploads\/2021\/07\/kronebergermaquieyrajxclista2021-1-1024x736.jpeg\" alt=\"\" class=\"wp-image-155422\" srcset=\"https:\/\/diariotextual.com\/inicio\/wp-content\/uploads\/2021\/07\/kronebergermaquieyrajxclista2021-1-1024x736.jpeg 1024w, https:\/\/diariotextual.com\/inicio\/wp-content\/uploads\/2021\/07\/kronebergermaquieyrajxclista2021-1-300x216.jpeg 300w, https:\/\/diariotextual.com\/inicio\/wp-content\/uploads\/2021\/07\/kronebergermaquieyrajxclista2021-1-768x552.jpeg 768w, https:\/\/diariotextual.com\/inicio\/wp-content\/uploads\/2021\/07\/kronebergermaquieyrajxclista2021-1-1170x841.jpeg 1170w, https:\/\/diariotextual.com\/inicio\/wp-content\/uploads\/2021\/07\/kronebergermaquieyrajxclista2021-1-585x421.jpeg 585w, https:\/\/diariotextual.com\/inicio\/wp-content\/uploads\/2021\/07\/kronebergermaquieyrajxclista2021-1.jpeg 1200w\" sizes=\"(max-width: 1024px) 100vw, 1024px\" \/><\/figure>\n\n\n\n<p>Para el Senado, se postulan como titulares Daniel Kroneberger y Victoria Huala y como suplentes Gustavo Gheller y Marina \u00c1lvarez.<\/p>\n\n\n\n<p>Para Diputados, son precandidatos titulares Mart\u00edn Maquieyra, Evangelina Remis y Mat\u00edas Traba y suplentes Marina Zavala, Lucas Lazaric y Macarena Barbero.<\/p>\n\n\n\n<p>Seg\u00fan dijeron, tienen el respaldo del gobernador juje\u00f1o Gerardo Morales y del jefe de gobierno de la Ciudad Aut\u00f3noma de Buenos Aires, Horacio Rodr\u00edguez Larreta.<\/p>\n\n\n\n<div style=\"height:79px\" aria-hidden=\"true\" class=\"wp-block-spacer\"><\/div>\n\n\n\n<p><\/p>\n\n\n\n<p><strong>Democracia y Consenso<\/strong><\/p>\n\n\n\n<p>Los dirigentes celestes y azules de la UCR acordaron una lista, que se llama <strong>Democracia y Consenso<\/strong>. Est\u00e1 encabezada por Hip\u00f3lito \u00abPoli\u00bb Altolaguirre como precandidato a senador y Hugo P\u00e9rez como diputado.<\/p>\n\n\n\n<p>\u201cPoli\u201d marc\u00f3 que su lista es cien por ciento de radicales, para diferenciarse de Daniel Kroneberger que se ali\u00f3 con el macrista Mart\u00edn Maquieyra.<\/p>\n\n\n\n<p>\u201cNosotros presentamos la lista en nuestra casa y con nuestro escudo\u201d, dijo. Incluso divulg\u00f3 una foto junto a P\u00e9rez, frente al escudo de la UCR.<\/p>\n\n\n\n<p>Para el Senado, los precandidatos son \u00abPoli\u00bb Altolaguirre y Cinthia Gette, en tanto que para Diputados los postulantes son Hugo P\u00e9rez, Marcela Coli y Luis Evangelista.<\/p>\n\n\n\n<figure class=\"wp-block-image size-large\"><img decoding=\"async\" width=\"1024\" height=\"768\" src=\"https:\/\/diariotextual.com\/inicio\/wp-content\/uploads\/2021\/07\/altolaguirrehipolitopoliperezhugo2021-1-1024x768.jpeg\" alt=\"\" class=\"wp-image-155460\" srcset=\"https:\/\/diariotextual.com\/inicio\/wp-content\/uploads\/2021\/07\/altolaguirrehipolitopoliperezhugo2021-1-1024x768.jpeg 1024w, https:\/\/diariotextual.com\/inicio\/wp-content\/uploads\/2021\/07\/altolaguirrehipolitopoliperezhugo2021-1-300x225.jpeg 300w, https:\/\/diariotextual.com\/inicio\/wp-content\/uploads\/2021\/07\/altolaguirrehipolitopoliperezhugo2021-1-768x576.jpeg 768w, https:\/\/diariotextual.com\/inicio\/wp-content\/uploads\/2021\/07\/altolaguirrehipolitopoliperezhugo2021-1-585x439.jpeg 585w, https:\/\/diariotextual.com\/inicio\/wp-content\/uploads\/2021\/07\/altolaguirrehipolitopoliperezhugo2021-1.jpeg 1040w\" sizes=\"(max-width: 1024px) 100vw, 1024px\" \/><\/figure>\n\n\n\n<div style=\"height:100px\" aria-hidden=\"true\" class=\"wp-block-spacer\"><\/div>\n\n\n\n<p><strong>Movimiento Federalista<\/strong><\/p>\n\n\n\n<p>El Movimiento Federalista Pampeano y un sector disidente del PRO, Nueva Mayor\u00eda, acordaron una lista a la que llamaron Movimiento Federalista. Est\u00e1 encabezada por Adriana Leher y Carlos \u201cCaico\u201d Montoya como senadores nacionales. Los precandidatos suplentes son M\u00f3nica Iriart y Javier Gonz\u00e1lez.<\/p>\n\n\n\n<figure class=\"wp-block-image size-large is-resized\"><img decoding=\"async\" src=\"https:\/\/diariotextual.com\/inicio\/wp-content\/uploads\/2021\/07\/serradelluisleheradriana2021-1.jpeg\" alt=\"\" class=\"wp-image-155417\" width=\"510\" height=\"356\" srcset=\"https:\/\/diariotextual.com\/inicio\/wp-content\/uploads\/2021\/07\/serradelluisleheradriana2021-1.jpeg 871w, https:\/\/diariotextual.com\/inicio\/wp-content\/uploads\/2021\/07\/serradelluisleheradriana2021-1-300x209.jpeg 300w, https:\/\/diariotextual.com\/inicio\/wp-content\/uploads\/2021\/07\/serradelluisleheradriana2021-1-768x536.jpeg 768w, https:\/\/diariotextual.com\/inicio\/wp-content\/uploads\/2021\/07\/serradelluisleheradriana2021-1-585x408.jpeg 585w\" sizes=\"(max-width: 510px) 100vw, 510px\" \/><\/figure>\n\n\n\n<p>En tanto, son precandidatos a diputados Luis Serradel, Norma Lovera y Jos\u00e9 Mar\u00eda Falciola. Los suplentes son Adriana L\u00f3pez Quinteros, Branco Maidana y Graciela Spada.<\/p>\n\n\n\n<p><\/p>\n\n\n\n<div style=\"height:100px\" aria-hidden=\"true\" class=\"wp-block-spacer\"><\/div>\n\n\n\n<p><strong>Integraci\u00f3n Pampeana<\/strong><\/p>\n\n\n\n<p>Otra de las listas es <strong>Integraci\u00f3n Pampeana<\/strong>, que conformaron el exdiputado <strong>Dar\u00edo Casado<\/strong>, el exfuncionario nacional<strong> Luis Bertone <\/strong>y  la expresidenta de la Junta Electoral del PJ en el vernismo, <strong>Patricia Matal\u00f3n<\/strong>.<\/p>\n\n\n\n<p>Casado encabeza la lista de senadores, acompa\u00f1ado por J\u00e9sica Moreno. En tanto Luis Bertone encabeza la lista de diputados. Es acompa\u00f1ado por Patricia Matal\u00f3n. \u201cTenemos unos 530 avales. Estamos confiados en empezar una nueva etapa ay arrancando la campa\u00f1a electoral\u201d, dijo Bertone a Diario Textual.<\/p>\n\n\n\n<figure class=\"wp-block-image size-large is-resized\"><img loading=\"lazy\" decoding=\"async\" src=\"https:\/\/diariotextual.com\/inicio\/wp-content\/uploads\/2021\/07\/FB_IMG_1627176640384.jpg\" alt=\"\" class=\"wp-image-155452\" width=\"606\" height=\"455\" srcset=\"https:\/\/diariotextual.com\/inicio\/wp-content\/uploads\/2021\/07\/FB_IMG_1627176640384.jpg 960w, https:\/\/diariotextual.com\/inicio\/wp-content\/uploads\/2021\/07\/FB_IMG_1627176640384-300x225.jpg 300w, https:\/\/diariotextual.com\/inicio\/wp-content\/uploads\/2021\/07\/FB_IMG_1627176640384-768x576.jpg 768w, https:\/\/diariotextual.com\/inicio\/wp-content\/uploads\/2021\/07\/FB_IMG_1627176640384-585x439.jpg 585w\" sizes=\"(max-width: 606px) 100vw, 606px\" \/><\/figure>\n\n\n\n<div style=\"height:100px\" aria-hidden=\"true\" class=\"wp-block-spacer\"><\/div>\n\n\n\n<p><strong>Nuestra Causa<\/strong><\/p>\n\n\n\n<p>El espacio creado por las mujeres radicales -que han denunciado p\u00fablicamente que no han sido convocadas y han sido \u00abinvisibilizadas- present\u00f3 la lista llamada <strong>Nuestra Causa<\/strong>.<\/p>\n\n\n\n<p>Para la C\u00e1mara de Senadores, postulan a Susana Teysseire, m\u00e9dica de Macach\u00edn, acompa\u00f1ada por Gast\u00f3n Pantanali, m\u00e9dico veterinario de General Pico.<\/p>\n\n\n\n<p>Para la Diputaci\u00f3n, en tanto, la lista est\u00e1 encabezada por \u00c9lida Deanna, exfuncionaria de Santa Rosa, secundada por Hugo Kenny, intendente de Victorica, e Iris Ziegenfuhs, militante radical de la localidad de Rancul.<\/p>\n\n\n\n<p><\/p>\n","protected":false},"excerpt":{"rendered":"<p>Un total de cinco listas se presentaron en la noche de este s\u00e1bado para participar en las elecciones Primarias, Abiertas, Simult\u00e1neas y Obligatorias (PASO), del 12 de septiembre, dentro de&hellip;<\/p>\n","protected":false},"author":3,"featured_media":155140,"comment_status":"closed","ping_status":"open","sticky":false,"template":"","format":"standard","meta":{"_acf_changed":false,"footnotes":""},"categories":[11,8],"tags":[5790],"class_list":["post-155419","post","type-post","status-publish","format-standard","has-post-thumbnail","hentry","category-que-pasa","category-politica","tag-jxc"],"acf":[],"yoast_head":"<!-- This site is optimized with the Yoast SEO plugin v27.4 - https:\/\/yoast.com\/product\/yoast-seo-wordpress\/ -->\n<title>JxC La Pampa: se presentaron 5 listas para las PASO - Diario Textual<\/title>\n<meta name=\"robots\" content=\"index, follow, max-snippet:-1, max-image-preview:large, max-video-preview:-1\" \/>\n<link rel=\"canonical\" href=\"https:\/\/diariotextual.com\/inicio\/index.php\/2021\/07\/24\/jxc-la-pampa-se-presentaron-5-listas-para-las-paso\/\" \/>\n<meta property=\"og:locale\" content=\"es_ES\" \/>\n<meta property=\"og:type\" content=\"article\" \/>\n<meta property=\"og:title\" content=\"JxC La Pampa: se presentaron 5 listas para las PASO - Diario Textual\" \/>\n<meta property=\"og:description\" content=\"Un total de cinco listas se presentaron en la noche de este s\u00e1bado para participar en las elecciones Primarias, Abiertas, Simult\u00e1neas y Obligatorias (PASO), del 12 de septiembre, dentro de&hellip;\" \/>\n<meta property=\"og:url\" content=\"https:\/\/diariotextual.com\/inicio\/index.php\/2021\/07\/24\/jxc-la-pampa-se-presentaron-5-listas-para-las-paso\/\" \/>\n<meta property=\"og:site_name\" content=\"Diario Textual\" \/>\n<meta property=\"article:publisher\" content=\"https:\/\/www.facebook.com\/eltextual\" \/>\n<meta property=\"article:published_time\" content=\"2021-07-25T01:12:27+00:00\" \/>\n<meta property=\"article:modified_time\" content=\"2021-07-25T23:56:16+00:00\" \/>\n<meta property=\"og:image\" content=\"https:\/\/diariotextual.com\/inicio\/wp-content\/uploads\/2021\/07\/juntosporelcambio3.jpg\" \/>\n\t<meta property=\"og:image:width\" content=\"945\" \/>\n\t<meta property=\"og:image:height\" content=\"527\" \/>\n\t<meta property=\"og:image:type\" content=\"image\/jpeg\" \/>\n<meta name=\"author\" content=\"Diario1 Diario1\" \/>\n<meta name=\"twitter:card\" content=\"summary_large_image\" \/>\n<meta name=\"twitter:creator\" content=\"@eltextual\" \/>\n<meta name=\"twitter:site\" content=\"@eltextual\" \/>\n<meta name=\"twitter:label1\" content=\"Escrito por\" \/>\n\t<meta name=\"twitter:data1\" content=\"Diario1 Diario1\" \/>\n\t<meta name=\"twitter:label2\" content=\"Tiempo de lectura\" \/>\n\t<meta name=\"twitter:data2\" content=\"4 minutos\" \/>\n<script type=\"application\/ld+json\" class=\"yoast-schema-graph\">{\"@context\":\"https:\\\/\\\/schema.org\",\"@graph\":[{\"@type\":\"Article\",\"@id\":\"https:\\\/\\\/diariotextual.com\\\/inicio\\\/index.php\\\/2021\\\/07\\\/24\\\/jxc-la-pampa-se-presentaron-5-listas-para-las-paso\\\/#article\",\"isPartOf\":{\"@id\":\"https:\\\/\\\/diariotextual.com\\\/inicio\\\/index.php\\\/2021\\\/07\\\/24\\\/jxc-la-pampa-se-presentaron-5-listas-para-las-paso\\\/\"},\"author\":{\"name\":\"Diario1 Diario1\",\"@id\":\"https:\\\/\\\/diariotextual.com\\\/inicio\\\/#\\\/schema\\\/person\\\/418fc4093c33e86ed41562db3508f958\"},\"headline\":\"JxC La Pampa: se presentaron 5 listas para las PASO\",\"datePublished\":\"2021-07-25T01:12:27+00:00\",\"dateModified\":\"2021-07-25T23:56:16+00:00\",\"mainEntityOfPage\":{\"@id\":\"https:\\\/\\\/diariotextual.com\\\/inicio\\\/index.php\\\/2021\\\/07\\\/24\\\/jxc-la-pampa-se-presentaron-5-listas-para-las-paso\\\/\"},\"wordCount\":624,\"publisher\":{\"@id\":\"https:\\\/\\\/diariotextual.com\\\/inicio\\\/#organization\"},\"image\":{\"@id\":\"https:\\\/\\\/diariotextual.com\\\/inicio\\\/index.php\\\/2021\\\/07\\\/24\\\/jxc-la-pampa-se-presentaron-5-listas-para-las-paso\\\/#primaryimage\"},\"thumbnailUrl\":\"https:\\\/\\\/diariotextual.com\\\/inicio\\\/wp-content\\\/uploads\\\/2021\\\/07\\\/juntosporelcambio3.jpg\",\"keywords\":[\"jxc\"],\"articleSection\":[\"A - QUE PASA (al costado)\",\"POLITICA\"],\"inLanguage\":\"es\"},{\"@type\":\"WebPage\",\"@id\":\"https:\\\/\\\/diariotextual.com\\\/inicio\\\/index.php\\\/2021\\\/07\\\/24\\\/jxc-la-pampa-se-presentaron-5-listas-para-las-paso\\\/\",\"url\":\"https:\\\/\\\/diariotextual.com\\\/inicio\\\/index.php\\\/2021\\\/07\\\/24\\\/jxc-la-pampa-se-presentaron-5-listas-para-las-paso\\\/\",\"name\":\"JxC La Pampa: se presentaron 5 listas para las PASO - Diario Textual\",\"isPartOf\":{\"@id\":\"https:\\\/\\\/diariotextual.com\\\/inicio\\\/#website\"},\"primaryImageOfPage\":{\"@id\":\"https:\\\/\\\/diariotextual.com\\\/inicio\\\/index.php\\\/2021\\\/07\\\/24\\\/jxc-la-pampa-se-presentaron-5-listas-para-las-paso\\\/#primaryimage\"},\"image\":{\"@id\":\"https:\\\/\\\/diariotextual.com\\\/inicio\\\/index.php\\\/2021\\\/07\\\/24\\\/jxc-la-pampa-se-presentaron-5-listas-para-las-paso\\\/#primaryimage\"},\"thumbnailUrl\":\"https:\\\/\\\/diariotextual.com\\\/inicio\\\/wp-content\\\/uploads\\\/2021\\\/07\\\/juntosporelcambio3.jpg\",\"datePublished\":\"2021-07-25T01:12:27+00:00\",\"dateModified\":\"2021-07-25T23:56:16+00:00\",\"breadcrumb\":{\"@id\":\"https:\\\/\\\/diariotextual.com\\\/inicio\\\/index.php\\\/2021\\\/07\\\/24\\\/jxc-la-pampa-se-presentaron-5-listas-para-las-paso\\\/#breadcrumb\"},\"inLanguage\":\"es\",\"potentialAction\":[{\"@type\":\"ReadAction\",\"target\":[\"https:\\\/\\\/diariotextual.com\\\/inicio\\\/index.php\\\/2021\\\/07\\\/24\\\/jxc-la-pampa-se-presentaron-5-listas-para-las-paso\\\/\"]}]},{\"@type\":\"ImageObject\",\"inLanguage\":\"es\",\"@id\":\"https:\\\/\\\/diariotextual.com\\\/inicio\\\/index.php\\\/2021\\\/07\\\/24\\\/jxc-la-pampa-se-presentaron-5-listas-para-las-paso\\\/#primaryimage\",\"url\":\"https:\\\/\\\/diariotextual.com\\\/inicio\\\/wp-content\\\/uploads\\\/2021\\\/07\\\/juntosporelcambio3.jpg\",\"contentUrl\":\"https:\\\/\\\/diariotextual.com\\\/inicio\\\/wp-content\\\/uploads\\\/2021\\\/07\\\/juntosporelcambio3.jpg\",\"width\":945,\"height\":527},{\"@type\":\"BreadcrumbList\",\"@id\":\"https:\\\/\\\/diariotextual.com\\\/inicio\\\/index.php\\\/2021\\\/07\\\/24\\\/jxc-la-pampa-se-presentaron-5-listas-para-las-paso\\\/#breadcrumb\",\"itemListElement\":[{\"@type\":\"ListItem\",\"position\":1,\"name\":\"Portada\",\"item\":\"https:\\\/\\\/diariotextual.com\\\/inicio\\\/\"},{\"@type\":\"ListItem\",\"position\":2,\"name\":\"JxC La Pampa: se presentaron 5 listas para las PASO\"}]},{\"@type\":\"WebSite\",\"@id\":\"https:\\\/\\\/diariotextual.com\\\/inicio\\\/#website\",\"url\":\"https:\\\/\\\/diariotextual.com\\\/inicio\\\/\",\"name\":\"Diario Textual\",\"description\":\"\",\"publisher\":{\"@id\":\"https:\\\/\\\/diariotextual.com\\\/inicio\\\/#organization\"},\"potentialAction\":[{\"@type\":\"SearchAction\",\"target\":{\"@type\":\"EntryPoint\",\"urlTemplate\":\"https:\\\/\\\/diariotextual.com\\\/inicio\\\/?s={search_term_string}\"},\"query-input\":{\"@type\":\"PropertyValueSpecification\",\"valueRequired\":true,\"valueName\":\"search_term_string\"}}],\"inLanguage\":\"es\"},{\"@type\":\"Organization\",\"@id\":\"https:\\\/\\\/diariotextual.com\\\/inicio\\\/#organization\",\"name\":\"Diario Textual\",\"url\":\"https:\\\/\\\/diariotextual.com\\\/inicio\\\/\",\"logo\":{\"@type\":\"ImageObject\",\"inLanguage\":\"es\",\"@id\":\"https:\\\/\\\/diariotextual.com\\\/inicio\\\/#\\\/schema\\\/logo\\\/image\\\/\",\"url\":\"https:\\\/\\\/diariotextual.com\\\/inicio\\\/wp-content\\\/uploads\\\/2023\\\/05\\\/logotextual1.jpg\",\"contentUrl\":\"https:\\\/\\\/diariotextual.com\\\/inicio\\\/wp-content\\\/uploads\\\/2023\\\/05\\\/logotextual1.jpg\",\"width\":516,\"height\":76,\"caption\":\"Diario Textual\"},\"image\":{\"@id\":\"https:\\\/\\\/diariotextual.com\\\/inicio\\\/#\\\/schema\\\/logo\\\/image\\\/\"},\"sameAs\":[\"https:\\\/\\\/www.facebook.com\\\/eltextual\",\"https:\\\/\\\/x.com\\\/eltextual\",\"http:\\\/\\\/www.instagram.com\\\/eltextual\"]},{\"@type\":\"Person\",\"@id\":\"https:\\\/\\\/diariotextual.com\\\/inicio\\\/#\\\/schema\\\/person\\\/418fc4093c33e86ed41562db3508f958\",\"name\":\"Diario1 Diario1\",\"image\":{\"@type\":\"ImageObject\",\"inLanguage\":\"es\",\"@id\":\"https:\\\/\\\/secure.gravatar.com\\\/avatar\\\/9167d280179c85bc18be67aa7eda765854300033af4896dd779b608640f2ef7a?s=96&d=mm&r=g\",\"url\":\"https:\\\/\\\/secure.gravatar.com\\\/avatar\\\/9167d280179c85bc18be67aa7eda765854300033af4896dd779b608640f2ef7a?s=96&d=mm&r=g\",\"contentUrl\":\"https:\\\/\\\/secure.gravatar.com\\\/avatar\\\/9167d280179c85bc18be67aa7eda765854300033af4896dd779b608640f2ef7a?s=96&d=mm&r=g\",\"caption\":\"Diario1 Diario1\"},\"url\":\"https:\\\/\\\/diariotextual.com\\\/inicio\\\/index.php\\\/author\\\/diario1\\\/\"}]}<\/script>\n<!-- \/ Yoast SEO plugin. -->","yoast_head_json":{"title":"JxC La Pampa: se presentaron 5 listas para las PASO - Diario Textual","robots":{"index":"index","follow":"follow","max-snippet":"max-snippet:-1","max-image-preview":"max-image-preview:large","max-video-preview":"max-video-preview:-1"},"canonical":"https:\/\/diariotextual.com\/inicio\/index.php\/2021\/07\/24\/jxc-la-pampa-se-presentaron-5-listas-para-las-paso\/","og_locale":"es_ES","og_type":"article","og_title":"JxC La Pampa: se presentaron 5 listas para las PASO - Diario Textual","og_description":"Un total de cinco listas se presentaron en la noche de este s\u00e1bado para participar en las elecciones Primarias, Abiertas, Simult\u00e1neas y Obligatorias (PASO), del 12 de septiembre, dentro de&hellip;","og_url":"https:\/\/diariotextual.com\/inicio\/index.php\/2021\/07\/24\/jxc-la-pampa-se-presentaron-5-listas-para-las-paso\/","og_site_name":"Diario Textual","article_publisher":"https:\/\/www.facebook.com\/eltextual","article_published_time":"2021-07-25T01:12:27+00:00","article_modified_time":"2021-07-25T23:56:16+00:00","og_image":[{"width":945,"height":527,"url":"https:\/\/diariotextual.com\/inicio\/wp-content\/uploads\/2021\/07\/juntosporelcambio3.jpg","type":"image\/jpeg"}],"author":"Diario1 Diario1","twitter_card":"summary_large_image","twitter_creator":"@eltextual","twitter_site":"@eltextual","twitter_misc":{"Escrito por":"Diario1 Diario1","Tiempo de lectura":"4 minutos"},"schema":{"@context":"https:\/\/schema.org","@graph":[{"@type":"Article","@id":"https:\/\/diariotextual.com\/inicio\/index.php\/2021\/07\/24\/jxc-la-pampa-se-presentaron-5-listas-para-las-paso\/#article","isPartOf":{"@id":"https:\/\/diariotextual.com\/inicio\/index.php\/2021\/07\/24\/jxc-la-pampa-se-presentaron-5-listas-para-las-paso\/"},"author":{"name":"Diario1 Diario1","@id":"https:\/\/diariotextual.com\/inicio\/#\/schema\/person\/418fc4093c33e86ed41562db3508f958"},"headline":"JxC La Pampa: se presentaron 5 listas para las PASO","datePublished":"2021-07-25T01:12:27+00:00","dateModified":"2021-07-25T23:56:16+00:00","mainEntityOfPage":{"@id":"https:\/\/diariotextual.com\/inicio\/index.php\/2021\/07\/24\/jxc-la-pampa-se-presentaron-5-listas-para-las-paso\/"},"wordCount":624,"publisher":{"@id":"https:\/\/diariotextual.com\/inicio\/#organization"},"image":{"@id":"https:\/\/diariotextual.com\/inicio\/index.php\/2021\/07\/24\/jxc-la-pampa-se-presentaron-5-listas-para-las-paso\/#primaryimage"},"thumbnailUrl":"https:\/\/diariotextual.com\/inicio\/wp-content\/uploads\/2021\/07\/juntosporelcambio3.jpg","keywords":["jxc"],"articleSection":["A - QUE PASA (al costado)","POLITICA"],"inLanguage":"es"},{"@type":"WebPage","@id":"https:\/\/diariotextual.com\/inicio\/index.php\/2021\/07\/24\/jxc-la-pampa-se-presentaron-5-listas-para-las-paso\/","url":"https:\/\/diariotextual.com\/inicio\/index.php\/2021\/07\/24\/jxc-la-pampa-se-presentaron-5-listas-para-las-paso\/","name":"JxC La Pampa: se presentaron 5 listas para las PASO - Diario Textual","isPartOf":{"@id":"https:\/\/diariotextual.com\/inicio\/#website"},"primaryImageOfPage":{"@id":"https:\/\/diariotextual.com\/inicio\/index.php\/2021\/07\/24\/jxc-la-pampa-se-presentaron-5-listas-para-las-paso\/#primaryimage"},"image":{"@id":"https:\/\/diariotextual.com\/inicio\/index.php\/2021\/07\/24\/jxc-la-pampa-se-presentaron-5-listas-para-las-paso\/#primaryimage"},"thumbnailUrl":"https:\/\/diariotextual.com\/inicio\/wp-content\/uploads\/2021\/07\/juntosporelcambio3.jpg","datePublished":"2021-07-25T01:12:27+00:00","dateModified":"2021-07-25T23:56:16+00:00","breadcrumb":{"@id":"https:\/\/diariotextual.com\/inicio\/index.php\/2021\/07\/24\/jxc-la-pampa-se-presentaron-5-listas-para-las-paso\/#breadcrumb"},"inLanguage":"es","potentialAction":[{"@type":"ReadAction","target":["https:\/\/diariotextual.com\/inicio\/index.php\/2021\/07\/24\/jxc-la-pampa-se-presentaron-5-listas-para-las-paso\/"]}]},{"@type":"ImageObject","inLanguage":"es","@id":"https:\/\/diariotextual.com\/inicio\/index.php\/2021\/07\/24\/jxc-la-pampa-se-presentaron-5-listas-para-las-paso\/#primaryimage","url":"https:\/\/diariotextual.com\/inicio\/wp-content\/uploads\/2021\/07\/juntosporelcambio3.jpg","contentUrl":"https:\/\/diariotextual.com\/inicio\/wp-content\/uploads\/2021\/07\/juntosporelcambio3.jpg","width":945,"height":527},{"@type":"BreadcrumbList","@id":"https:\/\/diariotextual.com\/inicio\/index.php\/2021\/07\/24\/jxc-la-pampa-se-presentaron-5-listas-para-las-paso\/#breadcrumb","itemListElement":[{"@type":"ListItem","position":1,"name":"Portada","item":"https:\/\/diariotextual.com\/inicio\/"},{"@type":"ListItem","position":2,"name":"JxC La Pampa: se presentaron 5 listas para las PASO"}]},{"@type":"WebSite","@id":"https:\/\/diariotextual.com\/inicio\/#website","url":"https:\/\/diariotextual.com\/inicio\/","name":"Diario Textual","description":"","publisher":{"@id":"https:\/\/diariotextual.com\/inicio\/#organization"},"potentialAction":[{"@type":"SearchAction","target":{"@type":"EntryPoint","urlTemplate":"https:\/\/diariotextual.com\/inicio\/?s={search_term_string}"},"query-input":{"@type":"PropertyValueSpecification","valueRequired":true,"valueName":"search_term_string"}}],"inLanguage":"es"},{"@type":"Organization","@id":"https:\/\/diariotextual.com\/inicio\/#organization","name":"Diario Textual","url":"https:\/\/diariotextual.com\/inicio\/","logo":{"@type":"ImageObject","inLanguage":"es","@id":"https:\/\/diariotextual.com\/inicio\/#\/schema\/logo\/image\/","url":"https:\/\/diariotextual.com\/inicio\/wp-content\/uploads\/2023\/05\/logotextual1.jpg","contentUrl":"https:\/\/diariotextual.com\/inicio\/wp-content\/uploads\/2023\/05\/logotextual1.jpg","width":516,"height":76,"caption":"Diario Textual"},"image":{"@id":"https:\/\/diariotextual.com\/inicio\/#\/schema\/logo\/image\/"},"sameAs":["https:\/\/www.facebook.com\/eltextual","https:\/\/x.com\/eltextual","http:\/\/www.instagram.com\/eltextual"]},{"@type":"Person","@id":"https:\/\/diariotextual.com\/inicio\/#\/schema\/person\/418fc4093c33e86ed41562db3508f958","name":"Diario1 Diario1","image":{"@type":"ImageObject","inLanguage":"es","@id":"https:\/\/secure.gravatar.com\/avatar\/9167d280179c85bc18be67aa7eda765854300033af4896dd779b608640f2ef7a?s=96&d=mm&r=g","url":"https:\/\/secure.gravatar.com\/avatar\/9167d280179c85bc18be67aa7eda765854300033af4896dd779b608640f2ef7a?s=96&d=mm&r=g","contentUrl":"https:\/\/secure.gravatar.com\/avatar\/9167d280179c85bc18be67aa7eda765854300033af4896dd779b608640f2ef7a?s=96&d=mm&r=g","caption":"Diario1 Diario1"},"url":"https:\/\/diariotextual.com\/inicio\/index.php\/author\/diario1\/"}]}},"_links":{"self":[{"href":"https:\/\/diariotextual.com\/inicio\/index.php\/wp-json\/wp\/v2\/posts\/155419","targetHints":{"allow":["GET"]}}],"collection":[{"href":"https:\/\/diariotextual.com\/inicio\/index.php\/wp-json\/wp\/v2\/posts"}],"about":[{"href":"https:\/\/diariotextual.com\/inicio\/index.php\/wp-json\/wp\/v2\/types\/post"}],"author":[{"embeddable":true,"href":"https:\/\/diariotextual.com\/inicio\/index.php\/wp-json\/wp\/v2\/users\/3"}],"replies":[{"embeddable":true,"href":"https:\/\/diariotextual.com\/inicio\/index.php\/wp-json\/wp\/v2\/comments?post=155419"}],"version-history":[{"count":17,"href":"https:\/\/diariotextual.com\/inicio\/index.php\/wp-json\/wp\/v2\/posts\/155419\/revisions"}],"predecessor-version":[{"id":155469,"href":"https:\/\/diariotextual.com\/inicio\/index.php\/wp-json\/wp\/v2\/posts\/155419\/revisions\/155469"}],"wp:featuredmedia":[{"embeddable":true,"href":"https:\/\/diariotextual.com\/inicio\/index.php\/wp-json\/wp\/v2\/media\/155140"}],"wp:attachment":[{"href":"https:\/\/diariotextual.com\/inicio\/index.php\/wp-json\/wp\/v2\/media?parent=155419"}],"wp:term":[{"taxonomy":"category","embeddable":true,"href":"https:\/\/diariotextual.com\/inicio\/index.php\/wp-json\/wp\/v2\/categories?post=155419"},{"taxonomy":"post_tag","embeddable":true,"href":"https:\/\/diariotextual.com\/inicio\/index.php\/wp-json\/wp\/v2\/tags?post=155419"}],"curies":[{"name":"wp","href":"https:\/\/api.w.org\/{rel}","templated":true}]}}