{"id":155673,"date":"2021-07-26T21:35:14","date_gmt":"2021-07-27T00:35:14","guid":{"rendered":"https:\/\/diariotextual.com\/inicio\/?p=155673"},"modified":"2021-07-27T08:32:11","modified_gmt":"2021-07-27T11:32:11","slug":"el-secretario-general-del-soem-denunciado-por-violencia-de-genero-el-niega-las-acusaciones","status":"publish","type":"post","link":"https:\/\/diariotextual.com\/inicio\/index.php\/2021\/07\/26\/el-secretario-general-del-soem-denunciado-por-violencia-de-genero-el-niega-las-acusaciones\/","title":{"rendered":"El secretario general del Soem, denunciado por violencia de g\u00e9nero: \u00e9l niega las acusaciones"},"content":{"rendered":"\n<p>El secretario general de Sindicato de Empleados y Obreros Municipales (Soem) de Santa Rosa, <strong>Omar Rojas<\/strong>, fue denunciado por violencia de g\u00e9nero. La denunciante es<strong> Dora Parada<\/strong>, quien era la secretaria de Actas del gremio. <strong>\u201cMe agredi\u00f3 verbalmente y casi me agrede f\u00edsicamente\u201d<\/strong>, cont\u00f3 la denunciante. El acusado, en tanto, neg\u00f3 las imputaciones. \u00abJam\u00e1s lo hice. Nadie agredi\u00f3 a la compa\u00f1era. Hay c\u00e1maras que lo certifican\u00bb, dijo a Diario Textual. Prometi\u00f3 una conferencia de prensa para este martes, donde \u00abaclarar\u00e1\u00bb qu\u00e9 sucedi\u00f3.<\/p>\n\n\n\n<p>Parada -que se desempe\u00f1a en la Secretar\u00eda de Desarrollo Social- sostuvo que todo se desarroll\u00f3 antes del mediod\u00eda de este lunes, cuando fue a presentar la renuncia al gremio.<\/p>\n\n\n\n<p>Dijo que el desencadenante fue la decisi\u00f3n de Rojas de mantener en el cargo a un gremialista que est\u00e1 condenado a 10 a\u00f1os de prisi\u00f3n por abusos de menores. Esa condena a\u00fan no est\u00e1 firme. \u201cEs su amigo y no le pide la renuncia\u201d, sostuvo.<\/p>\n\n\n\n<p>Hoy, al presentar la renuncia, dijo que fue amenazada por Rojas. \u201cEn un momento sent\u00ed miedo. Eran cinco hombres que me rodeaban\u201d, dijo.<\/p>\n\n\n\n<p>Cerca del mediod\u00eda, Parada present\u00f3 una demanda penal en la Unidad Funcional de G\u00e9nero, de la Polic\u00eda de La Pampa.<\/p>\n\n\n\n<p><\/p>\n\n\n\n<p><strong>Apoyo de trabajadoras<\/strong><\/p>\n\n\n\n<p>Las trabajadoras de la Secretar\u00eda de Cultura y Educaci\u00f3n de la Municipalidad de Santa Rosa, afiliadas al SOEM, se solidarizaron con Dora Parada. \u201cLamentamos profundamente las situaciones de violencias y amenazas relatadas por quien, hasta ahora, era la \u00fanica mujer en la dirigencia gremial del SOEM\u201d, expresaron. \u201cPara las trabajadoras de esta secretar\u00eda municipal, Dora ha sido la \u00fanica persona que nos ha acompa\u00f1ado en los reclamos desde la amorosidad, el respeto y la comprensi\u00f3n, algo que no suele ser muy usual por parte de las dirigencias sindicales que reproducen m\u00e9todos patriarcales que pretender imponer sus voces como \u00fanico criterio\u201d.<\/p>\n\n\n\n<p>\u201cUna muestra de esto es que Dora Parada ha sido la \u00fanica dirigente del SOEM que se ha movilizado y contactado con el colectivo Trans\/Travesti por sus reclamos con la Ordenanza del cupo Laboral\u201d, sostuvieron.<\/p>\n\n\n\n<p>\u201cHoy nos toca a nosotras apoyar a nuestra compa\u00f1era Dora, y decirle a nuestro sindicato SOEM que con este accionar violento nos est\u00e1n amenazando tambi\u00e9n a todas las trabajadoras que sostenemos y manifestamos construcciones de luchas feministas. Estamos hartas de las pr\u00e1cticas violentas y disciplinadoras hacia nosotras\u201d.<\/p>\n\n\n\n<p>\u201cPor todo esto, le exigimos a nuestro secretario General, Omar Rojas, que renuncie y les advertimos que ya es hora de que los sindicatos est\u00e9n preparados para nosotras y nosotres. No pensamos tolerar a los machistas porque ellos no son nuestros compa\u00f1eros\u201d, finalizaron.<\/p>\n\n\n\n<p><\/p>\n\n\n\n<p><strong>Desde ATE<\/strong><\/p>\n\n\n\n<p>La Lista Celeste y Blanca de la Agrupaci\u00f3n Ren\u00e9 Salamanca en la CC&nbsp; tambi\u00e9n sali\u00f3 a repudiar la \u201cviolencia ejercida\u201d por Rojas. \u201cLas Mujeres que militamos en los Sindicatos, venimos dando pelea por el reconocimiento en los cargos de decisi\u00f3n pol\u00edtica y que se eliminen cabalmente las pr\u00e1cticas mis\u00f3ginas, violentas y machistas\u201d, dijeron en un documento.\u201dNos solidarizamos con Dora, sabemos de su solidaridad y compromiso, y lamentamos realmente que existan varones que no tengan la capacidad de entender que la violencia no es herramienta gremial, ni pol\u00edtica para defender una postura. Esas pr\u00e1cticas machistas solo ponen al desnudo la incapacidad y el fracaso de la conducci\u00f3n\u201d, expresaron.<\/p>\n\n\n\n<p>\u201cLos dirigentes que niegan la deconstrucci\u00f3n de estas pr\u00e1cticas arcaicas y violentas, deber\u00edan replantearse sus puestos de representatividad, hacer un paso al costado y dar lugar a compa\u00f1eros y compa\u00f1eras que realmente est\u00e9n a la altura de llevar adelante la responsabilidad de defender dentro y fuera del sindicato a las y los trabajadores\u201d, dijeron.<\/p>\n","protected":false},"excerpt":{"rendered":"<p>El secretario general de Sindicato de Empleados y Obreros Municipales (Soem) de Santa Rosa, Omar Rojas, fue denunciado por violencia de g\u00e9nero. La denunciante es Dora Parada, quien era la&hellip;<\/p>\n","protected":false},"author":3,"featured_media":155677,"comment_status":"closed","ping_status":"open","sticky":false,"template":"","format":"standard","meta":{"_acf_changed":false,"footnotes":""},"categories":[1,8],"tags":[2501],"class_list":["post-155673","post","type-post","status-publish","format-standard","has-post-thumbnail","hentry","category-es-noticia","category-politica","tag-soem"],"acf":[],"yoast_head":"<!-- This site is optimized with the Yoast SEO plugin v27.4 - https:\/\/yoast.com\/product\/yoast-seo-wordpress\/ -->\n<title>El secretario general del Soem, denunciado por violencia de g\u00e9nero: \u00e9l niega las acusaciones - Diario Textual<\/title>\n<meta name=\"robots\" content=\"index, follow, max-snippet:-1, max-image-preview:large, max-video-preview:-1\" \/>\n<link rel=\"canonical\" href=\"https:\/\/diariotextual.com\/inicio\/index.php\/2021\/07\/26\/el-secretario-general-del-soem-denunciado-por-violencia-de-genero-el-niega-las-acusaciones\/\" \/>\n<meta property=\"og:locale\" content=\"es_ES\" \/>\n<meta property=\"og:type\" content=\"article\" \/>\n<meta property=\"og:title\" content=\"El secretario general del Soem, denunciado por violencia de g\u00e9nero: \u00e9l niega las acusaciones - Diario Textual\" \/>\n<meta property=\"og:description\" content=\"El secretario general de Sindicato de Empleados y Obreros Municipales (Soem) de Santa Rosa, Omar Rojas, fue denunciado por violencia de g\u00e9nero. La denunciante es Dora Parada, quien era la&hellip;\" \/>\n<meta property=\"og:url\" content=\"https:\/\/diariotextual.com\/inicio\/index.php\/2021\/07\/26\/el-secretario-general-del-soem-denunciado-por-violencia-de-genero-el-niega-las-acusaciones\/\" \/>\n<meta property=\"og:site_name\" content=\"Diario Textual\" \/>\n<meta property=\"article:publisher\" content=\"https:\/\/www.facebook.com\/eltextual\" \/>\n<meta property=\"article:published_time\" content=\"2021-07-27T00:35:14+00:00\" \/>\n<meta property=\"article:modified_time\" content=\"2021-07-27T11:32:11+00:00\" \/>\n<meta property=\"og:image\" content=\"https:\/\/diariotextual.com\/inicio\/wp-content\/uploads\/2021\/07\/rojasomar2021-1.jpg\" \/>\n\t<meta property=\"og:image:width\" content=\"798\" \/>\n\t<meta property=\"og:image:height\" content=\"549\" \/>\n\t<meta property=\"og:image:type\" content=\"image\/jpeg\" \/>\n<meta name=\"author\" content=\"Diario1 Diario1\" \/>\n<meta name=\"twitter:card\" content=\"summary_large_image\" \/>\n<meta name=\"twitter:creator\" content=\"@eltextual\" \/>\n<meta name=\"twitter:site\" content=\"@eltextual\" \/>\n<meta name=\"twitter:label1\" content=\"Escrito por\" \/>\n\t<meta name=\"twitter:data1\" content=\"Diario1 Diario1\" \/>\n\t<meta name=\"twitter:label2\" content=\"Tiempo de lectura\" \/>\n\t<meta name=\"twitter:data2\" content=\"3 minutos\" \/>\n<script type=\"application\/ld+json\" class=\"yoast-schema-graph\">{\"@context\":\"https:\\\/\\\/schema.org\",\"@graph\":[{\"@type\":\"Article\",\"@id\":\"https:\\\/\\\/diariotextual.com\\\/inicio\\\/index.php\\\/2021\\\/07\\\/26\\\/el-secretario-general-del-soem-denunciado-por-violencia-de-genero-el-niega-las-acusaciones\\\/#article\",\"isPartOf\":{\"@id\":\"https:\\\/\\\/diariotextual.com\\\/inicio\\\/index.php\\\/2021\\\/07\\\/26\\\/el-secretario-general-del-soem-denunciado-por-violencia-de-genero-el-niega-las-acusaciones\\\/\"},\"author\":{\"name\":\"Diario1 Diario1\",\"@id\":\"https:\\\/\\\/diariotextual.com\\\/inicio\\\/#\\\/schema\\\/person\\\/418fc4093c33e86ed41562db3508f958\"},\"headline\":\"El secretario general del Soem, denunciado por violencia de g\u00e9nero: \u00e9l niega las acusaciones\",\"datePublished\":\"2021-07-27T00:35:14+00:00\",\"dateModified\":\"2021-07-27T11:32:11+00:00\",\"mainEntityOfPage\":{\"@id\":\"https:\\\/\\\/diariotextual.com\\\/inicio\\\/index.php\\\/2021\\\/07\\\/26\\\/el-secretario-general-del-soem-denunciado-por-violencia-de-genero-el-niega-las-acusaciones\\\/\"},\"wordCount\":649,\"publisher\":{\"@id\":\"https:\\\/\\\/diariotextual.com\\\/inicio\\\/#organization\"},\"image\":{\"@id\":\"https:\\\/\\\/diariotextual.com\\\/inicio\\\/index.php\\\/2021\\\/07\\\/26\\\/el-secretario-general-del-soem-denunciado-por-violencia-de-genero-el-niega-las-acusaciones\\\/#primaryimage\"},\"thumbnailUrl\":\"https:\\\/\\\/diariotextual.com\\\/inicio\\\/wp-content\\\/uploads\\\/2021\\\/07\\\/rojasomar2021-1.jpg\",\"keywords\":[\"soem\"],\"articleSection\":[\"A - ES NOTICIA (van abajo)\",\"POLITICA\"],\"inLanguage\":\"es\"},{\"@type\":\"WebPage\",\"@id\":\"https:\\\/\\\/diariotextual.com\\\/inicio\\\/index.php\\\/2021\\\/07\\\/26\\\/el-secretario-general-del-soem-denunciado-por-violencia-de-genero-el-niega-las-acusaciones\\\/\",\"url\":\"https:\\\/\\\/diariotextual.com\\\/inicio\\\/index.php\\\/2021\\\/07\\\/26\\\/el-secretario-general-del-soem-denunciado-por-violencia-de-genero-el-niega-las-acusaciones\\\/\",\"name\":\"El secretario general del Soem, denunciado por violencia de g\u00e9nero: \u00e9l niega las acusaciones - Diario Textual\",\"isPartOf\":{\"@id\":\"https:\\\/\\\/diariotextual.com\\\/inicio\\\/#website\"},\"primaryImageOfPage\":{\"@id\":\"https:\\\/\\\/diariotextual.com\\\/inicio\\\/index.php\\\/2021\\\/07\\\/26\\\/el-secretario-general-del-soem-denunciado-por-violencia-de-genero-el-niega-las-acusaciones\\\/#primaryimage\"},\"image\":{\"@id\":\"https:\\\/\\\/diariotextual.com\\\/inicio\\\/index.php\\\/2021\\\/07\\\/26\\\/el-secretario-general-del-soem-denunciado-por-violencia-de-genero-el-niega-las-acusaciones\\\/#primaryimage\"},\"thumbnailUrl\":\"https:\\\/\\\/diariotextual.com\\\/inicio\\\/wp-content\\\/uploads\\\/2021\\\/07\\\/rojasomar2021-1.jpg\",\"datePublished\":\"2021-07-27T00:35:14+00:00\",\"dateModified\":\"2021-07-27T11:32:11+00:00\",\"breadcrumb\":{\"@id\":\"https:\\\/\\\/diariotextual.com\\\/inicio\\\/index.php\\\/2021\\\/07\\\/26\\\/el-secretario-general-del-soem-denunciado-por-violencia-de-genero-el-niega-las-acusaciones\\\/#breadcrumb\"},\"inLanguage\":\"es\",\"potentialAction\":[{\"@type\":\"ReadAction\",\"target\":[\"https:\\\/\\\/diariotextual.com\\\/inicio\\\/index.php\\\/2021\\\/07\\\/26\\\/el-secretario-general-del-soem-denunciado-por-violencia-de-genero-el-niega-las-acusaciones\\\/\"]}]},{\"@type\":\"ImageObject\",\"inLanguage\":\"es\",\"@id\":\"https:\\\/\\\/diariotextual.com\\\/inicio\\\/index.php\\\/2021\\\/07\\\/26\\\/el-secretario-general-del-soem-denunciado-por-violencia-de-genero-el-niega-las-acusaciones\\\/#primaryimage\",\"url\":\"https:\\\/\\\/diariotextual.com\\\/inicio\\\/wp-content\\\/uploads\\\/2021\\\/07\\\/rojasomar2021-1.jpg\",\"contentUrl\":\"https:\\\/\\\/diariotextual.com\\\/inicio\\\/wp-content\\\/uploads\\\/2021\\\/07\\\/rojasomar2021-1.jpg\",\"width\":798,\"height\":549},{\"@type\":\"BreadcrumbList\",\"@id\":\"https:\\\/\\\/diariotextual.com\\\/inicio\\\/index.php\\\/2021\\\/07\\\/26\\\/el-secretario-general-del-soem-denunciado-por-violencia-de-genero-el-niega-las-acusaciones\\\/#breadcrumb\",\"itemListElement\":[{\"@type\":\"ListItem\",\"position\":1,\"name\":\"Portada\",\"item\":\"https:\\\/\\\/diariotextual.com\\\/inicio\\\/\"},{\"@type\":\"ListItem\",\"position\":2,\"name\":\"El secretario general del Soem, denunciado por violencia de g\u00e9nero: \u00e9l niega las acusaciones\"}]},{\"@type\":\"WebSite\",\"@id\":\"https:\\\/\\\/diariotextual.com\\\/inicio\\\/#website\",\"url\":\"https:\\\/\\\/diariotextual.com\\\/inicio\\\/\",\"name\":\"Diario Textual\",\"description\":\"\",\"publisher\":{\"@id\":\"https:\\\/\\\/diariotextual.com\\\/inicio\\\/#organization\"},\"potentialAction\":[{\"@type\":\"SearchAction\",\"target\":{\"@type\":\"EntryPoint\",\"urlTemplate\":\"https:\\\/\\\/diariotextual.com\\\/inicio\\\/?s={search_term_string}\"},\"query-input\":{\"@type\":\"PropertyValueSpecification\",\"valueRequired\":true,\"valueName\":\"search_term_string\"}}],\"inLanguage\":\"es\"},{\"@type\":\"Organization\",\"@id\":\"https:\\\/\\\/diariotextual.com\\\/inicio\\\/#organization\",\"name\":\"Diario Textual\",\"url\":\"https:\\\/\\\/diariotextual.com\\\/inicio\\\/\",\"logo\":{\"@type\":\"ImageObject\",\"inLanguage\":\"es\",\"@id\":\"https:\\\/\\\/diariotextual.com\\\/inicio\\\/#\\\/schema\\\/logo\\\/image\\\/\",\"url\":\"https:\\\/\\\/diariotextual.com\\\/inicio\\\/wp-content\\\/uploads\\\/2023\\\/05\\\/logotextual1.jpg\",\"contentUrl\":\"https:\\\/\\\/diariotextual.com\\\/inicio\\\/wp-content\\\/uploads\\\/2023\\\/05\\\/logotextual1.jpg\",\"width\":516,\"height\":76,\"caption\":\"Diario Textual\"},\"image\":{\"@id\":\"https:\\\/\\\/diariotextual.com\\\/inicio\\\/#\\\/schema\\\/logo\\\/image\\\/\"},\"sameAs\":[\"https:\\\/\\\/www.facebook.com\\\/eltextual\",\"https:\\\/\\\/x.com\\\/eltextual\",\"http:\\\/\\\/www.instagram.com\\\/eltextual\"]},{\"@type\":\"Person\",\"@id\":\"https:\\\/\\\/diariotextual.com\\\/inicio\\\/#\\\/schema\\\/person\\\/418fc4093c33e86ed41562db3508f958\",\"name\":\"Diario1 Diario1\",\"image\":{\"@type\":\"ImageObject\",\"inLanguage\":\"es\",\"@id\":\"https:\\\/\\\/secure.gravatar.com\\\/avatar\\\/9167d280179c85bc18be67aa7eda765854300033af4896dd779b608640f2ef7a?s=96&d=mm&r=g\",\"url\":\"https:\\\/\\\/secure.gravatar.com\\\/avatar\\\/9167d280179c85bc18be67aa7eda765854300033af4896dd779b608640f2ef7a?s=96&d=mm&r=g\",\"contentUrl\":\"https:\\\/\\\/secure.gravatar.com\\\/avatar\\\/9167d280179c85bc18be67aa7eda765854300033af4896dd779b608640f2ef7a?s=96&d=mm&r=g\",\"caption\":\"Diario1 Diario1\"},\"url\":\"https:\\\/\\\/diariotextual.com\\\/inicio\\\/index.php\\\/author\\\/diario1\\\/\"}]}<\/script>\n<!-- \/ Yoast SEO plugin. -->","yoast_head_json":{"title":"El secretario general del Soem, denunciado por violencia de g\u00e9nero: \u00e9l niega las acusaciones - Diario Textual","robots":{"index":"index","follow":"follow","max-snippet":"max-snippet:-1","max-image-preview":"max-image-preview:large","max-video-preview":"max-video-preview:-1"},"canonical":"https:\/\/diariotextual.com\/inicio\/index.php\/2021\/07\/26\/el-secretario-general-del-soem-denunciado-por-violencia-de-genero-el-niega-las-acusaciones\/","og_locale":"es_ES","og_type":"article","og_title":"El secretario general del Soem, denunciado por violencia de g\u00e9nero: \u00e9l niega las acusaciones - Diario Textual","og_description":"El secretario general de Sindicato de Empleados y Obreros Municipales (Soem) de Santa Rosa, Omar Rojas, fue denunciado por violencia de g\u00e9nero. La denunciante es Dora Parada, quien era la&hellip;","og_url":"https:\/\/diariotextual.com\/inicio\/index.php\/2021\/07\/26\/el-secretario-general-del-soem-denunciado-por-violencia-de-genero-el-niega-las-acusaciones\/","og_site_name":"Diario Textual","article_publisher":"https:\/\/www.facebook.com\/eltextual","article_published_time":"2021-07-27T00:35:14+00:00","article_modified_time":"2021-07-27T11:32:11+00:00","og_image":[{"width":798,"height":549,"url":"https:\/\/diariotextual.com\/inicio\/wp-content\/uploads\/2021\/07\/rojasomar2021-1.jpg","type":"image\/jpeg"}],"author":"Diario1 Diario1","twitter_card":"summary_large_image","twitter_creator":"@eltextual","twitter_site":"@eltextual","twitter_misc":{"Escrito por":"Diario1 Diario1","Tiempo de lectura":"3 minutos"},"schema":{"@context":"https:\/\/schema.org","@graph":[{"@type":"Article","@id":"https:\/\/diariotextual.com\/inicio\/index.php\/2021\/07\/26\/el-secretario-general-del-soem-denunciado-por-violencia-de-genero-el-niega-las-acusaciones\/#article","isPartOf":{"@id":"https:\/\/diariotextual.com\/inicio\/index.php\/2021\/07\/26\/el-secretario-general-del-soem-denunciado-por-violencia-de-genero-el-niega-las-acusaciones\/"},"author":{"name":"Diario1 Diario1","@id":"https:\/\/diariotextual.com\/inicio\/#\/schema\/person\/418fc4093c33e86ed41562db3508f958"},"headline":"El secretario general del Soem, denunciado por violencia de g\u00e9nero: \u00e9l niega las acusaciones","datePublished":"2021-07-27T00:35:14+00:00","dateModified":"2021-07-27T11:32:11+00:00","mainEntityOfPage":{"@id":"https:\/\/diariotextual.com\/inicio\/index.php\/2021\/07\/26\/el-secretario-general-del-soem-denunciado-por-violencia-de-genero-el-niega-las-acusaciones\/"},"wordCount":649,"publisher":{"@id":"https:\/\/diariotextual.com\/inicio\/#organization"},"image":{"@id":"https:\/\/diariotextual.com\/inicio\/index.php\/2021\/07\/26\/el-secretario-general-del-soem-denunciado-por-violencia-de-genero-el-niega-las-acusaciones\/#primaryimage"},"thumbnailUrl":"https:\/\/diariotextual.com\/inicio\/wp-content\/uploads\/2021\/07\/rojasomar2021-1.jpg","keywords":["soem"],"articleSection":["A - ES NOTICIA (van abajo)","POLITICA"],"inLanguage":"es"},{"@type":"WebPage","@id":"https:\/\/diariotextual.com\/inicio\/index.php\/2021\/07\/26\/el-secretario-general-del-soem-denunciado-por-violencia-de-genero-el-niega-las-acusaciones\/","url":"https:\/\/diariotextual.com\/inicio\/index.php\/2021\/07\/26\/el-secretario-general-del-soem-denunciado-por-violencia-de-genero-el-niega-las-acusaciones\/","name":"El secretario general del Soem, denunciado por violencia de g\u00e9nero: \u00e9l niega las acusaciones - Diario Textual","isPartOf":{"@id":"https:\/\/diariotextual.com\/inicio\/#website"},"primaryImageOfPage":{"@id":"https:\/\/diariotextual.com\/inicio\/index.php\/2021\/07\/26\/el-secretario-general-del-soem-denunciado-por-violencia-de-genero-el-niega-las-acusaciones\/#primaryimage"},"image":{"@id":"https:\/\/diariotextual.com\/inicio\/index.php\/2021\/07\/26\/el-secretario-general-del-soem-denunciado-por-violencia-de-genero-el-niega-las-acusaciones\/#primaryimage"},"thumbnailUrl":"https:\/\/diariotextual.com\/inicio\/wp-content\/uploads\/2021\/07\/rojasomar2021-1.jpg","datePublished":"2021-07-27T00:35:14+00:00","dateModified":"2021-07-27T11:32:11+00:00","breadcrumb":{"@id":"https:\/\/diariotextual.com\/inicio\/index.php\/2021\/07\/26\/el-secretario-general-del-soem-denunciado-por-violencia-de-genero-el-niega-las-acusaciones\/#breadcrumb"},"inLanguage":"es","potentialAction":[{"@type":"ReadAction","target":["https:\/\/diariotextual.com\/inicio\/index.php\/2021\/07\/26\/el-secretario-general-del-soem-denunciado-por-violencia-de-genero-el-niega-las-acusaciones\/"]}]},{"@type":"ImageObject","inLanguage":"es","@id":"https:\/\/diariotextual.com\/inicio\/index.php\/2021\/07\/26\/el-secretario-general-del-soem-denunciado-por-violencia-de-genero-el-niega-las-acusaciones\/#primaryimage","url":"https:\/\/diariotextual.com\/inicio\/wp-content\/uploads\/2021\/07\/rojasomar2021-1.jpg","contentUrl":"https:\/\/diariotextual.com\/inicio\/wp-content\/uploads\/2021\/07\/rojasomar2021-1.jpg","width":798,"height":549},{"@type":"BreadcrumbList","@id":"https:\/\/diariotextual.com\/inicio\/index.php\/2021\/07\/26\/el-secretario-general-del-soem-denunciado-por-violencia-de-genero-el-niega-las-acusaciones\/#breadcrumb","itemListElement":[{"@type":"ListItem","position":1,"name":"Portada","item":"https:\/\/diariotextual.com\/inicio\/"},{"@type":"ListItem","position":2,"name":"El secretario general del Soem, denunciado por violencia de g\u00e9nero: \u00e9l niega las acusaciones"}]},{"@type":"WebSite","@id":"https:\/\/diariotextual.com\/inicio\/#website","url":"https:\/\/diariotextual.com\/inicio\/","name":"Diario Textual","description":"","publisher":{"@id":"https:\/\/diariotextual.com\/inicio\/#organization"},"potentialAction":[{"@type":"SearchAction","target":{"@type":"EntryPoint","urlTemplate":"https:\/\/diariotextual.com\/inicio\/?s={search_term_string}"},"query-input":{"@type":"PropertyValueSpecification","valueRequired":true,"valueName":"search_term_string"}}],"inLanguage":"es"},{"@type":"Organization","@id":"https:\/\/diariotextual.com\/inicio\/#organization","name":"Diario Textual","url":"https:\/\/diariotextual.com\/inicio\/","logo":{"@type":"ImageObject","inLanguage":"es","@id":"https:\/\/diariotextual.com\/inicio\/#\/schema\/logo\/image\/","url":"https:\/\/diariotextual.com\/inicio\/wp-content\/uploads\/2023\/05\/logotextual1.jpg","contentUrl":"https:\/\/diariotextual.com\/inicio\/wp-content\/uploads\/2023\/05\/logotextual1.jpg","width":516,"height":76,"caption":"Diario Textual"},"image":{"@id":"https:\/\/diariotextual.com\/inicio\/#\/schema\/logo\/image\/"},"sameAs":["https:\/\/www.facebook.com\/eltextual","https:\/\/x.com\/eltextual","http:\/\/www.instagram.com\/eltextual"]},{"@type":"Person","@id":"https:\/\/diariotextual.com\/inicio\/#\/schema\/person\/418fc4093c33e86ed41562db3508f958","name":"Diario1 Diario1","image":{"@type":"ImageObject","inLanguage":"es","@id":"https:\/\/secure.gravatar.com\/avatar\/9167d280179c85bc18be67aa7eda765854300033af4896dd779b608640f2ef7a?s=96&d=mm&r=g","url":"https:\/\/secure.gravatar.com\/avatar\/9167d280179c85bc18be67aa7eda765854300033af4896dd779b608640f2ef7a?s=96&d=mm&r=g","contentUrl":"https:\/\/secure.gravatar.com\/avatar\/9167d280179c85bc18be67aa7eda765854300033af4896dd779b608640f2ef7a?s=96&d=mm&r=g","caption":"Diario1 Diario1"},"url":"https:\/\/diariotextual.com\/inicio\/index.php\/author\/diario1\/"}]}},"_links":{"self":[{"href":"https:\/\/diariotextual.com\/inicio\/index.php\/wp-json\/wp\/v2\/posts\/155673","targetHints":{"allow":["GET"]}}],"collection":[{"href":"https:\/\/diariotextual.com\/inicio\/index.php\/wp-json\/wp\/v2\/posts"}],"about":[{"href":"https:\/\/diariotextual.com\/inicio\/index.php\/wp-json\/wp\/v2\/types\/post"}],"author":[{"embeddable":true,"href":"https:\/\/diariotextual.com\/inicio\/index.php\/wp-json\/wp\/v2\/users\/3"}],"replies":[{"embeddable":true,"href":"https:\/\/diariotextual.com\/inicio\/index.php\/wp-json\/wp\/v2\/comments?post=155673"}],"version-history":[{"count":4,"href":"https:\/\/diariotextual.com\/inicio\/index.php\/wp-json\/wp\/v2\/posts\/155673\/revisions"}],"predecessor-version":[{"id":155678,"href":"https:\/\/diariotextual.com\/inicio\/index.php\/wp-json\/wp\/v2\/posts\/155673\/revisions\/155678"}],"wp:featuredmedia":[{"embeddable":true,"href":"https:\/\/diariotextual.com\/inicio\/index.php\/wp-json\/wp\/v2\/media\/155677"}],"wp:attachment":[{"href":"https:\/\/diariotextual.com\/inicio\/index.php\/wp-json\/wp\/v2\/media?parent=155673"}],"wp:term":[{"taxonomy":"category","embeddable":true,"href":"https:\/\/diariotextual.com\/inicio\/index.php\/wp-json\/wp\/v2\/categories?post=155673"},{"taxonomy":"post_tag","embeddable":true,"href":"https:\/\/diariotextual.com\/inicio\/index.php\/wp-json\/wp\/v2\/tags?post=155673"}],"curies":[{"name":"wp","href":"https:\/\/api.w.org\/{rel}","templated":true}]}}