{"id":155804,"date":"2021-07-27T17:55:00","date_gmt":"2021-07-27T20:55:00","guid":{"rendered":"https:\/\/diariotextual.com\/inicio\/?p=155804"},"modified":"2021-07-27T18:04:46","modified_gmt":"2021-07-27T21:04:46","slug":"las-autoridades-de-mesa-seran-vacunadas-contra-el-coronavirus-para-las-elecciones","status":"publish","type":"post","link":"https:\/\/diariotextual.com\/inicio\/index.php\/2021\/07\/27\/las-autoridades-de-mesa-seran-vacunadas-contra-el-coronavirus-para-las-elecciones\/","title":{"rendered":"Las autoridades de mesa ser\u00e1n vacunadas contra el coronavirus para las elecciones"},"content":{"rendered":"\n<p>Los ciudadanos designados como autoridades de mesa para las pr\u00f3ximas elecciones legislativas ser\u00e1n vacunadas contra el coronavirus, comunic\u00f3 este martes el Ministerio del Interior a la C\u00e1mara Nacional Electoral, que ya hab\u00eda realizado ese pedido anteriormente al gobierno nacional.<\/p>\n\n\n\n<p>La decisi\u00f3n fue comunicada por la secretaria de Asuntos Pol\u00edticos del Ministerio de Interior, Patricia Alejandra Garc\u00eda Blanco, en una nota dirigida al vicepresidente de la C\u00e1mara Nacional Electoral, Daniel Bejas.<\/p>\n\n\n\n<p><strong>\u00abLlegado el momento de la realizaci\u00f3n de los comicios y, en el caso que hubiera personas que no se han vacunado, este Ministerio arbitrar\u00e1 los medios para que lo haga\u00bb<\/strong>, les comunic\u00f3 el Ministerio de salud.<\/p>\n\n\n\n<p>En ese sentido, pidi\u00f3 que los juzgados electorales, que tienen la facultad de designar a las autoridades de mesa para los comicios, informen a las autoridades sanitarias de cada jurisdicci\u00f3n la n\u00f3mina de personas que no est\u00e9n inmunizadas contra el coronavirus.<\/p>\n\n\n\n<p>El Ministerio del Interior tambi\u00e9n inform\u00f3 a la C\u00e1mara Nacional Electoral que&nbsp;<strong>proveer\u00e1 un kit sanitario compuesto por cuatro barbijos y una botella de un litro de alcohol en gel para cada mesa<\/strong>&nbsp;de votaci\u00f3n.<\/p>\n\n\n\n<p>Ese kit ser\u00e1 distribuido a cada mesa junto con los materiales electorales, report\u00f3 el ministerio, y pidi\u00f3 a la C\u00e1mara que informe el n\u00famero de mamparas transl\u00facidas para protecci\u00f3n de las autoridades de mesa necesarias.<\/p>\n\n\n\n<p>Asimismo, se\u00f1al\u00f3 que respecto de la designaci\u00f3n y funciones de<strong>&nbsp;facilitadores sanitarios en cada establecimiento de votaci\u00f3n<\/strong>, esa tarea ser\u00e1 desempe\u00f1ada por efectivos del Comando General Electoral.<\/p>\n\n\n\n<p>Esos facilitadores, manifest\u00f3 el Ministerio del Interior -en la nota dirigida a la C\u00e1mara- estar\u00e1n identificados y tendr\u00e1n como tarea ordenar el ingreso de votantes para no saturar la capacidad interna del local y constatar el uso de tapabocas.<\/p>\n\n\n\n<p><\/p>\n\n\n\n<p><\/p>\n","protected":false},"excerpt":{"rendered":"<p>Los ciudadanos designados como autoridades de mesa para las pr\u00f3ximas elecciones legislativas ser\u00e1n vacunadas contra el coronavirus, comunic\u00f3 este martes el Ministerio del Interior a la C\u00e1mara Nacional Electoral, que&hellip;<\/p>\n","protected":false},"author":3,"featured_media":26048,"comment_status":"closed","ping_status":"open","sticky":false,"template":"","format":"standard","meta":{"_acf_changed":false,"footnotes":""},"categories":[4,12],"tags":[125],"class_list":["post-155804","post","type-post","status-publish","format-standard","has-post-thumbnail","hentry","category-destacadas","category-sociedad","tag-elecciones"],"acf":[],"yoast_head":"<!-- This site is optimized with the Yoast SEO plugin v27.5 - https:\/\/yoast.com\/product\/yoast-seo-wordpress\/ -->\n<title>Las autoridades de mesa ser\u00e1n vacunadas contra el coronavirus para las elecciones - Diario Textual<\/title>\n<meta name=\"robots\" content=\"index, follow, max-snippet:-1, max-image-preview:large, max-video-preview:-1\" \/>\n<link rel=\"canonical\" href=\"https:\/\/diariotextual.com\/inicio\/index.php\/2021\/07\/27\/las-autoridades-de-mesa-seran-vacunadas-contra-el-coronavirus-para-las-elecciones\/\" \/>\n<meta property=\"og:locale\" content=\"es_ES\" \/>\n<meta property=\"og:type\" content=\"article\" \/>\n<meta property=\"og:title\" content=\"Las autoridades de mesa ser\u00e1n vacunadas contra el coronavirus para las elecciones - Diario Textual\" \/>\n<meta property=\"og:description\" content=\"Los ciudadanos designados como autoridades de mesa para las pr\u00f3ximas elecciones legislativas ser\u00e1n vacunadas contra el coronavirus, comunic\u00f3 este martes el Ministerio del Interior a la C\u00e1mara Nacional Electoral, que&hellip;\" \/>\n<meta property=\"og:url\" content=\"https:\/\/diariotextual.com\/inicio\/index.php\/2021\/07\/27\/las-autoridades-de-mesa-seran-vacunadas-contra-el-coronavirus-para-las-elecciones\/\" \/>\n<meta property=\"og:site_name\" content=\"Diario Textual\" \/>\n<meta property=\"article:publisher\" content=\"https:\/\/www.facebook.com\/eltextual\" \/>\n<meta property=\"article:published_time\" content=\"2021-07-27T20:55:00+00:00\" \/>\n<meta property=\"article:modified_time\" content=\"2021-07-27T21:04:46+00:00\" \/>\n<meta property=\"og:image\" content=\"https:\/\/diariotextual.com\/inicio\/wp-content\/uploads\/2018\/11\/eleccionestelamurnas21.jpg\" \/>\n\t<meta property=\"og:image:width\" content=\"1140\" \/>\n\t<meta property=\"og:image:height\" content=\"737\" \/>\n\t<meta property=\"og:image:type\" content=\"image\/jpeg\" \/>\n<meta name=\"author\" content=\"Diario1 Diario1\" \/>\n<meta name=\"twitter:card\" content=\"summary_large_image\" \/>\n<meta name=\"twitter:creator\" content=\"@eltextual\" \/>\n<meta name=\"twitter:site\" content=\"@eltextual\" \/>\n<meta name=\"twitter:label1\" content=\"Escrito por\" \/>\n\t<meta name=\"twitter:data1\" content=\"Diario1 Diario1\" \/>\n\t<meta name=\"twitter:label2\" content=\"Tiempo de lectura\" \/>\n\t<meta name=\"twitter:data2\" content=\"2 minutos\" \/>\n<script type=\"application\/ld+json\" class=\"yoast-schema-graph\">{\"@context\":\"https:\\\/\\\/schema.org\",\"@graph\":[{\"@type\":\"Article\",\"@id\":\"https:\\\/\\\/diariotextual.com\\\/inicio\\\/index.php\\\/2021\\\/07\\\/27\\\/las-autoridades-de-mesa-seran-vacunadas-contra-el-coronavirus-para-las-elecciones\\\/#article\",\"isPartOf\":{\"@id\":\"https:\\\/\\\/diariotextual.com\\\/inicio\\\/index.php\\\/2021\\\/07\\\/27\\\/las-autoridades-de-mesa-seran-vacunadas-contra-el-coronavirus-para-las-elecciones\\\/\"},\"author\":{\"name\":\"Diario1 Diario1\",\"@id\":\"https:\\\/\\\/diariotextual.com\\\/inicio\\\/#\\\/schema\\\/person\\\/418fc4093c33e86ed41562db3508f958\"},\"headline\":\"Las autoridades de mesa ser\u00e1n vacunadas contra el coronavirus para las elecciones\",\"datePublished\":\"2021-07-27T20:55:00+00:00\",\"dateModified\":\"2021-07-27T21:04:46+00:00\",\"mainEntityOfPage\":{\"@id\":\"https:\\\/\\\/diariotextual.com\\\/inicio\\\/index.php\\\/2021\\\/07\\\/27\\\/las-autoridades-de-mesa-seran-vacunadas-contra-el-coronavirus-para-las-elecciones\\\/\"},\"wordCount\":325,\"publisher\":{\"@id\":\"https:\\\/\\\/diariotextual.com\\\/inicio\\\/#organization\"},\"image\":{\"@id\":\"https:\\\/\\\/diariotextual.com\\\/inicio\\\/index.php\\\/2021\\\/07\\\/27\\\/las-autoridades-de-mesa-seran-vacunadas-contra-el-coronavirus-para-las-elecciones\\\/#primaryimage\"},\"thumbnailUrl\":\"https:\\\/\\\/diariotextual.com\\\/inicio\\\/wp-content\\\/uploads\\\/2018\\\/11\\\/eleccionestelamurnas21.jpg\",\"keywords\":[\"elecciones\"],\"articleSection\":[\"A - DESTACADAS (mod 16)\",\"SOCIEDAD\"],\"inLanguage\":\"es\"},{\"@type\":\"WebPage\",\"@id\":\"https:\\\/\\\/diariotextual.com\\\/inicio\\\/index.php\\\/2021\\\/07\\\/27\\\/las-autoridades-de-mesa-seran-vacunadas-contra-el-coronavirus-para-las-elecciones\\\/\",\"url\":\"https:\\\/\\\/diariotextual.com\\\/inicio\\\/index.php\\\/2021\\\/07\\\/27\\\/las-autoridades-de-mesa-seran-vacunadas-contra-el-coronavirus-para-las-elecciones\\\/\",\"name\":\"Las autoridades de mesa ser\u00e1n vacunadas contra el coronavirus para las elecciones - Diario Textual\",\"isPartOf\":{\"@id\":\"https:\\\/\\\/diariotextual.com\\\/inicio\\\/#website\"},\"primaryImageOfPage\":{\"@id\":\"https:\\\/\\\/diariotextual.com\\\/inicio\\\/index.php\\\/2021\\\/07\\\/27\\\/las-autoridades-de-mesa-seran-vacunadas-contra-el-coronavirus-para-las-elecciones\\\/#primaryimage\"},\"image\":{\"@id\":\"https:\\\/\\\/diariotextual.com\\\/inicio\\\/index.php\\\/2021\\\/07\\\/27\\\/las-autoridades-de-mesa-seran-vacunadas-contra-el-coronavirus-para-las-elecciones\\\/#primaryimage\"},\"thumbnailUrl\":\"https:\\\/\\\/diariotextual.com\\\/inicio\\\/wp-content\\\/uploads\\\/2018\\\/11\\\/eleccionestelamurnas21.jpg\",\"datePublished\":\"2021-07-27T20:55:00+00:00\",\"dateModified\":\"2021-07-27T21:04:46+00:00\",\"breadcrumb\":{\"@id\":\"https:\\\/\\\/diariotextual.com\\\/inicio\\\/index.php\\\/2021\\\/07\\\/27\\\/las-autoridades-de-mesa-seran-vacunadas-contra-el-coronavirus-para-las-elecciones\\\/#breadcrumb\"},\"inLanguage\":\"es\",\"potentialAction\":[{\"@type\":\"ReadAction\",\"target\":[\"https:\\\/\\\/diariotextual.com\\\/inicio\\\/index.php\\\/2021\\\/07\\\/27\\\/las-autoridades-de-mesa-seran-vacunadas-contra-el-coronavirus-para-las-elecciones\\\/\"]}]},{\"@type\":\"ImageObject\",\"inLanguage\":\"es\",\"@id\":\"https:\\\/\\\/diariotextual.com\\\/inicio\\\/index.php\\\/2021\\\/07\\\/27\\\/las-autoridades-de-mesa-seran-vacunadas-contra-el-coronavirus-para-las-elecciones\\\/#primaryimage\",\"url\":\"https:\\\/\\\/diariotextual.com\\\/inicio\\\/wp-content\\\/uploads\\\/2018\\\/11\\\/eleccionestelamurnas21.jpg\",\"contentUrl\":\"https:\\\/\\\/diariotextual.com\\\/inicio\\\/wp-content\\\/uploads\\\/2018\\\/11\\\/eleccionestelamurnas21.jpg\",\"width\":1140,\"height\":737},{\"@type\":\"BreadcrumbList\",\"@id\":\"https:\\\/\\\/diariotextual.com\\\/inicio\\\/index.php\\\/2021\\\/07\\\/27\\\/las-autoridades-de-mesa-seran-vacunadas-contra-el-coronavirus-para-las-elecciones\\\/#breadcrumb\",\"itemListElement\":[{\"@type\":\"ListItem\",\"position\":1,\"name\":\"Portada\",\"item\":\"https:\\\/\\\/diariotextual.com\\\/inicio\\\/\"},{\"@type\":\"ListItem\",\"position\":2,\"name\":\"Las autoridades de mesa ser\u00e1n vacunadas contra el coronavirus para las elecciones\"}]},{\"@type\":\"WebSite\",\"@id\":\"https:\\\/\\\/diariotextual.com\\\/inicio\\\/#website\",\"url\":\"https:\\\/\\\/diariotextual.com\\\/inicio\\\/\",\"name\":\"Diario Textual\",\"description\":\"\",\"publisher\":{\"@id\":\"https:\\\/\\\/diariotextual.com\\\/inicio\\\/#organization\"},\"potentialAction\":[{\"@type\":\"SearchAction\",\"target\":{\"@type\":\"EntryPoint\",\"urlTemplate\":\"https:\\\/\\\/diariotextual.com\\\/inicio\\\/?s={search_term_string}\"},\"query-input\":{\"@type\":\"PropertyValueSpecification\",\"valueRequired\":true,\"valueName\":\"search_term_string\"}}],\"inLanguage\":\"es\"},{\"@type\":\"Organization\",\"@id\":\"https:\\\/\\\/diariotextual.com\\\/inicio\\\/#organization\",\"name\":\"Diario Textual\",\"url\":\"https:\\\/\\\/diariotextual.com\\\/inicio\\\/\",\"logo\":{\"@type\":\"ImageObject\",\"inLanguage\":\"es\",\"@id\":\"https:\\\/\\\/diariotextual.com\\\/inicio\\\/#\\\/schema\\\/logo\\\/image\\\/\",\"url\":\"https:\\\/\\\/diariotextual.com\\\/inicio\\\/wp-content\\\/uploads\\\/2023\\\/05\\\/logotextual1.jpg\",\"contentUrl\":\"https:\\\/\\\/diariotextual.com\\\/inicio\\\/wp-content\\\/uploads\\\/2023\\\/05\\\/logotextual1.jpg\",\"width\":516,\"height\":76,\"caption\":\"Diario Textual\"},\"image\":{\"@id\":\"https:\\\/\\\/diariotextual.com\\\/inicio\\\/#\\\/schema\\\/logo\\\/image\\\/\"},\"sameAs\":[\"https:\\\/\\\/www.facebook.com\\\/eltextual\",\"https:\\\/\\\/x.com\\\/eltextual\",\"http:\\\/\\\/www.instagram.com\\\/eltextual\"]},{\"@type\":\"Person\",\"@id\":\"https:\\\/\\\/diariotextual.com\\\/inicio\\\/#\\\/schema\\\/person\\\/418fc4093c33e86ed41562db3508f958\",\"name\":\"Diario1 Diario1\",\"image\":{\"@type\":\"ImageObject\",\"inLanguage\":\"es\",\"@id\":\"https:\\\/\\\/secure.gravatar.com\\\/avatar\\\/9167d280179c85bc18be67aa7eda765854300033af4896dd779b608640f2ef7a?s=96&d=mm&r=g\",\"url\":\"https:\\\/\\\/secure.gravatar.com\\\/avatar\\\/9167d280179c85bc18be67aa7eda765854300033af4896dd779b608640f2ef7a?s=96&d=mm&r=g\",\"contentUrl\":\"https:\\\/\\\/secure.gravatar.com\\\/avatar\\\/9167d280179c85bc18be67aa7eda765854300033af4896dd779b608640f2ef7a?s=96&d=mm&r=g\",\"caption\":\"Diario1 Diario1\"},\"url\":\"https:\\\/\\\/diariotextual.com\\\/inicio\\\/index.php\\\/author\\\/diario1\\\/\"}]}<\/script>\n<!-- \/ Yoast SEO plugin. -->","yoast_head_json":{"title":"Las autoridades de mesa ser\u00e1n vacunadas contra el coronavirus para las elecciones - Diario Textual","robots":{"index":"index","follow":"follow","max-snippet":"max-snippet:-1","max-image-preview":"max-image-preview:large","max-video-preview":"max-video-preview:-1"},"canonical":"https:\/\/diariotextual.com\/inicio\/index.php\/2021\/07\/27\/las-autoridades-de-mesa-seran-vacunadas-contra-el-coronavirus-para-las-elecciones\/","og_locale":"es_ES","og_type":"article","og_title":"Las autoridades de mesa ser\u00e1n vacunadas contra el coronavirus para las elecciones - Diario Textual","og_description":"Los ciudadanos designados como autoridades de mesa para las pr\u00f3ximas elecciones legislativas ser\u00e1n vacunadas contra el coronavirus, comunic\u00f3 este martes el Ministerio del Interior a la C\u00e1mara Nacional Electoral, que&hellip;","og_url":"https:\/\/diariotextual.com\/inicio\/index.php\/2021\/07\/27\/las-autoridades-de-mesa-seran-vacunadas-contra-el-coronavirus-para-las-elecciones\/","og_site_name":"Diario Textual","article_publisher":"https:\/\/www.facebook.com\/eltextual","article_published_time":"2021-07-27T20:55:00+00:00","article_modified_time":"2021-07-27T21:04:46+00:00","og_image":[{"width":1140,"height":737,"url":"https:\/\/diariotextual.com\/inicio\/wp-content\/uploads\/2018\/11\/eleccionestelamurnas21.jpg","type":"image\/jpeg"}],"author":"Diario1 Diario1","twitter_card":"summary_large_image","twitter_creator":"@eltextual","twitter_site":"@eltextual","twitter_misc":{"Escrito por":"Diario1 Diario1","Tiempo de lectura":"2 minutos"},"schema":{"@context":"https:\/\/schema.org","@graph":[{"@type":"Article","@id":"https:\/\/diariotextual.com\/inicio\/index.php\/2021\/07\/27\/las-autoridades-de-mesa-seran-vacunadas-contra-el-coronavirus-para-las-elecciones\/#article","isPartOf":{"@id":"https:\/\/diariotextual.com\/inicio\/index.php\/2021\/07\/27\/las-autoridades-de-mesa-seran-vacunadas-contra-el-coronavirus-para-las-elecciones\/"},"author":{"name":"Diario1 Diario1","@id":"https:\/\/diariotextual.com\/inicio\/#\/schema\/person\/418fc4093c33e86ed41562db3508f958"},"headline":"Las autoridades de mesa ser\u00e1n vacunadas contra el coronavirus para las elecciones","datePublished":"2021-07-27T20:55:00+00:00","dateModified":"2021-07-27T21:04:46+00:00","mainEntityOfPage":{"@id":"https:\/\/diariotextual.com\/inicio\/index.php\/2021\/07\/27\/las-autoridades-de-mesa-seran-vacunadas-contra-el-coronavirus-para-las-elecciones\/"},"wordCount":325,"publisher":{"@id":"https:\/\/diariotextual.com\/inicio\/#organization"},"image":{"@id":"https:\/\/diariotextual.com\/inicio\/index.php\/2021\/07\/27\/las-autoridades-de-mesa-seran-vacunadas-contra-el-coronavirus-para-las-elecciones\/#primaryimage"},"thumbnailUrl":"https:\/\/diariotextual.com\/inicio\/wp-content\/uploads\/2018\/11\/eleccionestelamurnas21.jpg","keywords":["elecciones"],"articleSection":["A - DESTACADAS (mod 16)","SOCIEDAD"],"inLanguage":"es"},{"@type":"WebPage","@id":"https:\/\/diariotextual.com\/inicio\/index.php\/2021\/07\/27\/las-autoridades-de-mesa-seran-vacunadas-contra-el-coronavirus-para-las-elecciones\/","url":"https:\/\/diariotextual.com\/inicio\/index.php\/2021\/07\/27\/las-autoridades-de-mesa-seran-vacunadas-contra-el-coronavirus-para-las-elecciones\/","name":"Las autoridades de mesa ser\u00e1n vacunadas contra el coronavirus para las elecciones - Diario Textual","isPartOf":{"@id":"https:\/\/diariotextual.com\/inicio\/#website"},"primaryImageOfPage":{"@id":"https:\/\/diariotextual.com\/inicio\/index.php\/2021\/07\/27\/las-autoridades-de-mesa-seran-vacunadas-contra-el-coronavirus-para-las-elecciones\/#primaryimage"},"image":{"@id":"https:\/\/diariotextual.com\/inicio\/index.php\/2021\/07\/27\/las-autoridades-de-mesa-seran-vacunadas-contra-el-coronavirus-para-las-elecciones\/#primaryimage"},"thumbnailUrl":"https:\/\/diariotextual.com\/inicio\/wp-content\/uploads\/2018\/11\/eleccionestelamurnas21.jpg","datePublished":"2021-07-27T20:55:00+00:00","dateModified":"2021-07-27T21:04:46+00:00","breadcrumb":{"@id":"https:\/\/diariotextual.com\/inicio\/index.php\/2021\/07\/27\/las-autoridades-de-mesa-seran-vacunadas-contra-el-coronavirus-para-las-elecciones\/#breadcrumb"},"inLanguage":"es","potentialAction":[{"@type":"ReadAction","target":["https:\/\/diariotextual.com\/inicio\/index.php\/2021\/07\/27\/las-autoridades-de-mesa-seran-vacunadas-contra-el-coronavirus-para-las-elecciones\/"]}]},{"@type":"ImageObject","inLanguage":"es","@id":"https:\/\/diariotextual.com\/inicio\/index.php\/2021\/07\/27\/las-autoridades-de-mesa-seran-vacunadas-contra-el-coronavirus-para-las-elecciones\/#primaryimage","url":"https:\/\/diariotextual.com\/inicio\/wp-content\/uploads\/2018\/11\/eleccionestelamurnas21.jpg","contentUrl":"https:\/\/diariotextual.com\/inicio\/wp-content\/uploads\/2018\/11\/eleccionestelamurnas21.jpg","width":1140,"height":737},{"@type":"BreadcrumbList","@id":"https:\/\/diariotextual.com\/inicio\/index.php\/2021\/07\/27\/las-autoridades-de-mesa-seran-vacunadas-contra-el-coronavirus-para-las-elecciones\/#breadcrumb","itemListElement":[{"@type":"ListItem","position":1,"name":"Portada","item":"https:\/\/diariotextual.com\/inicio\/"},{"@type":"ListItem","position":2,"name":"Las autoridades de mesa ser\u00e1n vacunadas contra el coronavirus para las elecciones"}]},{"@type":"WebSite","@id":"https:\/\/diariotextual.com\/inicio\/#website","url":"https:\/\/diariotextual.com\/inicio\/","name":"Diario Textual","description":"","publisher":{"@id":"https:\/\/diariotextual.com\/inicio\/#organization"},"potentialAction":[{"@type":"SearchAction","target":{"@type":"EntryPoint","urlTemplate":"https:\/\/diariotextual.com\/inicio\/?s={search_term_string}"},"query-input":{"@type":"PropertyValueSpecification","valueRequired":true,"valueName":"search_term_string"}}],"inLanguage":"es"},{"@type":"Organization","@id":"https:\/\/diariotextual.com\/inicio\/#organization","name":"Diario Textual","url":"https:\/\/diariotextual.com\/inicio\/","logo":{"@type":"ImageObject","inLanguage":"es","@id":"https:\/\/diariotextual.com\/inicio\/#\/schema\/logo\/image\/","url":"https:\/\/diariotextual.com\/inicio\/wp-content\/uploads\/2023\/05\/logotextual1.jpg","contentUrl":"https:\/\/diariotextual.com\/inicio\/wp-content\/uploads\/2023\/05\/logotextual1.jpg","width":516,"height":76,"caption":"Diario Textual"},"image":{"@id":"https:\/\/diariotextual.com\/inicio\/#\/schema\/logo\/image\/"},"sameAs":["https:\/\/www.facebook.com\/eltextual","https:\/\/x.com\/eltextual","http:\/\/www.instagram.com\/eltextual"]},{"@type":"Person","@id":"https:\/\/diariotextual.com\/inicio\/#\/schema\/person\/418fc4093c33e86ed41562db3508f958","name":"Diario1 Diario1","image":{"@type":"ImageObject","inLanguage":"es","@id":"https:\/\/secure.gravatar.com\/avatar\/9167d280179c85bc18be67aa7eda765854300033af4896dd779b608640f2ef7a?s=96&d=mm&r=g","url":"https:\/\/secure.gravatar.com\/avatar\/9167d280179c85bc18be67aa7eda765854300033af4896dd779b608640f2ef7a?s=96&d=mm&r=g","contentUrl":"https:\/\/secure.gravatar.com\/avatar\/9167d280179c85bc18be67aa7eda765854300033af4896dd779b608640f2ef7a?s=96&d=mm&r=g","caption":"Diario1 Diario1"},"url":"https:\/\/diariotextual.com\/inicio\/index.php\/author\/diario1\/"}]}},"_links":{"self":[{"href":"https:\/\/diariotextual.com\/inicio\/index.php\/wp-json\/wp\/v2\/posts\/155804","targetHints":{"allow":["GET"]}}],"collection":[{"href":"https:\/\/diariotextual.com\/inicio\/index.php\/wp-json\/wp\/v2\/posts"}],"about":[{"href":"https:\/\/diariotextual.com\/inicio\/index.php\/wp-json\/wp\/v2\/types\/post"}],"author":[{"embeddable":true,"href":"https:\/\/diariotextual.com\/inicio\/index.php\/wp-json\/wp\/v2\/users\/3"}],"replies":[{"embeddable":true,"href":"https:\/\/diariotextual.com\/inicio\/index.php\/wp-json\/wp\/v2\/comments?post=155804"}],"version-history":[{"count":2,"href":"https:\/\/diariotextual.com\/inicio\/index.php\/wp-json\/wp\/v2\/posts\/155804\/revisions"}],"predecessor-version":[{"id":155806,"href":"https:\/\/diariotextual.com\/inicio\/index.php\/wp-json\/wp\/v2\/posts\/155804\/revisions\/155806"}],"wp:featuredmedia":[{"embeddable":true,"href":"https:\/\/diariotextual.com\/inicio\/index.php\/wp-json\/wp\/v2\/media\/26048"}],"wp:attachment":[{"href":"https:\/\/diariotextual.com\/inicio\/index.php\/wp-json\/wp\/v2\/media?parent=155804"}],"wp:term":[{"taxonomy":"category","embeddable":true,"href":"https:\/\/diariotextual.com\/inicio\/index.php\/wp-json\/wp\/v2\/categories?post=155804"},{"taxonomy":"post_tag","embeddable":true,"href":"https:\/\/diariotextual.com\/inicio\/index.php\/wp-json\/wp\/v2\/tags?post=155804"}],"curies":[{"name":"wp","href":"https:\/\/api.w.org\/{rel}","templated":true}]}}