{"id":155813,"date":"2021-07-27T20:09:07","date_gmt":"2021-07-27T23:09:07","guid":{"rendered":"https:\/\/diariotextual.com\/inicio\/?p=155813"},"modified":"2021-07-27T22:53:06","modified_gmt":"2021-07-28T01:53:06","slug":"covid-en-la-pampa-este-martes-344-nuevos-casos","status":"publish","type":"post","link":"https:\/\/diariotextual.com\/inicio\/index.php\/2021\/07\/27\/covid-en-la-pampa-este-martes-344-nuevos-casos\/","title":{"rendered":"Covid en La Pampa: este martes, 344 nuevos casos"},"content":{"rendered":"\n<p>El Ministerio de Salud de La Pampa inform\u00f3 que<strong> este martes se registraron 344 nuevos casos de coronavirus <\/strong>en la provincia.<\/p>\n\n\n\n<p>Hasta el momento del cierre del parte diario murieron tres hombres: de 41 y 60 a\u00f1os de Pico y de 67 a\u00f1os de Santa Rosa.<br><\/p>\n\n\n\n<p>De los nuevos positivos,<strong> 89 corresponden a residentes en Santa Rosa, 65 en General Pico, 22 en Toay, 15 en Eduardo Castex, 14 en Rancul, 13 en Macach\u00edn, 13 en Guatrach\u00e9, 12 en Quem\u00fa Quem\u00fa, 9 en Realic\u00f3, 8 en 25 de Mayo, 7 en Victorica, 7 en Colonia Santa Teresa, 6 en Intendente Alvear, 5 en Catril\u00f3, 5 en Caleuf\u00fa, 5 en Parera, 4 en General Acha, 4 en Lonquimay, 4 en Jacinto Arauz, 4 en Alpachiri, 3 en Santa Isabel, 3 en Bernardo Larroud\u00e9, 2 en Colonia Bar\u00f3n, 2 en Trenel, 2 en Miguel Riglos, 2 en Bernasconi, 2 en Ingeniero Luiggi, 2 en Carro Quemado, 2 en V\u00e9rtiz, 2 en Winifreda, 2 en General Manuel J. Campos, 2 en Gobernador Duval , 1 en General San Martin, 1 en Anguil, 1 en La Adela, 1 en Alta Italia, 1 en Tel\u00e9n, 1 en Metileo y 1 en Abramo.<\/strong><\/p>\n\n\n\n<p>Desde el inicio de la pandemia, <strong>en la provincia se registraron un total de 60.694\u00a0casos positivos para Covid-19, de los cuales\u00a0 3.292 permanecen activos, 780 han fallecido y 56.622 se han recuperado<\/strong> (319 en el d\u00eda de hoy).<\/p>\n\n\n\n<figure class=\"wp-block-embed is-type-wp-embed is-provider-diario-textual wp-block-embed-diario-textual\"><div class=\"wp-block-embed__wrapper\">\n<blockquote class=\"wp-embedded-content\" data-secret=\"QPqtvNxXcB\"><a href=\"https:\/\/diariotextual.com\/inicio\/index.php\/2021\/07\/27\/nacion-envio-7140-dosis-a-la-pampa-para-vacunar-a-adolescentes-con-factores-de-riesgo\/\">Naci\u00f3n envi\u00f3 7140 dosis a La Pampa para vacunar a adolescentes con factores de riesgo<\/a><\/blockquote><iframe class=\"wp-embedded-content\" sandbox=\"allow-scripts\" security=\"restricted\" style=\"position: absolute; clip: rect(1px, 1px, 1px, 1px);\" title=\"\u00abNaci\u00f3n envi\u00f3 7140 dosis a La Pampa para vacunar a adolescentes con factores de riesgo\u00bb \u2014 Diario Textual\" src=\"https:\/\/diariotextual.com\/inicio\/index.php\/2021\/07\/27\/nacion-envio-7140-dosis-a-la-pampa-para-vacunar-a-adolescentes-con-factores-de-riesgo\/embed\/#?secret=QPqtvNxXcB\" data-secret=\"QPqtvNxXcB\" width=\"600\" height=\"338\" frameborder=\"0\" marginwidth=\"0\" marginheight=\"0\" scrolling=\"no\"><\/iframe>\n<\/div><\/figure>\n\n\n\n<p><\/p>\n\n\n\n<p>Los casos confirmados activos pertenecen a las siguientes localidades: 1089 en Santa Rosa, 545 en General Pico, 168 en Toay, 111 en Rancul, 85 en General Acha, 80 en Eduardo Castex, 73 en Macach\u00edn, 72 en Catril\u00f3, 72 en Intendente Alvear, 70 en Quem\u00fa Quem\u00fa, 67 en Santa Isabel, 64 en Guatrach\u00e9, 58 en Colonia Bar\u00f3n, 55 en Lonquimay, 54 en Realic\u00f3, 49 en 25 de Mayo, 45 en General San Martin, 40 en Victorica, 36 en Caleuf\u00fa, 33 en Trenel, 31 en Parera, 30 en Miguel Riglos, 30 en Bernasconi, 29 en Ingeniero Luiggi, 28 en Jacinto Arauz, 24 en Anguil, 20 en La Adela, 20 en Alpachiri, 19 en Carro Quemado, 17 en La Humada, 17 en Bernardo Larroud\u00e9, 16 en La Maruja, 14 en Alta Italia, 14 en V\u00e9rtiz, 9 en Colonia Santa Teresa, 8 en Monte Nievas, 8 en Relmo, 8 en Quehu\u00e9, 8 en Winifreda, 7 en Uriburu, 7 en Rol\u00f3n, 7 en Tel\u00e9n, 6 en Puelches, 5 en Chos Malal, 5 en General Manuel J. Campos, 4 en Ataliva Roca, 4 en Luan Toro, 3 en Doblas, 3 en Algarrobo del \u00c1guila, 3 en Metileo, 3 en Gobernador Duval , 2 en Embajador Martini, 2 en Villa Mirasol, , 2 en Arata, 2 en Mauricio Mayer, 2 en Puel\u00e9n, 2 en Abramo, 1 en Agustoni, 1 en Dorila, 1 en Per\u00fa, 1 en Miguel Can\u00e9, 1 en Tom\u00e1s M. de Anchorena, 1 en La Reforma y 1 en Limay Mahuida.<\/p>\n\n\n\n<p>A su vez, al d\u00eda de la fecha se encuentran aisladas un total de 6.814 personas en toda la provincia.<\/p>\n\n\n\n<p>Hay 145 internados. El porcentaje de ocupaci\u00f3n de camas de terapia intensiva es del 69,78%.<br>\u00a0<br><\/p>\n\n\n\n<figure class=\"wp-block-embed is-type-wp-embed is-provider-diario-textual wp-block-embed-diario-textual\"><div class=\"wp-block-embed__wrapper\">\n<blockquote class=\"wp-embedded-content\" data-secret=\"s3k91MqQzc\"><a href=\"https:\/\/diariotextual.com\/inicio\/index.php\/2021\/07\/27\/la-pampa-habilitan-mas-actividades-amplian-horarios-y-permiten-encuentros-todos-los-dias\/\">La Pampa habilita m\u00e1s actividades, ampl\u00eda horarios y permite encuentros todos los d\u00edas<\/a><\/blockquote><iframe class=\"wp-embedded-content\" sandbox=\"allow-scripts\" security=\"restricted\" style=\"position: absolute; clip: rect(1px, 1px, 1px, 1px);\" title=\"\u00abLa Pampa habilita m\u00e1s actividades, ampl\u00eda horarios y permite encuentros todos los d\u00edas\u00bb \u2014 Diario Textual\" src=\"https:\/\/diariotextual.com\/inicio\/index.php\/2021\/07\/27\/la-pampa-habilitan-mas-actividades-amplian-horarios-y-permiten-encuentros-todos-los-dias\/embed\/#?secret=s3k91MqQzc\" data-secret=\"s3k91MqQzc\" width=\"600\" height=\"338\" frameborder=\"0\" marginwidth=\"0\" marginheight=\"0\" scrolling=\"no\"><\/iframe>\n<\/div><\/figure>\n","protected":false},"excerpt":{"rendered":"<p>El Ministerio de Salud de La Pampa inform\u00f3 que este martes se registraron 344 nuevos casos de coronavirus en la provincia. Hasta el momento del cierre del parte diario murieron&hellip;<\/p>\n","protected":false},"author":3,"featured_media":155814,"comment_status":"closed","ping_status":"open","sticky":false,"template":"","format":"standard","meta":{"_acf_changed":false,"footnotes":""},"categories":[10,12],"tags":[2899],"class_list":["post-155813","post","type-post","status-publish","format-standard","has-post-thumbnail","hentry","category-portada-2","category-sociedad","tag-covid"],"acf":[],"yoast_head":"<!-- This site is optimized with the Yoast SEO plugin v27.5 - https:\/\/yoast.com\/product\/yoast-seo-wordpress\/ -->\n<title>Covid en La Pampa: este martes, 344 nuevos casos - Diario Textual<\/title>\n<meta name=\"robots\" content=\"index, follow, max-snippet:-1, max-image-preview:large, max-video-preview:-1\" \/>\n<link rel=\"canonical\" href=\"https:\/\/diariotextual.com\/inicio\/index.php\/2021\/07\/27\/covid-en-la-pampa-este-martes-344-nuevos-casos\/\" \/>\n<meta property=\"og:locale\" content=\"es_ES\" \/>\n<meta property=\"og:type\" content=\"article\" \/>\n<meta property=\"og:title\" content=\"Covid en La Pampa: este martes, 344 nuevos casos - Diario Textual\" \/>\n<meta property=\"og:description\" content=\"El Ministerio de Salud de La Pampa inform\u00f3 que este martes se registraron 344 nuevos casos de coronavirus en la provincia. Hasta el momento del cierre del parte diario murieron&hellip;\" \/>\n<meta property=\"og:url\" content=\"https:\/\/diariotextual.com\/inicio\/index.php\/2021\/07\/27\/covid-en-la-pampa-este-martes-344-nuevos-casos\/\" \/>\n<meta property=\"og:site_name\" content=\"Diario Textual\" \/>\n<meta property=\"article:publisher\" content=\"https:\/\/www.facebook.com\/eltextual\" \/>\n<meta property=\"article:published_time\" content=\"2021-07-27T23:09:07+00:00\" \/>\n<meta property=\"article:modified_time\" content=\"2021-07-28T01:53:06+00:00\" \/>\n<meta property=\"og:image\" content=\"https:\/\/diariotextual.com\/inicio\/wp-content\/uploads\/2021\/07\/coronavirustelam2021-7022.jpg\" \/>\n\t<meta property=\"og:image:width\" content=\"1004\" \/>\n\t<meta property=\"og:image:height\" content=\"565\" \/>\n\t<meta property=\"og:image:type\" content=\"image\/jpeg\" \/>\n<meta name=\"author\" content=\"Diario1 Diario1\" \/>\n<meta name=\"twitter:card\" content=\"summary_large_image\" \/>\n<meta name=\"twitter:creator\" content=\"@eltextual\" \/>\n<meta name=\"twitter:site\" content=\"@eltextual\" \/>\n<meta name=\"twitter:label1\" content=\"Escrito por\" \/>\n\t<meta name=\"twitter:data1\" content=\"Diario1 Diario1\" \/>\n\t<meta name=\"twitter:label2\" content=\"Tiempo de lectura\" \/>\n\t<meta name=\"twitter:data2\" content=\"3 minutos\" \/>\n<script type=\"application\/ld+json\" class=\"yoast-schema-graph\">{\"@context\":\"https:\\\/\\\/schema.org\",\"@graph\":[{\"@type\":\"Article\",\"@id\":\"https:\\\/\\\/diariotextual.com\\\/inicio\\\/index.php\\\/2021\\\/07\\\/27\\\/covid-en-la-pampa-este-martes-344-nuevos-casos\\\/#article\",\"isPartOf\":{\"@id\":\"https:\\\/\\\/diariotextual.com\\\/inicio\\\/index.php\\\/2021\\\/07\\\/27\\\/covid-en-la-pampa-este-martes-344-nuevos-casos\\\/\"},\"author\":{\"name\":\"Diario1 Diario1\",\"@id\":\"https:\\\/\\\/diariotextual.com\\\/inicio\\\/#\\\/schema\\\/person\\\/418fc4093c33e86ed41562db3508f958\"},\"headline\":\"Covid en La Pampa: este martes, 344 nuevos casos\",\"datePublished\":\"2021-07-27T23:09:07+00:00\",\"dateModified\":\"2021-07-28T01:53:06+00:00\",\"mainEntityOfPage\":{\"@id\":\"https:\\\/\\\/diariotextual.com\\\/inicio\\\/index.php\\\/2021\\\/07\\\/27\\\/covid-en-la-pampa-este-martes-344-nuevos-casos\\\/\"},\"wordCount\":436,\"publisher\":{\"@id\":\"https:\\\/\\\/diariotextual.com\\\/inicio\\\/#organization\"},\"image\":{\"@id\":\"https:\\\/\\\/diariotextual.com\\\/inicio\\\/index.php\\\/2021\\\/07\\\/27\\\/covid-en-la-pampa-este-martes-344-nuevos-casos\\\/#primaryimage\"},\"thumbnailUrl\":\"https:\\\/\\\/diariotextual.com\\\/inicio\\\/wp-content\\\/uploads\\\/2021\\\/07\\\/coronavirustelam2021-7022.jpg\",\"keywords\":[\"covid\"],\"articleSection\":[\"A - PORTADA2\",\"SOCIEDAD\"],\"inLanguage\":\"es\"},{\"@type\":\"WebPage\",\"@id\":\"https:\\\/\\\/diariotextual.com\\\/inicio\\\/index.php\\\/2021\\\/07\\\/27\\\/covid-en-la-pampa-este-martes-344-nuevos-casos\\\/\",\"url\":\"https:\\\/\\\/diariotextual.com\\\/inicio\\\/index.php\\\/2021\\\/07\\\/27\\\/covid-en-la-pampa-este-martes-344-nuevos-casos\\\/\",\"name\":\"Covid en La Pampa: este martes, 344 nuevos casos - Diario Textual\",\"isPartOf\":{\"@id\":\"https:\\\/\\\/diariotextual.com\\\/inicio\\\/#website\"},\"primaryImageOfPage\":{\"@id\":\"https:\\\/\\\/diariotextual.com\\\/inicio\\\/index.php\\\/2021\\\/07\\\/27\\\/covid-en-la-pampa-este-martes-344-nuevos-casos\\\/#primaryimage\"},\"image\":{\"@id\":\"https:\\\/\\\/diariotextual.com\\\/inicio\\\/index.php\\\/2021\\\/07\\\/27\\\/covid-en-la-pampa-este-martes-344-nuevos-casos\\\/#primaryimage\"},\"thumbnailUrl\":\"https:\\\/\\\/diariotextual.com\\\/inicio\\\/wp-content\\\/uploads\\\/2021\\\/07\\\/coronavirustelam2021-7022.jpg\",\"datePublished\":\"2021-07-27T23:09:07+00:00\",\"dateModified\":\"2021-07-28T01:53:06+00:00\",\"breadcrumb\":{\"@id\":\"https:\\\/\\\/diariotextual.com\\\/inicio\\\/index.php\\\/2021\\\/07\\\/27\\\/covid-en-la-pampa-este-martes-344-nuevos-casos\\\/#breadcrumb\"},\"inLanguage\":\"es\",\"potentialAction\":[{\"@type\":\"ReadAction\",\"target\":[\"https:\\\/\\\/diariotextual.com\\\/inicio\\\/index.php\\\/2021\\\/07\\\/27\\\/covid-en-la-pampa-este-martes-344-nuevos-casos\\\/\"]}]},{\"@type\":\"ImageObject\",\"inLanguage\":\"es\",\"@id\":\"https:\\\/\\\/diariotextual.com\\\/inicio\\\/index.php\\\/2021\\\/07\\\/27\\\/covid-en-la-pampa-este-martes-344-nuevos-casos\\\/#primaryimage\",\"url\":\"https:\\\/\\\/diariotextual.com\\\/inicio\\\/wp-content\\\/uploads\\\/2021\\\/07\\\/coronavirustelam2021-7022.jpg\",\"contentUrl\":\"https:\\\/\\\/diariotextual.com\\\/inicio\\\/wp-content\\\/uploads\\\/2021\\\/07\\\/coronavirustelam2021-7022.jpg\",\"width\":1004,\"height\":565},{\"@type\":\"BreadcrumbList\",\"@id\":\"https:\\\/\\\/diariotextual.com\\\/inicio\\\/index.php\\\/2021\\\/07\\\/27\\\/covid-en-la-pampa-este-martes-344-nuevos-casos\\\/#breadcrumb\",\"itemListElement\":[{\"@type\":\"ListItem\",\"position\":1,\"name\":\"Portada\",\"item\":\"https:\\\/\\\/diariotextual.com\\\/inicio\\\/\"},{\"@type\":\"ListItem\",\"position\":2,\"name\":\"Covid en La Pampa: este martes, 344 nuevos casos\"}]},{\"@type\":\"WebSite\",\"@id\":\"https:\\\/\\\/diariotextual.com\\\/inicio\\\/#website\",\"url\":\"https:\\\/\\\/diariotextual.com\\\/inicio\\\/\",\"name\":\"Diario Textual\",\"description\":\"\",\"publisher\":{\"@id\":\"https:\\\/\\\/diariotextual.com\\\/inicio\\\/#organization\"},\"potentialAction\":[{\"@type\":\"SearchAction\",\"target\":{\"@type\":\"EntryPoint\",\"urlTemplate\":\"https:\\\/\\\/diariotextual.com\\\/inicio\\\/?s={search_term_string}\"},\"query-input\":{\"@type\":\"PropertyValueSpecification\",\"valueRequired\":true,\"valueName\":\"search_term_string\"}}],\"inLanguage\":\"es\"},{\"@type\":\"Organization\",\"@id\":\"https:\\\/\\\/diariotextual.com\\\/inicio\\\/#organization\",\"name\":\"Diario Textual\",\"url\":\"https:\\\/\\\/diariotextual.com\\\/inicio\\\/\",\"logo\":{\"@type\":\"ImageObject\",\"inLanguage\":\"es\",\"@id\":\"https:\\\/\\\/diariotextual.com\\\/inicio\\\/#\\\/schema\\\/logo\\\/image\\\/\",\"url\":\"https:\\\/\\\/diariotextual.com\\\/inicio\\\/wp-content\\\/uploads\\\/2023\\\/05\\\/logotextual1.jpg\",\"contentUrl\":\"https:\\\/\\\/diariotextual.com\\\/inicio\\\/wp-content\\\/uploads\\\/2023\\\/05\\\/logotextual1.jpg\",\"width\":516,\"height\":76,\"caption\":\"Diario Textual\"},\"image\":{\"@id\":\"https:\\\/\\\/diariotextual.com\\\/inicio\\\/#\\\/schema\\\/logo\\\/image\\\/\"},\"sameAs\":[\"https:\\\/\\\/www.facebook.com\\\/eltextual\",\"https:\\\/\\\/x.com\\\/eltextual\",\"http:\\\/\\\/www.instagram.com\\\/eltextual\"]},{\"@type\":\"Person\",\"@id\":\"https:\\\/\\\/diariotextual.com\\\/inicio\\\/#\\\/schema\\\/person\\\/418fc4093c33e86ed41562db3508f958\",\"name\":\"Diario1 Diario1\",\"image\":{\"@type\":\"ImageObject\",\"inLanguage\":\"es\",\"@id\":\"https:\\\/\\\/secure.gravatar.com\\\/avatar\\\/9167d280179c85bc18be67aa7eda765854300033af4896dd779b608640f2ef7a?s=96&d=mm&r=g\",\"url\":\"https:\\\/\\\/secure.gravatar.com\\\/avatar\\\/9167d280179c85bc18be67aa7eda765854300033af4896dd779b608640f2ef7a?s=96&d=mm&r=g\",\"contentUrl\":\"https:\\\/\\\/secure.gravatar.com\\\/avatar\\\/9167d280179c85bc18be67aa7eda765854300033af4896dd779b608640f2ef7a?s=96&d=mm&r=g\",\"caption\":\"Diario1 Diario1\"},\"url\":\"https:\\\/\\\/diariotextual.com\\\/inicio\\\/index.php\\\/author\\\/diario1\\\/\"}]}<\/script>\n<!-- \/ Yoast SEO plugin. -->","yoast_head_json":{"title":"Covid en La Pampa: este martes, 344 nuevos casos - Diario Textual","robots":{"index":"index","follow":"follow","max-snippet":"max-snippet:-1","max-image-preview":"max-image-preview:large","max-video-preview":"max-video-preview:-1"},"canonical":"https:\/\/diariotextual.com\/inicio\/index.php\/2021\/07\/27\/covid-en-la-pampa-este-martes-344-nuevos-casos\/","og_locale":"es_ES","og_type":"article","og_title":"Covid en La Pampa: este martes, 344 nuevos casos - Diario Textual","og_description":"El Ministerio de Salud de La Pampa inform\u00f3 que este martes se registraron 344 nuevos casos de coronavirus en la provincia. Hasta el momento del cierre del parte diario murieron&hellip;","og_url":"https:\/\/diariotextual.com\/inicio\/index.php\/2021\/07\/27\/covid-en-la-pampa-este-martes-344-nuevos-casos\/","og_site_name":"Diario Textual","article_publisher":"https:\/\/www.facebook.com\/eltextual","article_published_time":"2021-07-27T23:09:07+00:00","article_modified_time":"2021-07-28T01:53:06+00:00","og_image":[{"width":1004,"height":565,"url":"https:\/\/diariotextual.com\/inicio\/wp-content\/uploads\/2021\/07\/coronavirustelam2021-7022.jpg","type":"image\/jpeg"}],"author":"Diario1 Diario1","twitter_card":"summary_large_image","twitter_creator":"@eltextual","twitter_site":"@eltextual","twitter_misc":{"Escrito por":"Diario1 Diario1","Tiempo de lectura":"3 minutos"},"schema":{"@context":"https:\/\/schema.org","@graph":[{"@type":"Article","@id":"https:\/\/diariotextual.com\/inicio\/index.php\/2021\/07\/27\/covid-en-la-pampa-este-martes-344-nuevos-casos\/#article","isPartOf":{"@id":"https:\/\/diariotextual.com\/inicio\/index.php\/2021\/07\/27\/covid-en-la-pampa-este-martes-344-nuevos-casos\/"},"author":{"name":"Diario1 Diario1","@id":"https:\/\/diariotextual.com\/inicio\/#\/schema\/person\/418fc4093c33e86ed41562db3508f958"},"headline":"Covid en La Pampa: este martes, 344 nuevos casos","datePublished":"2021-07-27T23:09:07+00:00","dateModified":"2021-07-28T01:53:06+00:00","mainEntityOfPage":{"@id":"https:\/\/diariotextual.com\/inicio\/index.php\/2021\/07\/27\/covid-en-la-pampa-este-martes-344-nuevos-casos\/"},"wordCount":436,"publisher":{"@id":"https:\/\/diariotextual.com\/inicio\/#organization"},"image":{"@id":"https:\/\/diariotextual.com\/inicio\/index.php\/2021\/07\/27\/covid-en-la-pampa-este-martes-344-nuevos-casos\/#primaryimage"},"thumbnailUrl":"https:\/\/diariotextual.com\/inicio\/wp-content\/uploads\/2021\/07\/coronavirustelam2021-7022.jpg","keywords":["covid"],"articleSection":["A - PORTADA2","SOCIEDAD"],"inLanguage":"es"},{"@type":"WebPage","@id":"https:\/\/diariotextual.com\/inicio\/index.php\/2021\/07\/27\/covid-en-la-pampa-este-martes-344-nuevos-casos\/","url":"https:\/\/diariotextual.com\/inicio\/index.php\/2021\/07\/27\/covid-en-la-pampa-este-martes-344-nuevos-casos\/","name":"Covid en La Pampa: este martes, 344 nuevos casos - Diario Textual","isPartOf":{"@id":"https:\/\/diariotextual.com\/inicio\/#website"},"primaryImageOfPage":{"@id":"https:\/\/diariotextual.com\/inicio\/index.php\/2021\/07\/27\/covid-en-la-pampa-este-martes-344-nuevos-casos\/#primaryimage"},"image":{"@id":"https:\/\/diariotextual.com\/inicio\/index.php\/2021\/07\/27\/covid-en-la-pampa-este-martes-344-nuevos-casos\/#primaryimage"},"thumbnailUrl":"https:\/\/diariotextual.com\/inicio\/wp-content\/uploads\/2021\/07\/coronavirustelam2021-7022.jpg","datePublished":"2021-07-27T23:09:07+00:00","dateModified":"2021-07-28T01:53:06+00:00","breadcrumb":{"@id":"https:\/\/diariotextual.com\/inicio\/index.php\/2021\/07\/27\/covid-en-la-pampa-este-martes-344-nuevos-casos\/#breadcrumb"},"inLanguage":"es","potentialAction":[{"@type":"ReadAction","target":["https:\/\/diariotextual.com\/inicio\/index.php\/2021\/07\/27\/covid-en-la-pampa-este-martes-344-nuevos-casos\/"]}]},{"@type":"ImageObject","inLanguage":"es","@id":"https:\/\/diariotextual.com\/inicio\/index.php\/2021\/07\/27\/covid-en-la-pampa-este-martes-344-nuevos-casos\/#primaryimage","url":"https:\/\/diariotextual.com\/inicio\/wp-content\/uploads\/2021\/07\/coronavirustelam2021-7022.jpg","contentUrl":"https:\/\/diariotextual.com\/inicio\/wp-content\/uploads\/2021\/07\/coronavirustelam2021-7022.jpg","width":1004,"height":565},{"@type":"BreadcrumbList","@id":"https:\/\/diariotextual.com\/inicio\/index.php\/2021\/07\/27\/covid-en-la-pampa-este-martes-344-nuevos-casos\/#breadcrumb","itemListElement":[{"@type":"ListItem","position":1,"name":"Portada","item":"https:\/\/diariotextual.com\/inicio\/"},{"@type":"ListItem","position":2,"name":"Covid en La Pampa: este martes, 344 nuevos casos"}]},{"@type":"WebSite","@id":"https:\/\/diariotextual.com\/inicio\/#website","url":"https:\/\/diariotextual.com\/inicio\/","name":"Diario Textual","description":"","publisher":{"@id":"https:\/\/diariotextual.com\/inicio\/#organization"},"potentialAction":[{"@type":"SearchAction","target":{"@type":"EntryPoint","urlTemplate":"https:\/\/diariotextual.com\/inicio\/?s={search_term_string}"},"query-input":{"@type":"PropertyValueSpecification","valueRequired":true,"valueName":"search_term_string"}}],"inLanguage":"es"},{"@type":"Organization","@id":"https:\/\/diariotextual.com\/inicio\/#organization","name":"Diario Textual","url":"https:\/\/diariotextual.com\/inicio\/","logo":{"@type":"ImageObject","inLanguage":"es","@id":"https:\/\/diariotextual.com\/inicio\/#\/schema\/logo\/image\/","url":"https:\/\/diariotextual.com\/inicio\/wp-content\/uploads\/2023\/05\/logotextual1.jpg","contentUrl":"https:\/\/diariotextual.com\/inicio\/wp-content\/uploads\/2023\/05\/logotextual1.jpg","width":516,"height":76,"caption":"Diario Textual"},"image":{"@id":"https:\/\/diariotextual.com\/inicio\/#\/schema\/logo\/image\/"},"sameAs":["https:\/\/www.facebook.com\/eltextual","https:\/\/x.com\/eltextual","http:\/\/www.instagram.com\/eltextual"]},{"@type":"Person","@id":"https:\/\/diariotextual.com\/inicio\/#\/schema\/person\/418fc4093c33e86ed41562db3508f958","name":"Diario1 Diario1","image":{"@type":"ImageObject","inLanguage":"es","@id":"https:\/\/secure.gravatar.com\/avatar\/9167d280179c85bc18be67aa7eda765854300033af4896dd779b608640f2ef7a?s=96&d=mm&r=g","url":"https:\/\/secure.gravatar.com\/avatar\/9167d280179c85bc18be67aa7eda765854300033af4896dd779b608640f2ef7a?s=96&d=mm&r=g","contentUrl":"https:\/\/secure.gravatar.com\/avatar\/9167d280179c85bc18be67aa7eda765854300033af4896dd779b608640f2ef7a?s=96&d=mm&r=g","caption":"Diario1 Diario1"},"url":"https:\/\/diariotextual.com\/inicio\/index.php\/author\/diario1\/"}]}},"_links":{"self":[{"href":"https:\/\/diariotextual.com\/inicio\/index.php\/wp-json\/wp\/v2\/posts\/155813","targetHints":{"allow":["GET"]}}],"collection":[{"href":"https:\/\/diariotextual.com\/inicio\/index.php\/wp-json\/wp\/v2\/posts"}],"about":[{"href":"https:\/\/diariotextual.com\/inicio\/index.php\/wp-json\/wp\/v2\/types\/post"}],"author":[{"embeddable":true,"href":"https:\/\/diariotextual.com\/inicio\/index.php\/wp-json\/wp\/v2\/users\/3"}],"replies":[{"embeddable":true,"href":"https:\/\/diariotextual.com\/inicio\/index.php\/wp-json\/wp\/v2\/comments?post=155813"}],"version-history":[{"count":12,"href":"https:\/\/diariotextual.com\/inicio\/index.php\/wp-json\/wp\/v2\/posts\/155813\/revisions"}],"predecessor-version":[{"id":155861,"href":"https:\/\/diariotextual.com\/inicio\/index.php\/wp-json\/wp\/v2\/posts\/155813\/revisions\/155861"}],"wp:featuredmedia":[{"embeddable":true,"href":"https:\/\/diariotextual.com\/inicio\/index.php\/wp-json\/wp\/v2\/media\/155814"}],"wp:attachment":[{"href":"https:\/\/diariotextual.com\/inicio\/index.php\/wp-json\/wp\/v2\/media?parent=155813"}],"wp:term":[{"taxonomy":"category","embeddable":true,"href":"https:\/\/diariotextual.com\/inicio\/index.php\/wp-json\/wp\/v2\/categories?post=155813"},{"taxonomy":"post_tag","embeddable":true,"href":"https:\/\/diariotextual.com\/inicio\/index.php\/wp-json\/wp\/v2\/tags?post=155813"}],"curies":[{"name":"wp","href":"https:\/\/api.w.org\/{rel}","templated":true}]}}