{"id":155821,"date":"2021-07-27T18:43:35","date_gmt":"2021-07-27T21:43:35","guid":{"rendered":"https:\/\/diariotextual.com\/inicio\/?p=155821"},"modified":"2021-07-28T07:52:22","modified_gmt":"2021-07-28T10:52:22","slug":"la-pampa-habilitan-mas-actividades-amplian-horarios-y-permiten-encuentros-todos-los-dias","status":"publish","type":"post","link":"https:\/\/diariotextual.com\/inicio\/index.php\/2021\/07\/27\/la-pampa-habilitan-mas-actividades-amplian-horarios-y-permiten-encuentros-todos-los-dias\/","title":{"rendered":"La Pampa habilita m\u00e1s actividades, ampl\u00eda horarios y permite encuentros todos los d\u00edas"},"content":{"rendered":"\n<p>El Gobierno provincial anunci\u00f3 que modificar\u00e1 horarios y habilitar\u00e1 m\u00e1s actividades a partir de este jueves 29. Entre otros puntos, <strong>se permitir\u00e1n los encuentros sociales en casas particulares todos los d\u00edas (hasta el momento est\u00e1n habilitados los fines de semana y feriados), la pr\u00e1ctica recreativa de deportes en espacios cerrados, con funcionamiento en burbujas de hasta 10 personas y actividades religiosas hasta 100 personas.<\/strong> Adem\u00e1s, <strong>se aument\u00f3 del 30 al 50% el aforo <\/strong>en los lugares cerrados.<\/p>\n\n\n\n<p>Esta nueva normativa regir\u00e1 todos los d\u00edas, de 7 a 24 horas, restringi\u00e9ndose la circulaci\u00f3n en la franja horaria de 1 a 6 horas, con excepci\u00f3n de aquellas personas afectadas a actividades esenciales.&nbsp;<\/p>\n\n\n\n<p>Seg\u00fan se inform\u00f3, los cambios se dan \u00aben raz\u00f3n de la creciente y sostenida campa\u00f1a de vacunaci\u00f3n y a la pronunciada baja de la utilizaci\u00f3n de camas de terapia intensiva\u00bb.<\/p>\n\n\n\n<p>El siguiente es el detalle de la decisi\u00f3n contenida en un Decreto firmado por el Gobernador Sergio Ziliotto, que se publicar\u00e1 en las pr\u00f3ximas horas en el Bolet\u00edn Oficial.<br><br><strong>Actividades habilitadas:<\/strong><\/p>\n\n\n\n<p>-Actividades econ\u00f3micas en general que no se encuentren inhabilitadas expresamente por los DNU vigentes a la fecha, excepto farmacias y estaciones de servicios al s\u00f3lo efecto del expendio de combustibles que no tendr\u00e1n restricciones horarias.<\/p>\n\n\n\n<p>-Reuniones familiares en domicilios particulares hasta un m\u00e1ximo de 10 personas.<\/p>\n\n\n\n<p>-Reuniones sociales y familiares en espacios p\u00fablicos al aire libre hasta un m\u00e1ximo de 30 personas.<\/p>\n\n\n\n<p>-La pr\u00e1ctica recreativa de deportes en espacios cerrados, con funcionamiento en burbujas de hasta 10 personas.<\/p>\n\n\n\n<p>-La pr\u00e1ctica y\/o entrenamiento grupal, recreativo o de competencia, de todo tipo de deportes al aire libre.<\/p>\n\n\n\n<p>-Las competencias de deportes federados y no federados en lugares cerrados y en espacios al aire libre, manteni\u00e9ndose vigente la suspensi\u00f3n de la asistencia de p\u00fablico.<\/p>\n\n\n\n<p>-Actividades de casinos y bingos, cines, teatros, clubes, gimnasios y centros culturales.<\/p>\n\n\n\n<p>-Actividades religiosas en lugares cerrados y abiertos, con un m\u00e1ximo de hasta 100 personas.<\/p>\n\n\n\n<p>-Salones de fiestas que temporalmente funcionen como locales gastron\u00f3micos, con un l\u00edmite de 100 comensales y cumpliendo los protocolos de la actividad gastron\u00f3mica.<\/p>\n\n\n\n<p>-La realizaci\u00f3n de viajes en grupos de hasta 10 personas para actividades recreativas, sociales y comerciales.<\/p>\n\n\n\n<p>El <strong>aforo en espacios cerrados ser\u00e1 del 50%<\/strong>, aplicados en relaci\u00f3n a la capacidad m\u00e1xima habilitada<strong>.<\/strong> Hasta el momento es del 30%.<br><br>A su vez, los locales de gastronom\u00eda, el sector gastron\u00f3mico de estaciones de servicio, los casinos, cines, teatros y centros culturales <strong>podr\u00e1n adicionar a la franja horaria establecida de 7 horas a 24 horas, la tolerancia de 45 minutos para atenci\u00f3n de clientes y retiro de personas del lugar.<\/strong><\/p>\n\n\n\n<p><\/p>\n\n\n\n<p><br><\/p>\n","protected":false},"excerpt":{"rendered":"<p>El Gobierno provincial anunci\u00f3 que modificar\u00e1 horarios y habilitar\u00e1 m\u00e1s actividades a partir de este jueves 29. Entre otros puntos, se permitir\u00e1n los encuentros sociales en casas particulares todos los&hellip;<\/p>\n","protected":false},"author":4,"featured_media":143732,"comment_status":"closed","ping_status":"open","sticky":false,"template":"","format":"standard","meta":{"_acf_changed":false,"footnotes":""},"categories":[10,12],"tags":[2662,2899,3356],"class_list":["post-155821","post","type-post","status-publish","format-standard","has-post-thumbnail","hentry","category-portada-2","category-sociedad","tag-coronavirus","tag-covid","tag-gastronomicos"],"acf":[],"yoast_head":"<!-- This site is optimized with the Yoast SEO plugin v27.5 - https:\/\/yoast.com\/product\/yoast-seo-wordpress\/ -->\n<title>La Pampa habilita m\u00e1s actividades, ampl\u00eda horarios y permite encuentros todos los d\u00edas - Diario Textual<\/title>\n<meta name=\"robots\" content=\"index, follow, max-snippet:-1, max-image-preview:large, max-video-preview:-1\" \/>\n<link rel=\"canonical\" href=\"https:\/\/diariotextual.com\/inicio\/index.php\/2021\/07\/27\/la-pampa-habilitan-mas-actividades-amplian-horarios-y-permiten-encuentros-todos-los-dias\/\" \/>\n<meta property=\"og:locale\" content=\"es_ES\" \/>\n<meta property=\"og:type\" content=\"article\" \/>\n<meta property=\"og:title\" content=\"La Pampa habilita m\u00e1s actividades, ampl\u00eda horarios y permite encuentros todos los d\u00edas - Diario Textual\" \/>\n<meta property=\"og:description\" content=\"El Gobierno provincial anunci\u00f3 que modificar\u00e1 horarios y habilitar\u00e1 m\u00e1s actividades a partir de este jueves 29. Entre otros puntos, se permitir\u00e1n los encuentros sociales en casas particulares todos los&hellip;\" \/>\n<meta property=\"og:url\" content=\"https:\/\/diariotextual.com\/inicio\/index.php\/2021\/07\/27\/la-pampa-habilitan-mas-actividades-amplian-horarios-y-permiten-encuentros-todos-los-dias\/\" \/>\n<meta property=\"og:site_name\" content=\"Diario Textual\" \/>\n<meta property=\"article:publisher\" content=\"https:\/\/www.facebook.com\/eltextual\" \/>\n<meta property=\"article:published_time\" content=\"2021-07-27T21:43:35+00:00\" \/>\n<meta property=\"article:modified_time\" content=\"2021-07-28T10:52:22+00:00\" \/>\n<meta property=\"og:image\" content=\"https:\/\/diariotextual.com\/inicio\/wp-content\/uploads\/2021\/04\/comerciosbarbijos.jpg\" \/>\n\t<meta property=\"og:image:width\" content=\"700\" \/>\n\t<meta property=\"og:image:height\" content=\"432\" \/>\n\t<meta property=\"og:image:type\" content=\"image\/jpeg\" \/>\n<meta name=\"author\" content=\"diario2\" \/>\n<meta name=\"twitter:card\" content=\"summary_large_image\" \/>\n<meta name=\"twitter:creator\" content=\"@eltextual\" \/>\n<meta name=\"twitter:site\" content=\"@eltextual\" \/>\n<meta name=\"twitter:label1\" content=\"Escrito por\" \/>\n\t<meta name=\"twitter:data1\" content=\"diario2\" \/>\n\t<meta name=\"twitter:label2\" content=\"Tiempo de lectura\" \/>\n\t<meta name=\"twitter:data2\" content=\"2 minutos\" \/>\n<script type=\"application\/ld+json\" class=\"yoast-schema-graph\">{\"@context\":\"https:\\\/\\\/schema.org\",\"@graph\":[{\"@type\":\"Article\",\"@id\":\"https:\\\/\\\/diariotextual.com\\\/inicio\\\/index.php\\\/2021\\\/07\\\/27\\\/la-pampa-habilitan-mas-actividades-amplian-horarios-y-permiten-encuentros-todos-los-dias\\\/#article\",\"isPartOf\":{\"@id\":\"https:\\\/\\\/diariotextual.com\\\/inicio\\\/index.php\\\/2021\\\/07\\\/27\\\/la-pampa-habilitan-mas-actividades-amplian-horarios-y-permiten-encuentros-todos-los-dias\\\/\"},\"author\":{\"name\":\"diario2\",\"@id\":\"https:\\\/\\\/diariotextual.com\\\/inicio\\\/#\\\/schema\\\/person\\\/694f60677f23c4a530867a98f22b3768\"},\"headline\":\"La Pampa habilita m\u00e1s actividades, ampl\u00eda horarios y permite encuentros todos los d\u00edas\",\"datePublished\":\"2021-07-27T21:43:35+00:00\",\"dateModified\":\"2021-07-28T10:52:22+00:00\",\"mainEntityOfPage\":{\"@id\":\"https:\\\/\\\/diariotextual.com\\\/inicio\\\/index.php\\\/2021\\\/07\\\/27\\\/la-pampa-habilitan-mas-actividades-amplian-horarios-y-permiten-encuentros-todos-los-dias\\\/\"},\"wordCount\":466,\"publisher\":{\"@id\":\"https:\\\/\\\/diariotextual.com\\\/inicio\\\/#organization\"},\"image\":{\"@id\":\"https:\\\/\\\/diariotextual.com\\\/inicio\\\/index.php\\\/2021\\\/07\\\/27\\\/la-pampa-habilitan-mas-actividades-amplian-horarios-y-permiten-encuentros-todos-los-dias\\\/#primaryimage\"},\"thumbnailUrl\":\"https:\\\/\\\/diariotextual.com\\\/inicio\\\/wp-content\\\/uploads\\\/2021\\\/04\\\/comerciosbarbijos.jpg\",\"keywords\":[\"coronavirus\",\"covid\",\"gastron\u00f3micos\"],\"articleSection\":[\"A - PORTADA2\",\"SOCIEDAD\"],\"inLanguage\":\"es\"},{\"@type\":\"WebPage\",\"@id\":\"https:\\\/\\\/diariotextual.com\\\/inicio\\\/index.php\\\/2021\\\/07\\\/27\\\/la-pampa-habilitan-mas-actividades-amplian-horarios-y-permiten-encuentros-todos-los-dias\\\/\",\"url\":\"https:\\\/\\\/diariotextual.com\\\/inicio\\\/index.php\\\/2021\\\/07\\\/27\\\/la-pampa-habilitan-mas-actividades-amplian-horarios-y-permiten-encuentros-todos-los-dias\\\/\",\"name\":\"La Pampa habilita m\u00e1s actividades, ampl\u00eda horarios y permite encuentros todos los d\u00edas - Diario Textual\",\"isPartOf\":{\"@id\":\"https:\\\/\\\/diariotextual.com\\\/inicio\\\/#website\"},\"primaryImageOfPage\":{\"@id\":\"https:\\\/\\\/diariotextual.com\\\/inicio\\\/index.php\\\/2021\\\/07\\\/27\\\/la-pampa-habilitan-mas-actividades-amplian-horarios-y-permiten-encuentros-todos-los-dias\\\/#primaryimage\"},\"image\":{\"@id\":\"https:\\\/\\\/diariotextual.com\\\/inicio\\\/index.php\\\/2021\\\/07\\\/27\\\/la-pampa-habilitan-mas-actividades-amplian-horarios-y-permiten-encuentros-todos-los-dias\\\/#primaryimage\"},\"thumbnailUrl\":\"https:\\\/\\\/diariotextual.com\\\/inicio\\\/wp-content\\\/uploads\\\/2021\\\/04\\\/comerciosbarbijos.jpg\",\"datePublished\":\"2021-07-27T21:43:35+00:00\",\"dateModified\":\"2021-07-28T10:52:22+00:00\",\"breadcrumb\":{\"@id\":\"https:\\\/\\\/diariotextual.com\\\/inicio\\\/index.php\\\/2021\\\/07\\\/27\\\/la-pampa-habilitan-mas-actividades-amplian-horarios-y-permiten-encuentros-todos-los-dias\\\/#breadcrumb\"},\"inLanguage\":\"es\",\"potentialAction\":[{\"@type\":\"ReadAction\",\"target\":[\"https:\\\/\\\/diariotextual.com\\\/inicio\\\/index.php\\\/2021\\\/07\\\/27\\\/la-pampa-habilitan-mas-actividades-amplian-horarios-y-permiten-encuentros-todos-los-dias\\\/\"]}]},{\"@type\":\"ImageObject\",\"inLanguage\":\"es\",\"@id\":\"https:\\\/\\\/diariotextual.com\\\/inicio\\\/index.php\\\/2021\\\/07\\\/27\\\/la-pampa-habilitan-mas-actividades-amplian-horarios-y-permiten-encuentros-todos-los-dias\\\/#primaryimage\",\"url\":\"https:\\\/\\\/diariotextual.com\\\/inicio\\\/wp-content\\\/uploads\\\/2021\\\/04\\\/comerciosbarbijos.jpg\",\"contentUrl\":\"https:\\\/\\\/diariotextual.com\\\/inicio\\\/wp-content\\\/uploads\\\/2021\\\/04\\\/comerciosbarbijos.jpg\",\"width\":700,\"height\":432},{\"@type\":\"BreadcrumbList\",\"@id\":\"https:\\\/\\\/diariotextual.com\\\/inicio\\\/index.php\\\/2021\\\/07\\\/27\\\/la-pampa-habilitan-mas-actividades-amplian-horarios-y-permiten-encuentros-todos-los-dias\\\/#breadcrumb\",\"itemListElement\":[{\"@type\":\"ListItem\",\"position\":1,\"name\":\"Portada\",\"item\":\"https:\\\/\\\/diariotextual.com\\\/inicio\\\/\"},{\"@type\":\"ListItem\",\"position\":2,\"name\":\"La Pampa habilita m\u00e1s actividades, ampl\u00eda horarios y permite encuentros todos los d\u00edas\"}]},{\"@type\":\"WebSite\",\"@id\":\"https:\\\/\\\/diariotextual.com\\\/inicio\\\/#website\",\"url\":\"https:\\\/\\\/diariotextual.com\\\/inicio\\\/\",\"name\":\"Diario Textual\",\"description\":\"\",\"publisher\":{\"@id\":\"https:\\\/\\\/diariotextual.com\\\/inicio\\\/#organization\"},\"potentialAction\":[{\"@type\":\"SearchAction\",\"target\":{\"@type\":\"EntryPoint\",\"urlTemplate\":\"https:\\\/\\\/diariotextual.com\\\/inicio\\\/?s={search_term_string}\"},\"query-input\":{\"@type\":\"PropertyValueSpecification\",\"valueRequired\":true,\"valueName\":\"search_term_string\"}}],\"inLanguage\":\"es\"},{\"@type\":\"Organization\",\"@id\":\"https:\\\/\\\/diariotextual.com\\\/inicio\\\/#organization\",\"name\":\"Diario Textual\",\"url\":\"https:\\\/\\\/diariotextual.com\\\/inicio\\\/\",\"logo\":{\"@type\":\"ImageObject\",\"inLanguage\":\"es\",\"@id\":\"https:\\\/\\\/diariotextual.com\\\/inicio\\\/#\\\/schema\\\/logo\\\/image\\\/\",\"url\":\"https:\\\/\\\/diariotextual.com\\\/inicio\\\/wp-content\\\/uploads\\\/2023\\\/05\\\/logotextual1.jpg\",\"contentUrl\":\"https:\\\/\\\/diariotextual.com\\\/inicio\\\/wp-content\\\/uploads\\\/2023\\\/05\\\/logotextual1.jpg\",\"width\":516,\"height\":76,\"caption\":\"Diario Textual\"},\"image\":{\"@id\":\"https:\\\/\\\/diariotextual.com\\\/inicio\\\/#\\\/schema\\\/logo\\\/image\\\/\"},\"sameAs\":[\"https:\\\/\\\/www.facebook.com\\\/eltextual\",\"https:\\\/\\\/x.com\\\/eltextual\",\"http:\\\/\\\/www.instagram.com\\\/eltextual\"]},{\"@type\":\"Person\",\"@id\":\"https:\\\/\\\/diariotextual.com\\\/inicio\\\/#\\\/schema\\\/person\\\/694f60677f23c4a530867a98f22b3768\",\"name\":\"diario2\",\"image\":{\"@type\":\"ImageObject\",\"inLanguage\":\"es\",\"@id\":\"https:\\\/\\\/secure.gravatar.com\\\/avatar\\\/5a2567495ba16b852fcd8f1ed006a2e24fcace936018ed8237e95f488ad6e0a7?s=96&d=mm&r=g\",\"url\":\"https:\\\/\\\/secure.gravatar.com\\\/avatar\\\/5a2567495ba16b852fcd8f1ed006a2e24fcace936018ed8237e95f488ad6e0a7?s=96&d=mm&r=g\",\"contentUrl\":\"https:\\\/\\\/secure.gravatar.com\\\/avatar\\\/5a2567495ba16b852fcd8f1ed006a2e24fcace936018ed8237e95f488ad6e0a7?s=96&d=mm&r=g\",\"caption\":\"diario2\"},\"url\":\"https:\\\/\\\/diariotextual.com\\\/inicio\\\/index.php\\\/author\\\/diario2\\\/\"}]}<\/script>\n<!-- \/ Yoast SEO plugin. -->","yoast_head_json":{"title":"La Pampa habilita m\u00e1s actividades, ampl\u00eda horarios y permite encuentros todos los d\u00edas - Diario Textual","robots":{"index":"index","follow":"follow","max-snippet":"max-snippet:-1","max-image-preview":"max-image-preview:large","max-video-preview":"max-video-preview:-1"},"canonical":"https:\/\/diariotextual.com\/inicio\/index.php\/2021\/07\/27\/la-pampa-habilitan-mas-actividades-amplian-horarios-y-permiten-encuentros-todos-los-dias\/","og_locale":"es_ES","og_type":"article","og_title":"La Pampa habilita m\u00e1s actividades, ampl\u00eda horarios y permite encuentros todos los d\u00edas - Diario Textual","og_description":"El Gobierno provincial anunci\u00f3 que modificar\u00e1 horarios y habilitar\u00e1 m\u00e1s actividades a partir de este jueves 29. Entre otros puntos, se permitir\u00e1n los encuentros sociales en casas particulares todos los&hellip;","og_url":"https:\/\/diariotextual.com\/inicio\/index.php\/2021\/07\/27\/la-pampa-habilitan-mas-actividades-amplian-horarios-y-permiten-encuentros-todos-los-dias\/","og_site_name":"Diario Textual","article_publisher":"https:\/\/www.facebook.com\/eltextual","article_published_time":"2021-07-27T21:43:35+00:00","article_modified_time":"2021-07-28T10:52:22+00:00","og_image":[{"width":700,"height":432,"url":"https:\/\/diariotextual.com\/inicio\/wp-content\/uploads\/2021\/04\/comerciosbarbijos.jpg","type":"image\/jpeg"}],"author":"diario2","twitter_card":"summary_large_image","twitter_creator":"@eltextual","twitter_site":"@eltextual","twitter_misc":{"Escrito por":"diario2","Tiempo de lectura":"2 minutos"},"schema":{"@context":"https:\/\/schema.org","@graph":[{"@type":"Article","@id":"https:\/\/diariotextual.com\/inicio\/index.php\/2021\/07\/27\/la-pampa-habilitan-mas-actividades-amplian-horarios-y-permiten-encuentros-todos-los-dias\/#article","isPartOf":{"@id":"https:\/\/diariotextual.com\/inicio\/index.php\/2021\/07\/27\/la-pampa-habilitan-mas-actividades-amplian-horarios-y-permiten-encuentros-todos-los-dias\/"},"author":{"name":"diario2","@id":"https:\/\/diariotextual.com\/inicio\/#\/schema\/person\/694f60677f23c4a530867a98f22b3768"},"headline":"La Pampa habilita m\u00e1s actividades, ampl\u00eda horarios y permite encuentros todos los d\u00edas","datePublished":"2021-07-27T21:43:35+00:00","dateModified":"2021-07-28T10:52:22+00:00","mainEntityOfPage":{"@id":"https:\/\/diariotextual.com\/inicio\/index.php\/2021\/07\/27\/la-pampa-habilitan-mas-actividades-amplian-horarios-y-permiten-encuentros-todos-los-dias\/"},"wordCount":466,"publisher":{"@id":"https:\/\/diariotextual.com\/inicio\/#organization"},"image":{"@id":"https:\/\/diariotextual.com\/inicio\/index.php\/2021\/07\/27\/la-pampa-habilitan-mas-actividades-amplian-horarios-y-permiten-encuentros-todos-los-dias\/#primaryimage"},"thumbnailUrl":"https:\/\/diariotextual.com\/inicio\/wp-content\/uploads\/2021\/04\/comerciosbarbijos.jpg","keywords":["coronavirus","covid","gastron\u00f3micos"],"articleSection":["A - PORTADA2","SOCIEDAD"],"inLanguage":"es"},{"@type":"WebPage","@id":"https:\/\/diariotextual.com\/inicio\/index.php\/2021\/07\/27\/la-pampa-habilitan-mas-actividades-amplian-horarios-y-permiten-encuentros-todos-los-dias\/","url":"https:\/\/diariotextual.com\/inicio\/index.php\/2021\/07\/27\/la-pampa-habilitan-mas-actividades-amplian-horarios-y-permiten-encuentros-todos-los-dias\/","name":"La Pampa habilita m\u00e1s actividades, ampl\u00eda horarios y permite encuentros todos los d\u00edas - Diario Textual","isPartOf":{"@id":"https:\/\/diariotextual.com\/inicio\/#website"},"primaryImageOfPage":{"@id":"https:\/\/diariotextual.com\/inicio\/index.php\/2021\/07\/27\/la-pampa-habilitan-mas-actividades-amplian-horarios-y-permiten-encuentros-todos-los-dias\/#primaryimage"},"image":{"@id":"https:\/\/diariotextual.com\/inicio\/index.php\/2021\/07\/27\/la-pampa-habilitan-mas-actividades-amplian-horarios-y-permiten-encuentros-todos-los-dias\/#primaryimage"},"thumbnailUrl":"https:\/\/diariotextual.com\/inicio\/wp-content\/uploads\/2021\/04\/comerciosbarbijos.jpg","datePublished":"2021-07-27T21:43:35+00:00","dateModified":"2021-07-28T10:52:22+00:00","breadcrumb":{"@id":"https:\/\/diariotextual.com\/inicio\/index.php\/2021\/07\/27\/la-pampa-habilitan-mas-actividades-amplian-horarios-y-permiten-encuentros-todos-los-dias\/#breadcrumb"},"inLanguage":"es","potentialAction":[{"@type":"ReadAction","target":["https:\/\/diariotextual.com\/inicio\/index.php\/2021\/07\/27\/la-pampa-habilitan-mas-actividades-amplian-horarios-y-permiten-encuentros-todos-los-dias\/"]}]},{"@type":"ImageObject","inLanguage":"es","@id":"https:\/\/diariotextual.com\/inicio\/index.php\/2021\/07\/27\/la-pampa-habilitan-mas-actividades-amplian-horarios-y-permiten-encuentros-todos-los-dias\/#primaryimage","url":"https:\/\/diariotextual.com\/inicio\/wp-content\/uploads\/2021\/04\/comerciosbarbijos.jpg","contentUrl":"https:\/\/diariotextual.com\/inicio\/wp-content\/uploads\/2021\/04\/comerciosbarbijos.jpg","width":700,"height":432},{"@type":"BreadcrumbList","@id":"https:\/\/diariotextual.com\/inicio\/index.php\/2021\/07\/27\/la-pampa-habilitan-mas-actividades-amplian-horarios-y-permiten-encuentros-todos-los-dias\/#breadcrumb","itemListElement":[{"@type":"ListItem","position":1,"name":"Portada","item":"https:\/\/diariotextual.com\/inicio\/"},{"@type":"ListItem","position":2,"name":"La Pampa habilita m\u00e1s actividades, ampl\u00eda horarios y permite encuentros todos los d\u00edas"}]},{"@type":"WebSite","@id":"https:\/\/diariotextual.com\/inicio\/#website","url":"https:\/\/diariotextual.com\/inicio\/","name":"Diario Textual","description":"","publisher":{"@id":"https:\/\/diariotextual.com\/inicio\/#organization"},"potentialAction":[{"@type":"SearchAction","target":{"@type":"EntryPoint","urlTemplate":"https:\/\/diariotextual.com\/inicio\/?s={search_term_string}"},"query-input":{"@type":"PropertyValueSpecification","valueRequired":true,"valueName":"search_term_string"}}],"inLanguage":"es"},{"@type":"Organization","@id":"https:\/\/diariotextual.com\/inicio\/#organization","name":"Diario Textual","url":"https:\/\/diariotextual.com\/inicio\/","logo":{"@type":"ImageObject","inLanguage":"es","@id":"https:\/\/diariotextual.com\/inicio\/#\/schema\/logo\/image\/","url":"https:\/\/diariotextual.com\/inicio\/wp-content\/uploads\/2023\/05\/logotextual1.jpg","contentUrl":"https:\/\/diariotextual.com\/inicio\/wp-content\/uploads\/2023\/05\/logotextual1.jpg","width":516,"height":76,"caption":"Diario Textual"},"image":{"@id":"https:\/\/diariotextual.com\/inicio\/#\/schema\/logo\/image\/"},"sameAs":["https:\/\/www.facebook.com\/eltextual","https:\/\/x.com\/eltextual","http:\/\/www.instagram.com\/eltextual"]},{"@type":"Person","@id":"https:\/\/diariotextual.com\/inicio\/#\/schema\/person\/694f60677f23c4a530867a98f22b3768","name":"diario2","image":{"@type":"ImageObject","inLanguage":"es","@id":"https:\/\/secure.gravatar.com\/avatar\/5a2567495ba16b852fcd8f1ed006a2e24fcace936018ed8237e95f488ad6e0a7?s=96&d=mm&r=g","url":"https:\/\/secure.gravatar.com\/avatar\/5a2567495ba16b852fcd8f1ed006a2e24fcace936018ed8237e95f488ad6e0a7?s=96&d=mm&r=g","contentUrl":"https:\/\/secure.gravatar.com\/avatar\/5a2567495ba16b852fcd8f1ed006a2e24fcace936018ed8237e95f488ad6e0a7?s=96&d=mm&r=g","caption":"diario2"},"url":"https:\/\/diariotextual.com\/inicio\/index.php\/author\/diario2\/"}]}},"_links":{"self":[{"href":"https:\/\/diariotextual.com\/inicio\/index.php\/wp-json\/wp\/v2\/posts\/155821","targetHints":{"allow":["GET"]}}],"collection":[{"href":"https:\/\/diariotextual.com\/inicio\/index.php\/wp-json\/wp\/v2\/posts"}],"about":[{"href":"https:\/\/diariotextual.com\/inicio\/index.php\/wp-json\/wp\/v2\/types\/post"}],"author":[{"embeddable":true,"href":"https:\/\/diariotextual.com\/inicio\/index.php\/wp-json\/wp\/v2\/users\/4"}],"replies":[{"embeddable":true,"href":"https:\/\/diariotextual.com\/inicio\/index.php\/wp-json\/wp\/v2\/comments?post=155821"}],"version-history":[{"count":9,"href":"https:\/\/diariotextual.com\/inicio\/index.php\/wp-json\/wp\/v2\/posts\/155821\/revisions"}],"predecessor-version":[{"id":155837,"href":"https:\/\/diariotextual.com\/inicio\/index.php\/wp-json\/wp\/v2\/posts\/155821\/revisions\/155837"}],"wp:featuredmedia":[{"embeddable":true,"href":"https:\/\/diariotextual.com\/inicio\/index.php\/wp-json\/wp\/v2\/media\/143732"}],"wp:attachment":[{"href":"https:\/\/diariotextual.com\/inicio\/index.php\/wp-json\/wp\/v2\/media?parent=155821"}],"wp:term":[{"taxonomy":"category","embeddable":true,"href":"https:\/\/diariotextual.com\/inicio\/index.php\/wp-json\/wp\/v2\/categories?post=155821"},{"taxonomy":"post_tag","embeddable":true,"href":"https:\/\/diariotextual.com\/inicio\/index.php\/wp-json\/wp\/v2\/tags?post=155821"}],"curies":[{"name":"wp","href":"https:\/\/api.w.org\/{rel}","templated":true}]}}