{"id":1561,"date":"2018-03-14T10:34:13","date_gmt":"2018-03-14T10:34:13","guid":{"rendered":"http:\/\/diariotextual.com\/inicio\/?p=1561"},"modified":"2018-03-14T14:48:33","modified_gmt":"2018-03-14T14:48:33","slug":"murio-fisico-stephen-hawking","status":"publish","type":"post","link":"https:\/\/diariotextual.com\/inicio\/index.php\/2018\/03\/14\/murio-fisico-stephen-hawking\/","title":{"rendered":"Muri\u00f3 el f\u00edsico Stephen Hawking"},"content":{"rendered":"<p>El f\u00edsico, cosm\u00f3logo y divulgador <strong>Stephen Hawking<\/strong> muri\u00f3 esta madrugada, a los 76 a\u00f1os, en su casa de la ciudad de Cambridge, Reino Unido , seg\u00fan confirmaron sus tres hijos en un comunicado.<!--more--><\/p>\n<p>\u00abEstamos muy tristes porque nuestro querido padre muri\u00f3 hoy. Fue un gran cient\u00edfico y un hombre extraordinario cuyo trabajo y legado continuar\u00e1n. Su coraje y persistencia y su inteligencia y humor inspiraron a muchos en el mundo\u00bb, declararon Lucy, Robert y Tim Hawking.<\/p>\n<p>&nbsp;<\/p>\n<p>Hawking padec\u00eda esclerosis lateral amiotr\u00f3fica (ELA), una enfermedad neurodegenerativa paralizante que le hab\u00eda sido diagnosticada en 1963, cuando ten\u00eda 21 a\u00f1os. Llevaba d\u00e9cadas postrado en una silla de ruedas, con respirador artificial, y solo pod\u00eda controlar un m\u00fasculo de su cuerpo, de la mejilla, lo que le bast\u00f3 para comunicarse mediante una computadora que interpretaba sus gestos faciales y los traduc\u00eda a una voz electr\u00f3nica que se convirti\u00f3 en su carta de presentaci\u00f3n.<\/p>\n<p>El f\u00edsico te\u00f3rico m\u00e1s reconocido de su era, Hawking escribi\u00f3 de manera l\u00facida sobre los misterios del espacio, el tiempo y los agujeros negros. Estuvo involucrado en la b\u00fasqueda del gran objetivo de la f\u00edsica, una \u00abteor\u00eda unificada\u00bb que pudiera resolver las contradicciones entre la Teor\u00eda General de la Relatividad de Albert Einstein (que describe las leyes de gravedad que gobiernan el movimiento de los grandes objetos, como los planetas) y la Teor\u00eda de Mec\u00e1nica Cu\u00e1ntica (que trata con el mundo de las part\u00edculas subat\u00f3micas).<\/p>\n<p>Para Hawking, esa b\u00fasqueda fue casi como una misi\u00f3n religiosa . \u00abUna teor\u00eda unificada completa y consistente es solo el primer paso: nuestra meta es un entendimiento total de los eventos a nuestro alrededor y de nuestra propia existencia\u00bb, escribi\u00f3 en su libro Breve Historia del Tiempo, publicado en 1988, que fue un \u00e9xito de ventas en todo el mundo y lo convirti\u00f3 en una celebridad.<\/p>\n<p>Sin embargo, en sus \u00faltimos a\u00f1os insinu\u00f3 que podr\u00eda no existir una teor\u00eda unificada.<\/p>\n","protected":false},"excerpt":{"rendered":"<p>El f\u00edsico, cosm\u00f3logo y divulgador Stephen Hawking muri\u00f3 esta madrugada, a los 76 a\u00f1os, en su casa de la ciudad de Cambridge, Reino Unido , seg\u00fan confirmaron sus tres hijos&hellip;<\/p>\n","protected":false},"author":3,"featured_media":1563,"comment_status":"open","ping_status":"open","sticky":false,"template":"","format":"standard","meta":{"_acf_changed":false,"footnotes":""},"categories":[11,7],"tags":[141],"class_list":["post-1561","post","type-post","status-publish","format-standard","has-post-thumbnail","hentry","category-que-pasa","category-mundo","tag-hawking"],"acf":[],"yoast_head":"<!-- This site is optimized with the Yoast SEO plugin v27.5 - https:\/\/yoast.com\/product\/yoast-seo-wordpress\/ -->\n<title>Muri\u00f3 el f\u00edsico Stephen Hawking - Diario Textual<\/title>\n<meta name=\"robots\" content=\"index, follow, max-snippet:-1, max-image-preview:large, max-video-preview:-1\" \/>\n<link rel=\"canonical\" href=\"https:\/\/diariotextual.com\/inicio\/index.php\/2018\/03\/14\/murio-fisico-stephen-hawking\/\" \/>\n<meta property=\"og:locale\" content=\"es_ES\" \/>\n<meta property=\"og:type\" content=\"article\" \/>\n<meta property=\"og:title\" content=\"Muri\u00f3 el f\u00edsico Stephen Hawking - Diario Textual\" \/>\n<meta property=\"og:description\" content=\"El f\u00edsico, cosm\u00f3logo y divulgador Stephen Hawking muri\u00f3 esta madrugada, a los 76 a\u00f1os, en su casa de la ciudad de Cambridge, Reino Unido , seg\u00fan confirmaron sus tres hijos&hellip;\" \/>\n<meta property=\"og:url\" content=\"https:\/\/diariotextual.com\/inicio\/index.php\/2018\/03\/14\/murio-fisico-stephen-hawking\/\" \/>\n<meta property=\"og:site_name\" content=\"Diario Textual\" \/>\n<meta property=\"article:publisher\" content=\"https:\/\/www.facebook.com\/eltextual\" \/>\n<meta property=\"article:published_time\" content=\"2018-03-14T10:34:13+00:00\" \/>\n<meta property=\"article:modified_time\" content=\"2018-03-14T14:48:33+00:00\" \/>\n<meta property=\"og:image\" content=\"https:\/\/diariotextual.com\/inicio\/wp-content\/uploads\/2018\/03\/hawkingstephen9.jpg\" \/>\n\t<meta property=\"og:image:width\" content=\"886\" \/>\n\t<meta property=\"og:image:height\" content=\"560\" \/>\n\t<meta property=\"og:image:type\" content=\"image\/jpeg\" \/>\n<meta name=\"author\" content=\"Diario1 Diario1\" \/>\n<meta name=\"twitter:card\" content=\"summary_large_image\" \/>\n<meta name=\"twitter:creator\" content=\"@eltextual\" \/>\n<meta name=\"twitter:site\" content=\"@eltextual\" \/>\n<meta name=\"twitter:label1\" content=\"Escrito por\" \/>\n\t<meta name=\"twitter:data1\" content=\"Diario1 Diario1\" \/>\n\t<meta name=\"twitter:label2\" content=\"Tiempo de lectura\" \/>\n\t<meta name=\"twitter:data2\" content=\"2 minutos\" \/>\n<script type=\"application\/ld+json\" class=\"yoast-schema-graph\">{\"@context\":\"https:\\\/\\\/schema.org\",\"@graph\":[{\"@type\":\"Article\",\"@id\":\"https:\\\/\\\/diariotextual.com\\\/inicio\\\/index.php\\\/2018\\\/03\\\/14\\\/murio-fisico-stephen-hawking\\\/#article\",\"isPartOf\":{\"@id\":\"https:\\\/\\\/diariotextual.com\\\/inicio\\\/index.php\\\/2018\\\/03\\\/14\\\/murio-fisico-stephen-hawking\\\/\"},\"author\":{\"name\":\"Diario1 Diario1\",\"@id\":\"https:\\\/\\\/diariotextual.com\\\/inicio\\\/#\\\/schema\\\/person\\\/418fc4093c33e86ed41562db3508f958\"},\"headline\":\"Muri\u00f3 el f\u00edsico Stephen Hawking\",\"datePublished\":\"2018-03-14T10:34:13+00:00\",\"dateModified\":\"2018-03-14T14:48:33+00:00\",\"mainEntityOfPage\":{\"@id\":\"https:\\\/\\\/diariotextual.com\\\/inicio\\\/index.php\\\/2018\\\/03\\\/14\\\/murio-fisico-stephen-hawking\\\/\"},\"wordCount\":351,\"commentCount\":0,\"publisher\":{\"@id\":\"https:\\\/\\\/diariotextual.com\\\/inicio\\\/#organization\"},\"image\":{\"@id\":\"https:\\\/\\\/diariotextual.com\\\/inicio\\\/index.php\\\/2018\\\/03\\\/14\\\/murio-fisico-stephen-hawking\\\/#primaryimage\"},\"thumbnailUrl\":\"https:\\\/\\\/diariotextual.com\\\/inicio\\\/wp-content\\\/uploads\\\/2018\\\/03\\\/hawkingstephen9.jpg\",\"keywords\":[\"hawking\"],\"articleSection\":[\"A - QUE PASA (al costado)\",\"MUNDO\"],\"inLanguage\":\"es\",\"potentialAction\":[{\"@type\":\"CommentAction\",\"name\":\"Comment\",\"target\":[\"https:\\\/\\\/diariotextual.com\\\/inicio\\\/index.php\\\/2018\\\/03\\\/14\\\/murio-fisico-stephen-hawking\\\/#respond\"]}]},{\"@type\":\"WebPage\",\"@id\":\"https:\\\/\\\/diariotextual.com\\\/inicio\\\/index.php\\\/2018\\\/03\\\/14\\\/murio-fisico-stephen-hawking\\\/\",\"url\":\"https:\\\/\\\/diariotextual.com\\\/inicio\\\/index.php\\\/2018\\\/03\\\/14\\\/murio-fisico-stephen-hawking\\\/\",\"name\":\"Muri\u00f3 el f\u00edsico Stephen Hawking - Diario Textual\",\"isPartOf\":{\"@id\":\"https:\\\/\\\/diariotextual.com\\\/inicio\\\/#website\"},\"primaryImageOfPage\":{\"@id\":\"https:\\\/\\\/diariotextual.com\\\/inicio\\\/index.php\\\/2018\\\/03\\\/14\\\/murio-fisico-stephen-hawking\\\/#primaryimage\"},\"image\":{\"@id\":\"https:\\\/\\\/diariotextual.com\\\/inicio\\\/index.php\\\/2018\\\/03\\\/14\\\/murio-fisico-stephen-hawking\\\/#primaryimage\"},\"thumbnailUrl\":\"https:\\\/\\\/diariotextual.com\\\/inicio\\\/wp-content\\\/uploads\\\/2018\\\/03\\\/hawkingstephen9.jpg\",\"datePublished\":\"2018-03-14T10:34:13+00:00\",\"dateModified\":\"2018-03-14T14:48:33+00:00\",\"breadcrumb\":{\"@id\":\"https:\\\/\\\/diariotextual.com\\\/inicio\\\/index.php\\\/2018\\\/03\\\/14\\\/murio-fisico-stephen-hawking\\\/#breadcrumb\"},\"inLanguage\":\"es\",\"potentialAction\":[{\"@type\":\"ReadAction\",\"target\":[\"https:\\\/\\\/diariotextual.com\\\/inicio\\\/index.php\\\/2018\\\/03\\\/14\\\/murio-fisico-stephen-hawking\\\/\"]}]},{\"@type\":\"ImageObject\",\"inLanguage\":\"es\",\"@id\":\"https:\\\/\\\/diariotextual.com\\\/inicio\\\/index.php\\\/2018\\\/03\\\/14\\\/murio-fisico-stephen-hawking\\\/#primaryimage\",\"url\":\"https:\\\/\\\/diariotextual.com\\\/inicio\\\/wp-content\\\/uploads\\\/2018\\\/03\\\/hawkingstephen9.jpg\",\"contentUrl\":\"https:\\\/\\\/diariotextual.com\\\/inicio\\\/wp-content\\\/uploads\\\/2018\\\/03\\\/hawkingstephen9.jpg\",\"width\":886,\"height\":560},{\"@type\":\"BreadcrumbList\",\"@id\":\"https:\\\/\\\/diariotextual.com\\\/inicio\\\/index.php\\\/2018\\\/03\\\/14\\\/murio-fisico-stephen-hawking\\\/#breadcrumb\",\"itemListElement\":[{\"@type\":\"ListItem\",\"position\":1,\"name\":\"Portada\",\"item\":\"https:\\\/\\\/diariotextual.com\\\/inicio\\\/\"},{\"@type\":\"ListItem\",\"position\":2,\"name\":\"Muri\u00f3 el f\u00edsico Stephen Hawking\"}]},{\"@type\":\"WebSite\",\"@id\":\"https:\\\/\\\/diariotextual.com\\\/inicio\\\/#website\",\"url\":\"https:\\\/\\\/diariotextual.com\\\/inicio\\\/\",\"name\":\"Diario Textual\",\"description\":\"\",\"publisher\":{\"@id\":\"https:\\\/\\\/diariotextual.com\\\/inicio\\\/#organization\"},\"potentialAction\":[{\"@type\":\"SearchAction\",\"target\":{\"@type\":\"EntryPoint\",\"urlTemplate\":\"https:\\\/\\\/diariotextual.com\\\/inicio\\\/?s={search_term_string}\"},\"query-input\":{\"@type\":\"PropertyValueSpecification\",\"valueRequired\":true,\"valueName\":\"search_term_string\"}}],\"inLanguage\":\"es\"},{\"@type\":\"Organization\",\"@id\":\"https:\\\/\\\/diariotextual.com\\\/inicio\\\/#organization\",\"name\":\"Diario Textual\",\"url\":\"https:\\\/\\\/diariotextual.com\\\/inicio\\\/\",\"logo\":{\"@type\":\"ImageObject\",\"inLanguage\":\"es\",\"@id\":\"https:\\\/\\\/diariotextual.com\\\/inicio\\\/#\\\/schema\\\/logo\\\/image\\\/\",\"url\":\"https:\\\/\\\/diariotextual.com\\\/inicio\\\/wp-content\\\/uploads\\\/2023\\\/05\\\/logotextual1.jpg\",\"contentUrl\":\"https:\\\/\\\/diariotextual.com\\\/inicio\\\/wp-content\\\/uploads\\\/2023\\\/05\\\/logotextual1.jpg\",\"width\":516,\"height\":76,\"caption\":\"Diario Textual\"},\"image\":{\"@id\":\"https:\\\/\\\/diariotextual.com\\\/inicio\\\/#\\\/schema\\\/logo\\\/image\\\/\"},\"sameAs\":[\"https:\\\/\\\/www.facebook.com\\\/eltextual\",\"https:\\\/\\\/x.com\\\/eltextual\",\"http:\\\/\\\/www.instagram.com\\\/eltextual\"]},{\"@type\":\"Person\",\"@id\":\"https:\\\/\\\/diariotextual.com\\\/inicio\\\/#\\\/schema\\\/person\\\/418fc4093c33e86ed41562db3508f958\",\"name\":\"Diario1 Diario1\",\"image\":{\"@type\":\"ImageObject\",\"inLanguage\":\"es\",\"@id\":\"https:\\\/\\\/secure.gravatar.com\\\/avatar\\\/9167d280179c85bc18be67aa7eda765854300033af4896dd779b608640f2ef7a?s=96&d=mm&r=g\",\"url\":\"https:\\\/\\\/secure.gravatar.com\\\/avatar\\\/9167d280179c85bc18be67aa7eda765854300033af4896dd779b608640f2ef7a?s=96&d=mm&r=g\",\"contentUrl\":\"https:\\\/\\\/secure.gravatar.com\\\/avatar\\\/9167d280179c85bc18be67aa7eda765854300033af4896dd779b608640f2ef7a?s=96&d=mm&r=g\",\"caption\":\"Diario1 Diario1\"},\"url\":\"https:\\\/\\\/diariotextual.com\\\/inicio\\\/index.php\\\/author\\\/diario1\\\/\"}]}<\/script>\n<!-- \/ Yoast SEO plugin. -->","yoast_head_json":{"title":"Muri\u00f3 el f\u00edsico Stephen Hawking - Diario Textual","robots":{"index":"index","follow":"follow","max-snippet":"max-snippet:-1","max-image-preview":"max-image-preview:large","max-video-preview":"max-video-preview:-1"},"canonical":"https:\/\/diariotextual.com\/inicio\/index.php\/2018\/03\/14\/murio-fisico-stephen-hawking\/","og_locale":"es_ES","og_type":"article","og_title":"Muri\u00f3 el f\u00edsico Stephen Hawking - Diario Textual","og_description":"El f\u00edsico, cosm\u00f3logo y divulgador Stephen Hawking muri\u00f3 esta madrugada, a los 76 a\u00f1os, en su casa de la ciudad de Cambridge, Reino Unido , seg\u00fan confirmaron sus tres hijos&hellip;","og_url":"https:\/\/diariotextual.com\/inicio\/index.php\/2018\/03\/14\/murio-fisico-stephen-hawking\/","og_site_name":"Diario Textual","article_publisher":"https:\/\/www.facebook.com\/eltextual","article_published_time":"2018-03-14T10:34:13+00:00","article_modified_time":"2018-03-14T14:48:33+00:00","og_image":[{"width":886,"height":560,"url":"https:\/\/diariotextual.com\/inicio\/wp-content\/uploads\/2018\/03\/hawkingstephen9.jpg","type":"image\/jpeg"}],"author":"Diario1 Diario1","twitter_card":"summary_large_image","twitter_creator":"@eltextual","twitter_site":"@eltextual","twitter_misc":{"Escrito por":"Diario1 Diario1","Tiempo de lectura":"2 minutos"},"schema":{"@context":"https:\/\/schema.org","@graph":[{"@type":"Article","@id":"https:\/\/diariotextual.com\/inicio\/index.php\/2018\/03\/14\/murio-fisico-stephen-hawking\/#article","isPartOf":{"@id":"https:\/\/diariotextual.com\/inicio\/index.php\/2018\/03\/14\/murio-fisico-stephen-hawking\/"},"author":{"name":"Diario1 Diario1","@id":"https:\/\/diariotextual.com\/inicio\/#\/schema\/person\/418fc4093c33e86ed41562db3508f958"},"headline":"Muri\u00f3 el f\u00edsico Stephen Hawking","datePublished":"2018-03-14T10:34:13+00:00","dateModified":"2018-03-14T14:48:33+00:00","mainEntityOfPage":{"@id":"https:\/\/diariotextual.com\/inicio\/index.php\/2018\/03\/14\/murio-fisico-stephen-hawking\/"},"wordCount":351,"commentCount":0,"publisher":{"@id":"https:\/\/diariotextual.com\/inicio\/#organization"},"image":{"@id":"https:\/\/diariotextual.com\/inicio\/index.php\/2018\/03\/14\/murio-fisico-stephen-hawking\/#primaryimage"},"thumbnailUrl":"https:\/\/diariotextual.com\/inicio\/wp-content\/uploads\/2018\/03\/hawkingstephen9.jpg","keywords":["hawking"],"articleSection":["A - QUE PASA (al costado)","MUNDO"],"inLanguage":"es","potentialAction":[{"@type":"CommentAction","name":"Comment","target":["https:\/\/diariotextual.com\/inicio\/index.php\/2018\/03\/14\/murio-fisico-stephen-hawking\/#respond"]}]},{"@type":"WebPage","@id":"https:\/\/diariotextual.com\/inicio\/index.php\/2018\/03\/14\/murio-fisico-stephen-hawking\/","url":"https:\/\/diariotextual.com\/inicio\/index.php\/2018\/03\/14\/murio-fisico-stephen-hawking\/","name":"Muri\u00f3 el f\u00edsico Stephen Hawking - Diario Textual","isPartOf":{"@id":"https:\/\/diariotextual.com\/inicio\/#website"},"primaryImageOfPage":{"@id":"https:\/\/diariotextual.com\/inicio\/index.php\/2018\/03\/14\/murio-fisico-stephen-hawking\/#primaryimage"},"image":{"@id":"https:\/\/diariotextual.com\/inicio\/index.php\/2018\/03\/14\/murio-fisico-stephen-hawking\/#primaryimage"},"thumbnailUrl":"https:\/\/diariotextual.com\/inicio\/wp-content\/uploads\/2018\/03\/hawkingstephen9.jpg","datePublished":"2018-03-14T10:34:13+00:00","dateModified":"2018-03-14T14:48:33+00:00","breadcrumb":{"@id":"https:\/\/diariotextual.com\/inicio\/index.php\/2018\/03\/14\/murio-fisico-stephen-hawking\/#breadcrumb"},"inLanguage":"es","potentialAction":[{"@type":"ReadAction","target":["https:\/\/diariotextual.com\/inicio\/index.php\/2018\/03\/14\/murio-fisico-stephen-hawking\/"]}]},{"@type":"ImageObject","inLanguage":"es","@id":"https:\/\/diariotextual.com\/inicio\/index.php\/2018\/03\/14\/murio-fisico-stephen-hawking\/#primaryimage","url":"https:\/\/diariotextual.com\/inicio\/wp-content\/uploads\/2018\/03\/hawkingstephen9.jpg","contentUrl":"https:\/\/diariotextual.com\/inicio\/wp-content\/uploads\/2018\/03\/hawkingstephen9.jpg","width":886,"height":560},{"@type":"BreadcrumbList","@id":"https:\/\/diariotextual.com\/inicio\/index.php\/2018\/03\/14\/murio-fisico-stephen-hawking\/#breadcrumb","itemListElement":[{"@type":"ListItem","position":1,"name":"Portada","item":"https:\/\/diariotextual.com\/inicio\/"},{"@type":"ListItem","position":2,"name":"Muri\u00f3 el f\u00edsico Stephen Hawking"}]},{"@type":"WebSite","@id":"https:\/\/diariotextual.com\/inicio\/#website","url":"https:\/\/diariotextual.com\/inicio\/","name":"Diario Textual","description":"","publisher":{"@id":"https:\/\/diariotextual.com\/inicio\/#organization"},"potentialAction":[{"@type":"SearchAction","target":{"@type":"EntryPoint","urlTemplate":"https:\/\/diariotextual.com\/inicio\/?s={search_term_string}"},"query-input":{"@type":"PropertyValueSpecification","valueRequired":true,"valueName":"search_term_string"}}],"inLanguage":"es"},{"@type":"Organization","@id":"https:\/\/diariotextual.com\/inicio\/#organization","name":"Diario Textual","url":"https:\/\/diariotextual.com\/inicio\/","logo":{"@type":"ImageObject","inLanguage":"es","@id":"https:\/\/diariotextual.com\/inicio\/#\/schema\/logo\/image\/","url":"https:\/\/diariotextual.com\/inicio\/wp-content\/uploads\/2023\/05\/logotextual1.jpg","contentUrl":"https:\/\/diariotextual.com\/inicio\/wp-content\/uploads\/2023\/05\/logotextual1.jpg","width":516,"height":76,"caption":"Diario Textual"},"image":{"@id":"https:\/\/diariotextual.com\/inicio\/#\/schema\/logo\/image\/"},"sameAs":["https:\/\/www.facebook.com\/eltextual","https:\/\/x.com\/eltextual","http:\/\/www.instagram.com\/eltextual"]},{"@type":"Person","@id":"https:\/\/diariotextual.com\/inicio\/#\/schema\/person\/418fc4093c33e86ed41562db3508f958","name":"Diario1 Diario1","image":{"@type":"ImageObject","inLanguage":"es","@id":"https:\/\/secure.gravatar.com\/avatar\/9167d280179c85bc18be67aa7eda765854300033af4896dd779b608640f2ef7a?s=96&d=mm&r=g","url":"https:\/\/secure.gravatar.com\/avatar\/9167d280179c85bc18be67aa7eda765854300033af4896dd779b608640f2ef7a?s=96&d=mm&r=g","contentUrl":"https:\/\/secure.gravatar.com\/avatar\/9167d280179c85bc18be67aa7eda765854300033af4896dd779b608640f2ef7a?s=96&d=mm&r=g","caption":"Diario1 Diario1"},"url":"https:\/\/diariotextual.com\/inicio\/index.php\/author\/diario1\/"}]}},"_links":{"self":[{"href":"https:\/\/diariotextual.com\/inicio\/index.php\/wp-json\/wp\/v2\/posts\/1561","targetHints":{"allow":["GET"]}}],"collection":[{"href":"https:\/\/diariotextual.com\/inicio\/index.php\/wp-json\/wp\/v2\/posts"}],"about":[{"href":"https:\/\/diariotextual.com\/inicio\/index.php\/wp-json\/wp\/v2\/types\/post"}],"author":[{"embeddable":true,"href":"https:\/\/diariotextual.com\/inicio\/index.php\/wp-json\/wp\/v2\/users\/3"}],"replies":[{"embeddable":true,"href":"https:\/\/diariotextual.com\/inicio\/index.php\/wp-json\/wp\/v2\/comments?post=1561"}],"version-history":[{"count":2,"href":"https:\/\/diariotextual.com\/inicio\/index.php\/wp-json\/wp\/v2\/posts\/1561\/revisions"}],"predecessor-version":[{"id":1564,"href":"https:\/\/diariotextual.com\/inicio\/index.php\/wp-json\/wp\/v2\/posts\/1561\/revisions\/1564"}],"wp:featuredmedia":[{"embeddable":true,"href":"https:\/\/diariotextual.com\/inicio\/index.php\/wp-json\/wp\/v2\/media\/1563"}],"wp:attachment":[{"href":"https:\/\/diariotextual.com\/inicio\/index.php\/wp-json\/wp\/v2\/media?parent=1561"}],"wp:term":[{"taxonomy":"category","embeddable":true,"href":"https:\/\/diariotextual.com\/inicio\/index.php\/wp-json\/wp\/v2\/categories?post=1561"},{"taxonomy":"post_tag","embeddable":true,"href":"https:\/\/diariotextual.com\/inicio\/index.php\/wp-json\/wp\/v2\/tags?post=1561"}],"curies":[{"name":"wp","href":"https:\/\/api.w.org\/{rel}","templated":true}]}}