{"id":156212,"date":"2021-07-30T20:57:41","date_gmt":"2021-07-30T23:57:41","guid":{"rendered":"https:\/\/diariotextual.com\/inicio\/?p=156212"},"modified":"2021-07-31T16:48:04","modified_gmt":"2021-07-31T19:48:04","slug":"ziliotto-le-pone-fin-a-las-dispensas-si-tienen-una-vacuna-vuelven-al-trabajo-presencial","status":"publish","type":"post","link":"https:\/\/diariotextual.com\/inicio\/index.php\/2021\/07\/30\/ziliotto-le-pone-fin-a-las-dispensas-si-tienen-una-vacuna-vuelven-al-trabajo-presencial\/","title":{"rendered":"Ziliotto le pone fin a las dispensas: si tienen una vacuna, vuelven al trabajo presencial"},"content":{"rendered":"\n<p>El Gobierno de <strong>Sergio Ziliotto <\/strong>le empez\u00f3 a<strong> poner fin a las dispensas o permisos <\/strong>para<strong> no trabajar en forma presencial en los organismos del Estado<\/strong> a ra\u00edz de la pandemia de coronavirus. Este viernes, a trav\u00e9s del Decreto 2412,<strong> estableci\u00f3 que desde el 17 de agosto los empleados con dispensas deber\u00e1n volver a sus lugares de trabajo si tienen al menos una dosis de las vacunas contra el coronavirus.<\/strong><\/p>\n\n\n\n<p><strong>El objetivo de las dispensas del deber de asistencia al lugar de trabajo era evitar la propagaci\u00f3n del virus. <\/strong>Es decir, <strong>deb\u00edan trabajar en forma remota<\/strong> desde sus casas.<\/p>\n\n\n\n<p>Ahora, con el avance de la vacunaci\u00f3n, <strong>se empieza a normalizar el funcionamiento de los organismos <\/strong>del Estado.<\/p>\n\n\n\n<p>\u201cAutor\u00edzase a los Jefes de Jurisdicci\u00f3n Presupuestaria y a los Titulares de los Entes Aut\u00e1rquicos y Descentralizados de la Administraci\u00f3n P\u00fablica Provincial, a convocar al retorno a la actividad laboral presencial a los agentes bajo su dependencia alcanzados por la licencia excepcional y dispensa de asistir al lugar de trabajo prevista en el art\u00edculo 4\u00ba del Decreto N\u00ba 555\/20, siempre que hubieren recibido al menos la primera dosis de cualquiera de las vacunas destinadas a generar inmunidad adquirida contra el COVID-19 autorizadas para su uso en la Rep\u00fablica Argentina\u201d, se indica en el decreto al que accedi\u00f3<strong> Diario Textual<\/strong>.<\/p>\n\n\n\n<figure class=\"wp-block-image size-large\"><img fetchpriority=\"high\" decoding=\"async\" width=\"349\" height=\"498\" src=\"https:\/\/diariotextual.com\/inicio\/wp-content\/uploads\/2021\/07\/dispensasdecreto2021-1.jpg\" alt=\"\" class=\"wp-image-156216\" srcset=\"https:\/\/diariotextual.com\/inicio\/wp-content\/uploads\/2021\/07\/dispensasdecreto2021-1.jpg 349w, https:\/\/diariotextual.com\/inicio\/wp-content\/uploads\/2021\/07\/dispensasdecreto2021-1-210x300.jpg 210w\" sizes=\"(max-width: 349px) 100vw, 349px\" \/><\/figure>\n\n\n\n<p>Para eso, <strong>deber\u00e1n transcurrir 21 d\u00edas entre la inoculaci\u00f3n y el inicio de la prestaci\u00f3n presencial<\/strong>.<\/p>\n\n\n\n<p>En el art\u00edculo 2 se refiere a los trabajadores del Ministerio de Salud que tienen \u201calto riesgo de exposici\u00f3n\u201d al virus. Estos deber\u00e1n tener las dos dosis para volver a trabajar en forma presencial. \u201cEstabl\u00e9cese que los agentes pertenecientes al Ministerio de Salud con alto riesgo de exposici\u00f3n, alcanzados por la licencia excepcional y dispensados del deber de asistencia al lugar de trabajo por encontrarse comprendidos en el art\u00edculo 4\u00b0 del Decreto N\u00b0 555\/20, podr\u00e1n ser convocados a prestar servicios de car\u00e1cter presencial, transcurridos los 21 d\u00edas de haber completado el esquema de vacunaci\u00f3n en su totalidad\u201d, sostiene el decreto.<\/p>\n\n\n\n<p>Hay excepciones. Seguir\u00e1n con estos permisos, por ejemplo, las personas que tienen HIV; las que deben usar medicaci\u00f3n inmunosupresora o corticoides; las que tienen inmunodeficiencia cong\u00e9nita; las que sufren desnutrici\u00f3n grave; y las que han sido trasplantados o son pacientes oncohematol\u00f3gicos.<\/p>\n\n\n\n<p><strong>La medida, seg\u00fan se estableci\u00f3, entrar\u00e1 en vigencia el 17 de agosto.<\/strong><\/p>\n\n\n\n<p><\/p>\n","protected":false},"excerpt":{"rendered":"<p>El Gobierno de Sergio Ziliotto le empez\u00f3 a poner fin a las dispensas o permisos para no trabajar en forma presencial en los organismos del Estado a ra\u00edz de la&hellip;<\/p>\n","protected":false},"author":3,"featured_media":97055,"comment_status":"closed","ping_status":"open","sticky":false,"template":"","format":"standard","meta":{"_acf_changed":false,"footnotes":""},"categories":[11,8],"tags":[5087,424],"class_list":["post-156212","post","type-post","status-publish","format-standard","has-post-thumbnail","hentry","category-que-pasa","category-politica","tag-dispensas","tag-ziliotto"],"acf":[],"yoast_head":"<!-- This site is optimized with the Yoast SEO plugin v27.5 - https:\/\/yoast.com\/product\/yoast-seo-wordpress\/ -->\n<title>Ziliotto le pone fin a las dispensas: si tienen una vacuna, vuelven al trabajo presencial - Diario Textual<\/title>\n<meta name=\"robots\" content=\"index, follow, max-snippet:-1, max-image-preview:large, max-video-preview:-1\" \/>\n<link rel=\"canonical\" href=\"https:\/\/diariotextual.com\/inicio\/index.php\/2021\/07\/30\/ziliotto-le-pone-fin-a-las-dispensas-si-tienen-una-vacuna-vuelven-al-trabajo-presencial\/\" \/>\n<meta property=\"og:locale\" content=\"es_ES\" \/>\n<meta property=\"og:type\" content=\"article\" \/>\n<meta property=\"og:title\" content=\"Ziliotto le pone fin a las dispensas: si tienen una vacuna, vuelven al trabajo presencial - Diario Textual\" \/>\n<meta property=\"og:description\" content=\"El Gobierno de Sergio Ziliotto le empez\u00f3 a poner fin a las dispensas o permisos para no trabajar en forma presencial en los organismos del Estado a ra\u00edz de la&hellip;\" \/>\n<meta property=\"og:url\" content=\"https:\/\/diariotextual.com\/inicio\/index.php\/2021\/07\/30\/ziliotto-le-pone-fin-a-las-dispensas-si-tienen-una-vacuna-vuelven-al-trabajo-presencial\/\" \/>\n<meta property=\"og:site_name\" content=\"Diario Textual\" \/>\n<meta property=\"article:publisher\" content=\"https:\/\/www.facebook.com\/eltextual\" \/>\n<meta property=\"article:published_time\" content=\"2021-07-30T23:57:41+00:00\" \/>\n<meta property=\"article:modified_time\" content=\"2021-07-31T19:48:04+00:00\" \/>\n<meta property=\"og:image\" content=\"https:\/\/diariotextual.com\/inicio\/wp-content\/uploads\/2020\/06\/ziliottosergio2020-3002-1024x682.jpg\" \/>\n\t<meta property=\"og:image:width\" content=\"1024\" \/>\n\t<meta property=\"og:image:height\" content=\"682\" \/>\n\t<meta property=\"og:image:type\" content=\"image\/jpeg\" \/>\n<meta name=\"author\" content=\"Diario1 Diario1\" \/>\n<meta name=\"twitter:card\" content=\"summary_large_image\" \/>\n<meta name=\"twitter:creator\" content=\"@eltextual\" \/>\n<meta name=\"twitter:site\" content=\"@eltextual\" \/>\n<meta name=\"twitter:label1\" content=\"Escrito por\" \/>\n\t<meta name=\"twitter:data1\" content=\"Diario1 Diario1\" \/>\n\t<meta name=\"twitter:label2\" content=\"Tiempo de lectura\" \/>\n\t<meta name=\"twitter:data2\" content=\"2 minutos\" \/>\n<script type=\"application\/ld+json\" class=\"yoast-schema-graph\">{\"@context\":\"https:\\\/\\\/schema.org\",\"@graph\":[{\"@type\":\"Article\",\"@id\":\"https:\\\/\\\/diariotextual.com\\\/inicio\\\/index.php\\\/2021\\\/07\\\/30\\\/ziliotto-le-pone-fin-a-las-dispensas-si-tienen-una-vacuna-vuelven-al-trabajo-presencial\\\/#article\",\"isPartOf\":{\"@id\":\"https:\\\/\\\/diariotextual.com\\\/inicio\\\/index.php\\\/2021\\\/07\\\/30\\\/ziliotto-le-pone-fin-a-las-dispensas-si-tienen-una-vacuna-vuelven-al-trabajo-presencial\\\/\"},\"author\":{\"name\":\"Diario1 Diario1\",\"@id\":\"https:\\\/\\\/diariotextual.com\\\/inicio\\\/#\\\/schema\\\/person\\\/418fc4093c33e86ed41562db3508f958\"},\"headline\":\"Ziliotto le pone fin a las dispensas: si tienen una vacuna, vuelven al trabajo presencial\",\"datePublished\":\"2021-07-30T23:57:41+00:00\",\"dateModified\":\"2021-07-31T19:48:04+00:00\",\"mainEntityOfPage\":{\"@id\":\"https:\\\/\\\/diariotextual.com\\\/inicio\\\/index.php\\\/2021\\\/07\\\/30\\\/ziliotto-le-pone-fin-a-las-dispensas-si-tienen-una-vacuna-vuelven-al-trabajo-presencial\\\/\"},\"wordCount\":423,\"publisher\":{\"@id\":\"https:\\\/\\\/diariotextual.com\\\/inicio\\\/#organization\"},\"image\":{\"@id\":\"https:\\\/\\\/diariotextual.com\\\/inicio\\\/index.php\\\/2021\\\/07\\\/30\\\/ziliotto-le-pone-fin-a-las-dispensas-si-tienen-una-vacuna-vuelven-al-trabajo-presencial\\\/#primaryimage\"},\"thumbnailUrl\":\"https:\\\/\\\/diariotextual.com\\\/inicio\\\/wp-content\\\/uploads\\\/2020\\\/06\\\/ziliottosergio2020-3002.jpg\",\"keywords\":[\"dispensas\",\"ziliotto\"],\"articleSection\":[\"A - QUE PASA (al costado)\",\"POLITICA\"],\"inLanguage\":\"es\"},{\"@type\":\"WebPage\",\"@id\":\"https:\\\/\\\/diariotextual.com\\\/inicio\\\/index.php\\\/2021\\\/07\\\/30\\\/ziliotto-le-pone-fin-a-las-dispensas-si-tienen-una-vacuna-vuelven-al-trabajo-presencial\\\/\",\"url\":\"https:\\\/\\\/diariotextual.com\\\/inicio\\\/index.php\\\/2021\\\/07\\\/30\\\/ziliotto-le-pone-fin-a-las-dispensas-si-tienen-una-vacuna-vuelven-al-trabajo-presencial\\\/\",\"name\":\"Ziliotto le pone fin a las dispensas: si tienen una vacuna, vuelven al trabajo presencial - Diario Textual\",\"isPartOf\":{\"@id\":\"https:\\\/\\\/diariotextual.com\\\/inicio\\\/#website\"},\"primaryImageOfPage\":{\"@id\":\"https:\\\/\\\/diariotextual.com\\\/inicio\\\/index.php\\\/2021\\\/07\\\/30\\\/ziliotto-le-pone-fin-a-las-dispensas-si-tienen-una-vacuna-vuelven-al-trabajo-presencial\\\/#primaryimage\"},\"image\":{\"@id\":\"https:\\\/\\\/diariotextual.com\\\/inicio\\\/index.php\\\/2021\\\/07\\\/30\\\/ziliotto-le-pone-fin-a-las-dispensas-si-tienen-una-vacuna-vuelven-al-trabajo-presencial\\\/#primaryimage\"},\"thumbnailUrl\":\"https:\\\/\\\/diariotextual.com\\\/inicio\\\/wp-content\\\/uploads\\\/2020\\\/06\\\/ziliottosergio2020-3002.jpg\",\"datePublished\":\"2021-07-30T23:57:41+00:00\",\"dateModified\":\"2021-07-31T19:48:04+00:00\",\"breadcrumb\":{\"@id\":\"https:\\\/\\\/diariotextual.com\\\/inicio\\\/index.php\\\/2021\\\/07\\\/30\\\/ziliotto-le-pone-fin-a-las-dispensas-si-tienen-una-vacuna-vuelven-al-trabajo-presencial\\\/#breadcrumb\"},\"inLanguage\":\"es\",\"potentialAction\":[{\"@type\":\"ReadAction\",\"target\":[\"https:\\\/\\\/diariotextual.com\\\/inicio\\\/index.php\\\/2021\\\/07\\\/30\\\/ziliotto-le-pone-fin-a-las-dispensas-si-tienen-una-vacuna-vuelven-al-trabajo-presencial\\\/\"]}]},{\"@type\":\"ImageObject\",\"inLanguage\":\"es\",\"@id\":\"https:\\\/\\\/diariotextual.com\\\/inicio\\\/index.php\\\/2021\\\/07\\\/30\\\/ziliotto-le-pone-fin-a-las-dispensas-si-tienen-una-vacuna-vuelven-al-trabajo-presencial\\\/#primaryimage\",\"url\":\"https:\\\/\\\/diariotextual.com\\\/inicio\\\/wp-content\\\/uploads\\\/2020\\\/06\\\/ziliottosergio2020-3002.jpg\",\"contentUrl\":\"https:\\\/\\\/diariotextual.com\\\/inicio\\\/wp-content\\\/uploads\\\/2020\\\/06\\\/ziliottosergio2020-3002.jpg\",\"width\":2000,\"height\":1333},{\"@type\":\"BreadcrumbList\",\"@id\":\"https:\\\/\\\/diariotextual.com\\\/inicio\\\/index.php\\\/2021\\\/07\\\/30\\\/ziliotto-le-pone-fin-a-las-dispensas-si-tienen-una-vacuna-vuelven-al-trabajo-presencial\\\/#breadcrumb\",\"itemListElement\":[{\"@type\":\"ListItem\",\"position\":1,\"name\":\"Portada\",\"item\":\"https:\\\/\\\/diariotextual.com\\\/inicio\\\/\"},{\"@type\":\"ListItem\",\"position\":2,\"name\":\"Ziliotto le pone fin a las dispensas: si tienen una vacuna, vuelven al trabajo presencial\"}]},{\"@type\":\"WebSite\",\"@id\":\"https:\\\/\\\/diariotextual.com\\\/inicio\\\/#website\",\"url\":\"https:\\\/\\\/diariotextual.com\\\/inicio\\\/\",\"name\":\"Diario Textual\",\"description\":\"\",\"publisher\":{\"@id\":\"https:\\\/\\\/diariotextual.com\\\/inicio\\\/#organization\"},\"potentialAction\":[{\"@type\":\"SearchAction\",\"target\":{\"@type\":\"EntryPoint\",\"urlTemplate\":\"https:\\\/\\\/diariotextual.com\\\/inicio\\\/?s={search_term_string}\"},\"query-input\":{\"@type\":\"PropertyValueSpecification\",\"valueRequired\":true,\"valueName\":\"search_term_string\"}}],\"inLanguage\":\"es\"},{\"@type\":\"Organization\",\"@id\":\"https:\\\/\\\/diariotextual.com\\\/inicio\\\/#organization\",\"name\":\"Diario Textual\",\"url\":\"https:\\\/\\\/diariotextual.com\\\/inicio\\\/\",\"logo\":{\"@type\":\"ImageObject\",\"inLanguage\":\"es\",\"@id\":\"https:\\\/\\\/diariotextual.com\\\/inicio\\\/#\\\/schema\\\/logo\\\/image\\\/\",\"url\":\"https:\\\/\\\/diariotextual.com\\\/inicio\\\/wp-content\\\/uploads\\\/2023\\\/05\\\/logotextual1.jpg\",\"contentUrl\":\"https:\\\/\\\/diariotextual.com\\\/inicio\\\/wp-content\\\/uploads\\\/2023\\\/05\\\/logotextual1.jpg\",\"width\":516,\"height\":76,\"caption\":\"Diario Textual\"},\"image\":{\"@id\":\"https:\\\/\\\/diariotextual.com\\\/inicio\\\/#\\\/schema\\\/logo\\\/image\\\/\"},\"sameAs\":[\"https:\\\/\\\/www.facebook.com\\\/eltextual\",\"https:\\\/\\\/x.com\\\/eltextual\",\"http:\\\/\\\/www.instagram.com\\\/eltextual\"]},{\"@type\":\"Person\",\"@id\":\"https:\\\/\\\/diariotextual.com\\\/inicio\\\/#\\\/schema\\\/person\\\/418fc4093c33e86ed41562db3508f958\",\"name\":\"Diario1 Diario1\",\"image\":{\"@type\":\"ImageObject\",\"inLanguage\":\"es\",\"@id\":\"https:\\\/\\\/secure.gravatar.com\\\/avatar\\\/9167d280179c85bc18be67aa7eda765854300033af4896dd779b608640f2ef7a?s=96&d=mm&r=g\",\"url\":\"https:\\\/\\\/secure.gravatar.com\\\/avatar\\\/9167d280179c85bc18be67aa7eda765854300033af4896dd779b608640f2ef7a?s=96&d=mm&r=g\",\"contentUrl\":\"https:\\\/\\\/secure.gravatar.com\\\/avatar\\\/9167d280179c85bc18be67aa7eda765854300033af4896dd779b608640f2ef7a?s=96&d=mm&r=g\",\"caption\":\"Diario1 Diario1\"},\"url\":\"https:\\\/\\\/diariotextual.com\\\/inicio\\\/index.php\\\/author\\\/diario1\\\/\"}]}<\/script>\n<!-- \/ Yoast SEO plugin. -->","yoast_head_json":{"title":"Ziliotto le pone fin a las dispensas: si tienen una vacuna, vuelven al trabajo presencial - Diario Textual","robots":{"index":"index","follow":"follow","max-snippet":"max-snippet:-1","max-image-preview":"max-image-preview:large","max-video-preview":"max-video-preview:-1"},"canonical":"https:\/\/diariotextual.com\/inicio\/index.php\/2021\/07\/30\/ziliotto-le-pone-fin-a-las-dispensas-si-tienen-una-vacuna-vuelven-al-trabajo-presencial\/","og_locale":"es_ES","og_type":"article","og_title":"Ziliotto le pone fin a las dispensas: si tienen una vacuna, vuelven al trabajo presencial - Diario Textual","og_description":"El Gobierno de Sergio Ziliotto le empez\u00f3 a poner fin a las dispensas o permisos para no trabajar en forma presencial en los organismos del Estado a ra\u00edz de la&hellip;","og_url":"https:\/\/diariotextual.com\/inicio\/index.php\/2021\/07\/30\/ziliotto-le-pone-fin-a-las-dispensas-si-tienen-una-vacuna-vuelven-al-trabajo-presencial\/","og_site_name":"Diario Textual","article_publisher":"https:\/\/www.facebook.com\/eltextual","article_published_time":"2021-07-30T23:57:41+00:00","article_modified_time":"2021-07-31T19:48:04+00:00","og_image":[{"width":1024,"height":682,"url":"https:\/\/diariotextual.com\/inicio\/wp-content\/uploads\/2020\/06\/ziliottosergio2020-3002-1024x682.jpg","type":"image\/jpeg"}],"author":"Diario1 Diario1","twitter_card":"summary_large_image","twitter_creator":"@eltextual","twitter_site":"@eltextual","twitter_misc":{"Escrito por":"Diario1 Diario1","Tiempo de lectura":"2 minutos"},"schema":{"@context":"https:\/\/schema.org","@graph":[{"@type":"Article","@id":"https:\/\/diariotextual.com\/inicio\/index.php\/2021\/07\/30\/ziliotto-le-pone-fin-a-las-dispensas-si-tienen-una-vacuna-vuelven-al-trabajo-presencial\/#article","isPartOf":{"@id":"https:\/\/diariotextual.com\/inicio\/index.php\/2021\/07\/30\/ziliotto-le-pone-fin-a-las-dispensas-si-tienen-una-vacuna-vuelven-al-trabajo-presencial\/"},"author":{"name":"Diario1 Diario1","@id":"https:\/\/diariotextual.com\/inicio\/#\/schema\/person\/418fc4093c33e86ed41562db3508f958"},"headline":"Ziliotto le pone fin a las dispensas: si tienen una vacuna, vuelven al trabajo presencial","datePublished":"2021-07-30T23:57:41+00:00","dateModified":"2021-07-31T19:48:04+00:00","mainEntityOfPage":{"@id":"https:\/\/diariotextual.com\/inicio\/index.php\/2021\/07\/30\/ziliotto-le-pone-fin-a-las-dispensas-si-tienen-una-vacuna-vuelven-al-trabajo-presencial\/"},"wordCount":423,"publisher":{"@id":"https:\/\/diariotextual.com\/inicio\/#organization"},"image":{"@id":"https:\/\/diariotextual.com\/inicio\/index.php\/2021\/07\/30\/ziliotto-le-pone-fin-a-las-dispensas-si-tienen-una-vacuna-vuelven-al-trabajo-presencial\/#primaryimage"},"thumbnailUrl":"https:\/\/diariotextual.com\/inicio\/wp-content\/uploads\/2020\/06\/ziliottosergio2020-3002.jpg","keywords":["dispensas","ziliotto"],"articleSection":["A - QUE PASA (al costado)","POLITICA"],"inLanguage":"es"},{"@type":"WebPage","@id":"https:\/\/diariotextual.com\/inicio\/index.php\/2021\/07\/30\/ziliotto-le-pone-fin-a-las-dispensas-si-tienen-una-vacuna-vuelven-al-trabajo-presencial\/","url":"https:\/\/diariotextual.com\/inicio\/index.php\/2021\/07\/30\/ziliotto-le-pone-fin-a-las-dispensas-si-tienen-una-vacuna-vuelven-al-trabajo-presencial\/","name":"Ziliotto le pone fin a las dispensas: si tienen una vacuna, vuelven al trabajo presencial - Diario Textual","isPartOf":{"@id":"https:\/\/diariotextual.com\/inicio\/#website"},"primaryImageOfPage":{"@id":"https:\/\/diariotextual.com\/inicio\/index.php\/2021\/07\/30\/ziliotto-le-pone-fin-a-las-dispensas-si-tienen-una-vacuna-vuelven-al-trabajo-presencial\/#primaryimage"},"image":{"@id":"https:\/\/diariotextual.com\/inicio\/index.php\/2021\/07\/30\/ziliotto-le-pone-fin-a-las-dispensas-si-tienen-una-vacuna-vuelven-al-trabajo-presencial\/#primaryimage"},"thumbnailUrl":"https:\/\/diariotextual.com\/inicio\/wp-content\/uploads\/2020\/06\/ziliottosergio2020-3002.jpg","datePublished":"2021-07-30T23:57:41+00:00","dateModified":"2021-07-31T19:48:04+00:00","breadcrumb":{"@id":"https:\/\/diariotextual.com\/inicio\/index.php\/2021\/07\/30\/ziliotto-le-pone-fin-a-las-dispensas-si-tienen-una-vacuna-vuelven-al-trabajo-presencial\/#breadcrumb"},"inLanguage":"es","potentialAction":[{"@type":"ReadAction","target":["https:\/\/diariotextual.com\/inicio\/index.php\/2021\/07\/30\/ziliotto-le-pone-fin-a-las-dispensas-si-tienen-una-vacuna-vuelven-al-trabajo-presencial\/"]}]},{"@type":"ImageObject","inLanguage":"es","@id":"https:\/\/diariotextual.com\/inicio\/index.php\/2021\/07\/30\/ziliotto-le-pone-fin-a-las-dispensas-si-tienen-una-vacuna-vuelven-al-trabajo-presencial\/#primaryimage","url":"https:\/\/diariotextual.com\/inicio\/wp-content\/uploads\/2020\/06\/ziliottosergio2020-3002.jpg","contentUrl":"https:\/\/diariotextual.com\/inicio\/wp-content\/uploads\/2020\/06\/ziliottosergio2020-3002.jpg","width":2000,"height":1333},{"@type":"BreadcrumbList","@id":"https:\/\/diariotextual.com\/inicio\/index.php\/2021\/07\/30\/ziliotto-le-pone-fin-a-las-dispensas-si-tienen-una-vacuna-vuelven-al-trabajo-presencial\/#breadcrumb","itemListElement":[{"@type":"ListItem","position":1,"name":"Portada","item":"https:\/\/diariotextual.com\/inicio\/"},{"@type":"ListItem","position":2,"name":"Ziliotto le pone fin a las dispensas: si tienen una vacuna, vuelven al trabajo presencial"}]},{"@type":"WebSite","@id":"https:\/\/diariotextual.com\/inicio\/#website","url":"https:\/\/diariotextual.com\/inicio\/","name":"Diario Textual","description":"","publisher":{"@id":"https:\/\/diariotextual.com\/inicio\/#organization"},"potentialAction":[{"@type":"SearchAction","target":{"@type":"EntryPoint","urlTemplate":"https:\/\/diariotextual.com\/inicio\/?s={search_term_string}"},"query-input":{"@type":"PropertyValueSpecification","valueRequired":true,"valueName":"search_term_string"}}],"inLanguage":"es"},{"@type":"Organization","@id":"https:\/\/diariotextual.com\/inicio\/#organization","name":"Diario Textual","url":"https:\/\/diariotextual.com\/inicio\/","logo":{"@type":"ImageObject","inLanguage":"es","@id":"https:\/\/diariotextual.com\/inicio\/#\/schema\/logo\/image\/","url":"https:\/\/diariotextual.com\/inicio\/wp-content\/uploads\/2023\/05\/logotextual1.jpg","contentUrl":"https:\/\/diariotextual.com\/inicio\/wp-content\/uploads\/2023\/05\/logotextual1.jpg","width":516,"height":76,"caption":"Diario Textual"},"image":{"@id":"https:\/\/diariotextual.com\/inicio\/#\/schema\/logo\/image\/"},"sameAs":["https:\/\/www.facebook.com\/eltextual","https:\/\/x.com\/eltextual","http:\/\/www.instagram.com\/eltextual"]},{"@type":"Person","@id":"https:\/\/diariotextual.com\/inicio\/#\/schema\/person\/418fc4093c33e86ed41562db3508f958","name":"Diario1 Diario1","image":{"@type":"ImageObject","inLanguage":"es","@id":"https:\/\/secure.gravatar.com\/avatar\/9167d280179c85bc18be67aa7eda765854300033af4896dd779b608640f2ef7a?s=96&d=mm&r=g","url":"https:\/\/secure.gravatar.com\/avatar\/9167d280179c85bc18be67aa7eda765854300033af4896dd779b608640f2ef7a?s=96&d=mm&r=g","contentUrl":"https:\/\/secure.gravatar.com\/avatar\/9167d280179c85bc18be67aa7eda765854300033af4896dd779b608640f2ef7a?s=96&d=mm&r=g","caption":"Diario1 Diario1"},"url":"https:\/\/diariotextual.com\/inicio\/index.php\/author\/diario1\/"}]}},"_links":{"self":[{"href":"https:\/\/diariotextual.com\/inicio\/index.php\/wp-json\/wp\/v2\/posts\/156212","targetHints":{"allow":["GET"]}}],"collection":[{"href":"https:\/\/diariotextual.com\/inicio\/index.php\/wp-json\/wp\/v2\/posts"}],"about":[{"href":"https:\/\/diariotextual.com\/inicio\/index.php\/wp-json\/wp\/v2\/types\/post"}],"author":[{"embeddable":true,"href":"https:\/\/diariotextual.com\/inicio\/index.php\/wp-json\/wp\/v2\/users\/3"}],"replies":[{"embeddable":true,"href":"https:\/\/diariotextual.com\/inicio\/index.php\/wp-json\/wp\/v2\/comments?post=156212"}],"version-history":[{"count":5,"href":"https:\/\/diariotextual.com\/inicio\/index.php\/wp-json\/wp\/v2\/posts\/156212\/revisions"}],"predecessor-version":[{"id":156218,"href":"https:\/\/diariotextual.com\/inicio\/index.php\/wp-json\/wp\/v2\/posts\/156212\/revisions\/156218"}],"wp:featuredmedia":[{"embeddable":true,"href":"https:\/\/diariotextual.com\/inicio\/index.php\/wp-json\/wp\/v2\/media\/97055"}],"wp:attachment":[{"href":"https:\/\/diariotextual.com\/inicio\/index.php\/wp-json\/wp\/v2\/media?parent=156212"}],"wp:term":[{"taxonomy":"category","embeddable":true,"href":"https:\/\/diariotextual.com\/inicio\/index.php\/wp-json\/wp\/v2\/categories?post=156212"},{"taxonomy":"post_tag","embeddable":true,"href":"https:\/\/diariotextual.com\/inicio\/index.php\/wp-json\/wp\/v2\/tags?post=156212"}],"curies":[{"name":"wp","href":"https:\/\/api.w.org\/{rel}","templated":true}]}}